{"id":10100,"date":"2025-06-18T13:35:00","date_gmt":"2025-06-18T13:35:00","guid":{"rendered":"https:\/\/automotiverevista.pt\/?p=10100"},"modified":"2025-06-13T17:20:44","modified_gmt":"2025-06-13T17:20:44","slug":"stellantis-consolida-pecas-renovadas-com-a-sustainera","status":"publish","type":"post","link":"https:\/\/automotiverevista.pt\/index.php\/2025\/06\/18\/stellantis-consolida-pecas-renovadas-com-a-sustainera\/","title":{"rendered":"Stellantis consolida pe\u00e7as renovadas com a Sustainera"},"content":{"rendered":"\n<p>Atrav\u00e9s da marca SUSTAINera, a Stellantis disponibiliza ao mercado oficinal pe\u00e7as de reposi\u00e7\u00e3o reconstru\u00eddas para autom\u00f3veis, com uma vasta gama de 12 mil refer\u00eancias de pe\u00e7as em mais de 40 linhas de produtos diferentes. O seu portef\u00f3lio inclui motores de arranque, alternadores, embraiagens, turbocompressores, injetores, pin\u00e7as de trav\u00e3o, m\u00f3dulos de controlo eletr\u00f3nico, unidades de controlo, multim\u00e9dia, dep\u00f3sito SCR, transmiss\u00f5es, motores e baterias de alta tens\u00e3o para ve\u00edculos el\u00e9tricos.<\/p>\n\n\n<div class=\"wp-block-image\">\n<figure class=\"alignleft size-large is-resized\"><img decoding=\"async\" width=\"1024\" height=\"683\" src=\"https:\/\/automotiverevista.pt\/wp-content\/uploads\/2025\/06\/IMG_3303-1024x683.jpg\" alt=\"\" class=\"wp-image-10103\" style=\"width:283px;height:auto\" srcset=\"https:\/\/automotiverevista.pt\/wp-content\/uploads\/2025\/06\/IMG_3303-1024x683.jpg 1024w, https:\/\/automotiverevista.pt\/wp-content\/uploads\/2025\/06\/IMG_3303-300x200.jpg 300w, https:\/\/automotiverevista.pt\/wp-content\/uploads\/2025\/06\/IMG_3303-768x512.jpg 768w, https:\/\/automotiverevista.pt\/wp-content\/uploads\/2025\/06\/IMG_3303-750x500.jpg 750w, https:\/\/automotiverevista.pt\/wp-content\/uploads\/2025\/06\/IMG_3303-1140x760.jpg 1140w, https:\/\/automotiverevista.pt\/wp-content\/uploads\/2025\/06\/IMG_3303.jpg 1500w\" sizes=\"(max-width: 1024px) 100vw, 1024px\" \/><\/figure>\n<\/div>\n\n\n<p>A reconstru\u00e7\u00e3o \u00e9 um processo industrial padronizado que prolonga a vida \u00fatil de um produto usado, restaurando-o de acordo com as especifica\u00e7\u00f5es do fabricante original (OEM) e com o mesmo desempenho e garantia das pe\u00e7as novas, dentro da oferta de Pe\u00e7as &amp; Servi\u00e7os da Stellantis. Esta fiabilidade \u00e9 um componente crucial da estrat\u00e9gia da <a href=\"https:\/\/automotiverevista.pt\/wp-content\/uploads\/2025\/05\/BannerWagner_750x150.jpg\">Stellantis <\/a>dentro da economia circular, principalmente para o mercado frotista.<\/p>\n\n\n\n<p>Na Autopromotec, a Stellantis e a Valeo intensificaram a coopera\u00e7\u00e3o na estrat\u00e9gia de economia circular com a apresenta\u00e7\u00e3o de dois novos produtos reconstru\u00eddos: o primeiro farol LED reconstru\u00eddo da Europa e o ecr\u00e3 de infoentretenimento reconstru\u00eddo.<\/p>\n\n\n<div class=\"wp-block-image\">\n<figure class=\"aligncenter size-large is-resized\"><img decoding=\"async\" width=\"1024\" height=\"683\" src=\"https:\/\/automotiverevista.pt\/wp-content\/uploads\/2025\/06\/IMG_3304-1024x683.jpg\" alt=\"\" class=\"wp-image-10102\" style=\"width:484px;height:auto\" srcset=\"https:\/\/automotiverevista.pt\/wp-content\/uploads\/2025\/06\/IMG_3304-1024x683.jpg 1024w, https:\/\/automotiverevista.pt\/wp-content\/uploads\/2025\/06\/IMG_3304-300x200.jpg 300w, https:\/\/automotiverevista.pt\/wp-content\/uploads\/2025\/06\/IMG_3304-768x512.jpg 768w, https:\/\/automotiverevista.pt\/wp-content\/uploads\/2025\/06\/IMG_3304-750x500.jpg 750w, https:\/\/automotiverevista.pt\/wp-content\/uploads\/2025\/06\/IMG_3304-1140x760.jpg 1140w, https:\/\/automotiverevista.pt\/wp-content\/uploads\/2025\/06\/IMG_3304.jpg 1500w\" sizes=\"(max-width: 1024px) 100vw, 1024px\" \/><\/figure>\n<\/div>","protected":false},"excerpt":{"rendered":"<p>Atrav\u00e9s da marca SUSTAINera, a Stellantis disponibiliza ao mercado oficinal pe\u00e7as de reposi\u00e7\u00e3o reconstru\u00eddas para autom\u00f3veis, com uma vasta gama de 12 mil refer\u00eancias de pe\u00e7as em mais de 40 linhas de produtos diferentes. O seu portef\u00f3lio inclui motores de arranque, alternadores, embraiagens, turbocompressores, injetores, pin\u00e7as de trav\u00e3o, m\u00f3dulos de controlo eletr\u00f3nico, unidades de controlo, [&hellip;]<\/p>\n","protected":false},"author":4,"featured_media":10107,"comment_status":"closed","ping_status":"open","sticky":false,"template":"","format":"standard","meta":{"jnews-multi-image_gallery":[],"jnews_single_post":{"format":"standard"},"jnews_primary_category":[],"footnotes":""},"categories":[21],"tags":[],"class_list":["post-10100","post","type-post","status-publish","format-standard","has-post-thumbnail","hentry","category-pos-venda"],"yoast_head":"<!-- This site is optimized with the Yoast SEO Premium plugin v27.5 (Yoast SEO v27.5) - https:\/\/yoast.com\/product\/yoast-seo-premium-wordpress\/ -->\n<title>Stellantis consolida pe\u00e7as renovadas com a Sustainera - Revista Automotive<\/title>\n<meta name=\"description\" content=\"Atrav\u00e9s da marca SUSTAINera, a Stellantis disponibiliza ao mercado oficinal pe\u00e7as de reposi\u00e7\u00e3o reconstru\u00eddas para autom\u00f3veis, com uma vasta ga\" \/>\n<meta name=\"robots\" content=\"index, follow, max-snippet:-1, max-image-preview:large, max-video-preview:-1\" \/>\n<link rel=\"canonical\" href=\"https:\/\/automotiverevista.pt\/index.php\/2025\/06\/18\/stellantis-consolida-pecas-renovadas-com-a-sustainera\/\" \/>\n<meta property=\"og:locale\" content=\"pt_PT\" \/>\n<meta property=\"og:type\" content=\"article\" \/>\n<meta property=\"og:title\" content=\"Stellantis consolida pe\u00e7as renovadas com a Sustainera\" \/>\n<meta property=\"og:description\" content=\"Atrav\u00e9s da marca SUSTAINera, a Stellantis disponibiliza ao mercado oficinal pe\u00e7as de reposi\u00e7\u00e3o reconstru\u00eddas para autom\u00f3veis, com uma vasta ga\" \/>\n<meta property=\"og:url\" content=\"https:\/\/automotiverevista.pt\/index.php\/2025\/06\/18\/stellantis-consolida-pecas-renovadas-com-a-sustainera\/\" \/>\n<meta property=\"og:site_name\" content=\"Revista Automotive\" \/>\n<meta property=\"article:published_time\" content=\"2025-06-18T13:35:00+00:00\" \/>\n<meta property=\"og:image\" content=\"https:\/\/automotiverevista.pt\/wp-content\/uploads\/2025\/06\/2-12.jpg\" \/>\n\t<meta property=\"og:image:width\" content=\"1400\" \/>\n\t<meta property=\"og:image:height\" content=\"933\" \/>\n\t<meta property=\"og:image:type\" content=\"image\/jpeg\" \/>\n<meta name=\"author\" content=\"Fatima Silva\" \/>\n<meta name=\"twitter:card\" content=\"summary_large_image\" \/>\n<meta name=\"twitter:label1\" content=\"Escrito por\" \/>\n\t<meta name=\"twitter:data1\" content=\"Fatima Silva\" \/>\n\t<meta name=\"twitter:label2\" content=\"Tempo estimado de leitura\" \/>\n\t<meta name=\"twitter:data2\" content=\"2 minutos\" \/>\n<script type=\"application\/ld+json\" class=\"yoast-schema-graph\">{\"@context\":\"https:\\\/\\\/schema.org\",\"@graph\":[{\"@type\":\"Article\",\"@id\":\"https:\\\/\\\/automotiverevista.pt\\\/index.php\\\/2025\\\/06\\\/18\\\/stellantis-consolida-pecas-renovadas-com-a-sustainera\\\/#article\",\"isPartOf\":{\"@id\":\"https:\\\/\\\/automotiverevista.pt\\\/index.php\\\/2025\\\/06\\\/18\\\/stellantis-consolida-pecas-renovadas-com-a-sustainera\\\/\"},\"author\":{\"name\":\"Fatima Silva\",\"@id\":\"https:\\\/\\\/automotiverevista.pt\\\/#\\\/schema\\\/person\\\/1e95eb12553b8edd256acb00fe6dad4b\"},\"headline\":\"Stellantis consolida pe\u00e7as renovadas com a Sustainera\",\"datePublished\":\"2025-06-18T13:35:00+00:00\",\"mainEntityOfPage\":{\"@id\":\"https:\\\/\\\/automotiverevista.pt\\\/index.php\\\/2025\\\/06\\\/18\\\/stellantis-consolida-pecas-renovadas-com-a-sustainera\\\/\"},\"wordCount\":202,\"publisher\":{\"@id\":\"https:\\\/\\\/automotiverevista.pt\\\/#organization\"},\"image\":{\"@id\":\"https:\\\/\\\/automotiverevista.pt\\\/index.php\\\/2025\\\/06\\\/18\\\/stellantis-consolida-pecas-renovadas-com-a-sustainera\\\/#primaryimage\"},\"thumbnailUrl\":\"https:\\\/\\\/automotiverevista.pt\\\/wp-content\\\/uploads\\\/2025\\\/06\\\/2-12.jpg\",\"articleSection\":[\"P\u00f3s-Venda\"],\"inLanguage\":\"pt-PT\"},{\"@type\":\"WebPage\",\"@id\":\"https:\\\/\\\/automotiverevista.pt\\\/index.php\\\/2025\\\/06\\\/18\\\/stellantis-consolida-pecas-renovadas-com-a-sustainera\\\/\",\"url\":\"https:\\\/\\\/automotiverevista.pt\\\/index.php\\\/2025\\\/06\\\/18\\\/stellantis-consolida-pecas-renovadas-com-a-sustainera\\\/\",\"name\":\"Stellantis consolida pe\u00e7as renovadas com a Sustainera - Revista Automotive\",\"isPartOf\":{\"@id\":\"https:\\\/\\\/automotiverevista.pt\\\/#website\"},\"primaryImageOfPage\":{\"@id\":\"https:\\\/\\\/automotiverevista.pt\\\/index.php\\\/2025\\\/06\\\/18\\\/stellantis-consolida-pecas-renovadas-com-a-sustainera\\\/#primaryimage\"},\"image\":{\"@id\":\"https:\\\/\\\/automotiverevista.pt\\\/index.php\\\/2025\\\/06\\\/18\\\/stellantis-consolida-pecas-renovadas-com-a-sustainera\\\/#primaryimage\"},\"thumbnailUrl\":\"https:\\\/\\\/automotiverevista.pt\\\/wp-content\\\/uploads\\\/2025\\\/06\\\/2-12.jpg\",\"datePublished\":\"2025-06-18T13:35:00+00:00\",\"description\":\"Atrav\u00e9s da marca SUSTAINera, a Stellantis disponibiliza ao mercado oficinal pe\u00e7as de reposi\u00e7\u00e3o reconstru\u00eddas para autom\u00f3veis, com uma vasta ga\",\"breadcrumb\":{\"@id\":\"https:\\\/\\\/automotiverevista.pt\\\/index.php\\\/2025\\\/06\\\/18\\\/stellantis-consolida-pecas-renovadas-com-a-sustainera\\\/#breadcrumb\"},\"inLanguage\":\"pt-PT\",\"potentialAction\":[{\"@type\":\"ReadAction\",\"target\":[\"https:\\\/\\\/automotiverevista.pt\\\/index.php\\\/2025\\\/06\\\/18\\\/stellantis-consolida-pecas-renovadas-com-a-sustainera\\\/\"]}]},{\"@type\":\"ImageObject\",\"inLanguage\":\"pt-PT\",\"@id\":\"https:\\\/\\\/automotiverevista.pt\\\/index.php\\\/2025\\\/06\\\/18\\\/stellantis-consolida-pecas-renovadas-com-a-sustainera\\\/#primaryimage\",\"url\":\"https:\\\/\\\/automotiverevista.pt\\\/wp-content\\\/uploads\\\/2025\\\/06\\\/2-12.jpg\",\"contentUrl\":\"https:\\\/\\\/automotiverevista.pt\\\/wp-content\\\/uploads\\\/2025\\\/06\\\/2-12.jpg\",\"width\":1400,\"height\":933},{\"@type\":\"BreadcrumbList\",\"@id\":\"https:\\\/\\\/automotiverevista.pt\\\/index.php\\\/2025\\\/06\\\/18\\\/stellantis-consolida-pecas-renovadas-com-a-sustainera\\\/#breadcrumb\",\"itemListElement\":[{\"@type\":\"ListItem\",\"position\":1,\"name\":\"Home\",\"item\":\"https:\\\/\\\/automotiverevista.pt\\\/\"},{\"@type\":\"ListItem\",\"position\":2,\"name\":\"Stellantis consolida pe\u00e7as renovadas com a Sustainera\"}]},{\"@type\":\"WebSite\",\"@id\":\"https:\\\/\\\/automotiverevista.pt\\\/#website\",\"url\":\"https:\\\/\\\/automotiverevista.pt\\\/\",\"name\":\"Revista Automotive\",\"description\":\"Revista Automotive Portugal\",\"publisher\":{\"@id\":\"https:\\\/\\\/automotiverevista.pt\\\/#organization\"},\"potentialAction\":[{\"@type\":\"SearchAction\",\"target\":{\"@type\":\"EntryPoint\",\"urlTemplate\":\"https:\\\/\\\/automotiverevista.pt\\\/?s={search_term_string}\"},\"query-input\":{\"@type\":\"PropertyValueSpecification\",\"valueRequired\":true,\"valueName\":\"search_term_string\"}}],\"inLanguage\":\"pt-PT\"},{\"@type\":\"Organization\",\"@id\":\"https:\\\/\\\/automotiverevista.pt\\\/#organization\",\"name\":\"Revista Automotive Portugal\",\"url\":\"https:\\\/\\\/automotiverevista.pt\\\/\",\"logo\":{\"@type\":\"ImageObject\",\"inLanguage\":\"pt-PT\",\"@id\":\"https:\\\/\\\/automotiverevista.pt\\\/#\\\/schema\\\/logo\\\/image\\\/\",\"url\":\"https:\\\/\\\/automotiverevista.pt\\\/wp-content\\\/uploads\\\/2022\\\/07\\\/Logo-Automotive-2021_500-1.jpg\",\"contentUrl\":\"https:\\\/\\\/automotiverevista.pt\\\/wp-content\\\/uploads\\\/2022\\\/07\\\/Logo-Automotive-2021_500-1.jpg\",\"width\":500,\"height\":160,\"caption\":\"Revista Automotive Portugal\"},\"image\":{\"@id\":\"https:\\\/\\\/automotiverevista.pt\\\/#\\\/schema\\\/logo\\\/image\\\/\"},\"sameAs\":[\"https:\\\/\\\/linkedin.com\\\/in\\\/automotiverevista\"]},{\"@type\":\"Person\",\"@id\":\"https:\\\/\\\/automotiverevista.pt\\\/#\\\/schema\\\/person\\\/1e95eb12553b8edd256acb00fe6dad4b\",\"name\":\"Fatima Silva\",\"image\":{\"@type\":\"ImageObject\",\"inLanguage\":\"pt-PT\",\"@id\":\"https:\\\/\\\/secure.gravatar.com\\\/avatar\\\/4b4a955a9c1b66708ab0dd3bd6181ac1f650299d893bd337a28482f7f19c8511?s=96&d=mm&r=g\",\"url\":\"https:\\\/\\\/secure.gravatar.com\\\/avatar\\\/4b4a955a9c1b66708ab0dd3bd6181ac1f650299d893bd337a28482f7f19c8511?s=96&d=mm&r=g\",\"contentUrl\":\"https:\\\/\\\/secure.gravatar.com\\\/avatar\\\/4b4a955a9c1b66708ab0dd3bd6181ac1f650299d893bd337a28482f7f19c8511?s=96&d=mm&r=g\",\"caption\":\"Fatima Silva\"},\"url\":\"https:\\\/\\\/automotiverevista.pt\\\/index.php\\\/author\\\/fgasparsilva\\\/\"}]}<\/script>\n<!-- \/ Yoast SEO Premium plugin. -->","yoast_head_json":{"title":"Stellantis consolida pe\u00e7as renovadas com a Sustainera - Revista Automotive","description":"Atrav\u00e9s da marca SUSTAINera, a Stellantis disponibiliza ao mercado oficinal pe\u00e7as de reposi\u00e7\u00e3o reconstru\u00eddas para autom\u00f3veis, com uma vasta ga","robots":{"index":"index","follow":"follow","max-snippet":"max-snippet:-1","max-image-preview":"max-image-preview:large","max-video-preview":"max-video-preview:-1"},"canonical":"https:\/\/automotiverevista.pt\/index.php\/2025\/06\/18\/stellantis-consolida-pecas-renovadas-com-a-sustainera\/","og_locale":"pt_PT","og_type":"article","og_title":"Stellantis consolida pe\u00e7as renovadas com a Sustainera","og_description":"Atrav\u00e9s da marca SUSTAINera, a Stellantis disponibiliza ao mercado oficinal pe\u00e7as de reposi\u00e7\u00e3o reconstru\u00eddas para autom\u00f3veis, com uma vasta ga","og_url":"https:\/\/automotiverevista.pt\/index.php\/2025\/06\/18\/stellantis-consolida-pecas-renovadas-com-a-sustainera\/","og_site_name":"Revista Automotive","article_published_time":"2025-06-18T13:35:00+00:00","og_image":[{"width":1400,"height":933,"url":"https:\/\/automotiverevista.pt\/wp-content\/uploads\/2025\/06\/2-12.jpg","type":"image\/jpeg"}],"author":"Fatima Silva","twitter_card":"summary_large_image","twitter_misc":{"Escrito por":"Fatima Silva","Tempo estimado de leitura":"2 minutos"},"schema":{"@context":"https:\/\/schema.org","@graph":[{"@type":"Article","@id":"https:\/\/automotiverevista.pt\/index.php\/2025\/06\/18\/stellantis-consolida-pecas-renovadas-com-a-sustainera\/#article","isPartOf":{"@id":"https:\/\/automotiverevista.pt\/index.php\/2025\/06\/18\/stellantis-consolida-pecas-renovadas-com-a-sustainera\/"},"author":{"name":"Fatima Silva","@id":"https:\/\/automotiverevista.pt\/#\/schema\/person\/1e95eb12553b8edd256acb00fe6dad4b"},"headline":"Stellantis consolida pe\u00e7as renovadas com a Sustainera","datePublished":"2025-06-18T13:35:00+00:00","mainEntityOfPage":{"@id":"https:\/\/automotiverevista.pt\/index.php\/2025\/06\/18\/stellantis-consolida-pecas-renovadas-com-a-sustainera\/"},"wordCount":202,"publisher":{"@id":"https:\/\/automotiverevista.pt\/#organization"},"image":{"@id":"https:\/\/automotiverevista.pt\/index.php\/2025\/06\/18\/stellantis-consolida-pecas-renovadas-com-a-sustainera\/#primaryimage"},"thumbnailUrl":"https:\/\/automotiverevista.pt\/wp-content\/uploads\/2025\/06\/2-12.jpg","articleSection":["P\u00f3s-Venda"],"inLanguage":"pt-PT"},{"@type":"WebPage","@id":"https:\/\/automotiverevista.pt\/index.php\/2025\/06\/18\/stellantis-consolida-pecas-renovadas-com-a-sustainera\/","url":"https:\/\/automotiverevista.pt\/index.php\/2025\/06\/18\/stellantis-consolida-pecas-renovadas-com-a-sustainera\/","name":"Stellantis consolida pe\u00e7as renovadas com a Sustainera - Revista Automotive","isPartOf":{"@id":"https:\/\/automotiverevista.pt\/#website"},"primaryImageOfPage":{"@id":"https:\/\/automotiverevista.pt\/index.php\/2025\/06\/18\/stellantis-consolida-pecas-renovadas-com-a-sustainera\/#primaryimage"},"image":{"@id":"https:\/\/automotiverevista.pt\/index.php\/2025\/06\/18\/stellantis-consolida-pecas-renovadas-com-a-sustainera\/#primaryimage"},"thumbnailUrl":"https:\/\/automotiverevista.pt\/wp-content\/uploads\/2025\/06\/2-12.jpg","datePublished":"2025-06-18T13:35:00+00:00","description":"Atrav\u00e9s da marca SUSTAINera, a Stellantis disponibiliza ao mercado oficinal pe\u00e7as de reposi\u00e7\u00e3o reconstru\u00eddas para autom\u00f3veis, com uma vasta ga","breadcrumb":{"@id":"https:\/\/automotiverevista.pt\/index.php\/2025\/06\/18\/stellantis-consolida-pecas-renovadas-com-a-sustainera\/#breadcrumb"},"inLanguage":"pt-PT","potentialAction":[{"@type":"ReadAction","target":["https:\/\/automotiverevista.pt\/index.php\/2025\/06\/18\/stellantis-consolida-pecas-renovadas-com-a-sustainera\/"]}]},{"@type":"ImageObject","inLanguage":"pt-PT","@id":"https:\/\/automotiverevista.pt\/index.php\/2025\/06\/18\/stellantis-consolida-pecas-renovadas-com-a-sustainera\/#primaryimage","url":"https:\/\/automotiverevista.pt\/wp-content\/uploads\/2025\/06\/2-12.jpg","contentUrl":"https:\/\/automotiverevista.pt\/wp-content\/uploads\/2025\/06\/2-12.jpg","width":1400,"height":933},{"@type":"BreadcrumbList","@id":"https:\/\/automotiverevista.pt\/index.php\/2025\/06\/18\/stellantis-consolida-pecas-renovadas-com-a-sustainera\/#breadcrumb","itemListElement":[{"@type":"ListItem","position":1,"name":"Home","item":"https:\/\/automotiverevista.pt\/"},{"@type":"ListItem","position":2,"name":"Stellantis consolida pe\u00e7as renovadas com a Sustainera"}]},{"@type":"WebSite","@id":"https:\/\/automotiverevista.pt\/#website","url":"https:\/\/automotiverevista.pt\/","name":"Revista Automotive","description":"Revista Automotive Portugal","publisher":{"@id":"https:\/\/automotiverevista.pt\/#organization"},"potentialAction":[{"@type":"SearchAction","target":{"@type":"EntryPoint","urlTemplate":"https:\/\/automotiverevista.pt\/?s={search_term_string}"},"query-input":{"@type":"PropertyValueSpecification","valueRequired":true,"valueName":"search_term_string"}}],"inLanguage":"pt-PT"},{"@type":"Organization","@id":"https:\/\/automotiverevista.pt\/#organization","name":"Revista Automotive Portugal","url":"https:\/\/automotiverevista.pt\/","logo":{"@type":"ImageObject","inLanguage":"pt-PT","@id":"https:\/\/automotiverevista.pt\/#\/schema\/logo\/image\/","url":"https:\/\/automotiverevista.pt\/wp-content\/uploads\/2022\/07\/Logo-Automotive-2021_500-1.jpg","contentUrl":"https:\/\/automotiverevista.pt\/wp-content\/uploads\/2022\/07\/Logo-Automotive-2021_500-1.jpg","width":500,"height":160,"caption":"Revista Automotive Portugal"},"image":{"@id":"https:\/\/automotiverevista.pt\/#\/schema\/logo\/image\/"},"sameAs":["https:\/\/linkedin.com\/in\/automotiverevista"]},{"@type":"Person","@id":"https:\/\/automotiverevista.pt\/#\/schema\/person\/1e95eb12553b8edd256acb00fe6dad4b","name":"Fatima Silva","image":{"@type":"ImageObject","inLanguage":"pt-PT","@id":"https:\/\/secure.gravatar.com\/avatar\/4b4a955a9c1b66708ab0dd3bd6181ac1f650299d893bd337a28482f7f19c8511?s=96&d=mm&r=g","url":"https:\/\/secure.gravatar.com\/avatar\/4b4a955a9c1b66708ab0dd3bd6181ac1f650299d893bd337a28482f7f19c8511?s=96&d=mm&r=g","contentUrl":"https:\/\/secure.gravatar.com\/avatar\/4b4a955a9c1b66708ab0dd3bd6181ac1f650299d893bd337a28482f7f19c8511?s=96&d=mm&r=g","caption":"Fatima Silva"},"url":"https:\/\/automotiverevista.pt\/index.php\/author\/fgasparsilva\/"}]}},"_links":{"self":[{"href":"https:\/\/automotiverevista.pt\/index.php\/wp-json\/wp\/v2\/posts\/10100","targetHints":{"allow":["GET"]}}],"collection":[{"href":"https:\/\/automotiverevista.pt\/index.php\/wp-json\/wp\/v2\/posts"}],"about":[{"href":"https:\/\/automotiverevista.pt\/index.php\/wp-json\/wp\/v2\/types\/post"}],"author":[{"embeddable":true,"href":"https:\/\/automotiverevista.pt\/index.php\/wp-json\/wp\/v2\/users\/4"}],"replies":[{"embeddable":true,"href":"https:\/\/automotiverevista.pt\/index.php\/wp-json\/wp\/v2\/comments?post=10100"}],"version-history":[{"count":2,"href":"https:\/\/automotiverevista.pt\/index.php\/wp-json\/wp\/v2\/posts\/10100\/revisions"}],"predecessor-version":[{"id":10106,"href":"https:\/\/automotiverevista.pt\/index.php\/wp-json\/wp\/v2\/posts\/10100\/revisions\/10106"}],"wp:featuredmedia":[{"embeddable":true,"href":"https:\/\/automotiverevista.pt\/index.php\/wp-json\/wp\/v2\/media\/10107"}],"wp:attachment":[{"href":"https:\/\/automotiverevista.pt\/index.php\/wp-json\/wp\/v2\/media?parent=10100"}],"wp:term":[{"taxonomy":"category","embeddable":true,"href":"https:\/\/automotiverevista.pt\/index.php\/wp-json\/wp\/v2\/categories?post=10100"},{"taxonomy":"post_tag","embeddable":true,"href":"https:\/\/automotiverevista.pt\/index.php\/wp-json\/wp\/v2\/tags?post=10100"}],"curies":[{"name":"wp","href":"https:\/\/api.w.org\/{rel}","templated":true}]}}