{"id":10345,"date":"2025-07-15T12:24:00","date_gmt":"2025-07-15T12:24:00","guid":{"rendered":"https:\/\/automotiverevista.pt\/?p=10345"},"modified":"2025-07-10T10:51:34","modified_gmt":"2025-07-10T10:51:34","slug":"ancera-a-vitalidade-e-os-desafios-do-pos-venda","status":"publish","type":"post","link":"https:\/\/automotiverevista.pt\/index.php\/2025\/07\/15\/ancera-a-vitalidade-e-os-desafios-do-pos-venda\/","title":{"rendered":"ANCERA \u2013 a vitalidade e os desafios do p\u00f3s-venda"},"content":{"rendered":"\n<p>Realizado em Madrid nos dias 4 e 5 de junho de 2025, o <strong>37\u00ba Congresso ANCERA<\/strong> registou um aumento de aproximadamente 16% de participantes e inscri\u00e7\u00f5es em rela\u00e7\u00e3o \u00e0 edi\u00e7\u00e3o anterior (e mais 45% face a 2022), ultrapassando os 350 participantes. A iniciativa contou com uma expressiva presen\u00e7a de destacados empres\u00e1rios do setor de p\u00f3s-venda, bem como de diversos representantes de marcas de pe\u00e7as e entidades, reafirmando-se como um encontro de grande relev\u00e2ncia na pen\u00ednsula ib\u00e9rica. A Revista Automotive esteve presente.<\/p>\n\n\n\n<p>Sob o lema &#8220;Aftermarket 360: Vis\u00e3o Global, A\u00e7\u00e3o Local&#8221;, o congresso abordou os desafios atuais e futuros do setor, onde alguns especialistas e dirigentes apresentaram dados importantes quanto ao panorama econ\u00f3mico das empresas ligadas \u00e0 atividade do p\u00f3s-venda autom\u00f3vel, envolvendo a nova din\u00e2mica do setor, sobretudo em termos de empregabilidade, sustentabilidade, competitividade e regulamenta\u00e7\u00e3o.<\/p>\n\n\n\n<p>De ressaltar que o setor de p\u00f3s-venda em Portugal continua a atrair o interesse de diversos investidores espanh\u00f3is atrav\u00e9s de aquisi\u00e7\u00f5es ou de parcerias com hist\u00f3ricas empresas nacionais, estando em curso uma cultura empresarial mais atual, com a implementa\u00e7\u00e3o de novas (e boas) pr\u00e1ticas de gest\u00e3o de todo o neg\u00f3cio de distribui\u00e7\u00e3o e venda de pe\u00e7as.<\/p>\n\n\n\n<p>Atrav\u00e9s desta nova realidade, os investidores espanh\u00f3is est\u00e3o a trazer para o nosso pa\u00eds novas linhas de produtos; melhores condi\u00e7\u00f5es comerciais; maior poder de compra junto a fornecedores internacionais; a\u00e7\u00f5es formativas para atrair novos talentos e, sobretudo, uma melhor representatividade associativa em articula\u00e7\u00e3o com entidades de express\u00e3o ib\u00e9rica, como \u00e9 o caso da pr\u00f3pria ANCERA.<\/p>\n\n\n<div class=\"wp-block-image\">\n<figure class=\"alignleft size-large is-resized\"><img decoding=\"async\" width=\"1024\" height=\"679\" src=\"https:\/\/automotiverevista.pt\/wp-content\/uploads\/2025\/07\/Captura-de-ecra-2025-06-27-115007-1024x679.jpg\" alt=\"\" class=\"wp-image-10354\" style=\"width:402px;height:auto\" srcset=\"https:\/\/automotiverevista.pt\/wp-content\/uploads\/2025\/07\/Captura-de-ecra-2025-06-27-115007-1024x679.jpg 1024w, https:\/\/automotiverevista.pt\/wp-content\/uploads\/2025\/07\/Captura-de-ecra-2025-06-27-115007-300x199.jpg 300w, https:\/\/automotiverevista.pt\/wp-content\/uploads\/2025\/07\/Captura-de-ecra-2025-06-27-115007-768x509.jpg 768w, https:\/\/automotiverevista.pt\/wp-content\/uploads\/2025\/07\/Captura-de-ecra-2025-06-27-115007-750x498.jpg 750w, https:\/\/automotiverevista.pt\/wp-content\/uploads\/2025\/07\/Captura-de-ecra-2025-06-27-115007-1140x756.jpg 1140w, https:\/\/automotiverevista.pt\/wp-content\/uploads\/2025\/07\/Captura-de-ecra-2025-06-27-115007.jpg 1500w\" sizes=\"(max-width: 1024px) 100vw, 1024px\" \/><figcaption class=\"wp-element-caption\"><strong>\u00c1lvaro de la Cruz<\/strong><\/figcaption><\/figure>\n<\/div>\n\n\n<p><strong>Carro sustent\u00e1vel<\/strong><\/p>\n\n\n\n<p><strong>\u00c1lvaro de la Cruz<\/strong>, diretor de comunica\u00e7\u00e3o da FIGIEFA, fez uma apresenta\u00e7\u00e3o sobre a implementa\u00e7\u00e3o da regulamenta\u00e7\u00e3o europeia em Espanha, destacando o trabalho de di\u00e1logo regulamentar realizado por esta associa\u00e7\u00e3o com os seus pares europeus.<\/p>\n\n\n\n<p>Com base em an\u00e1lises do mercado europeu, \u00c1lvaro de la Cruz destacou que \u201cao contr\u00e1rio do que possa parecer, um carro sustent\u00e1vel \u2013 segundo estudos da Universidade de Bolonha \u2013 \u00e9 um carro com 6 anos de vida, movido a combust\u00e3o e que continua a mudar as pe\u00e7as. Ou seja, n\u00e3o s\u00e3o os carros el\u00e9tricos.<\/p>\n\n\n\n<p>Dou como exemplo o carro el\u00e9trico da Tesla, que tem a parte de tr\u00e1s toda ela \u201cmontada\u201d numa \u00fanica pe\u00e7a sendo que, quando este mesmo carro sofre um pequeno toque, as seguradoras d\u00e3o perda total, pois n\u00e3o \u00e9 poss\u00edvel substituir a pe\u00e7a. Isso n\u00e3o \u00e9 sustent\u00e1vel. &nbsp;Sustent\u00e1vel, conforme o exemplo, \u00e9 podermos voltar a utilizar a mesma viatura, e que seja poss\u00edvel substituir uma determinada pe\u00e7a ou um qualquer componente da carro\u00e7aria, dando-lhe novamente uso\u201d referiu.<\/p>\n\n\n\n<p><strong>Potencial do setor<\/strong><\/p>\n\n\n<div class=\"wp-block-image\">\n<figure class=\"alignright size-full is-resized\"><img decoding=\"async\" width=\"696\" height=\"646\" src=\"https:\/\/automotiverevista.pt\/wp-content\/uploads\/2025\/07\/Captura-de-ecra-2025-06-27-115551-1.jpg\" alt=\"\" class=\"wp-image-10369\" style=\"width:369px;height:auto\" srcset=\"https:\/\/automotiverevista.pt\/wp-content\/uploads\/2025\/07\/Captura-de-ecra-2025-06-27-115551-1.jpg 696w, https:\/\/automotiverevista.pt\/wp-content\/uploads\/2025\/07\/Captura-de-ecra-2025-06-27-115551-1-300x278.jpg 300w\" sizes=\"(max-width: 696px) 100vw, 696px\" \/><figcaption class=\"wp-element-caption\"><strong>Mathieu Bernard<\/strong><\/figcaption><\/figure>\n<\/div>\n\n\n<p><strong>Mathieu Bernard<\/strong>, da Roland Berger, analisou a evolu\u00e7\u00e3o e a maturidade do mercado de p\u00f3s-venda, alertando que mais de 500 milh\u00f5es de euros s\u00e3o perdidos anualmente devido \u00e0 falta de colabora\u00e7\u00e3o e efici\u00eancia, especialmente na log\u00edstica de distribui\u00e7\u00e3o de pe\u00e7as. Destacou a fragmenta\u00e7\u00e3o do mercado espanhol, com uma frota de ve\u00edculos muito antiga, pouca eletrifica\u00e7\u00e3o e dominado por pequenas oficinas e distribuidores locais.<\/p>\n\n\n\n<p>Ao analisar o panorama do p\u00f3s-venda autom\u00f3vel europeu, a Roland Berger revelou que este setor gera o dobro de postos de trabalho em compara\u00e7\u00e3o com os fabricantes autom\u00f3veis; permite uma maior capilaridade e distribui\u00e7\u00e3o de m\u00e3o-de-obra em toda a Europa, promovendo a empregabilidade em locais remotos e n\u00e3o apenas nas grandes cidades.<\/p>\n\n\n\n<p>Os profissionais do p\u00f3s-venda atuam em todo o ciclo de vida de um autom\u00f3vel e t\u00eam o desafio t\u00e9cnico de intervirem em quase todas as marcas e modelos em circula\u00e7\u00e3o, contribuindo para a verdadeira mobilidade sustent\u00e1vel.<\/p>\n\n\n\n<p>Mas ainda h\u00e1 obst\u00e1culos que foram criados pelas marcas autom\u00f3veis, entre os quais, a dificuldade de acesso \u00e0s informa\u00e7\u00f5es t\u00e9cnicas dos modelos, bem como desigualdades na partilha de dados telem\u00e1ticos, que condicionam o trabalho das empresas de repara\u00e7\u00e3o independente, com custos acrescidos para os clientes.<\/p>\n\n\n\n<p><strong>Mercado em transforma\u00e7\u00e3o<\/strong><\/p>\n\n\n<div class=\"wp-block-image\">\n<figure class=\"alignleft size-full is-resized\"><img decoding=\"async\" width=\"618\" height=\"850\" src=\"https:\/\/automotiverevista.pt\/wp-content\/uploads\/2025\/07\/Captura-de-ecra-2025-06-27-115148-2.jpg\" alt=\"\" class=\"wp-image-10371\" style=\"width:306px;height:auto\" srcset=\"https:\/\/automotiverevista.pt\/wp-content\/uploads\/2025\/07\/Captura-de-ecra-2025-06-27-115148-2.jpg 618w, https:\/\/automotiverevista.pt\/wp-content\/uploads\/2025\/07\/Captura-de-ecra-2025-06-27-115148-2-218x300.jpg 218w\" sizes=\"(max-width: 618px) 100vw, 618px\" \/><figcaption class=\"wp-element-caption\"><strong>Fernando L\u00f3pez <\/strong><\/figcaption><\/figure>\n<\/div>\n\n\n<p>Por sua vez, <strong>Fernando L\u00f3pez <\/strong>diretor da GiPA, deu a conhecer as tend\u00eancias que moldam o dia-a-dia das oficinas e lojas de pe\u00e7as, enfatizando conceitos-chave como a satura\u00e7\u00e3o do mercado, a escassez de m\u00e3o-de-obra e a quest\u00e3o da mudan\u00e7a geracional, para al\u00e9m da quest\u00e3o das pe\u00e7as remanufaturadas.<\/p>\n\n\n\n<p>Segundo ele \u201c\u00e9 preciso subir o n\u00edvel de conhecimento e a notoriedade das pe\u00e7as remanufaturadas. Um estudo realizado este ano, demonstra que a aceita\u00e7\u00e3o por parte dos condutores \u00e9 muito positiva para utiliza\u00e7\u00e3o destes produtos, mas os mesmos condutores n\u00e3o sabem onde encontrar nem como fazer para obter pe\u00e7as remanufaturadas.&nbsp; H\u00e1 claramente uma falta de comunica\u00e7\u00e3o por parte das marcas e de conhecimento dos condutores\/clientes\u201d.<\/p>\n\n\n\n<p>Ainda na sua abordagem, Fernando L\u00f3pez destacou o estudo da GIPA onde demonstra que \u201co setor de p\u00f3s-venda est\u00e1 bastante ativo (73% dos casos) e, em alguns exemplos, saturados de clientes (13% dos casos), seja no concession\u00e1rio\/servi\u00e7o oficial; oficina mec\u00e2nica independente; oficina de pneus; oficina chapa e pintura, autocentro\/servi\u00e7o r\u00e1pido, loja\/distribuidor de pe\u00e7as.<\/p>\n\n\n\n<p>Outros dados interessantes apresentados pelo diretor da GiPA apontam que o parque autom\u00f3vel circulante aumentou em 33%, mas as entradas nas oficinas desceram 9%, embora se constante que a quilometragem\/utiliza\u00e7\u00e3o dos carros est\u00e1 a aumentar. A popula\u00e7\u00e3o espanhola tamb\u00e9m cresceu, mas a popula\u00e7\u00e3o condutora diminuiu, com mais jovens sem carta de condu\u00e7\u00e3o, registando um grande crescimento de condutores de 70 a 80 anos.<\/p>\n\n\n\n<p>A antiguidade das empresas no setor de p\u00f3s-venda \u00e9 bastante alta, sendo que o Covid teve um impacto at\u00e9 positivo na renova\u00e7\u00e3o empresarial, face a outras empresas de diferentes setores de atividades. Em conclus\u00e3o, destacou que as maiores preocupa\u00e7\u00f5es do setor s\u00e3o de encontrar mec\u00e2nicos qualificados; a competi\u00e7\u00e3o das oficinas \u00e0 volta; e a tecnologia dos carros. Contudo, salientou, \u201cquando comecei na GiPA, em 1993, estas eram as mesmas (e as principais) preocupa\u00e7\u00f5es dos empres\u00e1rios do setor\u201d conclui.<\/p>\n\n\n\n<p>Houve ainda lugar para um debate setorial, que reuniu convidados de v\u00e1rias empresas, tais como David Bassas (Niterra e SERNAUTO); Manuel Alcalde (HolyAuto e ANCERA), Jos\u00e9 Ram\u00f3n Arn\u00f3 Bellido (Grupo Driver e OPEN), e Luis Gonz\u00e1lez (Bosch Car Service).<\/p>\n\n\n\n<p>O congresso foi encerrado pela equipa de gest\u00e3o da ANCERA, composta por Nines Garc\u00eda de la Fuente (presidente), Juan Carlos Mart\u00edn (vice-presidente) e Carlos Mart\u00edn (secret\u00e1rio-geral). Na foto da Automotive, <strong>Nines Garc\u00eda de la Fuente<\/strong> e <strong>Juan Carlos Mart\u00edn<\/strong>, respetivamente presidente e vice-presidente da ANCERA.<\/p>\n\n\n<div class=\"wp-block-image\">\n<figure class=\"aligncenter size-large is-resized\"><img decoding=\"async\" width=\"1024\" height=\"348\" src=\"https:\/\/automotiverevista.pt\/wp-content\/uploads\/2025\/07\/2-1024x348.jpg\" alt=\"\" class=\"wp-image-10353\" style=\"width:1029px;height:auto\" srcset=\"https:\/\/automotiverevista.pt\/wp-content\/uploads\/2025\/07\/2-1024x348.jpg 1024w, https:\/\/automotiverevista.pt\/wp-content\/uploads\/2025\/07\/2-300x102.jpg 300w, https:\/\/automotiverevista.pt\/wp-content\/uploads\/2025\/07\/2-768x261.jpg 768w, https:\/\/automotiverevista.pt\/wp-content\/uploads\/2025\/07\/2-1536x522.jpg 1536w, https:\/\/automotiverevista.pt\/wp-content\/uploads\/2025\/07\/2-2048x696.jpg 2048w, https:\/\/automotiverevista.pt\/wp-content\/uploads\/2025\/07\/2-750x255.jpg 750w, https:\/\/automotiverevista.pt\/wp-content\/uploads\/2025\/07\/2-1140x387.jpg 1140w\" sizes=\"(max-width: 1024px) 100vw, 1024px\" \/><\/figure>\n<\/div>","protected":false},"excerpt":{"rendered":"<p>Realizado em Madrid nos dias 4 e 5 de junho de 2025, o 37\u00ba Congresso ANCERA registou um aumento de aproximadamente 16% de participantes e inscri\u00e7\u00f5es em rela\u00e7\u00e3o \u00e0 edi\u00e7\u00e3o anterior (e mais 45% face a 2022), ultrapassando os 350 participantes. A iniciativa contou com uma expressiva presen\u00e7a de destacados empres\u00e1rios do setor de p\u00f3s-venda, [&hellip;]<\/p>\n","protected":false},"author":4,"featured_media":10347,"comment_status":"closed","ping_status":"open","sticky":false,"template":"","format":"standard","meta":{"jnews-multi-image_gallery":[],"jnews_single_post":{"format":"standard"},"jnews_primary_category":[],"footnotes":""},"categories":[21],"tags":[],"class_list":["post-10345","post","type-post","status-publish","format-standard","has-post-thumbnail","hentry","category-pos-venda"],"yoast_head":"<!-- This site is optimized with the Yoast SEO Premium plugin v27.5 (Yoast SEO v27.5) - https:\/\/yoast.com\/product\/yoast-seo-premium-wordpress\/ -->\n<title>ANCERA \u2013 a vitalidade e os desafios do p\u00f3s-venda - Revista Automotive<\/title>\n<meta name=\"description\" content=\"Realizado em Madrid nos dias 4 e 5 de junho de 2025, o 37\u00ba Congresso ANCERA registou um aumento de aproximadamente 16% de participantes e insc\" \/>\n<meta name=\"robots\" content=\"index, follow, max-snippet:-1, max-image-preview:large, max-video-preview:-1\" \/>\n<link rel=\"canonical\" href=\"https:\/\/automotiverevista.pt\/index.php\/2025\/07\/15\/ancera-a-vitalidade-e-os-desafios-do-pos-venda\/\" \/>\n<meta property=\"og:locale\" content=\"pt_PT\" \/>\n<meta property=\"og:type\" content=\"article\" \/>\n<meta property=\"og:title\" content=\"ANCERA \u2013 a vitalidade e os desafios do p\u00f3s-venda\" \/>\n<meta property=\"og:description\" content=\"Realizado em Madrid nos dias 4 e 5 de junho de 2025, o 37\u00ba Congresso ANCERA registou um aumento de aproximadamente 16% de participantes e insc\" \/>\n<meta property=\"og:url\" content=\"https:\/\/automotiverevista.pt\/index.php\/2025\/07\/15\/ancera-a-vitalidade-e-os-desafios-do-pos-venda\/\" \/>\n<meta property=\"og:site_name\" content=\"Revista Automotive\" \/>\n<meta property=\"article:published_time\" content=\"2025-07-15T12:24:00+00:00\" \/>\n<meta property=\"og:image\" content=\"https:\/\/automotiverevista.pt\/wp-content\/uploads\/2025\/07\/IMG_3574.jpg\" \/>\n\t<meta property=\"og:image:width\" content=\"1500\" \/>\n\t<meta property=\"og:image:height\" content=\"1000\" \/>\n\t<meta property=\"og:image:type\" content=\"image\/jpeg\" \/>\n<meta name=\"author\" content=\"Fatima Silva\" \/>\n<meta name=\"twitter:card\" content=\"summary_large_image\" \/>\n<meta name=\"twitter:label1\" content=\"Escrito por\" \/>\n\t<meta name=\"twitter:data1\" content=\"Fatima Silva\" \/>\n\t<meta name=\"twitter:label2\" content=\"Tempo estimado de leitura\" \/>\n\t<meta name=\"twitter:data2\" content=\"7 minutos\" \/>\n<script type=\"application\/ld+json\" class=\"yoast-schema-graph\">{\"@context\":\"https:\\\/\\\/schema.org\",\"@graph\":[{\"@type\":\"Article\",\"@id\":\"https:\\\/\\\/automotiverevista.pt\\\/index.php\\\/2025\\\/07\\\/15\\\/ancera-a-vitalidade-e-os-desafios-do-pos-venda\\\/#article\",\"isPartOf\":{\"@id\":\"https:\\\/\\\/automotiverevista.pt\\\/index.php\\\/2025\\\/07\\\/15\\\/ancera-a-vitalidade-e-os-desafios-do-pos-venda\\\/\"},\"author\":{\"name\":\"Fatima Silva\",\"@id\":\"https:\\\/\\\/automotiverevista.pt\\\/#\\\/schema\\\/person\\\/1e95eb12553b8edd256acb00fe6dad4b\"},\"headline\":\"ANCERA \u2013 a vitalidade e os desafios do p\u00f3s-venda\",\"datePublished\":\"2025-07-15T12:24:00+00:00\",\"mainEntityOfPage\":{\"@id\":\"https:\\\/\\\/automotiverevista.pt\\\/index.php\\\/2025\\\/07\\\/15\\\/ancera-a-vitalidade-e-os-desafios-do-pos-venda\\\/\"},\"wordCount\":1147,\"publisher\":{\"@id\":\"https:\\\/\\\/automotiverevista.pt\\\/#organization\"},\"image\":{\"@id\":\"https:\\\/\\\/automotiverevista.pt\\\/index.php\\\/2025\\\/07\\\/15\\\/ancera-a-vitalidade-e-os-desafios-do-pos-venda\\\/#primaryimage\"},\"thumbnailUrl\":\"https:\\\/\\\/automotiverevista.pt\\\/wp-content\\\/uploads\\\/2025\\\/07\\\/IMG_3574.jpg\",\"articleSection\":[\"P\u00f3s-Venda\"],\"inLanguage\":\"pt-PT\"},{\"@type\":\"WebPage\",\"@id\":\"https:\\\/\\\/automotiverevista.pt\\\/index.php\\\/2025\\\/07\\\/15\\\/ancera-a-vitalidade-e-os-desafios-do-pos-venda\\\/\",\"url\":\"https:\\\/\\\/automotiverevista.pt\\\/index.php\\\/2025\\\/07\\\/15\\\/ancera-a-vitalidade-e-os-desafios-do-pos-venda\\\/\",\"name\":\"ANCERA \u2013 a vitalidade e os desafios do p\u00f3s-venda - Revista Automotive\",\"isPartOf\":{\"@id\":\"https:\\\/\\\/automotiverevista.pt\\\/#website\"},\"primaryImageOfPage\":{\"@id\":\"https:\\\/\\\/automotiverevista.pt\\\/index.php\\\/2025\\\/07\\\/15\\\/ancera-a-vitalidade-e-os-desafios-do-pos-venda\\\/#primaryimage\"},\"image\":{\"@id\":\"https:\\\/\\\/automotiverevista.pt\\\/index.php\\\/2025\\\/07\\\/15\\\/ancera-a-vitalidade-e-os-desafios-do-pos-venda\\\/#primaryimage\"},\"thumbnailUrl\":\"https:\\\/\\\/automotiverevista.pt\\\/wp-content\\\/uploads\\\/2025\\\/07\\\/IMG_3574.jpg\",\"datePublished\":\"2025-07-15T12:24:00+00:00\",\"description\":\"Realizado em Madrid nos dias 4 e 5 de junho de 2025, o 37\u00ba Congresso ANCERA registou um aumento de aproximadamente 16% de participantes e insc\",\"breadcrumb\":{\"@id\":\"https:\\\/\\\/automotiverevista.pt\\\/index.php\\\/2025\\\/07\\\/15\\\/ancera-a-vitalidade-e-os-desafios-do-pos-venda\\\/#breadcrumb\"},\"inLanguage\":\"pt-PT\",\"potentialAction\":[{\"@type\":\"ReadAction\",\"target\":[\"https:\\\/\\\/automotiverevista.pt\\\/index.php\\\/2025\\\/07\\\/15\\\/ancera-a-vitalidade-e-os-desafios-do-pos-venda\\\/\"]}]},{\"@type\":\"ImageObject\",\"inLanguage\":\"pt-PT\",\"@id\":\"https:\\\/\\\/automotiverevista.pt\\\/index.php\\\/2025\\\/07\\\/15\\\/ancera-a-vitalidade-e-os-desafios-do-pos-venda\\\/#primaryimage\",\"url\":\"https:\\\/\\\/automotiverevista.pt\\\/wp-content\\\/uploads\\\/2025\\\/07\\\/IMG_3574.jpg\",\"contentUrl\":\"https:\\\/\\\/automotiverevista.pt\\\/wp-content\\\/uploads\\\/2025\\\/07\\\/IMG_3574.jpg\",\"width\":1500,\"height\":1000},{\"@type\":\"BreadcrumbList\",\"@id\":\"https:\\\/\\\/automotiverevista.pt\\\/index.php\\\/2025\\\/07\\\/15\\\/ancera-a-vitalidade-e-os-desafios-do-pos-venda\\\/#breadcrumb\",\"itemListElement\":[{\"@type\":\"ListItem\",\"position\":1,\"name\":\"Home\",\"item\":\"https:\\\/\\\/automotiverevista.pt\\\/\"},{\"@type\":\"ListItem\",\"position\":2,\"name\":\"ANCERA \u2013 a vitalidade e os desafios do p\u00f3s-venda\"}]},{\"@type\":\"WebSite\",\"@id\":\"https:\\\/\\\/automotiverevista.pt\\\/#website\",\"url\":\"https:\\\/\\\/automotiverevista.pt\\\/\",\"name\":\"Revista Automotive\",\"description\":\"Revista Automotive Portugal\",\"publisher\":{\"@id\":\"https:\\\/\\\/automotiverevista.pt\\\/#organization\"},\"potentialAction\":[{\"@type\":\"SearchAction\",\"target\":{\"@type\":\"EntryPoint\",\"urlTemplate\":\"https:\\\/\\\/automotiverevista.pt\\\/?s={search_term_string}\"},\"query-input\":{\"@type\":\"PropertyValueSpecification\",\"valueRequired\":true,\"valueName\":\"search_term_string\"}}],\"inLanguage\":\"pt-PT\"},{\"@type\":\"Organization\",\"@id\":\"https:\\\/\\\/automotiverevista.pt\\\/#organization\",\"name\":\"Revista Automotive Portugal\",\"url\":\"https:\\\/\\\/automotiverevista.pt\\\/\",\"logo\":{\"@type\":\"ImageObject\",\"inLanguage\":\"pt-PT\",\"@id\":\"https:\\\/\\\/automotiverevista.pt\\\/#\\\/schema\\\/logo\\\/image\\\/\",\"url\":\"https:\\\/\\\/automotiverevista.pt\\\/wp-content\\\/uploads\\\/2022\\\/07\\\/Logo-Automotive-2021_500-1.jpg\",\"contentUrl\":\"https:\\\/\\\/automotiverevista.pt\\\/wp-content\\\/uploads\\\/2022\\\/07\\\/Logo-Automotive-2021_500-1.jpg\",\"width\":500,\"height\":160,\"caption\":\"Revista Automotive Portugal\"},\"image\":{\"@id\":\"https:\\\/\\\/automotiverevista.pt\\\/#\\\/schema\\\/logo\\\/image\\\/\"},\"sameAs\":[\"https:\\\/\\\/linkedin.com\\\/in\\\/automotiverevista\"]},{\"@type\":\"Person\",\"@id\":\"https:\\\/\\\/automotiverevista.pt\\\/#\\\/schema\\\/person\\\/1e95eb12553b8edd256acb00fe6dad4b\",\"name\":\"Fatima Silva\",\"image\":{\"@type\":\"ImageObject\",\"inLanguage\":\"pt-PT\",\"@id\":\"https:\\\/\\\/secure.gravatar.com\\\/avatar\\\/4b4a955a9c1b66708ab0dd3bd6181ac1f650299d893bd337a28482f7f19c8511?s=96&d=mm&r=g\",\"url\":\"https:\\\/\\\/secure.gravatar.com\\\/avatar\\\/4b4a955a9c1b66708ab0dd3bd6181ac1f650299d893bd337a28482f7f19c8511?s=96&d=mm&r=g\",\"contentUrl\":\"https:\\\/\\\/secure.gravatar.com\\\/avatar\\\/4b4a955a9c1b66708ab0dd3bd6181ac1f650299d893bd337a28482f7f19c8511?s=96&d=mm&r=g\",\"caption\":\"Fatima Silva\"},\"url\":\"https:\\\/\\\/automotiverevista.pt\\\/index.php\\\/author\\\/fgasparsilva\\\/\"}]}<\/script>\n<!-- \/ Yoast SEO Premium plugin. -->","yoast_head_json":{"title":"ANCERA \u2013 a vitalidade e os desafios do p\u00f3s-venda - Revista Automotive","description":"Realizado em Madrid nos dias 4 e 5 de junho de 2025, o 37\u00ba Congresso ANCERA registou um aumento de aproximadamente 16% de participantes e insc","robots":{"index":"index","follow":"follow","max-snippet":"max-snippet:-1","max-image-preview":"max-image-preview:large","max-video-preview":"max-video-preview:-1"},"canonical":"https:\/\/automotiverevista.pt\/index.php\/2025\/07\/15\/ancera-a-vitalidade-e-os-desafios-do-pos-venda\/","og_locale":"pt_PT","og_type":"article","og_title":"ANCERA \u2013 a vitalidade e os desafios do p\u00f3s-venda","og_description":"Realizado em Madrid nos dias 4 e 5 de junho de 2025, o 37\u00ba Congresso ANCERA registou um aumento de aproximadamente 16% de participantes e insc","og_url":"https:\/\/automotiverevista.pt\/index.php\/2025\/07\/15\/ancera-a-vitalidade-e-os-desafios-do-pos-venda\/","og_site_name":"Revista Automotive","article_published_time":"2025-07-15T12:24:00+00:00","og_image":[{"width":1500,"height":1000,"url":"https:\/\/automotiverevista.pt\/wp-content\/uploads\/2025\/07\/IMG_3574.jpg","type":"image\/jpeg"}],"author":"Fatima Silva","twitter_card":"summary_large_image","twitter_misc":{"Escrito por":"Fatima Silva","Tempo estimado de leitura":"7 minutos"},"schema":{"@context":"https:\/\/schema.org","@graph":[{"@type":"Article","@id":"https:\/\/automotiverevista.pt\/index.php\/2025\/07\/15\/ancera-a-vitalidade-e-os-desafios-do-pos-venda\/#article","isPartOf":{"@id":"https:\/\/automotiverevista.pt\/index.php\/2025\/07\/15\/ancera-a-vitalidade-e-os-desafios-do-pos-venda\/"},"author":{"name":"Fatima Silva","@id":"https:\/\/automotiverevista.pt\/#\/schema\/person\/1e95eb12553b8edd256acb00fe6dad4b"},"headline":"ANCERA \u2013 a vitalidade e os desafios do p\u00f3s-venda","datePublished":"2025-07-15T12:24:00+00:00","mainEntityOfPage":{"@id":"https:\/\/automotiverevista.pt\/index.php\/2025\/07\/15\/ancera-a-vitalidade-e-os-desafios-do-pos-venda\/"},"wordCount":1147,"publisher":{"@id":"https:\/\/automotiverevista.pt\/#organization"},"image":{"@id":"https:\/\/automotiverevista.pt\/index.php\/2025\/07\/15\/ancera-a-vitalidade-e-os-desafios-do-pos-venda\/#primaryimage"},"thumbnailUrl":"https:\/\/automotiverevista.pt\/wp-content\/uploads\/2025\/07\/IMG_3574.jpg","articleSection":["P\u00f3s-Venda"],"inLanguage":"pt-PT"},{"@type":"WebPage","@id":"https:\/\/automotiverevista.pt\/index.php\/2025\/07\/15\/ancera-a-vitalidade-e-os-desafios-do-pos-venda\/","url":"https:\/\/automotiverevista.pt\/index.php\/2025\/07\/15\/ancera-a-vitalidade-e-os-desafios-do-pos-venda\/","name":"ANCERA \u2013 a vitalidade e os desafios do p\u00f3s-venda - Revista Automotive","isPartOf":{"@id":"https:\/\/automotiverevista.pt\/#website"},"primaryImageOfPage":{"@id":"https:\/\/automotiverevista.pt\/index.php\/2025\/07\/15\/ancera-a-vitalidade-e-os-desafios-do-pos-venda\/#primaryimage"},"image":{"@id":"https:\/\/automotiverevista.pt\/index.php\/2025\/07\/15\/ancera-a-vitalidade-e-os-desafios-do-pos-venda\/#primaryimage"},"thumbnailUrl":"https:\/\/automotiverevista.pt\/wp-content\/uploads\/2025\/07\/IMG_3574.jpg","datePublished":"2025-07-15T12:24:00+00:00","description":"Realizado em Madrid nos dias 4 e 5 de junho de 2025, o 37\u00ba Congresso ANCERA registou um aumento de aproximadamente 16% de participantes e insc","breadcrumb":{"@id":"https:\/\/automotiverevista.pt\/index.php\/2025\/07\/15\/ancera-a-vitalidade-e-os-desafios-do-pos-venda\/#breadcrumb"},"inLanguage":"pt-PT","potentialAction":[{"@type":"ReadAction","target":["https:\/\/automotiverevista.pt\/index.php\/2025\/07\/15\/ancera-a-vitalidade-e-os-desafios-do-pos-venda\/"]}]},{"@type":"ImageObject","inLanguage":"pt-PT","@id":"https:\/\/automotiverevista.pt\/index.php\/2025\/07\/15\/ancera-a-vitalidade-e-os-desafios-do-pos-venda\/#primaryimage","url":"https:\/\/automotiverevista.pt\/wp-content\/uploads\/2025\/07\/IMG_3574.jpg","contentUrl":"https:\/\/automotiverevista.pt\/wp-content\/uploads\/2025\/07\/IMG_3574.jpg","width":1500,"height":1000},{"@type":"BreadcrumbList","@id":"https:\/\/automotiverevista.pt\/index.php\/2025\/07\/15\/ancera-a-vitalidade-e-os-desafios-do-pos-venda\/#breadcrumb","itemListElement":[{"@type":"ListItem","position":1,"name":"Home","item":"https:\/\/automotiverevista.pt\/"},{"@type":"ListItem","position":2,"name":"ANCERA \u2013 a vitalidade e os desafios do p\u00f3s-venda"}]},{"@type":"WebSite","@id":"https:\/\/automotiverevista.pt\/#website","url":"https:\/\/automotiverevista.pt\/","name":"Revista Automotive","description":"Revista Automotive Portugal","publisher":{"@id":"https:\/\/automotiverevista.pt\/#organization"},"potentialAction":[{"@type":"SearchAction","target":{"@type":"EntryPoint","urlTemplate":"https:\/\/automotiverevista.pt\/?s={search_term_string}"},"query-input":{"@type":"PropertyValueSpecification","valueRequired":true,"valueName":"search_term_string"}}],"inLanguage":"pt-PT"},{"@type":"Organization","@id":"https:\/\/automotiverevista.pt\/#organization","name":"Revista Automotive Portugal","url":"https:\/\/automotiverevista.pt\/","logo":{"@type":"ImageObject","inLanguage":"pt-PT","@id":"https:\/\/automotiverevista.pt\/#\/schema\/logo\/image\/","url":"https:\/\/automotiverevista.pt\/wp-content\/uploads\/2022\/07\/Logo-Automotive-2021_500-1.jpg","contentUrl":"https:\/\/automotiverevista.pt\/wp-content\/uploads\/2022\/07\/Logo-Automotive-2021_500-1.jpg","width":500,"height":160,"caption":"Revista Automotive Portugal"},"image":{"@id":"https:\/\/automotiverevista.pt\/#\/schema\/logo\/image\/"},"sameAs":["https:\/\/linkedin.com\/in\/automotiverevista"]},{"@type":"Person","@id":"https:\/\/automotiverevista.pt\/#\/schema\/person\/1e95eb12553b8edd256acb00fe6dad4b","name":"Fatima Silva","image":{"@type":"ImageObject","inLanguage":"pt-PT","@id":"https:\/\/secure.gravatar.com\/avatar\/4b4a955a9c1b66708ab0dd3bd6181ac1f650299d893bd337a28482f7f19c8511?s=96&d=mm&r=g","url":"https:\/\/secure.gravatar.com\/avatar\/4b4a955a9c1b66708ab0dd3bd6181ac1f650299d893bd337a28482f7f19c8511?s=96&d=mm&r=g","contentUrl":"https:\/\/secure.gravatar.com\/avatar\/4b4a955a9c1b66708ab0dd3bd6181ac1f650299d893bd337a28482f7f19c8511?s=96&d=mm&r=g","caption":"Fatima Silva"},"url":"https:\/\/automotiverevista.pt\/index.php\/author\/fgasparsilva\/"}]}},"_links":{"self":[{"href":"https:\/\/automotiverevista.pt\/index.php\/wp-json\/wp\/v2\/posts\/10345","targetHints":{"allow":["GET"]}}],"collection":[{"href":"https:\/\/automotiverevista.pt\/index.php\/wp-json\/wp\/v2\/posts"}],"about":[{"href":"https:\/\/automotiverevista.pt\/index.php\/wp-json\/wp\/v2\/types\/post"}],"author":[{"embeddable":true,"href":"https:\/\/automotiverevista.pt\/index.php\/wp-json\/wp\/v2\/users\/4"}],"replies":[{"embeddable":true,"href":"https:\/\/automotiverevista.pt\/index.php\/wp-json\/wp\/v2\/comments?post=10345"}],"version-history":[{"count":4,"href":"https:\/\/automotiverevista.pt\/index.php\/wp-json\/wp\/v2\/posts\/10345\/revisions"}],"predecessor-version":[{"id":10372,"href":"https:\/\/automotiverevista.pt\/index.php\/wp-json\/wp\/v2\/posts\/10345\/revisions\/10372"}],"wp:featuredmedia":[{"embeddable":true,"href":"https:\/\/automotiverevista.pt\/index.php\/wp-json\/wp\/v2\/media\/10347"}],"wp:attachment":[{"href":"https:\/\/automotiverevista.pt\/index.php\/wp-json\/wp\/v2\/media?parent=10345"}],"wp:term":[{"taxonomy":"category","embeddable":true,"href":"https:\/\/automotiverevista.pt\/index.php\/wp-json\/wp\/v2\/categories?post=10345"},{"taxonomy":"post_tag","embeddable":true,"href":"https:\/\/automotiverevista.pt\/index.php\/wp-json\/wp\/v2\/tags?post=10345"}],"curies":[{"name":"wp","href":"https:\/\/api.w.org\/{rel}","templated":true}]}}