{"id":10498,"date":"2025-07-22T09:07:25","date_gmt":"2025-07-22T09:07:25","guid":{"rendered":"https:\/\/automotiverevista.pt\/?p=10498"},"modified":"2025-07-22T09:22:17","modified_gmt":"2025-07-22T09:22:17","slug":"mazda-lanca-nova-geracao-do-cx-5","status":"publish","type":"post","link":"https:\/\/automotiverevista.pt\/index.php\/2025\/07\/22\/mazda-lanca-nova-geracao-do-cx-5\/","title":{"rendered":"Mazda lan\u00e7a nova gera\u00e7\u00e3o do CX-5"},"content":{"rendered":"\n<p>A Mazda otimizou o CX-5, a terceira gera\u00e7\u00e3o que ser\u00e1 lan\u00e7ada em toda a Europa a partir de dezembro de 2025, prometendo uma excecional rela\u00e7\u00e3o entre valor, qualidade, especifica\u00e7\u00f5es e equipamento.<\/p>\n\n\n<div class=\"wp-block-image\">\n<figure class=\"alignleft size-large is-resized\"><img decoding=\"async\" width=\"1024\" height=\"682\" src=\"https:\/\/automotiverevista.pt\/wp-content\/uploads\/2025\/07\/2-2-1024x682.jpg\" alt=\"\" class=\"wp-image-10502\" style=\"width:432px;height:auto\" srcset=\"https:\/\/automotiverevista.pt\/wp-content\/uploads\/2025\/07\/2-2-1024x682.jpg 1024w, https:\/\/automotiverevista.pt\/wp-content\/uploads\/2025\/07\/2-2-300x200.jpg 300w, https:\/\/automotiverevista.pt\/wp-content\/uploads\/2025\/07\/2-2-768x512.jpg 768w, https:\/\/automotiverevista.pt\/wp-content\/uploads\/2025\/07\/2-2-750x500.jpg 750w, https:\/\/automotiverevista.pt\/wp-content\/uploads\/2025\/07\/2-2-1140x760.jpg 1140w, https:\/\/automotiverevista.pt\/wp-content\/uploads\/2025\/07\/2-2.jpg 1400w\" sizes=\"(max-width: 1024px) 100vw, 1024px\" \/><\/figure>\n<\/div>\n\n\n<p>O valor ser\u00e1 em torno dos 40.000 euros, concebido para a vida em fam\u00edlia, tem agora mais 61 litros de capacidade de carga, portas traseiras com abertura mais ampla e um banco rebat\u00edvel 40:20:40 para maior versatilidade.<\/p>\n\n\n\n<p>Quanto \u00e0s motoriza\u00e7\u00f5es, o CX-5 conta com um motor a gasolina de 2,5 litros e-Skyactiv G de 141 cv, acoplado \u00e0 tecnologia 24V Mazda Mild Hybrid. Com 141 cv (104 kW) e 238 Nm de bin\u00e1rio, est\u00e1 dispon\u00edvel em vers\u00f5es de tra\u00e7\u00e3o dianteira (FWD) e tra\u00e7\u00e3o integral (AWD),<\/p>\n\n\n\n<p>Com sistemas ADAS atualizados, o CX-5 aponta a uma classifica\u00e7\u00e3o de 5 estrelas nos testes de seguran\u00e7a Euro NCAP. A conectividade e a capacidade de utiliza\u00e7\u00e3o foram aprimoradas atrav\u00e9s do HMI \u201creimaginado\u201d. O ecr\u00e3 central de 12,9 ou 15,6 polegadas oferece uma intera\u00e7\u00e3o semelhante \u00e0 de um smartphone, integrando menus personaliz\u00e1veis; com integra\u00e7\u00e3o Google , uma estreia num modelo Mazda.<\/p>\n\n\n<div class=\"wp-block-image\">\n<figure class=\"aligncenter size-full is-resized\"><img decoding=\"async\" width=\"738\" height=\"580\" src=\"https:\/\/automotiverevista.pt\/wp-content\/uploads\/2025\/07\/33.jpg\" alt=\"\" class=\"wp-image-10501\" style=\"width:754px;height:auto\" srcset=\"https:\/\/automotiverevista.pt\/wp-content\/uploads\/2025\/07\/33.jpg 738w, https:\/\/automotiverevista.pt\/wp-content\/uploads\/2025\/07\/33-300x236.jpg 300w\" sizes=\"(max-width: 738px) 100vw, 738px\" \/><\/figure>\n<\/div>","protected":false},"excerpt":{"rendered":"<p>A Mazda otimizou o CX-5, a terceira gera\u00e7\u00e3o que ser\u00e1 lan\u00e7ada em toda a Europa a partir de dezembro de 2025, prometendo uma excecional rela\u00e7\u00e3o entre valor, qualidade, especifica\u00e7\u00f5es e equipamento. O valor ser\u00e1 em torno dos 40.000 euros, concebido para a vida em fam\u00edlia, tem agora mais 61 litros de capacidade de carga, portas [&hellip;]<\/p>\n","protected":false},"author":4,"featured_media":10500,"comment_status":"closed","ping_status":"open","sticky":false,"template":"","format":"standard","meta":{"jnews-multi-image_gallery":[],"jnews_single_post":{"format":"standard"},"jnews_primary_category":[],"footnotes":""},"categories":[23],"tags":[],"class_list":["post-10498","post","type-post","status-publish","format-standard","has-post-thumbnail","hentry","category-frotas"],"yoast_head":"<!-- This site is optimized with the Yoast SEO Premium plugin v27.5 (Yoast SEO v27.5) - https:\/\/yoast.com\/product\/yoast-seo-premium-wordpress\/ -->\n<title>Mazda lan\u00e7a nova gera\u00e7\u00e3o do CX-5 - Revista Automotive<\/title>\n<meta name=\"description\" content=\"A Mazda otimizou o motor CX-5 a gasolina de 2,5 litros, a terceira gera\u00e7\u00e3o que ser\u00e1 lan\u00e7ada em toda a Europa a partir de dezembro de 2025, pr\" \/>\n<meta name=\"robots\" content=\"index, follow, max-snippet:-1, max-image-preview:large, max-video-preview:-1\" \/>\n<link rel=\"canonical\" href=\"https:\/\/automotiverevista.pt\/index.php\/2025\/07\/22\/mazda-lanca-nova-geracao-do-cx-5\/\" \/>\n<meta property=\"og:locale\" content=\"pt_PT\" \/>\n<meta property=\"og:type\" content=\"article\" \/>\n<meta property=\"og:title\" content=\"Mazda lan\u00e7a nova gera\u00e7\u00e3o do CX-5\" \/>\n<meta property=\"og:description\" content=\"A Mazda otimizou o motor CX-5 a gasolina de 2,5 litros, a terceira gera\u00e7\u00e3o que ser\u00e1 lan\u00e7ada em toda a Europa a partir de dezembro de 2025, pr\" \/>\n<meta property=\"og:url\" content=\"https:\/\/automotiverevista.pt\/index.php\/2025\/07\/22\/mazda-lanca-nova-geracao-do-cx-5\/\" \/>\n<meta property=\"og:site_name\" content=\"Revista Automotive\" \/>\n<meta property=\"article:published_time\" content=\"2025-07-22T09:07:25+00:00\" \/>\n<meta property=\"article:modified_time\" content=\"2025-07-22T09:22:17+00:00\" \/>\n<meta property=\"og:image\" content=\"https:\/\/automotiverevista.pt\/wp-content\/uploads\/2025\/07\/11.jpg\" \/>\n\t<meta property=\"og:image:width\" content=\"968\" \/>\n\t<meta property=\"og:image:height\" content=\"544\" \/>\n\t<meta property=\"og:image:type\" content=\"image\/jpeg\" \/>\n<meta name=\"author\" content=\"Fatima Silva\" \/>\n<meta name=\"twitter:card\" content=\"summary_large_image\" \/>\n<meta name=\"twitter:label1\" content=\"Escrito por\" \/>\n\t<meta name=\"twitter:data1\" content=\"Fatima Silva\" \/>\n\t<meta name=\"twitter:label2\" content=\"Tempo estimado de leitura\" \/>\n\t<meta name=\"twitter:data2\" content=\"2 minutos\" \/>\n<script type=\"application\/ld+json\" class=\"yoast-schema-graph\">{\"@context\":\"https:\\\/\\\/schema.org\",\"@graph\":[{\"@type\":\"Article\",\"@id\":\"https:\\\/\\\/automotiverevista.pt\\\/index.php\\\/2025\\\/07\\\/22\\\/mazda-lanca-nova-geracao-do-cx-5\\\/#article\",\"isPartOf\":{\"@id\":\"https:\\\/\\\/automotiverevista.pt\\\/index.php\\\/2025\\\/07\\\/22\\\/mazda-lanca-nova-geracao-do-cx-5\\\/\"},\"author\":{\"name\":\"Fatima Silva\",\"@id\":\"https:\\\/\\\/automotiverevista.pt\\\/#\\\/schema\\\/person\\\/1e95eb12553b8edd256acb00fe6dad4b\"},\"headline\":\"Mazda lan\u00e7a nova gera\u00e7\u00e3o do CX-5\",\"datePublished\":\"2025-07-22T09:07:25+00:00\",\"dateModified\":\"2025-07-22T09:22:17+00:00\",\"mainEntityOfPage\":{\"@id\":\"https:\\\/\\\/automotiverevista.pt\\\/index.php\\\/2025\\\/07\\\/22\\\/mazda-lanca-nova-geracao-do-cx-5\\\/\"},\"wordCount\":188,\"publisher\":{\"@id\":\"https:\\\/\\\/automotiverevista.pt\\\/#organization\"},\"image\":{\"@id\":\"https:\\\/\\\/automotiverevista.pt\\\/index.php\\\/2025\\\/07\\\/22\\\/mazda-lanca-nova-geracao-do-cx-5\\\/#primaryimage\"},\"thumbnailUrl\":\"https:\\\/\\\/automotiverevista.pt\\\/wp-content\\\/uploads\\\/2025\\\/07\\\/11.jpg\",\"articleSection\":[\"Frotas\"],\"inLanguage\":\"pt-PT\"},{\"@type\":\"WebPage\",\"@id\":\"https:\\\/\\\/automotiverevista.pt\\\/index.php\\\/2025\\\/07\\\/22\\\/mazda-lanca-nova-geracao-do-cx-5\\\/\",\"url\":\"https:\\\/\\\/automotiverevista.pt\\\/index.php\\\/2025\\\/07\\\/22\\\/mazda-lanca-nova-geracao-do-cx-5\\\/\",\"name\":\"Mazda lan\u00e7a nova gera\u00e7\u00e3o do CX-5 - Revista Automotive\",\"isPartOf\":{\"@id\":\"https:\\\/\\\/automotiverevista.pt\\\/#website\"},\"primaryImageOfPage\":{\"@id\":\"https:\\\/\\\/automotiverevista.pt\\\/index.php\\\/2025\\\/07\\\/22\\\/mazda-lanca-nova-geracao-do-cx-5\\\/#primaryimage\"},\"image\":{\"@id\":\"https:\\\/\\\/automotiverevista.pt\\\/index.php\\\/2025\\\/07\\\/22\\\/mazda-lanca-nova-geracao-do-cx-5\\\/#primaryimage\"},\"thumbnailUrl\":\"https:\\\/\\\/automotiverevista.pt\\\/wp-content\\\/uploads\\\/2025\\\/07\\\/11.jpg\",\"datePublished\":\"2025-07-22T09:07:25+00:00\",\"dateModified\":\"2025-07-22T09:22:17+00:00\",\"description\":\"A Mazda otimizou o motor CX-5 a gasolina de 2,5 litros, a terceira gera\u00e7\u00e3o que ser\u00e1 lan\u00e7ada em toda a Europa a partir de dezembro de 2025, pr\",\"breadcrumb\":{\"@id\":\"https:\\\/\\\/automotiverevista.pt\\\/index.php\\\/2025\\\/07\\\/22\\\/mazda-lanca-nova-geracao-do-cx-5\\\/#breadcrumb\"},\"inLanguage\":\"pt-PT\",\"potentialAction\":[{\"@type\":\"ReadAction\",\"target\":[\"https:\\\/\\\/automotiverevista.pt\\\/index.php\\\/2025\\\/07\\\/22\\\/mazda-lanca-nova-geracao-do-cx-5\\\/\"]}]},{\"@type\":\"ImageObject\",\"inLanguage\":\"pt-PT\",\"@id\":\"https:\\\/\\\/automotiverevista.pt\\\/index.php\\\/2025\\\/07\\\/22\\\/mazda-lanca-nova-geracao-do-cx-5\\\/#primaryimage\",\"url\":\"https:\\\/\\\/automotiverevista.pt\\\/wp-content\\\/uploads\\\/2025\\\/07\\\/11.jpg\",\"contentUrl\":\"https:\\\/\\\/automotiverevista.pt\\\/wp-content\\\/uploads\\\/2025\\\/07\\\/11.jpg\",\"width\":968,\"height\":544},{\"@type\":\"BreadcrumbList\",\"@id\":\"https:\\\/\\\/automotiverevista.pt\\\/index.php\\\/2025\\\/07\\\/22\\\/mazda-lanca-nova-geracao-do-cx-5\\\/#breadcrumb\",\"itemListElement\":[{\"@type\":\"ListItem\",\"position\":1,\"name\":\"Home\",\"item\":\"https:\\\/\\\/automotiverevista.pt\\\/\"},{\"@type\":\"ListItem\",\"position\":2,\"name\":\"Mazda lan\u00e7a nova gera\u00e7\u00e3o do CX-5\"}]},{\"@type\":\"WebSite\",\"@id\":\"https:\\\/\\\/automotiverevista.pt\\\/#website\",\"url\":\"https:\\\/\\\/automotiverevista.pt\\\/\",\"name\":\"Revista Automotive\",\"description\":\"Revista Automotive Portugal\",\"publisher\":{\"@id\":\"https:\\\/\\\/automotiverevista.pt\\\/#organization\"},\"potentialAction\":[{\"@type\":\"SearchAction\",\"target\":{\"@type\":\"EntryPoint\",\"urlTemplate\":\"https:\\\/\\\/automotiverevista.pt\\\/?s={search_term_string}\"},\"query-input\":{\"@type\":\"PropertyValueSpecification\",\"valueRequired\":true,\"valueName\":\"search_term_string\"}}],\"inLanguage\":\"pt-PT\"},{\"@type\":\"Organization\",\"@id\":\"https:\\\/\\\/automotiverevista.pt\\\/#organization\",\"name\":\"Revista Automotive Portugal\",\"url\":\"https:\\\/\\\/automotiverevista.pt\\\/\",\"logo\":{\"@type\":\"ImageObject\",\"inLanguage\":\"pt-PT\",\"@id\":\"https:\\\/\\\/automotiverevista.pt\\\/#\\\/schema\\\/logo\\\/image\\\/\",\"url\":\"https:\\\/\\\/automotiverevista.pt\\\/wp-content\\\/uploads\\\/2022\\\/07\\\/Logo-Automotive-2021_500-1.jpg\",\"contentUrl\":\"https:\\\/\\\/automotiverevista.pt\\\/wp-content\\\/uploads\\\/2022\\\/07\\\/Logo-Automotive-2021_500-1.jpg\",\"width\":500,\"height\":160,\"caption\":\"Revista Automotive Portugal\"},\"image\":{\"@id\":\"https:\\\/\\\/automotiverevista.pt\\\/#\\\/schema\\\/logo\\\/image\\\/\"},\"sameAs\":[\"https:\\\/\\\/linkedin.com\\\/in\\\/automotiverevista\"]},{\"@type\":\"Person\",\"@id\":\"https:\\\/\\\/automotiverevista.pt\\\/#\\\/schema\\\/person\\\/1e95eb12553b8edd256acb00fe6dad4b\",\"name\":\"Fatima Silva\",\"image\":{\"@type\":\"ImageObject\",\"inLanguage\":\"pt-PT\",\"@id\":\"https:\\\/\\\/secure.gravatar.com\\\/avatar\\\/4b4a955a9c1b66708ab0dd3bd6181ac1f650299d893bd337a28482f7f19c8511?s=96&d=mm&r=g\",\"url\":\"https:\\\/\\\/secure.gravatar.com\\\/avatar\\\/4b4a955a9c1b66708ab0dd3bd6181ac1f650299d893bd337a28482f7f19c8511?s=96&d=mm&r=g\",\"contentUrl\":\"https:\\\/\\\/secure.gravatar.com\\\/avatar\\\/4b4a955a9c1b66708ab0dd3bd6181ac1f650299d893bd337a28482f7f19c8511?s=96&d=mm&r=g\",\"caption\":\"Fatima Silva\"},\"url\":\"https:\\\/\\\/automotiverevista.pt\\\/index.php\\\/author\\\/fgasparsilva\\\/\"}]}<\/script>\n<!-- \/ Yoast SEO Premium plugin. -->","yoast_head_json":{"title":"Mazda lan\u00e7a nova gera\u00e7\u00e3o do CX-5 - Revista Automotive","description":"A Mazda otimizou o motor CX-5 a gasolina de 2,5 litros, a terceira gera\u00e7\u00e3o que ser\u00e1 lan\u00e7ada em toda a Europa a partir de dezembro de 2025, pr","robots":{"index":"index","follow":"follow","max-snippet":"max-snippet:-1","max-image-preview":"max-image-preview:large","max-video-preview":"max-video-preview:-1"},"canonical":"https:\/\/automotiverevista.pt\/index.php\/2025\/07\/22\/mazda-lanca-nova-geracao-do-cx-5\/","og_locale":"pt_PT","og_type":"article","og_title":"Mazda lan\u00e7a nova gera\u00e7\u00e3o do CX-5","og_description":"A Mazda otimizou o motor CX-5 a gasolina de 2,5 litros, a terceira gera\u00e7\u00e3o que ser\u00e1 lan\u00e7ada em toda a Europa a partir de dezembro de 2025, pr","og_url":"https:\/\/automotiverevista.pt\/index.php\/2025\/07\/22\/mazda-lanca-nova-geracao-do-cx-5\/","og_site_name":"Revista Automotive","article_published_time":"2025-07-22T09:07:25+00:00","article_modified_time":"2025-07-22T09:22:17+00:00","og_image":[{"width":968,"height":544,"url":"https:\/\/automotiverevista.pt\/wp-content\/uploads\/2025\/07\/11.jpg","type":"image\/jpeg"}],"author":"Fatima Silva","twitter_card":"summary_large_image","twitter_misc":{"Escrito por":"Fatima Silva","Tempo estimado de leitura":"2 minutos"},"schema":{"@context":"https:\/\/schema.org","@graph":[{"@type":"Article","@id":"https:\/\/automotiverevista.pt\/index.php\/2025\/07\/22\/mazda-lanca-nova-geracao-do-cx-5\/#article","isPartOf":{"@id":"https:\/\/automotiverevista.pt\/index.php\/2025\/07\/22\/mazda-lanca-nova-geracao-do-cx-5\/"},"author":{"name":"Fatima Silva","@id":"https:\/\/automotiverevista.pt\/#\/schema\/person\/1e95eb12553b8edd256acb00fe6dad4b"},"headline":"Mazda lan\u00e7a nova gera\u00e7\u00e3o do CX-5","datePublished":"2025-07-22T09:07:25+00:00","dateModified":"2025-07-22T09:22:17+00:00","mainEntityOfPage":{"@id":"https:\/\/automotiverevista.pt\/index.php\/2025\/07\/22\/mazda-lanca-nova-geracao-do-cx-5\/"},"wordCount":188,"publisher":{"@id":"https:\/\/automotiverevista.pt\/#organization"},"image":{"@id":"https:\/\/automotiverevista.pt\/index.php\/2025\/07\/22\/mazda-lanca-nova-geracao-do-cx-5\/#primaryimage"},"thumbnailUrl":"https:\/\/automotiverevista.pt\/wp-content\/uploads\/2025\/07\/11.jpg","articleSection":["Frotas"],"inLanguage":"pt-PT"},{"@type":"WebPage","@id":"https:\/\/automotiverevista.pt\/index.php\/2025\/07\/22\/mazda-lanca-nova-geracao-do-cx-5\/","url":"https:\/\/automotiverevista.pt\/index.php\/2025\/07\/22\/mazda-lanca-nova-geracao-do-cx-5\/","name":"Mazda lan\u00e7a nova gera\u00e7\u00e3o do CX-5 - Revista Automotive","isPartOf":{"@id":"https:\/\/automotiverevista.pt\/#website"},"primaryImageOfPage":{"@id":"https:\/\/automotiverevista.pt\/index.php\/2025\/07\/22\/mazda-lanca-nova-geracao-do-cx-5\/#primaryimage"},"image":{"@id":"https:\/\/automotiverevista.pt\/index.php\/2025\/07\/22\/mazda-lanca-nova-geracao-do-cx-5\/#primaryimage"},"thumbnailUrl":"https:\/\/automotiverevista.pt\/wp-content\/uploads\/2025\/07\/11.jpg","datePublished":"2025-07-22T09:07:25+00:00","dateModified":"2025-07-22T09:22:17+00:00","description":"A Mazda otimizou o motor CX-5 a gasolina de 2,5 litros, a terceira gera\u00e7\u00e3o que ser\u00e1 lan\u00e7ada em toda a Europa a partir de dezembro de 2025, pr","breadcrumb":{"@id":"https:\/\/automotiverevista.pt\/index.php\/2025\/07\/22\/mazda-lanca-nova-geracao-do-cx-5\/#breadcrumb"},"inLanguage":"pt-PT","potentialAction":[{"@type":"ReadAction","target":["https:\/\/automotiverevista.pt\/index.php\/2025\/07\/22\/mazda-lanca-nova-geracao-do-cx-5\/"]}]},{"@type":"ImageObject","inLanguage":"pt-PT","@id":"https:\/\/automotiverevista.pt\/index.php\/2025\/07\/22\/mazda-lanca-nova-geracao-do-cx-5\/#primaryimage","url":"https:\/\/automotiverevista.pt\/wp-content\/uploads\/2025\/07\/11.jpg","contentUrl":"https:\/\/automotiverevista.pt\/wp-content\/uploads\/2025\/07\/11.jpg","width":968,"height":544},{"@type":"BreadcrumbList","@id":"https:\/\/automotiverevista.pt\/index.php\/2025\/07\/22\/mazda-lanca-nova-geracao-do-cx-5\/#breadcrumb","itemListElement":[{"@type":"ListItem","position":1,"name":"Home","item":"https:\/\/automotiverevista.pt\/"},{"@type":"ListItem","position":2,"name":"Mazda lan\u00e7a nova gera\u00e7\u00e3o do CX-5"}]},{"@type":"WebSite","@id":"https:\/\/automotiverevista.pt\/#website","url":"https:\/\/automotiverevista.pt\/","name":"Revista Automotive","description":"Revista Automotive Portugal","publisher":{"@id":"https:\/\/automotiverevista.pt\/#organization"},"potentialAction":[{"@type":"SearchAction","target":{"@type":"EntryPoint","urlTemplate":"https:\/\/automotiverevista.pt\/?s={search_term_string}"},"query-input":{"@type":"PropertyValueSpecification","valueRequired":true,"valueName":"search_term_string"}}],"inLanguage":"pt-PT"},{"@type":"Organization","@id":"https:\/\/automotiverevista.pt\/#organization","name":"Revista Automotive Portugal","url":"https:\/\/automotiverevista.pt\/","logo":{"@type":"ImageObject","inLanguage":"pt-PT","@id":"https:\/\/automotiverevista.pt\/#\/schema\/logo\/image\/","url":"https:\/\/automotiverevista.pt\/wp-content\/uploads\/2022\/07\/Logo-Automotive-2021_500-1.jpg","contentUrl":"https:\/\/automotiverevista.pt\/wp-content\/uploads\/2022\/07\/Logo-Automotive-2021_500-1.jpg","width":500,"height":160,"caption":"Revista Automotive Portugal"},"image":{"@id":"https:\/\/automotiverevista.pt\/#\/schema\/logo\/image\/"},"sameAs":["https:\/\/linkedin.com\/in\/automotiverevista"]},{"@type":"Person","@id":"https:\/\/automotiverevista.pt\/#\/schema\/person\/1e95eb12553b8edd256acb00fe6dad4b","name":"Fatima Silva","image":{"@type":"ImageObject","inLanguage":"pt-PT","@id":"https:\/\/secure.gravatar.com\/avatar\/4b4a955a9c1b66708ab0dd3bd6181ac1f650299d893bd337a28482f7f19c8511?s=96&d=mm&r=g","url":"https:\/\/secure.gravatar.com\/avatar\/4b4a955a9c1b66708ab0dd3bd6181ac1f650299d893bd337a28482f7f19c8511?s=96&d=mm&r=g","contentUrl":"https:\/\/secure.gravatar.com\/avatar\/4b4a955a9c1b66708ab0dd3bd6181ac1f650299d893bd337a28482f7f19c8511?s=96&d=mm&r=g","caption":"Fatima Silva"},"url":"https:\/\/automotiverevista.pt\/index.php\/author\/fgasparsilva\/"}]}},"_links":{"self":[{"href":"https:\/\/automotiverevista.pt\/index.php\/wp-json\/wp\/v2\/posts\/10498","targetHints":{"allow":["GET"]}}],"collection":[{"href":"https:\/\/automotiverevista.pt\/index.php\/wp-json\/wp\/v2\/posts"}],"about":[{"href":"https:\/\/automotiverevista.pt\/index.php\/wp-json\/wp\/v2\/types\/post"}],"author":[{"embeddable":true,"href":"https:\/\/automotiverevista.pt\/index.php\/wp-json\/wp\/v2\/users\/4"}],"replies":[{"embeddable":true,"href":"https:\/\/automotiverevista.pt\/index.php\/wp-json\/wp\/v2\/comments?post=10498"}],"version-history":[{"count":2,"href":"https:\/\/automotiverevista.pt\/index.php\/wp-json\/wp\/v2\/posts\/10498\/revisions"}],"predecessor-version":[{"id":10505,"href":"https:\/\/automotiverevista.pt\/index.php\/wp-json\/wp\/v2\/posts\/10498\/revisions\/10505"}],"wp:featuredmedia":[{"embeddable":true,"href":"https:\/\/automotiverevista.pt\/index.php\/wp-json\/wp\/v2\/media\/10500"}],"wp:attachment":[{"href":"https:\/\/automotiverevista.pt\/index.php\/wp-json\/wp\/v2\/media?parent=10498"}],"wp:term":[{"taxonomy":"category","embeddable":true,"href":"https:\/\/automotiverevista.pt\/index.php\/wp-json\/wp\/v2\/categories?post=10498"},{"taxonomy":"post_tag","embeddable":true,"href":"https:\/\/automotiverevista.pt\/index.php\/wp-json\/wp\/v2\/tags?post=10498"}],"curies":[{"name":"wp","href":"https:\/\/api.w.org\/{rel}","templated":true}]}}