{"id":10517,"date":"2025-07-25T15:59:00","date_gmt":"2025-07-25T15:59:00","guid":{"rendered":"https:\/\/automotiverevista.pt\/?p=10517"},"modified":"2025-07-25T13:31:29","modified_gmt":"2025-07-25T13:31:29","slug":"zf-deixa-alltrucks-e-expande-conceito-proprio","status":"publish","type":"post","link":"https:\/\/automotiverevista.pt\/index.php\/2025\/07\/25\/zf-deixa-alltrucks-e-expande-conceito-proprio\/","title":{"rendered":"ZF deixa Alltrucks e expande conceito pr\u00f3prio"},"content":{"rendered":"\n<p>Ol\u00e1, ZF [pro]Service, adeus Alltrucks. O conceito multimarcas da ZF para empresas de repara\u00e7\u00e3o de ve\u00edculos comerciais est\u00e1 a expandir a sua presen\u00e7a em diversos pa\u00edses, sobretudo em Portugal.<\/p>\n\n\n\n<p>A expans\u00e3o do ZF [pro]Service \u00e9 acompanhada pela sa\u00edda oficial da ZF, do conceito de oficina Alltrucks.&nbsp; Segundo a marca, durante um curto per\u00edodo de transi\u00e7\u00e3o, todos os servi\u00e7os prestados pela ZF estar\u00e3o totalmente dispon\u00edveis para as empresas membros da Alltrucks.<\/p>\n\n\n\n<p>Segundo<strong> Aleksander Rabinovitch<\/strong>, Head of Business Line Commercial Vehicles na ZF Aftermarket, \u201cestamos convencidos de que o ZF [pro]Service disponibiliza \u00e0s oficinas um enorme valor acrescentado, fornecendo um amplo portf\u00f3lio de produtos para autocarros, reboques e cami\u00f5es, bem como uma gama abrangente de servi\u00e7os a partir de uma \u00fanica fonte.<\/p>\n\n\n\n<p>Um parceiro forte \u00e9 essencial para superar desafios t\u00e9cnicos e manter a competitividade. O ZF [pro]Service d\u00e1 \u00e0s empresas de ve\u00edculos comerciais acesso \u00e0 gama completa do maior fornecedor de ve\u00edculos comerciais do mundo. Apoiamo-los com as tecnologias mais recentes, solu\u00e7\u00f5es de diagn\u00f3stico, forma\u00e7\u00e3o e servi\u00e7os abrangentes. Isto permite que se preparem melhor para o futuro e alcancem todo o seu potencial\u201d, destacou.<\/p>\n\n\n<div class=\"wp-block-image\">\n<figure class=\"alignleft size-large is-resized\"><img decoding=\"async\" width=\"1024\" height=\"683\" src=\"https:\/\/automotiverevista.pt\/wp-content\/uploads\/2025\/07\/1-2-1024x683.jpg\" alt=\"\" class=\"wp-image-10519\" style=\"width:492px;height:auto\" srcset=\"https:\/\/automotiverevista.pt\/wp-content\/uploads\/2025\/07\/1-2-1024x683.jpg 1024w, https:\/\/automotiverevista.pt\/wp-content\/uploads\/2025\/07\/1-2-300x200.jpg 300w, https:\/\/automotiverevista.pt\/wp-content\/uploads\/2025\/07\/1-2-768x513.jpg 768w, https:\/\/automotiverevista.pt\/wp-content\/uploads\/2025\/07\/1-2-750x501.jpg 750w, https:\/\/automotiverevista.pt\/wp-content\/uploads\/2025\/07\/1-2-1140x761.jpg 1140w, https:\/\/automotiverevista.pt\/wp-content\/uploads\/2025\/07\/1-2.jpg 1500w\" sizes=\"(max-width: 1024px) 100vw, 1024px\" \/><\/figure>\n<\/div>\n\n\n<p>Baseado em princ\u00edpios de proximidade e transpar\u00eancia, os respons\u00e1veis da ZF asseguram um contacto direto com especialistas da ZF Aftermarket e ao suporte digital completo, aos parceiros do ZF [pro]Service, com vantagens que aceleram significativamente a repara\u00e7\u00e3o e elevam ainda mais a qualidade do servi\u00e7o prestado.<\/p>\n\n\n\n<p>Os conceitos oficinais de marca est\u00e3o a ganhar mais aderentes entre as empresas independentes do setor de ve\u00edculos comerciais, pois permitem, entre outras facilidades, um maior acesso aos dados t\u00e9cnicos e informa\u00e7\u00f5es de repara\u00e7\u00e3o sobre os modelos mais recentes de cami\u00f5es e autocarros, por exemplo.<\/p>\n\n\n\n<p><strong>Novas ferramentas de diagn\u00f3stico<\/strong><\/p>\n\n\n\n<p>O ZF Scan \u00e9 uma novidade importante na gama de servi\u00e7os da ZF para empresas de ve\u00edculos comerciais. Combina as solu\u00e7\u00f5es de diagn\u00f3stico propriet\u00e1rias anteriores da ZF \u2014 ZF Testman e o Original System Diagnostics (anteriormente sob a marca WABCO) \u2014 numa plataforma de diagn\u00f3stico f\u00e1cil de usar para ve\u00edculos comerciais, autocarros, reboques e aplica\u00e7\u00f5es fora de estrada.<\/p>\n\n\n\n<p>Esta ferramenta, permite a manuten\u00e7\u00e3o conveniente de todos os componentes ZF, incluindo transmiss\u00f5es, sistemas de travagem e controlo do chassis, tudo atrav\u00e9s de uma \u00fanica interface (DCI). Al\u00e9m disso, garante conformidade com o Regulamento UNECE 156, gra\u00e7as ao suporte do SUMS (Sistema de Gest\u00e3o de Atualiza\u00e7\u00f5es de Software), e cumpre os requisitos de ciberseguran\u00e7a do Regulamento UNECE 155.<\/p>\n\n\n\n<p>Outro novo produto de diagn\u00f3stico \u00e9 o ZF MultiScan, um evolu\u00eddo sistema de diagn\u00f3stico multimarca, para o qual est\u00e1 dispon\u00edvel software especializado para diferentes segmentos de ve\u00edculos. As variantes MultiScan Trailer e MultiScan Truck &amp; Bus s\u00e3o adequadas para opera\u00e7\u00f5es com ve\u00edculos comerciais. Tanto o ZF MultiScan como o ZF Scan fazem parte do novo ecossistema ZF [pro]Diagnostics.<\/p>\n\n\n\n<p><strong>Novas oportunidades<\/strong><\/p>\n\n\n\n<p>Para a sua rede, o ZF [pro]Service concentra-se em oficinas de ve\u00edculos comerciais com um claro foco no cliente, e os novos parceiros devem passar por uma avalia\u00e7\u00e3o inicial de acordo com crit\u00e9rios de admiss\u00e3o rigorosos. Auditorias regulares tamb\u00e9m fazem parte das medidas de garantia de qualidade do ZF [pro]Service. Os servi\u00e7os do ZF [pro]Service j\u00e1 conquistaram mais de 3.000 oficinas em 89 pa\u00edses, em todo o mundo.<\/p>\n\n\n\n<p>O conceito ZF [pro]Service tamb\u00e9m disponibiliza uma solu\u00e7\u00e3o de \u00faltima gera\u00e7\u00e3o concebida para maximizar o tempo de atividade de frotas de cami\u00f5es, reboques e autocarros. Ao trabalhar com oficinas altamente qualificadas, a ZF Aftermarket garante uma manuten\u00e7\u00e3o eficiente e de alta qualidade.<\/p>\n\n\n\n<p>O conceito desenvolvido pela ZF inclui forma\u00e7\u00e3o especializada apoiada por OE em 46 centros da ZF [pro]Academy, visitas regulares de especialistas da ZF e uma rede de call centers em 36 pa\u00edses, que asseguram uma assist\u00eancia competente e r\u00e1pida nos idiomas locais. A ZF tamb\u00e9m proporciona o acesso a ferramentas de diagn\u00f3stico que melhoram a dete\u00e7\u00e3o de falhas e a precis\u00e3o nas repara\u00e7\u00f5es.<\/p>\n\n\n\n<p>A Revista Automotive sabe que atrav\u00e9s da sua rede de distribuidores de pe\u00e7as genu\u00ednas estrategicamente localizados e pr\u00f3ximo de oficinas, o conceito ZF (pro) Service tem vindo a ser apresentado ao longo deste ano com diversas a\u00e7\u00f5es formativas, iniciativa que tem vindo a alcan\u00e7ar uma boa recetividade por parte dos profissionais do setor.<\/p>\n\n\n<div class=\"wp-block-image\">\n<figure class=\"aligncenter size-large is-resized\"><img decoding=\"async\" width=\"1024\" height=\"683\" src=\"https:\/\/automotiverevista.pt\/wp-content\/uploads\/2025\/07\/2-3-1024x683.jpg\" alt=\"\" class=\"wp-image-10520\" style=\"width:666px;height:auto\" srcset=\"https:\/\/automotiverevista.pt\/wp-content\/uploads\/2025\/07\/2-3-1024x683.jpg 1024w, https:\/\/automotiverevista.pt\/wp-content\/uploads\/2025\/07\/2-3-300x200.jpg 300w, https:\/\/automotiverevista.pt\/wp-content\/uploads\/2025\/07\/2-3-768x512.jpg 768w, https:\/\/automotiverevista.pt\/wp-content\/uploads\/2025\/07\/2-3-750x500.jpg 750w, https:\/\/automotiverevista.pt\/wp-content\/uploads\/2025\/07\/2-3-1140x760.jpg 1140w, https:\/\/automotiverevista.pt\/wp-content\/uploads\/2025\/07\/2-3.jpg 1500w\" sizes=\"(max-width: 1024px) 100vw, 1024px\" \/><\/figure>\n<\/div>","protected":false},"excerpt":{"rendered":"<p>Ol\u00e1, ZF [pro]Service, adeus Alltrucks. O conceito multimarcas da ZF para empresas de repara\u00e7\u00e3o de ve\u00edculos comerciais est\u00e1 a expandir a sua presen\u00e7a em diversos pa\u00edses, sobretudo em Portugal. A expans\u00e3o do ZF [pro]Service \u00e9 acompanhada pela sa\u00edda oficial da ZF, do conceito de oficina Alltrucks.&nbsp; Segundo a marca, durante um curto per\u00edodo de transi\u00e7\u00e3o, [&hellip;]<\/p>\n","protected":false},"author":4,"featured_media":10518,"comment_status":"closed","ping_status":"open","sticky":false,"template":"","format":"standard","meta":{"jnews-multi-image_gallery":[],"jnews_single_post":{"format":"standard"},"jnews_primary_category":[],"footnotes":""},"categories":[21],"tags":[],"class_list":["post-10517","post","type-post","status-publish","format-standard","has-post-thumbnail","hentry","category-pos-venda"],"yoast_head":"<!-- This site is optimized with the Yoast SEO Premium plugin v27.2 (Yoast SEO v27.5) - https:\/\/yoast.com\/product\/yoast-seo-premium-wordpress\/ -->\n<title>ZF deixa Alltrucks e expande conceito pr\u00f3prio - Revista Automotive<\/title>\n<meta name=\"description\" content=\"A expans\u00e3o do ZF [pro]Service \u00e9 acompanhada pela sa\u00edda oficial da ZF, do conceito de oficina Alltrucks.\u00a0 Segundo a marca, durante um curto per\" \/>\n<meta name=\"robots\" content=\"index, follow, max-snippet:-1, max-image-preview:large, max-video-preview:-1\" \/>\n<link rel=\"canonical\" href=\"https:\/\/automotiverevista.pt\/index.php\/2025\/07\/25\/zf-deixa-alltrucks-e-expande-conceito-proprio\/\" \/>\n<meta property=\"og:locale\" content=\"pt_PT\" \/>\n<meta property=\"og:type\" content=\"article\" \/>\n<meta property=\"og:title\" content=\"ZF deixa Alltrucks e expande conceito pr\u00f3prio\" \/>\n<meta property=\"og:description\" content=\"A expans\u00e3o do ZF [pro]Service \u00e9 acompanhada pela sa\u00edda oficial da ZF, do conceito de oficina Alltrucks.\u00a0 Segundo a marca, durante um curto per\" \/>\n<meta property=\"og:url\" content=\"https:\/\/automotiverevista.pt\/index.php\/2025\/07\/25\/zf-deixa-alltrucks-e-expande-conceito-proprio\/\" \/>\n<meta property=\"og:site_name\" content=\"Revista Automotive\" \/>\n<meta property=\"article:published_time\" content=\"2025-07-25T15:59:00+00:00\" \/>\n<meta property=\"og:image\" content=\"https:\/\/automotiverevista.pt\/wp-content\/uploads\/2025\/07\/3.jpg\" \/>\n\t<meta property=\"og:image:width\" content=\"1500\" \/>\n\t<meta property=\"og:image:height\" content=\"1001\" \/>\n\t<meta property=\"og:image:type\" content=\"image\/jpeg\" \/>\n<meta name=\"author\" content=\"Fatima Silva\" \/>\n<meta name=\"twitter:card\" content=\"summary_large_image\" \/>\n<meta name=\"twitter:label1\" content=\"Escrito por\" \/>\n\t<meta name=\"twitter:data1\" content=\"Fatima Silva\" \/>\n\t<meta name=\"twitter:label2\" content=\"Tempo estimado de leitura\" \/>\n\t<meta name=\"twitter:data2\" content=\"5 minutos\" \/>\n<script type=\"application\/ld+json\" class=\"yoast-schema-graph\">{\"@context\":\"https:\\\/\\\/schema.org\",\"@graph\":[{\"@type\":\"Article\",\"@id\":\"https:\\\/\\\/automotiverevista.pt\\\/index.php\\\/2025\\\/07\\\/25\\\/zf-deixa-alltrucks-e-expande-conceito-proprio\\\/#article\",\"isPartOf\":{\"@id\":\"https:\\\/\\\/automotiverevista.pt\\\/index.php\\\/2025\\\/07\\\/25\\\/zf-deixa-alltrucks-e-expande-conceito-proprio\\\/\"},\"author\":{\"name\":\"Fatima Silva\",\"@id\":\"https:\\\/\\\/automotiverevista.pt\\\/#\\\/schema\\\/person\\\/1e95eb12553b8edd256acb00fe6dad4b\"},\"headline\":\"ZF deixa Alltrucks e expande conceito pr\u00f3prio\",\"datePublished\":\"2025-07-25T15:59:00+00:00\",\"mainEntityOfPage\":{\"@id\":\"https:\\\/\\\/automotiverevista.pt\\\/index.php\\\/2025\\\/07\\\/25\\\/zf-deixa-alltrucks-e-expande-conceito-proprio\\\/\"},\"wordCount\":772,\"publisher\":{\"@id\":\"https:\\\/\\\/automotiverevista.pt\\\/#organization\"},\"image\":{\"@id\":\"https:\\\/\\\/automotiverevista.pt\\\/index.php\\\/2025\\\/07\\\/25\\\/zf-deixa-alltrucks-e-expande-conceito-proprio\\\/#primaryimage\"},\"thumbnailUrl\":\"https:\\\/\\\/automotiverevista.pt\\\/wp-content\\\/uploads\\\/2025\\\/07\\\/3.jpg\",\"articleSection\":[\"P\u00f3s-Venda\"],\"inLanguage\":\"pt-PT\"},{\"@type\":\"WebPage\",\"@id\":\"https:\\\/\\\/automotiverevista.pt\\\/index.php\\\/2025\\\/07\\\/25\\\/zf-deixa-alltrucks-e-expande-conceito-proprio\\\/\",\"url\":\"https:\\\/\\\/automotiverevista.pt\\\/index.php\\\/2025\\\/07\\\/25\\\/zf-deixa-alltrucks-e-expande-conceito-proprio\\\/\",\"name\":\"ZF deixa Alltrucks e expande conceito pr\u00f3prio - Revista Automotive\",\"isPartOf\":{\"@id\":\"https:\\\/\\\/automotiverevista.pt\\\/#website\"},\"primaryImageOfPage\":{\"@id\":\"https:\\\/\\\/automotiverevista.pt\\\/index.php\\\/2025\\\/07\\\/25\\\/zf-deixa-alltrucks-e-expande-conceito-proprio\\\/#primaryimage\"},\"image\":{\"@id\":\"https:\\\/\\\/automotiverevista.pt\\\/index.php\\\/2025\\\/07\\\/25\\\/zf-deixa-alltrucks-e-expande-conceito-proprio\\\/#primaryimage\"},\"thumbnailUrl\":\"https:\\\/\\\/automotiverevista.pt\\\/wp-content\\\/uploads\\\/2025\\\/07\\\/3.jpg\",\"datePublished\":\"2025-07-25T15:59:00+00:00\",\"description\":\"A expans\u00e3o do ZF [pro]Service \u00e9 acompanhada pela sa\u00edda oficial da ZF, do conceito de oficina Alltrucks.\u00a0 Segundo a marca, durante um curto per\",\"breadcrumb\":{\"@id\":\"https:\\\/\\\/automotiverevista.pt\\\/index.php\\\/2025\\\/07\\\/25\\\/zf-deixa-alltrucks-e-expande-conceito-proprio\\\/#breadcrumb\"},\"inLanguage\":\"pt-PT\",\"potentialAction\":[{\"@type\":\"ReadAction\",\"target\":[\"https:\\\/\\\/automotiverevista.pt\\\/index.php\\\/2025\\\/07\\\/25\\\/zf-deixa-alltrucks-e-expande-conceito-proprio\\\/\"]}]},{\"@type\":\"ImageObject\",\"inLanguage\":\"pt-PT\",\"@id\":\"https:\\\/\\\/automotiverevista.pt\\\/index.php\\\/2025\\\/07\\\/25\\\/zf-deixa-alltrucks-e-expande-conceito-proprio\\\/#primaryimage\",\"url\":\"https:\\\/\\\/automotiverevista.pt\\\/wp-content\\\/uploads\\\/2025\\\/07\\\/3.jpg\",\"contentUrl\":\"https:\\\/\\\/automotiverevista.pt\\\/wp-content\\\/uploads\\\/2025\\\/07\\\/3.jpg\",\"width\":1500,\"height\":1001},{\"@type\":\"BreadcrumbList\",\"@id\":\"https:\\\/\\\/automotiverevista.pt\\\/index.php\\\/2025\\\/07\\\/25\\\/zf-deixa-alltrucks-e-expande-conceito-proprio\\\/#breadcrumb\",\"itemListElement\":[{\"@type\":\"ListItem\",\"position\":1,\"name\":\"Home\",\"item\":\"https:\\\/\\\/automotiverevista.pt\\\/\"},{\"@type\":\"ListItem\",\"position\":2,\"name\":\"ZF deixa Alltrucks e expande conceito pr\u00f3prio\"}]},{\"@type\":\"WebSite\",\"@id\":\"https:\\\/\\\/automotiverevista.pt\\\/#website\",\"url\":\"https:\\\/\\\/automotiverevista.pt\\\/\",\"name\":\"Revista Automotive\",\"description\":\"Revista Automotive Portugal\",\"publisher\":{\"@id\":\"https:\\\/\\\/automotiverevista.pt\\\/#organization\"},\"potentialAction\":[{\"@type\":\"SearchAction\",\"target\":{\"@type\":\"EntryPoint\",\"urlTemplate\":\"https:\\\/\\\/automotiverevista.pt\\\/?s={search_term_string}\"},\"query-input\":{\"@type\":\"PropertyValueSpecification\",\"valueRequired\":true,\"valueName\":\"search_term_string\"}}],\"inLanguage\":\"pt-PT\"},{\"@type\":\"Organization\",\"@id\":\"https:\\\/\\\/automotiverevista.pt\\\/#organization\",\"name\":\"Revista Automotive Portugal\",\"url\":\"https:\\\/\\\/automotiverevista.pt\\\/\",\"logo\":{\"@type\":\"ImageObject\",\"inLanguage\":\"pt-PT\",\"@id\":\"https:\\\/\\\/automotiverevista.pt\\\/#\\\/schema\\\/logo\\\/image\\\/\",\"url\":\"https:\\\/\\\/automotiverevista.pt\\\/wp-content\\\/uploads\\\/2022\\\/07\\\/Logo-Automotive-2021_500-1.jpg\",\"contentUrl\":\"https:\\\/\\\/automotiverevista.pt\\\/wp-content\\\/uploads\\\/2022\\\/07\\\/Logo-Automotive-2021_500-1.jpg\",\"width\":500,\"height\":160,\"caption\":\"Revista Automotive Portugal\"},\"image\":{\"@id\":\"https:\\\/\\\/automotiverevista.pt\\\/#\\\/schema\\\/logo\\\/image\\\/\"},\"sameAs\":[\"https:\\\/\\\/linkedin.com\\\/in\\\/automotiverevista\"]},{\"@type\":\"Person\",\"@id\":\"https:\\\/\\\/automotiverevista.pt\\\/#\\\/schema\\\/person\\\/1e95eb12553b8edd256acb00fe6dad4b\",\"name\":\"Fatima Silva\",\"image\":{\"@type\":\"ImageObject\",\"inLanguage\":\"pt-PT\",\"@id\":\"https:\\\/\\\/secure.gravatar.com\\\/avatar\\\/4b4a955a9c1b66708ab0dd3bd6181ac1f650299d893bd337a28482f7f19c8511?s=96&d=mm&r=g\",\"url\":\"https:\\\/\\\/secure.gravatar.com\\\/avatar\\\/4b4a955a9c1b66708ab0dd3bd6181ac1f650299d893bd337a28482f7f19c8511?s=96&d=mm&r=g\",\"contentUrl\":\"https:\\\/\\\/secure.gravatar.com\\\/avatar\\\/4b4a955a9c1b66708ab0dd3bd6181ac1f650299d893bd337a28482f7f19c8511?s=96&d=mm&r=g\",\"caption\":\"Fatima Silva\"},\"url\":\"https:\\\/\\\/automotiverevista.pt\\\/index.php\\\/author\\\/fgasparsilva\\\/\"}]}<\/script>\n<!-- \/ Yoast SEO Premium plugin. -->","yoast_head_json":{"title":"ZF deixa Alltrucks e expande conceito pr\u00f3prio - Revista Automotive","description":"A expans\u00e3o do ZF [pro]Service \u00e9 acompanhada pela sa\u00edda oficial da ZF, do conceito de oficina Alltrucks.\u00a0 Segundo a marca, durante um curto per","robots":{"index":"index","follow":"follow","max-snippet":"max-snippet:-1","max-image-preview":"max-image-preview:large","max-video-preview":"max-video-preview:-1"},"canonical":"https:\/\/automotiverevista.pt\/index.php\/2025\/07\/25\/zf-deixa-alltrucks-e-expande-conceito-proprio\/","og_locale":"pt_PT","og_type":"article","og_title":"ZF deixa Alltrucks e expande conceito pr\u00f3prio","og_description":"A expans\u00e3o do ZF [pro]Service \u00e9 acompanhada pela sa\u00edda oficial da ZF, do conceito de oficina Alltrucks.\u00a0 Segundo a marca, durante um curto per","og_url":"https:\/\/automotiverevista.pt\/index.php\/2025\/07\/25\/zf-deixa-alltrucks-e-expande-conceito-proprio\/","og_site_name":"Revista Automotive","article_published_time":"2025-07-25T15:59:00+00:00","og_image":[{"width":1500,"height":1001,"url":"https:\/\/automotiverevista.pt\/wp-content\/uploads\/2025\/07\/3.jpg","type":"image\/jpeg"}],"author":"Fatima Silva","twitter_card":"summary_large_image","twitter_misc":{"Escrito por":"Fatima Silva","Tempo estimado de leitura":"5 minutos"},"schema":{"@context":"https:\/\/schema.org","@graph":[{"@type":"Article","@id":"https:\/\/automotiverevista.pt\/index.php\/2025\/07\/25\/zf-deixa-alltrucks-e-expande-conceito-proprio\/#article","isPartOf":{"@id":"https:\/\/automotiverevista.pt\/index.php\/2025\/07\/25\/zf-deixa-alltrucks-e-expande-conceito-proprio\/"},"author":{"name":"Fatima Silva","@id":"https:\/\/automotiverevista.pt\/#\/schema\/person\/1e95eb12553b8edd256acb00fe6dad4b"},"headline":"ZF deixa Alltrucks e expande conceito pr\u00f3prio","datePublished":"2025-07-25T15:59:00+00:00","mainEntityOfPage":{"@id":"https:\/\/automotiverevista.pt\/index.php\/2025\/07\/25\/zf-deixa-alltrucks-e-expande-conceito-proprio\/"},"wordCount":772,"publisher":{"@id":"https:\/\/automotiverevista.pt\/#organization"},"image":{"@id":"https:\/\/automotiverevista.pt\/index.php\/2025\/07\/25\/zf-deixa-alltrucks-e-expande-conceito-proprio\/#primaryimage"},"thumbnailUrl":"https:\/\/automotiverevista.pt\/wp-content\/uploads\/2025\/07\/3.jpg","articleSection":["P\u00f3s-Venda"],"inLanguage":"pt-PT"},{"@type":"WebPage","@id":"https:\/\/automotiverevista.pt\/index.php\/2025\/07\/25\/zf-deixa-alltrucks-e-expande-conceito-proprio\/","url":"https:\/\/automotiverevista.pt\/index.php\/2025\/07\/25\/zf-deixa-alltrucks-e-expande-conceito-proprio\/","name":"ZF deixa Alltrucks e expande conceito pr\u00f3prio - Revista Automotive","isPartOf":{"@id":"https:\/\/automotiverevista.pt\/#website"},"primaryImageOfPage":{"@id":"https:\/\/automotiverevista.pt\/index.php\/2025\/07\/25\/zf-deixa-alltrucks-e-expande-conceito-proprio\/#primaryimage"},"image":{"@id":"https:\/\/automotiverevista.pt\/index.php\/2025\/07\/25\/zf-deixa-alltrucks-e-expande-conceito-proprio\/#primaryimage"},"thumbnailUrl":"https:\/\/automotiverevista.pt\/wp-content\/uploads\/2025\/07\/3.jpg","datePublished":"2025-07-25T15:59:00+00:00","description":"A expans\u00e3o do ZF [pro]Service \u00e9 acompanhada pela sa\u00edda oficial da ZF, do conceito de oficina Alltrucks.\u00a0 Segundo a marca, durante um curto per","breadcrumb":{"@id":"https:\/\/automotiverevista.pt\/index.php\/2025\/07\/25\/zf-deixa-alltrucks-e-expande-conceito-proprio\/#breadcrumb"},"inLanguage":"pt-PT","potentialAction":[{"@type":"ReadAction","target":["https:\/\/automotiverevista.pt\/index.php\/2025\/07\/25\/zf-deixa-alltrucks-e-expande-conceito-proprio\/"]}]},{"@type":"ImageObject","inLanguage":"pt-PT","@id":"https:\/\/automotiverevista.pt\/index.php\/2025\/07\/25\/zf-deixa-alltrucks-e-expande-conceito-proprio\/#primaryimage","url":"https:\/\/automotiverevista.pt\/wp-content\/uploads\/2025\/07\/3.jpg","contentUrl":"https:\/\/automotiverevista.pt\/wp-content\/uploads\/2025\/07\/3.jpg","width":1500,"height":1001},{"@type":"BreadcrumbList","@id":"https:\/\/automotiverevista.pt\/index.php\/2025\/07\/25\/zf-deixa-alltrucks-e-expande-conceito-proprio\/#breadcrumb","itemListElement":[{"@type":"ListItem","position":1,"name":"Home","item":"https:\/\/automotiverevista.pt\/"},{"@type":"ListItem","position":2,"name":"ZF deixa Alltrucks e expande conceito pr\u00f3prio"}]},{"@type":"WebSite","@id":"https:\/\/automotiverevista.pt\/#website","url":"https:\/\/automotiverevista.pt\/","name":"Revista Automotive","description":"Revista Automotive Portugal","publisher":{"@id":"https:\/\/automotiverevista.pt\/#organization"},"potentialAction":[{"@type":"SearchAction","target":{"@type":"EntryPoint","urlTemplate":"https:\/\/automotiverevista.pt\/?s={search_term_string}"},"query-input":{"@type":"PropertyValueSpecification","valueRequired":true,"valueName":"search_term_string"}}],"inLanguage":"pt-PT"},{"@type":"Organization","@id":"https:\/\/automotiverevista.pt\/#organization","name":"Revista Automotive Portugal","url":"https:\/\/automotiverevista.pt\/","logo":{"@type":"ImageObject","inLanguage":"pt-PT","@id":"https:\/\/automotiverevista.pt\/#\/schema\/logo\/image\/","url":"https:\/\/automotiverevista.pt\/wp-content\/uploads\/2022\/07\/Logo-Automotive-2021_500-1.jpg","contentUrl":"https:\/\/automotiverevista.pt\/wp-content\/uploads\/2022\/07\/Logo-Automotive-2021_500-1.jpg","width":500,"height":160,"caption":"Revista Automotive Portugal"},"image":{"@id":"https:\/\/automotiverevista.pt\/#\/schema\/logo\/image\/"},"sameAs":["https:\/\/linkedin.com\/in\/automotiverevista"]},{"@type":"Person","@id":"https:\/\/automotiverevista.pt\/#\/schema\/person\/1e95eb12553b8edd256acb00fe6dad4b","name":"Fatima Silva","image":{"@type":"ImageObject","inLanguage":"pt-PT","@id":"https:\/\/secure.gravatar.com\/avatar\/4b4a955a9c1b66708ab0dd3bd6181ac1f650299d893bd337a28482f7f19c8511?s=96&d=mm&r=g","url":"https:\/\/secure.gravatar.com\/avatar\/4b4a955a9c1b66708ab0dd3bd6181ac1f650299d893bd337a28482f7f19c8511?s=96&d=mm&r=g","contentUrl":"https:\/\/secure.gravatar.com\/avatar\/4b4a955a9c1b66708ab0dd3bd6181ac1f650299d893bd337a28482f7f19c8511?s=96&d=mm&r=g","caption":"Fatima Silva"},"url":"https:\/\/automotiverevista.pt\/index.php\/author\/fgasparsilva\/"}]}},"_links":{"self":[{"href":"https:\/\/automotiverevista.pt\/index.php\/wp-json\/wp\/v2\/posts\/10517","targetHints":{"allow":["GET"]}}],"collection":[{"href":"https:\/\/automotiverevista.pt\/index.php\/wp-json\/wp\/v2\/posts"}],"about":[{"href":"https:\/\/automotiverevista.pt\/index.php\/wp-json\/wp\/v2\/types\/post"}],"author":[{"embeddable":true,"href":"https:\/\/automotiverevista.pt\/index.php\/wp-json\/wp\/v2\/users\/4"}],"replies":[{"embeddable":true,"href":"https:\/\/automotiverevista.pt\/index.php\/wp-json\/wp\/v2\/comments?post=10517"}],"version-history":[{"count":1,"href":"https:\/\/automotiverevista.pt\/index.php\/wp-json\/wp\/v2\/posts\/10517\/revisions"}],"predecessor-version":[{"id":10521,"href":"https:\/\/automotiverevista.pt\/index.php\/wp-json\/wp\/v2\/posts\/10517\/revisions\/10521"}],"wp:featuredmedia":[{"embeddable":true,"href":"https:\/\/automotiverevista.pt\/index.php\/wp-json\/wp\/v2\/media\/10518"}],"wp:attachment":[{"href":"https:\/\/automotiverevista.pt\/index.php\/wp-json\/wp\/v2\/media?parent=10517"}],"wp:term":[{"taxonomy":"category","embeddable":true,"href":"https:\/\/automotiverevista.pt\/index.php\/wp-json\/wp\/v2\/categories?post=10517"},{"taxonomy":"post_tag","embeddable":true,"href":"https:\/\/automotiverevista.pt\/index.php\/wp-json\/wp\/v2\/tags?post=10517"}],"curies":[{"name":"wp","href":"https:\/\/api.w.org\/{rel}","templated":true}]}}