{"id":10532,"date":"2025-07-24T09:01:19","date_gmt":"2025-07-24T09:01:19","guid":{"rendered":"https:\/\/automotiverevista.pt\/?p=10532"},"modified":"2025-07-24T09:01:21","modified_gmt":"2025-07-24T09:01:21","slug":"ayvens-renova-frota-com-mais-de-80-veiculos-eletrificados-a-b-braun","status":"publish","type":"post","link":"https:\/\/automotiverevista.pt\/index.php\/2025\/07\/24\/ayvens-renova-frota-com-mais-de-80-veiculos-eletrificados-a-b-braun\/","title":{"rendered":"Ayvens renova frota com mais de 80 ve\u00edculos eletrificados \u00e0 B. Braun"},"content":{"rendered":"\n<p>A Ayvens Portugal entregou mais de 80 ve\u00edculos eletrificados &#8211; entre solu\u00e7\u00f5es 100% el\u00e9tricas e h\u00edbridas plug-in \u2013 \u00e0 empresa B. Braun Medical, um dos principais fornecedores e fabricantes mundiais de solu\u00e7\u00f5es e cuidados de sa\u00fade. Este marco assinala uma nova fase na parceria de longa data entre as duas empresas e representa um passo importante da B. Braun Portugal no seu caminho rumo a uma mobilidade mais sustent\u00e1vel e renova\u00e7\u00e3o da sua frota.<\/p>\n\n\n\n<p>A B. Braun \u00e9 um dos clientes mais antigos da <a href=\"https:\/\/automotiverevista.pt\/index.php\/2025\/02\/03\/ayvens-veiculos-comerciais-sao-um-pilar-de-crescimento-em-portugal\/\">Ayvens <\/a>em Portugal, com uma rela\u00e7\u00e3o comercial que se iniciou em 1994. O fortalecimento desta colabora\u00e7\u00e3o, que j\u00e1 atravessa tr\u00eas d\u00e9cadas, evidencia a confian\u00e7a m\u00fatua entre ambas as empresas e a evolu\u00e7\u00e3o conjunta das mesmas no \u00e2mbito da mobilidade, agora mais eficiente e segura.<\/p>\n\n\n\n<p><strong>Forma\u00e7\u00e3o especializada<\/strong><\/p>\n\n\n\n<p>Como parte desta transi\u00e7\u00e3o e utiliza\u00e7\u00e3o de viaturas eletrificadas, a <a href=\"https:\/\/automotiverevista.pt\/index.php\/2025\/06\/17\/ayvens-distinguida-na-producao-de-renting-pela-alf\/\">Ayvens <\/a>promoveu durante o m\u00eas de junho, uma a\u00e7\u00e3o de forma\u00e7\u00e3o especializada destinada aos condutores da B. Braun. Esta iniciativa, dinamizada pela equipa de consultoria da Ayvens, teve como objetivo desmistificar a mobilidade el\u00e9trica, fomentar boas pr\u00e1ticas de utiliza\u00e7\u00e3o e dotar os colaboradores da B. Braun de confian\u00e7a, reduzindo os seus n\u00edveis de ansiedade, quando deparados com esta nova realidade do carregamento e gest\u00e3o dos modelos eletrificados.<\/p>\n\n\n\n<p>&#8220;Acreditamos que uma transi\u00e7\u00e3o eficaz para a mobilidade el\u00e9trica n\u00e3o passa apenas pela entrega dos ve\u00edculos, mas tamb\u00e9m por preparar e acompanhar os condutores ao longo de todo o processo. \u00c9 isso que nos diferencia enquanto parceiro estrat\u00e9gico, assumimos o compromisso de apoiar os nossos clientes na sua jornada para uma mobilidade mais limpa, eficiente e alinhada com os desafios ambientais atuais\u201d, destacou <strong>Ricardo Silva<\/strong>, diretor comercial, marketing e comunica\u00e7\u00f5es da Ayvens.<\/p>\n\n\n\n<p><strong>Estrat\u00e9gia global<\/strong><\/p>\n\n\n\n<p>Para <strong>Ricardo Santos<\/strong>, <em>Controlling &amp; Procurement Manager da<\/em> B. Braun Portugal \u201ca parceria com a Ayvens tem sido fundamental, gra\u00e7as \u00e0 sua dedica\u00e7\u00e3o, acompanhamento pr\u00f3ximo e partilha de know-how, que tornam esta transi\u00e7\u00e3o mais simples e eficaz para os nossos colaboradores.<\/p>\n\n\n\n<p>A B. Braun Portugal assume um papel cada vez mais ativo no panorama da eletrifica\u00e7\u00e3o, refor\u00e7ando o compromisso com a sustentabilidade. A renova\u00e7\u00e3o da frota com mais de 80 viaturas 100% el\u00e9tricas e h\u00edbridas plug-in, representando mais de 75% da frota eletrificada, \u00e9 um marco relevante na nossa transi\u00e7\u00e3o energ\u00e9tica. A iniciativa est\u00e1 alinhada com a nossa estrat\u00e9gia global de redu\u00e7\u00e3o de 50% das emiss\u00f5es de CO\u2082 at\u00e9 2030 e reflete a nossa responsabilidade partilhada por um futuro mais saud\u00e1vel\u201d, salientou.<\/p>\n\n\n\n<p>O investimento da B. Braun Portugal em solu\u00e7\u00f5es mais sustent\u00e1veis tamb\u00e9m reflete a crescente consci\u00eancia ambiental das empresas e refor\u00e7a a sua confian\u00e7a nas solu\u00e7\u00f5es integradas oferecidas pela Ayvens.<\/p>\n\n\n\n<p>A <a href=\"https:\/\/automotiverevista.pt\/index.php\/2025\/01\/03\/ayvens-portugal-premio-revelacao-2024\/\">Ayvens<\/a>, que j\u00e1 conta com cerca de 18 mil clientes ao longo de 30 anos de experi\u00eancia no mercado nacional, continua a ser uma refer\u00eancia na gest\u00e3o das frotas e na transforma\u00e7\u00e3o da mobilidade empresarial em Portugal.<\/p>\n","protected":false},"excerpt":{"rendered":"<p>A Ayvens Portugal entregou mais de 80 ve\u00edculos eletrificados &#8211; entre solu\u00e7\u00f5es 100% el\u00e9tricas e h\u00edbridas plug-in \u2013 \u00e0 empresa B. Braun Medical, um dos principais fornecedores e fabricantes mundiais de solu\u00e7\u00f5es e cuidados de sa\u00fade. Este marco assinala uma nova fase na parceria de longa data entre as duas empresas e representa um passo [&hellip;]<\/p>\n","protected":false},"author":4,"featured_media":10533,"comment_status":"closed","ping_status":"open","sticky":false,"template":"","format":"standard","meta":{"jnews-multi-image_gallery":[],"jnews_single_post":{"format":"standard"},"jnews_primary_category":[],"footnotes":""},"categories":[23],"tags":[],"class_list":["post-10532","post","type-post","status-publish","format-standard","has-post-thumbnail","hentry","category-frotas"],"yoast_head":"<!-- This site is optimized with the Yoast SEO Premium plugin v27.5 (Yoast SEO v27.5) - https:\/\/yoast.com\/product\/yoast-seo-premium-wordpress\/ -->\n<title>Ayvens renova frota com mais de 80 ve\u00edculos eletrificados \u00e0 B. Braun - Revista Automotive<\/title>\n<meta name=\"description\" content=\"A Ayvens Portugal entregou mais de 80 ve\u00edculos eletrificados - entre solu\u00e7\u00f5es 100% el\u00e9tricas e h\u00edbridas plug-in \u2013 \u00e0 empresa B. Braun Medical,\" \/>\n<meta name=\"robots\" content=\"index, follow, max-snippet:-1, max-image-preview:large, max-video-preview:-1\" \/>\n<link rel=\"canonical\" href=\"https:\/\/automotiverevista.pt\/index.php\/2025\/07\/24\/ayvens-renova-frota-com-mais-de-80-veiculos-eletrificados-a-b-braun\/\" \/>\n<meta property=\"og:locale\" content=\"pt_PT\" \/>\n<meta property=\"og:type\" content=\"article\" \/>\n<meta property=\"og:title\" content=\"Ayvens renova frota com mais de 80 ve\u00edculos eletrificados \u00e0 B. Braun\" \/>\n<meta property=\"og:description\" content=\"A Ayvens Portugal entregou mais de 80 ve\u00edculos eletrificados - entre solu\u00e7\u00f5es 100% el\u00e9tricas e h\u00edbridas plug-in \u2013 \u00e0 empresa B. Braun Medical,\" \/>\n<meta property=\"og:url\" content=\"https:\/\/automotiverevista.pt\/index.php\/2025\/07\/24\/ayvens-renova-frota-com-mais-de-80-veiculos-eletrificados-a-b-braun\/\" \/>\n<meta property=\"og:site_name\" content=\"Revista Automotive\" \/>\n<meta property=\"article:published_time\" content=\"2025-07-24T09:01:19+00:00\" \/>\n<meta property=\"article:modified_time\" content=\"2025-07-24T09:01:21+00:00\" \/>\n<meta property=\"og:image\" content=\"https:\/\/automotiverevista.pt\/wp-content\/uploads\/2025\/07\/11-3.jpg\" \/>\n\t<meta property=\"og:image:width\" content=\"1500\" \/>\n\t<meta property=\"og:image:height\" content=\"568\" \/>\n\t<meta property=\"og:image:type\" content=\"image\/jpeg\" \/>\n<meta name=\"author\" content=\"Fatima Silva\" \/>\n<meta name=\"twitter:card\" content=\"summary_large_image\" \/>\n<meta name=\"twitter:label1\" content=\"Escrito por\" \/>\n\t<meta name=\"twitter:data1\" content=\"Fatima Silva\" \/>\n\t<meta name=\"twitter:label2\" content=\"Tempo estimado de leitura\" \/>\n\t<meta name=\"twitter:data2\" content=\"3 minutos\" \/>\n<script type=\"application\/ld+json\" class=\"yoast-schema-graph\">{\"@context\":\"https:\\\/\\\/schema.org\",\"@graph\":[{\"@type\":\"Article\",\"@id\":\"https:\\\/\\\/automotiverevista.pt\\\/index.php\\\/2025\\\/07\\\/24\\\/ayvens-renova-frota-com-mais-de-80-veiculos-eletrificados-a-b-braun\\\/#article\",\"isPartOf\":{\"@id\":\"https:\\\/\\\/automotiverevista.pt\\\/index.php\\\/2025\\\/07\\\/24\\\/ayvens-renova-frota-com-mais-de-80-veiculos-eletrificados-a-b-braun\\\/\"},\"author\":{\"name\":\"Fatima Silva\",\"@id\":\"https:\\\/\\\/automotiverevista.pt\\\/#\\\/schema\\\/person\\\/1e95eb12553b8edd256acb00fe6dad4b\"},\"headline\":\"Ayvens renova frota com mais de 80 ve\u00edculos eletrificados \u00e0 B. Braun\",\"datePublished\":\"2025-07-24T09:01:19+00:00\",\"dateModified\":\"2025-07-24T09:01:21+00:00\",\"mainEntityOfPage\":{\"@id\":\"https:\\\/\\\/automotiverevista.pt\\\/index.php\\\/2025\\\/07\\\/24\\\/ayvens-renova-frota-com-mais-de-80-veiculos-eletrificados-a-b-braun\\\/\"},\"wordCount\":526,\"publisher\":{\"@id\":\"https:\\\/\\\/automotiverevista.pt\\\/#organization\"},\"image\":{\"@id\":\"https:\\\/\\\/automotiverevista.pt\\\/index.php\\\/2025\\\/07\\\/24\\\/ayvens-renova-frota-com-mais-de-80-veiculos-eletrificados-a-b-braun\\\/#primaryimage\"},\"thumbnailUrl\":\"https:\\\/\\\/automotiverevista.pt\\\/wp-content\\\/uploads\\\/2025\\\/07\\\/11-3.jpg\",\"articleSection\":[\"Frotas\"],\"inLanguage\":\"pt-PT\"},{\"@type\":\"WebPage\",\"@id\":\"https:\\\/\\\/automotiverevista.pt\\\/index.php\\\/2025\\\/07\\\/24\\\/ayvens-renova-frota-com-mais-de-80-veiculos-eletrificados-a-b-braun\\\/\",\"url\":\"https:\\\/\\\/automotiverevista.pt\\\/index.php\\\/2025\\\/07\\\/24\\\/ayvens-renova-frota-com-mais-de-80-veiculos-eletrificados-a-b-braun\\\/\",\"name\":\"Ayvens renova frota com mais de 80 ve\u00edculos eletrificados \u00e0 B. Braun - Revista Automotive\",\"isPartOf\":{\"@id\":\"https:\\\/\\\/automotiverevista.pt\\\/#website\"},\"primaryImageOfPage\":{\"@id\":\"https:\\\/\\\/automotiverevista.pt\\\/index.php\\\/2025\\\/07\\\/24\\\/ayvens-renova-frota-com-mais-de-80-veiculos-eletrificados-a-b-braun\\\/#primaryimage\"},\"image\":{\"@id\":\"https:\\\/\\\/automotiverevista.pt\\\/index.php\\\/2025\\\/07\\\/24\\\/ayvens-renova-frota-com-mais-de-80-veiculos-eletrificados-a-b-braun\\\/#primaryimage\"},\"thumbnailUrl\":\"https:\\\/\\\/automotiverevista.pt\\\/wp-content\\\/uploads\\\/2025\\\/07\\\/11-3.jpg\",\"datePublished\":\"2025-07-24T09:01:19+00:00\",\"dateModified\":\"2025-07-24T09:01:21+00:00\",\"description\":\"A Ayvens Portugal entregou mais de 80 ve\u00edculos eletrificados - entre solu\u00e7\u00f5es 100% el\u00e9tricas e h\u00edbridas plug-in \u2013 \u00e0 empresa B. Braun Medical,\",\"breadcrumb\":{\"@id\":\"https:\\\/\\\/automotiverevista.pt\\\/index.php\\\/2025\\\/07\\\/24\\\/ayvens-renova-frota-com-mais-de-80-veiculos-eletrificados-a-b-braun\\\/#breadcrumb\"},\"inLanguage\":\"pt-PT\",\"potentialAction\":[{\"@type\":\"ReadAction\",\"target\":[\"https:\\\/\\\/automotiverevista.pt\\\/index.php\\\/2025\\\/07\\\/24\\\/ayvens-renova-frota-com-mais-de-80-veiculos-eletrificados-a-b-braun\\\/\"]}]},{\"@type\":\"ImageObject\",\"inLanguage\":\"pt-PT\",\"@id\":\"https:\\\/\\\/automotiverevista.pt\\\/index.php\\\/2025\\\/07\\\/24\\\/ayvens-renova-frota-com-mais-de-80-veiculos-eletrificados-a-b-braun\\\/#primaryimage\",\"url\":\"https:\\\/\\\/automotiverevista.pt\\\/wp-content\\\/uploads\\\/2025\\\/07\\\/11-3.jpg\",\"contentUrl\":\"https:\\\/\\\/automotiverevista.pt\\\/wp-content\\\/uploads\\\/2025\\\/07\\\/11-3.jpg\",\"width\":1500,\"height\":568},{\"@type\":\"BreadcrumbList\",\"@id\":\"https:\\\/\\\/automotiverevista.pt\\\/index.php\\\/2025\\\/07\\\/24\\\/ayvens-renova-frota-com-mais-de-80-veiculos-eletrificados-a-b-braun\\\/#breadcrumb\",\"itemListElement\":[{\"@type\":\"ListItem\",\"position\":1,\"name\":\"Home\",\"item\":\"https:\\\/\\\/automotiverevista.pt\\\/\"},{\"@type\":\"ListItem\",\"position\":2,\"name\":\"Ayvens renova frota com mais de 80 ve\u00edculos eletrificados \u00e0 B. Braun\"}]},{\"@type\":\"WebSite\",\"@id\":\"https:\\\/\\\/automotiverevista.pt\\\/#website\",\"url\":\"https:\\\/\\\/automotiverevista.pt\\\/\",\"name\":\"Revista Automotive\",\"description\":\"Revista Automotive Portugal\",\"publisher\":{\"@id\":\"https:\\\/\\\/automotiverevista.pt\\\/#organization\"},\"potentialAction\":[{\"@type\":\"SearchAction\",\"target\":{\"@type\":\"EntryPoint\",\"urlTemplate\":\"https:\\\/\\\/automotiverevista.pt\\\/?s={search_term_string}\"},\"query-input\":{\"@type\":\"PropertyValueSpecification\",\"valueRequired\":true,\"valueName\":\"search_term_string\"}}],\"inLanguage\":\"pt-PT\"},{\"@type\":\"Organization\",\"@id\":\"https:\\\/\\\/automotiverevista.pt\\\/#organization\",\"name\":\"Revista Automotive Portugal\",\"url\":\"https:\\\/\\\/automotiverevista.pt\\\/\",\"logo\":{\"@type\":\"ImageObject\",\"inLanguage\":\"pt-PT\",\"@id\":\"https:\\\/\\\/automotiverevista.pt\\\/#\\\/schema\\\/logo\\\/image\\\/\",\"url\":\"https:\\\/\\\/automotiverevista.pt\\\/wp-content\\\/uploads\\\/2022\\\/07\\\/Logo-Automotive-2021_500-1.jpg\",\"contentUrl\":\"https:\\\/\\\/automotiverevista.pt\\\/wp-content\\\/uploads\\\/2022\\\/07\\\/Logo-Automotive-2021_500-1.jpg\",\"width\":500,\"height\":160,\"caption\":\"Revista Automotive Portugal\"},\"image\":{\"@id\":\"https:\\\/\\\/automotiverevista.pt\\\/#\\\/schema\\\/logo\\\/image\\\/\"},\"sameAs\":[\"https:\\\/\\\/linkedin.com\\\/in\\\/automotiverevista\"]},{\"@type\":\"Person\",\"@id\":\"https:\\\/\\\/automotiverevista.pt\\\/#\\\/schema\\\/person\\\/1e95eb12553b8edd256acb00fe6dad4b\",\"name\":\"Fatima Silva\",\"image\":{\"@type\":\"ImageObject\",\"inLanguage\":\"pt-PT\",\"@id\":\"https:\\\/\\\/secure.gravatar.com\\\/avatar\\\/4b4a955a9c1b66708ab0dd3bd6181ac1f650299d893bd337a28482f7f19c8511?s=96&d=mm&r=g\",\"url\":\"https:\\\/\\\/secure.gravatar.com\\\/avatar\\\/4b4a955a9c1b66708ab0dd3bd6181ac1f650299d893bd337a28482f7f19c8511?s=96&d=mm&r=g\",\"contentUrl\":\"https:\\\/\\\/secure.gravatar.com\\\/avatar\\\/4b4a955a9c1b66708ab0dd3bd6181ac1f650299d893bd337a28482f7f19c8511?s=96&d=mm&r=g\",\"caption\":\"Fatima Silva\"},\"url\":\"https:\\\/\\\/automotiverevista.pt\\\/index.php\\\/author\\\/fgasparsilva\\\/\"}]}<\/script>\n<!-- \/ Yoast SEO Premium plugin. -->","yoast_head_json":{"title":"Ayvens renova frota com mais de 80 ve\u00edculos eletrificados \u00e0 B. Braun - Revista Automotive","description":"A Ayvens Portugal entregou mais de 80 ve\u00edculos eletrificados - entre solu\u00e7\u00f5es 100% el\u00e9tricas e h\u00edbridas plug-in \u2013 \u00e0 empresa B. Braun Medical,","robots":{"index":"index","follow":"follow","max-snippet":"max-snippet:-1","max-image-preview":"max-image-preview:large","max-video-preview":"max-video-preview:-1"},"canonical":"https:\/\/automotiverevista.pt\/index.php\/2025\/07\/24\/ayvens-renova-frota-com-mais-de-80-veiculos-eletrificados-a-b-braun\/","og_locale":"pt_PT","og_type":"article","og_title":"Ayvens renova frota com mais de 80 ve\u00edculos eletrificados \u00e0 B. Braun","og_description":"A Ayvens Portugal entregou mais de 80 ve\u00edculos eletrificados - entre solu\u00e7\u00f5es 100% el\u00e9tricas e h\u00edbridas plug-in \u2013 \u00e0 empresa B. Braun Medical,","og_url":"https:\/\/automotiverevista.pt\/index.php\/2025\/07\/24\/ayvens-renova-frota-com-mais-de-80-veiculos-eletrificados-a-b-braun\/","og_site_name":"Revista Automotive","article_published_time":"2025-07-24T09:01:19+00:00","article_modified_time":"2025-07-24T09:01:21+00:00","og_image":[{"width":1500,"height":568,"url":"https:\/\/automotiverevista.pt\/wp-content\/uploads\/2025\/07\/11-3.jpg","type":"image\/jpeg"}],"author":"Fatima Silva","twitter_card":"summary_large_image","twitter_misc":{"Escrito por":"Fatima Silva","Tempo estimado de leitura":"3 minutos"},"schema":{"@context":"https:\/\/schema.org","@graph":[{"@type":"Article","@id":"https:\/\/automotiverevista.pt\/index.php\/2025\/07\/24\/ayvens-renova-frota-com-mais-de-80-veiculos-eletrificados-a-b-braun\/#article","isPartOf":{"@id":"https:\/\/automotiverevista.pt\/index.php\/2025\/07\/24\/ayvens-renova-frota-com-mais-de-80-veiculos-eletrificados-a-b-braun\/"},"author":{"name":"Fatima Silva","@id":"https:\/\/automotiverevista.pt\/#\/schema\/person\/1e95eb12553b8edd256acb00fe6dad4b"},"headline":"Ayvens renova frota com mais de 80 ve\u00edculos eletrificados \u00e0 B. Braun","datePublished":"2025-07-24T09:01:19+00:00","dateModified":"2025-07-24T09:01:21+00:00","mainEntityOfPage":{"@id":"https:\/\/automotiverevista.pt\/index.php\/2025\/07\/24\/ayvens-renova-frota-com-mais-de-80-veiculos-eletrificados-a-b-braun\/"},"wordCount":526,"publisher":{"@id":"https:\/\/automotiverevista.pt\/#organization"},"image":{"@id":"https:\/\/automotiverevista.pt\/index.php\/2025\/07\/24\/ayvens-renova-frota-com-mais-de-80-veiculos-eletrificados-a-b-braun\/#primaryimage"},"thumbnailUrl":"https:\/\/automotiverevista.pt\/wp-content\/uploads\/2025\/07\/11-3.jpg","articleSection":["Frotas"],"inLanguage":"pt-PT"},{"@type":"WebPage","@id":"https:\/\/automotiverevista.pt\/index.php\/2025\/07\/24\/ayvens-renova-frota-com-mais-de-80-veiculos-eletrificados-a-b-braun\/","url":"https:\/\/automotiverevista.pt\/index.php\/2025\/07\/24\/ayvens-renova-frota-com-mais-de-80-veiculos-eletrificados-a-b-braun\/","name":"Ayvens renova frota com mais de 80 ve\u00edculos eletrificados \u00e0 B. Braun - Revista Automotive","isPartOf":{"@id":"https:\/\/automotiverevista.pt\/#website"},"primaryImageOfPage":{"@id":"https:\/\/automotiverevista.pt\/index.php\/2025\/07\/24\/ayvens-renova-frota-com-mais-de-80-veiculos-eletrificados-a-b-braun\/#primaryimage"},"image":{"@id":"https:\/\/automotiverevista.pt\/index.php\/2025\/07\/24\/ayvens-renova-frota-com-mais-de-80-veiculos-eletrificados-a-b-braun\/#primaryimage"},"thumbnailUrl":"https:\/\/automotiverevista.pt\/wp-content\/uploads\/2025\/07\/11-3.jpg","datePublished":"2025-07-24T09:01:19+00:00","dateModified":"2025-07-24T09:01:21+00:00","description":"A Ayvens Portugal entregou mais de 80 ve\u00edculos eletrificados - entre solu\u00e7\u00f5es 100% el\u00e9tricas e h\u00edbridas plug-in \u2013 \u00e0 empresa B. Braun Medical,","breadcrumb":{"@id":"https:\/\/automotiverevista.pt\/index.php\/2025\/07\/24\/ayvens-renova-frota-com-mais-de-80-veiculos-eletrificados-a-b-braun\/#breadcrumb"},"inLanguage":"pt-PT","potentialAction":[{"@type":"ReadAction","target":["https:\/\/automotiverevista.pt\/index.php\/2025\/07\/24\/ayvens-renova-frota-com-mais-de-80-veiculos-eletrificados-a-b-braun\/"]}]},{"@type":"ImageObject","inLanguage":"pt-PT","@id":"https:\/\/automotiverevista.pt\/index.php\/2025\/07\/24\/ayvens-renova-frota-com-mais-de-80-veiculos-eletrificados-a-b-braun\/#primaryimage","url":"https:\/\/automotiverevista.pt\/wp-content\/uploads\/2025\/07\/11-3.jpg","contentUrl":"https:\/\/automotiverevista.pt\/wp-content\/uploads\/2025\/07\/11-3.jpg","width":1500,"height":568},{"@type":"BreadcrumbList","@id":"https:\/\/automotiverevista.pt\/index.php\/2025\/07\/24\/ayvens-renova-frota-com-mais-de-80-veiculos-eletrificados-a-b-braun\/#breadcrumb","itemListElement":[{"@type":"ListItem","position":1,"name":"Home","item":"https:\/\/automotiverevista.pt\/"},{"@type":"ListItem","position":2,"name":"Ayvens renova frota com mais de 80 ve\u00edculos eletrificados \u00e0 B. Braun"}]},{"@type":"WebSite","@id":"https:\/\/automotiverevista.pt\/#website","url":"https:\/\/automotiverevista.pt\/","name":"Revista Automotive","description":"Revista Automotive Portugal","publisher":{"@id":"https:\/\/automotiverevista.pt\/#organization"},"potentialAction":[{"@type":"SearchAction","target":{"@type":"EntryPoint","urlTemplate":"https:\/\/automotiverevista.pt\/?s={search_term_string}"},"query-input":{"@type":"PropertyValueSpecification","valueRequired":true,"valueName":"search_term_string"}}],"inLanguage":"pt-PT"},{"@type":"Organization","@id":"https:\/\/automotiverevista.pt\/#organization","name":"Revista Automotive Portugal","url":"https:\/\/automotiverevista.pt\/","logo":{"@type":"ImageObject","inLanguage":"pt-PT","@id":"https:\/\/automotiverevista.pt\/#\/schema\/logo\/image\/","url":"https:\/\/automotiverevista.pt\/wp-content\/uploads\/2022\/07\/Logo-Automotive-2021_500-1.jpg","contentUrl":"https:\/\/automotiverevista.pt\/wp-content\/uploads\/2022\/07\/Logo-Automotive-2021_500-1.jpg","width":500,"height":160,"caption":"Revista Automotive Portugal"},"image":{"@id":"https:\/\/automotiverevista.pt\/#\/schema\/logo\/image\/"},"sameAs":["https:\/\/linkedin.com\/in\/automotiverevista"]},{"@type":"Person","@id":"https:\/\/automotiverevista.pt\/#\/schema\/person\/1e95eb12553b8edd256acb00fe6dad4b","name":"Fatima Silva","image":{"@type":"ImageObject","inLanguage":"pt-PT","@id":"https:\/\/secure.gravatar.com\/avatar\/4b4a955a9c1b66708ab0dd3bd6181ac1f650299d893bd337a28482f7f19c8511?s=96&d=mm&r=g","url":"https:\/\/secure.gravatar.com\/avatar\/4b4a955a9c1b66708ab0dd3bd6181ac1f650299d893bd337a28482f7f19c8511?s=96&d=mm&r=g","contentUrl":"https:\/\/secure.gravatar.com\/avatar\/4b4a955a9c1b66708ab0dd3bd6181ac1f650299d893bd337a28482f7f19c8511?s=96&d=mm&r=g","caption":"Fatima Silva"},"url":"https:\/\/automotiverevista.pt\/index.php\/author\/fgasparsilva\/"}]}},"_links":{"self":[{"href":"https:\/\/automotiverevista.pt\/index.php\/wp-json\/wp\/v2\/posts\/10532","targetHints":{"allow":["GET"]}}],"collection":[{"href":"https:\/\/automotiverevista.pt\/index.php\/wp-json\/wp\/v2\/posts"}],"about":[{"href":"https:\/\/automotiverevista.pt\/index.php\/wp-json\/wp\/v2\/types\/post"}],"author":[{"embeddable":true,"href":"https:\/\/automotiverevista.pt\/index.php\/wp-json\/wp\/v2\/users\/4"}],"replies":[{"embeddable":true,"href":"https:\/\/automotiverevista.pt\/index.php\/wp-json\/wp\/v2\/comments?post=10532"}],"version-history":[{"count":4,"href":"https:\/\/automotiverevista.pt\/index.php\/wp-json\/wp\/v2\/posts\/10532\/revisions"}],"predecessor-version":[{"id":10596,"href":"https:\/\/automotiverevista.pt\/index.php\/wp-json\/wp\/v2\/posts\/10532\/revisions\/10596"}],"wp:featuredmedia":[{"embeddable":true,"href":"https:\/\/automotiverevista.pt\/index.php\/wp-json\/wp\/v2\/media\/10533"}],"wp:attachment":[{"href":"https:\/\/automotiverevista.pt\/index.php\/wp-json\/wp\/v2\/media?parent=10532"}],"wp:term":[{"taxonomy":"category","embeddable":true,"href":"https:\/\/automotiverevista.pt\/index.php\/wp-json\/wp\/v2\/categories?post=10532"},{"taxonomy":"post_tag","embeddable":true,"href":"https:\/\/automotiverevista.pt\/index.php\/wp-json\/wp\/v2\/tags?post=10532"}],"curies":[{"name":"wp","href":"https:\/\/api.w.org\/{rel}","templated":true}]}}