{"id":10677,"date":"2025-08-13T14:00:00","date_gmt":"2025-08-13T14:00:00","guid":{"rendered":"https:\/\/automotiverevista.pt\/?p=10677"},"modified":"2025-08-12T20:45:25","modified_gmt":"2025-08-12T20:45:25","slug":"arval-identifica-mais-empresas-a-utilizar-viaturas-usadas-em-portugal","status":"publish","type":"post","link":"https:\/\/automotiverevista.pt\/index.php\/2025\/08\/13\/arval-identifica-mais-empresas-a-utilizar-viaturas-usadas-em-portugal\/","title":{"rendered":"Arval identifica mais empresas a utilizar viaturas usadas em Portugal"},"content":{"rendered":"\n<p>O Bar\u00f3metro Autom\u00f3vel e de Mobilidade 2025, realizado pela Arval Portugal, revelou diversos aspetos da mobilidade nas empresas portuguesas. De acordo com este estudo anual promovido pelo Arval Mobility Observatory e recentemente apresentado em Portugal, o investimento na frota continua a ser maioritariamente atrav\u00e9s da compra (41%).<\/p>\n\n\n\n<p>No entanto, tal como evidenciou<strong> Gon\u00e7alo Cruz (foto),<\/strong> Head of Arval Mobility Observatory, em 2025 cerca de 34% das empresas indicam o renting como modelo preferido para a pr\u00f3xima renova\u00e7\u00e3o de frota, refor\u00e7ando uma tend\u00eancia de crescimento face a anos anteriores, muito devida \u00e0s incertezas da transi\u00e7\u00e3o energ\u00e9tica nos autom\u00f3veis.<\/p>\n\n\n\n<p>Acima da m\u00e9dia europeia est\u00e1 o facto de <strong>45% das empresas j\u00e1 utilizarem viaturas usadas na sua frota<\/strong>, onde apenas 26% dessas viaturas \u00e9 que s\u00e3o partilhadas por mais do que um condutor, sendo por isso a maioria utilizada por apenas um colaborador. Al\u00e9m disso, 43% das empresas indicaram que consideram incluir viaturas usadas (por aquisi\u00e7\u00e3o ou aluguer) nas suas frotas nos pr\u00f3ximos 3 anos.<\/p>\n\n\n\n<p>Assim, se 45% das empresas j\u00e1 usa e 43% considera incluir, significa que h\u00e1 um potencial muito grande de, dentro de 3 anos, cerca de 88% das empresas estarem com viaturas usadas na frota.<\/p>\n\n\n\n<p><strong>Eletrifica\u00e7\u00e3o<\/strong><\/p>\n\n\n\n<p>Segundo o estudo, a maioria das empresas (41%) escolhe carros el\u00e9tricos por uma quest\u00e3o de imagem, sendo que apenas 5% escolhe esses modelos com o objetivo de melhorar a produtividade dos colaboradores.<\/p>\n\n\n\n<p>A Arval no seu estudo n\u00e3o se absteve de tocar t\u00f3picos sens\u00edveis, tais como a responsabilidade de instala\u00e7\u00e3o de carregadores el\u00e9tricos, os locais de instala\u00e7\u00e3o (casa ou trabalho) e quem deve pagar o custo de carregamento. Nestes t\u00f3picos, apenas 18% das empresas apoia atualmente a instala\u00e7\u00e3o de carregadores de carros el\u00e9tricos na casa dos colaboradores.<\/p>\n\n\n\n<p>Sobre quem paga o custo do carregamento el\u00e9trico nas instala\u00e7\u00f5es das empresas, 58% das empresas referiram que todos os colaboradores pagam; 16% responderam que qualquer colaborador pode carregar sem custo; e 26% afirmou que apenas colaboradores com carro da empresa \u00e9 que carregam sem custo.<\/p>\n\n\n\n<p><strong>Discuss\u00e3o alargada<\/strong><\/p>\n\n\n\n<p>Na apresenta\u00e7\u00e3o do estudo, a Arval convidou um painel de oradores para partilharem os recentes desafios e oportunidades nas frotas. Participaram David Pereira, diretor de Inova\u00e7\u00e3o e Servi\u00e7os na DPD Portugal; Roberto Gaspar, secret\u00e1rio-geral na ANECRA; Fernando Antunes, diretor comercial da KIA na Astara; e Jos\u00e9 Pedro Pinto, diretor geral da Arval Portugal.<\/p>\n\n\n\n<p>David Pereira, apresentou o percurso pioneiro que a DPD Portugal tem vindo a fazer na eletrifica\u00e7\u00e3o da sua frota, com a pol\u00edtica de um carregador el\u00e9trico por cada furg\u00e3o el\u00e9trico. O crescimento da frota 100% el\u00e9trica foi tal, que atualmente atingiram o limite m\u00e1ximo de instala\u00e7\u00e3o de carregadores nos armaz\u00e9ns da DPD. A alternativa para continuar a eletrificar a frota passar\u00e1 por terem furg\u00f5es com mais autonomia, n\u00e3o necessitando assim de carregarem todos os dias, possibilitando a utiliza\u00e7\u00e3o de um carregador para dois furg\u00f5es.<\/p>\n\n\n\n<p>Roberto Gaspar, falando sobre o setor do p\u00f3s-venda autom\u00f3vel, referiu que as oficinas est\u00e3o cada vez mais habilitadas para lidarem com a eletrifica\u00e7\u00e3o dos ve\u00edculos mais novos, sabendo, no entanto, que os ve\u00edculos a combust\u00e3o ainda ter\u00e3o um peso significativo neste setor. Segundo o respons\u00e1vel, o parque circulante de autom\u00f3veis em Portugal situa-se nos cerca de 5 milh\u00f5es de ve\u00edculos a combust\u00e3o.<\/p>\n\n\n\n<p>Por sua vez, Fernando Antunes da KIA, apresentou um ambicioso plano de lan\u00e7amento de furg\u00f5es 100% el\u00e9tricos da KIA em Portugal, depois de 15 anos de aus\u00eancia da marca no segmento dos ve\u00edculos comerciais ligeiros. Fernando Antunes acredita que os autom\u00f3veis a combust\u00e3o que entrar\u00e3o no mercado em 2027 com a norma Euro 7, ter\u00e3o um pre\u00e7o de tal forma elevado que compensar\u00e1 (em termos de custos) a op\u00e7\u00e3o pelo carro el\u00e9trico.<\/p>\n\n\n\n<p>Sobre este t\u00f3pico, de forma geral, a Revista Automotive tem obtido de v\u00e1rias fontes das diversas empresas gestoras de frota, que os carros el\u00e9tricos t\u00eam sido (na maioria dos casos) neg\u00f3cios com margem negativa. Pelo r\u00e1pido avan\u00e7o tecnol\u00f3gico dos carros el\u00e9tricos \u2013 gerando c\u00e9lere obsolesc\u00eancia dos modelos anteriores &#8211; as gestoras de frota n\u00e3o t\u00eam conseguido rentabilizar os carros el\u00e9tricos. O baixo valor dos usados (que tem refletido essa obsolesc\u00eancia), tem representado uma desvaloriza\u00e7\u00e3o muito acima do previsto pelas gestoras de frota, n\u00e3o sendo esta desvaloriza\u00e7\u00e3o coberta pelo valor das rendas cobradas aos frotistas.<\/p>\n\n\n\n<p>Evidenciando este facto, e em jeito de conclus\u00e3o, Jos\u00e9 Pedro Pinto, referiu no evento que \u201cs\u00f3 ir\u00e1 acontecer uma massifica\u00e7\u00e3o nas frotas dos carros el\u00e9tricos, quando o valor destes carros el\u00e9tricos usados for superior ao que tendencialmente tem acontecido\u201d.<\/p>\n\n\n\n<figure class=\"wp-block-image size-large is-resized\"><img decoding=\"async\" width=\"1024\" height=\"439\" src=\"https:\/\/automotiverevista.pt\/wp-content\/uploads\/2025\/08\/2-1024x439.jpg\" alt=\"\" class=\"wp-image-10681\" style=\"width:1020px;height:auto\" srcset=\"https:\/\/automotiverevista.pt\/wp-content\/uploads\/2025\/08\/2-1024x439.jpg 1024w, https:\/\/automotiverevista.pt\/wp-content\/uploads\/2025\/08\/2-300x129.jpg 300w, https:\/\/automotiverevista.pt\/wp-content\/uploads\/2025\/08\/2-768x329.jpg 768w, https:\/\/automotiverevista.pt\/wp-content\/uploads\/2025\/08\/2-750x321.jpg 750w, https:\/\/automotiverevista.pt\/wp-content\/uploads\/2025\/08\/2-1140x489.jpg 1140w, https:\/\/automotiverevista.pt\/wp-content\/uploads\/2025\/08\/2.jpg 1470w\" sizes=\"(max-width: 1024px) 100vw, 1024px\" \/><figcaption class=\"wp-element-caption\">David Pereira, diretor de Inova\u00e7\u00e3o e Servi\u00e7os na DPD Portugal; Roberto Gaspar, secret\u00e1rio-geral na ANECRA; Fernando Antunes, diretor comercial da KIA na Astara; e Jos\u00e9 Pedro Pinto, diretor geral da Arval Portugal.<\/figcaption><\/figure>\n","protected":false},"excerpt":{"rendered":"<p>O Bar\u00f3metro Autom\u00f3vel e de Mobilidade 2025, realizado pela Arval Portugal, revelou diversos aspetos da mobilidade nas empresas portuguesas. De acordo com este estudo anual promovido pelo Arval Mobility Observatory e recentemente apresentado em Portugal, o investimento na frota continua a ser maioritariamente atrav\u00e9s da compra (41%). No entanto, tal como evidenciou Gon\u00e7alo Cruz (foto), [&hellip;]<\/p>\n","protected":false},"author":4,"featured_media":10678,"comment_status":"closed","ping_status":"open","sticky":false,"template":"","format":"standard","meta":{"jnews-multi-image_gallery":[],"jnews_single_post":{"format":"standard"},"jnews_primary_category":[],"footnotes":""},"categories":[23,21],"tags":[],"class_list":["post-10677","post","type-post","status-publish","format-standard","has-post-thumbnail","hentry","category-frotas","category-pos-venda"],"yoast_head":"<!-- This site is optimized with the Yoast SEO Premium plugin v27.5 (Yoast SEO v27.5) - https:\/\/yoast.com\/product\/yoast-seo-premium-wordpress\/ -->\n<title>Arval identifica mais empresas a utilizar viaturas usadas em Portugal - Revista Automotive<\/title>\n<meta name=\"description\" content=\"Segundo o estudo, a maioria das empresas (41%) escolhe carros el\u00e9tricos por uma quest\u00e3o de imagem, sendo que apenas 5% escolhe esses modelos\" \/>\n<meta name=\"robots\" content=\"index, follow, max-snippet:-1, max-image-preview:large, max-video-preview:-1\" \/>\n<link rel=\"canonical\" href=\"https:\/\/automotiverevista.pt\/index.php\/2025\/08\/13\/arval-identifica-mais-empresas-a-utilizar-viaturas-usadas-em-portugal\/\" \/>\n<meta property=\"og:locale\" content=\"pt_PT\" \/>\n<meta property=\"og:type\" content=\"article\" \/>\n<meta property=\"og:title\" content=\"Arval identifica mais empresas a utilizar viaturas usadas em Portugal\" \/>\n<meta property=\"og:description\" content=\"Segundo o estudo, a maioria das empresas (41%) escolhe carros el\u00e9tricos por uma quest\u00e3o de imagem, sendo que apenas 5% escolhe esses modelos\" \/>\n<meta property=\"og:url\" content=\"https:\/\/automotiverevista.pt\/index.php\/2025\/08\/13\/arval-identifica-mais-empresas-a-utilizar-viaturas-usadas-em-portugal\/\" \/>\n<meta property=\"og:site_name\" content=\"Revista Automotive\" \/>\n<meta property=\"article:published_time\" content=\"2025-08-13T14:00:00+00:00\" \/>\n<meta property=\"og:image\" content=\"https:\/\/automotiverevista.pt\/wp-content\/uploads\/2025\/08\/20250701_163814.jpg\" \/>\n\t<meta property=\"og:image:width\" content=\"1500\" \/>\n\t<meta property=\"og:image:height\" content=\"1125\" \/>\n\t<meta property=\"og:image:type\" content=\"image\/jpeg\" \/>\n<meta name=\"author\" content=\"Fatima Silva\" \/>\n<meta name=\"twitter:card\" content=\"summary_large_image\" \/>\n<meta name=\"twitter:label1\" content=\"Escrito por\" \/>\n\t<meta name=\"twitter:data1\" content=\"Fatima Silva\" \/>\n\t<meta name=\"twitter:label2\" content=\"Tempo estimado de leitura\" \/>\n\t<meta name=\"twitter:data2\" content=\"5 minutos\" \/>\n<script type=\"application\/ld+json\" class=\"yoast-schema-graph\">{\"@context\":\"https:\\\/\\\/schema.org\",\"@graph\":[{\"@type\":\"Article\",\"@id\":\"https:\\\/\\\/automotiverevista.pt\\\/index.php\\\/2025\\\/08\\\/13\\\/arval-identifica-mais-empresas-a-utilizar-viaturas-usadas-em-portugal\\\/#article\",\"isPartOf\":{\"@id\":\"https:\\\/\\\/automotiverevista.pt\\\/index.php\\\/2025\\\/08\\\/13\\\/arval-identifica-mais-empresas-a-utilizar-viaturas-usadas-em-portugal\\\/\"},\"author\":{\"name\":\"Fatima Silva\",\"@id\":\"https:\\\/\\\/automotiverevista.pt\\\/#\\\/schema\\\/person\\\/1e95eb12553b8edd256acb00fe6dad4b\"},\"headline\":\"Arval identifica mais empresas a utilizar viaturas usadas em Portugal\",\"datePublished\":\"2025-08-13T14:00:00+00:00\",\"mainEntityOfPage\":{\"@id\":\"https:\\\/\\\/automotiverevista.pt\\\/index.php\\\/2025\\\/08\\\/13\\\/arval-identifica-mais-empresas-a-utilizar-viaturas-usadas-em-portugal\\\/\"},\"wordCount\":848,\"publisher\":{\"@id\":\"https:\\\/\\\/automotiverevista.pt\\\/#organization\"},\"image\":{\"@id\":\"https:\\\/\\\/automotiverevista.pt\\\/index.php\\\/2025\\\/08\\\/13\\\/arval-identifica-mais-empresas-a-utilizar-viaturas-usadas-em-portugal\\\/#primaryimage\"},\"thumbnailUrl\":\"https:\\\/\\\/automotiverevista.pt\\\/wp-content\\\/uploads\\\/2025\\\/08\\\/20250701_163814.jpg\",\"articleSection\":[\"Frotas\",\"P\u00f3s-Venda\"],\"inLanguage\":\"pt-PT\"},{\"@type\":\"WebPage\",\"@id\":\"https:\\\/\\\/automotiverevista.pt\\\/index.php\\\/2025\\\/08\\\/13\\\/arval-identifica-mais-empresas-a-utilizar-viaturas-usadas-em-portugal\\\/\",\"url\":\"https:\\\/\\\/automotiverevista.pt\\\/index.php\\\/2025\\\/08\\\/13\\\/arval-identifica-mais-empresas-a-utilizar-viaturas-usadas-em-portugal\\\/\",\"name\":\"Arval identifica mais empresas a utilizar viaturas usadas em Portugal - Revista Automotive\",\"isPartOf\":{\"@id\":\"https:\\\/\\\/automotiverevista.pt\\\/#website\"},\"primaryImageOfPage\":{\"@id\":\"https:\\\/\\\/automotiverevista.pt\\\/index.php\\\/2025\\\/08\\\/13\\\/arval-identifica-mais-empresas-a-utilizar-viaturas-usadas-em-portugal\\\/#primaryimage\"},\"image\":{\"@id\":\"https:\\\/\\\/automotiverevista.pt\\\/index.php\\\/2025\\\/08\\\/13\\\/arval-identifica-mais-empresas-a-utilizar-viaturas-usadas-em-portugal\\\/#primaryimage\"},\"thumbnailUrl\":\"https:\\\/\\\/automotiverevista.pt\\\/wp-content\\\/uploads\\\/2025\\\/08\\\/20250701_163814.jpg\",\"datePublished\":\"2025-08-13T14:00:00+00:00\",\"description\":\"Segundo o estudo, a maioria das empresas (41%) escolhe carros el\u00e9tricos por uma quest\u00e3o de imagem, sendo que apenas 5% escolhe esses modelos\",\"breadcrumb\":{\"@id\":\"https:\\\/\\\/automotiverevista.pt\\\/index.php\\\/2025\\\/08\\\/13\\\/arval-identifica-mais-empresas-a-utilizar-viaturas-usadas-em-portugal\\\/#breadcrumb\"},\"inLanguage\":\"pt-PT\",\"potentialAction\":[{\"@type\":\"ReadAction\",\"target\":[\"https:\\\/\\\/automotiverevista.pt\\\/index.php\\\/2025\\\/08\\\/13\\\/arval-identifica-mais-empresas-a-utilizar-viaturas-usadas-em-portugal\\\/\"]}]},{\"@type\":\"ImageObject\",\"inLanguage\":\"pt-PT\",\"@id\":\"https:\\\/\\\/automotiverevista.pt\\\/index.php\\\/2025\\\/08\\\/13\\\/arval-identifica-mais-empresas-a-utilizar-viaturas-usadas-em-portugal\\\/#primaryimage\",\"url\":\"https:\\\/\\\/automotiverevista.pt\\\/wp-content\\\/uploads\\\/2025\\\/08\\\/20250701_163814.jpg\",\"contentUrl\":\"https:\\\/\\\/automotiverevista.pt\\\/wp-content\\\/uploads\\\/2025\\\/08\\\/20250701_163814.jpg\",\"width\":1500,\"height\":1125},{\"@type\":\"BreadcrumbList\",\"@id\":\"https:\\\/\\\/automotiverevista.pt\\\/index.php\\\/2025\\\/08\\\/13\\\/arval-identifica-mais-empresas-a-utilizar-viaturas-usadas-em-portugal\\\/#breadcrumb\",\"itemListElement\":[{\"@type\":\"ListItem\",\"position\":1,\"name\":\"Home\",\"item\":\"https:\\\/\\\/automotiverevista.pt\\\/\"},{\"@type\":\"ListItem\",\"position\":2,\"name\":\"Arval identifica mais empresas a utilizar viaturas usadas em Portugal\"}]},{\"@type\":\"WebSite\",\"@id\":\"https:\\\/\\\/automotiverevista.pt\\\/#website\",\"url\":\"https:\\\/\\\/automotiverevista.pt\\\/\",\"name\":\"Revista Automotive\",\"description\":\"Revista Automotive Portugal\",\"publisher\":{\"@id\":\"https:\\\/\\\/automotiverevista.pt\\\/#organization\"},\"potentialAction\":[{\"@type\":\"SearchAction\",\"target\":{\"@type\":\"EntryPoint\",\"urlTemplate\":\"https:\\\/\\\/automotiverevista.pt\\\/?s={search_term_string}\"},\"query-input\":{\"@type\":\"PropertyValueSpecification\",\"valueRequired\":true,\"valueName\":\"search_term_string\"}}],\"inLanguage\":\"pt-PT\"},{\"@type\":\"Organization\",\"@id\":\"https:\\\/\\\/automotiverevista.pt\\\/#organization\",\"name\":\"Revista Automotive Portugal\",\"url\":\"https:\\\/\\\/automotiverevista.pt\\\/\",\"logo\":{\"@type\":\"ImageObject\",\"inLanguage\":\"pt-PT\",\"@id\":\"https:\\\/\\\/automotiverevista.pt\\\/#\\\/schema\\\/logo\\\/image\\\/\",\"url\":\"https:\\\/\\\/automotiverevista.pt\\\/wp-content\\\/uploads\\\/2022\\\/07\\\/Logo-Automotive-2021_500-1.jpg\",\"contentUrl\":\"https:\\\/\\\/automotiverevista.pt\\\/wp-content\\\/uploads\\\/2022\\\/07\\\/Logo-Automotive-2021_500-1.jpg\",\"width\":500,\"height\":160,\"caption\":\"Revista Automotive Portugal\"},\"image\":{\"@id\":\"https:\\\/\\\/automotiverevista.pt\\\/#\\\/schema\\\/logo\\\/image\\\/\"},\"sameAs\":[\"https:\\\/\\\/linkedin.com\\\/in\\\/automotiverevista\"]},{\"@type\":\"Person\",\"@id\":\"https:\\\/\\\/automotiverevista.pt\\\/#\\\/schema\\\/person\\\/1e95eb12553b8edd256acb00fe6dad4b\",\"name\":\"Fatima Silva\",\"image\":{\"@type\":\"ImageObject\",\"inLanguage\":\"pt-PT\",\"@id\":\"https:\\\/\\\/secure.gravatar.com\\\/avatar\\\/4b4a955a9c1b66708ab0dd3bd6181ac1f650299d893bd337a28482f7f19c8511?s=96&d=mm&r=g\",\"url\":\"https:\\\/\\\/secure.gravatar.com\\\/avatar\\\/4b4a955a9c1b66708ab0dd3bd6181ac1f650299d893bd337a28482f7f19c8511?s=96&d=mm&r=g\",\"contentUrl\":\"https:\\\/\\\/secure.gravatar.com\\\/avatar\\\/4b4a955a9c1b66708ab0dd3bd6181ac1f650299d893bd337a28482f7f19c8511?s=96&d=mm&r=g\",\"caption\":\"Fatima Silva\"},\"url\":\"https:\\\/\\\/automotiverevista.pt\\\/index.php\\\/author\\\/fgasparsilva\\\/\"}]}<\/script>\n<!-- \/ Yoast SEO Premium plugin. -->","yoast_head_json":{"title":"Arval identifica mais empresas a utilizar viaturas usadas em Portugal - Revista Automotive","description":"Segundo o estudo, a maioria das empresas (41%) escolhe carros el\u00e9tricos por uma quest\u00e3o de imagem, sendo que apenas 5% escolhe esses modelos","robots":{"index":"index","follow":"follow","max-snippet":"max-snippet:-1","max-image-preview":"max-image-preview:large","max-video-preview":"max-video-preview:-1"},"canonical":"https:\/\/automotiverevista.pt\/index.php\/2025\/08\/13\/arval-identifica-mais-empresas-a-utilizar-viaturas-usadas-em-portugal\/","og_locale":"pt_PT","og_type":"article","og_title":"Arval identifica mais empresas a utilizar viaturas usadas em Portugal","og_description":"Segundo o estudo, a maioria das empresas (41%) escolhe carros el\u00e9tricos por uma quest\u00e3o de imagem, sendo que apenas 5% escolhe esses modelos","og_url":"https:\/\/automotiverevista.pt\/index.php\/2025\/08\/13\/arval-identifica-mais-empresas-a-utilizar-viaturas-usadas-em-portugal\/","og_site_name":"Revista Automotive","article_published_time":"2025-08-13T14:00:00+00:00","og_image":[{"width":1500,"height":1125,"url":"https:\/\/automotiverevista.pt\/wp-content\/uploads\/2025\/08\/20250701_163814.jpg","type":"image\/jpeg"}],"author":"Fatima Silva","twitter_card":"summary_large_image","twitter_misc":{"Escrito por":"Fatima Silva","Tempo estimado de leitura":"5 minutos"},"schema":{"@context":"https:\/\/schema.org","@graph":[{"@type":"Article","@id":"https:\/\/automotiverevista.pt\/index.php\/2025\/08\/13\/arval-identifica-mais-empresas-a-utilizar-viaturas-usadas-em-portugal\/#article","isPartOf":{"@id":"https:\/\/automotiverevista.pt\/index.php\/2025\/08\/13\/arval-identifica-mais-empresas-a-utilizar-viaturas-usadas-em-portugal\/"},"author":{"name":"Fatima Silva","@id":"https:\/\/automotiverevista.pt\/#\/schema\/person\/1e95eb12553b8edd256acb00fe6dad4b"},"headline":"Arval identifica mais empresas a utilizar viaturas usadas em Portugal","datePublished":"2025-08-13T14:00:00+00:00","mainEntityOfPage":{"@id":"https:\/\/automotiverevista.pt\/index.php\/2025\/08\/13\/arval-identifica-mais-empresas-a-utilizar-viaturas-usadas-em-portugal\/"},"wordCount":848,"publisher":{"@id":"https:\/\/automotiverevista.pt\/#organization"},"image":{"@id":"https:\/\/automotiverevista.pt\/index.php\/2025\/08\/13\/arval-identifica-mais-empresas-a-utilizar-viaturas-usadas-em-portugal\/#primaryimage"},"thumbnailUrl":"https:\/\/automotiverevista.pt\/wp-content\/uploads\/2025\/08\/20250701_163814.jpg","articleSection":["Frotas","P\u00f3s-Venda"],"inLanguage":"pt-PT"},{"@type":"WebPage","@id":"https:\/\/automotiverevista.pt\/index.php\/2025\/08\/13\/arval-identifica-mais-empresas-a-utilizar-viaturas-usadas-em-portugal\/","url":"https:\/\/automotiverevista.pt\/index.php\/2025\/08\/13\/arval-identifica-mais-empresas-a-utilizar-viaturas-usadas-em-portugal\/","name":"Arval identifica mais empresas a utilizar viaturas usadas em Portugal - Revista Automotive","isPartOf":{"@id":"https:\/\/automotiverevista.pt\/#website"},"primaryImageOfPage":{"@id":"https:\/\/automotiverevista.pt\/index.php\/2025\/08\/13\/arval-identifica-mais-empresas-a-utilizar-viaturas-usadas-em-portugal\/#primaryimage"},"image":{"@id":"https:\/\/automotiverevista.pt\/index.php\/2025\/08\/13\/arval-identifica-mais-empresas-a-utilizar-viaturas-usadas-em-portugal\/#primaryimage"},"thumbnailUrl":"https:\/\/automotiverevista.pt\/wp-content\/uploads\/2025\/08\/20250701_163814.jpg","datePublished":"2025-08-13T14:00:00+00:00","description":"Segundo o estudo, a maioria das empresas (41%) escolhe carros el\u00e9tricos por uma quest\u00e3o de imagem, sendo que apenas 5% escolhe esses modelos","breadcrumb":{"@id":"https:\/\/automotiverevista.pt\/index.php\/2025\/08\/13\/arval-identifica-mais-empresas-a-utilizar-viaturas-usadas-em-portugal\/#breadcrumb"},"inLanguage":"pt-PT","potentialAction":[{"@type":"ReadAction","target":["https:\/\/automotiverevista.pt\/index.php\/2025\/08\/13\/arval-identifica-mais-empresas-a-utilizar-viaturas-usadas-em-portugal\/"]}]},{"@type":"ImageObject","inLanguage":"pt-PT","@id":"https:\/\/automotiverevista.pt\/index.php\/2025\/08\/13\/arval-identifica-mais-empresas-a-utilizar-viaturas-usadas-em-portugal\/#primaryimage","url":"https:\/\/automotiverevista.pt\/wp-content\/uploads\/2025\/08\/20250701_163814.jpg","contentUrl":"https:\/\/automotiverevista.pt\/wp-content\/uploads\/2025\/08\/20250701_163814.jpg","width":1500,"height":1125},{"@type":"BreadcrumbList","@id":"https:\/\/automotiverevista.pt\/index.php\/2025\/08\/13\/arval-identifica-mais-empresas-a-utilizar-viaturas-usadas-em-portugal\/#breadcrumb","itemListElement":[{"@type":"ListItem","position":1,"name":"Home","item":"https:\/\/automotiverevista.pt\/"},{"@type":"ListItem","position":2,"name":"Arval identifica mais empresas a utilizar viaturas usadas em Portugal"}]},{"@type":"WebSite","@id":"https:\/\/automotiverevista.pt\/#website","url":"https:\/\/automotiverevista.pt\/","name":"Revista Automotive","description":"Revista Automotive Portugal","publisher":{"@id":"https:\/\/automotiverevista.pt\/#organization"},"potentialAction":[{"@type":"SearchAction","target":{"@type":"EntryPoint","urlTemplate":"https:\/\/automotiverevista.pt\/?s={search_term_string}"},"query-input":{"@type":"PropertyValueSpecification","valueRequired":true,"valueName":"search_term_string"}}],"inLanguage":"pt-PT"},{"@type":"Organization","@id":"https:\/\/automotiverevista.pt\/#organization","name":"Revista Automotive Portugal","url":"https:\/\/automotiverevista.pt\/","logo":{"@type":"ImageObject","inLanguage":"pt-PT","@id":"https:\/\/automotiverevista.pt\/#\/schema\/logo\/image\/","url":"https:\/\/automotiverevista.pt\/wp-content\/uploads\/2022\/07\/Logo-Automotive-2021_500-1.jpg","contentUrl":"https:\/\/automotiverevista.pt\/wp-content\/uploads\/2022\/07\/Logo-Automotive-2021_500-1.jpg","width":500,"height":160,"caption":"Revista Automotive Portugal"},"image":{"@id":"https:\/\/automotiverevista.pt\/#\/schema\/logo\/image\/"},"sameAs":["https:\/\/linkedin.com\/in\/automotiverevista"]},{"@type":"Person","@id":"https:\/\/automotiverevista.pt\/#\/schema\/person\/1e95eb12553b8edd256acb00fe6dad4b","name":"Fatima Silva","image":{"@type":"ImageObject","inLanguage":"pt-PT","@id":"https:\/\/secure.gravatar.com\/avatar\/4b4a955a9c1b66708ab0dd3bd6181ac1f650299d893bd337a28482f7f19c8511?s=96&d=mm&r=g","url":"https:\/\/secure.gravatar.com\/avatar\/4b4a955a9c1b66708ab0dd3bd6181ac1f650299d893bd337a28482f7f19c8511?s=96&d=mm&r=g","contentUrl":"https:\/\/secure.gravatar.com\/avatar\/4b4a955a9c1b66708ab0dd3bd6181ac1f650299d893bd337a28482f7f19c8511?s=96&d=mm&r=g","caption":"Fatima Silva"},"url":"https:\/\/automotiverevista.pt\/index.php\/author\/fgasparsilva\/"}]}},"_links":{"self":[{"href":"https:\/\/automotiverevista.pt\/index.php\/wp-json\/wp\/v2\/posts\/10677","targetHints":{"allow":["GET"]}}],"collection":[{"href":"https:\/\/automotiverevista.pt\/index.php\/wp-json\/wp\/v2\/posts"}],"about":[{"href":"https:\/\/automotiverevista.pt\/index.php\/wp-json\/wp\/v2\/types\/post"}],"author":[{"embeddable":true,"href":"https:\/\/automotiverevista.pt\/index.php\/wp-json\/wp\/v2\/users\/4"}],"replies":[{"embeddable":true,"href":"https:\/\/automotiverevista.pt\/index.php\/wp-json\/wp\/v2\/comments?post=10677"}],"version-history":[{"count":1,"href":"https:\/\/automotiverevista.pt\/index.php\/wp-json\/wp\/v2\/posts\/10677\/revisions"}],"predecessor-version":[{"id":10684,"href":"https:\/\/automotiverevista.pt\/index.php\/wp-json\/wp\/v2\/posts\/10677\/revisions\/10684"}],"wp:featuredmedia":[{"embeddable":true,"href":"https:\/\/automotiverevista.pt\/index.php\/wp-json\/wp\/v2\/media\/10678"}],"wp:attachment":[{"href":"https:\/\/automotiverevista.pt\/index.php\/wp-json\/wp\/v2\/media?parent=10677"}],"wp:term":[{"taxonomy":"category","embeddable":true,"href":"https:\/\/automotiverevista.pt\/index.php\/wp-json\/wp\/v2\/categories?post=10677"},{"taxonomy":"post_tag","embeddable":true,"href":"https:\/\/automotiverevista.pt\/index.php\/wp-json\/wp\/v2\/tags?post=10677"}],"curies":[{"name":"wp","href":"https:\/\/api.w.org\/{rel}","templated":true}]}}