{"id":10702,"date":"2025-08-14T06:20:00","date_gmt":"2025-08-14T06:20:00","guid":{"rendered":"https:\/\/automotiverevista.pt\/?p=10702"},"modified":"2025-08-13T11:40:41","modified_gmt":"2025-08-13T11:40:41","slug":"fls-motor-reparacao-segura-de-veiculos-100-eletricos","status":"publish","type":"post","link":"https:\/\/automotiverevista.pt\/index.php\/2025\/08\/14\/fls-motor-reparacao-segura-de-veiculos-100-eletricos\/","title":{"rendered":"FLS Motor \u2013 repara\u00e7\u00e3o segura de ve\u00edculos 100% el\u00e9tricos"},"content":{"rendered":"\n<p>O parque circulante de autom\u00f3veis 100% el\u00e9tricos usados importados est\u00e1 a aumentar em Portugal. Desde o in\u00edcio deste ano, j\u00e1 foram matriculados 9.914 ve\u00edculos importados usados. Comparado com o mesmo per\u00edodo em 2024 (de janeiro e maio), o ano de 2025 apresenta um aumento de 93,10%, segundo dados de entidades do setor.<\/p>\n\n\n\n<p>\u201cA repara\u00e7\u00e3o de carros el\u00e9tricos exige cuidados especiais devido \u00e0 alta tens\u00e3o das baterias e \u00e0 sensibilidade de seus componentes eletr\u00f3nicos em geral. S\u00e3o necess\u00e1rios conhecimentos t\u00e9cnicos; forma\u00e7\u00e3o adequada de n\u00edvel 3; utiliza\u00e7\u00e3o de equipamentos e ferramentas espec\u00edficos para a interven\u00e7\u00e3o nesta tipologia de ve\u00edculo e, naturalmente investimento em espa\u00e7o adequado para garantir a seguran\u00e7a do mec\u00e2nico e a qualidade do trabalho de repara\u00e7\u00e3o\u201d.<\/p>\n\n\n<div class=\"wp-block-image\">\n<figure class=\"aligncenter size-large is-resized\"><img decoding=\"async\" width=\"1024\" height=\"768\" src=\"https:\/\/automotiverevista.pt\/wp-content\/uploads\/2025\/08\/1-1-1024x768.jpg\" alt=\"\" class=\"wp-image-10720\" style=\"width:612px;height:auto\" srcset=\"https:\/\/automotiverevista.pt\/wp-content\/uploads\/2025\/08\/1-1-1024x768.jpg 1024w, https:\/\/automotiverevista.pt\/wp-content\/uploads\/2025\/08\/1-1-300x225.jpg 300w, https:\/\/automotiverevista.pt\/wp-content\/uploads\/2025\/08\/1-1-768x576.jpg 768w, https:\/\/automotiverevista.pt\/wp-content\/uploads\/2025\/08\/1-1-750x563.jpg 750w, https:\/\/automotiverevista.pt\/wp-content\/uploads\/2025\/08\/1-1-1140x855.jpg 1140w, https:\/\/automotiverevista.pt\/wp-content\/uploads\/2025\/08\/1-1.jpg 1500w\" sizes=\"(max-width: 1024px) 100vw, 1024px\" \/><\/figure>\n<\/div>\n\n\n<p>Quem o diz \u00e9 <strong>M\u00e1rio Moreira<\/strong>, diretor de opera\u00e7\u00f5es da FLS Motor Bosch Car Service, com sede em Gondomar, a&nbsp;<strong>primeira oficina<\/strong>&nbsp;da Pen\u00ednsula Ib\u00e9rica a ser certificada pela Bosch para a manuten\u00e7\u00e3o e repara\u00e7\u00e3o de ve\u00edculos h\u00edbridos e el\u00e9tricos, e vencedora do pr\u00e9mio&nbsp;Rede Oficinal, atribu\u00eddo pela Revista Automotive.<\/p>\n\n\n\n<p>\u201cA <a href=\"https:\/\/automotiverevista.pt\/index.php\/2024\/10\/08\/fls-motor-pioneira-na-peninsula-iberica\/\">FLS Motor<\/a> investiu num espa\u00e7o espec\u00edfico e na forma\u00e7\u00e3o da equipa para realizarmos, com toda a seguran\u00e7a, a interven\u00e7\u00e3o em viaturas eletrificadas ou 100% el\u00e9tricas de todas as marcas, nas \u00e1reas de manuten\u00e7\u00e3o, colis\u00e3o e pneus. Em decorr\u00eancia, temos registado uma boa procura quer de particulares quer de frotas\u201d, acrescentou M\u00e1rio Moreira.<\/p>\n\n\n<div class=\"wp-block-image\">\n<figure class=\"aligncenter size-large is-resized\"><img decoding=\"async\" width=\"1024\" height=\"683\" src=\"https:\/\/automotiverevista.pt\/wp-content\/uploads\/2025\/08\/IMG_4028-1024x683.jpg\" alt=\"\" class=\"wp-image-10704\" style=\"width:787px;height:auto\" srcset=\"https:\/\/automotiverevista.pt\/wp-content\/uploads\/2025\/08\/IMG_4028-1024x683.jpg 1024w, https:\/\/automotiverevista.pt\/wp-content\/uploads\/2025\/08\/IMG_4028-300x200.jpg 300w, https:\/\/automotiverevista.pt\/wp-content\/uploads\/2025\/08\/IMG_4028-768x512.jpg 768w, https:\/\/automotiverevista.pt\/wp-content\/uploads\/2025\/08\/IMG_4028-750x500.jpg 750w, https:\/\/automotiverevista.pt\/wp-content\/uploads\/2025\/08\/IMG_4028-1140x760.jpg 1140w, https:\/\/automotiverevista.pt\/wp-content\/uploads\/2025\/08\/IMG_4028.jpg 1500w\" sizes=\"(max-width: 1024px) 100vw, 1024px\" \/><\/figure>\n<\/div>","protected":false},"excerpt":{"rendered":"<p>O parque circulante de autom\u00f3veis 100% el\u00e9tricos usados importados est\u00e1 a aumentar em Portugal. Desde o in\u00edcio deste ano, j\u00e1 foram matriculados 9.914 ve\u00edculos importados usados. Comparado com o mesmo per\u00edodo em 2024 (de janeiro e maio), o ano de 2025 apresenta um aumento de 93,10%, segundo dados de entidades do setor. \u201cA repara\u00e7\u00e3o de [&hellip;]<\/p>\n","protected":false},"author":4,"featured_media":10703,"comment_status":"closed","ping_status":"open","sticky":false,"template":"","format":"standard","meta":{"jnews-multi-image_gallery":[],"jnews_single_post":{"format":"standard"},"jnews_primary_category":[],"footnotes":""},"categories":[21],"tags":[],"class_list":["post-10702","post","type-post","status-publish","format-standard","has-post-thumbnail","hentry","category-pos-venda"],"yoast_head":"<!-- This site is optimized with the Yoast SEO Premium plugin v27.2 (Yoast SEO v27.5) - https:\/\/yoast.com\/product\/yoast-seo-premium-wordpress\/ -->\n<title>FLS Motor \u2013 repara\u00e7\u00e3o segura de ve\u00edculos 100% el\u00e9tricos - Revista Automotive<\/title>\n<meta name=\"description\" content=\"O parque circulante de autom\u00f3veis 100% el\u00e9tricos usados importados est\u00e1 a aumentar em Portugal. Desde o in\u00edcio deste ano, j\u00e1 foram matriculad\" \/>\n<meta name=\"robots\" content=\"index, follow, max-snippet:-1, max-image-preview:large, max-video-preview:-1\" \/>\n<link rel=\"canonical\" href=\"https:\/\/automotiverevista.pt\/index.php\/2025\/08\/14\/fls-motor-reparacao-segura-de-veiculos-100-eletricos\/\" \/>\n<meta property=\"og:locale\" content=\"pt_PT\" \/>\n<meta property=\"og:type\" content=\"article\" \/>\n<meta property=\"og:title\" content=\"FLS Motor \u2013 repara\u00e7\u00e3o segura de ve\u00edculos 100% el\u00e9tricos\" \/>\n<meta property=\"og:description\" content=\"O parque circulante de autom\u00f3veis 100% el\u00e9tricos usados importados est\u00e1 a aumentar em Portugal. Desde o in\u00edcio deste ano, j\u00e1 foram matriculad\" \/>\n<meta property=\"og:url\" content=\"https:\/\/automotiverevista.pt\/index.php\/2025\/08\/14\/fls-motor-reparacao-segura-de-veiculos-100-eletricos\/\" \/>\n<meta property=\"og:site_name\" content=\"Revista Automotive\" \/>\n<meta property=\"article:published_time\" content=\"2025-08-14T06:20:00+00:00\" \/>\n<meta property=\"og:image\" content=\"https:\/\/automotiverevista.pt\/wp-content\/uploads\/2025\/08\/IMG_4018.jpg\" \/>\n\t<meta property=\"og:image:width\" content=\"1500\" \/>\n\t<meta property=\"og:image:height\" content=\"1000\" \/>\n\t<meta property=\"og:image:type\" content=\"image\/jpeg\" \/>\n<meta name=\"author\" content=\"Fatima Silva\" \/>\n<meta name=\"twitter:card\" content=\"summary_large_image\" \/>\n<meta name=\"twitter:label1\" content=\"Escrito por\" \/>\n\t<meta name=\"twitter:data1\" content=\"Fatima Silva\" \/>\n\t<meta name=\"twitter:label2\" content=\"Tempo estimado de leitura\" \/>\n\t<meta name=\"twitter:data2\" content=\"2 minutos\" \/>\n<script type=\"application\/ld+json\" class=\"yoast-schema-graph\">{\"@context\":\"https:\\\/\\\/schema.org\",\"@graph\":[{\"@type\":\"Article\",\"@id\":\"https:\\\/\\\/automotiverevista.pt\\\/index.php\\\/2025\\\/08\\\/14\\\/fls-motor-reparacao-segura-de-veiculos-100-eletricos\\\/#article\",\"isPartOf\":{\"@id\":\"https:\\\/\\\/automotiverevista.pt\\\/index.php\\\/2025\\\/08\\\/14\\\/fls-motor-reparacao-segura-de-veiculos-100-eletricos\\\/\"},\"author\":{\"name\":\"Fatima Silva\",\"@id\":\"https:\\\/\\\/automotiverevista.pt\\\/#\\\/schema\\\/person\\\/1e95eb12553b8edd256acb00fe6dad4b\"},\"headline\":\"FLS Motor \u2013 repara\u00e7\u00e3o segura de ve\u00edculos 100% el\u00e9tricos\",\"datePublished\":\"2025-08-14T06:20:00+00:00\",\"mainEntityOfPage\":{\"@id\":\"https:\\\/\\\/automotiverevista.pt\\\/index.php\\\/2025\\\/08\\\/14\\\/fls-motor-reparacao-segura-de-veiculos-100-eletricos\\\/\"},\"wordCount\":265,\"publisher\":{\"@id\":\"https:\\\/\\\/automotiverevista.pt\\\/#organization\"},\"image\":{\"@id\":\"https:\\\/\\\/automotiverevista.pt\\\/index.php\\\/2025\\\/08\\\/14\\\/fls-motor-reparacao-segura-de-veiculos-100-eletricos\\\/#primaryimage\"},\"thumbnailUrl\":\"https:\\\/\\\/automotiverevista.pt\\\/wp-content\\\/uploads\\\/2025\\\/08\\\/IMG_4018.jpg\",\"articleSection\":[\"P\u00f3s-Venda\"],\"inLanguage\":\"pt-PT\"},{\"@type\":\"WebPage\",\"@id\":\"https:\\\/\\\/automotiverevista.pt\\\/index.php\\\/2025\\\/08\\\/14\\\/fls-motor-reparacao-segura-de-veiculos-100-eletricos\\\/\",\"url\":\"https:\\\/\\\/automotiverevista.pt\\\/index.php\\\/2025\\\/08\\\/14\\\/fls-motor-reparacao-segura-de-veiculos-100-eletricos\\\/\",\"name\":\"FLS Motor \u2013 repara\u00e7\u00e3o segura de ve\u00edculos 100% el\u00e9tricos - Revista Automotive\",\"isPartOf\":{\"@id\":\"https:\\\/\\\/automotiverevista.pt\\\/#website\"},\"primaryImageOfPage\":{\"@id\":\"https:\\\/\\\/automotiverevista.pt\\\/index.php\\\/2025\\\/08\\\/14\\\/fls-motor-reparacao-segura-de-veiculos-100-eletricos\\\/#primaryimage\"},\"image\":{\"@id\":\"https:\\\/\\\/automotiverevista.pt\\\/index.php\\\/2025\\\/08\\\/14\\\/fls-motor-reparacao-segura-de-veiculos-100-eletricos\\\/#primaryimage\"},\"thumbnailUrl\":\"https:\\\/\\\/automotiverevista.pt\\\/wp-content\\\/uploads\\\/2025\\\/08\\\/IMG_4018.jpg\",\"datePublished\":\"2025-08-14T06:20:00+00:00\",\"description\":\"O parque circulante de autom\u00f3veis 100% el\u00e9tricos usados importados est\u00e1 a aumentar em Portugal. Desde o in\u00edcio deste ano, j\u00e1 foram matriculad\",\"breadcrumb\":{\"@id\":\"https:\\\/\\\/automotiverevista.pt\\\/index.php\\\/2025\\\/08\\\/14\\\/fls-motor-reparacao-segura-de-veiculos-100-eletricos\\\/#breadcrumb\"},\"inLanguage\":\"pt-PT\",\"potentialAction\":[{\"@type\":\"ReadAction\",\"target\":[\"https:\\\/\\\/automotiverevista.pt\\\/index.php\\\/2025\\\/08\\\/14\\\/fls-motor-reparacao-segura-de-veiculos-100-eletricos\\\/\"]}]},{\"@type\":\"ImageObject\",\"inLanguage\":\"pt-PT\",\"@id\":\"https:\\\/\\\/automotiverevista.pt\\\/index.php\\\/2025\\\/08\\\/14\\\/fls-motor-reparacao-segura-de-veiculos-100-eletricos\\\/#primaryimage\",\"url\":\"https:\\\/\\\/automotiverevista.pt\\\/wp-content\\\/uploads\\\/2025\\\/08\\\/IMG_4018.jpg\",\"contentUrl\":\"https:\\\/\\\/automotiverevista.pt\\\/wp-content\\\/uploads\\\/2025\\\/08\\\/IMG_4018.jpg\",\"width\":1500,\"height\":1000},{\"@type\":\"BreadcrumbList\",\"@id\":\"https:\\\/\\\/automotiverevista.pt\\\/index.php\\\/2025\\\/08\\\/14\\\/fls-motor-reparacao-segura-de-veiculos-100-eletricos\\\/#breadcrumb\",\"itemListElement\":[{\"@type\":\"ListItem\",\"position\":1,\"name\":\"Home\",\"item\":\"https:\\\/\\\/automotiverevista.pt\\\/\"},{\"@type\":\"ListItem\",\"position\":2,\"name\":\"FLS Motor \u2013 repara\u00e7\u00e3o segura de ve\u00edculos 100% el\u00e9tricos\"}]},{\"@type\":\"WebSite\",\"@id\":\"https:\\\/\\\/automotiverevista.pt\\\/#website\",\"url\":\"https:\\\/\\\/automotiverevista.pt\\\/\",\"name\":\"Revista Automotive\",\"description\":\"Revista Automotive Portugal\",\"publisher\":{\"@id\":\"https:\\\/\\\/automotiverevista.pt\\\/#organization\"},\"potentialAction\":[{\"@type\":\"SearchAction\",\"target\":{\"@type\":\"EntryPoint\",\"urlTemplate\":\"https:\\\/\\\/automotiverevista.pt\\\/?s={search_term_string}\"},\"query-input\":{\"@type\":\"PropertyValueSpecification\",\"valueRequired\":true,\"valueName\":\"search_term_string\"}}],\"inLanguage\":\"pt-PT\"},{\"@type\":\"Organization\",\"@id\":\"https:\\\/\\\/automotiverevista.pt\\\/#organization\",\"name\":\"Revista Automotive Portugal\",\"url\":\"https:\\\/\\\/automotiverevista.pt\\\/\",\"logo\":{\"@type\":\"ImageObject\",\"inLanguage\":\"pt-PT\",\"@id\":\"https:\\\/\\\/automotiverevista.pt\\\/#\\\/schema\\\/logo\\\/image\\\/\",\"url\":\"https:\\\/\\\/automotiverevista.pt\\\/wp-content\\\/uploads\\\/2022\\\/07\\\/Logo-Automotive-2021_500-1.jpg\",\"contentUrl\":\"https:\\\/\\\/automotiverevista.pt\\\/wp-content\\\/uploads\\\/2022\\\/07\\\/Logo-Automotive-2021_500-1.jpg\",\"width\":500,\"height\":160,\"caption\":\"Revista Automotive Portugal\"},\"image\":{\"@id\":\"https:\\\/\\\/automotiverevista.pt\\\/#\\\/schema\\\/logo\\\/image\\\/\"},\"sameAs\":[\"https:\\\/\\\/linkedin.com\\\/in\\\/automotiverevista\"]},{\"@type\":\"Person\",\"@id\":\"https:\\\/\\\/automotiverevista.pt\\\/#\\\/schema\\\/person\\\/1e95eb12553b8edd256acb00fe6dad4b\",\"name\":\"Fatima Silva\",\"image\":{\"@type\":\"ImageObject\",\"inLanguage\":\"pt-PT\",\"@id\":\"https:\\\/\\\/secure.gravatar.com\\\/avatar\\\/4b4a955a9c1b66708ab0dd3bd6181ac1f650299d893bd337a28482f7f19c8511?s=96&d=mm&r=g\",\"url\":\"https:\\\/\\\/secure.gravatar.com\\\/avatar\\\/4b4a955a9c1b66708ab0dd3bd6181ac1f650299d893bd337a28482f7f19c8511?s=96&d=mm&r=g\",\"contentUrl\":\"https:\\\/\\\/secure.gravatar.com\\\/avatar\\\/4b4a955a9c1b66708ab0dd3bd6181ac1f650299d893bd337a28482f7f19c8511?s=96&d=mm&r=g\",\"caption\":\"Fatima Silva\"},\"url\":\"https:\\\/\\\/automotiverevista.pt\\\/index.php\\\/author\\\/fgasparsilva\\\/\"}]}<\/script>\n<!-- \/ Yoast SEO Premium plugin. -->","yoast_head_json":{"title":"FLS Motor \u2013 repara\u00e7\u00e3o segura de ve\u00edculos 100% el\u00e9tricos - Revista Automotive","description":"O parque circulante de autom\u00f3veis 100% el\u00e9tricos usados importados est\u00e1 a aumentar em Portugal. Desde o in\u00edcio deste ano, j\u00e1 foram matriculad","robots":{"index":"index","follow":"follow","max-snippet":"max-snippet:-1","max-image-preview":"max-image-preview:large","max-video-preview":"max-video-preview:-1"},"canonical":"https:\/\/automotiverevista.pt\/index.php\/2025\/08\/14\/fls-motor-reparacao-segura-de-veiculos-100-eletricos\/","og_locale":"pt_PT","og_type":"article","og_title":"FLS Motor \u2013 repara\u00e7\u00e3o segura de ve\u00edculos 100% el\u00e9tricos","og_description":"O parque circulante de autom\u00f3veis 100% el\u00e9tricos usados importados est\u00e1 a aumentar em Portugal. Desde o in\u00edcio deste ano, j\u00e1 foram matriculad","og_url":"https:\/\/automotiverevista.pt\/index.php\/2025\/08\/14\/fls-motor-reparacao-segura-de-veiculos-100-eletricos\/","og_site_name":"Revista Automotive","article_published_time":"2025-08-14T06:20:00+00:00","og_image":[{"width":1500,"height":1000,"url":"https:\/\/automotiverevista.pt\/wp-content\/uploads\/2025\/08\/IMG_4018.jpg","type":"image\/jpeg"}],"author":"Fatima Silva","twitter_card":"summary_large_image","twitter_misc":{"Escrito por":"Fatima Silva","Tempo estimado de leitura":"2 minutos"},"schema":{"@context":"https:\/\/schema.org","@graph":[{"@type":"Article","@id":"https:\/\/automotiverevista.pt\/index.php\/2025\/08\/14\/fls-motor-reparacao-segura-de-veiculos-100-eletricos\/#article","isPartOf":{"@id":"https:\/\/automotiverevista.pt\/index.php\/2025\/08\/14\/fls-motor-reparacao-segura-de-veiculos-100-eletricos\/"},"author":{"name":"Fatima Silva","@id":"https:\/\/automotiverevista.pt\/#\/schema\/person\/1e95eb12553b8edd256acb00fe6dad4b"},"headline":"FLS Motor \u2013 repara\u00e7\u00e3o segura de ve\u00edculos 100% el\u00e9tricos","datePublished":"2025-08-14T06:20:00+00:00","mainEntityOfPage":{"@id":"https:\/\/automotiverevista.pt\/index.php\/2025\/08\/14\/fls-motor-reparacao-segura-de-veiculos-100-eletricos\/"},"wordCount":265,"publisher":{"@id":"https:\/\/automotiverevista.pt\/#organization"},"image":{"@id":"https:\/\/automotiverevista.pt\/index.php\/2025\/08\/14\/fls-motor-reparacao-segura-de-veiculos-100-eletricos\/#primaryimage"},"thumbnailUrl":"https:\/\/automotiverevista.pt\/wp-content\/uploads\/2025\/08\/IMG_4018.jpg","articleSection":["P\u00f3s-Venda"],"inLanguage":"pt-PT"},{"@type":"WebPage","@id":"https:\/\/automotiverevista.pt\/index.php\/2025\/08\/14\/fls-motor-reparacao-segura-de-veiculos-100-eletricos\/","url":"https:\/\/automotiverevista.pt\/index.php\/2025\/08\/14\/fls-motor-reparacao-segura-de-veiculos-100-eletricos\/","name":"FLS Motor \u2013 repara\u00e7\u00e3o segura de ve\u00edculos 100% el\u00e9tricos - Revista Automotive","isPartOf":{"@id":"https:\/\/automotiverevista.pt\/#website"},"primaryImageOfPage":{"@id":"https:\/\/automotiverevista.pt\/index.php\/2025\/08\/14\/fls-motor-reparacao-segura-de-veiculos-100-eletricos\/#primaryimage"},"image":{"@id":"https:\/\/automotiverevista.pt\/index.php\/2025\/08\/14\/fls-motor-reparacao-segura-de-veiculos-100-eletricos\/#primaryimage"},"thumbnailUrl":"https:\/\/automotiverevista.pt\/wp-content\/uploads\/2025\/08\/IMG_4018.jpg","datePublished":"2025-08-14T06:20:00+00:00","description":"O parque circulante de autom\u00f3veis 100% el\u00e9tricos usados importados est\u00e1 a aumentar em Portugal. Desde o in\u00edcio deste ano, j\u00e1 foram matriculad","breadcrumb":{"@id":"https:\/\/automotiverevista.pt\/index.php\/2025\/08\/14\/fls-motor-reparacao-segura-de-veiculos-100-eletricos\/#breadcrumb"},"inLanguage":"pt-PT","potentialAction":[{"@type":"ReadAction","target":["https:\/\/automotiverevista.pt\/index.php\/2025\/08\/14\/fls-motor-reparacao-segura-de-veiculos-100-eletricos\/"]}]},{"@type":"ImageObject","inLanguage":"pt-PT","@id":"https:\/\/automotiverevista.pt\/index.php\/2025\/08\/14\/fls-motor-reparacao-segura-de-veiculos-100-eletricos\/#primaryimage","url":"https:\/\/automotiverevista.pt\/wp-content\/uploads\/2025\/08\/IMG_4018.jpg","contentUrl":"https:\/\/automotiverevista.pt\/wp-content\/uploads\/2025\/08\/IMG_4018.jpg","width":1500,"height":1000},{"@type":"BreadcrumbList","@id":"https:\/\/automotiverevista.pt\/index.php\/2025\/08\/14\/fls-motor-reparacao-segura-de-veiculos-100-eletricos\/#breadcrumb","itemListElement":[{"@type":"ListItem","position":1,"name":"Home","item":"https:\/\/automotiverevista.pt\/"},{"@type":"ListItem","position":2,"name":"FLS Motor \u2013 repara\u00e7\u00e3o segura de ve\u00edculos 100% el\u00e9tricos"}]},{"@type":"WebSite","@id":"https:\/\/automotiverevista.pt\/#website","url":"https:\/\/automotiverevista.pt\/","name":"Revista Automotive","description":"Revista Automotive Portugal","publisher":{"@id":"https:\/\/automotiverevista.pt\/#organization"},"potentialAction":[{"@type":"SearchAction","target":{"@type":"EntryPoint","urlTemplate":"https:\/\/automotiverevista.pt\/?s={search_term_string}"},"query-input":{"@type":"PropertyValueSpecification","valueRequired":true,"valueName":"search_term_string"}}],"inLanguage":"pt-PT"},{"@type":"Organization","@id":"https:\/\/automotiverevista.pt\/#organization","name":"Revista Automotive Portugal","url":"https:\/\/automotiverevista.pt\/","logo":{"@type":"ImageObject","inLanguage":"pt-PT","@id":"https:\/\/automotiverevista.pt\/#\/schema\/logo\/image\/","url":"https:\/\/automotiverevista.pt\/wp-content\/uploads\/2022\/07\/Logo-Automotive-2021_500-1.jpg","contentUrl":"https:\/\/automotiverevista.pt\/wp-content\/uploads\/2022\/07\/Logo-Automotive-2021_500-1.jpg","width":500,"height":160,"caption":"Revista Automotive Portugal"},"image":{"@id":"https:\/\/automotiverevista.pt\/#\/schema\/logo\/image\/"},"sameAs":["https:\/\/linkedin.com\/in\/automotiverevista"]},{"@type":"Person","@id":"https:\/\/automotiverevista.pt\/#\/schema\/person\/1e95eb12553b8edd256acb00fe6dad4b","name":"Fatima Silva","image":{"@type":"ImageObject","inLanguage":"pt-PT","@id":"https:\/\/secure.gravatar.com\/avatar\/4b4a955a9c1b66708ab0dd3bd6181ac1f650299d893bd337a28482f7f19c8511?s=96&d=mm&r=g","url":"https:\/\/secure.gravatar.com\/avatar\/4b4a955a9c1b66708ab0dd3bd6181ac1f650299d893bd337a28482f7f19c8511?s=96&d=mm&r=g","contentUrl":"https:\/\/secure.gravatar.com\/avatar\/4b4a955a9c1b66708ab0dd3bd6181ac1f650299d893bd337a28482f7f19c8511?s=96&d=mm&r=g","caption":"Fatima Silva"},"url":"https:\/\/automotiverevista.pt\/index.php\/author\/fgasparsilva\/"}]}},"_links":{"self":[{"href":"https:\/\/automotiverevista.pt\/index.php\/wp-json\/wp\/v2\/posts\/10702","targetHints":{"allow":["GET"]}}],"collection":[{"href":"https:\/\/automotiverevista.pt\/index.php\/wp-json\/wp\/v2\/posts"}],"about":[{"href":"https:\/\/automotiverevista.pt\/index.php\/wp-json\/wp\/v2\/types\/post"}],"author":[{"embeddable":true,"href":"https:\/\/automotiverevista.pt\/index.php\/wp-json\/wp\/v2\/users\/4"}],"replies":[{"embeddable":true,"href":"https:\/\/automotiverevista.pt\/index.php\/wp-json\/wp\/v2\/comments?post=10702"}],"version-history":[{"count":2,"href":"https:\/\/automotiverevista.pt\/index.php\/wp-json\/wp\/v2\/posts\/10702\/revisions"}],"predecessor-version":[{"id":10722,"href":"https:\/\/automotiverevista.pt\/index.php\/wp-json\/wp\/v2\/posts\/10702\/revisions\/10722"}],"wp:featuredmedia":[{"embeddable":true,"href":"https:\/\/automotiverevista.pt\/index.php\/wp-json\/wp\/v2\/media\/10703"}],"wp:attachment":[{"href":"https:\/\/automotiverevista.pt\/index.php\/wp-json\/wp\/v2\/media?parent=10702"}],"wp:term":[{"taxonomy":"category","embeddable":true,"href":"https:\/\/automotiverevista.pt\/index.php\/wp-json\/wp\/v2\/categories?post=10702"},{"taxonomy":"post_tag","embeddable":true,"href":"https:\/\/automotiverevista.pt\/index.php\/wp-json\/wp\/v2\/tags?post=10702"}],"curies":[{"name":"wp","href":"https:\/\/api.w.org\/{rel}","templated":true}]}}