{"id":10719,"date":"2025-09-02T10:06:00","date_gmt":"2025-09-02T10:06:00","guid":{"rendered":"https:\/\/automotiverevista.pt\/?p=10719"},"modified":"2025-09-02T10:06:01","modified_gmt":"2025-09-02T10:06:01","slug":"grupo-barreiro-consolida-presenca-em-portugal","status":"publish","type":"post","link":"https:\/\/automotiverevista.pt\/index.php\/2025\/09\/02\/grupo-barreiro-consolida-presenca-em-portugal\/","title":{"rendered":"Grupo Barreiro consolida presen\u00e7a em Portugal"},"content":{"rendered":"\n<p><strong>Paulo Castro <\/strong>(nas imagens), diretor de opera\u00e7\u00f5es em Portugal do Grupo Barreiro, recebeu a Revista Automotive nas instala\u00e7\u00f5es da unidade de Albergaria para falar sobre a evolu\u00e7\u00e3o do Grupo no nosso pa\u00eds, e tamb\u00e9m dar a conhecer a din\u00e2mica desta empresa que est\u00e1 a completar o seu primeiro quarto de s\u00e9culo de atividades no mercado nacional.<\/p>\n\n\n\n<p>Segundo Paulo Castro, \u201co Grupo Barreiro come\u00e7ou as suas atividades h\u00e1 mais de 75 anos, com as primeiras atividades iniciadas em 1947 por Nicol\u00e1s Barreiro numas modestas instala\u00e7\u00f5es na cidade de Corunha (Espanha) sendo que, em 1983, Juan Rojano funda oficialmente a Rec\u00e2mbios Barreiro S.L., na regi\u00e3o da Gal\u00edcia. Em Portugal, a empresa come\u00e7a a funcionar no ano 2000, marcando assim a sua internacionaliza\u00e7\u00e3o atrav\u00e9s da abertura da sua primeira sucursal em Santa Maria da Feira.<\/p>\n\n\n\n<figure class=\"wp-block-image size-large is-resized\"><img decoding=\"async\" width=\"1024\" height=\"683\" src=\"https:\/\/automotiverevista.pt\/wp-content\/uploads\/2025\/09\/IMG_4064-1024x683.jpg\" alt=\"\" class=\"wp-image-10878\" style=\"width:903px;height:auto\" srcset=\"https:\/\/automotiverevista.pt\/wp-content\/uploads\/2025\/09\/IMG_4064-1024x683.jpg 1024w, https:\/\/automotiverevista.pt\/wp-content\/uploads\/2025\/09\/IMG_4064-300x200.jpg 300w, https:\/\/automotiverevista.pt\/wp-content\/uploads\/2025\/09\/IMG_4064-768x512.jpg 768w, https:\/\/automotiverevista.pt\/wp-content\/uploads\/2025\/09\/IMG_4064-750x500.jpg 750w, https:\/\/automotiverevista.pt\/wp-content\/uploads\/2025\/09\/IMG_4064-1140x760.jpg 1140w, https:\/\/automotiverevista.pt\/wp-content\/uploads\/2025\/09\/IMG_4064.jpg 1500w\" sizes=\"(max-width: 1024px) 100vw, 1024px\" \/><\/figure>\n\n\n\n<p>Atualmente e num quadro ib\u00e9rico, contamos com 19 armaz\u00e9ns e cerca de 250 colaboradores, 35 dos quais a trabalhar em Portugal. Somos efetivamente uma das maiores empresas de distribui\u00e7\u00e3o de pe\u00e7as para ve\u00edculos pesados na pen\u00ednsula ib\u00e9rica. Orgulho-me de estar a trabalhar nesta empresa h\u00e1 mais de 25 anos, tendo sido o respons\u00e1vel pela implementa\u00e7\u00e3o, expans\u00e3o e consolida\u00e7\u00e3o das atividades do Grupo Barreiro em Portugal, primeiro como representante comercial e, desde alguns anos, diretor de opera\u00e7\u00f5es no nosso pa\u00eds. Contamos atualmente com quatro unidades em Portugal, com lojas e armaz\u00e9ns localizados em Matosinhos, Leiria, Braga e Albergaria.<\/p>\n\n\n\n<p><strong>Equipa e servi\u00e7os<\/strong><\/p>\n\n\n\n<p>Se \u00e9 verdade que o nosso grupo alcan\u00e7ou uma posi\u00e7\u00e3o de refer\u00eancia ib\u00e9rica no setor da distribui\u00e7\u00e3o das pe\u00e7as, tamb\u00e9m \u00e9 verdade que esta realidade somente foi poss\u00edvel atingir gra\u00e7as ao empenho e dedica\u00e7\u00e3o da nossa equipa de colaboradores, bem como a confian\u00e7a e fideliza\u00e7\u00e3o dos nossos clientes, numa rela\u00e7\u00e3o de transpar\u00eancia e seriedade comercial que mantemos com os nossos fornecedores de pe\u00e7as e acess\u00f3rios.<\/p>\n\n\n<div class=\"wp-block-image\">\n<figure class=\"aligncenter size-large is-resized\"><img decoding=\"async\" width=\"1024\" height=\"683\" src=\"https:\/\/automotiverevista.pt\/wp-content\/uploads\/2025\/08\/IMG_4039-1024x683.jpg\" alt=\"\" class=\"wp-image-10724\" style=\"width:813px;height:auto\" srcset=\"https:\/\/automotiverevista.pt\/wp-content\/uploads\/2025\/08\/IMG_4039-1024x683.jpg 1024w, https:\/\/automotiverevista.pt\/wp-content\/uploads\/2025\/08\/IMG_4039-300x200.jpg 300w, https:\/\/automotiverevista.pt\/wp-content\/uploads\/2025\/08\/IMG_4039-768x512.jpg 768w, https:\/\/automotiverevista.pt\/wp-content\/uploads\/2025\/08\/IMG_4039-750x500.jpg 750w, https:\/\/automotiverevista.pt\/wp-content\/uploads\/2025\/08\/IMG_4039-1140x760.jpg 1140w, https:\/\/automotiverevista.pt\/wp-content\/uploads\/2025\/08\/IMG_4039.jpg 1500w\" sizes=\"(max-width: 1024px) 100vw, 1024px\" \/><\/figure>\n<\/div>\n\n\n<p>\u00c9 na aten\u00e7\u00e3o ao cliente que nos diferenciamos perante as demais empresas que tamb\u00e9m est\u00e3o no mercado da distribui\u00e7\u00e3o de pe\u00e7as de reposi\u00e7\u00e3o para ve\u00edculos pesados. Os nossos clientes est\u00e3o na linha da frente da nossa gest\u00e3o di\u00e1ria e sabemos que s\u00e3o eles que nos impulsionam a fazer mais e melhor. Com base nesta rela\u00e7\u00e3o de confian\u00e7a e no conhecimento t\u00e9cnico dos nossos colaboradores, estamos a crescer a n\u00edvel ib\u00e9rico e, naturalmente, tamb\u00e9m em Portugal.<\/p>\n\n\n\n<p>Apesar da nossa longevidade e notoriedade, estamos constantemente a nos reinventar e ajustar a nossa forma de trabalhar \u00e0s transforma\u00e7\u00f5es do mercado de ve\u00edculos pesados. O ano de 2022 marcou um ponto de viragem da nossa empresa, com a implementa\u00e7\u00e3o de uma nova imagem e identidade visual, ocasi\u00e3o em que a empresa Rec\u00e2mbios Barreiro passa a denominar-se Grupo Barreiro, inaugurando naquele mesmo ano um novo centro em Salamanca (Espanha), refor\u00e7ando a nossa capacidade log\u00edstica.<\/p>\n\n\n\n<p><strong>Frota pr\u00f3pria<\/strong><\/p>\n\n\n<div class=\"wp-block-image\">\n<figure class=\"alignright size-large is-resized\"><img decoding=\"async\" width=\"1024\" height=\"644\" src=\"https:\/\/automotiverevista.pt\/wp-content\/uploads\/2025\/08\/20250521_1503210-1024x644.jpg\" alt=\"\" class=\"wp-image-10727\" style=\"width:517px;height:auto\" srcset=\"https:\/\/automotiverevista.pt\/wp-content\/uploads\/2025\/08\/20250521_1503210-1024x644.jpg 1024w, https:\/\/automotiverevista.pt\/wp-content\/uploads\/2025\/08\/20250521_1503210-300x189.jpg 300w, https:\/\/automotiverevista.pt\/wp-content\/uploads\/2025\/08\/20250521_1503210-768x483.jpg 768w, https:\/\/automotiverevista.pt\/wp-content\/uploads\/2025\/08\/20250521_1503210-750x472.jpg 750w, https:\/\/automotiverevista.pt\/wp-content\/uploads\/2025\/08\/20250521_1503210-1140x717.jpg 1140w, https:\/\/automotiverevista.pt\/wp-content\/uploads\/2025\/08\/20250521_1503210.jpg 1500w\" sizes=\"(max-width: 1024px) 100vw, 1024px\" \/><\/figure>\n<\/div>\n\n\n<p>As nossas quatro unidades em Portugal contam com uma frota pr\u00f3pria de 8 furg\u00f5es para atendimento regional aos nossos clientes, sendo que dispomos de um armaz\u00e9m central em Bergondo (Corunha) que abastece o mercado portugu\u00eas. Para al\u00e9m de frota pr\u00f3pria para servi\u00e7o de entrega de pe\u00e7as, cada uma das nossas unidades disp\u00f5e de um servi\u00e7o de <em>call center<\/em>, com atendimento especializado pelos nossos funcion\u00e1rios. Ao completarmos 25 anos de atividades em Portugal, as nossas 4 unidades j\u00e1 representam 20% da fatura\u00e7\u00e3o ib\u00e9rica do Grupo Barreiro.<\/p>\n\n\n\n<p>\u00c9 importante recordar que desde 1991 fazemos parte da Groupauto Uni\u00f3n Ib\u00e9rica, reconhecidamente uma das maiores redes de distribui\u00e7\u00e3o de pe\u00e7as a n\u00edvel mundial, presente em 5 continentes e mais de 70 pa\u00edses. Nesta qualidade, temos acesso a um conjunto alargado de servi\u00e7os para o setor de p\u00f3s-venda, tais como uma rede de oficinas multimarca denominada Top Truck \/ Intertrucks (com 6 oficinas abandeiradas em Portugal e 56 em Espanha).<\/p>\n\n\n\n<p>Tamb\u00e9m investimos na forma\u00e7\u00e3o cont\u00ednua dos nossos funcion\u00e1rios, e para os nossos clientes, quer em Espanha quer em Portugal, damos forma\u00e7\u00e3o eletromec\u00e2nica, diagn\u00f3stico e apoio \u00e0 gest\u00e3o empresarial,, com a\u00e7\u00f5es promovidas em parcerias com os formadores da Groupauto e tamb\u00e9m com as marcas que comercializamos. Por falar em marcas, o Grupo Barreiro conta com uma marca pr\u00f3pria da Groupauto, denominada <strong>AXCAR<\/strong>, onde dispomos de uma alargada gama de pe\u00e7as para cami\u00f5es, autocarros e semirreboques, tais como: baterias, discos e pastilhas de trav\u00f5es, foles de suspens\u00e3o, l\u00edquidos anticongelantes, cintas de amarra\u00e7\u00e3o, entre outras.<\/p>\n\n\n\n<p><strong>Digitaliza\u00e7\u00e3o<\/strong><\/p>\n\n\n\n<p>No in\u00edcio deste ano de 2025, realiz\u00e1mos a nossa primeira conven\u00e7\u00e3o anual onde reunimos mais de 150 profissionais do Grupo Barreiro. Neste grande evento interno, o CEO do Grupo Barreiro, <strong>Rafael Rojano<\/strong>, deu a conhecer os n\u00fameros de 2024 onde regist\u00e1mos um volume de neg\u00f3cios recorde com um crescimento de 80% nos \u00faltimos 4 anos e, tamb\u00e9m, a estrat\u00e9gia de consolida\u00e7\u00e3o das nossas atividades a n\u00edvel ib\u00e9rico.<\/p>\n\n\n\n<figure class=\"wp-block-image size-large is-resized\"><img decoding=\"async\" width=\"1024\" height=\"768\" src=\"https:\/\/automotiverevista.pt\/wp-content\/uploads\/2025\/09\/20250710_171433-1024x768.jpg\" alt=\"\" class=\"wp-image-10877\" style=\"width:917px;height:auto\" srcset=\"https:\/\/automotiverevista.pt\/wp-content\/uploads\/2025\/09\/20250710_171433-1024x768.jpg 1024w, https:\/\/automotiverevista.pt\/wp-content\/uploads\/2025\/09\/20250710_171433-300x225.jpg 300w, https:\/\/automotiverevista.pt\/wp-content\/uploads\/2025\/09\/20250710_171433-768x576.jpg 768w, https:\/\/automotiverevista.pt\/wp-content\/uploads\/2025\/09\/20250710_171433-750x563.jpg 750w, https:\/\/automotiverevista.pt\/wp-content\/uploads\/2025\/09\/20250710_171433-1140x855.jpg 1140w, https:\/\/automotiverevista.pt\/wp-content\/uploads\/2025\/09\/20250710_171433.jpg 1500w\" sizes=\"(max-width: 1024px) 100vw, 1024px\" \/><\/figure>\n\n\n\n<p>Neste sentido, estamos a realizar um forte investimento na digitaliza\u00e7\u00e3o da nossa empresa, sobretudo dos nossos servi\u00e7os log\u00edsticos, um processo que ir\u00e1 influenciar de forma positiva o nosso desempenho e a qualidade do nosso trabalho, quer em termos de agiliza\u00e7\u00e3o das encomendas quer na gest\u00e3o dos nossos stocks.<\/p>\n\n\n\n<p>Trata-se de uma evolu\u00e7\u00e3o em termos tecnol\u00f3gicos, que possibilitar\u00e1 alcan\u00e7armos uma maior efici\u00eancia do nosso servi\u00e7o log\u00edstico, com claros benef\u00edcios para as nossas equipas e para os nossos clientes em geral.&nbsp; Estamos confiantes de que esta transforma\u00e7\u00e3o digital e a nossa forma de estar e de agir no mercado das pe\u00e7as para ve\u00edculos pesados, ser\u00e3o os pilares essenciais para continuarmos a prestar um bom servi\u00e7o e a crescer de forma sustentada\u201d, finalizou Paulo Castro.<\/p>\n\n\n\n<figure class=\"wp-block-image size-large is-resized\"><img decoding=\"async\" width=\"1024\" height=\"768\" src=\"https:\/\/automotiverevista.pt\/wp-content\/uploads\/2025\/09\/20250710_171525-1-1024x768.jpg\" alt=\"\" class=\"wp-image-10879\" style=\"width:977px;height:auto\" srcset=\"https:\/\/automotiverevista.pt\/wp-content\/uploads\/2025\/09\/20250710_171525-1-1024x768.jpg 1024w, https:\/\/automotiverevista.pt\/wp-content\/uploads\/2025\/09\/20250710_171525-1-300x225.jpg 300w, https:\/\/automotiverevista.pt\/wp-content\/uploads\/2025\/09\/20250710_171525-1-768x576.jpg 768w, https:\/\/automotiverevista.pt\/wp-content\/uploads\/2025\/09\/20250710_171525-1-750x563.jpg 750w, https:\/\/automotiverevista.pt\/wp-content\/uploads\/2025\/09\/20250710_171525-1-1140x855.jpg 1140w, https:\/\/automotiverevista.pt\/wp-content\/uploads\/2025\/09\/20250710_171525-1.jpg 1500w\" sizes=\"(max-width: 1024px) 100vw, 1024px\" \/><\/figure>\n","protected":false},"excerpt":{"rendered":"<p>Paulo Castro (nas imagens), diretor de opera\u00e7\u00f5es em Portugal do Grupo Barreiro, recebeu a Revista Automotive nas instala\u00e7\u00f5es da unidade de Albergaria para falar sobre a evolu\u00e7\u00e3o do Grupo no nosso pa\u00eds, e tamb\u00e9m dar a conhecer a din\u00e2mica desta empresa que est\u00e1 a completar o seu primeiro quarto de s\u00e9culo de atividades no mercado [&hellip;]<\/p>\n","protected":false},"author":4,"featured_media":10874,"comment_status":"closed","ping_status":"open","sticky":false,"template":"","format":"standard","meta":{"jnews-multi-image_gallery":[],"jnews_single_post":{"format":"standard"},"jnews_primary_category":[],"footnotes":""},"categories":[25,21],"tags":[],"class_list":["post-10719","post","type-post","status-publish","format-standard","has-post-thumbnail","hentry","category-pesados-e-maquinas","category-pos-venda"],"yoast_head":"<!-- This site is optimized with the Yoast SEO Premium plugin v27.2 (Yoast SEO v27.5) - https:\/\/yoast.com\/product\/yoast-seo-premium-wordpress\/ -->\n<title>Grupo Barreiro consolida presen\u00e7a em Portugal - Revista Automotive<\/title>\n<meta name=\"description\" content=\"Paulo Castro (nas imagens), diretor de opera\u00e7\u00f5es em Portugal do Grupo Barreiro, recebeu a Revista Automotive nas instala\u00e7\u00f5es da unidade de Al\" \/>\n<meta name=\"robots\" content=\"index, follow, max-snippet:-1, max-image-preview:large, max-video-preview:-1\" \/>\n<link rel=\"canonical\" href=\"https:\/\/automotiverevista.pt\/index.php\/2025\/09\/02\/grupo-barreiro-consolida-presenca-em-portugal\/\" \/>\n<meta property=\"og:locale\" content=\"pt_PT\" \/>\n<meta property=\"og:type\" content=\"article\" \/>\n<meta property=\"og:title\" content=\"Grupo Barreiro consolida presen\u00e7a em Portugal\" \/>\n<meta property=\"og:description\" content=\"Paulo Castro (nas imagens), diretor de opera\u00e7\u00f5es em Portugal do Grupo Barreiro, recebeu a Revista Automotive nas instala\u00e7\u00f5es da unidade de Al\" \/>\n<meta property=\"og:url\" content=\"https:\/\/automotiverevista.pt\/index.php\/2025\/09\/02\/grupo-barreiro-consolida-presenca-em-portugal\/\" \/>\n<meta property=\"og:site_name\" content=\"Revista Automotive\" \/>\n<meta property=\"article:published_time\" content=\"2025-09-02T10:06:00+00:00\" \/>\n<meta property=\"article:modified_time\" content=\"2025-09-02T10:06:01+00:00\" \/>\n<meta property=\"og:image\" content=\"https:\/\/automotiverevista.pt\/wp-content\/uploads\/2025\/09\/kj.jpg\" \/>\n\t<meta property=\"og:image:width\" content=\"1500\" \/>\n\t<meta property=\"og:image:height\" content=\"760\" \/>\n\t<meta property=\"og:image:type\" content=\"image\/jpeg\" \/>\n<meta name=\"author\" content=\"Fatima Silva\" \/>\n<meta name=\"twitter:card\" content=\"summary_large_image\" \/>\n<meta name=\"twitter:label1\" content=\"Escrito por\" \/>\n\t<meta name=\"twitter:data1\" content=\"Fatima Silva\" \/>\n\t<meta name=\"twitter:label2\" content=\"Tempo estimado de leitura\" \/>\n\t<meta name=\"twitter:data2\" content=\"7 minutos\" \/>\n<script type=\"application\/ld+json\" class=\"yoast-schema-graph\">{\"@context\":\"https:\\\/\\\/schema.org\",\"@graph\":[{\"@type\":\"Article\",\"@id\":\"https:\\\/\\\/automotiverevista.pt\\\/index.php\\\/2025\\\/09\\\/02\\\/grupo-barreiro-consolida-presenca-em-portugal\\\/#article\",\"isPartOf\":{\"@id\":\"https:\\\/\\\/automotiverevista.pt\\\/index.php\\\/2025\\\/09\\\/02\\\/grupo-barreiro-consolida-presenca-em-portugal\\\/\"},\"author\":{\"name\":\"Fatima Silva\",\"@id\":\"https:\\\/\\\/automotiverevista.pt\\\/#\\\/schema\\\/person\\\/1e95eb12553b8edd256acb00fe6dad4b\"},\"headline\":\"Grupo Barreiro consolida presen\u00e7a em Portugal\",\"datePublished\":\"2025-09-02T10:06:00+00:00\",\"dateModified\":\"2025-09-02T10:06:01+00:00\",\"mainEntityOfPage\":{\"@id\":\"https:\\\/\\\/automotiverevista.pt\\\/index.php\\\/2025\\\/09\\\/02\\\/grupo-barreiro-consolida-presenca-em-portugal\\\/\"},\"wordCount\":1004,\"publisher\":{\"@id\":\"https:\\\/\\\/automotiverevista.pt\\\/#organization\"},\"image\":{\"@id\":\"https:\\\/\\\/automotiverevista.pt\\\/index.php\\\/2025\\\/09\\\/02\\\/grupo-barreiro-consolida-presenca-em-portugal\\\/#primaryimage\"},\"thumbnailUrl\":\"https:\\\/\\\/automotiverevista.pt\\\/wp-content\\\/uploads\\\/2025\\\/09\\\/kj.jpg\",\"articleSection\":[\"Pesados e M\u00e1quinas\",\"P\u00f3s-Venda\"],\"inLanguage\":\"pt-PT\"},{\"@type\":\"WebPage\",\"@id\":\"https:\\\/\\\/automotiverevista.pt\\\/index.php\\\/2025\\\/09\\\/02\\\/grupo-barreiro-consolida-presenca-em-portugal\\\/\",\"url\":\"https:\\\/\\\/automotiverevista.pt\\\/index.php\\\/2025\\\/09\\\/02\\\/grupo-barreiro-consolida-presenca-em-portugal\\\/\",\"name\":\"Grupo Barreiro consolida presen\u00e7a em Portugal - Revista Automotive\",\"isPartOf\":{\"@id\":\"https:\\\/\\\/automotiverevista.pt\\\/#website\"},\"primaryImageOfPage\":{\"@id\":\"https:\\\/\\\/automotiverevista.pt\\\/index.php\\\/2025\\\/09\\\/02\\\/grupo-barreiro-consolida-presenca-em-portugal\\\/#primaryimage\"},\"image\":{\"@id\":\"https:\\\/\\\/automotiverevista.pt\\\/index.php\\\/2025\\\/09\\\/02\\\/grupo-barreiro-consolida-presenca-em-portugal\\\/#primaryimage\"},\"thumbnailUrl\":\"https:\\\/\\\/automotiverevista.pt\\\/wp-content\\\/uploads\\\/2025\\\/09\\\/kj.jpg\",\"datePublished\":\"2025-09-02T10:06:00+00:00\",\"dateModified\":\"2025-09-02T10:06:01+00:00\",\"description\":\"Paulo Castro (nas imagens), diretor de opera\u00e7\u00f5es em Portugal do Grupo Barreiro, recebeu a Revista Automotive nas instala\u00e7\u00f5es da unidade de Al\",\"breadcrumb\":{\"@id\":\"https:\\\/\\\/automotiverevista.pt\\\/index.php\\\/2025\\\/09\\\/02\\\/grupo-barreiro-consolida-presenca-em-portugal\\\/#breadcrumb\"},\"inLanguage\":\"pt-PT\",\"potentialAction\":[{\"@type\":\"ReadAction\",\"target\":[\"https:\\\/\\\/automotiverevista.pt\\\/index.php\\\/2025\\\/09\\\/02\\\/grupo-barreiro-consolida-presenca-em-portugal\\\/\"]}]},{\"@type\":\"ImageObject\",\"inLanguage\":\"pt-PT\",\"@id\":\"https:\\\/\\\/automotiverevista.pt\\\/index.php\\\/2025\\\/09\\\/02\\\/grupo-barreiro-consolida-presenca-em-portugal\\\/#primaryimage\",\"url\":\"https:\\\/\\\/automotiverevista.pt\\\/wp-content\\\/uploads\\\/2025\\\/09\\\/kj.jpg\",\"contentUrl\":\"https:\\\/\\\/automotiverevista.pt\\\/wp-content\\\/uploads\\\/2025\\\/09\\\/kj.jpg\",\"width\":1500,\"height\":760},{\"@type\":\"BreadcrumbList\",\"@id\":\"https:\\\/\\\/automotiverevista.pt\\\/index.php\\\/2025\\\/09\\\/02\\\/grupo-barreiro-consolida-presenca-em-portugal\\\/#breadcrumb\",\"itemListElement\":[{\"@type\":\"ListItem\",\"position\":1,\"name\":\"Home\",\"item\":\"https:\\\/\\\/automotiverevista.pt\\\/\"},{\"@type\":\"ListItem\",\"position\":2,\"name\":\"Grupo Barreiro consolida presen\u00e7a em Portugal\"}]},{\"@type\":\"WebSite\",\"@id\":\"https:\\\/\\\/automotiverevista.pt\\\/#website\",\"url\":\"https:\\\/\\\/automotiverevista.pt\\\/\",\"name\":\"Revista Automotive\",\"description\":\"Revista Automotive Portugal\",\"publisher\":{\"@id\":\"https:\\\/\\\/automotiverevista.pt\\\/#organization\"},\"potentialAction\":[{\"@type\":\"SearchAction\",\"target\":{\"@type\":\"EntryPoint\",\"urlTemplate\":\"https:\\\/\\\/automotiverevista.pt\\\/?s={search_term_string}\"},\"query-input\":{\"@type\":\"PropertyValueSpecification\",\"valueRequired\":true,\"valueName\":\"search_term_string\"}}],\"inLanguage\":\"pt-PT\"},{\"@type\":\"Organization\",\"@id\":\"https:\\\/\\\/automotiverevista.pt\\\/#organization\",\"name\":\"Revista Automotive Portugal\",\"url\":\"https:\\\/\\\/automotiverevista.pt\\\/\",\"logo\":{\"@type\":\"ImageObject\",\"inLanguage\":\"pt-PT\",\"@id\":\"https:\\\/\\\/automotiverevista.pt\\\/#\\\/schema\\\/logo\\\/image\\\/\",\"url\":\"https:\\\/\\\/automotiverevista.pt\\\/wp-content\\\/uploads\\\/2022\\\/07\\\/Logo-Automotive-2021_500-1.jpg\",\"contentUrl\":\"https:\\\/\\\/automotiverevista.pt\\\/wp-content\\\/uploads\\\/2022\\\/07\\\/Logo-Automotive-2021_500-1.jpg\",\"width\":500,\"height\":160,\"caption\":\"Revista Automotive Portugal\"},\"image\":{\"@id\":\"https:\\\/\\\/automotiverevista.pt\\\/#\\\/schema\\\/logo\\\/image\\\/\"},\"sameAs\":[\"https:\\\/\\\/linkedin.com\\\/in\\\/automotiverevista\"]},{\"@type\":\"Person\",\"@id\":\"https:\\\/\\\/automotiverevista.pt\\\/#\\\/schema\\\/person\\\/1e95eb12553b8edd256acb00fe6dad4b\",\"name\":\"Fatima Silva\",\"image\":{\"@type\":\"ImageObject\",\"inLanguage\":\"pt-PT\",\"@id\":\"https:\\\/\\\/secure.gravatar.com\\\/avatar\\\/4b4a955a9c1b66708ab0dd3bd6181ac1f650299d893bd337a28482f7f19c8511?s=96&d=mm&r=g\",\"url\":\"https:\\\/\\\/secure.gravatar.com\\\/avatar\\\/4b4a955a9c1b66708ab0dd3bd6181ac1f650299d893bd337a28482f7f19c8511?s=96&d=mm&r=g\",\"contentUrl\":\"https:\\\/\\\/secure.gravatar.com\\\/avatar\\\/4b4a955a9c1b66708ab0dd3bd6181ac1f650299d893bd337a28482f7f19c8511?s=96&d=mm&r=g\",\"caption\":\"Fatima Silva\"},\"url\":\"https:\\\/\\\/automotiverevista.pt\\\/index.php\\\/author\\\/fgasparsilva\\\/\"}]}<\/script>\n<!-- \/ Yoast SEO Premium plugin. -->","yoast_head_json":{"title":"Grupo Barreiro consolida presen\u00e7a em Portugal - Revista Automotive","description":"Paulo Castro (nas imagens), diretor de opera\u00e7\u00f5es em Portugal do Grupo Barreiro, recebeu a Revista Automotive nas instala\u00e7\u00f5es da unidade de Al","robots":{"index":"index","follow":"follow","max-snippet":"max-snippet:-1","max-image-preview":"max-image-preview:large","max-video-preview":"max-video-preview:-1"},"canonical":"https:\/\/automotiverevista.pt\/index.php\/2025\/09\/02\/grupo-barreiro-consolida-presenca-em-portugal\/","og_locale":"pt_PT","og_type":"article","og_title":"Grupo Barreiro consolida presen\u00e7a em Portugal","og_description":"Paulo Castro (nas imagens), diretor de opera\u00e7\u00f5es em Portugal do Grupo Barreiro, recebeu a Revista Automotive nas instala\u00e7\u00f5es da unidade de Al","og_url":"https:\/\/automotiverevista.pt\/index.php\/2025\/09\/02\/grupo-barreiro-consolida-presenca-em-portugal\/","og_site_name":"Revista Automotive","article_published_time":"2025-09-02T10:06:00+00:00","article_modified_time":"2025-09-02T10:06:01+00:00","og_image":[{"width":1500,"height":760,"url":"https:\/\/automotiverevista.pt\/wp-content\/uploads\/2025\/09\/kj.jpg","type":"image\/jpeg"}],"author":"Fatima Silva","twitter_card":"summary_large_image","twitter_misc":{"Escrito por":"Fatima Silva","Tempo estimado de leitura":"7 minutos"},"schema":{"@context":"https:\/\/schema.org","@graph":[{"@type":"Article","@id":"https:\/\/automotiverevista.pt\/index.php\/2025\/09\/02\/grupo-barreiro-consolida-presenca-em-portugal\/#article","isPartOf":{"@id":"https:\/\/automotiverevista.pt\/index.php\/2025\/09\/02\/grupo-barreiro-consolida-presenca-em-portugal\/"},"author":{"name":"Fatima Silva","@id":"https:\/\/automotiverevista.pt\/#\/schema\/person\/1e95eb12553b8edd256acb00fe6dad4b"},"headline":"Grupo Barreiro consolida presen\u00e7a em Portugal","datePublished":"2025-09-02T10:06:00+00:00","dateModified":"2025-09-02T10:06:01+00:00","mainEntityOfPage":{"@id":"https:\/\/automotiverevista.pt\/index.php\/2025\/09\/02\/grupo-barreiro-consolida-presenca-em-portugal\/"},"wordCount":1004,"publisher":{"@id":"https:\/\/automotiverevista.pt\/#organization"},"image":{"@id":"https:\/\/automotiverevista.pt\/index.php\/2025\/09\/02\/grupo-barreiro-consolida-presenca-em-portugal\/#primaryimage"},"thumbnailUrl":"https:\/\/automotiverevista.pt\/wp-content\/uploads\/2025\/09\/kj.jpg","articleSection":["Pesados e M\u00e1quinas","P\u00f3s-Venda"],"inLanguage":"pt-PT"},{"@type":"WebPage","@id":"https:\/\/automotiverevista.pt\/index.php\/2025\/09\/02\/grupo-barreiro-consolida-presenca-em-portugal\/","url":"https:\/\/automotiverevista.pt\/index.php\/2025\/09\/02\/grupo-barreiro-consolida-presenca-em-portugal\/","name":"Grupo Barreiro consolida presen\u00e7a em Portugal - Revista Automotive","isPartOf":{"@id":"https:\/\/automotiverevista.pt\/#website"},"primaryImageOfPage":{"@id":"https:\/\/automotiverevista.pt\/index.php\/2025\/09\/02\/grupo-barreiro-consolida-presenca-em-portugal\/#primaryimage"},"image":{"@id":"https:\/\/automotiverevista.pt\/index.php\/2025\/09\/02\/grupo-barreiro-consolida-presenca-em-portugal\/#primaryimage"},"thumbnailUrl":"https:\/\/automotiverevista.pt\/wp-content\/uploads\/2025\/09\/kj.jpg","datePublished":"2025-09-02T10:06:00+00:00","dateModified":"2025-09-02T10:06:01+00:00","description":"Paulo Castro (nas imagens), diretor de opera\u00e7\u00f5es em Portugal do Grupo Barreiro, recebeu a Revista Automotive nas instala\u00e7\u00f5es da unidade de Al","breadcrumb":{"@id":"https:\/\/automotiverevista.pt\/index.php\/2025\/09\/02\/grupo-barreiro-consolida-presenca-em-portugal\/#breadcrumb"},"inLanguage":"pt-PT","potentialAction":[{"@type":"ReadAction","target":["https:\/\/automotiverevista.pt\/index.php\/2025\/09\/02\/grupo-barreiro-consolida-presenca-em-portugal\/"]}]},{"@type":"ImageObject","inLanguage":"pt-PT","@id":"https:\/\/automotiverevista.pt\/index.php\/2025\/09\/02\/grupo-barreiro-consolida-presenca-em-portugal\/#primaryimage","url":"https:\/\/automotiverevista.pt\/wp-content\/uploads\/2025\/09\/kj.jpg","contentUrl":"https:\/\/automotiverevista.pt\/wp-content\/uploads\/2025\/09\/kj.jpg","width":1500,"height":760},{"@type":"BreadcrumbList","@id":"https:\/\/automotiverevista.pt\/index.php\/2025\/09\/02\/grupo-barreiro-consolida-presenca-em-portugal\/#breadcrumb","itemListElement":[{"@type":"ListItem","position":1,"name":"Home","item":"https:\/\/automotiverevista.pt\/"},{"@type":"ListItem","position":2,"name":"Grupo Barreiro consolida presen\u00e7a em Portugal"}]},{"@type":"WebSite","@id":"https:\/\/automotiverevista.pt\/#website","url":"https:\/\/automotiverevista.pt\/","name":"Revista Automotive","description":"Revista Automotive Portugal","publisher":{"@id":"https:\/\/automotiverevista.pt\/#organization"},"potentialAction":[{"@type":"SearchAction","target":{"@type":"EntryPoint","urlTemplate":"https:\/\/automotiverevista.pt\/?s={search_term_string}"},"query-input":{"@type":"PropertyValueSpecification","valueRequired":true,"valueName":"search_term_string"}}],"inLanguage":"pt-PT"},{"@type":"Organization","@id":"https:\/\/automotiverevista.pt\/#organization","name":"Revista Automotive Portugal","url":"https:\/\/automotiverevista.pt\/","logo":{"@type":"ImageObject","inLanguage":"pt-PT","@id":"https:\/\/automotiverevista.pt\/#\/schema\/logo\/image\/","url":"https:\/\/automotiverevista.pt\/wp-content\/uploads\/2022\/07\/Logo-Automotive-2021_500-1.jpg","contentUrl":"https:\/\/automotiverevista.pt\/wp-content\/uploads\/2022\/07\/Logo-Automotive-2021_500-1.jpg","width":500,"height":160,"caption":"Revista Automotive Portugal"},"image":{"@id":"https:\/\/automotiverevista.pt\/#\/schema\/logo\/image\/"},"sameAs":["https:\/\/linkedin.com\/in\/automotiverevista"]},{"@type":"Person","@id":"https:\/\/automotiverevista.pt\/#\/schema\/person\/1e95eb12553b8edd256acb00fe6dad4b","name":"Fatima Silva","image":{"@type":"ImageObject","inLanguage":"pt-PT","@id":"https:\/\/secure.gravatar.com\/avatar\/4b4a955a9c1b66708ab0dd3bd6181ac1f650299d893bd337a28482f7f19c8511?s=96&d=mm&r=g","url":"https:\/\/secure.gravatar.com\/avatar\/4b4a955a9c1b66708ab0dd3bd6181ac1f650299d893bd337a28482f7f19c8511?s=96&d=mm&r=g","contentUrl":"https:\/\/secure.gravatar.com\/avatar\/4b4a955a9c1b66708ab0dd3bd6181ac1f650299d893bd337a28482f7f19c8511?s=96&d=mm&r=g","caption":"Fatima Silva"},"url":"https:\/\/automotiverevista.pt\/index.php\/author\/fgasparsilva\/"}]}},"_links":{"self":[{"href":"https:\/\/automotiverevista.pt\/index.php\/wp-json\/wp\/v2\/posts\/10719","targetHints":{"allow":["GET"]}}],"collection":[{"href":"https:\/\/automotiverevista.pt\/index.php\/wp-json\/wp\/v2\/posts"}],"about":[{"href":"https:\/\/automotiverevista.pt\/index.php\/wp-json\/wp\/v2\/types\/post"}],"author":[{"embeddable":true,"href":"https:\/\/automotiverevista.pt\/index.php\/wp-json\/wp\/v2\/users\/4"}],"replies":[{"embeddable":true,"href":"https:\/\/automotiverevista.pt\/index.php\/wp-json\/wp\/v2\/comments?post=10719"}],"version-history":[{"count":2,"href":"https:\/\/automotiverevista.pt\/index.php\/wp-json\/wp\/v2\/posts\/10719\/revisions"}],"predecessor-version":[{"id":10880,"href":"https:\/\/automotiverevista.pt\/index.php\/wp-json\/wp\/v2\/posts\/10719\/revisions\/10880"}],"wp:featuredmedia":[{"embeddable":true,"href":"https:\/\/automotiverevista.pt\/index.php\/wp-json\/wp\/v2\/media\/10874"}],"wp:attachment":[{"href":"https:\/\/automotiverevista.pt\/index.php\/wp-json\/wp\/v2\/media?parent=10719"}],"wp:term":[{"taxonomy":"category","embeddable":true,"href":"https:\/\/automotiverevista.pt\/index.php\/wp-json\/wp\/v2\/categories?post=10719"},{"taxonomy":"post_tag","embeddable":true,"href":"https:\/\/automotiverevista.pt\/index.php\/wp-json\/wp\/v2\/tags?post=10719"}],"curies":[{"name":"wp","href":"https:\/\/api.w.org\/{rel}","templated":true}]}}