{"id":10761,"date":"2025-08-28T06:51:00","date_gmt":"2025-08-28T06:51:00","guid":{"rendered":"https:\/\/automotiverevista.pt\/?p=10761"},"modified":"2025-08-27T08:52:18","modified_gmt":"2025-08-27T08:52:18","slug":"valeo-aumentou-em-30-as-suas-vendas","status":"publish","type":"post","link":"https:\/\/automotiverevista.pt\/index.php\/2025\/08\/28\/valeo-aumentou-em-30-as-suas-vendas\/","title":{"rendered":"Valeo aumentou em 30% as suas vendas"},"content":{"rendered":"\n<p>A Valeo apresentou os resultados do primeiro semestre de 2025, com uma melhoria significativa da rentabilidade e da gera\u00e7\u00e3o de caixa. As margens bruta, EBITDA e operacional registaram crescimentos s\u00f3lidos, com contributos das tr\u00eas divis\u00f5es do grupo (eletrifica\u00e7\u00e3o, ADAS, experi\u00eancia a bordo e ilumina\u00e7\u00e3o).<\/p>\n\n\n\n<p>A empresa registou um forte dinamismo comercial, com encomendas no valor de 11,8 mil milh\u00f5es de euros \u2014 um aumento de 30% face ao mesmo per\u00edodo de 2024. As encomendas cobrem as tr\u00eas \u00e1reas de neg\u00f3cio da Valeo. Este crescimento demonstra, segundo a empresa, o posicionamento robusto da Valeo no mercado, a atratividade das suas tecnologias e a confian\u00e7a dos clientes.<\/p>\n\n\n\n<p>Segundo Christophe P\u00e9rillat, CEO da Valeo, \u201cestes resultados refletem um controlo operacional eficaz, uma gest\u00e3o rigorosa dos pre\u00e7os e uma redu\u00e7\u00e3o consistente dos custos. Agrade\u00e7o o empenho das nossas equipas, reafirmando o compromisso com a melhoria cont\u00ednua no segundo semestre\u201d.<\/p>\n\n\n\n<p>Pelo ambiente positivamente prop\u00edcio do setor do p\u00f3s-venda autom\u00f3vel, a Valeo mant\u00e9m as previs\u00f5es de rentabilidade para 2025.<\/p>\n\n\n<div class=\"wp-block-image\">\n<figure class=\"aligncenter size-large is-resized\"><img decoding=\"async\" width=\"1024\" height=\"310\" src=\"https:\/\/automotiverevista.pt\/wp-content\/uploads\/2025\/08\/1-2-1024x310.jpg\" alt=\"\" class=\"wp-image-10762\" style=\"width:1000px;height:auto\" srcset=\"https:\/\/automotiverevista.pt\/wp-content\/uploads\/2025\/08\/1-2-1024x310.jpg 1024w, https:\/\/automotiverevista.pt\/wp-content\/uploads\/2025\/08\/1-2-300x91.jpg 300w, https:\/\/automotiverevista.pt\/wp-content\/uploads\/2025\/08\/1-2-768x232.jpg 768w, https:\/\/automotiverevista.pt\/wp-content\/uploads\/2025\/08\/1-2-750x227.jpg 750w, https:\/\/automotiverevista.pt\/wp-content\/uploads\/2025\/08\/1-2-1140x345.jpg 1140w, https:\/\/automotiverevista.pt\/wp-content\/uploads\/2025\/08\/1-2.jpg 1282w\" sizes=\"(max-width: 1024px) 100vw, 1024px\" \/><\/figure>\n<\/div>","protected":false},"excerpt":{"rendered":"<p>A Valeo apresentou os resultados do primeiro semestre de 2025, com uma melhoria significativa da rentabilidade e da gera\u00e7\u00e3o de caixa. As margens bruta, EBITDA e operacional registaram crescimentos s\u00f3lidos, com contributos das tr\u00eas divis\u00f5es do grupo (eletrifica\u00e7\u00e3o, ADAS, experi\u00eancia a bordo e ilumina\u00e7\u00e3o). A empresa registou um forte dinamismo comercial, com encomendas no valor [&hellip;]<\/p>\n","protected":false},"author":4,"featured_media":10861,"comment_status":"closed","ping_status":"open","sticky":false,"template":"","format":"standard","meta":{"jnews-multi-image_gallery":[],"jnews_single_post":{"format":"standard"},"jnews_primary_category":[],"footnotes":""},"categories":[21],"tags":[],"class_list":["post-10761","post","type-post","status-publish","format-standard","has-post-thumbnail","hentry","category-pos-venda"],"yoast_head":"<!-- This site is optimized with the Yoast SEO Premium plugin v27.2 (Yoast SEO v27.5) - https:\/\/yoast.com\/product\/yoast-seo-premium-wordpress\/ -->\n<title>Valeo aumentou em 30% as suas vendas - Revista Automotive<\/title>\n<meta name=\"description\" content=\"A Valeo apresentou os resultados do primeiro semestre de 2025, com uma melhoria significativa da rentabilidade e da gera\u00e7\u00e3o de caixa. As marg\" \/>\n<meta name=\"robots\" content=\"index, follow, max-snippet:-1, max-image-preview:large, max-video-preview:-1\" \/>\n<link rel=\"canonical\" href=\"https:\/\/automotiverevista.pt\/index.php\/2025\/08\/28\/valeo-aumentou-em-30-as-suas-vendas\/\" \/>\n<meta property=\"og:locale\" content=\"pt_PT\" \/>\n<meta property=\"og:type\" content=\"article\" \/>\n<meta property=\"og:title\" content=\"Valeo aumentou em 30% as suas vendas\" \/>\n<meta property=\"og:description\" content=\"A Valeo apresentou os resultados do primeiro semestre de 2025, com uma melhoria significativa da rentabilidade e da gera\u00e7\u00e3o de caixa. As marg\" \/>\n<meta property=\"og:url\" content=\"https:\/\/automotiverevista.pt\/index.php\/2025\/08\/28\/valeo-aumentou-em-30-as-suas-vendas\/\" \/>\n<meta property=\"og:site_name\" content=\"Revista Automotive\" \/>\n<meta property=\"article:published_time\" content=\"2025-08-28T06:51:00+00:00\" \/>\n<meta property=\"og:image\" content=\"https:\/\/automotiverevista.pt\/wp-content\/uploads\/2025\/08\/IMG_3223_low.jpg\" \/>\n\t<meta property=\"og:image:width\" content=\"1400\" \/>\n\t<meta property=\"og:image:height\" content=\"933\" \/>\n\t<meta property=\"og:image:type\" content=\"image\/jpeg\" \/>\n<meta name=\"author\" content=\"Fatima Silva\" \/>\n<meta name=\"twitter:card\" content=\"summary_large_image\" \/>\n<meta name=\"twitter:label1\" content=\"Escrito por\" \/>\n\t<meta name=\"twitter:data1\" content=\"Fatima Silva\" \/>\n\t<meta name=\"twitter:label2\" content=\"Tempo estimado de leitura\" \/>\n\t<meta name=\"twitter:data2\" content=\"2 minutos\" \/>\n<script type=\"application\/ld+json\" class=\"yoast-schema-graph\">{\"@context\":\"https:\\\/\\\/schema.org\",\"@graph\":[{\"@type\":\"Article\",\"@id\":\"https:\\\/\\\/automotiverevista.pt\\\/index.php\\\/2025\\\/08\\\/28\\\/valeo-aumentou-em-30-as-suas-vendas\\\/#article\",\"isPartOf\":{\"@id\":\"https:\\\/\\\/automotiverevista.pt\\\/index.php\\\/2025\\\/08\\\/28\\\/valeo-aumentou-em-30-as-suas-vendas\\\/\"},\"author\":{\"name\":\"Fatima Silva\",\"@id\":\"https:\\\/\\\/automotiverevista.pt\\\/#\\\/schema\\\/person\\\/1e95eb12553b8edd256acb00fe6dad4b\"},\"headline\":\"Valeo aumentou em 30% as suas vendas\",\"datePublished\":\"2025-08-28T06:51:00+00:00\",\"mainEntityOfPage\":{\"@id\":\"https:\\\/\\\/automotiverevista.pt\\\/index.php\\\/2025\\\/08\\\/28\\\/valeo-aumentou-em-30-as-suas-vendas\\\/\"},\"wordCount\":186,\"publisher\":{\"@id\":\"https:\\\/\\\/automotiverevista.pt\\\/#organization\"},\"image\":{\"@id\":\"https:\\\/\\\/automotiverevista.pt\\\/index.php\\\/2025\\\/08\\\/28\\\/valeo-aumentou-em-30-as-suas-vendas\\\/#primaryimage\"},\"thumbnailUrl\":\"https:\\\/\\\/automotiverevista.pt\\\/wp-content\\\/uploads\\\/2025\\\/08\\\/IMG_3223_low.jpg\",\"articleSection\":[\"P\u00f3s-Venda\"],\"inLanguage\":\"pt-PT\"},{\"@type\":\"WebPage\",\"@id\":\"https:\\\/\\\/automotiverevista.pt\\\/index.php\\\/2025\\\/08\\\/28\\\/valeo-aumentou-em-30-as-suas-vendas\\\/\",\"url\":\"https:\\\/\\\/automotiverevista.pt\\\/index.php\\\/2025\\\/08\\\/28\\\/valeo-aumentou-em-30-as-suas-vendas\\\/\",\"name\":\"Valeo aumentou em 30% as suas vendas - Revista Automotive\",\"isPartOf\":{\"@id\":\"https:\\\/\\\/automotiverevista.pt\\\/#website\"},\"primaryImageOfPage\":{\"@id\":\"https:\\\/\\\/automotiverevista.pt\\\/index.php\\\/2025\\\/08\\\/28\\\/valeo-aumentou-em-30-as-suas-vendas\\\/#primaryimage\"},\"image\":{\"@id\":\"https:\\\/\\\/automotiverevista.pt\\\/index.php\\\/2025\\\/08\\\/28\\\/valeo-aumentou-em-30-as-suas-vendas\\\/#primaryimage\"},\"thumbnailUrl\":\"https:\\\/\\\/automotiverevista.pt\\\/wp-content\\\/uploads\\\/2025\\\/08\\\/IMG_3223_low.jpg\",\"datePublished\":\"2025-08-28T06:51:00+00:00\",\"description\":\"A Valeo apresentou os resultados do primeiro semestre de 2025, com uma melhoria significativa da rentabilidade e da gera\u00e7\u00e3o de caixa. As marg\",\"breadcrumb\":{\"@id\":\"https:\\\/\\\/automotiverevista.pt\\\/index.php\\\/2025\\\/08\\\/28\\\/valeo-aumentou-em-30-as-suas-vendas\\\/#breadcrumb\"},\"inLanguage\":\"pt-PT\",\"potentialAction\":[{\"@type\":\"ReadAction\",\"target\":[\"https:\\\/\\\/automotiverevista.pt\\\/index.php\\\/2025\\\/08\\\/28\\\/valeo-aumentou-em-30-as-suas-vendas\\\/\"]}]},{\"@type\":\"ImageObject\",\"inLanguage\":\"pt-PT\",\"@id\":\"https:\\\/\\\/automotiverevista.pt\\\/index.php\\\/2025\\\/08\\\/28\\\/valeo-aumentou-em-30-as-suas-vendas\\\/#primaryimage\",\"url\":\"https:\\\/\\\/automotiverevista.pt\\\/wp-content\\\/uploads\\\/2025\\\/08\\\/IMG_3223_low.jpg\",\"contentUrl\":\"https:\\\/\\\/automotiverevista.pt\\\/wp-content\\\/uploads\\\/2025\\\/08\\\/IMG_3223_low.jpg\",\"width\":1400,\"height\":933},{\"@type\":\"BreadcrumbList\",\"@id\":\"https:\\\/\\\/automotiverevista.pt\\\/index.php\\\/2025\\\/08\\\/28\\\/valeo-aumentou-em-30-as-suas-vendas\\\/#breadcrumb\",\"itemListElement\":[{\"@type\":\"ListItem\",\"position\":1,\"name\":\"Home\",\"item\":\"https:\\\/\\\/automotiverevista.pt\\\/\"},{\"@type\":\"ListItem\",\"position\":2,\"name\":\"Valeo aumentou em 30% as suas vendas\"}]},{\"@type\":\"WebSite\",\"@id\":\"https:\\\/\\\/automotiverevista.pt\\\/#website\",\"url\":\"https:\\\/\\\/automotiverevista.pt\\\/\",\"name\":\"Revista Automotive\",\"description\":\"Revista Automotive Portugal\",\"publisher\":{\"@id\":\"https:\\\/\\\/automotiverevista.pt\\\/#organization\"},\"potentialAction\":[{\"@type\":\"SearchAction\",\"target\":{\"@type\":\"EntryPoint\",\"urlTemplate\":\"https:\\\/\\\/automotiverevista.pt\\\/?s={search_term_string}\"},\"query-input\":{\"@type\":\"PropertyValueSpecification\",\"valueRequired\":true,\"valueName\":\"search_term_string\"}}],\"inLanguage\":\"pt-PT\"},{\"@type\":\"Organization\",\"@id\":\"https:\\\/\\\/automotiverevista.pt\\\/#organization\",\"name\":\"Revista Automotive Portugal\",\"url\":\"https:\\\/\\\/automotiverevista.pt\\\/\",\"logo\":{\"@type\":\"ImageObject\",\"inLanguage\":\"pt-PT\",\"@id\":\"https:\\\/\\\/automotiverevista.pt\\\/#\\\/schema\\\/logo\\\/image\\\/\",\"url\":\"https:\\\/\\\/automotiverevista.pt\\\/wp-content\\\/uploads\\\/2022\\\/07\\\/Logo-Automotive-2021_500-1.jpg\",\"contentUrl\":\"https:\\\/\\\/automotiverevista.pt\\\/wp-content\\\/uploads\\\/2022\\\/07\\\/Logo-Automotive-2021_500-1.jpg\",\"width\":500,\"height\":160,\"caption\":\"Revista Automotive Portugal\"},\"image\":{\"@id\":\"https:\\\/\\\/automotiverevista.pt\\\/#\\\/schema\\\/logo\\\/image\\\/\"},\"sameAs\":[\"https:\\\/\\\/linkedin.com\\\/in\\\/automotiverevista\"]},{\"@type\":\"Person\",\"@id\":\"https:\\\/\\\/automotiverevista.pt\\\/#\\\/schema\\\/person\\\/1e95eb12553b8edd256acb00fe6dad4b\",\"name\":\"Fatima Silva\",\"image\":{\"@type\":\"ImageObject\",\"inLanguage\":\"pt-PT\",\"@id\":\"https:\\\/\\\/secure.gravatar.com\\\/avatar\\\/4b4a955a9c1b66708ab0dd3bd6181ac1f650299d893bd337a28482f7f19c8511?s=96&d=mm&r=g\",\"url\":\"https:\\\/\\\/secure.gravatar.com\\\/avatar\\\/4b4a955a9c1b66708ab0dd3bd6181ac1f650299d893bd337a28482f7f19c8511?s=96&d=mm&r=g\",\"contentUrl\":\"https:\\\/\\\/secure.gravatar.com\\\/avatar\\\/4b4a955a9c1b66708ab0dd3bd6181ac1f650299d893bd337a28482f7f19c8511?s=96&d=mm&r=g\",\"caption\":\"Fatima Silva\"},\"url\":\"https:\\\/\\\/automotiverevista.pt\\\/index.php\\\/author\\\/fgasparsilva\\\/\"}]}<\/script>\n<!-- \/ Yoast SEO Premium plugin. -->","yoast_head_json":{"title":"Valeo aumentou em 30% as suas vendas - Revista Automotive","description":"A Valeo apresentou os resultados do primeiro semestre de 2025, com uma melhoria significativa da rentabilidade e da gera\u00e7\u00e3o de caixa. As marg","robots":{"index":"index","follow":"follow","max-snippet":"max-snippet:-1","max-image-preview":"max-image-preview:large","max-video-preview":"max-video-preview:-1"},"canonical":"https:\/\/automotiverevista.pt\/index.php\/2025\/08\/28\/valeo-aumentou-em-30-as-suas-vendas\/","og_locale":"pt_PT","og_type":"article","og_title":"Valeo aumentou em 30% as suas vendas","og_description":"A Valeo apresentou os resultados do primeiro semestre de 2025, com uma melhoria significativa da rentabilidade e da gera\u00e7\u00e3o de caixa. As marg","og_url":"https:\/\/automotiverevista.pt\/index.php\/2025\/08\/28\/valeo-aumentou-em-30-as-suas-vendas\/","og_site_name":"Revista Automotive","article_published_time":"2025-08-28T06:51:00+00:00","og_image":[{"width":1400,"height":933,"url":"https:\/\/automotiverevista.pt\/wp-content\/uploads\/2025\/08\/IMG_3223_low.jpg","type":"image\/jpeg"}],"author":"Fatima Silva","twitter_card":"summary_large_image","twitter_misc":{"Escrito por":"Fatima Silva","Tempo estimado de leitura":"2 minutos"},"schema":{"@context":"https:\/\/schema.org","@graph":[{"@type":"Article","@id":"https:\/\/automotiverevista.pt\/index.php\/2025\/08\/28\/valeo-aumentou-em-30-as-suas-vendas\/#article","isPartOf":{"@id":"https:\/\/automotiverevista.pt\/index.php\/2025\/08\/28\/valeo-aumentou-em-30-as-suas-vendas\/"},"author":{"name":"Fatima Silva","@id":"https:\/\/automotiverevista.pt\/#\/schema\/person\/1e95eb12553b8edd256acb00fe6dad4b"},"headline":"Valeo aumentou em 30% as suas vendas","datePublished":"2025-08-28T06:51:00+00:00","mainEntityOfPage":{"@id":"https:\/\/automotiverevista.pt\/index.php\/2025\/08\/28\/valeo-aumentou-em-30-as-suas-vendas\/"},"wordCount":186,"publisher":{"@id":"https:\/\/automotiverevista.pt\/#organization"},"image":{"@id":"https:\/\/automotiverevista.pt\/index.php\/2025\/08\/28\/valeo-aumentou-em-30-as-suas-vendas\/#primaryimage"},"thumbnailUrl":"https:\/\/automotiverevista.pt\/wp-content\/uploads\/2025\/08\/IMG_3223_low.jpg","articleSection":["P\u00f3s-Venda"],"inLanguage":"pt-PT"},{"@type":"WebPage","@id":"https:\/\/automotiverevista.pt\/index.php\/2025\/08\/28\/valeo-aumentou-em-30-as-suas-vendas\/","url":"https:\/\/automotiverevista.pt\/index.php\/2025\/08\/28\/valeo-aumentou-em-30-as-suas-vendas\/","name":"Valeo aumentou em 30% as suas vendas - Revista Automotive","isPartOf":{"@id":"https:\/\/automotiverevista.pt\/#website"},"primaryImageOfPage":{"@id":"https:\/\/automotiverevista.pt\/index.php\/2025\/08\/28\/valeo-aumentou-em-30-as-suas-vendas\/#primaryimage"},"image":{"@id":"https:\/\/automotiverevista.pt\/index.php\/2025\/08\/28\/valeo-aumentou-em-30-as-suas-vendas\/#primaryimage"},"thumbnailUrl":"https:\/\/automotiverevista.pt\/wp-content\/uploads\/2025\/08\/IMG_3223_low.jpg","datePublished":"2025-08-28T06:51:00+00:00","description":"A Valeo apresentou os resultados do primeiro semestre de 2025, com uma melhoria significativa da rentabilidade e da gera\u00e7\u00e3o de caixa. As marg","breadcrumb":{"@id":"https:\/\/automotiverevista.pt\/index.php\/2025\/08\/28\/valeo-aumentou-em-30-as-suas-vendas\/#breadcrumb"},"inLanguage":"pt-PT","potentialAction":[{"@type":"ReadAction","target":["https:\/\/automotiverevista.pt\/index.php\/2025\/08\/28\/valeo-aumentou-em-30-as-suas-vendas\/"]}]},{"@type":"ImageObject","inLanguage":"pt-PT","@id":"https:\/\/automotiverevista.pt\/index.php\/2025\/08\/28\/valeo-aumentou-em-30-as-suas-vendas\/#primaryimage","url":"https:\/\/automotiverevista.pt\/wp-content\/uploads\/2025\/08\/IMG_3223_low.jpg","contentUrl":"https:\/\/automotiverevista.pt\/wp-content\/uploads\/2025\/08\/IMG_3223_low.jpg","width":1400,"height":933},{"@type":"BreadcrumbList","@id":"https:\/\/automotiverevista.pt\/index.php\/2025\/08\/28\/valeo-aumentou-em-30-as-suas-vendas\/#breadcrumb","itemListElement":[{"@type":"ListItem","position":1,"name":"Home","item":"https:\/\/automotiverevista.pt\/"},{"@type":"ListItem","position":2,"name":"Valeo aumentou em 30% as suas vendas"}]},{"@type":"WebSite","@id":"https:\/\/automotiverevista.pt\/#website","url":"https:\/\/automotiverevista.pt\/","name":"Revista Automotive","description":"Revista Automotive Portugal","publisher":{"@id":"https:\/\/automotiverevista.pt\/#organization"},"potentialAction":[{"@type":"SearchAction","target":{"@type":"EntryPoint","urlTemplate":"https:\/\/automotiverevista.pt\/?s={search_term_string}"},"query-input":{"@type":"PropertyValueSpecification","valueRequired":true,"valueName":"search_term_string"}}],"inLanguage":"pt-PT"},{"@type":"Organization","@id":"https:\/\/automotiverevista.pt\/#organization","name":"Revista Automotive Portugal","url":"https:\/\/automotiverevista.pt\/","logo":{"@type":"ImageObject","inLanguage":"pt-PT","@id":"https:\/\/automotiverevista.pt\/#\/schema\/logo\/image\/","url":"https:\/\/automotiverevista.pt\/wp-content\/uploads\/2022\/07\/Logo-Automotive-2021_500-1.jpg","contentUrl":"https:\/\/automotiverevista.pt\/wp-content\/uploads\/2022\/07\/Logo-Automotive-2021_500-1.jpg","width":500,"height":160,"caption":"Revista Automotive Portugal"},"image":{"@id":"https:\/\/automotiverevista.pt\/#\/schema\/logo\/image\/"},"sameAs":["https:\/\/linkedin.com\/in\/automotiverevista"]},{"@type":"Person","@id":"https:\/\/automotiverevista.pt\/#\/schema\/person\/1e95eb12553b8edd256acb00fe6dad4b","name":"Fatima Silva","image":{"@type":"ImageObject","inLanguage":"pt-PT","@id":"https:\/\/secure.gravatar.com\/avatar\/4b4a955a9c1b66708ab0dd3bd6181ac1f650299d893bd337a28482f7f19c8511?s=96&d=mm&r=g","url":"https:\/\/secure.gravatar.com\/avatar\/4b4a955a9c1b66708ab0dd3bd6181ac1f650299d893bd337a28482f7f19c8511?s=96&d=mm&r=g","contentUrl":"https:\/\/secure.gravatar.com\/avatar\/4b4a955a9c1b66708ab0dd3bd6181ac1f650299d893bd337a28482f7f19c8511?s=96&d=mm&r=g","caption":"Fatima Silva"},"url":"https:\/\/automotiverevista.pt\/index.php\/author\/fgasparsilva\/"}]}},"_links":{"self":[{"href":"https:\/\/automotiverevista.pt\/index.php\/wp-json\/wp\/v2\/posts\/10761","targetHints":{"allow":["GET"]}}],"collection":[{"href":"https:\/\/automotiverevista.pt\/index.php\/wp-json\/wp\/v2\/posts"}],"about":[{"href":"https:\/\/automotiverevista.pt\/index.php\/wp-json\/wp\/v2\/types\/post"}],"author":[{"embeddable":true,"href":"https:\/\/automotiverevista.pt\/index.php\/wp-json\/wp\/v2\/users\/4"}],"replies":[{"embeddable":true,"href":"https:\/\/automotiverevista.pt\/index.php\/wp-json\/wp\/v2\/comments?post=10761"}],"version-history":[{"count":1,"href":"https:\/\/automotiverevista.pt\/index.php\/wp-json\/wp\/v2\/posts\/10761\/revisions"}],"predecessor-version":[{"id":10763,"href":"https:\/\/automotiverevista.pt\/index.php\/wp-json\/wp\/v2\/posts\/10761\/revisions\/10763"}],"wp:featuredmedia":[{"embeddable":true,"href":"https:\/\/automotiverevista.pt\/index.php\/wp-json\/wp\/v2\/media\/10861"}],"wp:attachment":[{"href":"https:\/\/automotiverevista.pt\/index.php\/wp-json\/wp\/v2\/media?parent=10761"}],"wp:term":[{"taxonomy":"category","embeddable":true,"href":"https:\/\/automotiverevista.pt\/index.php\/wp-json\/wp\/v2\/categories?post=10761"},{"taxonomy":"post_tag","embeddable":true,"href":"https:\/\/automotiverevista.pt\/index.php\/wp-json\/wp\/v2\/tags?post=10761"}],"curies":[{"name":"wp","href":"https:\/\/api.w.org\/{rel}","templated":true}]}}