{"id":10784,"date":"2025-08-22T14:35:37","date_gmt":"2025-08-22T14:35:37","guid":{"rendered":"https:\/\/automotiverevista.pt\/?p=10784"},"modified":"2025-08-19T08:17:00","modified_gmt":"2025-08-19T08:17:00","slug":"grupo-recalvi-com-novo-armazem-em-portugal","status":"publish","type":"post","link":"https:\/\/automotiverevista.pt\/index.php\/2025\/08\/22\/grupo-recalvi-com-novo-armazem-em-portugal\/","title":{"rendered":"Grupo Recalvi com novo armaz\u00e9m em Portugal"},"content":{"rendered":"\n<p>Ap\u00f3s ter sido anunciado na edi\u00e7\u00e3o de fevereiro deste ano da Revista Automotive a aquisi\u00e7\u00e3o da Bomb\u00f3leo e, posteriormente a incorpora\u00e7\u00e3o da empresa que gera as atividades da Trustauto, fic\u00e1mos a saber que o Grupo Recalvi continua a sua fase de expans\u00e3o em Portugal e que tem praticamente pronta uma nova unidade de Leiria, onde dever\u00e1 ser instalado o seu grande armaz\u00e9m de pe\u00e7as no nosso pa\u00eds.<\/p>\n\n\n\n<p>A informa\u00e7\u00e3o foi recentemente confirmada presencialmente pelo CEO do Grupo Recalvi, <strong>Chema Rodriguez<\/strong>, por ocasi\u00e3o da visita da Revista Automotive \u00e0 sede do grupo localizada em Vigo, onde tamb\u00e9m tom\u00e1mos conhecimento da estrat\u00e9gia de desenvolvimento deste neg\u00f3cio no nosso pa\u00eds, tema que abordaremos em mais detalhe na nossa edi\u00e7\u00e3o de setembro.<\/p>\n\n\n\n<p>Falando \u00e0 Revista Automotive na sede do Grupo Recalvi em Vigo, Chema Rodriguez mostrou-se otimista e bastante realista com a expans\u00e3o dos seus neg\u00f3cios em Portugal. \u201c\u00c9 verdade que j\u00e1 est\u00e1vamos presentes em Portugal, atrav\u00e9s da incorpora\u00e7\u00e3o da Atlantic Parts. Contudo, o nosso grande salto foi a incorpora\u00e7\u00e3o da Bomb\u00f3leo e da Trustauto, projetos que agora ser\u00e3o acompanhados pelo nosso grupo.<\/p>\n\n\n\n<p>O mercado de p\u00f3s-venda independente em Portugal \u00e9 muito competitivo e com muito mais capilaridade do que em Espanha. Tem um grande potencial para crescer, o que justifica o nosso investimento neste novo e grande armaz\u00e9m em Leiria, que apresenta uma localiza\u00e7\u00e3o estrat\u00e9gica para continuarmos a dinamizar as atividades do nosso Grupo, naturalmente utilizando as potencialidades das demais unidades da Bomb\u00f3leo e da Trustauto\u201d, ressaltou Chema Rodriguez na imagem com Pablo Quinteiro, diretor de marketing do Grupo.<\/p>\n\n\n\n<p><strong>Sede e Funda\u00e7\u00e3o Recalvi<\/strong><\/p>\n\n\n<div class=\"wp-block-image\">\n<figure class=\"aligncenter size-large is-resized\"><img decoding=\"async\" width=\"1024\" height=\"768\" src=\"https:\/\/automotiverevista.pt\/wp-content\/uploads\/2025\/08\/20250718_1207290-1024x768.jpg\" alt=\"\" class=\"wp-image-10786\" style=\"width:865px;height:auto\" srcset=\"https:\/\/automotiverevista.pt\/wp-content\/uploads\/2025\/08\/20250718_1207290-1024x768.jpg 1024w, https:\/\/automotiverevista.pt\/wp-content\/uploads\/2025\/08\/20250718_1207290-300x225.jpg 300w, https:\/\/automotiverevista.pt\/wp-content\/uploads\/2025\/08\/20250718_1207290-768x576.jpg 768w, https:\/\/automotiverevista.pt\/wp-content\/uploads\/2025\/08\/20250718_1207290-750x563.jpg 750w, https:\/\/automotiverevista.pt\/wp-content\/uploads\/2025\/08\/20250718_1207290-1140x855.jpg 1140w, https:\/\/automotiverevista.pt\/wp-content\/uploads\/2025\/08\/20250718_1207290.jpg 1500w\" sizes=\"(max-width: 1024px) 100vw, 1024px\" \/><\/figure>\n<\/div>\n\n\n<p>A sede do Grupo Recalvi em Vigo est\u00e1 instalada num amplo edif\u00edcio com 3 pisos e 2 armaz\u00e9ns, onde trabalham cerca de 70 profissionais nas mais diversas \u00e1reas de neg\u00f3cio, desde a administra\u00e7\u00e3o central, passando pelo grande armaz\u00e9m de pe\u00e7as, log\u00edstica, loja de atendimento ao p\u00fablico e ainda um departamento de marketing sob a lideran\u00e7a de <strong>Pablo Quinteiro<\/strong>, um profissional com mais de 20 anos de \u201ccasa\u201d e que est\u00e1 \u00e0 frente de uma equipa multifuncional e experiente.<\/p>\n\n\n\n<p>Neste mesmo edif\u00edcio sede encontram-se as instala\u00e7\u00f5es da Funda\u00e7\u00e3o Recalvi, um espa\u00e7o onde Chema Rodriguez &#8211; ele pr\u00f3prio um ex-piloto autom\u00f3vel \u2013 mant\u00e9m uma atrativa exposi\u00e7\u00e3o de carros de F\u00f3rmula 1 e respetivos equipamentos desportivos; para al\u00e9m de um audit\u00f3rio destinado \u00e0s a\u00e7\u00f5es de forma\u00e7\u00e3o interna ou com seus parceiros de neg\u00f3cio, onde todo o ambiente nos conduz para o mundo da alta competi\u00e7\u00e3o motorizada, que a Funda\u00e7\u00e3o Recalvi procura levar e expor em sal\u00f5es tais como a Galiexpo e na Motortec.<\/p>\n\n\n\n<p><strong>Marca pr\u00f3pria<\/strong><\/p>\n\n\n<div class=\"wp-block-image\">\n<figure class=\"alignright size-large is-resized\"><img decoding=\"async\" width=\"1024\" height=\"683\" src=\"https:\/\/automotiverevista.pt\/wp-content\/uploads\/2025\/08\/IMG_4531-1024x683.jpg\" alt=\"\" class=\"wp-image-10787\" style=\"width:533px;height:auto\" srcset=\"https:\/\/automotiverevista.pt\/wp-content\/uploads\/2025\/08\/IMG_4531-1024x683.jpg 1024w, https:\/\/automotiverevista.pt\/wp-content\/uploads\/2025\/08\/IMG_4531-300x200.jpg 300w, https:\/\/automotiverevista.pt\/wp-content\/uploads\/2025\/08\/IMG_4531-768x512.jpg 768w, https:\/\/automotiverevista.pt\/wp-content\/uploads\/2025\/08\/IMG_4531-750x500.jpg 750w, https:\/\/automotiverevista.pt\/wp-content\/uploads\/2025\/08\/IMG_4531-1140x760.jpg 1140w, https:\/\/automotiverevista.pt\/wp-content\/uploads\/2025\/08\/IMG_4531.jpg 1500w\" sizes=\"(max-width: 1024px) 100vw, 1024px\" \/><\/figure>\n<\/div>\n\n\n<p>Pablo Quinteiro, profundo conhecedor do Grupo Recalvi, conduziu-nos numa visita guiada pelos principais ambientes do edif\u00edcio sede, dando especial enfoque ao amplo e bem estruturado armaz\u00e9m de pe\u00e7as e acess\u00f3rios de diferentes marcas premium, onde a <strong>marca pr\u00f3pria RecOficial<\/strong> conta com diversas linhas de produtos, tais como baterias, tintas para repintura, amortecedores, filtros, suspens\u00f5es pneum\u00e1ticas, escovas limpa-para-brisas, bem como alternadores produzidos pelos principais fabricantes de pe\u00e7as originais. A marca pr\u00f3pria RecOficial est\u00e1 igualmente presente na rede de oficinas multimarcas RecOficial Service, que emprega profissionais especializados e certificados para manuten\u00e7\u00e3o e repara\u00e7\u00e3o de ve\u00edculos 100% el\u00e9tricos.<\/p>\n\n\n\n<p>O Grupo Recalvi tamb\u00e9m atua fora da Europa, sendo formado por diferentes empresas especializadas e cada uma delas dentro do ramo autom\u00f3vel em distintos setores, incluindo duas empresas para comercializar apenas lubrificantes e pneus. A Recalvi Store, por exemplo, \u00e9 encarregue da distribui\u00e7\u00e3o do merchandising de marcas desportivas, sendo que a empesa Recalvi Color, \u00e9 distribuidora exclusiva para a Galiza, Le\u00e3o e Ast\u00farias das marcas de pintura e acess\u00f3rios Spies Hecker e Sonne.<\/p>\n\n\n\n<p>Atualmente, com 39 centros e mais de 400 empregados, o grupo gerido por Chema Rodr\u00edguez cresceu e agora est\u00e1 a investir e a expandir as suas atividades em Portugal, com legitimas ambi\u00e7\u00f5es de ser uma refer\u00eancia ib\u00e9rica no setor da distribui\u00e7\u00e3o de pe\u00e7as.<\/p>\n\n\n<div class=\"wp-block-image\">\n<figure class=\"aligncenter size-large is-resized\"><img decoding=\"async\" width=\"768\" height=\"1024\" src=\"https:\/\/automotiverevista.pt\/wp-content\/uploads\/2025\/08\/20250718_123849-768x1024.jpg\" alt=\"\" class=\"wp-image-10788\" style=\"width:558px;height:auto\" srcset=\"https:\/\/automotiverevista.pt\/wp-content\/uploads\/2025\/08\/20250718_123849-768x1024.jpg 768w, https:\/\/automotiverevista.pt\/wp-content\/uploads\/2025\/08\/20250718_123849-225x300.jpg 225w, https:\/\/automotiverevista.pt\/wp-content\/uploads\/2025\/08\/20250718_123849-750x1000.jpg 750w, https:\/\/automotiverevista.pt\/wp-content\/uploads\/2025\/08\/20250718_123849.jpg 844w\" sizes=\"(max-width: 768px) 100vw, 768px\" \/><\/figure>\n<\/div>","protected":false},"excerpt":{"rendered":"<p>Ap\u00f3s ter sido anunciado na edi\u00e7\u00e3o de fevereiro deste ano da Revista Automotive a aquisi\u00e7\u00e3o da Bomb\u00f3leo e, posteriormente a incorpora\u00e7\u00e3o da empresa que gera as atividades da Trustauto, fic\u00e1mos a saber que o Grupo Recalvi continua a sua fase de expans\u00e3o em Portugal e que tem praticamente pronta uma nova unidade de Leiria, onde [&hellip;]<\/p>\n","protected":false},"author":4,"featured_media":10785,"comment_status":"closed","ping_status":"open","sticky":false,"template":"","format":"standard","meta":{"jnews-multi-image_gallery":[],"jnews_single_post":{"format":"standard"},"jnews_primary_category":[],"footnotes":""},"categories":[21],"tags":[],"class_list":["post-10784","post","type-post","status-publish","format-standard","has-post-thumbnail","hentry","category-pos-venda"],"yoast_head":"<!-- This site is optimized with the Yoast SEO Premium plugin v27.5 (Yoast SEO v27.5) - https:\/\/yoast.com\/product\/yoast-seo-premium-wordpress\/ -->\n<title>Grupo Recalvi com novo armaz\u00e9m em Portugal - Revista Automotive<\/title>\n<meta name=\"description\" content=\"Ap\u00f3s ter sido anunciado na edi\u00e7\u00e3o de fevereiro deste ano da Revista Automotive a aquisi\u00e7\u00e3o da Bomb\u00f3leo e, posteriormente a incorpora\u00e7\u00e3o da em\" \/>\n<meta name=\"robots\" content=\"index, follow, max-snippet:-1, max-image-preview:large, max-video-preview:-1\" \/>\n<link rel=\"canonical\" href=\"https:\/\/automotiverevista.pt\/index.php\/2025\/08\/22\/grupo-recalvi-com-novo-armazem-em-portugal\/\" \/>\n<meta property=\"og:locale\" content=\"pt_PT\" \/>\n<meta property=\"og:type\" content=\"article\" \/>\n<meta property=\"og:title\" content=\"Grupo Recalvi com novo armaz\u00e9m em Portugal\" \/>\n<meta property=\"og:description\" content=\"Ap\u00f3s ter sido anunciado na edi\u00e7\u00e3o de fevereiro deste ano da Revista Automotive a aquisi\u00e7\u00e3o da Bomb\u00f3leo e, posteriormente a incorpora\u00e7\u00e3o da em\" \/>\n<meta property=\"og:url\" content=\"https:\/\/automotiverevista.pt\/index.php\/2025\/08\/22\/grupo-recalvi-com-novo-armazem-em-portugal\/\" \/>\n<meta property=\"og:site_name\" content=\"Revista Automotive\" \/>\n<meta property=\"article:published_time\" content=\"2025-08-22T14:35:37+00:00\" \/>\n<meta property=\"og:image\" content=\"https:\/\/automotiverevista.pt\/wp-content\/uploads\/2025\/08\/1-3.jpg\" \/>\n\t<meta property=\"og:image:width\" content=\"1500\" \/>\n\t<meta property=\"og:image:height\" content=\"924\" \/>\n\t<meta property=\"og:image:type\" content=\"image\/jpeg\" \/>\n<meta name=\"author\" content=\"Fatima Silva\" \/>\n<meta name=\"twitter:card\" content=\"summary_large_image\" \/>\n<meta name=\"twitter:label1\" content=\"Escrito por\" \/>\n\t<meta name=\"twitter:data1\" content=\"Fatima Silva\" \/>\n\t<meta name=\"twitter:label2\" content=\"Tempo estimado de leitura\" \/>\n\t<meta name=\"twitter:data2\" content=\"5 minutos\" \/>\n<script type=\"application\/ld+json\" class=\"yoast-schema-graph\">{\"@context\":\"https:\\\/\\\/schema.org\",\"@graph\":[{\"@type\":\"Article\",\"@id\":\"https:\\\/\\\/automotiverevista.pt\\\/index.php\\\/2025\\\/08\\\/22\\\/grupo-recalvi-com-novo-armazem-em-portugal\\\/#article\",\"isPartOf\":{\"@id\":\"https:\\\/\\\/automotiverevista.pt\\\/index.php\\\/2025\\\/08\\\/22\\\/grupo-recalvi-com-novo-armazem-em-portugal\\\/\"},\"author\":{\"name\":\"Fatima Silva\",\"@id\":\"https:\\\/\\\/automotiverevista.pt\\\/#\\\/schema\\\/person\\\/1e95eb12553b8edd256acb00fe6dad4b\"},\"headline\":\"Grupo Recalvi com novo armaz\u00e9m em Portugal\",\"datePublished\":\"2025-08-22T14:35:37+00:00\",\"mainEntityOfPage\":{\"@id\":\"https:\\\/\\\/automotiverevista.pt\\\/index.php\\\/2025\\\/08\\\/22\\\/grupo-recalvi-com-novo-armazem-em-portugal\\\/\"},\"wordCount\":709,\"publisher\":{\"@id\":\"https:\\\/\\\/automotiverevista.pt\\\/#organization\"},\"image\":{\"@id\":\"https:\\\/\\\/automotiverevista.pt\\\/index.php\\\/2025\\\/08\\\/22\\\/grupo-recalvi-com-novo-armazem-em-portugal\\\/#primaryimage\"},\"thumbnailUrl\":\"https:\\\/\\\/automotiverevista.pt\\\/wp-content\\\/uploads\\\/2025\\\/08\\\/1-3.jpg\",\"articleSection\":[\"P\u00f3s-Venda\"],\"inLanguage\":\"pt-PT\"},{\"@type\":\"WebPage\",\"@id\":\"https:\\\/\\\/automotiverevista.pt\\\/index.php\\\/2025\\\/08\\\/22\\\/grupo-recalvi-com-novo-armazem-em-portugal\\\/\",\"url\":\"https:\\\/\\\/automotiverevista.pt\\\/index.php\\\/2025\\\/08\\\/22\\\/grupo-recalvi-com-novo-armazem-em-portugal\\\/\",\"name\":\"Grupo Recalvi com novo armaz\u00e9m em Portugal - Revista Automotive\",\"isPartOf\":{\"@id\":\"https:\\\/\\\/automotiverevista.pt\\\/#website\"},\"primaryImageOfPage\":{\"@id\":\"https:\\\/\\\/automotiverevista.pt\\\/index.php\\\/2025\\\/08\\\/22\\\/grupo-recalvi-com-novo-armazem-em-portugal\\\/#primaryimage\"},\"image\":{\"@id\":\"https:\\\/\\\/automotiverevista.pt\\\/index.php\\\/2025\\\/08\\\/22\\\/grupo-recalvi-com-novo-armazem-em-portugal\\\/#primaryimage\"},\"thumbnailUrl\":\"https:\\\/\\\/automotiverevista.pt\\\/wp-content\\\/uploads\\\/2025\\\/08\\\/1-3.jpg\",\"datePublished\":\"2025-08-22T14:35:37+00:00\",\"description\":\"Ap\u00f3s ter sido anunciado na edi\u00e7\u00e3o de fevereiro deste ano da Revista Automotive a aquisi\u00e7\u00e3o da Bomb\u00f3leo e, posteriormente a incorpora\u00e7\u00e3o da em\",\"breadcrumb\":{\"@id\":\"https:\\\/\\\/automotiverevista.pt\\\/index.php\\\/2025\\\/08\\\/22\\\/grupo-recalvi-com-novo-armazem-em-portugal\\\/#breadcrumb\"},\"inLanguage\":\"pt-PT\",\"potentialAction\":[{\"@type\":\"ReadAction\",\"target\":[\"https:\\\/\\\/automotiverevista.pt\\\/index.php\\\/2025\\\/08\\\/22\\\/grupo-recalvi-com-novo-armazem-em-portugal\\\/\"]}]},{\"@type\":\"ImageObject\",\"inLanguage\":\"pt-PT\",\"@id\":\"https:\\\/\\\/automotiverevista.pt\\\/index.php\\\/2025\\\/08\\\/22\\\/grupo-recalvi-com-novo-armazem-em-portugal\\\/#primaryimage\",\"url\":\"https:\\\/\\\/automotiverevista.pt\\\/wp-content\\\/uploads\\\/2025\\\/08\\\/1-3.jpg\",\"contentUrl\":\"https:\\\/\\\/automotiverevista.pt\\\/wp-content\\\/uploads\\\/2025\\\/08\\\/1-3.jpg\",\"width\":1500,\"height\":924,\"caption\":\"Chema Rodriguez e Pablo Quinteiro\"},{\"@type\":\"BreadcrumbList\",\"@id\":\"https:\\\/\\\/automotiverevista.pt\\\/index.php\\\/2025\\\/08\\\/22\\\/grupo-recalvi-com-novo-armazem-em-portugal\\\/#breadcrumb\",\"itemListElement\":[{\"@type\":\"ListItem\",\"position\":1,\"name\":\"Home\",\"item\":\"https:\\\/\\\/automotiverevista.pt\\\/\"},{\"@type\":\"ListItem\",\"position\":2,\"name\":\"Grupo Recalvi com novo armaz\u00e9m em Portugal\"}]},{\"@type\":\"WebSite\",\"@id\":\"https:\\\/\\\/automotiverevista.pt\\\/#website\",\"url\":\"https:\\\/\\\/automotiverevista.pt\\\/\",\"name\":\"Revista Automotive\",\"description\":\"Revista Automotive Portugal\",\"publisher\":{\"@id\":\"https:\\\/\\\/automotiverevista.pt\\\/#organization\"},\"potentialAction\":[{\"@type\":\"SearchAction\",\"target\":{\"@type\":\"EntryPoint\",\"urlTemplate\":\"https:\\\/\\\/automotiverevista.pt\\\/?s={search_term_string}\"},\"query-input\":{\"@type\":\"PropertyValueSpecification\",\"valueRequired\":true,\"valueName\":\"search_term_string\"}}],\"inLanguage\":\"pt-PT\"},{\"@type\":\"Organization\",\"@id\":\"https:\\\/\\\/automotiverevista.pt\\\/#organization\",\"name\":\"Revista Automotive Portugal\",\"url\":\"https:\\\/\\\/automotiverevista.pt\\\/\",\"logo\":{\"@type\":\"ImageObject\",\"inLanguage\":\"pt-PT\",\"@id\":\"https:\\\/\\\/automotiverevista.pt\\\/#\\\/schema\\\/logo\\\/image\\\/\",\"url\":\"https:\\\/\\\/automotiverevista.pt\\\/wp-content\\\/uploads\\\/2022\\\/07\\\/Logo-Automotive-2021_500-1.jpg\",\"contentUrl\":\"https:\\\/\\\/automotiverevista.pt\\\/wp-content\\\/uploads\\\/2022\\\/07\\\/Logo-Automotive-2021_500-1.jpg\",\"width\":500,\"height\":160,\"caption\":\"Revista Automotive Portugal\"},\"image\":{\"@id\":\"https:\\\/\\\/automotiverevista.pt\\\/#\\\/schema\\\/logo\\\/image\\\/\"},\"sameAs\":[\"https:\\\/\\\/linkedin.com\\\/in\\\/automotiverevista\"]},{\"@type\":\"Person\",\"@id\":\"https:\\\/\\\/automotiverevista.pt\\\/#\\\/schema\\\/person\\\/1e95eb12553b8edd256acb00fe6dad4b\",\"name\":\"Fatima Silva\",\"image\":{\"@type\":\"ImageObject\",\"inLanguage\":\"pt-PT\",\"@id\":\"https:\\\/\\\/secure.gravatar.com\\\/avatar\\\/4b4a955a9c1b66708ab0dd3bd6181ac1f650299d893bd337a28482f7f19c8511?s=96&d=mm&r=g\",\"url\":\"https:\\\/\\\/secure.gravatar.com\\\/avatar\\\/4b4a955a9c1b66708ab0dd3bd6181ac1f650299d893bd337a28482f7f19c8511?s=96&d=mm&r=g\",\"contentUrl\":\"https:\\\/\\\/secure.gravatar.com\\\/avatar\\\/4b4a955a9c1b66708ab0dd3bd6181ac1f650299d893bd337a28482f7f19c8511?s=96&d=mm&r=g\",\"caption\":\"Fatima Silva\"},\"url\":\"https:\\\/\\\/automotiverevista.pt\\\/index.php\\\/author\\\/fgasparsilva\\\/\"}]}<\/script>\n<!-- \/ Yoast SEO Premium plugin. -->","yoast_head_json":{"title":"Grupo Recalvi com novo armaz\u00e9m em Portugal - Revista Automotive","description":"Ap\u00f3s ter sido anunciado na edi\u00e7\u00e3o de fevereiro deste ano da Revista Automotive a aquisi\u00e7\u00e3o da Bomb\u00f3leo e, posteriormente a incorpora\u00e7\u00e3o da em","robots":{"index":"index","follow":"follow","max-snippet":"max-snippet:-1","max-image-preview":"max-image-preview:large","max-video-preview":"max-video-preview:-1"},"canonical":"https:\/\/automotiverevista.pt\/index.php\/2025\/08\/22\/grupo-recalvi-com-novo-armazem-em-portugal\/","og_locale":"pt_PT","og_type":"article","og_title":"Grupo Recalvi com novo armaz\u00e9m em Portugal","og_description":"Ap\u00f3s ter sido anunciado na edi\u00e7\u00e3o de fevereiro deste ano da Revista Automotive a aquisi\u00e7\u00e3o da Bomb\u00f3leo e, posteriormente a incorpora\u00e7\u00e3o da em","og_url":"https:\/\/automotiverevista.pt\/index.php\/2025\/08\/22\/grupo-recalvi-com-novo-armazem-em-portugal\/","og_site_name":"Revista Automotive","article_published_time":"2025-08-22T14:35:37+00:00","og_image":[{"width":1500,"height":924,"url":"https:\/\/automotiverevista.pt\/wp-content\/uploads\/2025\/08\/1-3.jpg","type":"image\/jpeg"}],"author":"Fatima Silva","twitter_card":"summary_large_image","twitter_misc":{"Escrito por":"Fatima Silva","Tempo estimado de leitura":"5 minutos"},"schema":{"@context":"https:\/\/schema.org","@graph":[{"@type":"Article","@id":"https:\/\/automotiverevista.pt\/index.php\/2025\/08\/22\/grupo-recalvi-com-novo-armazem-em-portugal\/#article","isPartOf":{"@id":"https:\/\/automotiverevista.pt\/index.php\/2025\/08\/22\/grupo-recalvi-com-novo-armazem-em-portugal\/"},"author":{"name":"Fatima Silva","@id":"https:\/\/automotiverevista.pt\/#\/schema\/person\/1e95eb12553b8edd256acb00fe6dad4b"},"headline":"Grupo Recalvi com novo armaz\u00e9m em Portugal","datePublished":"2025-08-22T14:35:37+00:00","mainEntityOfPage":{"@id":"https:\/\/automotiverevista.pt\/index.php\/2025\/08\/22\/grupo-recalvi-com-novo-armazem-em-portugal\/"},"wordCount":709,"publisher":{"@id":"https:\/\/automotiverevista.pt\/#organization"},"image":{"@id":"https:\/\/automotiverevista.pt\/index.php\/2025\/08\/22\/grupo-recalvi-com-novo-armazem-em-portugal\/#primaryimage"},"thumbnailUrl":"https:\/\/automotiverevista.pt\/wp-content\/uploads\/2025\/08\/1-3.jpg","articleSection":["P\u00f3s-Venda"],"inLanguage":"pt-PT"},{"@type":"WebPage","@id":"https:\/\/automotiverevista.pt\/index.php\/2025\/08\/22\/grupo-recalvi-com-novo-armazem-em-portugal\/","url":"https:\/\/automotiverevista.pt\/index.php\/2025\/08\/22\/grupo-recalvi-com-novo-armazem-em-portugal\/","name":"Grupo Recalvi com novo armaz\u00e9m em Portugal - Revista Automotive","isPartOf":{"@id":"https:\/\/automotiverevista.pt\/#website"},"primaryImageOfPage":{"@id":"https:\/\/automotiverevista.pt\/index.php\/2025\/08\/22\/grupo-recalvi-com-novo-armazem-em-portugal\/#primaryimage"},"image":{"@id":"https:\/\/automotiverevista.pt\/index.php\/2025\/08\/22\/grupo-recalvi-com-novo-armazem-em-portugal\/#primaryimage"},"thumbnailUrl":"https:\/\/automotiverevista.pt\/wp-content\/uploads\/2025\/08\/1-3.jpg","datePublished":"2025-08-22T14:35:37+00:00","description":"Ap\u00f3s ter sido anunciado na edi\u00e7\u00e3o de fevereiro deste ano da Revista Automotive a aquisi\u00e7\u00e3o da Bomb\u00f3leo e, posteriormente a incorpora\u00e7\u00e3o da em","breadcrumb":{"@id":"https:\/\/automotiverevista.pt\/index.php\/2025\/08\/22\/grupo-recalvi-com-novo-armazem-em-portugal\/#breadcrumb"},"inLanguage":"pt-PT","potentialAction":[{"@type":"ReadAction","target":["https:\/\/automotiverevista.pt\/index.php\/2025\/08\/22\/grupo-recalvi-com-novo-armazem-em-portugal\/"]}]},{"@type":"ImageObject","inLanguage":"pt-PT","@id":"https:\/\/automotiverevista.pt\/index.php\/2025\/08\/22\/grupo-recalvi-com-novo-armazem-em-portugal\/#primaryimage","url":"https:\/\/automotiverevista.pt\/wp-content\/uploads\/2025\/08\/1-3.jpg","contentUrl":"https:\/\/automotiverevista.pt\/wp-content\/uploads\/2025\/08\/1-3.jpg","width":1500,"height":924,"caption":"Chema Rodriguez e Pablo Quinteiro"},{"@type":"BreadcrumbList","@id":"https:\/\/automotiverevista.pt\/index.php\/2025\/08\/22\/grupo-recalvi-com-novo-armazem-em-portugal\/#breadcrumb","itemListElement":[{"@type":"ListItem","position":1,"name":"Home","item":"https:\/\/automotiverevista.pt\/"},{"@type":"ListItem","position":2,"name":"Grupo Recalvi com novo armaz\u00e9m em Portugal"}]},{"@type":"WebSite","@id":"https:\/\/automotiverevista.pt\/#website","url":"https:\/\/automotiverevista.pt\/","name":"Revista Automotive","description":"Revista Automotive Portugal","publisher":{"@id":"https:\/\/automotiverevista.pt\/#organization"},"potentialAction":[{"@type":"SearchAction","target":{"@type":"EntryPoint","urlTemplate":"https:\/\/automotiverevista.pt\/?s={search_term_string}"},"query-input":{"@type":"PropertyValueSpecification","valueRequired":true,"valueName":"search_term_string"}}],"inLanguage":"pt-PT"},{"@type":"Organization","@id":"https:\/\/automotiverevista.pt\/#organization","name":"Revista Automotive Portugal","url":"https:\/\/automotiverevista.pt\/","logo":{"@type":"ImageObject","inLanguage":"pt-PT","@id":"https:\/\/automotiverevista.pt\/#\/schema\/logo\/image\/","url":"https:\/\/automotiverevista.pt\/wp-content\/uploads\/2022\/07\/Logo-Automotive-2021_500-1.jpg","contentUrl":"https:\/\/automotiverevista.pt\/wp-content\/uploads\/2022\/07\/Logo-Automotive-2021_500-1.jpg","width":500,"height":160,"caption":"Revista Automotive Portugal"},"image":{"@id":"https:\/\/automotiverevista.pt\/#\/schema\/logo\/image\/"},"sameAs":["https:\/\/linkedin.com\/in\/automotiverevista"]},{"@type":"Person","@id":"https:\/\/automotiverevista.pt\/#\/schema\/person\/1e95eb12553b8edd256acb00fe6dad4b","name":"Fatima Silva","image":{"@type":"ImageObject","inLanguage":"pt-PT","@id":"https:\/\/secure.gravatar.com\/avatar\/4b4a955a9c1b66708ab0dd3bd6181ac1f650299d893bd337a28482f7f19c8511?s=96&d=mm&r=g","url":"https:\/\/secure.gravatar.com\/avatar\/4b4a955a9c1b66708ab0dd3bd6181ac1f650299d893bd337a28482f7f19c8511?s=96&d=mm&r=g","contentUrl":"https:\/\/secure.gravatar.com\/avatar\/4b4a955a9c1b66708ab0dd3bd6181ac1f650299d893bd337a28482f7f19c8511?s=96&d=mm&r=g","caption":"Fatima Silva"},"url":"https:\/\/automotiverevista.pt\/index.php\/author\/fgasparsilva\/"}]}},"_links":{"self":[{"href":"https:\/\/automotiverevista.pt\/index.php\/wp-json\/wp\/v2\/posts\/10784","targetHints":{"allow":["GET"]}}],"collection":[{"href":"https:\/\/automotiverevista.pt\/index.php\/wp-json\/wp\/v2\/posts"}],"about":[{"href":"https:\/\/automotiverevista.pt\/index.php\/wp-json\/wp\/v2\/types\/post"}],"author":[{"embeddable":true,"href":"https:\/\/automotiverevista.pt\/index.php\/wp-json\/wp\/v2\/users\/4"}],"replies":[{"embeddable":true,"href":"https:\/\/automotiverevista.pt\/index.php\/wp-json\/wp\/v2\/comments?post=10784"}],"version-history":[{"count":2,"href":"https:\/\/automotiverevista.pt\/index.php\/wp-json\/wp\/v2\/posts\/10784\/revisions"}],"predecessor-version":[{"id":10790,"href":"https:\/\/automotiverevista.pt\/index.php\/wp-json\/wp\/v2\/posts\/10784\/revisions\/10790"}],"wp:featuredmedia":[{"embeddable":true,"href":"https:\/\/automotiverevista.pt\/index.php\/wp-json\/wp\/v2\/media\/10785"}],"wp:attachment":[{"href":"https:\/\/automotiverevista.pt\/index.php\/wp-json\/wp\/v2\/media?parent=10784"}],"wp:term":[{"taxonomy":"category","embeddable":true,"href":"https:\/\/automotiverevista.pt\/index.php\/wp-json\/wp\/v2\/categories?post=10784"},{"taxonomy":"post_tag","embeddable":true,"href":"https:\/\/automotiverevista.pt\/index.php\/wp-json\/wp\/v2\/tags?post=10784"}],"curies":[{"name":"wp","href":"https:\/\/api.w.org\/{rel}","templated":true}]}}