{"id":10791,"date":"2025-08-18T08:49:02","date_gmt":"2025-08-18T08:49:02","guid":{"rendered":"https:\/\/automotiverevista.pt\/?p=10791"},"modified":"2025-08-18T08:49:03","modified_gmt":"2025-08-18T08:49:03","slug":"castrol-investir-na-informacao-e-na-formacao-do-setor","status":"publish","type":"post","link":"https:\/\/automotiverevista.pt\/index.php\/2025\/08\/18\/castrol-investir-na-informacao-e-na-formacao-do-setor\/","title":{"rendered":"Castrol \u2013 investir na informa\u00e7\u00e3o e na forma\u00e7\u00e3o do setor"},"content":{"rendered":"\n<p>Em entrevista \u00e0 Automotive, <strong>Rodrigo Pedroso<\/strong>,\u00a0<em>distributor business manager\u00a0<\/em>da Castrol Portugal, explica-nos que \u201cno segmento dos ve\u00edculos pesados a Castrol tem uma oferta completa de lubrificantes, com uma solu\u00e7\u00e3o adequada para cada elemento\/org\u00e3o do cami\u00e3o e semirreboque. Desde longa data que temos essa vasta gama de lubrificantes, que cobre todas as necessidades.<\/p>\n\n\n\n<p>Recentemente realiz\u00e1mos uma altera\u00e7\u00e3o importante do ponto de vista do neg\u00f3cio, quando cri\u00e1mos uma equipa dedicada a este segmento de ve\u00edculos comerciais, e onde comunicamos especificamente como \u201cCastrol Commercial Vehicles\u201d. Al\u00e9m disso, desenvolvemos comunica\u00e7\u00f5es para os clientes deste mercado, onde demonstramos de forma clara, toda a nossa abrang\u00eancia da nossa gama.<\/p>\n\n\n\n<p>Antes a nossa informa\u00e7\u00e3o para este segmento estava dispersa, mas agora est\u00e1 concentrada e muito simples de compreender. Um exemplo disso \u00e9 o novo cat\u00e1logo da <em>Castrol Commercial Vehicles<\/em>, onde demonstramos que, al\u00e9m de termos os produtos para pesados com as especifica\u00e7\u00f5es OEM exigidas pelos fabricantes, tamb\u00e9m disponibilizamos uma comunica\u00e7\u00e3o dedicada e facilitadora para os profissionais do setor.<\/p>\n\n\n\n<p>Investimos na informa\u00e7\u00e3o e na forma\u00e7\u00e3o, e estamos a realizar a\u00e7\u00f5es com clientes, em sintonia com os nossos distribuidores Castrol em Portugal, especificamente para ve\u00edculos pesados. &nbsp;Internacionalmente estamos a trabalhar com a equipa Dakar Rally Fireman Truck e, em Portugal, temos vindo a dinamizar v\u00e1rias presen\u00e7as e comunica\u00e7\u00f5es no setor dos pesados, como \u00e9 exemplo a nossa participa\u00e7\u00e3o no sal\u00e3o dos transportes em Pombal.<\/p>\n\n\n<div class=\"wp-block-image\">\n<figure class=\"aligncenter size-large is-resized\"><img decoding=\"async\" width=\"1024\" height=\"302\" src=\"https:\/\/automotiverevista.pt\/wp-content\/uploads\/2025\/08\/truck-bus-engine-oil-banner-1024x302.jpg\" alt=\"\" class=\"wp-image-10793\" style=\"width:922px;height:auto\" srcset=\"https:\/\/automotiverevista.pt\/wp-content\/uploads\/2025\/08\/truck-bus-engine-oil-banner-1024x302.jpg 1024w, https:\/\/automotiverevista.pt\/wp-content\/uploads\/2025\/08\/truck-bus-engine-oil-banner-300x89.jpg 300w, https:\/\/automotiverevista.pt\/wp-content\/uploads\/2025\/08\/truck-bus-engine-oil-banner-768x227.jpg 768w, https:\/\/automotiverevista.pt\/wp-content\/uploads\/2025\/08\/truck-bus-engine-oil-banner-750x222.jpg 750w, https:\/\/automotiverevista.pt\/wp-content\/uploads\/2025\/08\/truck-bus-engine-oil-banner-1140x337.jpg 1140w, https:\/\/automotiverevista.pt\/wp-content\/uploads\/2025\/08\/truck-bus-engine-oil-banner.jpg 1500w\" sizes=\"(max-width: 1024px) 100vw, 1024px\" \/><\/figure>\n<\/div>\n\n\n<p><strong>Transportes de longo curso<\/strong><\/p>\n\n\n\n<p>Como princ\u00edpio, os lubrificantes, flu\u00eddos refrigerantes e massas a serem utilizados devem seguir as indica\u00e7\u00f5es do fabricante do ve\u00edculo. No caso do longo curso, os lubrificantes da Castrol ajudam a poupar combust\u00edvel, o que \u00e9 muito importante neste segmento de mercado. &nbsp;Temos tamb\u00e9m lubrificantes cuja norma permite um intervalo de mudan\u00e7a mais alargado, mas sempre de acordo com os intervalos de manuten\u00e7\u00e3o recomendados pelos fabricantes. Por exemplo, h\u00e1 fabricantes de ve\u00edculos que indicam, para a mesma viatura, duas normas de lubrificantes diferentes: diferem apenas no intervalo de manuten\u00e7\u00e3o.<\/p>\n\n\n\n<p>Regra geral, deve-se seguir os intervalos de manuten\u00e7\u00e3o indicados pelos fabricantes dos ve\u00edculos, relembrando que esses s\u00e3o intervalos m\u00e1ximos (pode-se trocar o lubrificante antes). No transporte de longo curso, tipicamente os intervalos s\u00e3o mais alargados quando comparados com o transporte regional. Contudo, os intervalos de manuten\u00e7\u00e3o devem sempre ser adaptados \u00e0 tipologia de servi\u00e7o que o cami\u00e3o tem.<\/p>\n\n\n\n<p><strong>Mais informa\u00e7\u00e3o<\/strong><\/p>\n\n\n\n<p>Esse trabalho de adapta\u00e7\u00e3o a cada tipologia de servi\u00e7o dos cami\u00f5es, \u00e9 feito em conjunto com os nossos distribuidores. Por exemplo, identificamos cami\u00f5es que utilizavam lubrificantes de transmiss\u00e3o minerais, mas cujo servi\u00e7o passava por geografias com temperaturas negativas. Para esses casos, os \u00f3leos de transmiss\u00e3o sint\u00e9ticos t\u00eam um desempenho muito melhor, reduzindo a resist\u00eancia e evitando avarias na transmiss\u00e3o.<\/p>\n\n\n\n<p>Mais e melhor informa\u00e7\u00e3o possibilita mais sucesso no neg\u00f3cio dos lubrificantes, e o transporte de longo curso para a Castrol segue esse princ\u00edpio. Temos tido resultados bastante positivos neste segmento, atrav\u00e9s de uma equipa dedicada e um enfoque de comunica\u00e7\u00e3o claro e profissional.<\/p>\n\n\n\n<p>Atrav\u00e9s de uma \u00fanica marca, o cliente consegue suprir todas as necessidades dos cami\u00f5es e semirreboques, beneficiando de toda a nossa experi\u00eancia quer do setor autom\u00f3vel, quer do setor da ind\u00fastria, onde a Castrol \u00e9 tamb\u00e9m uma refer\u00eancia em lubrificantes\u201d, finalizou Rodrigo Pedroso.<\/p>\n\n\n<div class=\"wp-block-image\">\n<figure class=\"aligncenter size-full\"><img decoding=\"async\" width=\"984\" height=\"640\" src=\"https:\/\/automotiverevista.pt\/wp-content\/uploads\/2025\/08\/Capturar.jpg\" alt=\"\" class=\"wp-image-10794\" srcset=\"https:\/\/automotiverevista.pt\/wp-content\/uploads\/2025\/08\/Capturar.jpg 984w, https:\/\/automotiverevista.pt\/wp-content\/uploads\/2025\/08\/Capturar-300x195.jpg 300w, https:\/\/automotiverevista.pt\/wp-content\/uploads\/2025\/08\/Capturar-768x500.jpg 768w, https:\/\/automotiverevista.pt\/wp-content\/uploads\/2025\/08\/Capturar-750x488.jpg 750w\" sizes=\"(max-width: 984px) 100vw, 984px\" \/><\/figure>\n<\/div>","protected":false},"excerpt":{"rendered":"<p>Em entrevista \u00e0 Automotive, Rodrigo Pedroso,\u00a0distributor business manager\u00a0da Castrol Portugal, explica-nos que \u201cno segmento dos ve\u00edculos pesados a Castrol tem uma oferta completa de lubrificantes, com uma solu\u00e7\u00e3o adequada para cada elemento\/org\u00e3o do cami\u00e3o e semirreboque. Desde longa data que temos essa vasta gama de lubrificantes, que cobre todas as necessidades. Recentemente realiz\u00e1mos uma altera\u00e7\u00e3o [&hellip;]<\/p>\n","protected":false},"author":4,"featured_media":10792,"comment_status":"closed","ping_status":"open","sticky":false,"template":"","format":"standard","meta":{"jnews-multi-image_gallery":[],"jnews_single_post":{"format":"standard"},"jnews_primary_category":[],"footnotes":""},"categories":[25,21],"tags":[],"class_list":["post-10791","post","type-post","status-publish","format-standard","has-post-thumbnail","hentry","category-pesados-e-maquinas","category-pos-venda"],"yoast_head":"<!-- This site is optimized with the Yoast SEO Premium plugin v27.5 (Yoast SEO v27.5) - https:\/\/yoast.com\/product\/yoast-seo-premium-wordpress\/ -->\n<title>Castrol \u2013 investir na informa\u00e7\u00e3o e na forma\u00e7\u00e3o do setor - Revista Automotive<\/title>\n<meta name=\"description\" content=\"Em entrevista \u00e0 Automotive, Rodrigo Pedroso,\u00a0distributor business manager\u00a0da Castrol Portugal, explica-nos que \u201cno segmento dos ve\u00edculos pesa\" \/>\n<meta name=\"robots\" content=\"index, follow, max-snippet:-1, max-image-preview:large, max-video-preview:-1\" \/>\n<link rel=\"canonical\" href=\"https:\/\/automotiverevista.pt\/index.php\/2025\/08\/18\/castrol-investir-na-informacao-e-na-formacao-do-setor\/\" \/>\n<meta property=\"og:locale\" content=\"pt_PT\" \/>\n<meta property=\"og:type\" content=\"article\" \/>\n<meta property=\"og:title\" content=\"Castrol \u2013 investir na informa\u00e7\u00e3o e na forma\u00e7\u00e3o do setor\" \/>\n<meta property=\"og:description\" content=\"Em entrevista \u00e0 Automotive, Rodrigo Pedroso,\u00a0distributor business manager\u00a0da Castrol Portugal, explica-nos que \u201cno segmento dos ve\u00edculos pesa\" \/>\n<meta property=\"og:url\" content=\"https:\/\/automotiverevista.pt\/index.php\/2025\/08\/18\/castrol-investir-na-informacao-e-na-formacao-do-setor\/\" \/>\n<meta property=\"og:site_name\" content=\"Revista Automotive\" \/>\n<meta property=\"article:published_time\" content=\"2025-08-18T08:49:02+00:00\" \/>\n<meta property=\"article:modified_time\" content=\"2025-08-18T08:49:03+00:00\" \/>\n<meta property=\"og:image\" content=\"https:\/\/automotiverevista.pt\/wp-content\/uploads\/2025\/08\/20250705_155333.jpg\" \/>\n\t<meta property=\"og:image:width\" content=\"1500\" \/>\n\t<meta property=\"og:image:height\" content=\"1125\" \/>\n\t<meta property=\"og:image:type\" content=\"image\/jpeg\" \/>\n<meta name=\"author\" content=\"Fatima Silva\" \/>\n<meta name=\"twitter:card\" content=\"summary_large_image\" \/>\n<meta name=\"twitter:label1\" content=\"Escrito por\" \/>\n\t<meta name=\"twitter:data1\" content=\"Fatima Silva\" \/>\n\t<meta name=\"twitter:label2\" content=\"Tempo estimado de leitura\" \/>\n\t<meta name=\"twitter:data2\" content=\"4 minutos\" \/>\n<script type=\"application\/ld+json\" class=\"yoast-schema-graph\">{\"@context\":\"https:\\\/\\\/schema.org\",\"@graph\":[{\"@type\":\"Article\",\"@id\":\"https:\\\/\\\/automotiverevista.pt\\\/index.php\\\/2025\\\/08\\\/18\\\/castrol-investir-na-informacao-e-na-formacao-do-setor\\\/#article\",\"isPartOf\":{\"@id\":\"https:\\\/\\\/automotiverevista.pt\\\/index.php\\\/2025\\\/08\\\/18\\\/castrol-investir-na-informacao-e-na-formacao-do-setor\\\/\"},\"author\":{\"name\":\"Fatima Silva\",\"@id\":\"https:\\\/\\\/automotiverevista.pt\\\/#\\\/schema\\\/person\\\/1e95eb12553b8edd256acb00fe6dad4b\"},\"headline\":\"Castrol \u2013 investir na informa\u00e7\u00e3o e na forma\u00e7\u00e3o do setor\",\"datePublished\":\"2025-08-18T08:49:02+00:00\",\"dateModified\":\"2025-08-18T08:49:03+00:00\",\"mainEntityOfPage\":{\"@id\":\"https:\\\/\\\/automotiverevista.pt\\\/index.php\\\/2025\\\/08\\\/18\\\/castrol-investir-na-informacao-e-na-formacao-do-setor\\\/\"},\"wordCount\":599,\"publisher\":{\"@id\":\"https:\\\/\\\/automotiverevista.pt\\\/#organization\"},\"image\":{\"@id\":\"https:\\\/\\\/automotiverevista.pt\\\/index.php\\\/2025\\\/08\\\/18\\\/castrol-investir-na-informacao-e-na-formacao-do-setor\\\/#primaryimage\"},\"thumbnailUrl\":\"https:\\\/\\\/automotiverevista.pt\\\/wp-content\\\/uploads\\\/2025\\\/08\\\/20250705_155333.jpg\",\"articleSection\":[\"Pesados e M\u00e1quinas\",\"P\u00f3s-Venda\"],\"inLanguage\":\"pt-PT\"},{\"@type\":\"WebPage\",\"@id\":\"https:\\\/\\\/automotiverevista.pt\\\/index.php\\\/2025\\\/08\\\/18\\\/castrol-investir-na-informacao-e-na-formacao-do-setor\\\/\",\"url\":\"https:\\\/\\\/automotiverevista.pt\\\/index.php\\\/2025\\\/08\\\/18\\\/castrol-investir-na-informacao-e-na-formacao-do-setor\\\/\",\"name\":\"Castrol \u2013 investir na informa\u00e7\u00e3o e na forma\u00e7\u00e3o do setor - Revista Automotive\",\"isPartOf\":{\"@id\":\"https:\\\/\\\/automotiverevista.pt\\\/#website\"},\"primaryImageOfPage\":{\"@id\":\"https:\\\/\\\/automotiverevista.pt\\\/index.php\\\/2025\\\/08\\\/18\\\/castrol-investir-na-informacao-e-na-formacao-do-setor\\\/#primaryimage\"},\"image\":{\"@id\":\"https:\\\/\\\/automotiverevista.pt\\\/index.php\\\/2025\\\/08\\\/18\\\/castrol-investir-na-informacao-e-na-formacao-do-setor\\\/#primaryimage\"},\"thumbnailUrl\":\"https:\\\/\\\/automotiverevista.pt\\\/wp-content\\\/uploads\\\/2025\\\/08\\\/20250705_155333.jpg\",\"datePublished\":\"2025-08-18T08:49:02+00:00\",\"dateModified\":\"2025-08-18T08:49:03+00:00\",\"description\":\"Em entrevista \u00e0 Automotive, Rodrigo Pedroso,\u00a0distributor business manager\u00a0da Castrol Portugal, explica-nos que \u201cno segmento dos ve\u00edculos pesa\",\"breadcrumb\":{\"@id\":\"https:\\\/\\\/automotiverevista.pt\\\/index.php\\\/2025\\\/08\\\/18\\\/castrol-investir-na-informacao-e-na-formacao-do-setor\\\/#breadcrumb\"},\"inLanguage\":\"pt-PT\",\"potentialAction\":[{\"@type\":\"ReadAction\",\"target\":[\"https:\\\/\\\/automotiverevista.pt\\\/index.php\\\/2025\\\/08\\\/18\\\/castrol-investir-na-informacao-e-na-formacao-do-setor\\\/\"]}]},{\"@type\":\"ImageObject\",\"inLanguage\":\"pt-PT\",\"@id\":\"https:\\\/\\\/automotiverevista.pt\\\/index.php\\\/2025\\\/08\\\/18\\\/castrol-investir-na-informacao-e-na-formacao-do-setor\\\/#primaryimage\",\"url\":\"https:\\\/\\\/automotiverevista.pt\\\/wp-content\\\/uploads\\\/2025\\\/08\\\/20250705_155333.jpg\",\"contentUrl\":\"https:\\\/\\\/automotiverevista.pt\\\/wp-content\\\/uploads\\\/2025\\\/08\\\/20250705_155333.jpg\",\"width\":1500,\"height\":1125,\"caption\":\"Rodrigo Pedroso,\u00a0\\\"distributor business manager\\\"\u00a0da Castrol Portugal,\"},{\"@type\":\"BreadcrumbList\",\"@id\":\"https:\\\/\\\/automotiverevista.pt\\\/index.php\\\/2025\\\/08\\\/18\\\/castrol-investir-na-informacao-e-na-formacao-do-setor\\\/#breadcrumb\",\"itemListElement\":[{\"@type\":\"ListItem\",\"position\":1,\"name\":\"Home\",\"item\":\"https:\\\/\\\/automotiverevista.pt\\\/\"},{\"@type\":\"ListItem\",\"position\":2,\"name\":\"Castrol \u2013 investir na informa\u00e7\u00e3o e na forma\u00e7\u00e3o do setor\"}]},{\"@type\":\"WebSite\",\"@id\":\"https:\\\/\\\/automotiverevista.pt\\\/#website\",\"url\":\"https:\\\/\\\/automotiverevista.pt\\\/\",\"name\":\"Revista Automotive\",\"description\":\"Revista Automotive Portugal\",\"publisher\":{\"@id\":\"https:\\\/\\\/automotiverevista.pt\\\/#organization\"},\"potentialAction\":[{\"@type\":\"SearchAction\",\"target\":{\"@type\":\"EntryPoint\",\"urlTemplate\":\"https:\\\/\\\/automotiverevista.pt\\\/?s={search_term_string}\"},\"query-input\":{\"@type\":\"PropertyValueSpecification\",\"valueRequired\":true,\"valueName\":\"search_term_string\"}}],\"inLanguage\":\"pt-PT\"},{\"@type\":\"Organization\",\"@id\":\"https:\\\/\\\/automotiverevista.pt\\\/#organization\",\"name\":\"Revista Automotive Portugal\",\"url\":\"https:\\\/\\\/automotiverevista.pt\\\/\",\"logo\":{\"@type\":\"ImageObject\",\"inLanguage\":\"pt-PT\",\"@id\":\"https:\\\/\\\/automotiverevista.pt\\\/#\\\/schema\\\/logo\\\/image\\\/\",\"url\":\"https:\\\/\\\/automotiverevista.pt\\\/wp-content\\\/uploads\\\/2022\\\/07\\\/Logo-Automotive-2021_500-1.jpg\",\"contentUrl\":\"https:\\\/\\\/automotiverevista.pt\\\/wp-content\\\/uploads\\\/2022\\\/07\\\/Logo-Automotive-2021_500-1.jpg\",\"width\":500,\"height\":160,\"caption\":\"Revista Automotive Portugal\"},\"image\":{\"@id\":\"https:\\\/\\\/automotiverevista.pt\\\/#\\\/schema\\\/logo\\\/image\\\/\"},\"sameAs\":[\"https:\\\/\\\/linkedin.com\\\/in\\\/automotiverevista\"]},{\"@type\":\"Person\",\"@id\":\"https:\\\/\\\/automotiverevista.pt\\\/#\\\/schema\\\/person\\\/1e95eb12553b8edd256acb00fe6dad4b\",\"name\":\"Fatima Silva\",\"image\":{\"@type\":\"ImageObject\",\"inLanguage\":\"pt-PT\",\"@id\":\"https:\\\/\\\/secure.gravatar.com\\\/avatar\\\/4b4a955a9c1b66708ab0dd3bd6181ac1f650299d893bd337a28482f7f19c8511?s=96&d=mm&r=g\",\"url\":\"https:\\\/\\\/secure.gravatar.com\\\/avatar\\\/4b4a955a9c1b66708ab0dd3bd6181ac1f650299d893bd337a28482f7f19c8511?s=96&d=mm&r=g\",\"contentUrl\":\"https:\\\/\\\/secure.gravatar.com\\\/avatar\\\/4b4a955a9c1b66708ab0dd3bd6181ac1f650299d893bd337a28482f7f19c8511?s=96&d=mm&r=g\",\"caption\":\"Fatima Silva\"},\"url\":\"https:\\\/\\\/automotiverevista.pt\\\/index.php\\\/author\\\/fgasparsilva\\\/\"}]}<\/script>\n<!-- \/ Yoast SEO Premium plugin. -->","yoast_head_json":{"title":"Castrol \u2013 investir na informa\u00e7\u00e3o e na forma\u00e7\u00e3o do setor - Revista Automotive","description":"Em entrevista \u00e0 Automotive, Rodrigo Pedroso,\u00a0distributor business manager\u00a0da Castrol Portugal, explica-nos que \u201cno segmento dos ve\u00edculos pesa","robots":{"index":"index","follow":"follow","max-snippet":"max-snippet:-1","max-image-preview":"max-image-preview:large","max-video-preview":"max-video-preview:-1"},"canonical":"https:\/\/automotiverevista.pt\/index.php\/2025\/08\/18\/castrol-investir-na-informacao-e-na-formacao-do-setor\/","og_locale":"pt_PT","og_type":"article","og_title":"Castrol \u2013 investir na informa\u00e7\u00e3o e na forma\u00e7\u00e3o do setor","og_description":"Em entrevista \u00e0 Automotive, Rodrigo Pedroso,\u00a0distributor business manager\u00a0da Castrol Portugal, explica-nos que \u201cno segmento dos ve\u00edculos pesa","og_url":"https:\/\/automotiverevista.pt\/index.php\/2025\/08\/18\/castrol-investir-na-informacao-e-na-formacao-do-setor\/","og_site_name":"Revista Automotive","article_published_time":"2025-08-18T08:49:02+00:00","article_modified_time":"2025-08-18T08:49:03+00:00","og_image":[{"width":1500,"height":1125,"url":"https:\/\/automotiverevista.pt\/wp-content\/uploads\/2025\/08\/20250705_155333.jpg","type":"image\/jpeg"}],"author":"Fatima Silva","twitter_card":"summary_large_image","twitter_misc":{"Escrito por":"Fatima Silva","Tempo estimado de leitura":"4 minutos"},"schema":{"@context":"https:\/\/schema.org","@graph":[{"@type":"Article","@id":"https:\/\/automotiverevista.pt\/index.php\/2025\/08\/18\/castrol-investir-na-informacao-e-na-formacao-do-setor\/#article","isPartOf":{"@id":"https:\/\/automotiverevista.pt\/index.php\/2025\/08\/18\/castrol-investir-na-informacao-e-na-formacao-do-setor\/"},"author":{"name":"Fatima Silva","@id":"https:\/\/automotiverevista.pt\/#\/schema\/person\/1e95eb12553b8edd256acb00fe6dad4b"},"headline":"Castrol \u2013 investir na informa\u00e7\u00e3o e na forma\u00e7\u00e3o do setor","datePublished":"2025-08-18T08:49:02+00:00","dateModified":"2025-08-18T08:49:03+00:00","mainEntityOfPage":{"@id":"https:\/\/automotiverevista.pt\/index.php\/2025\/08\/18\/castrol-investir-na-informacao-e-na-formacao-do-setor\/"},"wordCount":599,"publisher":{"@id":"https:\/\/automotiverevista.pt\/#organization"},"image":{"@id":"https:\/\/automotiverevista.pt\/index.php\/2025\/08\/18\/castrol-investir-na-informacao-e-na-formacao-do-setor\/#primaryimage"},"thumbnailUrl":"https:\/\/automotiverevista.pt\/wp-content\/uploads\/2025\/08\/20250705_155333.jpg","articleSection":["Pesados e M\u00e1quinas","P\u00f3s-Venda"],"inLanguage":"pt-PT"},{"@type":"WebPage","@id":"https:\/\/automotiverevista.pt\/index.php\/2025\/08\/18\/castrol-investir-na-informacao-e-na-formacao-do-setor\/","url":"https:\/\/automotiverevista.pt\/index.php\/2025\/08\/18\/castrol-investir-na-informacao-e-na-formacao-do-setor\/","name":"Castrol \u2013 investir na informa\u00e7\u00e3o e na forma\u00e7\u00e3o do setor - Revista Automotive","isPartOf":{"@id":"https:\/\/automotiverevista.pt\/#website"},"primaryImageOfPage":{"@id":"https:\/\/automotiverevista.pt\/index.php\/2025\/08\/18\/castrol-investir-na-informacao-e-na-formacao-do-setor\/#primaryimage"},"image":{"@id":"https:\/\/automotiverevista.pt\/index.php\/2025\/08\/18\/castrol-investir-na-informacao-e-na-formacao-do-setor\/#primaryimage"},"thumbnailUrl":"https:\/\/automotiverevista.pt\/wp-content\/uploads\/2025\/08\/20250705_155333.jpg","datePublished":"2025-08-18T08:49:02+00:00","dateModified":"2025-08-18T08:49:03+00:00","description":"Em entrevista \u00e0 Automotive, Rodrigo Pedroso,\u00a0distributor business manager\u00a0da Castrol Portugal, explica-nos que \u201cno segmento dos ve\u00edculos pesa","breadcrumb":{"@id":"https:\/\/automotiverevista.pt\/index.php\/2025\/08\/18\/castrol-investir-na-informacao-e-na-formacao-do-setor\/#breadcrumb"},"inLanguage":"pt-PT","potentialAction":[{"@type":"ReadAction","target":["https:\/\/automotiverevista.pt\/index.php\/2025\/08\/18\/castrol-investir-na-informacao-e-na-formacao-do-setor\/"]}]},{"@type":"ImageObject","inLanguage":"pt-PT","@id":"https:\/\/automotiverevista.pt\/index.php\/2025\/08\/18\/castrol-investir-na-informacao-e-na-formacao-do-setor\/#primaryimage","url":"https:\/\/automotiverevista.pt\/wp-content\/uploads\/2025\/08\/20250705_155333.jpg","contentUrl":"https:\/\/automotiverevista.pt\/wp-content\/uploads\/2025\/08\/20250705_155333.jpg","width":1500,"height":1125,"caption":"Rodrigo Pedroso,\u00a0\"distributor business manager\"\u00a0da Castrol Portugal,"},{"@type":"BreadcrumbList","@id":"https:\/\/automotiverevista.pt\/index.php\/2025\/08\/18\/castrol-investir-na-informacao-e-na-formacao-do-setor\/#breadcrumb","itemListElement":[{"@type":"ListItem","position":1,"name":"Home","item":"https:\/\/automotiverevista.pt\/"},{"@type":"ListItem","position":2,"name":"Castrol \u2013 investir na informa\u00e7\u00e3o e na forma\u00e7\u00e3o do setor"}]},{"@type":"WebSite","@id":"https:\/\/automotiverevista.pt\/#website","url":"https:\/\/automotiverevista.pt\/","name":"Revista Automotive","description":"Revista Automotive Portugal","publisher":{"@id":"https:\/\/automotiverevista.pt\/#organization"},"potentialAction":[{"@type":"SearchAction","target":{"@type":"EntryPoint","urlTemplate":"https:\/\/automotiverevista.pt\/?s={search_term_string}"},"query-input":{"@type":"PropertyValueSpecification","valueRequired":true,"valueName":"search_term_string"}}],"inLanguage":"pt-PT"},{"@type":"Organization","@id":"https:\/\/automotiverevista.pt\/#organization","name":"Revista Automotive Portugal","url":"https:\/\/automotiverevista.pt\/","logo":{"@type":"ImageObject","inLanguage":"pt-PT","@id":"https:\/\/automotiverevista.pt\/#\/schema\/logo\/image\/","url":"https:\/\/automotiverevista.pt\/wp-content\/uploads\/2022\/07\/Logo-Automotive-2021_500-1.jpg","contentUrl":"https:\/\/automotiverevista.pt\/wp-content\/uploads\/2022\/07\/Logo-Automotive-2021_500-1.jpg","width":500,"height":160,"caption":"Revista Automotive Portugal"},"image":{"@id":"https:\/\/automotiverevista.pt\/#\/schema\/logo\/image\/"},"sameAs":["https:\/\/linkedin.com\/in\/automotiverevista"]},{"@type":"Person","@id":"https:\/\/automotiverevista.pt\/#\/schema\/person\/1e95eb12553b8edd256acb00fe6dad4b","name":"Fatima Silva","image":{"@type":"ImageObject","inLanguage":"pt-PT","@id":"https:\/\/secure.gravatar.com\/avatar\/4b4a955a9c1b66708ab0dd3bd6181ac1f650299d893bd337a28482f7f19c8511?s=96&d=mm&r=g","url":"https:\/\/secure.gravatar.com\/avatar\/4b4a955a9c1b66708ab0dd3bd6181ac1f650299d893bd337a28482f7f19c8511?s=96&d=mm&r=g","contentUrl":"https:\/\/secure.gravatar.com\/avatar\/4b4a955a9c1b66708ab0dd3bd6181ac1f650299d893bd337a28482f7f19c8511?s=96&d=mm&r=g","caption":"Fatima Silva"},"url":"https:\/\/automotiverevista.pt\/index.php\/author\/fgasparsilva\/"}]}},"_links":{"self":[{"href":"https:\/\/automotiverevista.pt\/index.php\/wp-json\/wp\/v2\/posts\/10791","targetHints":{"allow":["GET"]}}],"collection":[{"href":"https:\/\/automotiverevista.pt\/index.php\/wp-json\/wp\/v2\/posts"}],"about":[{"href":"https:\/\/automotiverevista.pt\/index.php\/wp-json\/wp\/v2\/types\/post"}],"author":[{"embeddable":true,"href":"https:\/\/automotiverevista.pt\/index.php\/wp-json\/wp\/v2\/users\/4"}],"replies":[{"embeddable":true,"href":"https:\/\/automotiverevista.pt\/index.php\/wp-json\/wp\/v2\/comments?post=10791"}],"version-history":[{"count":1,"href":"https:\/\/automotiverevista.pt\/index.php\/wp-json\/wp\/v2\/posts\/10791\/revisions"}],"predecessor-version":[{"id":10795,"href":"https:\/\/automotiverevista.pt\/index.php\/wp-json\/wp\/v2\/posts\/10791\/revisions\/10795"}],"wp:featuredmedia":[{"embeddable":true,"href":"https:\/\/automotiverevista.pt\/index.php\/wp-json\/wp\/v2\/media\/10792"}],"wp:attachment":[{"href":"https:\/\/automotiverevista.pt\/index.php\/wp-json\/wp\/v2\/media?parent=10791"}],"wp:term":[{"taxonomy":"category","embeddable":true,"href":"https:\/\/automotiverevista.pt\/index.php\/wp-json\/wp\/v2\/categories?post=10791"},{"taxonomy":"post_tag","embeddable":true,"href":"https:\/\/automotiverevista.pt\/index.php\/wp-json\/wp\/v2\/tags?post=10791"}],"curies":[{"name":"wp","href":"https:\/\/api.w.org\/{rel}","templated":true}]}}