{"id":10882,"date":"2025-09-03T16:50:01","date_gmt":"2025-09-03T16:50:01","guid":{"rendered":"https:\/\/automotiverevista.pt\/?p=10882"},"modified":"2025-09-03T16:50:04","modified_gmt":"2025-09-03T16:50:04","slug":"egmais-com-nova-sede-e-mais-presente-no-mercado","status":"publish","type":"post","link":"https:\/\/automotiverevista.pt\/index.php\/2025\/09\/03\/egmais-com-nova-sede-e-mais-presente-no-mercado\/","title":{"rendered":"EGMais com nova sede e mais presente no mercado"},"content":{"rendered":"\n<p>Constitu\u00edda em 2009 e assumindo uma nova denomina\u00e7\u00e3o social em setembro de 2024, a EGMais \u2013 Entidade Gestora de Res\u00edduos disp\u00f5e agora de uma nova sede administrativa, localizada no Parque T\u00e2mega em Bucelas, na regi\u00e3o da grande Lisboa.<\/p>\n\n\n\n<p><strong>Rui Cabral<\/strong> (na foto), diretor geral da EGMais salientou \u00e0 Revista Automotive que \u201ca mudan\u00e7a de instala\u00e7\u00f5es \u00e9 o in\u00edcio de mais uma etapa na vida desta entidade gestora que, ao longo de 16 anos de exist\u00eancia, tem realizado com afinco a presta\u00e7\u00e3o de servi\u00e7os t\u00e9cnicos e econ\u00f3micos no \u00e2mbito da gest\u00e3o de acumuladores usados, ou seja, baterias de origem em ve\u00edculos autom\u00f3veis, industriais e similares\u201d.<\/p>\n\n\n\n<p>Segundo este respons\u00e1vel \u201cem acumulado e at\u00e9 o passado m\u00eas de agosto, foram geridas pela nossa entidade mais de 148 mil toneladas de baterias novas e acima de 171 mil toneladas de baterias usadas, sobretudo prevenientes do mercado de reposi\u00e7\u00e3o de pe\u00e7as em Portugal, onde se enquadram muitas empresas deste setor de atividade, na qualidade de produtores aderentes \u00e0 EGMais.<\/p>\n\n\n\n<p>Recorde-se que qualquer empresa que importe ou fabrique baterias e as coloque no mercado nacional, independentemente do seu n\u00famero, tem a responsabilidade de as recolher e enviar para tratamento quando estas chegarem ao fim de vida \u00fatil\u201d, salientou Rui Cabral.<\/p>\n\n\n\n<p><strong>Menos burocracia<\/strong><\/p>\n\n\n\n<p>A EGMais\u2013 que foi distinguida com o <a href=\"https:\/\/automotiverevista.pt\/index.php\/2025\/01\/10\/egmais-premio-made-in-portugal-2024\/\"><strong>Pr\u00e9mio Fleet Service Automotive em 2024<\/strong> <\/a>na categoria Made in Portugal \u2013 tem vindo a desenvolver diversas a\u00e7\u00f5es para sensibilizar os produtores de baterias e os utilizadores, para que todos contribuam para um ambiente mais sustent\u00e1vel, criando mecanismos menos burocr\u00e1ticos para as declara\u00e7\u00f5es obrigat\u00f3rias dos produtores de baterias.<\/p>\n\n\n\n<p>Assim, para as empresas que colocam poucas quantidades de baterias no mercado por ano (menos de 1 tonelada) a EGMais, reduz as obriga\u00e7\u00f5es declarativas, passando estas empresas a fazerem uma \u00fanica declara\u00e7\u00e3o anual e a pagaram uma taxa \u00fanica de vinte e cinco euros \u2013 exceto, se a aplica\u00e7\u00e3o do tarif\u00e1rio sobre os pesos anuais declarados, resultem superiores a esse valor.<\/p>\n\n\n\n<p>Para as empresas que realizam uma importa\u00e7\u00e3o pontual &#8211; mas que n\u00e3o deixam, por isso, de terem a obriga\u00e7\u00e3o atr\u00e1s descrita &#8211; a EGMais criou uma solu\u00e7\u00e3o \u00e0 sua medida. Um contrato pontual, que inclui unicamente as baterias dessa importa\u00e7\u00e3o \u00fanica, e que se extingue com o pagamento do ecovalor respetivo \u2013 evitando mais compromissos, declara\u00e7\u00f5es posteriores, obriga\u00e7\u00f5es ou custos para as empresas.<\/p>\n","protected":false},"excerpt":{"rendered":"<p>Constitu\u00edda em 2009 e assumindo uma nova denomina\u00e7\u00e3o social em setembro de 2024, a EGMais \u2013 Entidade Gestora de Res\u00edduos disp\u00f5e agora de uma nova sede administrativa, localizada no Parque T\u00e2mega em Bucelas, na regi\u00e3o da grande Lisboa. Rui Cabral (na foto), diretor geral da EGMais salientou \u00e0 Revista Automotive que \u201ca mudan\u00e7a de instala\u00e7\u00f5es [&hellip;]<\/p>\n","protected":false},"author":4,"featured_media":10883,"comment_status":"closed","ping_status":"open","sticky":false,"template":"","format":"standard","meta":{"jnews-multi-image_gallery":[],"jnews_single_post":{"format":"standard"},"jnews_primary_category":[],"footnotes":""},"categories":[21],"tags":[],"class_list":["post-10882","post","type-post","status-publish","format-standard","has-post-thumbnail","hentry","category-pos-venda"],"yoast_head":"<!-- This site is optimized with the Yoast SEO Premium plugin v27.5 (Yoast SEO v27.5) - https:\/\/yoast.com\/product\/yoast-seo-premium-wordpress\/ -->\n<title>EGMais com nova sede e mais presente no mercado - Revista Automotive<\/title>\n<meta name=\"description\" content=\"Constitu\u00edda em 2009 e assumindo uma nova denomina\u00e7\u00e3o social em setembro de 2024, a EGMais \u2013 Entidade Gestora de Res\u00edduos disp\u00f5e agora de uma n\" \/>\n<meta name=\"robots\" content=\"index, follow, max-snippet:-1, max-image-preview:large, max-video-preview:-1\" \/>\n<link rel=\"canonical\" href=\"https:\/\/automotiverevista.pt\/index.php\/2025\/09\/03\/egmais-com-nova-sede-e-mais-presente-no-mercado\/\" \/>\n<meta property=\"og:locale\" content=\"pt_PT\" \/>\n<meta property=\"og:type\" content=\"article\" \/>\n<meta property=\"og:title\" content=\"EGMais com nova sede e mais presente no mercado\" \/>\n<meta property=\"og:description\" content=\"Constitu\u00edda em 2009 e assumindo uma nova denomina\u00e7\u00e3o social em setembro de 2024, a EGMais \u2013 Entidade Gestora de Res\u00edduos disp\u00f5e agora de uma n\" \/>\n<meta property=\"og:url\" content=\"https:\/\/automotiverevista.pt\/index.php\/2025\/09\/03\/egmais-com-nova-sede-e-mais-presente-no-mercado\/\" \/>\n<meta property=\"og:site_name\" content=\"Revista Automotive\" \/>\n<meta property=\"article:published_time\" content=\"2025-09-03T16:50:01+00:00\" \/>\n<meta property=\"article:modified_time\" content=\"2025-09-03T16:50:04+00:00\" \/>\n<meta property=\"og:image\" content=\"https:\/\/automotiverevista.pt\/wp-content\/uploads\/2025\/09\/1.jpg\" \/>\n\t<meta property=\"og:image:width\" content=\"1400\" \/>\n\t<meta property=\"og:image:height\" content=\"1050\" \/>\n\t<meta property=\"og:image:type\" content=\"image\/jpeg\" \/>\n<meta name=\"author\" content=\"Fatima Silva\" \/>\n<meta name=\"twitter:card\" content=\"summary_large_image\" \/>\n<meta name=\"twitter:label1\" content=\"Escrito por\" \/>\n\t<meta name=\"twitter:data1\" content=\"Fatima Silva\" \/>\n\t<meta name=\"twitter:label2\" content=\"Tempo estimado de leitura\" \/>\n\t<meta name=\"twitter:data2\" content=\"3 minutos\" \/>\n<script type=\"application\/ld+json\" class=\"yoast-schema-graph\">{\"@context\":\"https:\\\/\\\/schema.org\",\"@graph\":[{\"@type\":\"Article\",\"@id\":\"https:\\\/\\\/automotiverevista.pt\\\/index.php\\\/2025\\\/09\\\/03\\\/egmais-com-nova-sede-e-mais-presente-no-mercado\\\/#article\",\"isPartOf\":{\"@id\":\"https:\\\/\\\/automotiverevista.pt\\\/index.php\\\/2025\\\/09\\\/03\\\/egmais-com-nova-sede-e-mais-presente-no-mercado\\\/\"},\"author\":{\"name\":\"Fatima Silva\",\"@id\":\"https:\\\/\\\/automotiverevista.pt\\\/#\\\/schema\\\/person\\\/1e95eb12553b8edd256acb00fe6dad4b\"},\"headline\":\"EGMais com nova sede e mais presente no mercado\",\"datePublished\":\"2025-09-03T16:50:01+00:00\",\"dateModified\":\"2025-09-03T16:50:04+00:00\",\"mainEntityOfPage\":{\"@id\":\"https:\\\/\\\/automotiverevista.pt\\\/index.php\\\/2025\\\/09\\\/03\\\/egmais-com-nova-sede-e-mais-presente-no-mercado\\\/\"},\"wordCount\":419,\"publisher\":{\"@id\":\"https:\\\/\\\/automotiverevista.pt\\\/#organization\"},\"image\":{\"@id\":\"https:\\\/\\\/automotiverevista.pt\\\/index.php\\\/2025\\\/09\\\/03\\\/egmais-com-nova-sede-e-mais-presente-no-mercado\\\/#primaryimage\"},\"thumbnailUrl\":\"https:\\\/\\\/automotiverevista.pt\\\/wp-content\\\/uploads\\\/2025\\\/09\\\/1.jpg\",\"articleSection\":[\"P\u00f3s-Venda\"],\"inLanguage\":\"pt-PT\"},{\"@type\":\"WebPage\",\"@id\":\"https:\\\/\\\/automotiverevista.pt\\\/index.php\\\/2025\\\/09\\\/03\\\/egmais-com-nova-sede-e-mais-presente-no-mercado\\\/\",\"url\":\"https:\\\/\\\/automotiverevista.pt\\\/index.php\\\/2025\\\/09\\\/03\\\/egmais-com-nova-sede-e-mais-presente-no-mercado\\\/\",\"name\":\"EGMais com nova sede e mais presente no mercado - Revista Automotive\",\"isPartOf\":{\"@id\":\"https:\\\/\\\/automotiverevista.pt\\\/#website\"},\"primaryImageOfPage\":{\"@id\":\"https:\\\/\\\/automotiverevista.pt\\\/index.php\\\/2025\\\/09\\\/03\\\/egmais-com-nova-sede-e-mais-presente-no-mercado\\\/#primaryimage\"},\"image\":{\"@id\":\"https:\\\/\\\/automotiverevista.pt\\\/index.php\\\/2025\\\/09\\\/03\\\/egmais-com-nova-sede-e-mais-presente-no-mercado\\\/#primaryimage\"},\"thumbnailUrl\":\"https:\\\/\\\/automotiverevista.pt\\\/wp-content\\\/uploads\\\/2025\\\/09\\\/1.jpg\",\"datePublished\":\"2025-09-03T16:50:01+00:00\",\"dateModified\":\"2025-09-03T16:50:04+00:00\",\"description\":\"Constitu\u00edda em 2009 e assumindo uma nova denomina\u00e7\u00e3o social em setembro de 2024, a EGMais \u2013 Entidade Gestora de Res\u00edduos disp\u00f5e agora de uma n\",\"breadcrumb\":{\"@id\":\"https:\\\/\\\/automotiverevista.pt\\\/index.php\\\/2025\\\/09\\\/03\\\/egmais-com-nova-sede-e-mais-presente-no-mercado\\\/#breadcrumb\"},\"inLanguage\":\"pt-PT\",\"potentialAction\":[{\"@type\":\"ReadAction\",\"target\":[\"https:\\\/\\\/automotiverevista.pt\\\/index.php\\\/2025\\\/09\\\/03\\\/egmais-com-nova-sede-e-mais-presente-no-mercado\\\/\"]}]},{\"@type\":\"ImageObject\",\"inLanguage\":\"pt-PT\",\"@id\":\"https:\\\/\\\/automotiverevista.pt\\\/index.php\\\/2025\\\/09\\\/03\\\/egmais-com-nova-sede-e-mais-presente-no-mercado\\\/#primaryimage\",\"url\":\"https:\\\/\\\/automotiverevista.pt\\\/wp-content\\\/uploads\\\/2025\\\/09\\\/1.jpg\",\"contentUrl\":\"https:\\\/\\\/automotiverevista.pt\\\/wp-content\\\/uploads\\\/2025\\\/09\\\/1.jpg\",\"width\":1400,\"height\":1050},{\"@type\":\"BreadcrumbList\",\"@id\":\"https:\\\/\\\/automotiverevista.pt\\\/index.php\\\/2025\\\/09\\\/03\\\/egmais-com-nova-sede-e-mais-presente-no-mercado\\\/#breadcrumb\",\"itemListElement\":[{\"@type\":\"ListItem\",\"position\":1,\"name\":\"Home\",\"item\":\"https:\\\/\\\/automotiverevista.pt\\\/\"},{\"@type\":\"ListItem\",\"position\":2,\"name\":\"EGMais com nova sede e mais presente no mercado\"}]},{\"@type\":\"WebSite\",\"@id\":\"https:\\\/\\\/automotiverevista.pt\\\/#website\",\"url\":\"https:\\\/\\\/automotiverevista.pt\\\/\",\"name\":\"Revista Automotive\",\"description\":\"Revista Automotive Portugal\",\"publisher\":{\"@id\":\"https:\\\/\\\/automotiverevista.pt\\\/#organization\"},\"potentialAction\":[{\"@type\":\"SearchAction\",\"target\":{\"@type\":\"EntryPoint\",\"urlTemplate\":\"https:\\\/\\\/automotiverevista.pt\\\/?s={search_term_string}\"},\"query-input\":{\"@type\":\"PropertyValueSpecification\",\"valueRequired\":true,\"valueName\":\"search_term_string\"}}],\"inLanguage\":\"pt-PT\"},{\"@type\":\"Organization\",\"@id\":\"https:\\\/\\\/automotiverevista.pt\\\/#organization\",\"name\":\"Revista Automotive Portugal\",\"url\":\"https:\\\/\\\/automotiverevista.pt\\\/\",\"logo\":{\"@type\":\"ImageObject\",\"inLanguage\":\"pt-PT\",\"@id\":\"https:\\\/\\\/automotiverevista.pt\\\/#\\\/schema\\\/logo\\\/image\\\/\",\"url\":\"https:\\\/\\\/automotiverevista.pt\\\/wp-content\\\/uploads\\\/2022\\\/07\\\/Logo-Automotive-2021_500-1.jpg\",\"contentUrl\":\"https:\\\/\\\/automotiverevista.pt\\\/wp-content\\\/uploads\\\/2022\\\/07\\\/Logo-Automotive-2021_500-1.jpg\",\"width\":500,\"height\":160,\"caption\":\"Revista Automotive Portugal\"},\"image\":{\"@id\":\"https:\\\/\\\/automotiverevista.pt\\\/#\\\/schema\\\/logo\\\/image\\\/\"},\"sameAs\":[\"https:\\\/\\\/linkedin.com\\\/in\\\/automotiverevista\"]},{\"@type\":\"Person\",\"@id\":\"https:\\\/\\\/automotiverevista.pt\\\/#\\\/schema\\\/person\\\/1e95eb12553b8edd256acb00fe6dad4b\",\"name\":\"Fatima Silva\",\"image\":{\"@type\":\"ImageObject\",\"inLanguage\":\"pt-PT\",\"@id\":\"https:\\\/\\\/secure.gravatar.com\\\/avatar\\\/4b4a955a9c1b66708ab0dd3bd6181ac1f650299d893bd337a28482f7f19c8511?s=96&d=mm&r=g\",\"url\":\"https:\\\/\\\/secure.gravatar.com\\\/avatar\\\/4b4a955a9c1b66708ab0dd3bd6181ac1f650299d893bd337a28482f7f19c8511?s=96&d=mm&r=g\",\"contentUrl\":\"https:\\\/\\\/secure.gravatar.com\\\/avatar\\\/4b4a955a9c1b66708ab0dd3bd6181ac1f650299d893bd337a28482f7f19c8511?s=96&d=mm&r=g\",\"caption\":\"Fatima Silva\"},\"url\":\"https:\\\/\\\/automotiverevista.pt\\\/index.php\\\/author\\\/fgasparsilva\\\/\"}]}<\/script>\n<!-- \/ Yoast SEO Premium plugin. -->","yoast_head_json":{"title":"EGMais com nova sede e mais presente no mercado - Revista Automotive","description":"Constitu\u00edda em 2009 e assumindo uma nova denomina\u00e7\u00e3o social em setembro de 2024, a EGMais \u2013 Entidade Gestora de Res\u00edduos disp\u00f5e agora de uma n","robots":{"index":"index","follow":"follow","max-snippet":"max-snippet:-1","max-image-preview":"max-image-preview:large","max-video-preview":"max-video-preview:-1"},"canonical":"https:\/\/automotiverevista.pt\/index.php\/2025\/09\/03\/egmais-com-nova-sede-e-mais-presente-no-mercado\/","og_locale":"pt_PT","og_type":"article","og_title":"EGMais com nova sede e mais presente no mercado","og_description":"Constitu\u00edda em 2009 e assumindo uma nova denomina\u00e7\u00e3o social em setembro de 2024, a EGMais \u2013 Entidade Gestora de Res\u00edduos disp\u00f5e agora de uma n","og_url":"https:\/\/automotiverevista.pt\/index.php\/2025\/09\/03\/egmais-com-nova-sede-e-mais-presente-no-mercado\/","og_site_name":"Revista Automotive","article_published_time":"2025-09-03T16:50:01+00:00","article_modified_time":"2025-09-03T16:50:04+00:00","og_image":[{"width":1400,"height":1050,"url":"https:\/\/automotiverevista.pt\/wp-content\/uploads\/2025\/09\/1.jpg","type":"image\/jpeg"}],"author":"Fatima Silva","twitter_card":"summary_large_image","twitter_misc":{"Escrito por":"Fatima Silva","Tempo estimado de leitura":"3 minutos"},"schema":{"@context":"https:\/\/schema.org","@graph":[{"@type":"Article","@id":"https:\/\/automotiverevista.pt\/index.php\/2025\/09\/03\/egmais-com-nova-sede-e-mais-presente-no-mercado\/#article","isPartOf":{"@id":"https:\/\/automotiverevista.pt\/index.php\/2025\/09\/03\/egmais-com-nova-sede-e-mais-presente-no-mercado\/"},"author":{"name":"Fatima Silva","@id":"https:\/\/automotiverevista.pt\/#\/schema\/person\/1e95eb12553b8edd256acb00fe6dad4b"},"headline":"EGMais com nova sede e mais presente no mercado","datePublished":"2025-09-03T16:50:01+00:00","dateModified":"2025-09-03T16:50:04+00:00","mainEntityOfPage":{"@id":"https:\/\/automotiverevista.pt\/index.php\/2025\/09\/03\/egmais-com-nova-sede-e-mais-presente-no-mercado\/"},"wordCount":419,"publisher":{"@id":"https:\/\/automotiverevista.pt\/#organization"},"image":{"@id":"https:\/\/automotiverevista.pt\/index.php\/2025\/09\/03\/egmais-com-nova-sede-e-mais-presente-no-mercado\/#primaryimage"},"thumbnailUrl":"https:\/\/automotiverevista.pt\/wp-content\/uploads\/2025\/09\/1.jpg","articleSection":["P\u00f3s-Venda"],"inLanguage":"pt-PT"},{"@type":"WebPage","@id":"https:\/\/automotiverevista.pt\/index.php\/2025\/09\/03\/egmais-com-nova-sede-e-mais-presente-no-mercado\/","url":"https:\/\/automotiverevista.pt\/index.php\/2025\/09\/03\/egmais-com-nova-sede-e-mais-presente-no-mercado\/","name":"EGMais com nova sede e mais presente no mercado - Revista Automotive","isPartOf":{"@id":"https:\/\/automotiverevista.pt\/#website"},"primaryImageOfPage":{"@id":"https:\/\/automotiverevista.pt\/index.php\/2025\/09\/03\/egmais-com-nova-sede-e-mais-presente-no-mercado\/#primaryimage"},"image":{"@id":"https:\/\/automotiverevista.pt\/index.php\/2025\/09\/03\/egmais-com-nova-sede-e-mais-presente-no-mercado\/#primaryimage"},"thumbnailUrl":"https:\/\/automotiverevista.pt\/wp-content\/uploads\/2025\/09\/1.jpg","datePublished":"2025-09-03T16:50:01+00:00","dateModified":"2025-09-03T16:50:04+00:00","description":"Constitu\u00edda em 2009 e assumindo uma nova denomina\u00e7\u00e3o social em setembro de 2024, a EGMais \u2013 Entidade Gestora de Res\u00edduos disp\u00f5e agora de uma n","breadcrumb":{"@id":"https:\/\/automotiverevista.pt\/index.php\/2025\/09\/03\/egmais-com-nova-sede-e-mais-presente-no-mercado\/#breadcrumb"},"inLanguage":"pt-PT","potentialAction":[{"@type":"ReadAction","target":["https:\/\/automotiverevista.pt\/index.php\/2025\/09\/03\/egmais-com-nova-sede-e-mais-presente-no-mercado\/"]}]},{"@type":"ImageObject","inLanguage":"pt-PT","@id":"https:\/\/automotiverevista.pt\/index.php\/2025\/09\/03\/egmais-com-nova-sede-e-mais-presente-no-mercado\/#primaryimage","url":"https:\/\/automotiverevista.pt\/wp-content\/uploads\/2025\/09\/1.jpg","contentUrl":"https:\/\/automotiverevista.pt\/wp-content\/uploads\/2025\/09\/1.jpg","width":1400,"height":1050},{"@type":"BreadcrumbList","@id":"https:\/\/automotiverevista.pt\/index.php\/2025\/09\/03\/egmais-com-nova-sede-e-mais-presente-no-mercado\/#breadcrumb","itemListElement":[{"@type":"ListItem","position":1,"name":"Home","item":"https:\/\/automotiverevista.pt\/"},{"@type":"ListItem","position":2,"name":"EGMais com nova sede e mais presente no mercado"}]},{"@type":"WebSite","@id":"https:\/\/automotiverevista.pt\/#website","url":"https:\/\/automotiverevista.pt\/","name":"Revista Automotive","description":"Revista Automotive Portugal","publisher":{"@id":"https:\/\/automotiverevista.pt\/#organization"},"potentialAction":[{"@type":"SearchAction","target":{"@type":"EntryPoint","urlTemplate":"https:\/\/automotiverevista.pt\/?s={search_term_string}"},"query-input":{"@type":"PropertyValueSpecification","valueRequired":true,"valueName":"search_term_string"}}],"inLanguage":"pt-PT"},{"@type":"Organization","@id":"https:\/\/automotiverevista.pt\/#organization","name":"Revista Automotive Portugal","url":"https:\/\/automotiverevista.pt\/","logo":{"@type":"ImageObject","inLanguage":"pt-PT","@id":"https:\/\/automotiverevista.pt\/#\/schema\/logo\/image\/","url":"https:\/\/automotiverevista.pt\/wp-content\/uploads\/2022\/07\/Logo-Automotive-2021_500-1.jpg","contentUrl":"https:\/\/automotiverevista.pt\/wp-content\/uploads\/2022\/07\/Logo-Automotive-2021_500-1.jpg","width":500,"height":160,"caption":"Revista Automotive Portugal"},"image":{"@id":"https:\/\/automotiverevista.pt\/#\/schema\/logo\/image\/"},"sameAs":["https:\/\/linkedin.com\/in\/automotiverevista"]},{"@type":"Person","@id":"https:\/\/automotiverevista.pt\/#\/schema\/person\/1e95eb12553b8edd256acb00fe6dad4b","name":"Fatima Silva","image":{"@type":"ImageObject","inLanguage":"pt-PT","@id":"https:\/\/secure.gravatar.com\/avatar\/4b4a955a9c1b66708ab0dd3bd6181ac1f650299d893bd337a28482f7f19c8511?s=96&d=mm&r=g","url":"https:\/\/secure.gravatar.com\/avatar\/4b4a955a9c1b66708ab0dd3bd6181ac1f650299d893bd337a28482f7f19c8511?s=96&d=mm&r=g","contentUrl":"https:\/\/secure.gravatar.com\/avatar\/4b4a955a9c1b66708ab0dd3bd6181ac1f650299d893bd337a28482f7f19c8511?s=96&d=mm&r=g","caption":"Fatima Silva"},"url":"https:\/\/automotiverevista.pt\/index.php\/author\/fgasparsilva\/"}]}},"_links":{"self":[{"href":"https:\/\/automotiverevista.pt\/index.php\/wp-json\/wp\/v2\/posts\/10882","targetHints":{"allow":["GET"]}}],"collection":[{"href":"https:\/\/automotiverevista.pt\/index.php\/wp-json\/wp\/v2\/posts"}],"about":[{"href":"https:\/\/automotiverevista.pt\/index.php\/wp-json\/wp\/v2\/types\/post"}],"author":[{"embeddable":true,"href":"https:\/\/automotiverevista.pt\/index.php\/wp-json\/wp\/v2\/users\/4"}],"replies":[{"embeddable":true,"href":"https:\/\/automotiverevista.pt\/index.php\/wp-json\/wp\/v2\/comments?post=10882"}],"version-history":[{"count":1,"href":"https:\/\/automotiverevista.pt\/index.php\/wp-json\/wp\/v2\/posts\/10882\/revisions"}],"predecessor-version":[{"id":10884,"href":"https:\/\/automotiverevista.pt\/index.php\/wp-json\/wp\/v2\/posts\/10882\/revisions\/10884"}],"wp:featuredmedia":[{"embeddable":true,"href":"https:\/\/automotiverevista.pt\/index.php\/wp-json\/wp\/v2\/media\/10883"}],"wp:attachment":[{"href":"https:\/\/automotiverevista.pt\/index.php\/wp-json\/wp\/v2\/media?parent=10882"}],"wp:term":[{"taxonomy":"category","embeddable":true,"href":"https:\/\/automotiverevista.pt\/index.php\/wp-json\/wp\/v2\/categories?post=10882"},{"taxonomy":"post_tag","embeddable":true,"href":"https:\/\/automotiverevista.pt\/index.php\/wp-json\/wp\/v2\/tags?post=10882"}],"curies":[{"name":"wp","href":"https:\/\/api.w.org\/{rel}","templated":true}]}}