{"id":10889,"date":"2025-09-05T09:41:37","date_gmt":"2025-09-05T09:41:37","guid":{"rendered":"https:\/\/automotiverevista.pt\/?p=10889"},"modified":"2025-09-07T17:46:28","modified_gmt":"2025-09-07T17:46:28","slug":"phinia-amplia-os-recursos-ibericos-na-delphi-com-david-nunez","status":"publish","type":"post","link":"https:\/\/automotiverevista.pt\/index.php\/2025\/09\/05\/phinia-amplia-os-recursos-ibericos-na-delphi-com-david-nunez\/","title":{"rendered":"PHINIA amplia os recursos ib\u00e9ricos na Delphi com David N\u00fa\u00f1ez"},"content":{"rendered":"\n<p>A PHINIA (detentora da marca Delphi) anunciou a incorpora\u00e7\u00e3o de David N\u00fa\u00f1ez na sua equipa espanhola e portuguesa como novo Business Development Manager Diagnostics &amp; Training .<\/p>\n\n\n\n<p>Segundo a empresa, \u201cDavid N\u00fa\u00f1ez ir\u00e1 liderar a equipa espanhola e portuguesa de Diagn\u00f3stico com o objetivo de alcan\u00e7ar um crescimento estrat\u00e9gico e rent\u00e1vel das vendas em toda a regi\u00e3o, tanto junto de clientes atuais como de novos, bem como prestar apoio \u00e0s vendas. Isto inclui impulsionar a rentabilidade financeira, definir as estrat\u00e9gias regionais e participar ativamente no est\u00edmulo das atividades de desenvolvimento de neg\u00f3cio. Entre as suas fun\u00e7\u00f5es, contam-se tamb\u00e9m dirigir, gerir, formar e desenvolver a equipa local.<\/p>\n\n\n\n<figure class=\"wp-block-image size-large is-resized\"><img decoding=\"async\" width=\"765\" height=\"1024\" src=\"https:\/\/automotiverevista.pt\/wp-content\/uploads\/2025\/09\/David-Nun\u2560aez-Business-Development-Manager-Diagnostics-Training-Phinia-Espan\u2560aa-Portugal-765x1024.jpg\" alt=\"\" class=\"wp-image-10891\" style=\"width:480px;height:auto\" srcset=\"https:\/\/automotiverevista.pt\/wp-content\/uploads\/2025\/09\/David-Nun\u2560aez-Business-Development-Manager-Diagnostics-Training-Phinia-Espan\u2560aa-Portugal-765x1024.jpg 765w, https:\/\/automotiverevista.pt\/wp-content\/uploads\/2025\/09\/David-Nun\u2560aez-Business-Development-Manager-Diagnostics-Training-Phinia-Espan\u2560aa-Portugal-224x300.jpg 224w, https:\/\/automotiverevista.pt\/wp-content\/uploads\/2025\/09\/David-Nun\u2560aez-Business-Development-Manager-Diagnostics-Training-Phinia-Espan\u2560aa-Portugal-768x1028.jpg 768w, https:\/\/automotiverevista.pt\/wp-content\/uploads\/2025\/09\/David-Nun\u2560aez-Business-Development-Manager-Diagnostics-Training-Phinia-Espan\u2560aa-Portugal-1147x1536.jpg 1147w, https:\/\/automotiverevista.pt\/wp-content\/uploads\/2025\/09\/David-Nun\u2560aez-Business-Development-Manager-Diagnostics-Training-Phinia-Espan\u2560aa-Portugal-750x1004.jpg 750w, https:\/\/automotiverevista.pt\/wp-content\/uploads\/2025\/09\/David-Nun\u2560aez-Business-Development-Manager-Diagnostics-Training-Phinia-Espan\u2560aa-Portugal-1140x1526.jpg 1140w, https:\/\/automotiverevista.pt\/wp-content\/uploads\/2025\/09\/David-Nun\u2560aez-Business-Development-Manager-Diagnostics-Training-Phinia-Espan\u2560aa-Portugal.jpg 1400w\" sizes=\"(max-width: 765px) 100vw, 765px\" \/><\/figure>\n\n\n\n<p>O novo Business Development Manager Diagnostics &amp; Training chega \u00e0 PHINIA com mais de 15 anos de experi\u00eancia na ind\u00fastria global do p\u00f3s-venda autom\u00f3vel e junta-se \u00e0 empresa vindo da HELLA, onde esteve a coordenar as forma\u00e7\u00f5es e a apoiar os grossistas no desenvolvimento do seu neg\u00f3cio com oficinas na zona centro de Espanha.<\/p>\n\n\n\n<p>Al\u00e9m disso, durante mais de sete anos, N\u00fa\u00f1ez trabalhou diretamente como t\u00e9cnico especialista com dois dos principais grossistas em Espanha\u201d refere a empesa.<\/p>\n\n\n\n<p>Em comunicado, a Delphi refere tamb\u00e9m que \u201ca sua chegada \u00e0 PHINIA contribuir\u00e1 para dinamizar a atividade no novo e moderno Centro de Forma\u00e7\u00e3o da Delphi em Espanha, promovendo junto dos clientes da empresa os cursos de forma\u00e7\u00e3o disponibilizados.<\/p>\n\n\n\n<p>A incorpora\u00e7\u00e3o de David N\u00fa\u00f1ez na PHINIA insere-se na estrat\u00e9gia cont\u00ednua da empresa de refor\u00e7ar as solu\u00e7\u00f5es para oficina e acrescentar valor aos clientes de todo o setor autom\u00f3vel\u201d conclui a PHINIA.<\/p>\n","protected":false},"excerpt":{"rendered":"<p>A PHINIA (detentora da marca Delphi) anunciou a incorpora\u00e7\u00e3o de David N\u00fa\u00f1ez na sua equipa espanhola e portuguesa como novo Business Development Manager Diagnostics &amp; Training . Segundo a empresa, \u201cDavid N\u00fa\u00f1ez ir\u00e1 liderar a equipa espanhola e portuguesa de Diagn\u00f3stico com o objetivo de alcan\u00e7ar um crescimento estrat\u00e9gico e rent\u00e1vel das vendas em toda [&hellip;]<\/p>\n","protected":false},"author":1,"featured_media":10890,"comment_status":"closed","ping_status":"open","sticky":false,"template":"","format":"standard","meta":{"jnews-multi-image_gallery":[],"jnews_single_post":{"format":"standard"},"jnews_primary_category":[],"footnotes":""},"categories":[21],"tags":[],"class_list":["post-10889","post","type-post","status-publish","format-standard","has-post-thumbnail","hentry","category-pos-venda"],"yoast_head":"<!-- This site is optimized with the Yoast SEO Premium plugin v27.2 (Yoast SEO v27.5) - https:\/\/yoast.com\/product\/yoast-seo-premium-wordpress\/ -->\n<title>PHINIA amplia os recursos ib\u00e9ricos na Delphi com David N\u00fa\u00f1ez - Revista Automotive<\/title>\n<meta name=\"description\" content=\"A PHINIA (detentora da marca Delphi) anunciou a incorpora\u00e7\u00e3o de David N\u00fa\u00f1ez na sua equipa espanhola e portuguesa como novo Business Developmen\" \/>\n<meta name=\"robots\" content=\"index, follow, max-snippet:-1, max-image-preview:large, max-video-preview:-1\" \/>\n<link rel=\"canonical\" href=\"https:\/\/automotiverevista.pt\/index.php\/2025\/09\/05\/phinia-amplia-os-recursos-ibericos-na-delphi-com-david-nunez\/\" \/>\n<meta property=\"og:locale\" content=\"pt_PT\" \/>\n<meta property=\"og:type\" content=\"article\" \/>\n<meta property=\"og:title\" content=\"PHINIA amplia os recursos ib\u00e9ricos na Delphi com David N\u00fa\u00f1ez\" \/>\n<meta property=\"og:description\" content=\"A PHINIA (detentora da marca Delphi) anunciou a incorpora\u00e7\u00e3o de David N\u00fa\u00f1ez na sua equipa espanhola e portuguesa como novo Business Developmen\" \/>\n<meta property=\"og:url\" content=\"https:\/\/automotiverevista.pt\/index.php\/2025\/09\/05\/phinia-amplia-os-recursos-ibericos-na-delphi-com-david-nunez\/\" \/>\n<meta property=\"og:site_name\" content=\"Revista Automotive\" \/>\n<meta property=\"article:published_time\" content=\"2025-09-05T09:41:37+00:00\" \/>\n<meta property=\"article:modified_time\" content=\"2025-09-07T17:46:28+00:00\" \/>\n<meta property=\"og:image\" content=\"https:\/\/automotiverevista.pt\/wp-content\/uploads\/2025\/09\/20250426_144723.jpg\" \/>\n\t<meta property=\"og:image:width\" content=\"1263\" \/>\n\t<meta property=\"og:image:height\" content=\"663\" \/>\n\t<meta property=\"og:image:type\" content=\"image\/jpeg\" \/>\n<meta name=\"author\" content=\"adminNovo\" \/>\n<meta name=\"twitter:card\" content=\"summary_large_image\" \/>\n<meta name=\"twitter:label1\" content=\"Escrito por\" \/>\n\t<meta name=\"twitter:data1\" content=\"adminNovo\" \/>\n\t<meta name=\"twitter:label2\" content=\"Tempo estimado de leitura\" \/>\n\t<meta name=\"twitter:data2\" content=\"2 minutos\" \/>\n<script type=\"application\/ld+json\" class=\"yoast-schema-graph\">{\"@context\":\"https:\\\/\\\/schema.org\",\"@graph\":[{\"@type\":\"Article\",\"@id\":\"https:\\\/\\\/automotiverevista.pt\\\/index.php\\\/2025\\\/09\\\/05\\\/phinia-amplia-os-recursos-ibericos-na-delphi-com-david-nunez\\\/#article\",\"isPartOf\":{\"@id\":\"https:\\\/\\\/automotiverevista.pt\\\/index.php\\\/2025\\\/09\\\/05\\\/phinia-amplia-os-recursos-ibericos-na-delphi-com-david-nunez\\\/\"},\"author\":{\"name\":\"adminNovo\",\"@id\":\"https:\\\/\\\/automotiverevista.pt\\\/#\\\/schema\\\/person\\\/1265858bc8c78a0f969de814da8be281\"},\"headline\":\"PHINIA amplia os recursos ib\u00e9ricos na Delphi com David N\u00fa\u00f1ez\",\"datePublished\":\"2025-09-05T09:41:37+00:00\",\"dateModified\":\"2025-09-07T17:46:28+00:00\",\"mainEntityOfPage\":{\"@id\":\"https:\\\/\\\/automotiverevista.pt\\\/index.php\\\/2025\\\/09\\\/05\\\/phinia-amplia-os-recursos-ibericos-na-delphi-com-david-nunez\\\/\"},\"wordCount\":293,\"publisher\":{\"@id\":\"https:\\\/\\\/automotiverevista.pt\\\/#organization\"},\"image\":{\"@id\":\"https:\\\/\\\/automotiverevista.pt\\\/index.php\\\/2025\\\/09\\\/05\\\/phinia-amplia-os-recursos-ibericos-na-delphi-com-david-nunez\\\/#primaryimage\"},\"thumbnailUrl\":\"https:\\\/\\\/automotiverevista.pt\\\/wp-content\\\/uploads\\\/2025\\\/09\\\/20250426_144723.jpg\",\"articleSection\":[\"P\u00f3s-Venda\"],\"inLanguage\":\"pt-PT\"},{\"@type\":\"WebPage\",\"@id\":\"https:\\\/\\\/automotiverevista.pt\\\/index.php\\\/2025\\\/09\\\/05\\\/phinia-amplia-os-recursos-ibericos-na-delphi-com-david-nunez\\\/\",\"url\":\"https:\\\/\\\/automotiverevista.pt\\\/index.php\\\/2025\\\/09\\\/05\\\/phinia-amplia-os-recursos-ibericos-na-delphi-com-david-nunez\\\/\",\"name\":\"PHINIA amplia os recursos ib\u00e9ricos na Delphi com David N\u00fa\u00f1ez - Revista Automotive\",\"isPartOf\":{\"@id\":\"https:\\\/\\\/automotiverevista.pt\\\/#website\"},\"primaryImageOfPage\":{\"@id\":\"https:\\\/\\\/automotiverevista.pt\\\/index.php\\\/2025\\\/09\\\/05\\\/phinia-amplia-os-recursos-ibericos-na-delphi-com-david-nunez\\\/#primaryimage\"},\"image\":{\"@id\":\"https:\\\/\\\/automotiverevista.pt\\\/index.php\\\/2025\\\/09\\\/05\\\/phinia-amplia-os-recursos-ibericos-na-delphi-com-david-nunez\\\/#primaryimage\"},\"thumbnailUrl\":\"https:\\\/\\\/automotiverevista.pt\\\/wp-content\\\/uploads\\\/2025\\\/09\\\/20250426_144723.jpg\",\"datePublished\":\"2025-09-05T09:41:37+00:00\",\"dateModified\":\"2025-09-07T17:46:28+00:00\",\"description\":\"A PHINIA (detentora da marca Delphi) anunciou a incorpora\u00e7\u00e3o de David N\u00fa\u00f1ez na sua equipa espanhola e portuguesa como novo Business Developmen\",\"breadcrumb\":{\"@id\":\"https:\\\/\\\/automotiverevista.pt\\\/index.php\\\/2025\\\/09\\\/05\\\/phinia-amplia-os-recursos-ibericos-na-delphi-com-david-nunez\\\/#breadcrumb\"},\"inLanguage\":\"pt-PT\",\"potentialAction\":[{\"@type\":\"ReadAction\",\"target\":[\"https:\\\/\\\/automotiverevista.pt\\\/index.php\\\/2025\\\/09\\\/05\\\/phinia-amplia-os-recursos-ibericos-na-delphi-com-david-nunez\\\/\"]}]},{\"@type\":\"ImageObject\",\"inLanguage\":\"pt-PT\",\"@id\":\"https:\\\/\\\/automotiverevista.pt\\\/index.php\\\/2025\\\/09\\\/05\\\/phinia-amplia-os-recursos-ibericos-na-delphi-com-david-nunez\\\/#primaryimage\",\"url\":\"https:\\\/\\\/automotiverevista.pt\\\/wp-content\\\/uploads\\\/2025\\\/09\\\/20250426_144723.jpg\",\"contentUrl\":\"https:\\\/\\\/automotiverevista.pt\\\/wp-content\\\/uploads\\\/2025\\\/09\\\/20250426_144723.jpg\",\"width\":1263,\"height\":663,\"caption\":\"delphi\"},{\"@type\":\"BreadcrumbList\",\"@id\":\"https:\\\/\\\/automotiverevista.pt\\\/index.php\\\/2025\\\/09\\\/05\\\/phinia-amplia-os-recursos-ibericos-na-delphi-com-david-nunez\\\/#breadcrumb\",\"itemListElement\":[{\"@type\":\"ListItem\",\"position\":1,\"name\":\"Home\",\"item\":\"https:\\\/\\\/automotiverevista.pt\\\/\"},{\"@type\":\"ListItem\",\"position\":2,\"name\":\"PHINIA amplia os recursos ib\u00e9ricos na Delphi com David N\u00fa\u00f1ez\"}]},{\"@type\":\"WebSite\",\"@id\":\"https:\\\/\\\/automotiverevista.pt\\\/#website\",\"url\":\"https:\\\/\\\/automotiverevista.pt\\\/\",\"name\":\"Revista Automotive\",\"description\":\"Revista Automotive Portugal\",\"publisher\":{\"@id\":\"https:\\\/\\\/automotiverevista.pt\\\/#organization\"},\"potentialAction\":[{\"@type\":\"SearchAction\",\"target\":{\"@type\":\"EntryPoint\",\"urlTemplate\":\"https:\\\/\\\/automotiverevista.pt\\\/?s={search_term_string}\"},\"query-input\":{\"@type\":\"PropertyValueSpecification\",\"valueRequired\":true,\"valueName\":\"search_term_string\"}}],\"inLanguage\":\"pt-PT\"},{\"@type\":\"Organization\",\"@id\":\"https:\\\/\\\/automotiverevista.pt\\\/#organization\",\"name\":\"Revista Automotive Portugal\",\"url\":\"https:\\\/\\\/automotiverevista.pt\\\/\",\"logo\":{\"@type\":\"ImageObject\",\"inLanguage\":\"pt-PT\",\"@id\":\"https:\\\/\\\/automotiverevista.pt\\\/#\\\/schema\\\/logo\\\/image\\\/\",\"url\":\"https:\\\/\\\/automotiverevista.pt\\\/wp-content\\\/uploads\\\/2022\\\/07\\\/Logo-Automotive-2021_500-1.jpg\",\"contentUrl\":\"https:\\\/\\\/automotiverevista.pt\\\/wp-content\\\/uploads\\\/2022\\\/07\\\/Logo-Automotive-2021_500-1.jpg\",\"width\":500,\"height\":160,\"caption\":\"Revista Automotive Portugal\"},\"image\":{\"@id\":\"https:\\\/\\\/automotiverevista.pt\\\/#\\\/schema\\\/logo\\\/image\\\/\"},\"sameAs\":[\"https:\\\/\\\/linkedin.com\\\/in\\\/automotiverevista\"]},{\"@type\":\"Person\",\"@id\":\"https:\\\/\\\/automotiverevista.pt\\\/#\\\/schema\\\/person\\\/1265858bc8c78a0f969de814da8be281\",\"name\":\"adminNovo\",\"image\":{\"@type\":\"ImageObject\",\"inLanguage\":\"pt-PT\",\"@id\":\"https:\\\/\\\/secure.gravatar.com\\\/avatar\\\/c606c1288dcc11eb4c709aa5136fdb962583c410f5c23c0b7bf6917c542be355?s=96&d=mm&r=g\",\"url\":\"https:\\\/\\\/secure.gravatar.com\\\/avatar\\\/c606c1288dcc11eb4c709aa5136fdb962583c410f5c23c0b7bf6917c542be355?s=96&d=mm&r=g\",\"contentUrl\":\"https:\\\/\\\/secure.gravatar.com\\\/avatar\\\/c606c1288dcc11eb4c709aa5136fdb962583c410f5c23c0b7bf6917c542be355?s=96&d=mm&r=g\",\"caption\":\"adminNovo\"},\"sameAs\":[\"https:\\\/\\\/automotiverevista.pt\"],\"url\":\"https:\\\/\\\/automotiverevista.pt\\\/index.php\\\/author\\\/adminnovo\\\/\"}]}<\/script>\n<!-- \/ Yoast SEO Premium plugin. -->","yoast_head_json":{"title":"PHINIA amplia os recursos ib\u00e9ricos na Delphi com David N\u00fa\u00f1ez - Revista Automotive","description":"A PHINIA (detentora da marca Delphi) anunciou a incorpora\u00e7\u00e3o de David N\u00fa\u00f1ez na sua equipa espanhola e portuguesa como novo Business Developmen","robots":{"index":"index","follow":"follow","max-snippet":"max-snippet:-1","max-image-preview":"max-image-preview:large","max-video-preview":"max-video-preview:-1"},"canonical":"https:\/\/automotiverevista.pt\/index.php\/2025\/09\/05\/phinia-amplia-os-recursos-ibericos-na-delphi-com-david-nunez\/","og_locale":"pt_PT","og_type":"article","og_title":"PHINIA amplia os recursos ib\u00e9ricos na Delphi com David N\u00fa\u00f1ez","og_description":"A PHINIA (detentora da marca Delphi) anunciou a incorpora\u00e7\u00e3o de David N\u00fa\u00f1ez na sua equipa espanhola e portuguesa como novo Business Developmen","og_url":"https:\/\/automotiverevista.pt\/index.php\/2025\/09\/05\/phinia-amplia-os-recursos-ibericos-na-delphi-com-david-nunez\/","og_site_name":"Revista Automotive","article_published_time":"2025-09-05T09:41:37+00:00","article_modified_time":"2025-09-07T17:46:28+00:00","og_image":[{"width":1263,"height":663,"url":"https:\/\/automotiverevista.pt\/wp-content\/uploads\/2025\/09\/20250426_144723.jpg","type":"image\/jpeg"}],"author":"adminNovo","twitter_card":"summary_large_image","twitter_misc":{"Escrito por":"adminNovo","Tempo estimado de leitura":"2 minutos"},"schema":{"@context":"https:\/\/schema.org","@graph":[{"@type":"Article","@id":"https:\/\/automotiverevista.pt\/index.php\/2025\/09\/05\/phinia-amplia-os-recursos-ibericos-na-delphi-com-david-nunez\/#article","isPartOf":{"@id":"https:\/\/automotiverevista.pt\/index.php\/2025\/09\/05\/phinia-amplia-os-recursos-ibericos-na-delphi-com-david-nunez\/"},"author":{"name":"adminNovo","@id":"https:\/\/automotiverevista.pt\/#\/schema\/person\/1265858bc8c78a0f969de814da8be281"},"headline":"PHINIA amplia os recursos ib\u00e9ricos na Delphi com David N\u00fa\u00f1ez","datePublished":"2025-09-05T09:41:37+00:00","dateModified":"2025-09-07T17:46:28+00:00","mainEntityOfPage":{"@id":"https:\/\/automotiverevista.pt\/index.php\/2025\/09\/05\/phinia-amplia-os-recursos-ibericos-na-delphi-com-david-nunez\/"},"wordCount":293,"publisher":{"@id":"https:\/\/automotiverevista.pt\/#organization"},"image":{"@id":"https:\/\/automotiverevista.pt\/index.php\/2025\/09\/05\/phinia-amplia-os-recursos-ibericos-na-delphi-com-david-nunez\/#primaryimage"},"thumbnailUrl":"https:\/\/automotiverevista.pt\/wp-content\/uploads\/2025\/09\/20250426_144723.jpg","articleSection":["P\u00f3s-Venda"],"inLanguage":"pt-PT"},{"@type":"WebPage","@id":"https:\/\/automotiverevista.pt\/index.php\/2025\/09\/05\/phinia-amplia-os-recursos-ibericos-na-delphi-com-david-nunez\/","url":"https:\/\/automotiverevista.pt\/index.php\/2025\/09\/05\/phinia-amplia-os-recursos-ibericos-na-delphi-com-david-nunez\/","name":"PHINIA amplia os recursos ib\u00e9ricos na Delphi com David N\u00fa\u00f1ez - Revista Automotive","isPartOf":{"@id":"https:\/\/automotiverevista.pt\/#website"},"primaryImageOfPage":{"@id":"https:\/\/automotiverevista.pt\/index.php\/2025\/09\/05\/phinia-amplia-os-recursos-ibericos-na-delphi-com-david-nunez\/#primaryimage"},"image":{"@id":"https:\/\/automotiverevista.pt\/index.php\/2025\/09\/05\/phinia-amplia-os-recursos-ibericos-na-delphi-com-david-nunez\/#primaryimage"},"thumbnailUrl":"https:\/\/automotiverevista.pt\/wp-content\/uploads\/2025\/09\/20250426_144723.jpg","datePublished":"2025-09-05T09:41:37+00:00","dateModified":"2025-09-07T17:46:28+00:00","description":"A PHINIA (detentora da marca Delphi) anunciou a incorpora\u00e7\u00e3o de David N\u00fa\u00f1ez na sua equipa espanhola e portuguesa como novo Business Developmen","breadcrumb":{"@id":"https:\/\/automotiverevista.pt\/index.php\/2025\/09\/05\/phinia-amplia-os-recursos-ibericos-na-delphi-com-david-nunez\/#breadcrumb"},"inLanguage":"pt-PT","potentialAction":[{"@type":"ReadAction","target":["https:\/\/automotiverevista.pt\/index.php\/2025\/09\/05\/phinia-amplia-os-recursos-ibericos-na-delphi-com-david-nunez\/"]}]},{"@type":"ImageObject","inLanguage":"pt-PT","@id":"https:\/\/automotiverevista.pt\/index.php\/2025\/09\/05\/phinia-amplia-os-recursos-ibericos-na-delphi-com-david-nunez\/#primaryimage","url":"https:\/\/automotiverevista.pt\/wp-content\/uploads\/2025\/09\/20250426_144723.jpg","contentUrl":"https:\/\/automotiverevista.pt\/wp-content\/uploads\/2025\/09\/20250426_144723.jpg","width":1263,"height":663,"caption":"delphi"},{"@type":"BreadcrumbList","@id":"https:\/\/automotiverevista.pt\/index.php\/2025\/09\/05\/phinia-amplia-os-recursos-ibericos-na-delphi-com-david-nunez\/#breadcrumb","itemListElement":[{"@type":"ListItem","position":1,"name":"Home","item":"https:\/\/automotiverevista.pt\/"},{"@type":"ListItem","position":2,"name":"PHINIA amplia os recursos ib\u00e9ricos na Delphi com David N\u00fa\u00f1ez"}]},{"@type":"WebSite","@id":"https:\/\/automotiverevista.pt\/#website","url":"https:\/\/automotiverevista.pt\/","name":"Revista Automotive","description":"Revista Automotive Portugal","publisher":{"@id":"https:\/\/automotiverevista.pt\/#organization"},"potentialAction":[{"@type":"SearchAction","target":{"@type":"EntryPoint","urlTemplate":"https:\/\/automotiverevista.pt\/?s={search_term_string}"},"query-input":{"@type":"PropertyValueSpecification","valueRequired":true,"valueName":"search_term_string"}}],"inLanguage":"pt-PT"},{"@type":"Organization","@id":"https:\/\/automotiverevista.pt\/#organization","name":"Revista Automotive Portugal","url":"https:\/\/automotiverevista.pt\/","logo":{"@type":"ImageObject","inLanguage":"pt-PT","@id":"https:\/\/automotiverevista.pt\/#\/schema\/logo\/image\/","url":"https:\/\/automotiverevista.pt\/wp-content\/uploads\/2022\/07\/Logo-Automotive-2021_500-1.jpg","contentUrl":"https:\/\/automotiverevista.pt\/wp-content\/uploads\/2022\/07\/Logo-Automotive-2021_500-1.jpg","width":500,"height":160,"caption":"Revista Automotive Portugal"},"image":{"@id":"https:\/\/automotiverevista.pt\/#\/schema\/logo\/image\/"},"sameAs":["https:\/\/linkedin.com\/in\/automotiverevista"]},{"@type":"Person","@id":"https:\/\/automotiverevista.pt\/#\/schema\/person\/1265858bc8c78a0f969de814da8be281","name":"adminNovo","image":{"@type":"ImageObject","inLanguage":"pt-PT","@id":"https:\/\/secure.gravatar.com\/avatar\/c606c1288dcc11eb4c709aa5136fdb962583c410f5c23c0b7bf6917c542be355?s=96&d=mm&r=g","url":"https:\/\/secure.gravatar.com\/avatar\/c606c1288dcc11eb4c709aa5136fdb962583c410f5c23c0b7bf6917c542be355?s=96&d=mm&r=g","contentUrl":"https:\/\/secure.gravatar.com\/avatar\/c606c1288dcc11eb4c709aa5136fdb962583c410f5c23c0b7bf6917c542be355?s=96&d=mm&r=g","caption":"adminNovo"},"sameAs":["https:\/\/automotiverevista.pt"],"url":"https:\/\/automotiverevista.pt\/index.php\/author\/adminnovo\/"}]}},"_links":{"self":[{"href":"https:\/\/automotiverevista.pt\/index.php\/wp-json\/wp\/v2\/posts\/10889","targetHints":{"allow":["GET"]}}],"collection":[{"href":"https:\/\/automotiverevista.pt\/index.php\/wp-json\/wp\/v2\/posts"}],"about":[{"href":"https:\/\/automotiverevista.pt\/index.php\/wp-json\/wp\/v2\/types\/post"}],"author":[{"embeddable":true,"href":"https:\/\/automotiverevista.pt\/index.php\/wp-json\/wp\/v2\/users\/1"}],"replies":[{"embeddable":true,"href":"https:\/\/automotiverevista.pt\/index.php\/wp-json\/wp\/v2\/comments?post=10889"}],"version-history":[{"count":1,"href":"https:\/\/automotiverevista.pt\/index.php\/wp-json\/wp\/v2\/posts\/10889\/revisions"}],"predecessor-version":[{"id":10892,"href":"https:\/\/automotiverevista.pt\/index.php\/wp-json\/wp\/v2\/posts\/10889\/revisions\/10892"}],"wp:featuredmedia":[{"embeddable":true,"href":"https:\/\/automotiverevista.pt\/index.php\/wp-json\/wp\/v2\/media\/10890"}],"wp:attachment":[{"href":"https:\/\/automotiverevista.pt\/index.php\/wp-json\/wp\/v2\/media?parent=10889"}],"wp:term":[{"taxonomy":"category","embeddable":true,"href":"https:\/\/automotiverevista.pt\/index.php\/wp-json\/wp\/v2\/categories?post=10889"},{"taxonomy":"post_tag","embeddable":true,"href":"https:\/\/automotiverevista.pt\/index.php\/wp-json\/wp\/v2\/tags?post=10889"}],"curies":[{"name":"wp","href":"https:\/\/api.w.org\/{rel}","templated":true}]}}