{"id":10898,"date":"2025-09-08T12:15:00","date_gmt":"2025-09-08T12:15:00","guid":{"rendered":"https:\/\/automotiverevista.pt\/?p=10898"},"modified":"2025-09-07T17:43:48","modified_gmt":"2025-09-07T17:43:48","slug":"a-daf-apresenta-serie-xb-com-carrocarias-paccar-de-fabrica","status":"publish","type":"post","link":"https:\/\/automotiverevista.pt\/index.php\/2025\/09\/08\/a-daf-apresenta-serie-xb-com-carrocarias-paccar-de-fabrica\/","title":{"rendered":"A DAF apresenta s\u00e9rie XB com carro\u00e7arias PACCAR de f\u00e1brica"},"content":{"rendered":"\n<p>A DAF Trucks est\u00e1 a expandir a sua nova gera\u00e7\u00e3o da s\u00e9rie XB para incluir uma ampla gama de carro\u00e7arias PACCAR instaladas de f\u00e1brica. Essas superestruturas de alta qualidade foram projetadas internamente para garantir uma integra\u00e7\u00e3o perfeita com os cami\u00f5es DAF para distribui\u00e7\u00e3o urbana e regional. Permitindo assim, prazos de entrega mais curtos e um equil\u00edbrio perfeito entre carro\u00e7aria e o chassi, o que melhora o programa geral de efici\u00eancia de transporte da DAF. Todos os ve\u00edculos PACCAR s\u00e3o montados numa linha de produ\u00e7\u00e3o dedicada nas instala\u00e7\u00f5es da DAF em Leyland, garantindo qualidade e confiabilidade.<\/p>\n\n\n\n<p><strong>Programa de carro\u00e7arias<\/strong><\/p>\n\n\n\n<p>As carro\u00e7arias PACCAR de f\u00e1brica, inclui caixas fechadas, lona lateral e variantes <em>Aerobody<\/em>, com in\u00fameras op\u00e7\u00f5es de comprimento, altura, largura, ilumina\u00e7\u00e3o, plataformas elevat\u00f3rias traseiras e muito mais. Todas essas variantes est\u00e3o dispon\u00edveis para os chassis de 10t, 12 t e 18 t da s\u00e9rie DAF XB.<\/p>\n\n\n\n<p><strong>Solu\u00e7\u00e3o integral<\/strong><\/p>\n\n\n\n<p>A Nova Gera\u00e7\u00e3o DAF S\u00e9rie XB destaca-se na sua classe ao combinar conforto do condutor e efici\u00eancia de combust\u00edvel; com um chassis robusto de 7,5 a 19 toneladas. Com recursos de seguran\u00e7a, cabine diurna ergon\u00f4mica, cabine diurna estendida ou cabine-cama e uma ampla gama de op\u00e7\u00f5es de cadeia cinem\u00e1tica; incluindo variantes el\u00e9tricas de zero emiss\u00f5es, a s\u00e9rie XB oferece a solu\u00e7\u00e3o de transporte ideal para distribui\u00e7\u00e3o urbana e regional. A integra\u00e7\u00e3o das carro\u00e7arias PACCAR BODY no programa torna ainda mais atrativa a S\u00e9rie XB, oferecendo uma solu\u00e7\u00e3o abrangente que otimiza o tempo de atividade e a efici\u00eancia operacional.<\/p>\n\n\n\n<p><strong>Qualidade de constru\u00e7\u00e3o<\/strong><\/p>\n\n\n\n<p>&#8220;Estamos muito felizes por oferecer aos nossos clientes a op\u00e7\u00e3o de especificar um ve\u00edculo com carro\u00e7aria completa atrav\u00e9s de nossos concession\u00e1rios DAF. Esta solu\u00e7\u00e3o de carro\u00e7aria de f\u00e1brica garante uma qualidade de constru\u00e7\u00e3o excecional e uma integra\u00e7\u00e3o perfeita, bem como prazos de entrega muito curtos, permitindo aos operadores colocar os seus ve\u00edculos na estrada mais rapidamente e com a m\u00e1xima fiabilidade. \u00c9 um exemplo perfeito de como a DAF continua a inovar para ajudar os seus clientes a melhorar sua efici\u00eancia operacional&#8221;, diz Bart Bosmans, membro do Conselho de Administra\u00e7\u00e3o da DAF Respons\u00e1vel de Marketing e Vendas.<\/p>\n\n\n<div class=\"wp-block-image\">\n<figure class=\"aligncenter size-large is-resized\"><img decoding=\"async\" width=\"1400\" height=\"632\" src=\"https:\/\/automotiverevista.pt\/wp-content\/uploads\/2025\/09\/2-1024x462.jpg\" alt=\"\" class=\"wp-image-10900\" style=\"width:853px;height:auto\" srcset=\"https:\/\/automotiverevista.pt\/wp-content\/uploads\/2025\/09\/2-1024x462.jpg 1024w, https:\/\/automotiverevista.pt\/wp-content\/uploads\/2025\/09\/2-300x135.jpg 300w, https:\/\/automotiverevista.pt\/wp-content\/uploads\/2025\/09\/2-768x347.jpg 768w, https:\/\/automotiverevista.pt\/wp-content\/uploads\/2025\/09\/2-750x339.jpg 750w, https:\/\/automotiverevista.pt\/wp-content\/uploads\/2025\/09\/2-1140x515.jpg 1140w, https:\/\/automotiverevista.pt\/wp-content\/uploads\/2025\/09\/2.jpg 1400w\" sizes=\"(max-width: 1400px) 100vw, 1400px\" \/><\/figure>\n<\/div>\n\n\n<p><\/p>\n","protected":false},"excerpt":{"rendered":"<p>A DAF Trucks est\u00e1 a expandir a sua nova gera\u00e7\u00e3o da s\u00e9rie XB para incluir uma ampla gama de carro\u00e7arias PACCAR instaladas de f\u00e1brica. Essas superestruturas de alta qualidade foram projetadas internamente para garantir uma integra\u00e7\u00e3o perfeita com os cami\u00f5es DAF para distribui\u00e7\u00e3o urbana e regional. Permitindo assim, prazos de entrega mais curtos e um [&hellip;]<\/p>\n","protected":false},"author":4,"featured_media":10899,"comment_status":"closed","ping_status":"open","sticky":false,"template":"","format":"standard","meta":{"jnews-multi-image_gallery":[],"jnews_single_post":{"format":"standard"},"jnews_primary_category":[],"footnotes":""},"categories":[23,25],"tags":[],"class_list":["post-10898","post","type-post","status-publish","format-standard","has-post-thumbnail","hentry","category-frotas","category-pesados-e-maquinas"],"yoast_head":"<!-- This site is optimized with the Yoast SEO Premium plugin v27.2 (Yoast SEO v27.5) - https:\/\/yoast.com\/product\/yoast-seo-premium-wordpress\/ -->\n<title>A DAF apresenta s\u00e9rie XB com carro\u00e7arias PACCAR de f\u00e1brica - Revista Automotive<\/title>\n<meta name=\"description\" content=\"A DAF Trucks est\u00e1 a expandir a sua nova gera\u00e7\u00e3o da s\u00e9rie XB para incluir uma ampla gama de carro\u00e7arias PACCAR instaladas de f\u00e1brica.\" \/>\n<meta name=\"robots\" content=\"index, follow, max-snippet:-1, max-image-preview:large, max-video-preview:-1\" \/>\n<link rel=\"canonical\" href=\"https:\/\/automotiverevista.pt\/index.php\/2025\/09\/08\/a-daf-apresenta-serie-xb-com-carrocarias-paccar-de-fabrica\/\" \/>\n<meta property=\"og:locale\" content=\"pt_PT\" \/>\n<meta property=\"og:type\" content=\"article\" \/>\n<meta property=\"og:title\" content=\"A DAF apresenta s\u00e9rie XB com carro\u00e7arias PACCAR de f\u00e1brica\" \/>\n<meta property=\"og:description\" content=\"A DAF Trucks est\u00e1 a expandir a sua nova gera\u00e7\u00e3o da s\u00e9rie XB para incluir uma ampla gama de carro\u00e7arias PACCAR instaladas de f\u00e1brica.\" \/>\n<meta property=\"og:url\" content=\"https:\/\/automotiverevista.pt\/index.php\/2025\/09\/08\/a-daf-apresenta-serie-xb-com-carrocarias-paccar-de-fabrica\/\" \/>\n<meta property=\"og:site_name\" content=\"Revista Automotive\" \/>\n<meta property=\"article:published_time\" content=\"2025-09-08T12:15:00+00:00\" \/>\n<meta property=\"og:image\" content=\"https:\/\/automotiverevista.pt\/wp-content\/uploads\/2025\/09\/1-1.jpg\" \/>\n\t<meta property=\"og:image:width\" content=\"1400\" \/>\n\t<meta property=\"og:image:height\" content=\"632\" \/>\n\t<meta property=\"og:image:type\" content=\"image\/jpeg\" \/>\n<meta name=\"author\" content=\"Fatima Silva\" \/>\n<meta name=\"twitter:card\" content=\"summary_large_image\" \/>\n<meta name=\"twitter:label1\" content=\"Escrito por\" \/>\n\t<meta name=\"twitter:data1\" content=\"Fatima Silva\" \/>\n\t<meta name=\"twitter:label2\" content=\"Tempo estimado de leitura\" \/>\n\t<meta name=\"twitter:data2\" content=\"3 minutos\" \/>\n<script type=\"application\/ld+json\" class=\"yoast-schema-graph\">{\"@context\":\"https:\\\/\\\/schema.org\",\"@graph\":[{\"@type\":\"Article\",\"@id\":\"https:\\\/\\\/automotiverevista.pt\\\/index.php\\\/2025\\\/09\\\/08\\\/a-daf-apresenta-serie-xb-com-carrocarias-paccar-de-fabrica\\\/#article\",\"isPartOf\":{\"@id\":\"https:\\\/\\\/automotiverevista.pt\\\/index.php\\\/2025\\\/09\\\/08\\\/a-daf-apresenta-serie-xb-com-carrocarias-paccar-de-fabrica\\\/\"},\"author\":{\"name\":\"Fatima Silva\",\"@id\":\"https:\\\/\\\/automotiverevista.pt\\\/#\\\/schema\\\/person\\\/1e95eb12553b8edd256acb00fe6dad4b\"},\"headline\":\"A DAF apresenta s\u00e9rie XB com carro\u00e7arias PACCAR de f\u00e1brica\",\"datePublished\":\"2025-09-08T12:15:00+00:00\",\"mainEntityOfPage\":{\"@id\":\"https:\\\/\\\/automotiverevista.pt\\\/index.php\\\/2025\\\/09\\\/08\\\/a-daf-apresenta-serie-xb-com-carrocarias-paccar-de-fabrica\\\/\"},\"wordCount\":411,\"publisher\":{\"@id\":\"https:\\\/\\\/automotiverevista.pt\\\/#organization\"},\"image\":{\"@id\":\"https:\\\/\\\/automotiverevista.pt\\\/index.php\\\/2025\\\/09\\\/08\\\/a-daf-apresenta-serie-xb-com-carrocarias-paccar-de-fabrica\\\/#primaryimage\"},\"thumbnailUrl\":\"https:\\\/\\\/automotiverevista.pt\\\/wp-content\\\/uploads\\\/2025\\\/09\\\/1-1.jpg\",\"articleSection\":[\"Frotas\",\"Pesados e M\u00e1quinas\"],\"inLanguage\":\"pt-PT\"},{\"@type\":\"WebPage\",\"@id\":\"https:\\\/\\\/automotiverevista.pt\\\/index.php\\\/2025\\\/09\\\/08\\\/a-daf-apresenta-serie-xb-com-carrocarias-paccar-de-fabrica\\\/\",\"url\":\"https:\\\/\\\/automotiverevista.pt\\\/index.php\\\/2025\\\/09\\\/08\\\/a-daf-apresenta-serie-xb-com-carrocarias-paccar-de-fabrica\\\/\",\"name\":\"A DAF apresenta s\u00e9rie XB com carro\u00e7arias PACCAR de f\u00e1brica - Revista Automotive\",\"isPartOf\":{\"@id\":\"https:\\\/\\\/automotiverevista.pt\\\/#website\"},\"primaryImageOfPage\":{\"@id\":\"https:\\\/\\\/automotiverevista.pt\\\/index.php\\\/2025\\\/09\\\/08\\\/a-daf-apresenta-serie-xb-com-carrocarias-paccar-de-fabrica\\\/#primaryimage\"},\"image\":{\"@id\":\"https:\\\/\\\/automotiverevista.pt\\\/index.php\\\/2025\\\/09\\\/08\\\/a-daf-apresenta-serie-xb-com-carrocarias-paccar-de-fabrica\\\/#primaryimage\"},\"thumbnailUrl\":\"https:\\\/\\\/automotiverevista.pt\\\/wp-content\\\/uploads\\\/2025\\\/09\\\/1-1.jpg\",\"datePublished\":\"2025-09-08T12:15:00+00:00\",\"description\":\"A DAF Trucks est\u00e1 a expandir a sua nova gera\u00e7\u00e3o da s\u00e9rie XB para incluir uma ampla gama de carro\u00e7arias PACCAR instaladas de f\u00e1brica.\",\"breadcrumb\":{\"@id\":\"https:\\\/\\\/automotiverevista.pt\\\/index.php\\\/2025\\\/09\\\/08\\\/a-daf-apresenta-serie-xb-com-carrocarias-paccar-de-fabrica\\\/#breadcrumb\"},\"inLanguage\":\"pt-PT\",\"potentialAction\":[{\"@type\":\"ReadAction\",\"target\":[\"https:\\\/\\\/automotiverevista.pt\\\/index.php\\\/2025\\\/09\\\/08\\\/a-daf-apresenta-serie-xb-com-carrocarias-paccar-de-fabrica\\\/\"]}]},{\"@type\":\"ImageObject\",\"inLanguage\":\"pt-PT\",\"@id\":\"https:\\\/\\\/automotiverevista.pt\\\/index.php\\\/2025\\\/09\\\/08\\\/a-daf-apresenta-serie-xb-com-carrocarias-paccar-de-fabrica\\\/#primaryimage\",\"url\":\"https:\\\/\\\/automotiverevista.pt\\\/wp-content\\\/uploads\\\/2025\\\/09\\\/1-1.jpg\",\"contentUrl\":\"https:\\\/\\\/automotiverevista.pt\\\/wp-content\\\/uploads\\\/2025\\\/09\\\/1-1.jpg\",\"width\":1400,\"height\":632},{\"@type\":\"BreadcrumbList\",\"@id\":\"https:\\\/\\\/automotiverevista.pt\\\/index.php\\\/2025\\\/09\\\/08\\\/a-daf-apresenta-serie-xb-com-carrocarias-paccar-de-fabrica\\\/#breadcrumb\",\"itemListElement\":[{\"@type\":\"ListItem\",\"position\":1,\"name\":\"Home\",\"item\":\"https:\\\/\\\/automotiverevista.pt\\\/\"},{\"@type\":\"ListItem\",\"position\":2,\"name\":\"A DAF apresenta s\u00e9rie XB com carro\u00e7arias PACCAR de f\u00e1brica\"}]},{\"@type\":\"WebSite\",\"@id\":\"https:\\\/\\\/automotiverevista.pt\\\/#website\",\"url\":\"https:\\\/\\\/automotiverevista.pt\\\/\",\"name\":\"Revista Automotive\",\"description\":\"Revista Automotive Portugal\",\"publisher\":{\"@id\":\"https:\\\/\\\/automotiverevista.pt\\\/#organization\"},\"potentialAction\":[{\"@type\":\"SearchAction\",\"target\":{\"@type\":\"EntryPoint\",\"urlTemplate\":\"https:\\\/\\\/automotiverevista.pt\\\/?s={search_term_string}\"},\"query-input\":{\"@type\":\"PropertyValueSpecification\",\"valueRequired\":true,\"valueName\":\"search_term_string\"}}],\"inLanguage\":\"pt-PT\"},{\"@type\":\"Organization\",\"@id\":\"https:\\\/\\\/automotiverevista.pt\\\/#organization\",\"name\":\"Revista Automotive Portugal\",\"url\":\"https:\\\/\\\/automotiverevista.pt\\\/\",\"logo\":{\"@type\":\"ImageObject\",\"inLanguage\":\"pt-PT\",\"@id\":\"https:\\\/\\\/automotiverevista.pt\\\/#\\\/schema\\\/logo\\\/image\\\/\",\"url\":\"https:\\\/\\\/automotiverevista.pt\\\/wp-content\\\/uploads\\\/2022\\\/07\\\/Logo-Automotive-2021_500-1.jpg\",\"contentUrl\":\"https:\\\/\\\/automotiverevista.pt\\\/wp-content\\\/uploads\\\/2022\\\/07\\\/Logo-Automotive-2021_500-1.jpg\",\"width\":500,\"height\":160,\"caption\":\"Revista Automotive Portugal\"},\"image\":{\"@id\":\"https:\\\/\\\/automotiverevista.pt\\\/#\\\/schema\\\/logo\\\/image\\\/\"},\"sameAs\":[\"https:\\\/\\\/linkedin.com\\\/in\\\/automotiverevista\"]},{\"@type\":\"Person\",\"@id\":\"https:\\\/\\\/automotiverevista.pt\\\/#\\\/schema\\\/person\\\/1e95eb12553b8edd256acb00fe6dad4b\",\"name\":\"Fatima Silva\",\"image\":{\"@type\":\"ImageObject\",\"inLanguage\":\"pt-PT\",\"@id\":\"https:\\\/\\\/secure.gravatar.com\\\/avatar\\\/4b4a955a9c1b66708ab0dd3bd6181ac1f650299d893bd337a28482f7f19c8511?s=96&d=mm&r=g\",\"url\":\"https:\\\/\\\/secure.gravatar.com\\\/avatar\\\/4b4a955a9c1b66708ab0dd3bd6181ac1f650299d893bd337a28482f7f19c8511?s=96&d=mm&r=g\",\"contentUrl\":\"https:\\\/\\\/secure.gravatar.com\\\/avatar\\\/4b4a955a9c1b66708ab0dd3bd6181ac1f650299d893bd337a28482f7f19c8511?s=96&d=mm&r=g\",\"caption\":\"Fatima Silva\"},\"url\":\"https:\\\/\\\/automotiverevista.pt\\\/index.php\\\/author\\\/fgasparsilva\\\/\"}]}<\/script>\n<!-- \/ Yoast SEO Premium plugin. -->","yoast_head_json":{"title":"A DAF apresenta s\u00e9rie XB com carro\u00e7arias PACCAR de f\u00e1brica - Revista Automotive","description":"A DAF Trucks est\u00e1 a expandir a sua nova gera\u00e7\u00e3o da s\u00e9rie XB para incluir uma ampla gama de carro\u00e7arias PACCAR instaladas de f\u00e1brica.","robots":{"index":"index","follow":"follow","max-snippet":"max-snippet:-1","max-image-preview":"max-image-preview:large","max-video-preview":"max-video-preview:-1"},"canonical":"https:\/\/automotiverevista.pt\/index.php\/2025\/09\/08\/a-daf-apresenta-serie-xb-com-carrocarias-paccar-de-fabrica\/","og_locale":"pt_PT","og_type":"article","og_title":"A DAF apresenta s\u00e9rie XB com carro\u00e7arias PACCAR de f\u00e1brica","og_description":"A DAF Trucks est\u00e1 a expandir a sua nova gera\u00e7\u00e3o da s\u00e9rie XB para incluir uma ampla gama de carro\u00e7arias PACCAR instaladas de f\u00e1brica.","og_url":"https:\/\/automotiverevista.pt\/index.php\/2025\/09\/08\/a-daf-apresenta-serie-xb-com-carrocarias-paccar-de-fabrica\/","og_site_name":"Revista Automotive","article_published_time":"2025-09-08T12:15:00+00:00","og_image":[{"width":1400,"height":632,"url":"https:\/\/automotiverevista.pt\/wp-content\/uploads\/2025\/09\/1-1.jpg","type":"image\/jpeg"}],"author":"Fatima Silva","twitter_card":"summary_large_image","twitter_misc":{"Escrito por":"Fatima Silva","Tempo estimado de leitura":"3 minutos"},"schema":{"@context":"https:\/\/schema.org","@graph":[{"@type":"Article","@id":"https:\/\/automotiverevista.pt\/index.php\/2025\/09\/08\/a-daf-apresenta-serie-xb-com-carrocarias-paccar-de-fabrica\/#article","isPartOf":{"@id":"https:\/\/automotiverevista.pt\/index.php\/2025\/09\/08\/a-daf-apresenta-serie-xb-com-carrocarias-paccar-de-fabrica\/"},"author":{"name":"Fatima Silva","@id":"https:\/\/automotiverevista.pt\/#\/schema\/person\/1e95eb12553b8edd256acb00fe6dad4b"},"headline":"A DAF apresenta s\u00e9rie XB com carro\u00e7arias PACCAR de f\u00e1brica","datePublished":"2025-09-08T12:15:00+00:00","mainEntityOfPage":{"@id":"https:\/\/automotiverevista.pt\/index.php\/2025\/09\/08\/a-daf-apresenta-serie-xb-com-carrocarias-paccar-de-fabrica\/"},"wordCount":411,"publisher":{"@id":"https:\/\/automotiverevista.pt\/#organization"},"image":{"@id":"https:\/\/automotiverevista.pt\/index.php\/2025\/09\/08\/a-daf-apresenta-serie-xb-com-carrocarias-paccar-de-fabrica\/#primaryimage"},"thumbnailUrl":"https:\/\/automotiverevista.pt\/wp-content\/uploads\/2025\/09\/1-1.jpg","articleSection":["Frotas","Pesados e M\u00e1quinas"],"inLanguage":"pt-PT"},{"@type":"WebPage","@id":"https:\/\/automotiverevista.pt\/index.php\/2025\/09\/08\/a-daf-apresenta-serie-xb-com-carrocarias-paccar-de-fabrica\/","url":"https:\/\/automotiverevista.pt\/index.php\/2025\/09\/08\/a-daf-apresenta-serie-xb-com-carrocarias-paccar-de-fabrica\/","name":"A DAF apresenta s\u00e9rie XB com carro\u00e7arias PACCAR de f\u00e1brica - Revista Automotive","isPartOf":{"@id":"https:\/\/automotiverevista.pt\/#website"},"primaryImageOfPage":{"@id":"https:\/\/automotiverevista.pt\/index.php\/2025\/09\/08\/a-daf-apresenta-serie-xb-com-carrocarias-paccar-de-fabrica\/#primaryimage"},"image":{"@id":"https:\/\/automotiverevista.pt\/index.php\/2025\/09\/08\/a-daf-apresenta-serie-xb-com-carrocarias-paccar-de-fabrica\/#primaryimage"},"thumbnailUrl":"https:\/\/automotiverevista.pt\/wp-content\/uploads\/2025\/09\/1-1.jpg","datePublished":"2025-09-08T12:15:00+00:00","description":"A DAF Trucks est\u00e1 a expandir a sua nova gera\u00e7\u00e3o da s\u00e9rie XB para incluir uma ampla gama de carro\u00e7arias PACCAR instaladas de f\u00e1brica.","breadcrumb":{"@id":"https:\/\/automotiverevista.pt\/index.php\/2025\/09\/08\/a-daf-apresenta-serie-xb-com-carrocarias-paccar-de-fabrica\/#breadcrumb"},"inLanguage":"pt-PT","potentialAction":[{"@type":"ReadAction","target":["https:\/\/automotiverevista.pt\/index.php\/2025\/09\/08\/a-daf-apresenta-serie-xb-com-carrocarias-paccar-de-fabrica\/"]}]},{"@type":"ImageObject","inLanguage":"pt-PT","@id":"https:\/\/automotiverevista.pt\/index.php\/2025\/09\/08\/a-daf-apresenta-serie-xb-com-carrocarias-paccar-de-fabrica\/#primaryimage","url":"https:\/\/automotiverevista.pt\/wp-content\/uploads\/2025\/09\/1-1.jpg","contentUrl":"https:\/\/automotiverevista.pt\/wp-content\/uploads\/2025\/09\/1-1.jpg","width":1400,"height":632},{"@type":"BreadcrumbList","@id":"https:\/\/automotiverevista.pt\/index.php\/2025\/09\/08\/a-daf-apresenta-serie-xb-com-carrocarias-paccar-de-fabrica\/#breadcrumb","itemListElement":[{"@type":"ListItem","position":1,"name":"Home","item":"https:\/\/automotiverevista.pt\/"},{"@type":"ListItem","position":2,"name":"A DAF apresenta s\u00e9rie XB com carro\u00e7arias PACCAR de f\u00e1brica"}]},{"@type":"WebSite","@id":"https:\/\/automotiverevista.pt\/#website","url":"https:\/\/automotiverevista.pt\/","name":"Revista Automotive","description":"Revista Automotive Portugal","publisher":{"@id":"https:\/\/automotiverevista.pt\/#organization"},"potentialAction":[{"@type":"SearchAction","target":{"@type":"EntryPoint","urlTemplate":"https:\/\/automotiverevista.pt\/?s={search_term_string}"},"query-input":{"@type":"PropertyValueSpecification","valueRequired":true,"valueName":"search_term_string"}}],"inLanguage":"pt-PT"},{"@type":"Organization","@id":"https:\/\/automotiverevista.pt\/#organization","name":"Revista Automotive Portugal","url":"https:\/\/automotiverevista.pt\/","logo":{"@type":"ImageObject","inLanguage":"pt-PT","@id":"https:\/\/automotiverevista.pt\/#\/schema\/logo\/image\/","url":"https:\/\/automotiverevista.pt\/wp-content\/uploads\/2022\/07\/Logo-Automotive-2021_500-1.jpg","contentUrl":"https:\/\/automotiverevista.pt\/wp-content\/uploads\/2022\/07\/Logo-Automotive-2021_500-1.jpg","width":500,"height":160,"caption":"Revista Automotive Portugal"},"image":{"@id":"https:\/\/automotiverevista.pt\/#\/schema\/logo\/image\/"},"sameAs":["https:\/\/linkedin.com\/in\/automotiverevista"]},{"@type":"Person","@id":"https:\/\/automotiverevista.pt\/#\/schema\/person\/1e95eb12553b8edd256acb00fe6dad4b","name":"Fatima Silva","image":{"@type":"ImageObject","inLanguage":"pt-PT","@id":"https:\/\/secure.gravatar.com\/avatar\/4b4a955a9c1b66708ab0dd3bd6181ac1f650299d893bd337a28482f7f19c8511?s=96&d=mm&r=g","url":"https:\/\/secure.gravatar.com\/avatar\/4b4a955a9c1b66708ab0dd3bd6181ac1f650299d893bd337a28482f7f19c8511?s=96&d=mm&r=g","contentUrl":"https:\/\/secure.gravatar.com\/avatar\/4b4a955a9c1b66708ab0dd3bd6181ac1f650299d893bd337a28482f7f19c8511?s=96&d=mm&r=g","caption":"Fatima Silva"},"url":"https:\/\/automotiverevista.pt\/index.php\/author\/fgasparsilva\/"}]}},"_links":{"self":[{"href":"https:\/\/automotiverevista.pt\/index.php\/wp-json\/wp\/v2\/posts\/10898","targetHints":{"allow":["GET"]}}],"collection":[{"href":"https:\/\/automotiverevista.pt\/index.php\/wp-json\/wp\/v2\/posts"}],"about":[{"href":"https:\/\/automotiverevista.pt\/index.php\/wp-json\/wp\/v2\/types\/post"}],"author":[{"embeddable":true,"href":"https:\/\/automotiverevista.pt\/index.php\/wp-json\/wp\/v2\/users\/4"}],"replies":[{"embeddable":true,"href":"https:\/\/automotiverevista.pt\/index.php\/wp-json\/wp\/v2\/comments?post=10898"}],"version-history":[{"count":1,"href":"https:\/\/automotiverevista.pt\/index.php\/wp-json\/wp\/v2\/posts\/10898\/revisions"}],"predecessor-version":[{"id":10901,"href":"https:\/\/automotiverevista.pt\/index.php\/wp-json\/wp\/v2\/posts\/10898\/revisions\/10901"}],"wp:featuredmedia":[{"embeddable":true,"href":"https:\/\/automotiverevista.pt\/index.php\/wp-json\/wp\/v2\/media\/10899"}],"wp:attachment":[{"href":"https:\/\/automotiverevista.pt\/index.php\/wp-json\/wp\/v2\/media?parent=10898"}],"wp:term":[{"taxonomy":"category","embeddable":true,"href":"https:\/\/automotiverevista.pt\/index.php\/wp-json\/wp\/v2\/categories?post=10898"},{"taxonomy":"post_tag","embeddable":true,"href":"https:\/\/automotiverevista.pt\/index.php\/wp-json\/wp\/v2\/tags?post=10898"}],"curies":[{"name":"wp","href":"https:\/\/api.w.org\/{rel}","templated":true}]}}