{"id":10914,"date":"2025-09-11T15:25:00","date_gmt":"2025-09-11T15:25:00","guid":{"rendered":"https:\/\/automotiverevista.pt\/?p=10914"},"modified":"2025-09-07T19:26:55","modified_gmt":"2025-09-07T19:26:55","slug":"camira-apresenta-na-busworld-assentos-feitos-de-plastico-marinho-reciclado","status":"publish","type":"post","link":"https:\/\/automotiverevista.pt\/index.php\/2025\/09\/11\/camira-apresenta-na-busworld-assentos-feitos-de-plastico-marinho-reciclado\/","title":{"rendered":"Camira apresenta na Busworld assentos feitos de pl\u00e1stico marinho reciclado"},"content":{"rendered":"\n<p>O fabricante internacional de t\u00eaxteis para transporte, Camira, vai revelar uma importante inova\u00e7\u00e3o em sustentabilidade no <a href=\"https:\/\/automotiverevista.pt\/index.php\/2025\/08\/18\/busworld-2025-bruxelas-reune-as-tendencias-do-setor\/\">sal\u00e3o Busworld 2025 em Bruxelas<\/a>, apresentando os primeiros tecidos interiores da ind\u00fastria dos Seaqual produzidos a partir de res\u00edduos pl\u00e1sticos marinhos, denominados Seaqual Collection<\/p>\n\n\n\n<p>Produzidos a partir de res\u00edduos pl\u00e1sticos recuperados dos oceanos, rios e zonas costeiras, cada metro da Seaqual Collection cont\u00e9m o equivalente a at\u00e9 35 garrafas de pl\u00e1stico. O interior totalmente estofado de um autocarro pode desviar mais de 2.400 garrafas dos ecossistemas marinhos.<\/p>\n\n\n\n<p>Desenvolvida em parceria com a Seaqual Initiative, uma comunidade global \u00fanica que transforma lixo marinho em solu\u00e7\u00f5es t\u00eaxteis, a Seaqual Collection apresenta dois tecidos leves e de tecelagem plana.<\/p>\n\n\n\n<figure class=\"wp-block-image size-large is-resized\"><img decoding=\"async\" width=\"1024\" height=\"658\" src=\"https:\/\/automotiverevista.pt\/wp-content\/uploads\/2025\/09\/image006-1024x658.jpg\" alt=\"\" class=\"wp-image-10916\" style=\"width:870px;height:auto\" srcset=\"https:\/\/automotiverevista.pt\/wp-content\/uploads\/2025\/09\/image006-1024x658.jpg 1024w, https:\/\/automotiverevista.pt\/wp-content\/uploads\/2025\/09\/image006-300x193.jpg 300w, https:\/\/automotiverevista.pt\/wp-content\/uploads\/2025\/09\/image006-768x494.jpg 768w, https:\/\/automotiverevista.pt\/wp-content\/uploads\/2025\/09\/image006-750x482.jpg 750w, https:\/\/automotiverevista.pt\/wp-content\/uploads\/2025\/09\/image006.jpg 1061w\" sizes=\"(max-width: 1024px) 100vw, 1024px\" \/><\/figure>\n\n\n\n<p>A empresa afirma que a cole\u00e7\u00e3o \u00e9 42% mais leve do que os tecidos de l\u00e3 tradicionais para transporte e supera os 100.000 ciclos Martindale, demonstrando uma durabilidade excecional. A cole\u00e7\u00e3o utiliza ainda a tecnologia Eco FR, patente pendente da Camira, um revestimento sustent\u00e1vel, sem halog\u00e9nios e retardador de chama.<\/p>\n\n\n\n<figure class=\"wp-block-image size-full is-resized\"><img decoding=\"async\" width=\"800\" height=\"800\" src=\"https:\/\/automotiverevista.pt\/wp-content\/uploads\/2025\/09\/1647257898495.jpg\" alt=\"\" class=\"wp-image-10917\" style=\"width:451px;height:auto\" srcset=\"https:\/\/automotiverevista.pt\/wp-content\/uploads\/2025\/09\/1647257898495.jpg 800w, https:\/\/automotiverevista.pt\/wp-content\/uploads\/2025\/09\/1647257898495-300x300.jpg 300w, https:\/\/automotiverevista.pt\/wp-content\/uploads\/2025\/09\/1647257898495-150x150.jpg 150w, https:\/\/automotiverevista.pt\/wp-content\/uploads\/2025\/09\/1647257898495-768x768.jpg 768w, https:\/\/automotiverevista.pt\/wp-content\/uploads\/2025\/09\/1647257898495-75x75.jpg 75w, https:\/\/automotiverevista.pt\/wp-content\/uploads\/2025\/09\/1647257898495-350x350.jpg 350w, https:\/\/automotiverevista.pt\/wp-content\/uploads\/2025\/09\/1647257898495-750x750.jpg 750w\" sizes=\"(max-width: 800px) 100vw, 800px\" \/><\/figure>\n\n\n\n<p><strong>Ciara Crossan<\/strong>, Diretora Criativa de Transportes da Camira, afirmou que:<br>\u201cA Busworld \u00e9 a<a href=\"https:\/\/automotiverevista.pt\/index.php\/2025\/08\/18\/busworld-2025-bruxelas-reune-as-tendencias-do-setor\/\"> oportunidade perfeita <\/a>para mostrarmos como estamos a transformar um dos materiais de desperd\u00edcio mais resistentes do mundo num tecido t\u00e3o fluido quanto as ondas que o inspiraram. A Seaqual Collection oferece aos operadores uma solu\u00e7\u00e3o t\u00eaxtil sustent\u00e1vel sem comprometer o desempenho ou o estilo.\u201d<\/p>\n\n\n\n<p>Na segunda-feira, 8 de outubro de 2025, na Busworld, a Camira contar\u00e1 com a presen\u00e7a de Francois Devy, Diretor-Geral da Seaqual, para partilhar a hist\u00f3ria da SEAQUAL e realizar uma breve sess\u00e3o de perguntas e respostas.<\/p>\n\n\n\n<p>Francois Devy comentou:<br>\u201cAo contr\u00e1rio de muitos tecidos reciclados que utilizam pl\u00e1stico recolhido em terra, a Seaqual foca-se nos res\u00edduos que j\u00e1 est\u00e3o a danificar os ecossistemas marinhos. Isto gera um impacto ambiental mais significativo, enquanto apoia as comunidades locais. Estamos extremamente entusiasmados por apoiar a Camira na Busworld para apresentar uma inova\u00e7\u00e3o para a ind\u00fastria.\u201d<\/p>\n\n\n\n<figure class=\"wp-block-image size-full\"><img decoding=\"async\" width=\"700\" height=\"400\" src=\"https:\/\/automotiverevista.pt\/wp-content\/uploads\/2025\/09\/Camira-Soft-Graduations-hero-image-web.jpg\" alt=\"\" class=\"wp-image-10918\" srcset=\"https:\/\/automotiverevista.pt\/wp-content\/uploads\/2025\/09\/Camira-Soft-Graduations-hero-image-web.jpg 700w, https:\/\/automotiverevista.pt\/wp-content\/uploads\/2025\/09\/Camira-Soft-Graduations-hero-image-web-300x171.jpg 300w\" sizes=\"(max-width: 700px) 100vw, 700px\" \/><\/figure>\n","protected":false},"excerpt":{"rendered":"<p>O fabricante internacional de t\u00eaxteis para transporte, Camira, vai revelar uma importante inova\u00e7\u00e3o em sustentabilidade no sal\u00e3o Busworld 2025 em Bruxelas, apresentando os primeiros tecidos interiores da ind\u00fastria dos Seaqual produzidos a partir de res\u00edduos pl\u00e1sticos marinhos, denominados Seaqual Collection Produzidos a partir de res\u00edduos pl\u00e1sticos recuperados dos oceanos, rios e zonas costeiras, cada metro [&hellip;]<\/p>\n","protected":false},"author":1,"featured_media":10915,"comment_status":"closed","ping_status":"open","sticky":false,"template":"","format":"standard","meta":{"jnews-multi-image_gallery":[],"jnews_single_post":{"format":"standard"},"jnews_primary_category":[],"footnotes":""},"categories":[25],"tags":[],"class_list":["post-10914","post","type-post","status-publish","format-standard","has-post-thumbnail","hentry","category-pesados-e-maquinas"],"yoast_head":"<!-- This site is optimized with the Yoast SEO Premium plugin v27.2 (Yoast SEO v27.5) - https:\/\/yoast.com\/product\/yoast-seo-premium-wordpress\/ -->\n<title>Camira apresenta na Busworld assentos feitos de pl\u00e1stico marinho reciclado - Revista Automotive<\/title>\n<meta name=\"robots\" content=\"index, follow, max-snippet:-1, max-image-preview:large, max-video-preview:-1\" \/>\n<link rel=\"canonical\" href=\"https:\/\/automotiverevista.pt\/index.php\/2025\/09\/11\/camira-apresenta-na-busworld-assentos-feitos-de-plastico-marinho-reciclado\/\" \/>\n<meta property=\"og:locale\" content=\"pt_PT\" \/>\n<meta property=\"og:type\" content=\"article\" \/>\n<meta property=\"og:title\" content=\"Camira apresenta na Busworld assentos feitos de pl\u00e1stico marinho reciclado\" \/>\n<meta property=\"og:description\" content=\"O fabricante internacional de t\u00eaxteis para transporte, Camira, vai revelar uma importante inova\u00e7\u00e3o em sustentabilidade no sal\u00e3o Busworld 2025 em Bruxelas, apresentando os primeiros tecidos interiores da ind\u00fastria dos Seaqual produzidos a partir de res\u00edduos pl\u00e1sticos marinhos, denominados Seaqual Collection Produzidos a partir de res\u00edduos pl\u00e1sticos recuperados dos oceanos, rios e zonas costeiras, cada metro [&hellip;]\" \/>\n<meta property=\"og:url\" content=\"https:\/\/automotiverevista.pt\/index.php\/2025\/09\/11\/camira-apresenta-na-busworld-assentos-feitos-de-plastico-marinho-reciclado\/\" \/>\n<meta property=\"og:site_name\" content=\"Revista Automotive\" \/>\n<meta property=\"article:published_time\" content=\"2025-09-11T15:25:00+00:00\" \/>\n<meta property=\"og:image\" content=\"https:\/\/automotiverevista.pt\/wp-content\/uploads\/2025\/09\/Camira-Colour-Experience-hero-image-feature.jpg\" \/>\n\t<meta property=\"og:image:width\" content=\"1600\" \/>\n\t<meta property=\"og:image:height\" content=\"960\" \/>\n\t<meta property=\"og:image:type\" content=\"image\/jpeg\" \/>\n<meta name=\"author\" content=\"adminNovo\" \/>\n<meta name=\"twitter:card\" content=\"summary_large_image\" \/>\n<meta name=\"twitter:label1\" content=\"Escrito por\" \/>\n\t<meta name=\"twitter:data1\" content=\"adminNovo\" \/>\n\t<meta name=\"twitter:label2\" content=\"Tempo estimado de leitura\" \/>\n\t<meta name=\"twitter:data2\" content=\"3 minutos\" \/>\n<script type=\"application\/ld+json\" class=\"yoast-schema-graph\">{\"@context\":\"https:\\\/\\\/schema.org\",\"@graph\":[{\"@type\":\"Article\",\"@id\":\"https:\\\/\\\/automotiverevista.pt\\\/index.php\\\/2025\\\/09\\\/11\\\/camira-apresenta-na-busworld-assentos-feitos-de-plastico-marinho-reciclado\\\/#article\",\"isPartOf\":{\"@id\":\"https:\\\/\\\/automotiverevista.pt\\\/index.php\\\/2025\\\/09\\\/11\\\/camira-apresenta-na-busworld-assentos-feitos-de-plastico-marinho-reciclado\\\/\"},\"author\":{\"name\":\"adminNovo\",\"@id\":\"https:\\\/\\\/automotiverevista.pt\\\/#\\\/schema\\\/person\\\/1265858bc8c78a0f969de814da8be281\"},\"headline\":\"Camira apresenta na Busworld assentos feitos de pl\u00e1stico marinho reciclado\",\"datePublished\":\"2025-09-11T15:25:00+00:00\",\"mainEntityOfPage\":{\"@id\":\"https:\\\/\\\/automotiverevista.pt\\\/index.php\\\/2025\\\/09\\\/11\\\/camira-apresenta-na-busworld-assentos-feitos-de-plastico-marinho-reciclado\\\/\"},\"wordCount\":344,\"publisher\":{\"@id\":\"https:\\\/\\\/automotiverevista.pt\\\/#organization\"},\"image\":{\"@id\":\"https:\\\/\\\/automotiverevista.pt\\\/index.php\\\/2025\\\/09\\\/11\\\/camira-apresenta-na-busworld-assentos-feitos-de-plastico-marinho-reciclado\\\/#primaryimage\"},\"thumbnailUrl\":\"https:\\\/\\\/automotiverevista.pt\\\/wp-content\\\/uploads\\\/2025\\\/09\\\/Camira-Colour-Experience-hero-image-feature.jpg\",\"articleSection\":[\"Pesados e M\u00e1quinas\"],\"inLanguage\":\"pt-PT\"},{\"@type\":\"WebPage\",\"@id\":\"https:\\\/\\\/automotiverevista.pt\\\/index.php\\\/2025\\\/09\\\/11\\\/camira-apresenta-na-busworld-assentos-feitos-de-plastico-marinho-reciclado\\\/\",\"url\":\"https:\\\/\\\/automotiverevista.pt\\\/index.php\\\/2025\\\/09\\\/11\\\/camira-apresenta-na-busworld-assentos-feitos-de-plastico-marinho-reciclado\\\/\",\"name\":\"Camira apresenta na Busworld assentos feitos de pl\u00e1stico marinho reciclado - Revista Automotive\",\"isPartOf\":{\"@id\":\"https:\\\/\\\/automotiverevista.pt\\\/#website\"},\"primaryImageOfPage\":{\"@id\":\"https:\\\/\\\/automotiverevista.pt\\\/index.php\\\/2025\\\/09\\\/11\\\/camira-apresenta-na-busworld-assentos-feitos-de-plastico-marinho-reciclado\\\/#primaryimage\"},\"image\":{\"@id\":\"https:\\\/\\\/automotiverevista.pt\\\/index.php\\\/2025\\\/09\\\/11\\\/camira-apresenta-na-busworld-assentos-feitos-de-plastico-marinho-reciclado\\\/#primaryimage\"},\"thumbnailUrl\":\"https:\\\/\\\/automotiverevista.pt\\\/wp-content\\\/uploads\\\/2025\\\/09\\\/Camira-Colour-Experience-hero-image-feature.jpg\",\"datePublished\":\"2025-09-11T15:25:00+00:00\",\"breadcrumb\":{\"@id\":\"https:\\\/\\\/automotiverevista.pt\\\/index.php\\\/2025\\\/09\\\/11\\\/camira-apresenta-na-busworld-assentos-feitos-de-plastico-marinho-reciclado\\\/#breadcrumb\"},\"inLanguage\":\"pt-PT\",\"potentialAction\":[{\"@type\":\"ReadAction\",\"target\":[\"https:\\\/\\\/automotiverevista.pt\\\/index.php\\\/2025\\\/09\\\/11\\\/camira-apresenta-na-busworld-assentos-feitos-de-plastico-marinho-reciclado\\\/\"]}]},{\"@type\":\"ImageObject\",\"inLanguage\":\"pt-PT\",\"@id\":\"https:\\\/\\\/automotiverevista.pt\\\/index.php\\\/2025\\\/09\\\/11\\\/camira-apresenta-na-busworld-assentos-feitos-de-plastico-marinho-reciclado\\\/#primaryimage\",\"url\":\"https:\\\/\\\/automotiverevista.pt\\\/wp-content\\\/uploads\\\/2025\\\/09\\\/Camira-Colour-Experience-hero-image-feature.jpg\",\"contentUrl\":\"https:\\\/\\\/automotiverevista.pt\\\/wp-content\\\/uploads\\\/2025\\\/09\\\/Camira-Colour-Experience-hero-image-feature.jpg\",\"width\":1600,\"height\":960},{\"@type\":\"BreadcrumbList\",\"@id\":\"https:\\\/\\\/automotiverevista.pt\\\/index.php\\\/2025\\\/09\\\/11\\\/camira-apresenta-na-busworld-assentos-feitos-de-plastico-marinho-reciclado\\\/#breadcrumb\",\"itemListElement\":[{\"@type\":\"ListItem\",\"position\":1,\"name\":\"Home\",\"item\":\"https:\\\/\\\/automotiverevista.pt\\\/\"},{\"@type\":\"ListItem\",\"position\":2,\"name\":\"Camira apresenta na Busworld assentos feitos de pl\u00e1stico marinho reciclado\"}]},{\"@type\":\"WebSite\",\"@id\":\"https:\\\/\\\/automotiverevista.pt\\\/#website\",\"url\":\"https:\\\/\\\/automotiverevista.pt\\\/\",\"name\":\"Revista Automotive\",\"description\":\"Revista Automotive Portugal\",\"publisher\":{\"@id\":\"https:\\\/\\\/automotiverevista.pt\\\/#organization\"},\"potentialAction\":[{\"@type\":\"SearchAction\",\"target\":{\"@type\":\"EntryPoint\",\"urlTemplate\":\"https:\\\/\\\/automotiverevista.pt\\\/?s={search_term_string}\"},\"query-input\":{\"@type\":\"PropertyValueSpecification\",\"valueRequired\":true,\"valueName\":\"search_term_string\"}}],\"inLanguage\":\"pt-PT\"},{\"@type\":\"Organization\",\"@id\":\"https:\\\/\\\/automotiverevista.pt\\\/#organization\",\"name\":\"Revista Automotive Portugal\",\"url\":\"https:\\\/\\\/automotiverevista.pt\\\/\",\"logo\":{\"@type\":\"ImageObject\",\"inLanguage\":\"pt-PT\",\"@id\":\"https:\\\/\\\/automotiverevista.pt\\\/#\\\/schema\\\/logo\\\/image\\\/\",\"url\":\"https:\\\/\\\/automotiverevista.pt\\\/wp-content\\\/uploads\\\/2022\\\/07\\\/Logo-Automotive-2021_500-1.jpg\",\"contentUrl\":\"https:\\\/\\\/automotiverevista.pt\\\/wp-content\\\/uploads\\\/2022\\\/07\\\/Logo-Automotive-2021_500-1.jpg\",\"width\":500,\"height\":160,\"caption\":\"Revista Automotive Portugal\"},\"image\":{\"@id\":\"https:\\\/\\\/automotiverevista.pt\\\/#\\\/schema\\\/logo\\\/image\\\/\"},\"sameAs\":[\"https:\\\/\\\/linkedin.com\\\/in\\\/automotiverevista\"]},{\"@type\":\"Person\",\"@id\":\"https:\\\/\\\/automotiverevista.pt\\\/#\\\/schema\\\/person\\\/1265858bc8c78a0f969de814da8be281\",\"name\":\"adminNovo\",\"image\":{\"@type\":\"ImageObject\",\"inLanguage\":\"pt-PT\",\"@id\":\"https:\\\/\\\/secure.gravatar.com\\\/avatar\\\/c606c1288dcc11eb4c709aa5136fdb962583c410f5c23c0b7bf6917c542be355?s=96&d=mm&r=g\",\"url\":\"https:\\\/\\\/secure.gravatar.com\\\/avatar\\\/c606c1288dcc11eb4c709aa5136fdb962583c410f5c23c0b7bf6917c542be355?s=96&d=mm&r=g\",\"contentUrl\":\"https:\\\/\\\/secure.gravatar.com\\\/avatar\\\/c606c1288dcc11eb4c709aa5136fdb962583c410f5c23c0b7bf6917c542be355?s=96&d=mm&r=g\",\"caption\":\"adminNovo\"},\"sameAs\":[\"https:\\\/\\\/automotiverevista.pt\"],\"url\":\"https:\\\/\\\/automotiverevista.pt\\\/index.php\\\/author\\\/adminnovo\\\/\"}]}<\/script>\n<!-- \/ Yoast SEO Premium plugin. -->","yoast_head_json":{"title":"Camira apresenta na Busworld assentos feitos de pl\u00e1stico marinho reciclado - Revista Automotive","robots":{"index":"index","follow":"follow","max-snippet":"max-snippet:-1","max-image-preview":"max-image-preview:large","max-video-preview":"max-video-preview:-1"},"canonical":"https:\/\/automotiverevista.pt\/index.php\/2025\/09\/11\/camira-apresenta-na-busworld-assentos-feitos-de-plastico-marinho-reciclado\/","og_locale":"pt_PT","og_type":"article","og_title":"Camira apresenta na Busworld assentos feitos de pl\u00e1stico marinho reciclado","og_description":"O fabricante internacional de t\u00eaxteis para transporte, Camira, vai revelar uma importante inova\u00e7\u00e3o em sustentabilidade no sal\u00e3o Busworld 2025 em Bruxelas, apresentando os primeiros tecidos interiores da ind\u00fastria dos Seaqual produzidos a partir de res\u00edduos pl\u00e1sticos marinhos, denominados Seaqual Collection Produzidos a partir de res\u00edduos pl\u00e1sticos recuperados dos oceanos, rios e zonas costeiras, cada metro [&hellip;]","og_url":"https:\/\/automotiverevista.pt\/index.php\/2025\/09\/11\/camira-apresenta-na-busworld-assentos-feitos-de-plastico-marinho-reciclado\/","og_site_name":"Revista Automotive","article_published_time":"2025-09-11T15:25:00+00:00","og_image":[{"width":1600,"height":960,"url":"https:\/\/automotiverevista.pt\/wp-content\/uploads\/2025\/09\/Camira-Colour-Experience-hero-image-feature.jpg","type":"image\/jpeg"}],"author":"adminNovo","twitter_card":"summary_large_image","twitter_misc":{"Escrito por":"adminNovo","Tempo estimado de leitura":"3 minutos"},"schema":{"@context":"https:\/\/schema.org","@graph":[{"@type":"Article","@id":"https:\/\/automotiverevista.pt\/index.php\/2025\/09\/11\/camira-apresenta-na-busworld-assentos-feitos-de-plastico-marinho-reciclado\/#article","isPartOf":{"@id":"https:\/\/automotiverevista.pt\/index.php\/2025\/09\/11\/camira-apresenta-na-busworld-assentos-feitos-de-plastico-marinho-reciclado\/"},"author":{"name":"adminNovo","@id":"https:\/\/automotiverevista.pt\/#\/schema\/person\/1265858bc8c78a0f969de814da8be281"},"headline":"Camira apresenta na Busworld assentos feitos de pl\u00e1stico marinho reciclado","datePublished":"2025-09-11T15:25:00+00:00","mainEntityOfPage":{"@id":"https:\/\/automotiverevista.pt\/index.php\/2025\/09\/11\/camira-apresenta-na-busworld-assentos-feitos-de-plastico-marinho-reciclado\/"},"wordCount":344,"publisher":{"@id":"https:\/\/automotiverevista.pt\/#organization"},"image":{"@id":"https:\/\/automotiverevista.pt\/index.php\/2025\/09\/11\/camira-apresenta-na-busworld-assentos-feitos-de-plastico-marinho-reciclado\/#primaryimage"},"thumbnailUrl":"https:\/\/automotiverevista.pt\/wp-content\/uploads\/2025\/09\/Camira-Colour-Experience-hero-image-feature.jpg","articleSection":["Pesados e M\u00e1quinas"],"inLanguage":"pt-PT"},{"@type":"WebPage","@id":"https:\/\/automotiverevista.pt\/index.php\/2025\/09\/11\/camira-apresenta-na-busworld-assentos-feitos-de-plastico-marinho-reciclado\/","url":"https:\/\/automotiverevista.pt\/index.php\/2025\/09\/11\/camira-apresenta-na-busworld-assentos-feitos-de-plastico-marinho-reciclado\/","name":"Camira apresenta na Busworld assentos feitos de pl\u00e1stico marinho reciclado - Revista Automotive","isPartOf":{"@id":"https:\/\/automotiverevista.pt\/#website"},"primaryImageOfPage":{"@id":"https:\/\/automotiverevista.pt\/index.php\/2025\/09\/11\/camira-apresenta-na-busworld-assentos-feitos-de-plastico-marinho-reciclado\/#primaryimage"},"image":{"@id":"https:\/\/automotiverevista.pt\/index.php\/2025\/09\/11\/camira-apresenta-na-busworld-assentos-feitos-de-plastico-marinho-reciclado\/#primaryimage"},"thumbnailUrl":"https:\/\/automotiverevista.pt\/wp-content\/uploads\/2025\/09\/Camira-Colour-Experience-hero-image-feature.jpg","datePublished":"2025-09-11T15:25:00+00:00","breadcrumb":{"@id":"https:\/\/automotiverevista.pt\/index.php\/2025\/09\/11\/camira-apresenta-na-busworld-assentos-feitos-de-plastico-marinho-reciclado\/#breadcrumb"},"inLanguage":"pt-PT","potentialAction":[{"@type":"ReadAction","target":["https:\/\/automotiverevista.pt\/index.php\/2025\/09\/11\/camira-apresenta-na-busworld-assentos-feitos-de-plastico-marinho-reciclado\/"]}]},{"@type":"ImageObject","inLanguage":"pt-PT","@id":"https:\/\/automotiverevista.pt\/index.php\/2025\/09\/11\/camira-apresenta-na-busworld-assentos-feitos-de-plastico-marinho-reciclado\/#primaryimage","url":"https:\/\/automotiverevista.pt\/wp-content\/uploads\/2025\/09\/Camira-Colour-Experience-hero-image-feature.jpg","contentUrl":"https:\/\/automotiverevista.pt\/wp-content\/uploads\/2025\/09\/Camira-Colour-Experience-hero-image-feature.jpg","width":1600,"height":960},{"@type":"BreadcrumbList","@id":"https:\/\/automotiverevista.pt\/index.php\/2025\/09\/11\/camira-apresenta-na-busworld-assentos-feitos-de-plastico-marinho-reciclado\/#breadcrumb","itemListElement":[{"@type":"ListItem","position":1,"name":"Home","item":"https:\/\/automotiverevista.pt\/"},{"@type":"ListItem","position":2,"name":"Camira apresenta na Busworld assentos feitos de pl\u00e1stico marinho reciclado"}]},{"@type":"WebSite","@id":"https:\/\/automotiverevista.pt\/#website","url":"https:\/\/automotiverevista.pt\/","name":"Revista Automotive","description":"Revista Automotive Portugal","publisher":{"@id":"https:\/\/automotiverevista.pt\/#organization"},"potentialAction":[{"@type":"SearchAction","target":{"@type":"EntryPoint","urlTemplate":"https:\/\/automotiverevista.pt\/?s={search_term_string}"},"query-input":{"@type":"PropertyValueSpecification","valueRequired":true,"valueName":"search_term_string"}}],"inLanguage":"pt-PT"},{"@type":"Organization","@id":"https:\/\/automotiverevista.pt\/#organization","name":"Revista Automotive Portugal","url":"https:\/\/automotiverevista.pt\/","logo":{"@type":"ImageObject","inLanguage":"pt-PT","@id":"https:\/\/automotiverevista.pt\/#\/schema\/logo\/image\/","url":"https:\/\/automotiverevista.pt\/wp-content\/uploads\/2022\/07\/Logo-Automotive-2021_500-1.jpg","contentUrl":"https:\/\/automotiverevista.pt\/wp-content\/uploads\/2022\/07\/Logo-Automotive-2021_500-1.jpg","width":500,"height":160,"caption":"Revista Automotive Portugal"},"image":{"@id":"https:\/\/automotiverevista.pt\/#\/schema\/logo\/image\/"},"sameAs":["https:\/\/linkedin.com\/in\/automotiverevista"]},{"@type":"Person","@id":"https:\/\/automotiverevista.pt\/#\/schema\/person\/1265858bc8c78a0f969de814da8be281","name":"adminNovo","image":{"@type":"ImageObject","inLanguage":"pt-PT","@id":"https:\/\/secure.gravatar.com\/avatar\/c606c1288dcc11eb4c709aa5136fdb962583c410f5c23c0b7bf6917c542be355?s=96&d=mm&r=g","url":"https:\/\/secure.gravatar.com\/avatar\/c606c1288dcc11eb4c709aa5136fdb962583c410f5c23c0b7bf6917c542be355?s=96&d=mm&r=g","contentUrl":"https:\/\/secure.gravatar.com\/avatar\/c606c1288dcc11eb4c709aa5136fdb962583c410f5c23c0b7bf6917c542be355?s=96&d=mm&r=g","caption":"adminNovo"},"sameAs":["https:\/\/automotiverevista.pt"],"url":"https:\/\/automotiverevista.pt\/index.php\/author\/adminnovo\/"}]}},"_links":{"self":[{"href":"https:\/\/automotiverevista.pt\/index.php\/wp-json\/wp\/v2\/posts\/10914","targetHints":{"allow":["GET"]}}],"collection":[{"href":"https:\/\/automotiverevista.pt\/index.php\/wp-json\/wp\/v2\/posts"}],"about":[{"href":"https:\/\/automotiverevista.pt\/index.php\/wp-json\/wp\/v2\/types\/post"}],"author":[{"embeddable":true,"href":"https:\/\/automotiverevista.pt\/index.php\/wp-json\/wp\/v2\/users\/1"}],"replies":[{"embeddable":true,"href":"https:\/\/automotiverevista.pt\/index.php\/wp-json\/wp\/v2\/comments?post=10914"}],"version-history":[{"count":2,"href":"https:\/\/automotiverevista.pt\/index.php\/wp-json\/wp\/v2\/posts\/10914\/revisions"}],"predecessor-version":[{"id":10920,"href":"https:\/\/automotiverevista.pt\/index.php\/wp-json\/wp\/v2\/posts\/10914\/revisions\/10920"}],"wp:featuredmedia":[{"embeddable":true,"href":"https:\/\/automotiverevista.pt\/index.php\/wp-json\/wp\/v2\/media\/10915"}],"wp:attachment":[{"href":"https:\/\/automotiverevista.pt\/index.php\/wp-json\/wp\/v2\/media?parent=10914"}],"wp:term":[{"taxonomy":"category","embeddable":true,"href":"https:\/\/automotiverevista.pt\/index.php\/wp-json\/wp\/v2\/categories?post=10914"},{"taxonomy":"post_tag","embeddable":true,"href":"https:\/\/automotiverevista.pt\/index.php\/wp-json\/wp\/v2\/tags?post=10914"}],"curies":[{"name":"wp","href":"https:\/\/api.w.org\/{rel}","templated":true}]}}