{"id":10936,"date":"2025-09-19T08:30:00","date_gmt":"2025-09-19T08:30:00","guid":{"rendered":"https:\/\/automotiverevista.pt\/?p=10936"},"modified":"2025-09-16T17:31:16","modified_gmt":"2025-09-16T17:31:16","slug":"kobelco-celebra-os-40-anos-na-belgica","status":"publish","type":"post","link":"https:\/\/automotiverevista.pt\/index.php\/2025\/09\/19\/kobelco-celebra-os-40-anos-na-belgica\/","title":{"rendered":"Kobelco celebra os 40 anos na B\u00e9lgica"},"content":{"rendered":"\n<p>A Kobelco orgulha-se de celebrar o 40.\u00ba anivers\u00e1rio da De Bruycker-Kemp como parceiro oficial da Kobelco na B\u00e9lgica. Desde os primeiros tempos da parceria, a De Bruycker-Kemp tem desempenhado um papel vital na introdu\u00e7\u00e3o e no apoio \u00e0s m\u00e1quinas de constru\u00e7\u00e3o premium da Kobelco na regi\u00e3o, ajudando o construtor japon\u00eas a construir uma reputa\u00e7\u00e3o s\u00f3lida e de confian\u00e7a.<\/p>\n\n\n<div class=\"wp-block-image\">\n<figure class=\"alignleft size-large is-resized\"><img decoding=\"async\" width=\"1024\" height=\"682\" src=\"https:\/\/automotiverevista.pt\/wp-content\/uploads\/2025\/09\/4-1024x682.jpg\" alt=\"\" class=\"wp-image-10940\" style=\"width:472px;height:auto\" srcset=\"https:\/\/automotiverevista.pt\/wp-content\/uploads\/2025\/09\/4-1024x682.jpg 1024w, https:\/\/automotiverevista.pt\/wp-content\/uploads\/2025\/09\/4-300x200.jpg 300w, https:\/\/automotiverevista.pt\/wp-content\/uploads\/2025\/09\/4-768x512.jpg 768w, https:\/\/automotiverevista.pt\/wp-content\/uploads\/2025\/09\/4-750x500.jpg 750w, https:\/\/automotiverevista.pt\/wp-content\/uploads\/2025\/09\/4-1140x760.jpg 1140w, https:\/\/automotiverevista.pt\/wp-content\/uploads\/2025\/09\/4.jpg 1400w\" sizes=\"(max-width: 1024px) 100vw, 1024px\" \/><\/figure>\n<\/div>\n\n\n<p>Ao longo de quatro d\u00e9cadas, a De Bruycker-Kemp tem sido um exemplo de compromisso, fiabilidade e profundo cuidado com o cliente, assegurando que as m\u00e1quinas Kobelco s\u00e3o acompanhadas por conhecimento especializado, servi\u00e7o de excel\u00eancia e dedica\u00e7\u00e3o; pelo que a sua contribui\u00e7\u00e3o tem sido uma pedra angular do sucesso da Kobelco na B\u00e9lgica.<\/p>\n\n\n\n<p>\u201c\u00c9 uma honra representarmos a Kobelco h\u00e1 40 anos\u201d, afirmou Lorenz de Bruycker, Managing Director da De Bruycker-Kemp. \u201cDesde o in\u00edcio, a nossa parceria foi constru\u00edda sobre valores partilhados de qualidade, inova\u00e7\u00e3o e satisfa\u00e7\u00e3o do cliente. Sentimo-nos orgulhosos do que alcan\u00e7\u00e1mos juntos e esperamos continuar esta jornada por muitos anos.\u201d<\/p>\n\n\n\n<p>Em nome da Kobelco, Michel Wierts, Business Director, expressou a sua gratid\u00e3o pela longa parceria: \u201ca De Bruycker-Kemp \u00e9 um exemplo brilhante do que uma rela\u00e7\u00e3o deve ser. A sua dedica\u00e7\u00e3o e profissionalismo n\u00e3o s\u00f3 refor\u00e7am a marca Kobelco na B\u00e9lgica, como tamb\u00e9m contribuem de forma significativa para o nosso sucesso global na regi\u00e3o. Agradecemos sinceramente a toda a equipa da De Bruycker-Kemp pelo seu empenho e esperamos construir juntos um futuro ainda mais forte.\u201d<\/p>\n\n\n<div class=\"wp-block-image\">\n<figure class=\"alignright size-large is-resized\"><img decoding=\"async\" width=\"1024\" height=\"682\" src=\"https:\/\/automotiverevista.pt\/wp-content\/uploads\/2025\/09\/3-1024x682.jpg\" alt=\"\" class=\"wp-image-10941\" style=\"width:398px;height:auto\" srcset=\"https:\/\/automotiverevista.pt\/wp-content\/uploads\/2025\/09\/3-1024x682.jpg 1024w, https:\/\/automotiverevista.pt\/wp-content\/uploads\/2025\/09\/3-300x200.jpg 300w, https:\/\/automotiverevista.pt\/wp-content\/uploads\/2025\/09\/3-768x512.jpg 768w, https:\/\/automotiverevista.pt\/wp-content\/uploads\/2025\/09\/3-750x500.jpg 750w, https:\/\/automotiverevista.pt\/wp-content\/uploads\/2025\/09\/3-1140x760.jpg 1140w, https:\/\/automotiverevista.pt\/wp-content\/uploads\/2025\/09\/3.jpg 1400w\" sizes=\"(max-width: 1024px) 100vw, 1024px\" \/><\/figure>\n<\/div>\n\n\n<p>Como parte das celebra\u00e7\u00f5es do anivers\u00e1rio, a De Bruycker-Kemp marcar\u00e1 tamb\u00e9m presen\u00e7a na Matexpo, em Kortrijk, onde apresentar\u00e1 os mais recentes modelos da Kobelco e se reunir\u00e1 com clientes, parceiros e profissionais do setor. O evento representa uma excelente oportunidade para destacar quatro d\u00e9cadas de parceria e demonstrar a cont\u00ednua inova\u00e7\u00e3o e fiabilidade da Kobelco e da De Bruycker-Kemp no mercado belga.<\/p>\n\n\n\n<p>Este marco \u00e9 um verdadeiro testemunho da forte e duradoura colabora\u00e7\u00e3o entre a De Bruycker-Kemp e a Kobelco \u2013 uma parceria que cresceu desde os primeiros tempos de representa\u00e7\u00e3o at\u00e9 se tornar num relacionamento marcado pela confian\u00e7a m\u00fatua, respeito e sucesso partilhado.<\/p>\n\n\n<div class=\"wp-block-image\">\n<figure class=\"aligncenter size-large is-resized\"><img decoding=\"async\" width=\"1024\" height=\"767\" src=\"https:\/\/automotiverevista.pt\/wp-content\/uploads\/2025\/09\/2-1-1024x767.jpg\" alt=\"\" class=\"wp-image-10939\" style=\"width:1055px;height:auto\" srcset=\"https:\/\/automotiverevista.pt\/wp-content\/uploads\/2025\/09\/2-1-1024x767.jpg 1024w, https:\/\/automotiverevista.pt\/wp-content\/uploads\/2025\/09\/2-1-300x225.jpg 300w, https:\/\/automotiverevista.pt\/wp-content\/uploads\/2025\/09\/2-1-768x575.jpg 768w, https:\/\/automotiverevista.pt\/wp-content\/uploads\/2025\/09\/2-1-750x562.jpg 750w, https:\/\/automotiverevista.pt\/wp-content\/uploads\/2025\/09\/2-1-1140x854.jpg 1140w, https:\/\/automotiverevista.pt\/wp-content\/uploads\/2025\/09\/2-1.jpg 1400w\" sizes=\"(max-width: 1024px) 100vw, 1024px\" \/><\/figure>\n<\/div>","protected":false},"excerpt":{"rendered":"<p>A Kobelco orgulha-se de celebrar o 40.\u00ba anivers\u00e1rio da De Bruycker-Kemp como parceiro oficial da Kobelco na B\u00e9lgica. Desde os primeiros tempos da parceria, a De Bruycker-Kemp tem desempenhado um papel vital na introdu\u00e7\u00e3o e no apoio \u00e0s m\u00e1quinas de constru\u00e7\u00e3o premium da Kobelco na regi\u00e3o, ajudando o construtor japon\u00eas a construir uma reputa\u00e7\u00e3o s\u00f3lida [&hellip;]<\/p>\n","protected":false},"author":4,"featured_media":10937,"comment_status":"closed","ping_status":"open","sticky":false,"template":"","format":"standard","meta":{"jnews-multi-image_gallery":[],"jnews_single_post":{"format":"standard"},"jnews_primary_category":[],"footnotes":""},"categories":[25],"tags":[],"class_list":["post-10936","post","type-post","status-publish","format-standard","has-post-thumbnail","hentry","category-pesados-e-maquinas"],"yoast_head":"<!-- This site is optimized with the Yoast SEO Premium plugin v27.2 (Yoast SEO v27.5) - https:\/\/yoast.com\/product\/yoast-seo-premium-wordpress\/ -->\n<title>Kobelco celebra os 40 anos na B\u00e9lgica - Revista Automotive<\/title>\n<meta name=\"description\" content=\"A Kobelco orgulha-se de celebrar o 40.\u00ba anivers\u00e1rio da De Bruycker-Kemp como parceiro oficial da Kobelco na B\u00e9lgica. Desde os primeiros\" \/>\n<meta name=\"robots\" content=\"index, follow, max-snippet:-1, max-image-preview:large, max-video-preview:-1\" \/>\n<link rel=\"canonical\" href=\"https:\/\/automotiverevista.pt\/index.php\/2025\/09\/19\/kobelco-celebra-os-40-anos-na-belgica\/\" \/>\n<meta property=\"og:locale\" content=\"pt_PT\" \/>\n<meta property=\"og:type\" content=\"article\" \/>\n<meta property=\"og:title\" content=\"Kobelco celebra os 40 anos na B\u00e9lgica\" \/>\n<meta property=\"og:description\" content=\"A Kobelco orgulha-se de celebrar o 40.\u00ba anivers\u00e1rio da De Bruycker-Kemp como parceiro oficial da Kobelco na B\u00e9lgica. Desde os primeiros\" \/>\n<meta property=\"og:url\" content=\"https:\/\/automotiverevista.pt\/index.php\/2025\/09\/19\/kobelco-celebra-os-40-anos-na-belgica\/\" \/>\n<meta property=\"og:site_name\" content=\"Revista Automotive\" \/>\n<meta property=\"article:published_time\" content=\"2025-09-19T08:30:00+00:00\" \/>\n<meta property=\"og:image\" content=\"https:\/\/automotiverevista.pt\/wp-content\/uploads\/2025\/09\/1-2.jpg\" \/>\n\t<meta property=\"og:image:width\" content=\"1400\" \/>\n\t<meta property=\"og:image:height\" content=\"939\" \/>\n\t<meta property=\"og:image:type\" content=\"image\/jpeg\" \/>\n<meta name=\"author\" content=\"Fatima Silva\" \/>\n<meta name=\"twitter:card\" content=\"summary_large_image\" \/>\n<meta name=\"twitter:label1\" content=\"Escrito por\" \/>\n\t<meta name=\"twitter:data1\" content=\"Fatima Silva\" \/>\n\t<meta name=\"twitter:label2\" content=\"Tempo estimado de leitura\" \/>\n\t<meta name=\"twitter:data2\" content=\"3 minutos\" \/>\n<script type=\"application\/ld+json\" class=\"yoast-schema-graph\">{\"@context\":\"https:\\\/\\\/schema.org\",\"@graph\":[{\"@type\":\"Article\",\"@id\":\"https:\\\/\\\/automotiverevista.pt\\\/index.php\\\/2025\\\/09\\\/19\\\/kobelco-celebra-os-40-anos-na-belgica\\\/#article\",\"isPartOf\":{\"@id\":\"https:\\\/\\\/automotiverevista.pt\\\/index.php\\\/2025\\\/09\\\/19\\\/kobelco-celebra-os-40-anos-na-belgica\\\/\"},\"author\":{\"name\":\"Fatima Silva\",\"@id\":\"https:\\\/\\\/automotiverevista.pt\\\/#\\\/schema\\\/person\\\/1e95eb12553b8edd256acb00fe6dad4b\"},\"headline\":\"Kobelco celebra os 40 anos na B\u00e9lgica\",\"datePublished\":\"2025-09-19T08:30:00+00:00\",\"mainEntityOfPage\":{\"@id\":\"https:\\\/\\\/automotiverevista.pt\\\/index.php\\\/2025\\\/09\\\/19\\\/kobelco-celebra-os-40-anos-na-belgica\\\/\"},\"wordCount\":382,\"publisher\":{\"@id\":\"https:\\\/\\\/automotiverevista.pt\\\/#organization\"},\"image\":{\"@id\":\"https:\\\/\\\/automotiverevista.pt\\\/index.php\\\/2025\\\/09\\\/19\\\/kobelco-celebra-os-40-anos-na-belgica\\\/#primaryimage\"},\"thumbnailUrl\":\"https:\\\/\\\/automotiverevista.pt\\\/wp-content\\\/uploads\\\/2025\\\/09\\\/1-2.jpg\",\"articleSection\":[\"Pesados e M\u00e1quinas\"],\"inLanguage\":\"pt-PT\"},{\"@type\":\"WebPage\",\"@id\":\"https:\\\/\\\/automotiverevista.pt\\\/index.php\\\/2025\\\/09\\\/19\\\/kobelco-celebra-os-40-anos-na-belgica\\\/\",\"url\":\"https:\\\/\\\/automotiverevista.pt\\\/index.php\\\/2025\\\/09\\\/19\\\/kobelco-celebra-os-40-anos-na-belgica\\\/\",\"name\":\"Kobelco celebra os 40 anos na B\u00e9lgica - Revista Automotive\",\"isPartOf\":{\"@id\":\"https:\\\/\\\/automotiverevista.pt\\\/#website\"},\"primaryImageOfPage\":{\"@id\":\"https:\\\/\\\/automotiverevista.pt\\\/index.php\\\/2025\\\/09\\\/19\\\/kobelco-celebra-os-40-anos-na-belgica\\\/#primaryimage\"},\"image\":{\"@id\":\"https:\\\/\\\/automotiverevista.pt\\\/index.php\\\/2025\\\/09\\\/19\\\/kobelco-celebra-os-40-anos-na-belgica\\\/#primaryimage\"},\"thumbnailUrl\":\"https:\\\/\\\/automotiverevista.pt\\\/wp-content\\\/uploads\\\/2025\\\/09\\\/1-2.jpg\",\"datePublished\":\"2025-09-19T08:30:00+00:00\",\"description\":\"A Kobelco orgulha-se de celebrar o 40.\u00ba anivers\u00e1rio da De Bruycker-Kemp como parceiro oficial da Kobelco na B\u00e9lgica. Desde os primeiros\",\"breadcrumb\":{\"@id\":\"https:\\\/\\\/automotiverevista.pt\\\/index.php\\\/2025\\\/09\\\/19\\\/kobelco-celebra-os-40-anos-na-belgica\\\/#breadcrumb\"},\"inLanguage\":\"pt-PT\",\"potentialAction\":[{\"@type\":\"ReadAction\",\"target\":[\"https:\\\/\\\/automotiverevista.pt\\\/index.php\\\/2025\\\/09\\\/19\\\/kobelco-celebra-os-40-anos-na-belgica\\\/\"]}]},{\"@type\":\"ImageObject\",\"inLanguage\":\"pt-PT\",\"@id\":\"https:\\\/\\\/automotiverevista.pt\\\/index.php\\\/2025\\\/09\\\/19\\\/kobelco-celebra-os-40-anos-na-belgica\\\/#primaryimage\",\"url\":\"https:\\\/\\\/automotiverevista.pt\\\/wp-content\\\/uploads\\\/2025\\\/09\\\/1-2.jpg\",\"contentUrl\":\"https:\\\/\\\/automotiverevista.pt\\\/wp-content\\\/uploads\\\/2025\\\/09\\\/1-2.jpg\",\"width\":1400,\"height\":939,\"caption\":\"De Bruycker-Kemp h\u00e1 40 anos parceiro oficial da Kobelco na B\u00e9lgica\"},{\"@type\":\"BreadcrumbList\",\"@id\":\"https:\\\/\\\/automotiverevista.pt\\\/index.php\\\/2025\\\/09\\\/19\\\/kobelco-celebra-os-40-anos-na-belgica\\\/#breadcrumb\",\"itemListElement\":[{\"@type\":\"ListItem\",\"position\":1,\"name\":\"Home\",\"item\":\"https:\\\/\\\/automotiverevista.pt\\\/\"},{\"@type\":\"ListItem\",\"position\":2,\"name\":\"Kobelco celebra os 40 anos na B\u00e9lgica\"}]},{\"@type\":\"WebSite\",\"@id\":\"https:\\\/\\\/automotiverevista.pt\\\/#website\",\"url\":\"https:\\\/\\\/automotiverevista.pt\\\/\",\"name\":\"Revista Automotive\",\"description\":\"Revista Automotive Portugal\",\"publisher\":{\"@id\":\"https:\\\/\\\/automotiverevista.pt\\\/#organization\"},\"potentialAction\":[{\"@type\":\"SearchAction\",\"target\":{\"@type\":\"EntryPoint\",\"urlTemplate\":\"https:\\\/\\\/automotiverevista.pt\\\/?s={search_term_string}\"},\"query-input\":{\"@type\":\"PropertyValueSpecification\",\"valueRequired\":true,\"valueName\":\"search_term_string\"}}],\"inLanguage\":\"pt-PT\"},{\"@type\":\"Organization\",\"@id\":\"https:\\\/\\\/automotiverevista.pt\\\/#organization\",\"name\":\"Revista Automotive Portugal\",\"url\":\"https:\\\/\\\/automotiverevista.pt\\\/\",\"logo\":{\"@type\":\"ImageObject\",\"inLanguage\":\"pt-PT\",\"@id\":\"https:\\\/\\\/automotiverevista.pt\\\/#\\\/schema\\\/logo\\\/image\\\/\",\"url\":\"https:\\\/\\\/automotiverevista.pt\\\/wp-content\\\/uploads\\\/2022\\\/07\\\/Logo-Automotive-2021_500-1.jpg\",\"contentUrl\":\"https:\\\/\\\/automotiverevista.pt\\\/wp-content\\\/uploads\\\/2022\\\/07\\\/Logo-Automotive-2021_500-1.jpg\",\"width\":500,\"height\":160,\"caption\":\"Revista Automotive Portugal\"},\"image\":{\"@id\":\"https:\\\/\\\/automotiverevista.pt\\\/#\\\/schema\\\/logo\\\/image\\\/\"},\"sameAs\":[\"https:\\\/\\\/linkedin.com\\\/in\\\/automotiverevista\"]},{\"@type\":\"Person\",\"@id\":\"https:\\\/\\\/automotiverevista.pt\\\/#\\\/schema\\\/person\\\/1e95eb12553b8edd256acb00fe6dad4b\",\"name\":\"Fatima Silva\",\"image\":{\"@type\":\"ImageObject\",\"inLanguage\":\"pt-PT\",\"@id\":\"https:\\\/\\\/secure.gravatar.com\\\/avatar\\\/4b4a955a9c1b66708ab0dd3bd6181ac1f650299d893bd337a28482f7f19c8511?s=96&d=mm&r=g\",\"url\":\"https:\\\/\\\/secure.gravatar.com\\\/avatar\\\/4b4a955a9c1b66708ab0dd3bd6181ac1f650299d893bd337a28482f7f19c8511?s=96&d=mm&r=g\",\"contentUrl\":\"https:\\\/\\\/secure.gravatar.com\\\/avatar\\\/4b4a955a9c1b66708ab0dd3bd6181ac1f650299d893bd337a28482f7f19c8511?s=96&d=mm&r=g\",\"caption\":\"Fatima Silva\"},\"url\":\"https:\\\/\\\/automotiverevista.pt\\\/index.php\\\/author\\\/fgasparsilva\\\/\"}]}<\/script>\n<!-- \/ Yoast SEO Premium plugin. -->","yoast_head_json":{"title":"Kobelco celebra os 40 anos na B\u00e9lgica - Revista Automotive","description":"A Kobelco orgulha-se de celebrar o 40.\u00ba anivers\u00e1rio da De Bruycker-Kemp como parceiro oficial da Kobelco na B\u00e9lgica. Desde os primeiros","robots":{"index":"index","follow":"follow","max-snippet":"max-snippet:-1","max-image-preview":"max-image-preview:large","max-video-preview":"max-video-preview:-1"},"canonical":"https:\/\/automotiverevista.pt\/index.php\/2025\/09\/19\/kobelco-celebra-os-40-anos-na-belgica\/","og_locale":"pt_PT","og_type":"article","og_title":"Kobelco celebra os 40 anos na B\u00e9lgica","og_description":"A Kobelco orgulha-se de celebrar o 40.\u00ba anivers\u00e1rio da De Bruycker-Kemp como parceiro oficial da Kobelco na B\u00e9lgica. Desde os primeiros","og_url":"https:\/\/automotiverevista.pt\/index.php\/2025\/09\/19\/kobelco-celebra-os-40-anos-na-belgica\/","og_site_name":"Revista Automotive","article_published_time":"2025-09-19T08:30:00+00:00","og_image":[{"width":1400,"height":939,"url":"https:\/\/automotiverevista.pt\/wp-content\/uploads\/2025\/09\/1-2.jpg","type":"image\/jpeg"}],"author":"Fatima Silva","twitter_card":"summary_large_image","twitter_misc":{"Escrito por":"Fatima Silva","Tempo estimado de leitura":"3 minutos"},"schema":{"@context":"https:\/\/schema.org","@graph":[{"@type":"Article","@id":"https:\/\/automotiverevista.pt\/index.php\/2025\/09\/19\/kobelco-celebra-os-40-anos-na-belgica\/#article","isPartOf":{"@id":"https:\/\/automotiverevista.pt\/index.php\/2025\/09\/19\/kobelco-celebra-os-40-anos-na-belgica\/"},"author":{"name":"Fatima Silva","@id":"https:\/\/automotiverevista.pt\/#\/schema\/person\/1e95eb12553b8edd256acb00fe6dad4b"},"headline":"Kobelco celebra os 40 anos na B\u00e9lgica","datePublished":"2025-09-19T08:30:00+00:00","mainEntityOfPage":{"@id":"https:\/\/automotiverevista.pt\/index.php\/2025\/09\/19\/kobelco-celebra-os-40-anos-na-belgica\/"},"wordCount":382,"publisher":{"@id":"https:\/\/automotiverevista.pt\/#organization"},"image":{"@id":"https:\/\/automotiverevista.pt\/index.php\/2025\/09\/19\/kobelco-celebra-os-40-anos-na-belgica\/#primaryimage"},"thumbnailUrl":"https:\/\/automotiverevista.pt\/wp-content\/uploads\/2025\/09\/1-2.jpg","articleSection":["Pesados e M\u00e1quinas"],"inLanguage":"pt-PT"},{"@type":"WebPage","@id":"https:\/\/automotiverevista.pt\/index.php\/2025\/09\/19\/kobelco-celebra-os-40-anos-na-belgica\/","url":"https:\/\/automotiverevista.pt\/index.php\/2025\/09\/19\/kobelco-celebra-os-40-anos-na-belgica\/","name":"Kobelco celebra os 40 anos na B\u00e9lgica - Revista Automotive","isPartOf":{"@id":"https:\/\/automotiverevista.pt\/#website"},"primaryImageOfPage":{"@id":"https:\/\/automotiverevista.pt\/index.php\/2025\/09\/19\/kobelco-celebra-os-40-anos-na-belgica\/#primaryimage"},"image":{"@id":"https:\/\/automotiverevista.pt\/index.php\/2025\/09\/19\/kobelco-celebra-os-40-anos-na-belgica\/#primaryimage"},"thumbnailUrl":"https:\/\/automotiverevista.pt\/wp-content\/uploads\/2025\/09\/1-2.jpg","datePublished":"2025-09-19T08:30:00+00:00","description":"A Kobelco orgulha-se de celebrar o 40.\u00ba anivers\u00e1rio da De Bruycker-Kemp como parceiro oficial da Kobelco na B\u00e9lgica. Desde os primeiros","breadcrumb":{"@id":"https:\/\/automotiverevista.pt\/index.php\/2025\/09\/19\/kobelco-celebra-os-40-anos-na-belgica\/#breadcrumb"},"inLanguage":"pt-PT","potentialAction":[{"@type":"ReadAction","target":["https:\/\/automotiverevista.pt\/index.php\/2025\/09\/19\/kobelco-celebra-os-40-anos-na-belgica\/"]}]},{"@type":"ImageObject","inLanguage":"pt-PT","@id":"https:\/\/automotiverevista.pt\/index.php\/2025\/09\/19\/kobelco-celebra-os-40-anos-na-belgica\/#primaryimage","url":"https:\/\/automotiverevista.pt\/wp-content\/uploads\/2025\/09\/1-2.jpg","contentUrl":"https:\/\/automotiverevista.pt\/wp-content\/uploads\/2025\/09\/1-2.jpg","width":1400,"height":939,"caption":"De Bruycker-Kemp h\u00e1 40 anos parceiro oficial da Kobelco na B\u00e9lgica"},{"@type":"BreadcrumbList","@id":"https:\/\/automotiverevista.pt\/index.php\/2025\/09\/19\/kobelco-celebra-os-40-anos-na-belgica\/#breadcrumb","itemListElement":[{"@type":"ListItem","position":1,"name":"Home","item":"https:\/\/automotiverevista.pt\/"},{"@type":"ListItem","position":2,"name":"Kobelco celebra os 40 anos na B\u00e9lgica"}]},{"@type":"WebSite","@id":"https:\/\/automotiverevista.pt\/#website","url":"https:\/\/automotiverevista.pt\/","name":"Revista Automotive","description":"Revista Automotive Portugal","publisher":{"@id":"https:\/\/automotiverevista.pt\/#organization"},"potentialAction":[{"@type":"SearchAction","target":{"@type":"EntryPoint","urlTemplate":"https:\/\/automotiverevista.pt\/?s={search_term_string}"},"query-input":{"@type":"PropertyValueSpecification","valueRequired":true,"valueName":"search_term_string"}}],"inLanguage":"pt-PT"},{"@type":"Organization","@id":"https:\/\/automotiverevista.pt\/#organization","name":"Revista Automotive Portugal","url":"https:\/\/automotiverevista.pt\/","logo":{"@type":"ImageObject","inLanguage":"pt-PT","@id":"https:\/\/automotiverevista.pt\/#\/schema\/logo\/image\/","url":"https:\/\/automotiverevista.pt\/wp-content\/uploads\/2022\/07\/Logo-Automotive-2021_500-1.jpg","contentUrl":"https:\/\/automotiverevista.pt\/wp-content\/uploads\/2022\/07\/Logo-Automotive-2021_500-1.jpg","width":500,"height":160,"caption":"Revista Automotive Portugal"},"image":{"@id":"https:\/\/automotiverevista.pt\/#\/schema\/logo\/image\/"},"sameAs":["https:\/\/linkedin.com\/in\/automotiverevista"]},{"@type":"Person","@id":"https:\/\/automotiverevista.pt\/#\/schema\/person\/1e95eb12553b8edd256acb00fe6dad4b","name":"Fatima Silva","image":{"@type":"ImageObject","inLanguage":"pt-PT","@id":"https:\/\/secure.gravatar.com\/avatar\/4b4a955a9c1b66708ab0dd3bd6181ac1f650299d893bd337a28482f7f19c8511?s=96&d=mm&r=g","url":"https:\/\/secure.gravatar.com\/avatar\/4b4a955a9c1b66708ab0dd3bd6181ac1f650299d893bd337a28482f7f19c8511?s=96&d=mm&r=g","contentUrl":"https:\/\/secure.gravatar.com\/avatar\/4b4a955a9c1b66708ab0dd3bd6181ac1f650299d893bd337a28482f7f19c8511?s=96&d=mm&r=g","caption":"Fatima Silva"},"url":"https:\/\/automotiverevista.pt\/index.php\/author\/fgasparsilva\/"}]}},"_links":{"self":[{"href":"https:\/\/automotiverevista.pt\/index.php\/wp-json\/wp\/v2\/posts\/10936","targetHints":{"allow":["GET"]}}],"collection":[{"href":"https:\/\/automotiverevista.pt\/index.php\/wp-json\/wp\/v2\/posts"}],"about":[{"href":"https:\/\/automotiverevista.pt\/index.php\/wp-json\/wp\/v2\/types\/post"}],"author":[{"embeddable":true,"href":"https:\/\/automotiverevista.pt\/index.php\/wp-json\/wp\/v2\/users\/4"}],"replies":[{"embeddable":true,"href":"https:\/\/automotiverevista.pt\/index.php\/wp-json\/wp\/v2\/comments?post=10936"}],"version-history":[{"count":3,"href":"https:\/\/automotiverevista.pt\/index.php\/wp-json\/wp\/v2\/posts\/10936\/revisions"}],"predecessor-version":[{"id":10943,"href":"https:\/\/automotiverevista.pt\/index.php\/wp-json\/wp\/v2\/posts\/10936\/revisions\/10943"}],"wp:featuredmedia":[{"embeddable":true,"href":"https:\/\/automotiverevista.pt\/index.php\/wp-json\/wp\/v2\/media\/10937"}],"wp:attachment":[{"href":"https:\/\/automotiverevista.pt\/index.php\/wp-json\/wp\/v2\/media?parent=10936"}],"wp:term":[{"taxonomy":"category","embeddable":true,"href":"https:\/\/automotiverevista.pt\/index.php\/wp-json\/wp\/v2\/categories?post=10936"},{"taxonomy":"post_tag","embeddable":true,"href":"https:\/\/automotiverevista.pt\/index.php\/wp-json\/wp\/v2\/tags?post=10936"}],"curies":[{"name":"wp","href":"https:\/\/api.w.org\/{rel}","templated":true}]}}