{"id":10954,"date":"2025-09-15T12:00:00","date_gmt":"2025-09-15T12:00:00","guid":{"rendered":"https:\/\/automotiverevista.pt\/?p=10954"},"modified":"2025-09-14T13:20:36","modified_gmt":"2025-09-14T13:20:36","slug":"amsterdao-com-40-daf-totalmente-eletricos","status":"publish","type":"post","link":"https:\/\/automotiverevista.pt\/index.php\/2025\/09\/15\/amsterdao-com-40-daf-totalmente-eletricos\/","title":{"rendered":"Amsterd\u00e3o com 40 DAF totalmente el\u00e9tricos"},"content":{"rendered":"\n<p>A cidade de Amsterd\u00e3o est\u00e1 a adquirir 40 cami\u00f5es el\u00e9tricos DAF XD para recolha de lixo. Os cami\u00f5es DAF XD Electric 6&#215;2 FAN ser\u00e3o entregues em 2026 com diversas tipologias de carro\u00e7aria, projetadas de acordo com a aplica\u00e7\u00e3o espec\u00edfica.<\/p>\n\n\n\n<p>A encomenda de cami\u00f5es DAF totalmente el\u00e9tricos faz parte da ambi\u00e7\u00e3o de Amsterd\u00e3o de reduzir ao m\u00ednimo as emiss\u00f5es de CO2, <strong>reduzir o ru\u00eddo<\/strong>, melhorar a manobrabilidade, otimizar o trabalho do motorista e dignificar os cantoneiros (profissionais que coletam lixo e res\u00edduos s\u00f3lidos nas vias p\u00fablicas, garantindo a higiene e a manuten\u00e7\u00e3o do espa\u00e7o urbano). Os ve\u00edculos ser\u00e3o fornecidos atrav\u00e9s do concession\u00e1rio DAF Truckland e VDL-Translift, que cuidar\u00e1 da parte da carro\u00e7aria.<\/p>\n\n\n\n<p><strong>Adaptabilidade da superestrutura XD Electric<\/strong><br>Um fator importante que favorece a decis\u00e3o de escolher o DAF XD Electric \u00e9 a sua compatibilidade com a carro\u00e7aria. Os conjuntos de baterias podem ser montados em v\u00e1rias posi\u00e7\u00f5es no chassi, de modo que os construtores de superstruturas n\u00e3o precisam realocar componentes el\u00e9tricos, e h\u00e1 amplo espa\u00e7o para equipamentos de montagem, como pernas estabilizadoras.<\/p>\n\n\n\n<p><strong>Escolha para baterias LFP<\/strong><br>As baterias LFP (fosfato de ferro de l\u00edtio) s\u00e3o livres de cobalto e n\u00edquel com uma longa vida \u00fatil prevista, tornando-as ideais para utiliza\u00e7\u00e3o em cami\u00f5es. Podem ser carregadas at\u00e9 100% repetidamente com impacto m\u00ednimo no desempenho ou confiabilidade. S\u00e3o tamb\u00e9m muito est\u00e1veis termicamente, garantindo a sua seguran\u00e7a em aplica\u00e7\u00f5es como estas.<\/p>\n\n\n\n<p><strong>Idealmente adequado para \u00e1reas urbanas<\/strong><br>O DAF XD \u00e9 adequado para tarefas de recolha de res\u00edduos em \u00e1reas urbanas, gra\u00e7as \u00e0 excelente visibilidade da cabine e a um degrau de entrada baixo. O para-brisas grande, a linha de cintura baixa e a c\u00e2mara DAF Corner View standard no lado do passageiro proporcionam ao motorista uma vis\u00e3o adequada da estrada. A entrada baixa com apenas dois degraus, ergonomicamente posicionados, facilita o acesso \u00e0 cabina, com at\u00e9 tr\u00eas  assentos mais confort\u00e1veis.<\/p>\n\n\n\n<p>Os 40 ve\u00edculos DAF XD Electric ser\u00e3o equipados com diferentes tipos de carro\u00e7aria: 13 carregadores traseiros, 10 guindastes e 17 carregadores frontais para recolha de contentores. Com esta nova frota, o munic\u00edpio poder\u00e1 recolher quase todo o tipo de res\u00edduos dom\u00e9sticos isentos de emiss\u00f5es. Todos os ve\u00edculos ser\u00e3o equipados com 3 (de um m\u00e1ximo de 5) baterias LFP de 105 kWh cada. Estas fornecem energia ao motor el\u00e9trico de 170 kW ou 220 kW do XD Electric. Para alimentar equipamentos, incluindo a carro\u00e7aria e as gruas de carga, os ve\u00edculos ser\u00e3o equipados com uma ePTO de 90 kW.<\/p>\n","protected":false},"excerpt":{"rendered":"<p>A cidade de Amsterd\u00e3o est\u00e1 a adquirir 40 cami\u00f5es el\u00e9tricos DAF XD para recolha de lixo. Os cami\u00f5es DAF XD Electric 6&#215;2 FAN ser\u00e3o entregues em 2026 com diversas tipologias de carro\u00e7aria, projetadas de acordo com a aplica\u00e7\u00e3o espec\u00edfica. A encomenda de cami\u00f5es DAF totalmente el\u00e9tricos faz parte da ambi\u00e7\u00e3o de Amsterd\u00e3o de reduzir ao [&hellip;]<\/p>\n","protected":false},"author":4,"featured_media":10955,"comment_status":"closed","ping_status":"open","sticky":false,"template":"","format":"standard","meta":{"jnews-multi-image_gallery":[],"jnews_single_post":{"format":"standard"},"jnews_primary_category":[],"footnotes":""},"categories":[25,21],"tags":[],"class_list":["post-10954","post","type-post","status-publish","format-standard","has-post-thumbnail","hentry","category-pesados-e-maquinas","category-pos-venda"],"yoast_head":"<!-- This site is optimized with the Yoast SEO Premium plugin v27.2 (Yoast SEO v27.5) - https:\/\/yoast.com\/product\/yoast-seo-premium-wordpress\/ -->\n<title>Amsterd\u00e3o com 40 DAF totalmente el\u00e9tricos - Revista Automotive<\/title>\n<meta name=\"description\" content=\"A cidade de Amsterd\u00e3o est\u00e1 a adquirir 40 cami\u00f5es el\u00e9tricos DAF XD para recolha de lixo. Os cami\u00f5es DAF XD Electric 6x2 FAN ser\u00e3o entregues em\" \/>\n<meta name=\"robots\" content=\"index, follow, max-snippet:-1, max-image-preview:large, max-video-preview:-1\" \/>\n<link rel=\"canonical\" href=\"https:\/\/automotiverevista.pt\/index.php\/2025\/09\/15\/amsterdao-com-40-daf-totalmente-eletricos\/\" \/>\n<meta property=\"og:locale\" content=\"pt_PT\" \/>\n<meta property=\"og:type\" content=\"article\" \/>\n<meta property=\"og:title\" content=\"Amsterd\u00e3o com 40 DAF totalmente el\u00e9tricos\" \/>\n<meta property=\"og:description\" content=\"A cidade de Amsterd\u00e3o est\u00e1 a adquirir 40 cami\u00f5es el\u00e9tricos DAF XD para recolha de lixo. Os cami\u00f5es DAF XD Electric 6x2 FAN ser\u00e3o entregues em\" \/>\n<meta property=\"og:url\" content=\"https:\/\/automotiverevista.pt\/index.php\/2025\/09\/15\/amsterdao-com-40-daf-totalmente-eletricos\/\" \/>\n<meta property=\"og:site_name\" content=\"Revista Automotive\" \/>\n<meta property=\"article:published_time\" content=\"2025-09-15T12:00:00+00:00\" \/>\n<meta property=\"og:image\" content=\"https:\/\/automotiverevista.pt\/wp-content\/uploads\/2025\/09\/1-5.jpg\" \/>\n\t<meta property=\"og:image:width\" content=\"1400\" \/>\n\t<meta property=\"og:image:height\" content=\"858\" \/>\n\t<meta property=\"og:image:type\" content=\"image\/jpeg\" \/>\n<meta name=\"author\" content=\"Fatima Silva\" \/>\n<meta name=\"twitter:card\" content=\"summary_large_image\" \/>\n<meta name=\"twitter:label1\" content=\"Escrito por\" \/>\n\t<meta name=\"twitter:data1\" content=\"Fatima Silva\" \/>\n\t<meta name=\"twitter:label2\" content=\"Tempo estimado de leitura\" \/>\n\t<meta name=\"twitter:data2\" content=\"3 minutos\" \/>\n<script type=\"application\/ld+json\" class=\"yoast-schema-graph\">{\"@context\":\"https:\\\/\\\/schema.org\",\"@graph\":[{\"@type\":\"Article\",\"@id\":\"https:\\\/\\\/automotiverevista.pt\\\/index.php\\\/2025\\\/09\\\/15\\\/amsterdao-com-40-daf-totalmente-eletricos\\\/#article\",\"isPartOf\":{\"@id\":\"https:\\\/\\\/automotiverevista.pt\\\/index.php\\\/2025\\\/09\\\/15\\\/amsterdao-com-40-daf-totalmente-eletricos\\\/\"},\"author\":{\"name\":\"Fatima Silva\",\"@id\":\"https:\\\/\\\/automotiverevista.pt\\\/#\\\/schema\\\/person\\\/1e95eb12553b8edd256acb00fe6dad4b\"},\"headline\":\"Amsterd\u00e3o com 40 DAF totalmente el\u00e9tricos\",\"datePublished\":\"2025-09-15T12:00:00+00:00\",\"mainEntityOfPage\":{\"@id\":\"https:\\\/\\\/automotiverevista.pt\\\/index.php\\\/2025\\\/09\\\/15\\\/amsterdao-com-40-daf-totalmente-eletricos\\\/\"},\"wordCount\":457,\"publisher\":{\"@id\":\"https:\\\/\\\/automotiverevista.pt\\\/#organization\"},\"image\":{\"@id\":\"https:\\\/\\\/automotiverevista.pt\\\/index.php\\\/2025\\\/09\\\/15\\\/amsterdao-com-40-daf-totalmente-eletricos\\\/#primaryimage\"},\"thumbnailUrl\":\"https:\\\/\\\/automotiverevista.pt\\\/wp-content\\\/uploads\\\/2025\\\/09\\\/1-5.jpg\",\"articleSection\":[\"Pesados e M\u00e1quinas\",\"P\u00f3s-Venda\"],\"inLanguage\":\"pt-PT\"},{\"@type\":\"WebPage\",\"@id\":\"https:\\\/\\\/automotiverevista.pt\\\/index.php\\\/2025\\\/09\\\/15\\\/amsterdao-com-40-daf-totalmente-eletricos\\\/\",\"url\":\"https:\\\/\\\/automotiverevista.pt\\\/index.php\\\/2025\\\/09\\\/15\\\/amsterdao-com-40-daf-totalmente-eletricos\\\/\",\"name\":\"Amsterd\u00e3o com 40 DAF totalmente el\u00e9tricos - Revista Automotive\",\"isPartOf\":{\"@id\":\"https:\\\/\\\/automotiverevista.pt\\\/#website\"},\"primaryImageOfPage\":{\"@id\":\"https:\\\/\\\/automotiverevista.pt\\\/index.php\\\/2025\\\/09\\\/15\\\/amsterdao-com-40-daf-totalmente-eletricos\\\/#primaryimage\"},\"image\":{\"@id\":\"https:\\\/\\\/automotiverevista.pt\\\/index.php\\\/2025\\\/09\\\/15\\\/amsterdao-com-40-daf-totalmente-eletricos\\\/#primaryimage\"},\"thumbnailUrl\":\"https:\\\/\\\/automotiverevista.pt\\\/wp-content\\\/uploads\\\/2025\\\/09\\\/1-5.jpg\",\"datePublished\":\"2025-09-15T12:00:00+00:00\",\"description\":\"A cidade de Amsterd\u00e3o est\u00e1 a adquirir 40 cami\u00f5es el\u00e9tricos DAF XD para recolha de lixo. Os cami\u00f5es DAF XD Electric 6x2 FAN ser\u00e3o entregues em\",\"breadcrumb\":{\"@id\":\"https:\\\/\\\/automotiverevista.pt\\\/index.php\\\/2025\\\/09\\\/15\\\/amsterdao-com-40-daf-totalmente-eletricos\\\/#breadcrumb\"},\"inLanguage\":\"pt-PT\",\"potentialAction\":[{\"@type\":\"ReadAction\",\"target\":[\"https:\\\/\\\/automotiverevista.pt\\\/index.php\\\/2025\\\/09\\\/15\\\/amsterdao-com-40-daf-totalmente-eletricos\\\/\"]}]},{\"@type\":\"ImageObject\",\"inLanguage\":\"pt-PT\",\"@id\":\"https:\\\/\\\/automotiverevista.pt\\\/index.php\\\/2025\\\/09\\\/15\\\/amsterdao-com-40-daf-totalmente-eletricos\\\/#primaryimage\",\"url\":\"https:\\\/\\\/automotiverevista.pt\\\/wp-content\\\/uploads\\\/2025\\\/09\\\/1-5.jpg\",\"contentUrl\":\"https:\\\/\\\/automotiverevista.pt\\\/wp-content\\\/uploads\\\/2025\\\/09\\\/1-5.jpg\",\"width\":1400,\"height\":858},{\"@type\":\"BreadcrumbList\",\"@id\":\"https:\\\/\\\/automotiverevista.pt\\\/index.php\\\/2025\\\/09\\\/15\\\/amsterdao-com-40-daf-totalmente-eletricos\\\/#breadcrumb\",\"itemListElement\":[{\"@type\":\"ListItem\",\"position\":1,\"name\":\"Home\",\"item\":\"https:\\\/\\\/automotiverevista.pt\\\/\"},{\"@type\":\"ListItem\",\"position\":2,\"name\":\"Amsterd\u00e3o com 40 DAF totalmente el\u00e9tricos\"}]},{\"@type\":\"WebSite\",\"@id\":\"https:\\\/\\\/automotiverevista.pt\\\/#website\",\"url\":\"https:\\\/\\\/automotiverevista.pt\\\/\",\"name\":\"Revista Automotive\",\"description\":\"Revista Automotive Portugal\",\"publisher\":{\"@id\":\"https:\\\/\\\/automotiverevista.pt\\\/#organization\"},\"potentialAction\":[{\"@type\":\"SearchAction\",\"target\":{\"@type\":\"EntryPoint\",\"urlTemplate\":\"https:\\\/\\\/automotiverevista.pt\\\/?s={search_term_string}\"},\"query-input\":{\"@type\":\"PropertyValueSpecification\",\"valueRequired\":true,\"valueName\":\"search_term_string\"}}],\"inLanguage\":\"pt-PT\"},{\"@type\":\"Organization\",\"@id\":\"https:\\\/\\\/automotiverevista.pt\\\/#organization\",\"name\":\"Revista Automotive Portugal\",\"url\":\"https:\\\/\\\/automotiverevista.pt\\\/\",\"logo\":{\"@type\":\"ImageObject\",\"inLanguage\":\"pt-PT\",\"@id\":\"https:\\\/\\\/automotiverevista.pt\\\/#\\\/schema\\\/logo\\\/image\\\/\",\"url\":\"https:\\\/\\\/automotiverevista.pt\\\/wp-content\\\/uploads\\\/2022\\\/07\\\/Logo-Automotive-2021_500-1.jpg\",\"contentUrl\":\"https:\\\/\\\/automotiverevista.pt\\\/wp-content\\\/uploads\\\/2022\\\/07\\\/Logo-Automotive-2021_500-1.jpg\",\"width\":500,\"height\":160,\"caption\":\"Revista Automotive Portugal\"},\"image\":{\"@id\":\"https:\\\/\\\/automotiverevista.pt\\\/#\\\/schema\\\/logo\\\/image\\\/\"},\"sameAs\":[\"https:\\\/\\\/linkedin.com\\\/in\\\/automotiverevista\"]},{\"@type\":\"Person\",\"@id\":\"https:\\\/\\\/automotiverevista.pt\\\/#\\\/schema\\\/person\\\/1e95eb12553b8edd256acb00fe6dad4b\",\"name\":\"Fatima Silva\",\"image\":{\"@type\":\"ImageObject\",\"inLanguage\":\"pt-PT\",\"@id\":\"https:\\\/\\\/secure.gravatar.com\\\/avatar\\\/4b4a955a9c1b66708ab0dd3bd6181ac1f650299d893bd337a28482f7f19c8511?s=96&d=mm&r=g\",\"url\":\"https:\\\/\\\/secure.gravatar.com\\\/avatar\\\/4b4a955a9c1b66708ab0dd3bd6181ac1f650299d893bd337a28482f7f19c8511?s=96&d=mm&r=g\",\"contentUrl\":\"https:\\\/\\\/secure.gravatar.com\\\/avatar\\\/4b4a955a9c1b66708ab0dd3bd6181ac1f650299d893bd337a28482f7f19c8511?s=96&d=mm&r=g\",\"caption\":\"Fatima Silva\"},\"url\":\"https:\\\/\\\/automotiverevista.pt\\\/index.php\\\/author\\\/fgasparsilva\\\/\"}]}<\/script>\n<!-- \/ Yoast SEO Premium plugin. -->","yoast_head_json":{"title":"Amsterd\u00e3o com 40 DAF totalmente el\u00e9tricos - Revista Automotive","description":"A cidade de Amsterd\u00e3o est\u00e1 a adquirir 40 cami\u00f5es el\u00e9tricos DAF XD para recolha de lixo. Os cami\u00f5es DAF XD Electric 6x2 FAN ser\u00e3o entregues em","robots":{"index":"index","follow":"follow","max-snippet":"max-snippet:-1","max-image-preview":"max-image-preview:large","max-video-preview":"max-video-preview:-1"},"canonical":"https:\/\/automotiverevista.pt\/index.php\/2025\/09\/15\/amsterdao-com-40-daf-totalmente-eletricos\/","og_locale":"pt_PT","og_type":"article","og_title":"Amsterd\u00e3o com 40 DAF totalmente el\u00e9tricos","og_description":"A cidade de Amsterd\u00e3o est\u00e1 a adquirir 40 cami\u00f5es el\u00e9tricos DAF XD para recolha de lixo. Os cami\u00f5es DAF XD Electric 6x2 FAN ser\u00e3o entregues em","og_url":"https:\/\/automotiverevista.pt\/index.php\/2025\/09\/15\/amsterdao-com-40-daf-totalmente-eletricos\/","og_site_name":"Revista Automotive","article_published_time":"2025-09-15T12:00:00+00:00","og_image":[{"width":1400,"height":858,"url":"https:\/\/automotiverevista.pt\/wp-content\/uploads\/2025\/09\/1-5.jpg","type":"image\/jpeg"}],"author":"Fatima Silva","twitter_card":"summary_large_image","twitter_misc":{"Escrito por":"Fatima Silva","Tempo estimado de leitura":"3 minutos"},"schema":{"@context":"https:\/\/schema.org","@graph":[{"@type":"Article","@id":"https:\/\/automotiverevista.pt\/index.php\/2025\/09\/15\/amsterdao-com-40-daf-totalmente-eletricos\/#article","isPartOf":{"@id":"https:\/\/automotiverevista.pt\/index.php\/2025\/09\/15\/amsterdao-com-40-daf-totalmente-eletricos\/"},"author":{"name":"Fatima Silva","@id":"https:\/\/automotiverevista.pt\/#\/schema\/person\/1e95eb12553b8edd256acb00fe6dad4b"},"headline":"Amsterd\u00e3o com 40 DAF totalmente el\u00e9tricos","datePublished":"2025-09-15T12:00:00+00:00","mainEntityOfPage":{"@id":"https:\/\/automotiverevista.pt\/index.php\/2025\/09\/15\/amsterdao-com-40-daf-totalmente-eletricos\/"},"wordCount":457,"publisher":{"@id":"https:\/\/automotiverevista.pt\/#organization"},"image":{"@id":"https:\/\/automotiverevista.pt\/index.php\/2025\/09\/15\/amsterdao-com-40-daf-totalmente-eletricos\/#primaryimage"},"thumbnailUrl":"https:\/\/automotiverevista.pt\/wp-content\/uploads\/2025\/09\/1-5.jpg","articleSection":["Pesados e M\u00e1quinas","P\u00f3s-Venda"],"inLanguage":"pt-PT"},{"@type":"WebPage","@id":"https:\/\/automotiverevista.pt\/index.php\/2025\/09\/15\/amsterdao-com-40-daf-totalmente-eletricos\/","url":"https:\/\/automotiverevista.pt\/index.php\/2025\/09\/15\/amsterdao-com-40-daf-totalmente-eletricos\/","name":"Amsterd\u00e3o com 40 DAF totalmente el\u00e9tricos - Revista Automotive","isPartOf":{"@id":"https:\/\/automotiverevista.pt\/#website"},"primaryImageOfPage":{"@id":"https:\/\/automotiverevista.pt\/index.php\/2025\/09\/15\/amsterdao-com-40-daf-totalmente-eletricos\/#primaryimage"},"image":{"@id":"https:\/\/automotiverevista.pt\/index.php\/2025\/09\/15\/amsterdao-com-40-daf-totalmente-eletricos\/#primaryimage"},"thumbnailUrl":"https:\/\/automotiverevista.pt\/wp-content\/uploads\/2025\/09\/1-5.jpg","datePublished":"2025-09-15T12:00:00+00:00","description":"A cidade de Amsterd\u00e3o est\u00e1 a adquirir 40 cami\u00f5es el\u00e9tricos DAF XD para recolha de lixo. Os cami\u00f5es DAF XD Electric 6x2 FAN ser\u00e3o entregues em","breadcrumb":{"@id":"https:\/\/automotiverevista.pt\/index.php\/2025\/09\/15\/amsterdao-com-40-daf-totalmente-eletricos\/#breadcrumb"},"inLanguage":"pt-PT","potentialAction":[{"@type":"ReadAction","target":["https:\/\/automotiverevista.pt\/index.php\/2025\/09\/15\/amsterdao-com-40-daf-totalmente-eletricos\/"]}]},{"@type":"ImageObject","inLanguage":"pt-PT","@id":"https:\/\/automotiverevista.pt\/index.php\/2025\/09\/15\/amsterdao-com-40-daf-totalmente-eletricos\/#primaryimage","url":"https:\/\/automotiverevista.pt\/wp-content\/uploads\/2025\/09\/1-5.jpg","contentUrl":"https:\/\/automotiverevista.pt\/wp-content\/uploads\/2025\/09\/1-5.jpg","width":1400,"height":858},{"@type":"BreadcrumbList","@id":"https:\/\/automotiverevista.pt\/index.php\/2025\/09\/15\/amsterdao-com-40-daf-totalmente-eletricos\/#breadcrumb","itemListElement":[{"@type":"ListItem","position":1,"name":"Home","item":"https:\/\/automotiverevista.pt\/"},{"@type":"ListItem","position":2,"name":"Amsterd\u00e3o com 40 DAF totalmente el\u00e9tricos"}]},{"@type":"WebSite","@id":"https:\/\/automotiverevista.pt\/#website","url":"https:\/\/automotiverevista.pt\/","name":"Revista Automotive","description":"Revista Automotive Portugal","publisher":{"@id":"https:\/\/automotiverevista.pt\/#organization"},"potentialAction":[{"@type":"SearchAction","target":{"@type":"EntryPoint","urlTemplate":"https:\/\/automotiverevista.pt\/?s={search_term_string}"},"query-input":{"@type":"PropertyValueSpecification","valueRequired":true,"valueName":"search_term_string"}}],"inLanguage":"pt-PT"},{"@type":"Organization","@id":"https:\/\/automotiverevista.pt\/#organization","name":"Revista Automotive Portugal","url":"https:\/\/automotiverevista.pt\/","logo":{"@type":"ImageObject","inLanguage":"pt-PT","@id":"https:\/\/automotiverevista.pt\/#\/schema\/logo\/image\/","url":"https:\/\/automotiverevista.pt\/wp-content\/uploads\/2022\/07\/Logo-Automotive-2021_500-1.jpg","contentUrl":"https:\/\/automotiverevista.pt\/wp-content\/uploads\/2022\/07\/Logo-Automotive-2021_500-1.jpg","width":500,"height":160,"caption":"Revista Automotive Portugal"},"image":{"@id":"https:\/\/automotiverevista.pt\/#\/schema\/logo\/image\/"},"sameAs":["https:\/\/linkedin.com\/in\/automotiverevista"]},{"@type":"Person","@id":"https:\/\/automotiverevista.pt\/#\/schema\/person\/1e95eb12553b8edd256acb00fe6dad4b","name":"Fatima Silva","image":{"@type":"ImageObject","inLanguage":"pt-PT","@id":"https:\/\/secure.gravatar.com\/avatar\/4b4a955a9c1b66708ab0dd3bd6181ac1f650299d893bd337a28482f7f19c8511?s=96&d=mm&r=g","url":"https:\/\/secure.gravatar.com\/avatar\/4b4a955a9c1b66708ab0dd3bd6181ac1f650299d893bd337a28482f7f19c8511?s=96&d=mm&r=g","contentUrl":"https:\/\/secure.gravatar.com\/avatar\/4b4a955a9c1b66708ab0dd3bd6181ac1f650299d893bd337a28482f7f19c8511?s=96&d=mm&r=g","caption":"Fatima Silva"},"url":"https:\/\/automotiverevista.pt\/index.php\/author\/fgasparsilva\/"}]}},"_links":{"self":[{"href":"https:\/\/automotiverevista.pt\/index.php\/wp-json\/wp\/v2\/posts\/10954","targetHints":{"allow":["GET"]}}],"collection":[{"href":"https:\/\/automotiverevista.pt\/index.php\/wp-json\/wp\/v2\/posts"}],"about":[{"href":"https:\/\/automotiverevista.pt\/index.php\/wp-json\/wp\/v2\/types\/post"}],"author":[{"embeddable":true,"href":"https:\/\/automotiverevista.pt\/index.php\/wp-json\/wp\/v2\/users\/4"}],"replies":[{"embeddable":true,"href":"https:\/\/automotiverevista.pt\/index.php\/wp-json\/wp\/v2\/comments?post=10954"}],"version-history":[{"count":1,"href":"https:\/\/automotiverevista.pt\/index.php\/wp-json\/wp\/v2\/posts\/10954\/revisions"}],"predecessor-version":[{"id":10956,"href":"https:\/\/automotiverevista.pt\/index.php\/wp-json\/wp\/v2\/posts\/10954\/revisions\/10956"}],"wp:featuredmedia":[{"embeddable":true,"href":"https:\/\/automotiverevista.pt\/index.php\/wp-json\/wp\/v2\/media\/10955"}],"wp:attachment":[{"href":"https:\/\/automotiverevista.pt\/index.php\/wp-json\/wp\/v2\/media?parent=10954"}],"wp:term":[{"taxonomy":"category","embeddable":true,"href":"https:\/\/automotiverevista.pt\/index.php\/wp-json\/wp\/v2\/categories?post=10954"},{"taxonomy":"post_tag","embeddable":true,"href":"https:\/\/automotiverevista.pt\/index.php\/wp-json\/wp\/v2\/tags?post=10954"}],"curies":[{"name":"wp","href":"https:\/\/api.w.org\/{rel}","templated":true}]}}