{"id":11016,"date":"2025-09-23T17:25:16","date_gmt":"2025-09-23T17:25:16","guid":{"rendered":"https:\/\/automotiverevista.pt\/?p=11016"},"modified":"2025-09-23T17:25:18","modified_gmt":"2025-09-23T17:25:18","slug":"galp-e-bmw-maior-parque-de-carregamento-iberico","status":"publish","type":"post","link":"https:\/\/automotiverevista.pt\/index.php\/2025\/09\/23\/galp-e-bmw-maior-parque-de-carregamento-iberico\/","title":{"rendered":"Galp e BMW \u2013 maior parque de carregamento ib\u00e9rico"},"content":{"rendered":"\n<p>A Galp investiu mais de \u20ac1,3 mil milh\u00f5es em Espanha nos \u00faltimos cinco anos, consolidando-se como um dos principais produtores de energia solar e como um dos pioneiros em solu\u00e7\u00f5es de mobilidade sustent\u00e1vel.<\/p>\n\n\n\n<p>Agora, a companhia portuguesa Galp e o BMW Group inauguraram o maior parque de carregamento el\u00e9trico da Pen\u00ednsula Ib\u00e9rica, localizado no centro comercial Intu Xanad\u00fa, em Arroyomolinos, na regi\u00e3o de Madrid. A instala\u00e7\u00e3o conta com 116 pontos de recarga \u2013 16 ultrarr\u00e1pidos e 100 semirr\u00e1pidos \u2013 com pot\u00eancias de 180KW e 22KW, respetivamente.<\/p>\n\n\n\n<p>Os cerca de 12,5 milh\u00f5es de clientes anuais do Intu Xanad\u00fa passam, assim, a beneficiar de uma infraestrutura com mais de 3,6 MW de pot\u00eancia que garante o carregamento simult\u00e2neo de m\u00faltiplos ve\u00edculos sem risco de satura\u00e7\u00e3o.<\/p>\n\n\n\n<p><strong>Investimentos<\/strong><\/p>\n\n\n\n<p>A localiza\u00e7\u00e3o estrat\u00e9gica deste parque, na capital espanhola e no centro da Pen\u00ednsula Ib\u00e9rica, refor\u00e7a o compromisso de ambas as empresas com a eletrifica\u00e7\u00e3o, promovendo a cria\u00e7\u00e3o de uma rede de pontos de recarga ao longo dos principais corredores de m\u00e9dia e longa dist\u00e2ncia de Espanha e Portugal, eliminando barreiras para a ado\u00e7\u00e3o da mobilidade el\u00e9trica.<\/p>\n\n\n\n<p>\u201cNos \u00faltimos 5 anos a Galp investiu mais de \u20ac1,3 mil milh\u00f5es em Espanha, o que reflete a import\u00e2ncia deste pa\u00eds na nossa estrat\u00e9gia. Somos hoje um dos principais produtores de energia solar na Ib\u00e9ria e gerimos uma rede de mobilidade em Espanha com mais de 550 postos de abastecimento, lojas de conveni\u00eancia e uma rede de carregamento el\u00e9trico em crescimento.<\/p>\n\n\n\n<p>O projeto Xanad\u00fa demonstra o nosso firme compromisso com a transi\u00e7\u00e3o para uma mobilidade cada vez mais sustent\u00e1vel e a ambi\u00e7\u00e3o entre parceiros que s\u00e3o refer\u00eancia nos respetivos setores de atividade\u201d, destacou <strong>Jo\u00e3o Diogo Marques da Silva<\/strong>, co-CEO da Galp, na cerim\u00f3nia de inaugura\u00e7\u00e3o do parque.<\/p>\n\n\n<div class=\"wp-block-image\">\n<figure class=\"alignleft size-full is-resized\"><img decoding=\"async\" width=\"435\" height=\"807\" src=\"https:\/\/automotiverevista.pt\/wp-content\/uploads\/2025\/09\/image.png\" alt=\"\" class=\"wp-image-11019\" style=\"width:280px;height:auto\" srcset=\"https:\/\/automotiverevista.pt\/wp-content\/uploads\/2025\/09\/image.png 435w, https:\/\/automotiverevista.pt\/wp-content\/uploads\/2025\/09\/image-162x300.png 162w\" sizes=\"(max-width: 435px) 100vw, 435px\" \/><\/figure>\n<\/div>\n\n\n<p><strong>8500 carregadores Galp<\/strong><\/p>\n\n\n\n<p>A infraestrutura de carregadores da Galp na Pen\u00ednsula Ib\u00e9rica praticamente duplicou a cada ano nos \u00faltimos cinco anos, passando de uma base de 500 carregadores em 2020 para os atuais 8.500. Os utilizadores desta nova instala\u00e7\u00e3o ter\u00e3o acesso a uma experi\u00eancia de apenas 6 minutos ou 90 minutos, dependendo da categoria do carregador, para uma autonomia de 100 km.<\/p>\n\n\n\n<p>\u201cPorque a transi\u00e7\u00e3o energ\u00e9tica n\u00e3o se far\u00e1 sem a ades\u00e3o dos cidad\u00e3os, estamos a democratizar o acesso a pontos de carregamento na Comunidade Aut\u00f3noma onde se registou o maior volume de vendas de carros el\u00e9tricos. No entanto, n\u00e3o vamos competir pelo n\u00famero de tomadas instaladas, mas sim pelas melhores localiza\u00e7\u00f5es, melhores servi\u00e7os de conveni\u00eancia e plataformas de pagamento mais \u00e1geis. Tudo para atrair mais pessoas para o caminho da mobilidade sustent\u00e1vel\u201d, acrescenta <strong>David \u00c1lvaro<\/strong>, CEO da Galp em Espanha.<\/p>\n\n\n\n<p><strong>Abrang\u00eancia<\/strong><\/p>\n\n\n\n<p>Atualmente, 21% da rede de carregadores da Galp na Pen\u00ednsula Ib\u00e9rica \u00e9 composta por tomadas r\u00e1pidas e ultrarr\u00e1pidas, com o objetivo de criar uma rede que aproxime cada vez mais a a\u00e7\u00e3o da recarga el\u00e9trica da do abastecimento tradicional, disponibilizando mais carregadores, mais r\u00e1pidos, e em localiza\u00e7\u00f5es-chave para milh\u00f5es de utilizadores.<\/p>\n\n\n\n<p>\u201cA mobilidade el\u00e9trica precisa de solu\u00e7\u00f5es de carregamento para que os clientes ganhem mais confian\u00e7a nas suas desloca\u00e7\u00f5es. Desde que lan\u00e7\u00e1mos o BMW i3 em 2013, at\u00e9 ao lan\u00e7amento do BMW iX3 em 2025, passaram 12 anos e a tecnologia dos ve\u00edculos fez com que as esta\u00e7\u00f5es de carregamento tamb\u00e9m evolu\u00edssem, tanto na capacidade de acolher a frota autom\u00f3vel como na velocidade de carga de que os ve\u00edculos necessitam.<\/p>\n\n\n\n<p>Por isso, uma esta\u00e7\u00e3o de carregamento t\u00e3o ampla e potente como a que inauguramos com a Galp no Xanad\u00fa \u00e9 estrat\u00e9gica para continuarmos a disponibilizar solu\u00e7\u00f5es reais \u00e0s necessidades presentes e futuras\u201d, afirma <strong>Manuel Terroba<\/strong>, CEO do BMW Group para a Ib\u00e9ria.<\/p>\n\n\n\n<p><\/p>\n","protected":false},"excerpt":{"rendered":"<p>A Galp investiu mais de \u20ac1,3 mil milh\u00f5es em Espanha nos \u00faltimos cinco anos, consolidando-se como um dos principais produtores de energia solar e como um dos pioneiros em solu\u00e7\u00f5es de mobilidade sustent\u00e1vel. Agora, a companhia portuguesa Galp e o BMW Group inauguraram o maior parque de carregamento el\u00e9trico da Pen\u00ednsula Ib\u00e9rica, localizado no centro [&hellip;]<\/p>\n","protected":false},"author":4,"featured_media":11020,"comment_status":"closed","ping_status":"open","sticky":false,"template":"","format":"standard","meta":{"jnews-multi-image_gallery":[],"jnews_single_post":{"format":"standard"},"jnews_primary_category":[],"footnotes":""},"categories":[23],"tags":[],"class_list":["post-11016","post","type-post","status-publish","format-standard","has-post-thumbnail","hentry","category-frotas"],"yoast_head":"<!-- This site is optimized with the Yoast SEO Premium plugin v27.2 (Yoast SEO v27.5) - https:\/\/yoast.com\/product\/yoast-seo-premium-wordpress\/ -->\n<title>Galp e BMW \u2013 maior parque de carregamento ib\u00e9rico - Revista Automotive<\/title>\n<meta name=\"description\" content=\"A Galp investiu mais de \u20ac1,3 mil milh\u00f5es em Espanha nos \u00faltimos cinco anos, consolidando-se como um dos principais produtores de energia sola\" \/>\n<meta name=\"robots\" content=\"index, follow, max-snippet:-1, max-image-preview:large, max-video-preview:-1\" \/>\n<link rel=\"canonical\" href=\"https:\/\/automotiverevista.pt\/index.php\/2025\/09\/23\/galp-e-bmw-maior-parque-de-carregamento-iberico\/\" \/>\n<meta property=\"og:locale\" content=\"pt_PT\" \/>\n<meta property=\"og:type\" content=\"article\" \/>\n<meta property=\"og:title\" content=\"Galp e BMW \u2013 maior parque de carregamento ib\u00e9rico\" \/>\n<meta property=\"og:description\" content=\"A Galp investiu mais de \u20ac1,3 mil milh\u00f5es em Espanha nos \u00faltimos cinco anos, consolidando-se como um dos principais produtores de energia sola\" \/>\n<meta property=\"og:url\" content=\"https:\/\/automotiverevista.pt\/index.php\/2025\/09\/23\/galp-e-bmw-maior-parque-de-carregamento-iberico\/\" \/>\n<meta property=\"og:site_name\" content=\"Revista Automotive\" \/>\n<meta property=\"article:published_time\" content=\"2025-09-23T17:25:16+00:00\" \/>\n<meta property=\"article:modified_time\" content=\"2025-09-23T17:25:18+00:00\" \/>\n<meta property=\"og:image\" content=\"https:\/\/automotiverevista.pt\/wp-content\/uploads\/2025\/09\/Sem-Titulo.jpg\" \/>\n\t<meta property=\"og:image:width\" content=\"880\" \/>\n\t<meta property=\"og:image:height\" content=\"444\" \/>\n\t<meta property=\"og:image:type\" content=\"image\/jpeg\" \/>\n<meta name=\"author\" content=\"Fatima Silva\" \/>\n<meta name=\"twitter:card\" content=\"summary_large_image\" \/>\n<meta name=\"twitter:label1\" content=\"Escrito por\" \/>\n\t<meta name=\"twitter:data1\" content=\"Fatima Silva\" \/>\n\t<meta name=\"twitter:label2\" content=\"Tempo estimado de leitura\" \/>\n\t<meta name=\"twitter:data2\" content=\"4 minutos\" \/>\n<script type=\"application\/ld+json\" class=\"yoast-schema-graph\">{\"@context\":\"https:\\\/\\\/schema.org\",\"@graph\":[{\"@type\":\"Article\",\"@id\":\"https:\\\/\\\/automotiverevista.pt\\\/index.php\\\/2025\\\/09\\\/23\\\/galp-e-bmw-maior-parque-de-carregamento-iberico\\\/#article\",\"isPartOf\":{\"@id\":\"https:\\\/\\\/automotiverevista.pt\\\/index.php\\\/2025\\\/09\\\/23\\\/galp-e-bmw-maior-parque-de-carregamento-iberico\\\/\"},\"author\":{\"name\":\"Fatima Silva\",\"@id\":\"https:\\\/\\\/automotiverevista.pt\\\/#\\\/schema\\\/person\\\/1e95eb12553b8edd256acb00fe6dad4b\"},\"headline\":\"Galp e BMW \u2013 maior parque de carregamento ib\u00e9rico\",\"datePublished\":\"2025-09-23T17:25:16+00:00\",\"dateModified\":\"2025-09-23T17:25:18+00:00\",\"mainEntityOfPage\":{\"@id\":\"https:\\\/\\\/automotiverevista.pt\\\/index.php\\\/2025\\\/09\\\/23\\\/galp-e-bmw-maior-parque-de-carregamento-iberico\\\/\"},\"wordCount\":664,\"publisher\":{\"@id\":\"https:\\\/\\\/automotiverevista.pt\\\/#organization\"},\"image\":{\"@id\":\"https:\\\/\\\/automotiverevista.pt\\\/index.php\\\/2025\\\/09\\\/23\\\/galp-e-bmw-maior-parque-de-carregamento-iberico\\\/#primaryimage\"},\"thumbnailUrl\":\"https:\\\/\\\/automotiverevista.pt\\\/wp-content\\\/uploads\\\/2025\\\/09\\\/Sem-Titulo.jpg\",\"articleSection\":[\"Frotas\"],\"inLanguage\":\"pt-PT\"},{\"@type\":\"WebPage\",\"@id\":\"https:\\\/\\\/automotiverevista.pt\\\/index.php\\\/2025\\\/09\\\/23\\\/galp-e-bmw-maior-parque-de-carregamento-iberico\\\/\",\"url\":\"https:\\\/\\\/automotiverevista.pt\\\/index.php\\\/2025\\\/09\\\/23\\\/galp-e-bmw-maior-parque-de-carregamento-iberico\\\/\",\"name\":\"Galp e BMW \u2013 maior parque de carregamento ib\u00e9rico - Revista Automotive\",\"isPartOf\":{\"@id\":\"https:\\\/\\\/automotiverevista.pt\\\/#website\"},\"primaryImageOfPage\":{\"@id\":\"https:\\\/\\\/automotiverevista.pt\\\/index.php\\\/2025\\\/09\\\/23\\\/galp-e-bmw-maior-parque-de-carregamento-iberico\\\/#primaryimage\"},\"image\":{\"@id\":\"https:\\\/\\\/automotiverevista.pt\\\/index.php\\\/2025\\\/09\\\/23\\\/galp-e-bmw-maior-parque-de-carregamento-iberico\\\/#primaryimage\"},\"thumbnailUrl\":\"https:\\\/\\\/automotiverevista.pt\\\/wp-content\\\/uploads\\\/2025\\\/09\\\/Sem-Titulo.jpg\",\"datePublished\":\"2025-09-23T17:25:16+00:00\",\"dateModified\":\"2025-09-23T17:25:18+00:00\",\"description\":\"A Galp investiu mais de \u20ac1,3 mil milh\u00f5es em Espanha nos \u00faltimos cinco anos, consolidando-se como um dos principais produtores de energia sola\",\"breadcrumb\":{\"@id\":\"https:\\\/\\\/automotiverevista.pt\\\/index.php\\\/2025\\\/09\\\/23\\\/galp-e-bmw-maior-parque-de-carregamento-iberico\\\/#breadcrumb\"},\"inLanguage\":\"pt-PT\",\"potentialAction\":[{\"@type\":\"ReadAction\",\"target\":[\"https:\\\/\\\/automotiverevista.pt\\\/index.php\\\/2025\\\/09\\\/23\\\/galp-e-bmw-maior-parque-de-carregamento-iberico\\\/\"]}]},{\"@type\":\"ImageObject\",\"inLanguage\":\"pt-PT\",\"@id\":\"https:\\\/\\\/automotiverevista.pt\\\/index.php\\\/2025\\\/09\\\/23\\\/galp-e-bmw-maior-parque-de-carregamento-iberico\\\/#primaryimage\",\"url\":\"https:\\\/\\\/automotiverevista.pt\\\/wp-content\\\/uploads\\\/2025\\\/09\\\/Sem-Titulo.jpg\",\"contentUrl\":\"https:\\\/\\\/automotiverevista.pt\\\/wp-content\\\/uploads\\\/2025\\\/09\\\/Sem-Titulo.jpg\",\"width\":880,\"height\":444,\"caption\":\"\u00c0 esquerda Jo\u00e3o Diogo Marques da Silva, co-CEO de Galp e Manuel Terroba, presidente executivo da BMW Group para Ib\u00e9ria \u00e0 direita\"},{\"@type\":\"BreadcrumbList\",\"@id\":\"https:\\\/\\\/automotiverevista.pt\\\/index.php\\\/2025\\\/09\\\/23\\\/galp-e-bmw-maior-parque-de-carregamento-iberico\\\/#breadcrumb\",\"itemListElement\":[{\"@type\":\"ListItem\",\"position\":1,\"name\":\"Home\",\"item\":\"https:\\\/\\\/automotiverevista.pt\\\/\"},{\"@type\":\"ListItem\",\"position\":2,\"name\":\"Galp e BMW \u2013 maior parque de carregamento ib\u00e9rico\"}]},{\"@type\":\"WebSite\",\"@id\":\"https:\\\/\\\/automotiverevista.pt\\\/#website\",\"url\":\"https:\\\/\\\/automotiverevista.pt\\\/\",\"name\":\"Revista Automotive\",\"description\":\"Revista Automotive Portugal\",\"publisher\":{\"@id\":\"https:\\\/\\\/automotiverevista.pt\\\/#organization\"},\"potentialAction\":[{\"@type\":\"SearchAction\",\"target\":{\"@type\":\"EntryPoint\",\"urlTemplate\":\"https:\\\/\\\/automotiverevista.pt\\\/?s={search_term_string}\"},\"query-input\":{\"@type\":\"PropertyValueSpecification\",\"valueRequired\":true,\"valueName\":\"search_term_string\"}}],\"inLanguage\":\"pt-PT\"},{\"@type\":\"Organization\",\"@id\":\"https:\\\/\\\/automotiverevista.pt\\\/#organization\",\"name\":\"Revista Automotive Portugal\",\"url\":\"https:\\\/\\\/automotiverevista.pt\\\/\",\"logo\":{\"@type\":\"ImageObject\",\"inLanguage\":\"pt-PT\",\"@id\":\"https:\\\/\\\/automotiverevista.pt\\\/#\\\/schema\\\/logo\\\/image\\\/\",\"url\":\"https:\\\/\\\/automotiverevista.pt\\\/wp-content\\\/uploads\\\/2022\\\/07\\\/Logo-Automotive-2021_500-1.jpg\",\"contentUrl\":\"https:\\\/\\\/automotiverevista.pt\\\/wp-content\\\/uploads\\\/2022\\\/07\\\/Logo-Automotive-2021_500-1.jpg\",\"width\":500,\"height\":160,\"caption\":\"Revista Automotive Portugal\"},\"image\":{\"@id\":\"https:\\\/\\\/automotiverevista.pt\\\/#\\\/schema\\\/logo\\\/image\\\/\"},\"sameAs\":[\"https:\\\/\\\/linkedin.com\\\/in\\\/automotiverevista\"]},{\"@type\":\"Person\",\"@id\":\"https:\\\/\\\/automotiverevista.pt\\\/#\\\/schema\\\/person\\\/1e95eb12553b8edd256acb00fe6dad4b\",\"name\":\"Fatima Silva\",\"image\":{\"@type\":\"ImageObject\",\"inLanguage\":\"pt-PT\",\"@id\":\"https:\\\/\\\/secure.gravatar.com\\\/avatar\\\/4b4a955a9c1b66708ab0dd3bd6181ac1f650299d893bd337a28482f7f19c8511?s=96&d=mm&r=g\",\"url\":\"https:\\\/\\\/secure.gravatar.com\\\/avatar\\\/4b4a955a9c1b66708ab0dd3bd6181ac1f650299d893bd337a28482f7f19c8511?s=96&d=mm&r=g\",\"contentUrl\":\"https:\\\/\\\/secure.gravatar.com\\\/avatar\\\/4b4a955a9c1b66708ab0dd3bd6181ac1f650299d893bd337a28482f7f19c8511?s=96&d=mm&r=g\",\"caption\":\"Fatima Silva\"},\"url\":\"https:\\\/\\\/automotiverevista.pt\\\/index.php\\\/author\\\/fgasparsilva\\\/\"}]}<\/script>\n<!-- \/ Yoast SEO Premium plugin. -->","yoast_head_json":{"title":"Galp e BMW \u2013 maior parque de carregamento ib\u00e9rico - Revista Automotive","description":"A Galp investiu mais de \u20ac1,3 mil milh\u00f5es em Espanha nos \u00faltimos cinco anos, consolidando-se como um dos principais produtores de energia sola","robots":{"index":"index","follow":"follow","max-snippet":"max-snippet:-1","max-image-preview":"max-image-preview:large","max-video-preview":"max-video-preview:-1"},"canonical":"https:\/\/automotiverevista.pt\/index.php\/2025\/09\/23\/galp-e-bmw-maior-parque-de-carregamento-iberico\/","og_locale":"pt_PT","og_type":"article","og_title":"Galp e BMW \u2013 maior parque de carregamento ib\u00e9rico","og_description":"A Galp investiu mais de \u20ac1,3 mil milh\u00f5es em Espanha nos \u00faltimos cinco anos, consolidando-se como um dos principais produtores de energia sola","og_url":"https:\/\/automotiverevista.pt\/index.php\/2025\/09\/23\/galp-e-bmw-maior-parque-de-carregamento-iberico\/","og_site_name":"Revista Automotive","article_published_time":"2025-09-23T17:25:16+00:00","article_modified_time":"2025-09-23T17:25:18+00:00","og_image":[{"width":880,"height":444,"url":"https:\/\/automotiverevista.pt\/wp-content\/uploads\/2025\/09\/Sem-Titulo.jpg","type":"image\/jpeg"}],"author":"Fatima Silva","twitter_card":"summary_large_image","twitter_misc":{"Escrito por":"Fatima Silva","Tempo estimado de leitura":"4 minutos"},"schema":{"@context":"https:\/\/schema.org","@graph":[{"@type":"Article","@id":"https:\/\/automotiverevista.pt\/index.php\/2025\/09\/23\/galp-e-bmw-maior-parque-de-carregamento-iberico\/#article","isPartOf":{"@id":"https:\/\/automotiverevista.pt\/index.php\/2025\/09\/23\/galp-e-bmw-maior-parque-de-carregamento-iberico\/"},"author":{"name":"Fatima Silva","@id":"https:\/\/automotiverevista.pt\/#\/schema\/person\/1e95eb12553b8edd256acb00fe6dad4b"},"headline":"Galp e BMW \u2013 maior parque de carregamento ib\u00e9rico","datePublished":"2025-09-23T17:25:16+00:00","dateModified":"2025-09-23T17:25:18+00:00","mainEntityOfPage":{"@id":"https:\/\/automotiverevista.pt\/index.php\/2025\/09\/23\/galp-e-bmw-maior-parque-de-carregamento-iberico\/"},"wordCount":664,"publisher":{"@id":"https:\/\/automotiverevista.pt\/#organization"},"image":{"@id":"https:\/\/automotiverevista.pt\/index.php\/2025\/09\/23\/galp-e-bmw-maior-parque-de-carregamento-iberico\/#primaryimage"},"thumbnailUrl":"https:\/\/automotiverevista.pt\/wp-content\/uploads\/2025\/09\/Sem-Titulo.jpg","articleSection":["Frotas"],"inLanguage":"pt-PT"},{"@type":"WebPage","@id":"https:\/\/automotiverevista.pt\/index.php\/2025\/09\/23\/galp-e-bmw-maior-parque-de-carregamento-iberico\/","url":"https:\/\/automotiverevista.pt\/index.php\/2025\/09\/23\/galp-e-bmw-maior-parque-de-carregamento-iberico\/","name":"Galp e BMW \u2013 maior parque de carregamento ib\u00e9rico - Revista Automotive","isPartOf":{"@id":"https:\/\/automotiverevista.pt\/#website"},"primaryImageOfPage":{"@id":"https:\/\/automotiverevista.pt\/index.php\/2025\/09\/23\/galp-e-bmw-maior-parque-de-carregamento-iberico\/#primaryimage"},"image":{"@id":"https:\/\/automotiverevista.pt\/index.php\/2025\/09\/23\/galp-e-bmw-maior-parque-de-carregamento-iberico\/#primaryimage"},"thumbnailUrl":"https:\/\/automotiverevista.pt\/wp-content\/uploads\/2025\/09\/Sem-Titulo.jpg","datePublished":"2025-09-23T17:25:16+00:00","dateModified":"2025-09-23T17:25:18+00:00","description":"A Galp investiu mais de \u20ac1,3 mil milh\u00f5es em Espanha nos \u00faltimos cinco anos, consolidando-se como um dos principais produtores de energia sola","breadcrumb":{"@id":"https:\/\/automotiverevista.pt\/index.php\/2025\/09\/23\/galp-e-bmw-maior-parque-de-carregamento-iberico\/#breadcrumb"},"inLanguage":"pt-PT","potentialAction":[{"@type":"ReadAction","target":["https:\/\/automotiverevista.pt\/index.php\/2025\/09\/23\/galp-e-bmw-maior-parque-de-carregamento-iberico\/"]}]},{"@type":"ImageObject","inLanguage":"pt-PT","@id":"https:\/\/automotiverevista.pt\/index.php\/2025\/09\/23\/galp-e-bmw-maior-parque-de-carregamento-iberico\/#primaryimage","url":"https:\/\/automotiverevista.pt\/wp-content\/uploads\/2025\/09\/Sem-Titulo.jpg","contentUrl":"https:\/\/automotiverevista.pt\/wp-content\/uploads\/2025\/09\/Sem-Titulo.jpg","width":880,"height":444,"caption":"\u00c0 esquerda Jo\u00e3o Diogo Marques da Silva, co-CEO de Galp e Manuel Terroba, presidente executivo da BMW Group para Ib\u00e9ria \u00e0 direita"},{"@type":"BreadcrumbList","@id":"https:\/\/automotiverevista.pt\/index.php\/2025\/09\/23\/galp-e-bmw-maior-parque-de-carregamento-iberico\/#breadcrumb","itemListElement":[{"@type":"ListItem","position":1,"name":"Home","item":"https:\/\/automotiverevista.pt\/"},{"@type":"ListItem","position":2,"name":"Galp e BMW \u2013 maior parque de carregamento ib\u00e9rico"}]},{"@type":"WebSite","@id":"https:\/\/automotiverevista.pt\/#website","url":"https:\/\/automotiverevista.pt\/","name":"Revista Automotive","description":"Revista Automotive Portugal","publisher":{"@id":"https:\/\/automotiverevista.pt\/#organization"},"potentialAction":[{"@type":"SearchAction","target":{"@type":"EntryPoint","urlTemplate":"https:\/\/automotiverevista.pt\/?s={search_term_string}"},"query-input":{"@type":"PropertyValueSpecification","valueRequired":true,"valueName":"search_term_string"}}],"inLanguage":"pt-PT"},{"@type":"Organization","@id":"https:\/\/automotiverevista.pt\/#organization","name":"Revista Automotive Portugal","url":"https:\/\/automotiverevista.pt\/","logo":{"@type":"ImageObject","inLanguage":"pt-PT","@id":"https:\/\/automotiverevista.pt\/#\/schema\/logo\/image\/","url":"https:\/\/automotiverevista.pt\/wp-content\/uploads\/2022\/07\/Logo-Automotive-2021_500-1.jpg","contentUrl":"https:\/\/automotiverevista.pt\/wp-content\/uploads\/2022\/07\/Logo-Automotive-2021_500-1.jpg","width":500,"height":160,"caption":"Revista Automotive Portugal"},"image":{"@id":"https:\/\/automotiverevista.pt\/#\/schema\/logo\/image\/"},"sameAs":["https:\/\/linkedin.com\/in\/automotiverevista"]},{"@type":"Person","@id":"https:\/\/automotiverevista.pt\/#\/schema\/person\/1e95eb12553b8edd256acb00fe6dad4b","name":"Fatima Silva","image":{"@type":"ImageObject","inLanguage":"pt-PT","@id":"https:\/\/secure.gravatar.com\/avatar\/4b4a955a9c1b66708ab0dd3bd6181ac1f650299d893bd337a28482f7f19c8511?s=96&d=mm&r=g","url":"https:\/\/secure.gravatar.com\/avatar\/4b4a955a9c1b66708ab0dd3bd6181ac1f650299d893bd337a28482f7f19c8511?s=96&d=mm&r=g","contentUrl":"https:\/\/secure.gravatar.com\/avatar\/4b4a955a9c1b66708ab0dd3bd6181ac1f650299d893bd337a28482f7f19c8511?s=96&d=mm&r=g","caption":"Fatima Silva"},"url":"https:\/\/automotiverevista.pt\/index.php\/author\/fgasparsilva\/"}]}},"_links":{"self":[{"href":"https:\/\/automotiverevista.pt\/index.php\/wp-json\/wp\/v2\/posts\/11016","targetHints":{"allow":["GET"]}}],"collection":[{"href":"https:\/\/automotiverevista.pt\/index.php\/wp-json\/wp\/v2\/posts"}],"about":[{"href":"https:\/\/automotiverevista.pt\/index.php\/wp-json\/wp\/v2\/types\/post"}],"author":[{"embeddable":true,"href":"https:\/\/automotiverevista.pt\/index.php\/wp-json\/wp\/v2\/users\/4"}],"replies":[{"embeddable":true,"href":"https:\/\/automotiverevista.pt\/index.php\/wp-json\/wp\/v2\/comments?post=11016"}],"version-history":[{"count":3,"href":"https:\/\/automotiverevista.pt\/index.php\/wp-json\/wp\/v2\/posts\/11016\/revisions"}],"predecessor-version":[{"id":11022,"href":"https:\/\/automotiverevista.pt\/index.php\/wp-json\/wp\/v2\/posts\/11016\/revisions\/11022"}],"wp:featuredmedia":[{"embeddable":true,"href":"https:\/\/automotiverevista.pt\/index.php\/wp-json\/wp\/v2\/media\/11020"}],"wp:attachment":[{"href":"https:\/\/automotiverevista.pt\/index.php\/wp-json\/wp\/v2\/media?parent=11016"}],"wp:term":[{"taxonomy":"category","embeddable":true,"href":"https:\/\/automotiverevista.pt\/index.php\/wp-json\/wp\/v2\/categories?post=11016"},{"taxonomy":"post_tag","embeddable":true,"href":"https:\/\/automotiverevista.pt\/index.php\/wp-json\/wp\/v2\/tags?post=11016"}],"curies":[{"name":"wp","href":"https:\/\/api.w.org\/{rel}","templated":true}]}}