{"id":11025,"date":"2025-10-06T06:18:00","date_gmt":"2025-10-06T06:18:00","guid":{"rendered":"https:\/\/automotiverevista.pt\/?p=11025"},"modified":"2025-10-05T19:19:36","modified_gmt":"2025-10-05T19:19:36","slug":"toyota-challenge-2025-com-novo-traigo-48v","status":"publish","type":"post","link":"https:\/\/automotiverevista.pt\/index.php\/2025\/10\/06\/toyota-challenge-2025-com-novo-traigo-48v\/","title":{"rendered":"Toyota Challenge 2025 com novo Traigo 48v"},"content":{"rendered":"\n<p>A Toyota Caetano Portugal vai realizar, no pr\u00f3ximo dia 25 de outubro, o <strong>Toyota Challenge 2025<\/strong>, uma iniciativa que re\u00fane profissionais de todo o pa\u00eds para promover a condu\u00e7\u00e3o segura, eficiente e sustent\u00e1vel de equipamentos de movimenta\u00e7\u00e3o de cargas.<\/p>\n\n\n<div class=\"wp-block-image\">\n<figure class=\"alignleft size-full is-resized\"><img decoding=\"async\" width=\"948\" height=\"552\" src=\"https:\/\/automotiverevista.pt\/wp-content\/uploads\/2025\/09\/toyota-chall.jpg\" alt=\"\" class=\"wp-image-11032\" style=\"width:385px;height:auto\" srcset=\"https:\/\/automotiverevista.pt\/wp-content\/uploads\/2025\/09\/toyota-chall.jpg 948w, https:\/\/automotiverevista.pt\/wp-content\/uploads\/2025\/09\/toyota-chall-300x175.jpg 300w, https:\/\/automotiverevista.pt\/wp-content\/uploads\/2025\/09\/toyota-chall-768x447.jpg 768w, https:\/\/automotiverevista.pt\/wp-content\/uploads\/2025\/09\/toyota-chall-750x437.jpg 750w\" sizes=\"(max-width: 948px) 100vw, 948px\" \/><\/figure>\n<\/div>\n\n\n<p>O evento, que \u00e9 o \u00fanico do g\u00e9nero no nosso pa\u00eds dedicado \u00e0 comunidade dos profissionais da movimenta\u00e7\u00e3o de cargas, avalia n\u00e3o s\u00f3 a per\u00edcia dos operadores, mas essencialmente a aplica\u00e7\u00e3o das melhores pr\u00e1ticas em seguran\u00e7a e sustentabilidade.<\/p>\n\n\n\n<p>Uma das novidades desta edi\u00e7\u00e3o ser\u00e1 a presen\u00e7a do novo <strong>Traigo de 48V<\/strong>, da Toyota, que estar\u00e1 dispon\u00edvel para demonstra\u00e7\u00e3o durante o evento. A vers\u00e3o <strong>Traigo_i<\/strong> deste empilhador de \u00faltima gera\u00e7\u00e3o, foi concebida para responder aos atuais desafios da log\u00edstica, destacando-se pela efici\u00eancia energ\u00e9tica, conectividade inteligente, desempenho e um design orientado para a ergonomia e seguran\u00e7a do operador.<\/p>\n\n\n\n<p>Durante o Toyota Challenge, o novo Traigo 48V permitir\u00e1 aos participantes testar e conhecer de perto as solu\u00e7\u00f5es mais inovadoras do mercado e compreender como a efici\u00eancia e sustentabilidade est\u00e3o a transformar o setor.<\/p>\n\n\n<div class=\"wp-block-image\">\n<figure class=\"alignright size-large is-resized\"><img decoding=\"async\" width=\"1024\" height=\"454\" src=\"https:\/\/automotiverevista.pt\/wp-content\/uploads\/2025\/09\/uu-1024x454.jpg\" alt=\"\" class=\"wp-image-11034\" style=\"width:465px;height:auto\" srcset=\"https:\/\/automotiverevista.pt\/wp-content\/uploads\/2025\/09\/uu-1024x454.jpg 1024w, https:\/\/automotiverevista.pt\/wp-content\/uploads\/2025\/09\/uu-300x133.jpg 300w, https:\/\/automotiverevista.pt\/wp-content\/uploads\/2025\/09\/uu-768x340.jpg 768w, https:\/\/automotiverevista.pt\/wp-content\/uploads\/2025\/09\/uu-750x332.jpg 750w, https:\/\/automotiverevista.pt\/wp-content\/uploads\/2025\/09\/uu-1140x505.jpg 1140w, https:\/\/automotiverevista.pt\/wp-content\/uploads\/2025\/09\/uu.jpg 1422w\" sizes=\"(max-width: 1024px) 100vw, 1024px\" \/><\/figure>\n<\/div>\n\n\n<p>Sob o mote \u201cZero Muda\u201d (zero desperd\u00edcio), a Toyota Caetano Portugal coloca a vis\u00e3o da marca no terreno, promovendo a inova\u00e7\u00e3o que traz mais efici\u00eancia e valorizando o papel fundamental dos profissionais da movimenta\u00e7\u00e3o de cargas, para a sustentabilidade das opera\u00e7\u00f5es, com zero acidentes. O Toyota Challenge 2025 decorrer\u00e1 no distrito de&nbsp;Aveiro, mais concretamente nas instala\u00e7\u00f5es da empresa&nbsp;Logiqueen Norte, em&nbsp;Albergaria-a-Velha.<\/p>\n\n\n\n<p>O evento tem a dura\u00e7\u00e3o de um dia, incluindo forma\u00e7\u00e3o te\u00f3rica e torneio com desafios pr\u00e1ticos. Durante o Toyota Challenge, os participantes ter\u00e3o oportunidade de p\u00f4r \u00e0 prova a vis\u00e3o \u201cZero Muda\u201d da Toyota aplicada aos novos empilhadores de 48volts &#8211; Toyota Traigo48.<\/p>\n\n\n<div class=\"wp-block-image\">\n<figure class=\"aligncenter size-large\"><img decoding=\"async\" width=\"1024\" height=\"442\" src=\"https:\/\/automotiverevista.pt\/wp-content\/uploads\/2025\/09\/11-1-1024x442.jpg\" alt=\"\" class=\"wp-image-11033\" srcset=\"https:\/\/automotiverevista.pt\/wp-content\/uploads\/2025\/09\/11-1-1024x442.jpg 1024w, https:\/\/automotiverevista.pt\/wp-content\/uploads\/2025\/09\/11-1-300x130.jpg 300w, https:\/\/automotiverevista.pt\/wp-content\/uploads\/2025\/09\/11-1-768x332.jpg 768w, https:\/\/automotiverevista.pt\/wp-content\/uploads\/2025\/09\/11-1-1536x663.jpg 1536w, https:\/\/automotiverevista.pt\/wp-content\/uploads\/2025\/09\/11-1-750x324.jpg 750w, https:\/\/automotiverevista.pt\/wp-content\/uploads\/2025\/09\/11-1-1140x492.jpg 1140w, https:\/\/automotiverevista.pt\/wp-content\/uploads\/2025\/09\/11-1.jpg 1852w\" sizes=\"(max-width: 1024px) 100vw, 1024px\" \/><\/figure>\n<\/div>","protected":false},"excerpt":{"rendered":"<p>A Toyota Caetano Portugal vai realizar, no pr\u00f3ximo dia 25 de outubro, o Toyota Challenge 2025, uma iniciativa que re\u00fane profissionais de todo o pa\u00eds para promover a condu\u00e7\u00e3o segura, eficiente e sustent\u00e1vel de equipamentos de movimenta\u00e7\u00e3o de cargas. O evento, que \u00e9 o \u00fanico do g\u00e9nero no nosso pa\u00eds dedicado \u00e0 comunidade dos profissionais [&hellip;]<\/p>\n","protected":false},"author":4,"featured_media":11031,"comment_status":"closed","ping_status":"open","sticky":false,"template":"","format":"standard","meta":{"jnews-multi-image_gallery":[],"jnews_single_post":{"format":"standard"},"jnews_primary_category":[],"footnotes":""},"categories":[23,25],"tags":[],"class_list":["post-11025","post","type-post","status-publish","format-standard","has-post-thumbnail","hentry","category-frotas","category-pesados-e-maquinas"],"yoast_head":"<!-- This site is optimized with the Yoast SEO Premium plugin v27.2 (Yoast SEO v27.5) - https:\/\/yoast.com\/product\/yoast-seo-premium-wordpress\/ -->\n<title>Toyota Challenge 2025 com novo Traigo 48v - Revista Automotive<\/title>\n<meta name=\"description\" content=\"Toyota Caetano Portugal vai realizar, no pr\u00f3ximo dia 25 de outubro, o Toyota Challenge 2025, uma iniciativa que re\u00fane profissionais de todo o\" \/>\n<meta name=\"robots\" content=\"index, follow, max-snippet:-1, max-image-preview:large, max-video-preview:-1\" \/>\n<link rel=\"canonical\" href=\"https:\/\/automotiverevista.pt\/index.php\/2025\/10\/06\/toyota-challenge-2025-com-novo-traigo-48v\/\" \/>\n<meta property=\"og:locale\" content=\"pt_PT\" \/>\n<meta property=\"og:type\" content=\"article\" \/>\n<meta property=\"og:title\" content=\"Toyota Challenge 2025 com novo Traigo 48v\" \/>\n<meta property=\"og:description\" content=\"Toyota Caetano Portugal vai realizar, no pr\u00f3ximo dia 25 de outubro, o Toyota Challenge 2025, uma iniciativa que re\u00fane profissionais de todo o\" \/>\n<meta property=\"og:url\" content=\"https:\/\/automotiverevista.pt\/index.php\/2025\/10\/06\/toyota-challenge-2025-com-novo-traigo-48v\/\" \/>\n<meta property=\"og:site_name\" content=\"Revista Automotive\" \/>\n<meta property=\"article:published_time\" content=\"2025-10-06T06:18:00+00:00\" \/>\n<meta property=\"og:image\" content=\"https:\/\/automotiverevista.pt\/wp-content\/uploads\/2025\/09\/1-12.jpg\" \/>\n\t<meta property=\"og:image:width\" content=\"865\" \/>\n\t<meta property=\"og:image:height\" content=\"384\" \/>\n\t<meta property=\"og:image:type\" content=\"image\/jpeg\" \/>\n<meta name=\"author\" content=\"Fatima Silva\" \/>\n<meta name=\"twitter:card\" content=\"summary_large_image\" \/>\n<meta name=\"twitter:label1\" content=\"Escrito por\" \/>\n\t<meta name=\"twitter:data1\" content=\"Fatima Silva\" \/>\n\t<meta name=\"twitter:label2\" content=\"Tempo estimado de leitura\" \/>\n\t<meta name=\"twitter:data2\" content=\"3 minutos\" \/>\n<script type=\"application\/ld+json\" class=\"yoast-schema-graph\">{\"@context\":\"https:\\\/\\\/schema.org\",\"@graph\":[{\"@type\":\"Article\",\"@id\":\"https:\\\/\\\/automotiverevista.pt\\\/index.php\\\/2025\\\/10\\\/06\\\/toyota-challenge-2025-com-novo-traigo-48v\\\/#article\",\"isPartOf\":{\"@id\":\"https:\\\/\\\/automotiverevista.pt\\\/index.php\\\/2025\\\/10\\\/06\\\/toyota-challenge-2025-com-novo-traigo-48v\\\/\"},\"author\":{\"name\":\"Fatima Silva\",\"@id\":\"https:\\\/\\\/automotiverevista.pt\\\/#\\\/schema\\\/person\\\/1e95eb12553b8edd256acb00fe6dad4b\"},\"headline\":\"Toyota Challenge 2025 com novo Traigo 48v\",\"datePublished\":\"2025-10-06T06:18:00+00:00\",\"mainEntityOfPage\":{\"@id\":\"https:\\\/\\\/automotiverevista.pt\\\/index.php\\\/2025\\\/10\\\/06\\\/toyota-challenge-2025-com-novo-traigo-48v\\\/\"},\"wordCount\":320,\"publisher\":{\"@id\":\"https:\\\/\\\/automotiverevista.pt\\\/#organization\"},\"image\":{\"@id\":\"https:\\\/\\\/automotiverevista.pt\\\/index.php\\\/2025\\\/10\\\/06\\\/toyota-challenge-2025-com-novo-traigo-48v\\\/#primaryimage\"},\"thumbnailUrl\":\"https:\\\/\\\/automotiverevista.pt\\\/wp-content\\\/uploads\\\/2025\\\/09\\\/1-12.jpg\",\"articleSection\":[\"Frotas\",\"Pesados e M\u00e1quinas\"],\"inLanguage\":\"pt-PT\"},{\"@type\":\"WebPage\",\"@id\":\"https:\\\/\\\/automotiverevista.pt\\\/index.php\\\/2025\\\/10\\\/06\\\/toyota-challenge-2025-com-novo-traigo-48v\\\/\",\"url\":\"https:\\\/\\\/automotiverevista.pt\\\/index.php\\\/2025\\\/10\\\/06\\\/toyota-challenge-2025-com-novo-traigo-48v\\\/\",\"name\":\"Toyota Challenge 2025 com novo Traigo 48v - Revista Automotive\",\"isPartOf\":{\"@id\":\"https:\\\/\\\/automotiverevista.pt\\\/#website\"},\"primaryImageOfPage\":{\"@id\":\"https:\\\/\\\/automotiverevista.pt\\\/index.php\\\/2025\\\/10\\\/06\\\/toyota-challenge-2025-com-novo-traigo-48v\\\/#primaryimage\"},\"image\":{\"@id\":\"https:\\\/\\\/automotiverevista.pt\\\/index.php\\\/2025\\\/10\\\/06\\\/toyota-challenge-2025-com-novo-traigo-48v\\\/#primaryimage\"},\"thumbnailUrl\":\"https:\\\/\\\/automotiverevista.pt\\\/wp-content\\\/uploads\\\/2025\\\/09\\\/1-12.jpg\",\"datePublished\":\"2025-10-06T06:18:00+00:00\",\"description\":\"Toyota Caetano Portugal vai realizar, no pr\u00f3ximo dia 25 de outubro, o Toyota Challenge 2025, uma iniciativa que re\u00fane profissionais de todo o\",\"breadcrumb\":{\"@id\":\"https:\\\/\\\/automotiverevista.pt\\\/index.php\\\/2025\\\/10\\\/06\\\/toyota-challenge-2025-com-novo-traigo-48v\\\/#breadcrumb\"},\"inLanguage\":\"pt-PT\",\"potentialAction\":[{\"@type\":\"ReadAction\",\"target\":[\"https:\\\/\\\/automotiverevista.pt\\\/index.php\\\/2025\\\/10\\\/06\\\/toyota-challenge-2025-com-novo-traigo-48v\\\/\"]}]},{\"@type\":\"ImageObject\",\"inLanguage\":\"pt-PT\",\"@id\":\"https:\\\/\\\/automotiverevista.pt\\\/index.php\\\/2025\\\/10\\\/06\\\/toyota-challenge-2025-com-novo-traigo-48v\\\/#primaryimage\",\"url\":\"https:\\\/\\\/automotiverevista.pt\\\/wp-content\\\/uploads\\\/2025\\\/09\\\/1-12.jpg\",\"contentUrl\":\"https:\\\/\\\/automotiverevista.pt\\\/wp-content\\\/uploads\\\/2025\\\/09\\\/1-12.jpg\",\"width\":865,\"height\":384},{\"@type\":\"BreadcrumbList\",\"@id\":\"https:\\\/\\\/automotiverevista.pt\\\/index.php\\\/2025\\\/10\\\/06\\\/toyota-challenge-2025-com-novo-traigo-48v\\\/#breadcrumb\",\"itemListElement\":[{\"@type\":\"ListItem\",\"position\":1,\"name\":\"Home\",\"item\":\"https:\\\/\\\/automotiverevista.pt\\\/\"},{\"@type\":\"ListItem\",\"position\":2,\"name\":\"Toyota Challenge 2025 com novo Traigo 48v\"}]},{\"@type\":\"WebSite\",\"@id\":\"https:\\\/\\\/automotiverevista.pt\\\/#website\",\"url\":\"https:\\\/\\\/automotiverevista.pt\\\/\",\"name\":\"Revista Automotive\",\"description\":\"Revista Automotive Portugal\",\"publisher\":{\"@id\":\"https:\\\/\\\/automotiverevista.pt\\\/#organization\"},\"potentialAction\":[{\"@type\":\"SearchAction\",\"target\":{\"@type\":\"EntryPoint\",\"urlTemplate\":\"https:\\\/\\\/automotiverevista.pt\\\/?s={search_term_string}\"},\"query-input\":{\"@type\":\"PropertyValueSpecification\",\"valueRequired\":true,\"valueName\":\"search_term_string\"}}],\"inLanguage\":\"pt-PT\"},{\"@type\":\"Organization\",\"@id\":\"https:\\\/\\\/automotiverevista.pt\\\/#organization\",\"name\":\"Revista Automotive Portugal\",\"url\":\"https:\\\/\\\/automotiverevista.pt\\\/\",\"logo\":{\"@type\":\"ImageObject\",\"inLanguage\":\"pt-PT\",\"@id\":\"https:\\\/\\\/automotiverevista.pt\\\/#\\\/schema\\\/logo\\\/image\\\/\",\"url\":\"https:\\\/\\\/automotiverevista.pt\\\/wp-content\\\/uploads\\\/2022\\\/07\\\/Logo-Automotive-2021_500-1.jpg\",\"contentUrl\":\"https:\\\/\\\/automotiverevista.pt\\\/wp-content\\\/uploads\\\/2022\\\/07\\\/Logo-Automotive-2021_500-1.jpg\",\"width\":500,\"height\":160,\"caption\":\"Revista Automotive Portugal\"},\"image\":{\"@id\":\"https:\\\/\\\/automotiverevista.pt\\\/#\\\/schema\\\/logo\\\/image\\\/\"},\"sameAs\":[\"https:\\\/\\\/linkedin.com\\\/in\\\/automotiverevista\"]},{\"@type\":\"Person\",\"@id\":\"https:\\\/\\\/automotiverevista.pt\\\/#\\\/schema\\\/person\\\/1e95eb12553b8edd256acb00fe6dad4b\",\"name\":\"Fatima Silva\",\"image\":{\"@type\":\"ImageObject\",\"inLanguage\":\"pt-PT\",\"@id\":\"https:\\\/\\\/secure.gravatar.com\\\/avatar\\\/4b4a955a9c1b66708ab0dd3bd6181ac1f650299d893bd337a28482f7f19c8511?s=96&d=mm&r=g\",\"url\":\"https:\\\/\\\/secure.gravatar.com\\\/avatar\\\/4b4a955a9c1b66708ab0dd3bd6181ac1f650299d893bd337a28482f7f19c8511?s=96&d=mm&r=g\",\"contentUrl\":\"https:\\\/\\\/secure.gravatar.com\\\/avatar\\\/4b4a955a9c1b66708ab0dd3bd6181ac1f650299d893bd337a28482f7f19c8511?s=96&d=mm&r=g\",\"caption\":\"Fatima Silva\"},\"url\":\"https:\\\/\\\/automotiverevista.pt\\\/index.php\\\/author\\\/fgasparsilva\\\/\"}]}<\/script>\n<!-- \/ Yoast SEO Premium plugin. -->","yoast_head_json":{"title":"Toyota Challenge 2025 com novo Traigo 48v - Revista Automotive","description":"Toyota Caetano Portugal vai realizar, no pr\u00f3ximo dia 25 de outubro, o Toyota Challenge 2025, uma iniciativa que re\u00fane profissionais de todo o","robots":{"index":"index","follow":"follow","max-snippet":"max-snippet:-1","max-image-preview":"max-image-preview:large","max-video-preview":"max-video-preview:-1"},"canonical":"https:\/\/automotiverevista.pt\/index.php\/2025\/10\/06\/toyota-challenge-2025-com-novo-traigo-48v\/","og_locale":"pt_PT","og_type":"article","og_title":"Toyota Challenge 2025 com novo Traigo 48v","og_description":"Toyota Caetano Portugal vai realizar, no pr\u00f3ximo dia 25 de outubro, o Toyota Challenge 2025, uma iniciativa que re\u00fane profissionais de todo o","og_url":"https:\/\/automotiverevista.pt\/index.php\/2025\/10\/06\/toyota-challenge-2025-com-novo-traigo-48v\/","og_site_name":"Revista Automotive","article_published_time":"2025-10-06T06:18:00+00:00","og_image":[{"width":865,"height":384,"url":"https:\/\/automotiverevista.pt\/wp-content\/uploads\/2025\/09\/1-12.jpg","type":"image\/jpeg"}],"author":"Fatima Silva","twitter_card":"summary_large_image","twitter_misc":{"Escrito por":"Fatima Silva","Tempo estimado de leitura":"3 minutos"},"schema":{"@context":"https:\/\/schema.org","@graph":[{"@type":"Article","@id":"https:\/\/automotiverevista.pt\/index.php\/2025\/10\/06\/toyota-challenge-2025-com-novo-traigo-48v\/#article","isPartOf":{"@id":"https:\/\/automotiverevista.pt\/index.php\/2025\/10\/06\/toyota-challenge-2025-com-novo-traigo-48v\/"},"author":{"name":"Fatima Silva","@id":"https:\/\/automotiverevista.pt\/#\/schema\/person\/1e95eb12553b8edd256acb00fe6dad4b"},"headline":"Toyota Challenge 2025 com novo Traigo 48v","datePublished":"2025-10-06T06:18:00+00:00","mainEntityOfPage":{"@id":"https:\/\/automotiverevista.pt\/index.php\/2025\/10\/06\/toyota-challenge-2025-com-novo-traigo-48v\/"},"wordCount":320,"publisher":{"@id":"https:\/\/automotiverevista.pt\/#organization"},"image":{"@id":"https:\/\/automotiverevista.pt\/index.php\/2025\/10\/06\/toyota-challenge-2025-com-novo-traigo-48v\/#primaryimage"},"thumbnailUrl":"https:\/\/automotiverevista.pt\/wp-content\/uploads\/2025\/09\/1-12.jpg","articleSection":["Frotas","Pesados e M\u00e1quinas"],"inLanguage":"pt-PT"},{"@type":"WebPage","@id":"https:\/\/automotiverevista.pt\/index.php\/2025\/10\/06\/toyota-challenge-2025-com-novo-traigo-48v\/","url":"https:\/\/automotiverevista.pt\/index.php\/2025\/10\/06\/toyota-challenge-2025-com-novo-traigo-48v\/","name":"Toyota Challenge 2025 com novo Traigo 48v - Revista Automotive","isPartOf":{"@id":"https:\/\/automotiverevista.pt\/#website"},"primaryImageOfPage":{"@id":"https:\/\/automotiverevista.pt\/index.php\/2025\/10\/06\/toyota-challenge-2025-com-novo-traigo-48v\/#primaryimage"},"image":{"@id":"https:\/\/automotiverevista.pt\/index.php\/2025\/10\/06\/toyota-challenge-2025-com-novo-traigo-48v\/#primaryimage"},"thumbnailUrl":"https:\/\/automotiverevista.pt\/wp-content\/uploads\/2025\/09\/1-12.jpg","datePublished":"2025-10-06T06:18:00+00:00","description":"Toyota Caetano Portugal vai realizar, no pr\u00f3ximo dia 25 de outubro, o Toyota Challenge 2025, uma iniciativa que re\u00fane profissionais de todo o","breadcrumb":{"@id":"https:\/\/automotiverevista.pt\/index.php\/2025\/10\/06\/toyota-challenge-2025-com-novo-traigo-48v\/#breadcrumb"},"inLanguage":"pt-PT","potentialAction":[{"@type":"ReadAction","target":["https:\/\/automotiverevista.pt\/index.php\/2025\/10\/06\/toyota-challenge-2025-com-novo-traigo-48v\/"]}]},{"@type":"ImageObject","inLanguage":"pt-PT","@id":"https:\/\/automotiverevista.pt\/index.php\/2025\/10\/06\/toyota-challenge-2025-com-novo-traigo-48v\/#primaryimage","url":"https:\/\/automotiverevista.pt\/wp-content\/uploads\/2025\/09\/1-12.jpg","contentUrl":"https:\/\/automotiverevista.pt\/wp-content\/uploads\/2025\/09\/1-12.jpg","width":865,"height":384},{"@type":"BreadcrumbList","@id":"https:\/\/automotiverevista.pt\/index.php\/2025\/10\/06\/toyota-challenge-2025-com-novo-traigo-48v\/#breadcrumb","itemListElement":[{"@type":"ListItem","position":1,"name":"Home","item":"https:\/\/automotiverevista.pt\/"},{"@type":"ListItem","position":2,"name":"Toyota Challenge 2025 com novo Traigo 48v"}]},{"@type":"WebSite","@id":"https:\/\/automotiverevista.pt\/#website","url":"https:\/\/automotiverevista.pt\/","name":"Revista Automotive","description":"Revista Automotive Portugal","publisher":{"@id":"https:\/\/automotiverevista.pt\/#organization"},"potentialAction":[{"@type":"SearchAction","target":{"@type":"EntryPoint","urlTemplate":"https:\/\/automotiverevista.pt\/?s={search_term_string}"},"query-input":{"@type":"PropertyValueSpecification","valueRequired":true,"valueName":"search_term_string"}}],"inLanguage":"pt-PT"},{"@type":"Organization","@id":"https:\/\/automotiverevista.pt\/#organization","name":"Revista Automotive Portugal","url":"https:\/\/automotiverevista.pt\/","logo":{"@type":"ImageObject","inLanguage":"pt-PT","@id":"https:\/\/automotiverevista.pt\/#\/schema\/logo\/image\/","url":"https:\/\/automotiverevista.pt\/wp-content\/uploads\/2022\/07\/Logo-Automotive-2021_500-1.jpg","contentUrl":"https:\/\/automotiverevista.pt\/wp-content\/uploads\/2022\/07\/Logo-Automotive-2021_500-1.jpg","width":500,"height":160,"caption":"Revista Automotive Portugal"},"image":{"@id":"https:\/\/automotiverevista.pt\/#\/schema\/logo\/image\/"},"sameAs":["https:\/\/linkedin.com\/in\/automotiverevista"]},{"@type":"Person","@id":"https:\/\/automotiverevista.pt\/#\/schema\/person\/1e95eb12553b8edd256acb00fe6dad4b","name":"Fatima Silva","image":{"@type":"ImageObject","inLanguage":"pt-PT","@id":"https:\/\/secure.gravatar.com\/avatar\/4b4a955a9c1b66708ab0dd3bd6181ac1f650299d893bd337a28482f7f19c8511?s=96&d=mm&r=g","url":"https:\/\/secure.gravatar.com\/avatar\/4b4a955a9c1b66708ab0dd3bd6181ac1f650299d893bd337a28482f7f19c8511?s=96&d=mm&r=g","contentUrl":"https:\/\/secure.gravatar.com\/avatar\/4b4a955a9c1b66708ab0dd3bd6181ac1f650299d893bd337a28482f7f19c8511?s=96&d=mm&r=g","caption":"Fatima Silva"},"url":"https:\/\/automotiverevista.pt\/index.php\/author\/fgasparsilva\/"}]}},"_links":{"self":[{"href":"https:\/\/automotiverevista.pt\/index.php\/wp-json\/wp\/v2\/posts\/11025","targetHints":{"allow":["GET"]}}],"collection":[{"href":"https:\/\/automotiverevista.pt\/index.php\/wp-json\/wp\/v2\/posts"}],"about":[{"href":"https:\/\/automotiverevista.pt\/index.php\/wp-json\/wp\/v2\/types\/post"}],"author":[{"embeddable":true,"href":"https:\/\/automotiverevista.pt\/index.php\/wp-json\/wp\/v2\/users\/4"}],"replies":[{"embeddable":true,"href":"https:\/\/automotiverevista.pt\/index.php\/wp-json\/wp\/v2\/comments?post=11025"}],"version-history":[{"count":2,"href":"https:\/\/automotiverevista.pt\/index.php\/wp-json\/wp\/v2\/posts\/11025\/revisions"}],"predecessor-version":[{"id":11035,"href":"https:\/\/automotiverevista.pt\/index.php\/wp-json\/wp\/v2\/posts\/11025\/revisions\/11035"}],"wp:featuredmedia":[{"embeddable":true,"href":"https:\/\/automotiverevista.pt\/index.php\/wp-json\/wp\/v2\/media\/11031"}],"wp:attachment":[{"href":"https:\/\/automotiverevista.pt\/index.php\/wp-json\/wp\/v2\/media?parent=11025"}],"wp:term":[{"taxonomy":"category","embeddable":true,"href":"https:\/\/automotiverevista.pt\/index.php\/wp-json\/wp\/v2\/categories?post=11025"},{"taxonomy":"post_tag","embeddable":true,"href":"https:\/\/automotiverevista.pt\/index.php\/wp-json\/wp\/v2\/tags?post=11025"}],"curies":[{"name":"wp","href":"https:\/\/api.w.org\/{rel}","templated":true}]}}