{"id":11068,"date":"2025-09-30T16:25:00","date_gmt":"2025-09-30T16:25:00","guid":{"rendered":"https:\/\/automotiverevista.pt\/?p=11068"},"modified":"2025-09-29T19:46:57","modified_gmt":"2025-09-29T19:46:57","slug":"henschel-procura-retomar-o-mercado-europeu-nas-carrocarias","status":"publish","type":"post","link":"https:\/\/automotiverevista.pt\/index.php\/2025\/09\/30\/henschel-procura-retomar-o-mercado-europeu-nas-carrocarias\/","title":{"rendered":"Henschel procura retomar o mercado Europeu nas carro\u00e7arias"},"content":{"rendered":"\n<p>A Henschel foi um fabricante alem\u00e3o que fez hist\u00f3ria no setor dos cami\u00f5es, tendo sendo lembrado por muitos transportadores como sin\u00f3nimo de fiabilidade dos seus cami\u00f5es que foram depois produzidos pela Mercedes-Benz.<\/p>\n\n\n\n<p>Nos anos 70 a empresa dissolveu-se, e as f\u00e1bricas em Kassel e Antu\u00e9rpia foram posteriormente desativadas. Em 1985, um cons\u00f3rcio polaco comprou a marca Henschel e passou a denominar-se <strong>Henschel Engineering Automotive<\/strong>, com produ\u00e7\u00e3o em Kostrzyn (Pol\u00f3nia). A empresa passou a produzir carro\u00e7arias para furg\u00f5es, vocacionada para o mercado polaco.<\/p>\n\n\n<div class=\"wp-block-image\">\n<figure class=\"alignleft size-large is-resized\"><img decoding=\"async\" width=\"1024\" height=\"682\" src=\"https:\/\/automotiverevista.pt\/wp-content\/uploads\/2025\/09\/IMG_4962_low-1024x682.jpg\" alt=\"\" class=\"wp-image-11071\" style=\"width:790px;height:auto\" srcset=\"https:\/\/automotiverevista.pt\/wp-content\/uploads\/2025\/09\/IMG_4962_low-1024x682.jpg 1024w, https:\/\/automotiverevista.pt\/wp-content\/uploads\/2025\/09\/IMG_4962_low-300x200.jpg 300w, https:\/\/automotiverevista.pt\/wp-content\/uploads\/2025\/09\/IMG_4962_low-768x512.jpg 768w, https:\/\/automotiverevista.pt\/wp-content\/uploads\/2025\/09\/IMG_4962_low-750x500.jpg 750w, https:\/\/automotiverevista.pt\/wp-content\/uploads\/2025\/09\/IMG_4962_low-1140x760.jpg 1140w, https:\/\/automotiverevista.pt\/wp-content\/uploads\/2025\/09\/IMG_4962_low.jpg 1400w\" sizes=\"(max-width: 1024px) 100vw, 1024px\" \/><\/figure>\n<\/div>\n\n\n<p><strong>Agora em 2025,<\/strong> no sal\u00e3o NUFAM, a Henschel anunciou a sua decis\u00e3o estrat\u00e9gica de expandir as suas atividades na Europa, ao produzir carro\u00e7arias diretamente para as marcas Volkswagen, Iveco e Isuzu. <\/p>\n\n\n\n<p>Com isto, a empresa pretende oferecer uma solu\u00e7\u00e3o de primeiro equipamento (OEM) para que as marcas possam vender o furg\u00e3o carro\u00e7ado diretamente ao cliente final.<\/p>\n\n\n\n<p>Neste momento a empresa estar\u00e1 focada no carro\u00e7amento para constru\u00e7\u00e3o civil e obras municipais, com o seu basculante trilateral em alum\u00ednio. Em conversa com a Revista Automotive, Gerrit L\u00fcders, diretor geral da Henschel, revelou que t\u00eam ambi\u00e7\u00f5es de voltar a produzir carro\u00e7arias para cami\u00f5es, bem como de ampliar a sua representatividade na Europa no <strong>segmento dos furg\u00f5es.<\/strong><\/p>\n","protected":false},"excerpt":{"rendered":"<p>A Henschel foi um fabricante alem\u00e3o que fez hist\u00f3ria no setor dos cami\u00f5es, tendo sendo lembrado por muitos transportadores como sin\u00f3nimo de fiabilidade dos seus cami\u00f5es que foram depois produzidos pela Mercedes-Benz. Nos anos 70 a empresa dissolveu-se, e as f\u00e1bricas em Kassel e Antu\u00e9rpia foram posteriormente desativadas. Em 1985, um cons\u00f3rcio polaco comprou a [&hellip;]<\/p>\n","protected":false},"author":1,"featured_media":11069,"comment_status":"closed","ping_status":"open","sticky":false,"template":"","format":"standard","meta":{"jnews-multi-image_gallery":[],"jnews_single_post":{"format":"standard"},"jnews_primary_category":[],"footnotes":""},"categories":[25],"tags":[],"class_list":["post-11068","post","type-post","status-publish","format-standard","has-post-thumbnail","hentry","category-pesados-e-maquinas"],"yoast_head":"<!-- This site is optimized with the Yoast SEO Premium plugin v27.2 (Yoast SEO v27.5) - https:\/\/yoast.com\/product\/yoast-seo-premium-wordpress\/ -->\n<title>Henschel procura retomar o mercado Europeu nas carro\u00e7arias - Revista Automotive<\/title>\n<meta name=\"description\" content=\"A Henschel foi um fabricante alem\u00e3o que fez hist\u00f3ria no setor dos cami\u00f5es, tendo sendo lembrado por muitos transportadores\" \/>\n<meta name=\"robots\" content=\"index, follow, max-snippet:-1, max-image-preview:large, max-video-preview:-1\" \/>\n<link rel=\"canonical\" href=\"https:\/\/automotiverevista.pt\/index.php\/2025\/09\/30\/henschel-procura-retomar-o-mercado-europeu-nas-carrocarias\/\" \/>\n<meta property=\"og:locale\" content=\"pt_PT\" \/>\n<meta property=\"og:type\" content=\"article\" \/>\n<meta property=\"og:title\" content=\"Henschel procura retomar o mercado Europeu nas carro\u00e7arias\" \/>\n<meta property=\"og:description\" content=\"A Henschel foi um fabricante alem\u00e3o que fez hist\u00f3ria no setor dos cami\u00f5es, tendo sendo lembrado por muitos transportadores\" \/>\n<meta property=\"og:url\" content=\"https:\/\/automotiverevista.pt\/index.php\/2025\/09\/30\/henschel-procura-retomar-o-mercado-europeu-nas-carrocarias\/\" \/>\n<meta property=\"og:site_name\" content=\"Revista Automotive\" \/>\n<meta property=\"article:published_time\" content=\"2025-09-30T16:25:00+00:00\" \/>\n<meta property=\"og:image\" content=\"https:\/\/automotiverevista.pt\/wp-content\/uploads\/2025\/09\/35644682605_572f14f8f3_h_low.jpg\" \/>\n\t<meta property=\"og:image:width\" content=\"1400\" \/>\n\t<meta property=\"og:image:height\" content=\"808\" \/>\n\t<meta property=\"og:image:type\" content=\"image\/jpeg\" \/>\n<meta name=\"author\" content=\"adminNovo\" \/>\n<meta name=\"twitter:card\" content=\"summary_large_image\" \/>\n<meta name=\"twitter:label1\" content=\"Escrito por\" \/>\n\t<meta name=\"twitter:data1\" content=\"adminNovo\" \/>\n\t<meta name=\"twitter:label2\" content=\"Tempo estimado de leitura\" \/>\n\t<meta name=\"twitter:data2\" content=\"2 minutos\" \/>\n<script type=\"application\/ld+json\" class=\"yoast-schema-graph\">{\"@context\":\"https:\\\/\\\/schema.org\",\"@graph\":[{\"@type\":\"Article\",\"@id\":\"https:\\\/\\\/automotiverevista.pt\\\/index.php\\\/2025\\\/09\\\/30\\\/henschel-procura-retomar-o-mercado-europeu-nas-carrocarias\\\/#article\",\"isPartOf\":{\"@id\":\"https:\\\/\\\/automotiverevista.pt\\\/index.php\\\/2025\\\/09\\\/30\\\/henschel-procura-retomar-o-mercado-europeu-nas-carrocarias\\\/\"},\"author\":{\"name\":\"adminNovo\",\"@id\":\"https:\\\/\\\/automotiverevista.pt\\\/#\\\/schema\\\/person\\\/1265858bc8c78a0f969de814da8be281\"},\"headline\":\"Henschel procura retomar o mercado Europeu nas carro\u00e7arias\",\"datePublished\":\"2025-09-30T16:25:00+00:00\",\"mainEntityOfPage\":{\"@id\":\"https:\\\/\\\/automotiverevista.pt\\\/index.php\\\/2025\\\/09\\\/30\\\/henschel-procura-retomar-o-mercado-europeu-nas-carrocarias\\\/\"},\"wordCount\":229,\"publisher\":{\"@id\":\"https:\\\/\\\/automotiverevista.pt\\\/#organization\"},\"image\":{\"@id\":\"https:\\\/\\\/automotiverevista.pt\\\/index.php\\\/2025\\\/09\\\/30\\\/henschel-procura-retomar-o-mercado-europeu-nas-carrocarias\\\/#primaryimage\"},\"thumbnailUrl\":\"https:\\\/\\\/automotiverevista.pt\\\/wp-content\\\/uploads\\\/2025\\\/09\\\/35644682605_572f14f8f3_h_low.jpg\",\"articleSection\":[\"Pesados e M\u00e1quinas\"],\"inLanguage\":\"pt-PT\"},{\"@type\":\"WebPage\",\"@id\":\"https:\\\/\\\/automotiverevista.pt\\\/index.php\\\/2025\\\/09\\\/30\\\/henschel-procura-retomar-o-mercado-europeu-nas-carrocarias\\\/\",\"url\":\"https:\\\/\\\/automotiverevista.pt\\\/index.php\\\/2025\\\/09\\\/30\\\/henschel-procura-retomar-o-mercado-europeu-nas-carrocarias\\\/\",\"name\":\"Henschel procura retomar o mercado Europeu nas carro\u00e7arias - Revista Automotive\",\"isPartOf\":{\"@id\":\"https:\\\/\\\/automotiverevista.pt\\\/#website\"},\"primaryImageOfPage\":{\"@id\":\"https:\\\/\\\/automotiverevista.pt\\\/index.php\\\/2025\\\/09\\\/30\\\/henschel-procura-retomar-o-mercado-europeu-nas-carrocarias\\\/#primaryimage\"},\"image\":{\"@id\":\"https:\\\/\\\/automotiverevista.pt\\\/index.php\\\/2025\\\/09\\\/30\\\/henschel-procura-retomar-o-mercado-europeu-nas-carrocarias\\\/#primaryimage\"},\"thumbnailUrl\":\"https:\\\/\\\/automotiverevista.pt\\\/wp-content\\\/uploads\\\/2025\\\/09\\\/35644682605_572f14f8f3_h_low.jpg\",\"datePublished\":\"2025-09-30T16:25:00+00:00\",\"description\":\"A Henschel foi um fabricante alem\u00e3o que fez hist\u00f3ria no setor dos cami\u00f5es, tendo sendo lembrado por muitos transportadores\",\"breadcrumb\":{\"@id\":\"https:\\\/\\\/automotiverevista.pt\\\/index.php\\\/2025\\\/09\\\/30\\\/henschel-procura-retomar-o-mercado-europeu-nas-carrocarias\\\/#breadcrumb\"},\"inLanguage\":\"pt-PT\",\"potentialAction\":[{\"@type\":\"ReadAction\",\"target\":[\"https:\\\/\\\/automotiverevista.pt\\\/index.php\\\/2025\\\/09\\\/30\\\/henschel-procura-retomar-o-mercado-europeu-nas-carrocarias\\\/\"]}]},{\"@type\":\"ImageObject\",\"inLanguage\":\"pt-PT\",\"@id\":\"https:\\\/\\\/automotiverevista.pt\\\/index.php\\\/2025\\\/09\\\/30\\\/henschel-procura-retomar-o-mercado-europeu-nas-carrocarias\\\/#primaryimage\",\"url\":\"https:\\\/\\\/automotiverevista.pt\\\/wp-content\\\/uploads\\\/2025\\\/09\\\/35644682605_572f14f8f3_h_low.jpg\",\"contentUrl\":\"https:\\\/\\\/automotiverevista.pt\\\/wp-content\\\/uploads\\\/2025\\\/09\\\/35644682605_572f14f8f3_h_low.jpg\",\"width\":1400,\"height\":808},{\"@type\":\"BreadcrumbList\",\"@id\":\"https:\\\/\\\/automotiverevista.pt\\\/index.php\\\/2025\\\/09\\\/30\\\/henschel-procura-retomar-o-mercado-europeu-nas-carrocarias\\\/#breadcrumb\",\"itemListElement\":[{\"@type\":\"ListItem\",\"position\":1,\"name\":\"Home\",\"item\":\"https:\\\/\\\/automotiverevista.pt\\\/\"},{\"@type\":\"ListItem\",\"position\":2,\"name\":\"Henschel procura retomar o mercado Europeu nas carro\u00e7arias\"}]},{\"@type\":\"WebSite\",\"@id\":\"https:\\\/\\\/automotiverevista.pt\\\/#website\",\"url\":\"https:\\\/\\\/automotiverevista.pt\\\/\",\"name\":\"Revista Automotive\",\"description\":\"Revista Automotive Portugal\",\"publisher\":{\"@id\":\"https:\\\/\\\/automotiverevista.pt\\\/#organization\"},\"potentialAction\":[{\"@type\":\"SearchAction\",\"target\":{\"@type\":\"EntryPoint\",\"urlTemplate\":\"https:\\\/\\\/automotiverevista.pt\\\/?s={search_term_string}\"},\"query-input\":{\"@type\":\"PropertyValueSpecification\",\"valueRequired\":true,\"valueName\":\"search_term_string\"}}],\"inLanguage\":\"pt-PT\"},{\"@type\":\"Organization\",\"@id\":\"https:\\\/\\\/automotiverevista.pt\\\/#organization\",\"name\":\"Revista Automotive Portugal\",\"url\":\"https:\\\/\\\/automotiverevista.pt\\\/\",\"logo\":{\"@type\":\"ImageObject\",\"inLanguage\":\"pt-PT\",\"@id\":\"https:\\\/\\\/automotiverevista.pt\\\/#\\\/schema\\\/logo\\\/image\\\/\",\"url\":\"https:\\\/\\\/automotiverevista.pt\\\/wp-content\\\/uploads\\\/2022\\\/07\\\/Logo-Automotive-2021_500-1.jpg\",\"contentUrl\":\"https:\\\/\\\/automotiverevista.pt\\\/wp-content\\\/uploads\\\/2022\\\/07\\\/Logo-Automotive-2021_500-1.jpg\",\"width\":500,\"height\":160,\"caption\":\"Revista Automotive Portugal\"},\"image\":{\"@id\":\"https:\\\/\\\/automotiverevista.pt\\\/#\\\/schema\\\/logo\\\/image\\\/\"},\"sameAs\":[\"https:\\\/\\\/linkedin.com\\\/in\\\/automotiverevista\"]},{\"@type\":\"Person\",\"@id\":\"https:\\\/\\\/automotiverevista.pt\\\/#\\\/schema\\\/person\\\/1265858bc8c78a0f969de814da8be281\",\"name\":\"adminNovo\",\"image\":{\"@type\":\"ImageObject\",\"inLanguage\":\"pt-PT\",\"@id\":\"https:\\\/\\\/secure.gravatar.com\\\/avatar\\\/c606c1288dcc11eb4c709aa5136fdb962583c410f5c23c0b7bf6917c542be355?s=96&d=mm&r=g\",\"url\":\"https:\\\/\\\/secure.gravatar.com\\\/avatar\\\/c606c1288dcc11eb4c709aa5136fdb962583c410f5c23c0b7bf6917c542be355?s=96&d=mm&r=g\",\"contentUrl\":\"https:\\\/\\\/secure.gravatar.com\\\/avatar\\\/c606c1288dcc11eb4c709aa5136fdb962583c410f5c23c0b7bf6917c542be355?s=96&d=mm&r=g\",\"caption\":\"adminNovo\"},\"sameAs\":[\"https:\\\/\\\/automotiverevista.pt\"],\"url\":\"https:\\\/\\\/automotiverevista.pt\\\/index.php\\\/author\\\/adminnovo\\\/\"}]}<\/script>\n<!-- \/ Yoast SEO Premium plugin. -->","yoast_head_json":{"title":"Henschel procura retomar o mercado Europeu nas carro\u00e7arias - Revista Automotive","description":"A Henschel foi um fabricante alem\u00e3o que fez hist\u00f3ria no setor dos cami\u00f5es, tendo sendo lembrado por muitos transportadores","robots":{"index":"index","follow":"follow","max-snippet":"max-snippet:-1","max-image-preview":"max-image-preview:large","max-video-preview":"max-video-preview:-1"},"canonical":"https:\/\/automotiverevista.pt\/index.php\/2025\/09\/30\/henschel-procura-retomar-o-mercado-europeu-nas-carrocarias\/","og_locale":"pt_PT","og_type":"article","og_title":"Henschel procura retomar o mercado Europeu nas carro\u00e7arias","og_description":"A Henschel foi um fabricante alem\u00e3o que fez hist\u00f3ria no setor dos cami\u00f5es, tendo sendo lembrado por muitos transportadores","og_url":"https:\/\/automotiverevista.pt\/index.php\/2025\/09\/30\/henschel-procura-retomar-o-mercado-europeu-nas-carrocarias\/","og_site_name":"Revista Automotive","article_published_time":"2025-09-30T16:25:00+00:00","og_image":[{"width":1400,"height":808,"url":"https:\/\/automotiverevista.pt\/wp-content\/uploads\/2025\/09\/35644682605_572f14f8f3_h_low.jpg","type":"image\/jpeg"}],"author":"adminNovo","twitter_card":"summary_large_image","twitter_misc":{"Escrito por":"adminNovo","Tempo estimado de leitura":"2 minutos"},"schema":{"@context":"https:\/\/schema.org","@graph":[{"@type":"Article","@id":"https:\/\/automotiverevista.pt\/index.php\/2025\/09\/30\/henschel-procura-retomar-o-mercado-europeu-nas-carrocarias\/#article","isPartOf":{"@id":"https:\/\/automotiverevista.pt\/index.php\/2025\/09\/30\/henschel-procura-retomar-o-mercado-europeu-nas-carrocarias\/"},"author":{"name":"adminNovo","@id":"https:\/\/automotiverevista.pt\/#\/schema\/person\/1265858bc8c78a0f969de814da8be281"},"headline":"Henschel procura retomar o mercado Europeu nas carro\u00e7arias","datePublished":"2025-09-30T16:25:00+00:00","mainEntityOfPage":{"@id":"https:\/\/automotiverevista.pt\/index.php\/2025\/09\/30\/henschel-procura-retomar-o-mercado-europeu-nas-carrocarias\/"},"wordCount":229,"publisher":{"@id":"https:\/\/automotiverevista.pt\/#organization"},"image":{"@id":"https:\/\/automotiverevista.pt\/index.php\/2025\/09\/30\/henschel-procura-retomar-o-mercado-europeu-nas-carrocarias\/#primaryimage"},"thumbnailUrl":"https:\/\/automotiverevista.pt\/wp-content\/uploads\/2025\/09\/35644682605_572f14f8f3_h_low.jpg","articleSection":["Pesados e M\u00e1quinas"],"inLanguage":"pt-PT"},{"@type":"WebPage","@id":"https:\/\/automotiverevista.pt\/index.php\/2025\/09\/30\/henschel-procura-retomar-o-mercado-europeu-nas-carrocarias\/","url":"https:\/\/automotiverevista.pt\/index.php\/2025\/09\/30\/henschel-procura-retomar-o-mercado-europeu-nas-carrocarias\/","name":"Henschel procura retomar o mercado Europeu nas carro\u00e7arias - Revista Automotive","isPartOf":{"@id":"https:\/\/automotiverevista.pt\/#website"},"primaryImageOfPage":{"@id":"https:\/\/automotiverevista.pt\/index.php\/2025\/09\/30\/henschel-procura-retomar-o-mercado-europeu-nas-carrocarias\/#primaryimage"},"image":{"@id":"https:\/\/automotiverevista.pt\/index.php\/2025\/09\/30\/henschel-procura-retomar-o-mercado-europeu-nas-carrocarias\/#primaryimage"},"thumbnailUrl":"https:\/\/automotiverevista.pt\/wp-content\/uploads\/2025\/09\/35644682605_572f14f8f3_h_low.jpg","datePublished":"2025-09-30T16:25:00+00:00","description":"A Henschel foi um fabricante alem\u00e3o que fez hist\u00f3ria no setor dos cami\u00f5es, tendo sendo lembrado por muitos transportadores","breadcrumb":{"@id":"https:\/\/automotiverevista.pt\/index.php\/2025\/09\/30\/henschel-procura-retomar-o-mercado-europeu-nas-carrocarias\/#breadcrumb"},"inLanguage":"pt-PT","potentialAction":[{"@type":"ReadAction","target":["https:\/\/automotiverevista.pt\/index.php\/2025\/09\/30\/henschel-procura-retomar-o-mercado-europeu-nas-carrocarias\/"]}]},{"@type":"ImageObject","inLanguage":"pt-PT","@id":"https:\/\/automotiverevista.pt\/index.php\/2025\/09\/30\/henschel-procura-retomar-o-mercado-europeu-nas-carrocarias\/#primaryimage","url":"https:\/\/automotiverevista.pt\/wp-content\/uploads\/2025\/09\/35644682605_572f14f8f3_h_low.jpg","contentUrl":"https:\/\/automotiverevista.pt\/wp-content\/uploads\/2025\/09\/35644682605_572f14f8f3_h_low.jpg","width":1400,"height":808},{"@type":"BreadcrumbList","@id":"https:\/\/automotiverevista.pt\/index.php\/2025\/09\/30\/henschel-procura-retomar-o-mercado-europeu-nas-carrocarias\/#breadcrumb","itemListElement":[{"@type":"ListItem","position":1,"name":"Home","item":"https:\/\/automotiverevista.pt\/"},{"@type":"ListItem","position":2,"name":"Henschel procura retomar o mercado Europeu nas carro\u00e7arias"}]},{"@type":"WebSite","@id":"https:\/\/automotiverevista.pt\/#website","url":"https:\/\/automotiverevista.pt\/","name":"Revista Automotive","description":"Revista Automotive Portugal","publisher":{"@id":"https:\/\/automotiverevista.pt\/#organization"},"potentialAction":[{"@type":"SearchAction","target":{"@type":"EntryPoint","urlTemplate":"https:\/\/automotiverevista.pt\/?s={search_term_string}"},"query-input":{"@type":"PropertyValueSpecification","valueRequired":true,"valueName":"search_term_string"}}],"inLanguage":"pt-PT"},{"@type":"Organization","@id":"https:\/\/automotiverevista.pt\/#organization","name":"Revista Automotive Portugal","url":"https:\/\/automotiverevista.pt\/","logo":{"@type":"ImageObject","inLanguage":"pt-PT","@id":"https:\/\/automotiverevista.pt\/#\/schema\/logo\/image\/","url":"https:\/\/automotiverevista.pt\/wp-content\/uploads\/2022\/07\/Logo-Automotive-2021_500-1.jpg","contentUrl":"https:\/\/automotiverevista.pt\/wp-content\/uploads\/2022\/07\/Logo-Automotive-2021_500-1.jpg","width":500,"height":160,"caption":"Revista Automotive Portugal"},"image":{"@id":"https:\/\/automotiverevista.pt\/#\/schema\/logo\/image\/"},"sameAs":["https:\/\/linkedin.com\/in\/automotiverevista"]},{"@type":"Person","@id":"https:\/\/automotiverevista.pt\/#\/schema\/person\/1265858bc8c78a0f969de814da8be281","name":"adminNovo","image":{"@type":"ImageObject","inLanguage":"pt-PT","@id":"https:\/\/secure.gravatar.com\/avatar\/c606c1288dcc11eb4c709aa5136fdb962583c410f5c23c0b7bf6917c542be355?s=96&d=mm&r=g","url":"https:\/\/secure.gravatar.com\/avatar\/c606c1288dcc11eb4c709aa5136fdb962583c410f5c23c0b7bf6917c542be355?s=96&d=mm&r=g","contentUrl":"https:\/\/secure.gravatar.com\/avatar\/c606c1288dcc11eb4c709aa5136fdb962583c410f5c23c0b7bf6917c542be355?s=96&d=mm&r=g","caption":"adminNovo"},"sameAs":["https:\/\/automotiverevista.pt"],"url":"https:\/\/automotiverevista.pt\/index.php\/author\/adminnovo\/"}]}},"_links":{"self":[{"href":"https:\/\/automotiverevista.pt\/index.php\/wp-json\/wp\/v2\/posts\/11068","targetHints":{"allow":["GET"]}}],"collection":[{"href":"https:\/\/automotiverevista.pt\/index.php\/wp-json\/wp\/v2\/posts"}],"about":[{"href":"https:\/\/automotiverevista.pt\/index.php\/wp-json\/wp\/v2\/types\/post"}],"author":[{"embeddable":true,"href":"https:\/\/automotiverevista.pt\/index.php\/wp-json\/wp\/v2\/users\/1"}],"replies":[{"embeddable":true,"href":"https:\/\/automotiverevista.pt\/index.php\/wp-json\/wp\/v2\/comments?post=11068"}],"version-history":[{"count":2,"href":"https:\/\/automotiverevista.pt\/index.php\/wp-json\/wp\/v2\/posts\/11068\/revisions"}],"predecessor-version":[{"id":11073,"href":"https:\/\/automotiverevista.pt\/index.php\/wp-json\/wp\/v2\/posts\/11068\/revisions\/11073"}],"wp:featuredmedia":[{"embeddable":true,"href":"https:\/\/automotiverevista.pt\/index.php\/wp-json\/wp\/v2\/media\/11069"}],"wp:attachment":[{"href":"https:\/\/automotiverevista.pt\/index.php\/wp-json\/wp\/v2\/media?parent=11068"}],"wp:term":[{"taxonomy":"category","embeddable":true,"href":"https:\/\/automotiverevista.pt\/index.php\/wp-json\/wp\/v2\/categories?post=11068"},{"taxonomy":"post_tag","embeddable":true,"href":"https:\/\/automotiverevista.pt\/index.php\/wp-json\/wp\/v2\/tags?post=11068"}],"curies":[{"name":"wp","href":"https:\/\/api.w.org\/{rel}","templated":true}]}}