{"id":11075,"date":"2025-10-01T16:04:00","date_gmt":"2025-10-01T16:04:00","guid":{"rendered":"https:\/\/automotiverevista.pt\/?p=11075"},"modified":"2025-09-30T19:23:06","modified_gmt":"2025-09-30T19:23:06","slug":"suzuki-swift-alcanca-as-10-milhoes-de-unidades","status":"publish","type":"post","link":"https:\/\/automotiverevista.pt\/index.php\/2025\/10\/01\/suzuki-swift-alcanca-as-10-milhoes-de-unidades\/","title":{"rendered":"Suzuki Swift alcan\u00e7a as 10 milh\u00f5es de unidades"},"content":{"rendered":"\n<p>O modelo Suzuki Swift alcan\u00e7ou recentemente as vendas globais acumuladas de 10 milh\u00f5es de unidades. Este marco foi alcan\u00e7ado 20 anos e 8 meses ap\u00f3s o seu lan\u00e7amento no Jap\u00e3o, ocorrido em novembro de 2004. Ao longo de duas d\u00e9cadas, o Suzuki Swift foi produzido no Jap\u00e3o, Hungria, \u00cdndia, China, Paquist\u00e3o e Gana, e vendido em mais de 170 pa\u00edses e regi\u00f5es, tornando-se um modelo estrat\u00e9gico global da Suzuki.<\/p>\n\n\n\n<p>Neste percurso, 14% das vendas mundiais do Suzuki Swift ocorreram na Europa, onde este modelo conquistou uma s\u00f3lida reputa\u00e7\u00e3o pelo seu design, fiabilidade e desempenho. O Swift alterou o esp\u00edrito da fabrica\u00e7\u00e3o de autom\u00f3veis da pr\u00f3pria marca Suzuki. Desde o seu lan\u00e7amento em 2004 o Suzuki Swift ganhou o pr\u00e9mio de Carro do Ano no Jap\u00e3o, bem como em diversos pa\u00edses do mundo onde se encontra a circular. \u00c9 um modelo emblem\u00e1tico da marca, apreciado por muitos clientes nos cinco continentes.<\/p>\n\n\n\n<figure class=\"wp-block-image size-large is-resized\"><img decoding=\"async\" width=\"1024\" height=\"768\" src=\"https:\/\/automotiverevista.pt\/wp-content\/uploads\/2025\/09\/20240517_121456-1024x768.jpg\" alt=\"\" class=\"wp-image-11078\" style=\"width:923px;height:auto\" srcset=\"https:\/\/automotiverevista.pt\/wp-content\/uploads\/2025\/09\/20240517_121456-1024x768.jpg 1024w, https:\/\/automotiverevista.pt\/wp-content\/uploads\/2025\/09\/20240517_121456-300x225.jpg 300w, https:\/\/automotiverevista.pt\/wp-content\/uploads\/2025\/09\/20240517_121456-768x576.jpg 768w, https:\/\/automotiverevista.pt\/wp-content\/uploads\/2025\/09\/20240517_121456-750x563.jpg 750w, https:\/\/automotiverevista.pt\/wp-content\/uploads\/2025\/09\/20240517_121456-1140x855.jpg 1140w, https:\/\/automotiverevista.pt\/wp-content\/uploads\/2025\/09\/20240517_121456.jpg 1500w\" sizes=\"(max-width: 1024px) 100vw, 1024px\" \/><\/figure>\n\n\n\n<p><strong>Destaque na \u00cdndia<\/strong><\/p>\n\n\n\n<p>Dos 10 milh\u00f5es de unidades vendidas em todo o mundo, 60% foram comercializadas na \u00cdndia, 14% na Europa, 8% no Jap\u00e3o e 18% em outros diferentes pa\u00edses. Na \u00cdndia, um dos maiores mercados da marca Suzuki, o Swift foi lan\u00e7ado em 2005 e, desde ent\u00e3o foram vendidas aproximadamente 6 milh\u00f5es de unidades, tornando-se l\u00edder de mercado no seu segmento.<\/p>\n\n\n\n<p>Fruto deste sucesso e do reconhecimento da qualidade do seu modelo nos 5 continentes, a marca Suzuki anunciou que continuar\u00e1 a investir na produ\u00e7\u00e3o de autom\u00f3veis orientados para uma mobilidade segura, econ\u00f3mica e ajustada aos interesses dos seus clientes.<\/p>\n\n\n\n<p>Por ocasi\u00e3o da efem\u00e9ride, <strong>Toshihiro Suzuki<\/strong>, presidente da Suzuki Motor Corporation, declarou que \u201co Swift cresceu e tornou-se um dos modelos emblem\u00e1ticos da nossa empresa. Foi tamb\u00e9m o primeiro modelo a ser produzido quase simultaneamente em quatro pa\u00edses, dando in\u00edcio \u00e0 na nossa expans\u00e3o global. Assim, a equipa da Suzuki continuar\u00e1 a trabalhar em conjunto para disponibilizar autom\u00f3veis que apoiem a mobilidade di\u00e1ria dos nossos clientes em todo o mundo\u201d.<\/p>\n","protected":false},"excerpt":{"rendered":"<p>O modelo Suzuki Swift alcan\u00e7ou recentemente as vendas globais acumuladas de 10 milh\u00f5es de unidades. Este marco foi alcan\u00e7ado 20 anos e 8 meses ap\u00f3s o seu lan\u00e7amento no Jap\u00e3o, ocorrido em novembro de 2004. Ao longo de duas d\u00e9cadas, o Suzuki Swift foi produzido no Jap\u00e3o, Hungria, \u00cdndia, China, Paquist\u00e3o e Gana, e vendido [&hellip;]<\/p>\n","protected":false},"author":1,"featured_media":11076,"comment_status":"closed","ping_status":"open","sticky":false,"template":"","format":"standard","meta":{"jnews-multi-image_gallery":[],"jnews_single_post":{"format":"standard"},"jnews_primary_category":[],"footnotes":""},"categories":[23],"tags":[],"class_list":["post-11075","post","type-post","status-publish","format-standard","has-post-thumbnail","hentry","category-frotas"],"yoast_head":"<!-- This site is optimized with the Yoast SEO Premium plugin v27.2 (Yoast SEO v27.5) - https:\/\/yoast.com\/product\/yoast-seo-premium-wordpress\/ -->\n<title>Suzuki Swift alcan\u00e7a as 10 milh\u00f5es de unidades - Revista Automotive<\/title>\n<meta name=\"robots\" content=\"index, follow, max-snippet:-1, max-image-preview:large, max-video-preview:-1\" \/>\n<link rel=\"canonical\" href=\"https:\/\/automotiverevista.pt\/index.php\/2025\/10\/01\/suzuki-swift-alcanca-as-10-milhoes-de-unidades\/\" \/>\n<meta property=\"og:locale\" content=\"pt_PT\" \/>\n<meta property=\"og:type\" content=\"article\" \/>\n<meta property=\"og:title\" content=\"Suzuki Swift alcan\u00e7a as 10 milh\u00f5es de unidades\" \/>\n<meta property=\"og:description\" content=\"O modelo Suzuki Swift alcan\u00e7ou recentemente as vendas globais acumuladas de 10 milh\u00f5es de unidades. Este marco foi alcan\u00e7ado 20 anos e 8 meses ap\u00f3s o seu lan\u00e7amento no Jap\u00e3o, ocorrido em novembro de 2004. Ao longo de duas d\u00e9cadas, o Suzuki Swift foi produzido no Jap\u00e3o, Hungria, \u00cdndia, China, Paquist\u00e3o e Gana, e vendido [&hellip;]\" \/>\n<meta property=\"og:url\" content=\"https:\/\/automotiverevista.pt\/index.php\/2025\/10\/01\/suzuki-swift-alcanca-as-10-milhoes-de-unidades\/\" \/>\n<meta property=\"og:site_name\" content=\"Revista Automotive\" \/>\n<meta property=\"article:published_time\" content=\"2025-10-01T16:04:00+00:00\" \/>\n<meta property=\"og:image\" content=\"https:\/\/automotiverevista.pt\/wp-content\/uploads\/2025\/09\/20240517_122307.jpg\" \/>\n\t<meta property=\"og:image:width\" content=\"1500\" \/>\n\t<meta property=\"og:image:height\" content=\"1125\" \/>\n\t<meta property=\"og:image:type\" content=\"image\/jpeg\" \/>\n<meta name=\"author\" content=\"adminNovo\" \/>\n<meta name=\"twitter:card\" content=\"summary_large_image\" \/>\n<meta name=\"twitter:label1\" content=\"Escrito por\" \/>\n\t<meta name=\"twitter:data1\" content=\"adminNovo\" \/>\n\t<meta name=\"twitter:label2\" content=\"Tempo estimado de leitura\" \/>\n\t<meta name=\"twitter:data2\" content=\"3 minutos\" \/>\n<script type=\"application\/ld+json\" class=\"yoast-schema-graph\">{\"@context\":\"https:\\\/\\\/schema.org\",\"@graph\":[{\"@type\":\"Article\",\"@id\":\"https:\\\/\\\/automotiverevista.pt\\\/index.php\\\/2025\\\/10\\\/01\\\/suzuki-swift-alcanca-as-10-milhoes-de-unidades\\\/#article\",\"isPartOf\":{\"@id\":\"https:\\\/\\\/automotiverevista.pt\\\/index.php\\\/2025\\\/10\\\/01\\\/suzuki-swift-alcanca-as-10-milhoes-de-unidades\\\/\"},\"author\":{\"name\":\"adminNovo\",\"@id\":\"https:\\\/\\\/automotiverevista.pt\\\/#\\\/schema\\\/person\\\/1265858bc8c78a0f969de814da8be281\"},\"headline\":\"Suzuki Swift alcan\u00e7a as 10 milh\u00f5es de unidades\",\"datePublished\":\"2025-10-01T16:04:00+00:00\",\"mainEntityOfPage\":{\"@id\":\"https:\\\/\\\/automotiverevista.pt\\\/index.php\\\/2025\\\/10\\\/01\\\/suzuki-swift-alcanca-as-10-milhoes-de-unidades\\\/\"},\"wordCount\":355,\"publisher\":{\"@id\":\"https:\\\/\\\/automotiverevista.pt\\\/#organization\"},\"image\":{\"@id\":\"https:\\\/\\\/automotiverevista.pt\\\/index.php\\\/2025\\\/10\\\/01\\\/suzuki-swift-alcanca-as-10-milhoes-de-unidades\\\/#primaryimage\"},\"thumbnailUrl\":\"https:\\\/\\\/automotiverevista.pt\\\/wp-content\\\/uploads\\\/2025\\\/09\\\/20240517_122307.jpg\",\"articleSection\":[\"Frotas\"],\"inLanguage\":\"pt-PT\"},{\"@type\":\"WebPage\",\"@id\":\"https:\\\/\\\/automotiverevista.pt\\\/index.php\\\/2025\\\/10\\\/01\\\/suzuki-swift-alcanca-as-10-milhoes-de-unidades\\\/\",\"url\":\"https:\\\/\\\/automotiverevista.pt\\\/index.php\\\/2025\\\/10\\\/01\\\/suzuki-swift-alcanca-as-10-milhoes-de-unidades\\\/\",\"name\":\"Suzuki Swift alcan\u00e7a as 10 milh\u00f5es de unidades - Revista Automotive\",\"isPartOf\":{\"@id\":\"https:\\\/\\\/automotiverevista.pt\\\/#website\"},\"primaryImageOfPage\":{\"@id\":\"https:\\\/\\\/automotiverevista.pt\\\/index.php\\\/2025\\\/10\\\/01\\\/suzuki-swift-alcanca-as-10-milhoes-de-unidades\\\/#primaryimage\"},\"image\":{\"@id\":\"https:\\\/\\\/automotiverevista.pt\\\/index.php\\\/2025\\\/10\\\/01\\\/suzuki-swift-alcanca-as-10-milhoes-de-unidades\\\/#primaryimage\"},\"thumbnailUrl\":\"https:\\\/\\\/automotiverevista.pt\\\/wp-content\\\/uploads\\\/2025\\\/09\\\/20240517_122307.jpg\",\"datePublished\":\"2025-10-01T16:04:00+00:00\",\"breadcrumb\":{\"@id\":\"https:\\\/\\\/automotiverevista.pt\\\/index.php\\\/2025\\\/10\\\/01\\\/suzuki-swift-alcanca-as-10-milhoes-de-unidades\\\/#breadcrumb\"},\"inLanguage\":\"pt-PT\",\"potentialAction\":[{\"@type\":\"ReadAction\",\"target\":[\"https:\\\/\\\/automotiverevista.pt\\\/index.php\\\/2025\\\/10\\\/01\\\/suzuki-swift-alcanca-as-10-milhoes-de-unidades\\\/\"]}]},{\"@type\":\"ImageObject\",\"inLanguage\":\"pt-PT\",\"@id\":\"https:\\\/\\\/automotiverevista.pt\\\/index.php\\\/2025\\\/10\\\/01\\\/suzuki-swift-alcanca-as-10-milhoes-de-unidades\\\/#primaryimage\",\"url\":\"https:\\\/\\\/automotiverevista.pt\\\/wp-content\\\/uploads\\\/2025\\\/09\\\/20240517_122307.jpg\",\"contentUrl\":\"https:\\\/\\\/automotiverevista.pt\\\/wp-content\\\/uploads\\\/2025\\\/09\\\/20240517_122307.jpg\",\"width\":1500,\"height\":1125},{\"@type\":\"BreadcrumbList\",\"@id\":\"https:\\\/\\\/automotiverevista.pt\\\/index.php\\\/2025\\\/10\\\/01\\\/suzuki-swift-alcanca-as-10-milhoes-de-unidades\\\/#breadcrumb\",\"itemListElement\":[{\"@type\":\"ListItem\",\"position\":1,\"name\":\"Home\",\"item\":\"https:\\\/\\\/automotiverevista.pt\\\/\"},{\"@type\":\"ListItem\",\"position\":2,\"name\":\"Suzuki Swift alcan\u00e7a as 10 milh\u00f5es de unidades\"}]},{\"@type\":\"WebSite\",\"@id\":\"https:\\\/\\\/automotiverevista.pt\\\/#website\",\"url\":\"https:\\\/\\\/automotiverevista.pt\\\/\",\"name\":\"Revista Automotive\",\"description\":\"Revista Automotive Portugal\",\"publisher\":{\"@id\":\"https:\\\/\\\/automotiverevista.pt\\\/#organization\"},\"potentialAction\":[{\"@type\":\"SearchAction\",\"target\":{\"@type\":\"EntryPoint\",\"urlTemplate\":\"https:\\\/\\\/automotiverevista.pt\\\/?s={search_term_string}\"},\"query-input\":{\"@type\":\"PropertyValueSpecification\",\"valueRequired\":true,\"valueName\":\"search_term_string\"}}],\"inLanguage\":\"pt-PT\"},{\"@type\":\"Organization\",\"@id\":\"https:\\\/\\\/automotiverevista.pt\\\/#organization\",\"name\":\"Revista Automotive Portugal\",\"url\":\"https:\\\/\\\/automotiverevista.pt\\\/\",\"logo\":{\"@type\":\"ImageObject\",\"inLanguage\":\"pt-PT\",\"@id\":\"https:\\\/\\\/automotiverevista.pt\\\/#\\\/schema\\\/logo\\\/image\\\/\",\"url\":\"https:\\\/\\\/automotiverevista.pt\\\/wp-content\\\/uploads\\\/2022\\\/07\\\/Logo-Automotive-2021_500-1.jpg\",\"contentUrl\":\"https:\\\/\\\/automotiverevista.pt\\\/wp-content\\\/uploads\\\/2022\\\/07\\\/Logo-Automotive-2021_500-1.jpg\",\"width\":500,\"height\":160,\"caption\":\"Revista Automotive Portugal\"},\"image\":{\"@id\":\"https:\\\/\\\/automotiverevista.pt\\\/#\\\/schema\\\/logo\\\/image\\\/\"},\"sameAs\":[\"https:\\\/\\\/linkedin.com\\\/in\\\/automotiverevista\"]},{\"@type\":\"Person\",\"@id\":\"https:\\\/\\\/automotiverevista.pt\\\/#\\\/schema\\\/person\\\/1265858bc8c78a0f969de814da8be281\",\"name\":\"adminNovo\",\"image\":{\"@type\":\"ImageObject\",\"inLanguage\":\"pt-PT\",\"@id\":\"https:\\\/\\\/secure.gravatar.com\\\/avatar\\\/c606c1288dcc11eb4c709aa5136fdb962583c410f5c23c0b7bf6917c542be355?s=96&d=mm&r=g\",\"url\":\"https:\\\/\\\/secure.gravatar.com\\\/avatar\\\/c606c1288dcc11eb4c709aa5136fdb962583c410f5c23c0b7bf6917c542be355?s=96&d=mm&r=g\",\"contentUrl\":\"https:\\\/\\\/secure.gravatar.com\\\/avatar\\\/c606c1288dcc11eb4c709aa5136fdb962583c410f5c23c0b7bf6917c542be355?s=96&d=mm&r=g\",\"caption\":\"adminNovo\"},\"sameAs\":[\"https:\\\/\\\/automotiverevista.pt\"],\"url\":\"https:\\\/\\\/automotiverevista.pt\\\/index.php\\\/author\\\/adminnovo\\\/\"}]}<\/script>\n<!-- \/ Yoast SEO Premium plugin. -->","yoast_head_json":{"title":"Suzuki Swift alcan\u00e7a as 10 milh\u00f5es de unidades - Revista Automotive","robots":{"index":"index","follow":"follow","max-snippet":"max-snippet:-1","max-image-preview":"max-image-preview:large","max-video-preview":"max-video-preview:-1"},"canonical":"https:\/\/automotiverevista.pt\/index.php\/2025\/10\/01\/suzuki-swift-alcanca-as-10-milhoes-de-unidades\/","og_locale":"pt_PT","og_type":"article","og_title":"Suzuki Swift alcan\u00e7a as 10 milh\u00f5es de unidades","og_description":"O modelo Suzuki Swift alcan\u00e7ou recentemente as vendas globais acumuladas de 10 milh\u00f5es de unidades. Este marco foi alcan\u00e7ado 20 anos e 8 meses ap\u00f3s o seu lan\u00e7amento no Jap\u00e3o, ocorrido em novembro de 2004. Ao longo de duas d\u00e9cadas, o Suzuki Swift foi produzido no Jap\u00e3o, Hungria, \u00cdndia, China, Paquist\u00e3o e Gana, e vendido [&hellip;]","og_url":"https:\/\/automotiverevista.pt\/index.php\/2025\/10\/01\/suzuki-swift-alcanca-as-10-milhoes-de-unidades\/","og_site_name":"Revista Automotive","article_published_time":"2025-10-01T16:04:00+00:00","og_image":[{"width":1500,"height":1125,"url":"https:\/\/automotiverevista.pt\/wp-content\/uploads\/2025\/09\/20240517_122307.jpg","type":"image\/jpeg"}],"author":"adminNovo","twitter_card":"summary_large_image","twitter_misc":{"Escrito por":"adminNovo","Tempo estimado de leitura":"3 minutos"},"schema":{"@context":"https:\/\/schema.org","@graph":[{"@type":"Article","@id":"https:\/\/automotiverevista.pt\/index.php\/2025\/10\/01\/suzuki-swift-alcanca-as-10-milhoes-de-unidades\/#article","isPartOf":{"@id":"https:\/\/automotiverevista.pt\/index.php\/2025\/10\/01\/suzuki-swift-alcanca-as-10-milhoes-de-unidades\/"},"author":{"name":"adminNovo","@id":"https:\/\/automotiverevista.pt\/#\/schema\/person\/1265858bc8c78a0f969de814da8be281"},"headline":"Suzuki Swift alcan\u00e7a as 10 milh\u00f5es de unidades","datePublished":"2025-10-01T16:04:00+00:00","mainEntityOfPage":{"@id":"https:\/\/automotiverevista.pt\/index.php\/2025\/10\/01\/suzuki-swift-alcanca-as-10-milhoes-de-unidades\/"},"wordCount":355,"publisher":{"@id":"https:\/\/automotiverevista.pt\/#organization"},"image":{"@id":"https:\/\/automotiverevista.pt\/index.php\/2025\/10\/01\/suzuki-swift-alcanca-as-10-milhoes-de-unidades\/#primaryimage"},"thumbnailUrl":"https:\/\/automotiverevista.pt\/wp-content\/uploads\/2025\/09\/20240517_122307.jpg","articleSection":["Frotas"],"inLanguage":"pt-PT"},{"@type":"WebPage","@id":"https:\/\/automotiverevista.pt\/index.php\/2025\/10\/01\/suzuki-swift-alcanca-as-10-milhoes-de-unidades\/","url":"https:\/\/automotiverevista.pt\/index.php\/2025\/10\/01\/suzuki-swift-alcanca-as-10-milhoes-de-unidades\/","name":"Suzuki Swift alcan\u00e7a as 10 milh\u00f5es de unidades - Revista Automotive","isPartOf":{"@id":"https:\/\/automotiverevista.pt\/#website"},"primaryImageOfPage":{"@id":"https:\/\/automotiverevista.pt\/index.php\/2025\/10\/01\/suzuki-swift-alcanca-as-10-milhoes-de-unidades\/#primaryimage"},"image":{"@id":"https:\/\/automotiverevista.pt\/index.php\/2025\/10\/01\/suzuki-swift-alcanca-as-10-milhoes-de-unidades\/#primaryimage"},"thumbnailUrl":"https:\/\/automotiverevista.pt\/wp-content\/uploads\/2025\/09\/20240517_122307.jpg","datePublished":"2025-10-01T16:04:00+00:00","breadcrumb":{"@id":"https:\/\/automotiverevista.pt\/index.php\/2025\/10\/01\/suzuki-swift-alcanca-as-10-milhoes-de-unidades\/#breadcrumb"},"inLanguage":"pt-PT","potentialAction":[{"@type":"ReadAction","target":["https:\/\/automotiverevista.pt\/index.php\/2025\/10\/01\/suzuki-swift-alcanca-as-10-milhoes-de-unidades\/"]}]},{"@type":"ImageObject","inLanguage":"pt-PT","@id":"https:\/\/automotiverevista.pt\/index.php\/2025\/10\/01\/suzuki-swift-alcanca-as-10-milhoes-de-unidades\/#primaryimage","url":"https:\/\/automotiverevista.pt\/wp-content\/uploads\/2025\/09\/20240517_122307.jpg","contentUrl":"https:\/\/automotiverevista.pt\/wp-content\/uploads\/2025\/09\/20240517_122307.jpg","width":1500,"height":1125},{"@type":"BreadcrumbList","@id":"https:\/\/automotiverevista.pt\/index.php\/2025\/10\/01\/suzuki-swift-alcanca-as-10-milhoes-de-unidades\/#breadcrumb","itemListElement":[{"@type":"ListItem","position":1,"name":"Home","item":"https:\/\/automotiverevista.pt\/"},{"@type":"ListItem","position":2,"name":"Suzuki Swift alcan\u00e7a as 10 milh\u00f5es de unidades"}]},{"@type":"WebSite","@id":"https:\/\/automotiverevista.pt\/#website","url":"https:\/\/automotiverevista.pt\/","name":"Revista Automotive","description":"Revista Automotive Portugal","publisher":{"@id":"https:\/\/automotiverevista.pt\/#organization"},"potentialAction":[{"@type":"SearchAction","target":{"@type":"EntryPoint","urlTemplate":"https:\/\/automotiverevista.pt\/?s={search_term_string}"},"query-input":{"@type":"PropertyValueSpecification","valueRequired":true,"valueName":"search_term_string"}}],"inLanguage":"pt-PT"},{"@type":"Organization","@id":"https:\/\/automotiverevista.pt\/#organization","name":"Revista Automotive Portugal","url":"https:\/\/automotiverevista.pt\/","logo":{"@type":"ImageObject","inLanguage":"pt-PT","@id":"https:\/\/automotiverevista.pt\/#\/schema\/logo\/image\/","url":"https:\/\/automotiverevista.pt\/wp-content\/uploads\/2022\/07\/Logo-Automotive-2021_500-1.jpg","contentUrl":"https:\/\/automotiverevista.pt\/wp-content\/uploads\/2022\/07\/Logo-Automotive-2021_500-1.jpg","width":500,"height":160,"caption":"Revista Automotive Portugal"},"image":{"@id":"https:\/\/automotiverevista.pt\/#\/schema\/logo\/image\/"},"sameAs":["https:\/\/linkedin.com\/in\/automotiverevista"]},{"@type":"Person","@id":"https:\/\/automotiverevista.pt\/#\/schema\/person\/1265858bc8c78a0f969de814da8be281","name":"adminNovo","image":{"@type":"ImageObject","inLanguage":"pt-PT","@id":"https:\/\/secure.gravatar.com\/avatar\/c606c1288dcc11eb4c709aa5136fdb962583c410f5c23c0b7bf6917c542be355?s=96&d=mm&r=g","url":"https:\/\/secure.gravatar.com\/avatar\/c606c1288dcc11eb4c709aa5136fdb962583c410f5c23c0b7bf6917c542be355?s=96&d=mm&r=g","contentUrl":"https:\/\/secure.gravatar.com\/avatar\/c606c1288dcc11eb4c709aa5136fdb962583c410f5c23c0b7bf6917c542be355?s=96&d=mm&r=g","caption":"adminNovo"},"sameAs":["https:\/\/automotiverevista.pt"],"url":"https:\/\/automotiverevista.pt\/index.php\/author\/adminnovo\/"}]}},"_links":{"self":[{"href":"https:\/\/automotiverevista.pt\/index.php\/wp-json\/wp\/v2\/posts\/11075","targetHints":{"allow":["GET"]}}],"collection":[{"href":"https:\/\/automotiverevista.pt\/index.php\/wp-json\/wp\/v2\/posts"}],"about":[{"href":"https:\/\/automotiverevista.pt\/index.php\/wp-json\/wp\/v2\/types\/post"}],"author":[{"embeddable":true,"href":"https:\/\/automotiverevista.pt\/index.php\/wp-json\/wp\/v2\/users\/1"}],"replies":[{"embeddable":true,"href":"https:\/\/automotiverevista.pt\/index.php\/wp-json\/wp\/v2\/comments?post=11075"}],"version-history":[{"count":2,"href":"https:\/\/automotiverevista.pt\/index.php\/wp-json\/wp\/v2\/posts\/11075\/revisions"}],"predecessor-version":[{"id":11079,"href":"https:\/\/automotiverevista.pt\/index.php\/wp-json\/wp\/v2\/posts\/11075\/revisions\/11079"}],"wp:featuredmedia":[{"embeddable":true,"href":"https:\/\/automotiverevista.pt\/index.php\/wp-json\/wp\/v2\/media\/11076"}],"wp:attachment":[{"href":"https:\/\/automotiverevista.pt\/index.php\/wp-json\/wp\/v2\/media?parent=11075"}],"wp:term":[{"taxonomy":"category","embeddable":true,"href":"https:\/\/automotiverevista.pt\/index.php\/wp-json\/wp\/v2\/categories?post=11075"},{"taxonomy":"post_tag","embeddable":true,"href":"https:\/\/automotiverevista.pt\/index.php\/wp-json\/wp\/v2\/tags?post=11075"}],"curies":[{"name":"wp","href":"https:\/\/api.w.org\/{rel}","templated":true}]}}