{"id":11116,"date":"2025-10-01T06:32:00","date_gmt":"2025-10-01T06:32:00","guid":{"rendered":"https:\/\/automotiverevista.pt\/?p=11116"},"modified":"2025-09-30T19:34:57","modified_gmt":"2025-09-30T19:34:57","slug":"lecitrailer-distinguida-pela-xpo-logistics","status":"publish","type":"post","link":"https:\/\/automotiverevista.pt\/index.php\/2025\/10\/01\/lecitrailer-distinguida-pela-xpo-logistics\/","title":{"rendered":"Lecitrailer distinguida pela XPO Logistics"},"content":{"rendered":"\n<p>O fabricante ib\u00e9rico de semirreboques Lecitrailer foi reconhecido pelo comit\u00e9 executivo da XPO Logistics, como empresa de refer\u00eancia em solu\u00e7\u00f5es log\u00edsticas integrais, inovadoras e sustent\u00e1veis \u200b\u200b\u200b\u200bna Europa.<\/p>\n\n\n\n<p>Este reconhecimento, entregue no \u00e2mbito da primeira edi\u00e7\u00e3o dos \u201cPr\u00e9mios de Fornecedores da XPO Logistics\u201d, foi atribu\u00eddo pelos membros do comit\u00e9 executivo europeu deste operador log\u00edstico, e refor\u00e7a uma rela\u00e7\u00e3o de colabora\u00e7\u00e3o que foi desenvolvida ao longo dos \u00faltimos 25 anos onde a Lecitrailer tem sido fornecedora da XPO Logistics com mais de 7.000 semirreboques j\u00e1 entregues, assente numa base s\u00f3lida de confian\u00e7a m\u00fatua, inova\u00e7\u00e3o constante e orienta\u00e7\u00e3o ao cliente.<\/p>\n\n\n\n<figure class=\"wp-block-image size-large is-resized\"><img decoding=\"async\" width=\"1024\" height=\"407\" src=\"https:\/\/automotiverevista.pt\/wp-content\/uploads\/2025\/09\/xpo-logistics-to-open-major-new-facility-at-leziria-park-lisbon-1024x407.jpg\" alt=\"\" class=\"wp-image-11120\" style=\"width:814px;height:auto\" srcset=\"https:\/\/automotiverevista.pt\/wp-content\/uploads\/2025\/09\/xpo-logistics-to-open-major-new-facility-at-leziria-park-lisbon-1024x407.jpg 1024w, https:\/\/automotiverevista.pt\/wp-content\/uploads\/2025\/09\/xpo-logistics-to-open-major-new-facility-at-leziria-park-lisbon-300x119.jpg 300w, https:\/\/automotiverevista.pt\/wp-content\/uploads\/2025\/09\/xpo-logistics-to-open-major-new-facility-at-leziria-park-lisbon-768x305.jpg 768w, https:\/\/automotiverevista.pt\/wp-content\/uploads\/2025\/09\/xpo-logistics-to-open-major-new-facility-at-leziria-park-lisbon-750x298.jpg 750w, https:\/\/automotiverevista.pt\/wp-content\/uploads\/2025\/09\/xpo-logistics-to-open-major-new-facility-at-leziria-park-lisbon-1140x453.jpg 1140w, https:\/\/automotiverevista.pt\/wp-content\/uploads\/2025\/09\/xpo-logistics-to-open-major-new-facility-at-leziria-park-lisbon.jpg 1440w\" sizes=\"(max-width: 1024px) 100vw, 1024px\" \/><\/figure>\n\n\n\n<p><strong>Confian\u00e7a<\/strong><\/p>\n\n\n\n<p>Para Lecitrailer, este reconhecimento \u00e9 a confirma\u00e7\u00e3o da sua filosofia: acompanhar cada cliente com solu\u00e7\u00f5es adequadas e com um servi\u00e7o p\u00f3s-venda de qualidade. Este modelo permite \u00e0 Lecitrailer proporcionar aos seus clientes, como \u00e9 o caso da XPO Logistics, a seguran\u00e7a de um parceiro que n\u00e3o fabrica apenas ve\u00edculos robustos e vers\u00e1teis, mas que acompanha a frota de semirreboques ao longo de todo o seu ciclo de vida.<\/p>\n\n\n\n<p>Ao evento assistiram por parte do Lecitrailer <strong>Carlos Leci\u00f1ena<\/strong>, CEO da empresa e <strong>Guillermo Maestre<\/strong> e <strong>Karlos Mart\u00ednez<\/strong>, diretor de exporta\u00e7\u00e3o e diretor comercial de Espanha e Portugal, respetivamente. Segundo estes respons\u00e1veis \u201ceste reconhecimento da XPO Logistics impulsiona-nos a continuar a inovar, a incentivar e a desenvolver solu\u00e7\u00f5es de transporte que fortalecem a competitividade dos nossos clientes. A confian\u00e7a depositada em n\u00f3s \u00e9 o maior est\u00edmulo para continuar a liderar o mercado do semirreboque em Espanha, bem como a consolidar a nossa proje\u00e7\u00e3o internacional.&#8221;<\/p>\n\n\n\n<figure class=\"wp-block-image size-large is-resized\"><img decoding=\"async\" width=\"1024\" height=\"683\" src=\"https:\/\/automotiverevista.pt\/wp-content\/uploads\/2025\/09\/xpo-reconocimiento-1-1024x683.jpg\" alt=\"\" class=\"wp-image-11121\" style=\"width:826px;height:auto\" srcset=\"https:\/\/automotiverevista.pt\/wp-content\/uploads\/2025\/09\/xpo-reconocimiento-1-1024x683.jpg 1024w, https:\/\/automotiverevista.pt\/wp-content\/uploads\/2025\/09\/xpo-reconocimiento-1-300x200.jpg 300w, https:\/\/automotiverevista.pt\/wp-content\/uploads\/2025\/09\/xpo-reconocimiento-1-768x512.jpg 768w, https:\/\/automotiverevista.pt\/wp-content\/uploads\/2025\/09\/xpo-reconocimiento-1-750x500.jpg 750w, https:\/\/automotiverevista.pt\/wp-content\/uploads\/2025\/09\/xpo-reconocimiento-1-1140x760.jpg 1140w, https:\/\/automotiverevista.pt\/wp-content\/uploads\/2025\/09\/xpo-reconocimiento-1.jpg 1200w\" sizes=\"(max-width: 1024px) 100vw, 1024px\" \/><\/figure>\n","protected":false},"excerpt":{"rendered":"<p>O fabricante ib\u00e9rico de semirreboques Lecitrailer foi reconhecido pelo comit\u00e9 executivo da XPO Logistics, como empresa de refer\u00eancia em solu\u00e7\u00f5es log\u00edsticas integrais, inovadoras e sustent\u00e1veis \u200b\u200b\u200b\u200bna Europa. Este reconhecimento, entregue no \u00e2mbito da primeira edi\u00e7\u00e3o dos \u201cPr\u00e9mios de Fornecedores da XPO Logistics\u201d, foi atribu\u00eddo pelos membros do comit\u00e9 executivo europeu deste operador log\u00edstico, e refor\u00e7a [&hellip;]<\/p>\n","protected":false},"author":1,"featured_media":11119,"comment_status":"closed","ping_status":"open","sticky":false,"template":"","format":"standard","meta":{"jnews-multi-image_gallery":[],"jnews_single_post":{"format":"standard"},"jnews_primary_category":[],"footnotes":""},"categories":[25],"tags":[],"class_list":["post-11116","post","type-post","status-publish","format-standard","has-post-thumbnail","hentry","category-pesados-e-maquinas"],"yoast_head":"<!-- This site is optimized with the Yoast SEO Premium plugin v27.2 (Yoast SEO v27.5) - https:\/\/yoast.com\/product\/yoast-seo-premium-wordpress\/ -->\n<title>Lecitrailer distinguida pela XPO Logistics - Revista Automotive<\/title>\n<meta name=\"description\" content=\"O fabricante ib\u00e9rico de semirreboques Lecitrailer foi reconhecido pelo comit\u00e9 executivo da XPO Logistics, como empresa refer\u00eancia log\u00edstica\" \/>\n<meta name=\"robots\" content=\"index, follow, max-snippet:-1, max-image-preview:large, max-video-preview:-1\" \/>\n<link rel=\"canonical\" href=\"https:\/\/automotiverevista.pt\/index.php\/2025\/10\/01\/lecitrailer-distinguida-pela-xpo-logistics\/\" \/>\n<meta property=\"og:locale\" content=\"pt_PT\" \/>\n<meta property=\"og:type\" content=\"article\" \/>\n<meta property=\"og:title\" content=\"Lecitrailer distinguida pela XPO Logistics\" \/>\n<meta property=\"og:description\" content=\"O fabricante ib\u00e9rico de semirreboques Lecitrailer foi reconhecido pelo comit\u00e9 executivo da XPO Logistics, como empresa refer\u00eancia log\u00edstica\" \/>\n<meta property=\"og:url\" content=\"https:\/\/automotiverevista.pt\/index.php\/2025\/10\/01\/lecitrailer-distinguida-pela-xpo-logistics\/\" \/>\n<meta property=\"og:site_name\" content=\"Revista Automotive\" \/>\n<meta property=\"article:published_time\" content=\"2025-10-01T06:32:00+00:00\" \/>\n<meta property=\"og:image\" content=\"https:\/\/automotiverevista.pt\/wp-content\/uploads\/2025\/09\/x.jpg\" \/>\n\t<meta property=\"og:image:width\" content=\"1200\" \/>\n\t<meta property=\"og:image:height\" content=\"673\" \/>\n\t<meta property=\"og:image:type\" content=\"image\/jpeg\" \/>\n<meta name=\"author\" content=\"adminNovo\" \/>\n<meta name=\"twitter:card\" content=\"summary_large_image\" \/>\n<meta name=\"twitter:label1\" content=\"Escrito por\" \/>\n\t<meta name=\"twitter:data1\" content=\"adminNovo\" \/>\n\t<meta name=\"twitter:label2\" content=\"Tempo estimado de leitura\" \/>\n\t<meta name=\"twitter:data2\" content=\"2 minutos\" \/>\n<script type=\"application\/ld+json\" class=\"yoast-schema-graph\">{\"@context\":\"https:\\\/\\\/schema.org\",\"@graph\":[{\"@type\":\"Article\",\"@id\":\"https:\\\/\\\/automotiverevista.pt\\\/index.php\\\/2025\\\/10\\\/01\\\/lecitrailer-distinguida-pela-xpo-logistics\\\/#article\",\"isPartOf\":{\"@id\":\"https:\\\/\\\/automotiverevista.pt\\\/index.php\\\/2025\\\/10\\\/01\\\/lecitrailer-distinguida-pela-xpo-logistics\\\/\"},\"author\":{\"name\":\"adminNovo\",\"@id\":\"https:\\\/\\\/automotiverevista.pt\\\/#\\\/schema\\\/person\\\/1265858bc8c78a0f969de814da8be281\"},\"headline\":\"Lecitrailer distinguida pela XPO Logistics\",\"datePublished\":\"2025-10-01T06:32:00+00:00\",\"mainEntityOfPage\":{\"@id\":\"https:\\\/\\\/automotiverevista.pt\\\/index.php\\\/2025\\\/10\\\/01\\\/lecitrailer-distinguida-pela-xpo-logistics\\\/\"},\"wordCount\":284,\"publisher\":{\"@id\":\"https:\\\/\\\/automotiverevista.pt\\\/#organization\"},\"image\":{\"@id\":\"https:\\\/\\\/automotiverevista.pt\\\/index.php\\\/2025\\\/10\\\/01\\\/lecitrailer-distinguida-pela-xpo-logistics\\\/#primaryimage\"},\"thumbnailUrl\":\"https:\\\/\\\/automotiverevista.pt\\\/wp-content\\\/uploads\\\/2025\\\/09\\\/x.jpg\",\"articleSection\":[\"Pesados e M\u00e1quinas\"],\"inLanguage\":\"pt-PT\"},{\"@type\":\"WebPage\",\"@id\":\"https:\\\/\\\/automotiverevista.pt\\\/index.php\\\/2025\\\/10\\\/01\\\/lecitrailer-distinguida-pela-xpo-logistics\\\/\",\"url\":\"https:\\\/\\\/automotiverevista.pt\\\/index.php\\\/2025\\\/10\\\/01\\\/lecitrailer-distinguida-pela-xpo-logistics\\\/\",\"name\":\"Lecitrailer distinguida pela XPO Logistics - Revista Automotive\",\"isPartOf\":{\"@id\":\"https:\\\/\\\/automotiverevista.pt\\\/#website\"},\"primaryImageOfPage\":{\"@id\":\"https:\\\/\\\/automotiverevista.pt\\\/index.php\\\/2025\\\/10\\\/01\\\/lecitrailer-distinguida-pela-xpo-logistics\\\/#primaryimage\"},\"image\":{\"@id\":\"https:\\\/\\\/automotiverevista.pt\\\/index.php\\\/2025\\\/10\\\/01\\\/lecitrailer-distinguida-pela-xpo-logistics\\\/#primaryimage\"},\"thumbnailUrl\":\"https:\\\/\\\/automotiverevista.pt\\\/wp-content\\\/uploads\\\/2025\\\/09\\\/x.jpg\",\"datePublished\":\"2025-10-01T06:32:00+00:00\",\"description\":\"O fabricante ib\u00e9rico de semirreboques Lecitrailer foi reconhecido pelo comit\u00e9 executivo da XPO Logistics, como empresa refer\u00eancia log\u00edstica\",\"breadcrumb\":{\"@id\":\"https:\\\/\\\/automotiverevista.pt\\\/index.php\\\/2025\\\/10\\\/01\\\/lecitrailer-distinguida-pela-xpo-logistics\\\/#breadcrumb\"},\"inLanguage\":\"pt-PT\",\"potentialAction\":[{\"@type\":\"ReadAction\",\"target\":[\"https:\\\/\\\/automotiverevista.pt\\\/index.php\\\/2025\\\/10\\\/01\\\/lecitrailer-distinguida-pela-xpo-logistics\\\/\"]}]},{\"@type\":\"ImageObject\",\"inLanguage\":\"pt-PT\",\"@id\":\"https:\\\/\\\/automotiverevista.pt\\\/index.php\\\/2025\\\/10\\\/01\\\/lecitrailer-distinguida-pela-xpo-logistics\\\/#primaryimage\",\"url\":\"https:\\\/\\\/automotiverevista.pt\\\/wp-content\\\/uploads\\\/2025\\\/09\\\/x.jpg\",\"contentUrl\":\"https:\\\/\\\/automotiverevista.pt\\\/wp-content\\\/uploads\\\/2025\\\/09\\\/x.jpg\",\"width\":1200,\"height\":673},{\"@type\":\"BreadcrumbList\",\"@id\":\"https:\\\/\\\/automotiverevista.pt\\\/index.php\\\/2025\\\/10\\\/01\\\/lecitrailer-distinguida-pela-xpo-logistics\\\/#breadcrumb\",\"itemListElement\":[{\"@type\":\"ListItem\",\"position\":1,\"name\":\"Home\",\"item\":\"https:\\\/\\\/automotiverevista.pt\\\/\"},{\"@type\":\"ListItem\",\"position\":2,\"name\":\"Lecitrailer distinguida pela XPO Logistics\"}]},{\"@type\":\"WebSite\",\"@id\":\"https:\\\/\\\/automotiverevista.pt\\\/#website\",\"url\":\"https:\\\/\\\/automotiverevista.pt\\\/\",\"name\":\"Revista Automotive\",\"description\":\"Revista Automotive Portugal\",\"publisher\":{\"@id\":\"https:\\\/\\\/automotiverevista.pt\\\/#organization\"},\"potentialAction\":[{\"@type\":\"SearchAction\",\"target\":{\"@type\":\"EntryPoint\",\"urlTemplate\":\"https:\\\/\\\/automotiverevista.pt\\\/?s={search_term_string}\"},\"query-input\":{\"@type\":\"PropertyValueSpecification\",\"valueRequired\":true,\"valueName\":\"search_term_string\"}}],\"inLanguage\":\"pt-PT\"},{\"@type\":\"Organization\",\"@id\":\"https:\\\/\\\/automotiverevista.pt\\\/#organization\",\"name\":\"Revista Automotive Portugal\",\"url\":\"https:\\\/\\\/automotiverevista.pt\\\/\",\"logo\":{\"@type\":\"ImageObject\",\"inLanguage\":\"pt-PT\",\"@id\":\"https:\\\/\\\/automotiverevista.pt\\\/#\\\/schema\\\/logo\\\/image\\\/\",\"url\":\"https:\\\/\\\/automotiverevista.pt\\\/wp-content\\\/uploads\\\/2022\\\/07\\\/Logo-Automotive-2021_500-1.jpg\",\"contentUrl\":\"https:\\\/\\\/automotiverevista.pt\\\/wp-content\\\/uploads\\\/2022\\\/07\\\/Logo-Automotive-2021_500-1.jpg\",\"width\":500,\"height\":160,\"caption\":\"Revista Automotive Portugal\"},\"image\":{\"@id\":\"https:\\\/\\\/automotiverevista.pt\\\/#\\\/schema\\\/logo\\\/image\\\/\"},\"sameAs\":[\"https:\\\/\\\/linkedin.com\\\/in\\\/automotiverevista\"]},{\"@type\":\"Person\",\"@id\":\"https:\\\/\\\/automotiverevista.pt\\\/#\\\/schema\\\/person\\\/1265858bc8c78a0f969de814da8be281\",\"name\":\"adminNovo\",\"image\":{\"@type\":\"ImageObject\",\"inLanguage\":\"pt-PT\",\"@id\":\"https:\\\/\\\/secure.gravatar.com\\\/avatar\\\/c606c1288dcc11eb4c709aa5136fdb962583c410f5c23c0b7bf6917c542be355?s=96&d=mm&r=g\",\"url\":\"https:\\\/\\\/secure.gravatar.com\\\/avatar\\\/c606c1288dcc11eb4c709aa5136fdb962583c410f5c23c0b7bf6917c542be355?s=96&d=mm&r=g\",\"contentUrl\":\"https:\\\/\\\/secure.gravatar.com\\\/avatar\\\/c606c1288dcc11eb4c709aa5136fdb962583c410f5c23c0b7bf6917c542be355?s=96&d=mm&r=g\",\"caption\":\"adminNovo\"},\"sameAs\":[\"https:\\\/\\\/automotiverevista.pt\"],\"url\":\"https:\\\/\\\/automotiverevista.pt\\\/index.php\\\/author\\\/adminnovo\\\/\"}]}<\/script>\n<!-- \/ Yoast SEO Premium plugin. -->","yoast_head_json":{"title":"Lecitrailer distinguida pela XPO Logistics - Revista Automotive","description":"O fabricante ib\u00e9rico de semirreboques Lecitrailer foi reconhecido pelo comit\u00e9 executivo da XPO Logistics, como empresa refer\u00eancia log\u00edstica","robots":{"index":"index","follow":"follow","max-snippet":"max-snippet:-1","max-image-preview":"max-image-preview:large","max-video-preview":"max-video-preview:-1"},"canonical":"https:\/\/automotiverevista.pt\/index.php\/2025\/10\/01\/lecitrailer-distinguida-pela-xpo-logistics\/","og_locale":"pt_PT","og_type":"article","og_title":"Lecitrailer distinguida pela XPO Logistics","og_description":"O fabricante ib\u00e9rico de semirreboques Lecitrailer foi reconhecido pelo comit\u00e9 executivo da XPO Logistics, como empresa refer\u00eancia log\u00edstica","og_url":"https:\/\/automotiverevista.pt\/index.php\/2025\/10\/01\/lecitrailer-distinguida-pela-xpo-logistics\/","og_site_name":"Revista Automotive","article_published_time":"2025-10-01T06:32:00+00:00","og_image":[{"width":1200,"height":673,"url":"https:\/\/automotiverevista.pt\/wp-content\/uploads\/2025\/09\/x.jpg","type":"image\/jpeg"}],"author":"adminNovo","twitter_card":"summary_large_image","twitter_misc":{"Escrito por":"adminNovo","Tempo estimado de leitura":"2 minutos"},"schema":{"@context":"https:\/\/schema.org","@graph":[{"@type":"Article","@id":"https:\/\/automotiverevista.pt\/index.php\/2025\/10\/01\/lecitrailer-distinguida-pela-xpo-logistics\/#article","isPartOf":{"@id":"https:\/\/automotiverevista.pt\/index.php\/2025\/10\/01\/lecitrailer-distinguida-pela-xpo-logistics\/"},"author":{"name":"adminNovo","@id":"https:\/\/automotiverevista.pt\/#\/schema\/person\/1265858bc8c78a0f969de814da8be281"},"headline":"Lecitrailer distinguida pela XPO Logistics","datePublished":"2025-10-01T06:32:00+00:00","mainEntityOfPage":{"@id":"https:\/\/automotiverevista.pt\/index.php\/2025\/10\/01\/lecitrailer-distinguida-pela-xpo-logistics\/"},"wordCount":284,"publisher":{"@id":"https:\/\/automotiverevista.pt\/#organization"},"image":{"@id":"https:\/\/automotiverevista.pt\/index.php\/2025\/10\/01\/lecitrailer-distinguida-pela-xpo-logistics\/#primaryimage"},"thumbnailUrl":"https:\/\/automotiverevista.pt\/wp-content\/uploads\/2025\/09\/x.jpg","articleSection":["Pesados e M\u00e1quinas"],"inLanguage":"pt-PT"},{"@type":"WebPage","@id":"https:\/\/automotiverevista.pt\/index.php\/2025\/10\/01\/lecitrailer-distinguida-pela-xpo-logistics\/","url":"https:\/\/automotiverevista.pt\/index.php\/2025\/10\/01\/lecitrailer-distinguida-pela-xpo-logistics\/","name":"Lecitrailer distinguida pela XPO Logistics - Revista Automotive","isPartOf":{"@id":"https:\/\/automotiverevista.pt\/#website"},"primaryImageOfPage":{"@id":"https:\/\/automotiverevista.pt\/index.php\/2025\/10\/01\/lecitrailer-distinguida-pela-xpo-logistics\/#primaryimage"},"image":{"@id":"https:\/\/automotiverevista.pt\/index.php\/2025\/10\/01\/lecitrailer-distinguida-pela-xpo-logistics\/#primaryimage"},"thumbnailUrl":"https:\/\/automotiverevista.pt\/wp-content\/uploads\/2025\/09\/x.jpg","datePublished":"2025-10-01T06:32:00+00:00","description":"O fabricante ib\u00e9rico de semirreboques Lecitrailer foi reconhecido pelo comit\u00e9 executivo da XPO Logistics, como empresa refer\u00eancia log\u00edstica","breadcrumb":{"@id":"https:\/\/automotiverevista.pt\/index.php\/2025\/10\/01\/lecitrailer-distinguida-pela-xpo-logistics\/#breadcrumb"},"inLanguage":"pt-PT","potentialAction":[{"@type":"ReadAction","target":["https:\/\/automotiverevista.pt\/index.php\/2025\/10\/01\/lecitrailer-distinguida-pela-xpo-logistics\/"]}]},{"@type":"ImageObject","inLanguage":"pt-PT","@id":"https:\/\/automotiverevista.pt\/index.php\/2025\/10\/01\/lecitrailer-distinguida-pela-xpo-logistics\/#primaryimage","url":"https:\/\/automotiverevista.pt\/wp-content\/uploads\/2025\/09\/x.jpg","contentUrl":"https:\/\/automotiverevista.pt\/wp-content\/uploads\/2025\/09\/x.jpg","width":1200,"height":673},{"@type":"BreadcrumbList","@id":"https:\/\/automotiverevista.pt\/index.php\/2025\/10\/01\/lecitrailer-distinguida-pela-xpo-logistics\/#breadcrumb","itemListElement":[{"@type":"ListItem","position":1,"name":"Home","item":"https:\/\/automotiverevista.pt\/"},{"@type":"ListItem","position":2,"name":"Lecitrailer distinguida pela XPO Logistics"}]},{"@type":"WebSite","@id":"https:\/\/automotiverevista.pt\/#website","url":"https:\/\/automotiverevista.pt\/","name":"Revista Automotive","description":"Revista Automotive Portugal","publisher":{"@id":"https:\/\/automotiverevista.pt\/#organization"},"potentialAction":[{"@type":"SearchAction","target":{"@type":"EntryPoint","urlTemplate":"https:\/\/automotiverevista.pt\/?s={search_term_string}"},"query-input":{"@type":"PropertyValueSpecification","valueRequired":true,"valueName":"search_term_string"}}],"inLanguage":"pt-PT"},{"@type":"Organization","@id":"https:\/\/automotiverevista.pt\/#organization","name":"Revista Automotive Portugal","url":"https:\/\/automotiverevista.pt\/","logo":{"@type":"ImageObject","inLanguage":"pt-PT","@id":"https:\/\/automotiverevista.pt\/#\/schema\/logo\/image\/","url":"https:\/\/automotiverevista.pt\/wp-content\/uploads\/2022\/07\/Logo-Automotive-2021_500-1.jpg","contentUrl":"https:\/\/automotiverevista.pt\/wp-content\/uploads\/2022\/07\/Logo-Automotive-2021_500-1.jpg","width":500,"height":160,"caption":"Revista Automotive Portugal"},"image":{"@id":"https:\/\/automotiverevista.pt\/#\/schema\/logo\/image\/"},"sameAs":["https:\/\/linkedin.com\/in\/automotiverevista"]},{"@type":"Person","@id":"https:\/\/automotiverevista.pt\/#\/schema\/person\/1265858bc8c78a0f969de814da8be281","name":"adminNovo","image":{"@type":"ImageObject","inLanguage":"pt-PT","@id":"https:\/\/secure.gravatar.com\/avatar\/c606c1288dcc11eb4c709aa5136fdb962583c410f5c23c0b7bf6917c542be355?s=96&d=mm&r=g","url":"https:\/\/secure.gravatar.com\/avatar\/c606c1288dcc11eb4c709aa5136fdb962583c410f5c23c0b7bf6917c542be355?s=96&d=mm&r=g","contentUrl":"https:\/\/secure.gravatar.com\/avatar\/c606c1288dcc11eb4c709aa5136fdb962583c410f5c23c0b7bf6917c542be355?s=96&d=mm&r=g","caption":"adminNovo"},"sameAs":["https:\/\/automotiverevista.pt"],"url":"https:\/\/automotiverevista.pt\/index.php\/author\/adminnovo\/"}]}},"_links":{"self":[{"href":"https:\/\/automotiverevista.pt\/index.php\/wp-json\/wp\/v2\/posts\/11116","targetHints":{"allow":["GET"]}}],"collection":[{"href":"https:\/\/automotiverevista.pt\/index.php\/wp-json\/wp\/v2\/posts"}],"about":[{"href":"https:\/\/automotiverevista.pt\/index.php\/wp-json\/wp\/v2\/types\/post"}],"author":[{"embeddable":true,"href":"https:\/\/automotiverevista.pt\/index.php\/wp-json\/wp\/v2\/users\/1"}],"replies":[{"embeddable":true,"href":"https:\/\/automotiverevista.pt\/index.php\/wp-json\/wp\/v2\/comments?post=11116"}],"version-history":[{"count":3,"href":"https:\/\/automotiverevista.pt\/index.php\/wp-json\/wp\/v2\/posts\/11116\/revisions"}],"predecessor-version":[{"id":11123,"href":"https:\/\/automotiverevista.pt\/index.php\/wp-json\/wp\/v2\/posts\/11116\/revisions\/11123"}],"wp:featuredmedia":[{"embeddable":true,"href":"https:\/\/automotiverevista.pt\/index.php\/wp-json\/wp\/v2\/media\/11119"}],"wp:attachment":[{"href":"https:\/\/automotiverevista.pt\/index.php\/wp-json\/wp\/v2\/media?parent=11116"}],"wp:term":[{"taxonomy":"category","embeddable":true,"href":"https:\/\/automotiverevista.pt\/index.php\/wp-json\/wp\/v2\/categories?post=11116"},{"taxonomy":"post_tag","embeddable":true,"href":"https:\/\/automotiverevista.pt\/index.php\/wp-json\/wp\/v2\/tags?post=11116"}],"curies":[{"name":"wp","href":"https:\/\/api.w.org\/{rel}","templated":true}]}}