{"id":11130,"date":"2025-10-07T06:33:00","date_gmt":"2025-10-07T06:33:00","guid":{"rendered":"https:\/\/automotiverevista.pt\/?p=11130"},"modified":"2025-10-05T19:35:10","modified_gmt":"2025-10-05T19:35:10","slug":"sodicentro-novas-instalacoes-mercedes-benz-pesados-em-souselas","status":"publish","type":"post","link":"https:\/\/automotiverevista.pt\/index.php\/2025\/10\/07\/sodicentro-novas-instalacoes-mercedes-benz-pesados-em-souselas\/","title":{"rendered":"Sodicentro \u2013 novas instala\u00e7\u00f5es Mercedes-Benz pesados em Souselas"},"content":{"rendered":"\n<p>Empresa pertencente ao centen\u00e1rio Grupo Auto-Industrial, a Sodicentro inaugurou as novas instala\u00e7\u00f5es da sua oficina Mercedes-Benz, localizada em Souselas, no concelho de Coimbra. O evento contou a presen\u00e7a de in\u00fameros convidados, entre os quais membros da C\u00e2mara Municipal local, para al\u00e9m de parceiros e clientes do setor de ve\u00edculos pesados que assim ficaram a conhecer a primeira oficina nacional dedicada exclusivamente aos pesados (cami\u00f5es e autocarros) da marca Mercedes-Benz.<\/p>\n\n\n\n<p>Resultado de um investimento significativo, a nova unidade est\u00e1 estrategicamente posicionada numa zona de f\u00e1cil acesso, pr\u00f3xima do IP3 e da A1, e vem refor\u00e7ar a posi\u00e7\u00e3o da Sodicentro em Souselas, como um polo de refer\u00eancia. Ao mesmo tempo, a nova oficina da Sodicentro vem retirar os pesados do centro urbano, onde se insere, disponibilizando mais espa\u00e7o para parqueamento e melhores servi\u00e7os de p\u00f3s-venda.<\/p>\n\n\n\n<figure class=\"wp-block-image size-large is-resized\"><img decoding=\"async\" width=\"1024\" height=\"683\" src=\"https:\/\/automotiverevista.pt\/wp-content\/uploads\/2025\/10\/SodidentroSouselas_26_06_25-40-1024x683.jpg\" alt=\"\" class=\"wp-image-11133\" style=\"width:715px;height:auto\" srcset=\"https:\/\/automotiverevista.pt\/wp-content\/uploads\/2025\/10\/SodidentroSouselas_26_06_25-40-1024x683.jpg 1024w, https:\/\/automotiverevista.pt\/wp-content\/uploads\/2025\/10\/SodidentroSouselas_26_06_25-40-300x200.jpg 300w, https:\/\/automotiverevista.pt\/wp-content\/uploads\/2025\/10\/SodidentroSouselas_26_06_25-40-768x512.jpg 768w, https:\/\/automotiverevista.pt\/wp-content\/uploads\/2025\/10\/SodidentroSouselas_26_06_25-40-750x500.jpg 750w, https:\/\/automotiverevista.pt\/wp-content\/uploads\/2025\/10\/SodidentroSouselas_26_06_25-40-1140x760.jpg 1140w, https:\/\/automotiverevista.pt\/wp-content\/uploads\/2025\/10\/SodidentroSouselas_26_06_25-40.jpg 1500w\" sizes=\"(max-width: 1024px) 100vw, 1024px\" \/><\/figure>\n\n\n\n<p><strong>Excel\u00eancia t\u00e9cnica<\/strong><\/p>\n\n\n\n<p>Para al\u00e9m de bons equipamentos oficinais, a excel\u00eancia t\u00e9cnica da oficina est\u00e1 assegurada por uma equipa qualificada, liderada por <strong>Francisco Ribeiro <\/strong>(na foto acima, ao lado com Jos\u00e9 Manuel Silva, Presidente da C\u00e2mara Municipal de Coimbra), respons\u00e1vel pelo departamento de p\u00f3s\u2011venda que, juntamente com os demais membros da empresa, tem dado um grande contributo para elevar a qualidade dos servi\u00e7os da marca, e tamb\u00e9m refor\u00e7ar a confian\u00e7a dos clientes com pequenas frotas de ve\u00edculos pesados, sediados naquela regi\u00e3o.<\/p>\n\n\n\n<p>A nova oficina de Souselas disponibiliza um servi\u00e7o de p\u00f3s-venda de excel\u00eancia, com t\u00e9cnicos habilitados e equipamentos de \u00faltima gera\u00e7\u00e3o. Em paralelo, h\u00e1 uma boa articula\u00e7\u00e3o operacional com a estrutura oficinal da Sodicentro de Leiria, para assegurar a capacidade de resposta integrada e mais proximidade aos clientes, sejam operadores de mercadorias, transportes escolares, entidades municipais ou corpora\u00e7\u00f5es de bombeiros da regi\u00e3o.<\/p>\n\n\n\n<figure class=\"wp-block-image size-large is-resized\"><img decoding=\"async\" width=\"1024\" height=\"558\" src=\"https:\/\/automotiverevista.pt\/wp-content\/uploads\/2025\/10\/IMG_4319-1024x558.jpg\" alt=\"\" class=\"wp-image-11134\" style=\"width:933px;height:auto\" srcset=\"https:\/\/automotiverevista.pt\/wp-content\/uploads\/2025\/10\/IMG_4319-1024x558.jpg 1024w, https:\/\/automotiverevista.pt\/wp-content\/uploads\/2025\/10\/IMG_4319-300x163.jpg 300w, https:\/\/automotiverevista.pt\/wp-content\/uploads\/2025\/10\/IMG_4319-768x418.jpg 768w, https:\/\/automotiverevista.pt\/wp-content\/uploads\/2025\/10\/IMG_4319-750x409.jpg 750w, https:\/\/automotiverevista.pt\/wp-content\/uploads\/2025\/10\/IMG_4319-1140x621.jpg 1140w, https:\/\/automotiverevista.pt\/wp-content\/uploads\/2025\/10\/IMG_4319.jpg 1500w\" sizes=\"(max-width: 1024px) 100vw, 1024px\" \/><\/figure>\n\n\n\n<p>Em entrevista \u00e0 Revista Automotive, Francisco Ribeiro destacou que \u201cestas novas instala\u00e7\u00f5es de Souselas v\u00eam complementar a oferta oficinal da Sodicentro, dentro da sua zona de cobertura geogr\u00e1fica, ou seja, desde o sul de Leira at\u00e9 o norte de Aveiro, onde existe um grande parque circulante de cami\u00f5es, que pertencem a muitas empresas transportadoras constitu\u00eddas por pequenas frotas.<\/p>\n\n\n\n<figure class=\"wp-block-image size-large is-resized\"><img decoding=\"async\" width=\"1024\" height=\"683\" src=\"https:\/\/automotiverevista.pt\/wp-content\/uploads\/2025\/10\/IMG_4220-1024x683.jpg\" alt=\"\" class=\"wp-image-11135\" style=\"width:838px;height:auto\" srcset=\"https:\/\/automotiverevista.pt\/wp-content\/uploads\/2025\/10\/IMG_4220-1024x683.jpg 1024w, https:\/\/automotiverevista.pt\/wp-content\/uploads\/2025\/10\/IMG_4220-300x200.jpg 300w, https:\/\/automotiverevista.pt\/wp-content\/uploads\/2025\/10\/IMG_4220-768x512.jpg 768w, https:\/\/automotiverevista.pt\/wp-content\/uploads\/2025\/10\/IMG_4220-750x500.jpg 750w, https:\/\/automotiverevista.pt\/wp-content\/uploads\/2025\/10\/IMG_4220-1140x760.jpg 1140w, https:\/\/automotiverevista.pt\/wp-content\/uploads\/2025\/10\/IMG_4220.jpg 1500w\" sizes=\"(max-width: 1024px) 100vw, 1024px\" \/><\/figure>\n\n\n\n<p><strong>Proximidade<\/strong><\/p>\n\n\n\n<p>A nossa forma de atuar junto a estas empresas tem necessariamente de ser diferente, sobretudo em termos dos servi\u00e7os de p\u00f3s-venda de cami\u00f5es, onde \u00e9 necess\u00e1rio dispor de uma equipa qualificada e que saiba atuar com proximidade junto \u00e0s pequenas frotas de cami\u00f5es, pois s\u00e3o elas que constituem o grosso do tecido empresarial da regi\u00e3o onde nos posicionamos.<\/p>\n\n\n\n<p>Com este esp\u00edrito de trabalho, a Sodicentro investiu numa unidade oficinal fora do circuito urbano, localizando-a mais pr\u00f3xima dos clientes empresariais de pequena dimens\u00e3o, proporcionando-lhes um servi\u00e7o de p\u00f3s-venda mais dedicado e, ao mesmo tempo, permite reduzir a nossa depend\u00eancia das grandes frotas de cami\u00f5es.<\/p>\n\n\n\n<figure class=\"wp-block-image size-large is-resized\"><img decoding=\"async\" width=\"1024\" height=\"683\" src=\"https:\/\/automotiverevista.pt\/wp-content\/uploads\/2025\/10\/IMG_4268-1024x683.jpg\" alt=\"\" class=\"wp-image-11136\" style=\"width:846px;height:auto\" srcset=\"https:\/\/automotiverevista.pt\/wp-content\/uploads\/2025\/10\/IMG_4268-1024x683.jpg 1024w, https:\/\/automotiverevista.pt\/wp-content\/uploads\/2025\/10\/IMG_4268-300x200.jpg 300w, https:\/\/automotiverevista.pt\/wp-content\/uploads\/2025\/10\/IMG_4268-768x512.jpg 768w, https:\/\/automotiverevista.pt\/wp-content\/uploads\/2025\/10\/IMG_4268-750x500.jpg 750w, https:\/\/automotiverevista.pt\/wp-content\/uploads\/2025\/10\/IMG_4268-1140x760.jpg 1140w, https:\/\/automotiverevista.pt\/wp-content\/uploads\/2025\/10\/IMG_4268.jpg 1500w\" sizes=\"(max-width: 1024px) 100vw, 1024px\" \/><\/figure>\n\n\n\n<p>Investir em estruturas mais pequenas tem as suas vantagens, sobretudo permite melhores acessos aos nossos clientes e seus respetivos cami\u00f5es, sempre contando com o apoio da oficina da Sodicentro de Leiria, que igualmente tem uma equipa dedicada desde 2016 para os ve\u00edculos pesados (cami\u00f5es e autocarros) da marca Mercedes-Benz.<\/p>\n\n\n\n<p><strong>Truck Dedication<\/strong><\/p>\n\n\n\n<p>O Grupo Auto-Industrial e em especial a nossa empresa Sodicentro, investiu na unidade de Souselas, implementando o conceito dinamizado pela Daimler Truck que \u00e9 o Truck Dedication, com uma equipa que \u00e9 o espelho e continuidade da filosofia de trabalho da nossa oficina de Leira: sempre com o foco num servi\u00e7o p\u00f3s-venda de proximidade, especializado e orientado para os pesados.<\/p>\n\n\n\n<p>Em termos de equipamentos, dispomos de materiais bastante modernos, incluindo elevadores m\u00f3veis com capacidades superiores aos elevadores fixos, o que facilita a movimenta\u00e7\u00e3o do cami\u00e3o em repara\u00e7\u00e3o, dentro do espa\u00e7o da oficina, entre outras vantagens na gest\u00e3o do espa\u00e7o de ch\u00e3o. A exemplo de Leiria, tamb\u00e9m dispomos em Souselas de um armaz\u00e9m com stock de pe\u00e7as dedicado aos pesados.<\/p>\n\n\n\n<figure class=\"wp-block-image size-large is-resized\"><img decoding=\"async\" width=\"1024\" height=\"683\" src=\"https:\/\/automotiverevista.pt\/wp-content\/uploads\/2025\/10\/IMG_4300-1024x683.jpg\" alt=\"\" class=\"wp-image-11137\" style=\"width:763px;height:auto\" srcset=\"https:\/\/automotiverevista.pt\/wp-content\/uploads\/2025\/10\/IMG_4300-1024x683.jpg 1024w, https:\/\/automotiverevista.pt\/wp-content\/uploads\/2025\/10\/IMG_4300-300x200.jpg 300w, https:\/\/automotiverevista.pt\/wp-content\/uploads\/2025\/10\/IMG_4300-768x512.jpg 768w, https:\/\/automotiverevista.pt\/wp-content\/uploads\/2025\/10\/IMG_4300-750x500.jpg 750w, https:\/\/automotiverevista.pt\/wp-content\/uploads\/2025\/10\/IMG_4300-1140x760.jpg 1140w, https:\/\/automotiverevista.pt\/wp-content\/uploads\/2025\/10\/IMG_4300.jpg 1500w\" sizes=\"(max-width: 1024px) 100vw, 1024px\" \/><\/figure>\n\n\n\n<p>Para al\u00e9m de investir em estruturas modernas e equipamentos de \u00faltima gera\u00e7\u00e3o, procuramos estimular uma comunica\u00e7\u00e3o interna entre as equipas e as respetivas chefias de vendas e de p\u00f3s-venda, no sentido de prestar o melhor atendimento ao nosso cliente, seja ele uma pequena ou grande frota.<\/p>\n\n\n\n<p>A oficina de Souselas tem uma equipa que combina profissionais experientes, com mais jovens de modo a complementarem as suas val\u00eancias em benef\u00edcio dos clientes. A equipa \u00e9 liderada por <strong>Rodrigo Abreu<\/strong> (foto de abertura), um respons\u00e1vel de oficina que tem demonstrado estar sempre \u00e0 altura dos desafios.<\/p>\n\n\n\n<figure class=\"wp-block-image size-large is-resized\"><img decoding=\"async\" width=\"1024\" height=\"683\" src=\"https:\/\/automotiverevista.pt\/wp-content\/uploads\/2025\/10\/IMG_4207-1024x683.jpg\" alt=\"\" class=\"wp-image-11138\" style=\"width:749px;height:auto\" srcset=\"https:\/\/automotiverevista.pt\/wp-content\/uploads\/2025\/10\/IMG_4207-1024x683.jpg 1024w, https:\/\/automotiverevista.pt\/wp-content\/uploads\/2025\/10\/IMG_4207-300x200.jpg 300w, https:\/\/automotiverevista.pt\/wp-content\/uploads\/2025\/10\/IMG_4207-768x512.jpg 768w, https:\/\/automotiverevista.pt\/wp-content\/uploads\/2025\/10\/IMG_4207-750x500.jpg 750w, https:\/\/automotiverevista.pt\/wp-content\/uploads\/2025\/10\/IMG_4207-1140x760.jpg 1140w, https:\/\/automotiverevista.pt\/wp-content\/uploads\/2025\/10\/IMG_4207.jpg 1500w\" sizes=\"(max-width: 1024px) 100vw, 1024px\" \/><\/figure>\n\n\n\n<p><strong>Servi\u00e7o integral<\/strong><\/p>\n\n\n\n<p>Prestamos servi\u00e7os a clientes com grandes frotas de cami\u00f5es que t\u00eam as sedes das suas empresas no entorno da nossa unidade de Souselas. Agora passam a dispor de uma oficina de marca com excelente localiza\u00e7\u00e3o, com acessos r\u00e1pidos e seguros, muito diferente do que havia nas nossas antigas oficinas localizadas no centro de Coimbra. Ressalto que a Sodicentro \u00e9 tamb\u00e9m concession\u00e1rio e reparador oficial dos autom\u00f3veis ligeiros Mercedes-Benz e smart, em Coimbra e em Leiria<\/p>\n\n\n\n<p>Devo tamb\u00e9m dizer que fomos muito bem acolhidos pela freguesia de Souselas e, em troca, procuramos criar uma boa rela\u00e7\u00e3o com as diferentes empresas instaladas naquela localidade. Curiosamente, j\u00e1 estamos a assistir a um investimento de outras marcas de cami\u00f5es naquela regi\u00e3o, o que \u00e9 um indicador de que fizemos uma escolha acertada ao eleger aquela freguesia, sabendo que agora seremos o bom exemplo a seguir por outras empresas no nosso setor de repara\u00e7\u00e3o de cami\u00f5es\u201d, ressaltou Francisco Ribeiro, um profissional com um percurso de excel\u00eancia no setor do p\u00f3s-venda em Portugal.<\/p>\n\n\n\n<figure class=\"wp-block-image size-large is-resized\"><img decoding=\"async\" width=\"1024\" height=\"683\" src=\"https:\/\/automotiverevista.pt\/wp-content\/uploads\/2025\/10\/IMG_4212-1024x683.jpg\" alt=\"\" class=\"wp-image-11139\" style=\"width:818px;height:auto\" srcset=\"https:\/\/automotiverevista.pt\/wp-content\/uploads\/2025\/10\/IMG_4212-1024x683.jpg 1024w, https:\/\/automotiverevista.pt\/wp-content\/uploads\/2025\/10\/IMG_4212-300x200.jpg 300w, https:\/\/automotiverevista.pt\/wp-content\/uploads\/2025\/10\/IMG_4212-768x512.jpg 768w, https:\/\/automotiverevista.pt\/wp-content\/uploads\/2025\/10\/IMG_4212-750x500.jpg 750w, https:\/\/automotiverevista.pt\/wp-content\/uploads\/2025\/10\/IMG_4212-1140x760.jpg 1140w, https:\/\/automotiverevista.pt\/wp-content\/uploads\/2025\/10\/IMG_4212.jpg 1500w\" sizes=\"(max-width: 1024px) 100vw, 1024px\" \/><\/figure>\n","protected":false},"excerpt":{"rendered":"<p>Empresa pertencente ao centen\u00e1rio Grupo Auto-Industrial, a Sodicentro inaugurou as novas instala\u00e7\u00f5es da sua oficina Mercedes-Benz, localizada em Souselas, no concelho de Coimbra. O evento contou a presen\u00e7a de in\u00fameros convidados, entre os quais membros da C\u00e2mara Municipal local, para al\u00e9m de parceiros e clientes do setor de ve\u00edculos pesados que assim ficaram a conhecer [&hellip;]<\/p>\n","protected":false},"author":1,"featured_media":11131,"comment_status":"closed","ping_status":"open","sticky":false,"template":"","format":"standard","meta":{"jnews-multi-image_gallery":[],"jnews_single_post":{"format":"standard"},"jnews_primary_category":[],"footnotes":""},"categories":[25,21],"tags":[],"class_list":["post-11130","post","type-post","status-publish","format-standard","has-post-thumbnail","hentry","category-pesados-e-maquinas","category-pos-venda"],"yoast_head":"<!-- This site is optimized with the Yoast SEO Premium plugin v27.2 (Yoast SEO v27.5) - https:\/\/yoast.com\/product\/yoast-seo-premium-wordpress\/ -->\n<title>Sodicentro \u2013 novas instala\u00e7\u00f5es Mercedes-Benz pesados em Souselas - Revista Automotive<\/title>\n<meta name=\"robots\" content=\"index, follow, max-snippet:-1, max-image-preview:large, max-video-preview:-1\" \/>\n<link rel=\"canonical\" href=\"https:\/\/automotiverevista.pt\/index.php\/2025\/10\/07\/sodicentro-novas-instalacoes-mercedes-benz-pesados-em-souselas\/\" \/>\n<meta property=\"og:locale\" content=\"pt_PT\" \/>\n<meta property=\"og:type\" content=\"article\" \/>\n<meta property=\"og:title\" content=\"Sodicentro \u2013 novas instala\u00e7\u00f5es Mercedes-Benz pesados em Souselas\" \/>\n<meta property=\"og:description\" content=\"Empresa pertencente ao centen\u00e1rio Grupo Auto-Industrial, a Sodicentro inaugurou as novas instala\u00e7\u00f5es da sua oficina Mercedes-Benz, localizada em Souselas, no concelho de Coimbra. O evento contou a presen\u00e7a de in\u00fameros convidados, entre os quais membros da C\u00e2mara Municipal local, para al\u00e9m de parceiros e clientes do setor de ve\u00edculos pesados que assim ficaram a conhecer [&hellip;]\" \/>\n<meta property=\"og:url\" content=\"https:\/\/automotiverevista.pt\/index.php\/2025\/10\/07\/sodicentro-novas-instalacoes-mercedes-benz-pesados-em-souselas\/\" \/>\n<meta property=\"og:site_name\" content=\"Revista Automotive\" \/>\n<meta property=\"article:published_time\" content=\"2025-10-07T06:33:00+00:00\" \/>\n<meta property=\"og:image\" content=\"https:\/\/automotiverevista.pt\/wp-content\/uploads\/2025\/10\/IMG_4285.jpg\" \/>\n\t<meta property=\"og:image:width\" content=\"1500\" \/>\n\t<meta property=\"og:image:height\" content=\"1000\" \/>\n\t<meta property=\"og:image:type\" content=\"image\/jpeg\" \/>\n<meta name=\"author\" content=\"adminNovo\" \/>\n<meta name=\"twitter:card\" content=\"summary_large_image\" \/>\n<meta name=\"twitter:label1\" content=\"Escrito por\" \/>\n\t<meta name=\"twitter:data1\" content=\"adminNovo\" \/>\n\t<meta name=\"twitter:label2\" content=\"Tempo estimado de leitura\" \/>\n\t<meta name=\"twitter:data2\" content=\"7 minutos\" \/>\n<script type=\"application\/ld+json\" class=\"yoast-schema-graph\">{\"@context\":\"https:\\\/\\\/schema.org\",\"@graph\":[{\"@type\":\"Article\",\"@id\":\"https:\\\/\\\/automotiverevista.pt\\\/index.php\\\/2025\\\/10\\\/07\\\/sodicentro-novas-instalacoes-mercedes-benz-pesados-em-souselas\\\/#article\",\"isPartOf\":{\"@id\":\"https:\\\/\\\/automotiverevista.pt\\\/index.php\\\/2025\\\/10\\\/07\\\/sodicentro-novas-instalacoes-mercedes-benz-pesados-em-souselas\\\/\"},\"author\":{\"name\":\"adminNovo\",\"@id\":\"https:\\\/\\\/automotiverevista.pt\\\/#\\\/schema\\\/person\\\/1265858bc8c78a0f969de814da8be281\"},\"headline\":\"Sodicentro \u2013 novas instala\u00e7\u00f5es Mercedes-Benz pesados em Souselas\",\"datePublished\":\"2025-10-07T06:33:00+00:00\",\"mainEntityOfPage\":{\"@id\":\"https:\\\/\\\/automotiverevista.pt\\\/index.php\\\/2025\\\/10\\\/07\\\/sodicentro-novas-instalacoes-mercedes-benz-pesados-em-souselas\\\/\"},\"wordCount\":966,\"publisher\":{\"@id\":\"https:\\\/\\\/automotiverevista.pt\\\/#organization\"},\"image\":{\"@id\":\"https:\\\/\\\/automotiverevista.pt\\\/index.php\\\/2025\\\/10\\\/07\\\/sodicentro-novas-instalacoes-mercedes-benz-pesados-em-souselas\\\/#primaryimage\"},\"thumbnailUrl\":\"https:\\\/\\\/automotiverevista.pt\\\/wp-content\\\/uploads\\\/2025\\\/10\\\/IMG_4285.jpg\",\"articleSection\":[\"Pesados e M\u00e1quinas\",\"P\u00f3s-Venda\"],\"inLanguage\":\"pt-PT\"},{\"@type\":\"WebPage\",\"@id\":\"https:\\\/\\\/automotiverevista.pt\\\/index.php\\\/2025\\\/10\\\/07\\\/sodicentro-novas-instalacoes-mercedes-benz-pesados-em-souselas\\\/\",\"url\":\"https:\\\/\\\/automotiverevista.pt\\\/index.php\\\/2025\\\/10\\\/07\\\/sodicentro-novas-instalacoes-mercedes-benz-pesados-em-souselas\\\/\",\"name\":\"Sodicentro \u2013 novas instala\u00e7\u00f5es Mercedes-Benz pesados em Souselas - Revista Automotive\",\"isPartOf\":{\"@id\":\"https:\\\/\\\/automotiverevista.pt\\\/#website\"},\"primaryImageOfPage\":{\"@id\":\"https:\\\/\\\/automotiverevista.pt\\\/index.php\\\/2025\\\/10\\\/07\\\/sodicentro-novas-instalacoes-mercedes-benz-pesados-em-souselas\\\/#primaryimage\"},\"image\":{\"@id\":\"https:\\\/\\\/automotiverevista.pt\\\/index.php\\\/2025\\\/10\\\/07\\\/sodicentro-novas-instalacoes-mercedes-benz-pesados-em-souselas\\\/#primaryimage\"},\"thumbnailUrl\":\"https:\\\/\\\/automotiverevista.pt\\\/wp-content\\\/uploads\\\/2025\\\/10\\\/IMG_4285.jpg\",\"datePublished\":\"2025-10-07T06:33:00+00:00\",\"breadcrumb\":{\"@id\":\"https:\\\/\\\/automotiverevista.pt\\\/index.php\\\/2025\\\/10\\\/07\\\/sodicentro-novas-instalacoes-mercedes-benz-pesados-em-souselas\\\/#breadcrumb\"},\"inLanguage\":\"pt-PT\",\"potentialAction\":[{\"@type\":\"ReadAction\",\"target\":[\"https:\\\/\\\/automotiverevista.pt\\\/index.php\\\/2025\\\/10\\\/07\\\/sodicentro-novas-instalacoes-mercedes-benz-pesados-em-souselas\\\/\"]}]},{\"@type\":\"ImageObject\",\"inLanguage\":\"pt-PT\",\"@id\":\"https:\\\/\\\/automotiverevista.pt\\\/index.php\\\/2025\\\/10\\\/07\\\/sodicentro-novas-instalacoes-mercedes-benz-pesados-em-souselas\\\/#primaryimage\",\"url\":\"https:\\\/\\\/automotiverevista.pt\\\/wp-content\\\/uploads\\\/2025\\\/10\\\/IMG_4285.jpg\",\"contentUrl\":\"https:\\\/\\\/automotiverevista.pt\\\/wp-content\\\/uploads\\\/2025\\\/10\\\/IMG_4285.jpg\",\"width\":1500,\"height\":1000,\"caption\":\"Rodrigo Abreu, respons\u00e1vel oficina Souselas\"},{\"@type\":\"BreadcrumbList\",\"@id\":\"https:\\\/\\\/automotiverevista.pt\\\/index.php\\\/2025\\\/10\\\/07\\\/sodicentro-novas-instalacoes-mercedes-benz-pesados-em-souselas\\\/#breadcrumb\",\"itemListElement\":[{\"@type\":\"ListItem\",\"position\":1,\"name\":\"Home\",\"item\":\"https:\\\/\\\/automotiverevista.pt\\\/\"},{\"@type\":\"ListItem\",\"position\":2,\"name\":\"Sodicentro \u2013 novas instala\u00e7\u00f5es Mercedes-Benz pesados em Souselas\"}]},{\"@type\":\"WebSite\",\"@id\":\"https:\\\/\\\/automotiverevista.pt\\\/#website\",\"url\":\"https:\\\/\\\/automotiverevista.pt\\\/\",\"name\":\"Revista Automotive\",\"description\":\"Revista Automotive Portugal\",\"publisher\":{\"@id\":\"https:\\\/\\\/automotiverevista.pt\\\/#organization\"},\"potentialAction\":[{\"@type\":\"SearchAction\",\"target\":{\"@type\":\"EntryPoint\",\"urlTemplate\":\"https:\\\/\\\/automotiverevista.pt\\\/?s={search_term_string}\"},\"query-input\":{\"@type\":\"PropertyValueSpecification\",\"valueRequired\":true,\"valueName\":\"search_term_string\"}}],\"inLanguage\":\"pt-PT\"},{\"@type\":\"Organization\",\"@id\":\"https:\\\/\\\/automotiverevista.pt\\\/#organization\",\"name\":\"Revista Automotive Portugal\",\"url\":\"https:\\\/\\\/automotiverevista.pt\\\/\",\"logo\":{\"@type\":\"ImageObject\",\"inLanguage\":\"pt-PT\",\"@id\":\"https:\\\/\\\/automotiverevista.pt\\\/#\\\/schema\\\/logo\\\/image\\\/\",\"url\":\"https:\\\/\\\/automotiverevista.pt\\\/wp-content\\\/uploads\\\/2022\\\/07\\\/Logo-Automotive-2021_500-1.jpg\",\"contentUrl\":\"https:\\\/\\\/automotiverevista.pt\\\/wp-content\\\/uploads\\\/2022\\\/07\\\/Logo-Automotive-2021_500-1.jpg\",\"width\":500,\"height\":160,\"caption\":\"Revista Automotive Portugal\"},\"image\":{\"@id\":\"https:\\\/\\\/automotiverevista.pt\\\/#\\\/schema\\\/logo\\\/image\\\/\"},\"sameAs\":[\"https:\\\/\\\/linkedin.com\\\/in\\\/automotiverevista\"]},{\"@type\":\"Person\",\"@id\":\"https:\\\/\\\/automotiverevista.pt\\\/#\\\/schema\\\/person\\\/1265858bc8c78a0f969de814da8be281\",\"name\":\"adminNovo\",\"image\":{\"@type\":\"ImageObject\",\"inLanguage\":\"pt-PT\",\"@id\":\"https:\\\/\\\/secure.gravatar.com\\\/avatar\\\/c606c1288dcc11eb4c709aa5136fdb962583c410f5c23c0b7bf6917c542be355?s=96&d=mm&r=g\",\"url\":\"https:\\\/\\\/secure.gravatar.com\\\/avatar\\\/c606c1288dcc11eb4c709aa5136fdb962583c410f5c23c0b7bf6917c542be355?s=96&d=mm&r=g\",\"contentUrl\":\"https:\\\/\\\/secure.gravatar.com\\\/avatar\\\/c606c1288dcc11eb4c709aa5136fdb962583c410f5c23c0b7bf6917c542be355?s=96&d=mm&r=g\",\"caption\":\"adminNovo\"},\"sameAs\":[\"https:\\\/\\\/automotiverevista.pt\"],\"url\":\"https:\\\/\\\/automotiverevista.pt\\\/index.php\\\/author\\\/adminnovo\\\/\"}]}<\/script>\n<!-- \/ Yoast SEO Premium plugin. -->","yoast_head_json":{"title":"Sodicentro \u2013 novas instala\u00e7\u00f5es Mercedes-Benz pesados em Souselas - Revista Automotive","robots":{"index":"index","follow":"follow","max-snippet":"max-snippet:-1","max-image-preview":"max-image-preview:large","max-video-preview":"max-video-preview:-1"},"canonical":"https:\/\/automotiverevista.pt\/index.php\/2025\/10\/07\/sodicentro-novas-instalacoes-mercedes-benz-pesados-em-souselas\/","og_locale":"pt_PT","og_type":"article","og_title":"Sodicentro \u2013 novas instala\u00e7\u00f5es Mercedes-Benz pesados em Souselas","og_description":"Empresa pertencente ao centen\u00e1rio Grupo Auto-Industrial, a Sodicentro inaugurou as novas instala\u00e7\u00f5es da sua oficina Mercedes-Benz, localizada em Souselas, no concelho de Coimbra. O evento contou a presen\u00e7a de in\u00fameros convidados, entre os quais membros da C\u00e2mara Municipal local, para al\u00e9m de parceiros e clientes do setor de ve\u00edculos pesados que assim ficaram a conhecer [&hellip;]","og_url":"https:\/\/automotiverevista.pt\/index.php\/2025\/10\/07\/sodicentro-novas-instalacoes-mercedes-benz-pesados-em-souselas\/","og_site_name":"Revista Automotive","article_published_time":"2025-10-07T06:33:00+00:00","og_image":[{"width":1500,"height":1000,"url":"https:\/\/automotiverevista.pt\/wp-content\/uploads\/2025\/10\/IMG_4285.jpg","type":"image\/jpeg"}],"author":"adminNovo","twitter_card":"summary_large_image","twitter_misc":{"Escrito por":"adminNovo","Tempo estimado de leitura":"7 minutos"},"schema":{"@context":"https:\/\/schema.org","@graph":[{"@type":"Article","@id":"https:\/\/automotiverevista.pt\/index.php\/2025\/10\/07\/sodicentro-novas-instalacoes-mercedes-benz-pesados-em-souselas\/#article","isPartOf":{"@id":"https:\/\/automotiverevista.pt\/index.php\/2025\/10\/07\/sodicentro-novas-instalacoes-mercedes-benz-pesados-em-souselas\/"},"author":{"name":"adminNovo","@id":"https:\/\/automotiverevista.pt\/#\/schema\/person\/1265858bc8c78a0f969de814da8be281"},"headline":"Sodicentro \u2013 novas instala\u00e7\u00f5es Mercedes-Benz pesados em Souselas","datePublished":"2025-10-07T06:33:00+00:00","mainEntityOfPage":{"@id":"https:\/\/automotiverevista.pt\/index.php\/2025\/10\/07\/sodicentro-novas-instalacoes-mercedes-benz-pesados-em-souselas\/"},"wordCount":966,"publisher":{"@id":"https:\/\/automotiverevista.pt\/#organization"},"image":{"@id":"https:\/\/automotiverevista.pt\/index.php\/2025\/10\/07\/sodicentro-novas-instalacoes-mercedes-benz-pesados-em-souselas\/#primaryimage"},"thumbnailUrl":"https:\/\/automotiverevista.pt\/wp-content\/uploads\/2025\/10\/IMG_4285.jpg","articleSection":["Pesados e M\u00e1quinas","P\u00f3s-Venda"],"inLanguage":"pt-PT"},{"@type":"WebPage","@id":"https:\/\/automotiverevista.pt\/index.php\/2025\/10\/07\/sodicentro-novas-instalacoes-mercedes-benz-pesados-em-souselas\/","url":"https:\/\/automotiverevista.pt\/index.php\/2025\/10\/07\/sodicentro-novas-instalacoes-mercedes-benz-pesados-em-souselas\/","name":"Sodicentro \u2013 novas instala\u00e7\u00f5es Mercedes-Benz pesados em Souselas - Revista Automotive","isPartOf":{"@id":"https:\/\/automotiverevista.pt\/#website"},"primaryImageOfPage":{"@id":"https:\/\/automotiverevista.pt\/index.php\/2025\/10\/07\/sodicentro-novas-instalacoes-mercedes-benz-pesados-em-souselas\/#primaryimage"},"image":{"@id":"https:\/\/automotiverevista.pt\/index.php\/2025\/10\/07\/sodicentro-novas-instalacoes-mercedes-benz-pesados-em-souselas\/#primaryimage"},"thumbnailUrl":"https:\/\/automotiverevista.pt\/wp-content\/uploads\/2025\/10\/IMG_4285.jpg","datePublished":"2025-10-07T06:33:00+00:00","breadcrumb":{"@id":"https:\/\/automotiverevista.pt\/index.php\/2025\/10\/07\/sodicentro-novas-instalacoes-mercedes-benz-pesados-em-souselas\/#breadcrumb"},"inLanguage":"pt-PT","potentialAction":[{"@type":"ReadAction","target":["https:\/\/automotiverevista.pt\/index.php\/2025\/10\/07\/sodicentro-novas-instalacoes-mercedes-benz-pesados-em-souselas\/"]}]},{"@type":"ImageObject","inLanguage":"pt-PT","@id":"https:\/\/automotiverevista.pt\/index.php\/2025\/10\/07\/sodicentro-novas-instalacoes-mercedes-benz-pesados-em-souselas\/#primaryimage","url":"https:\/\/automotiverevista.pt\/wp-content\/uploads\/2025\/10\/IMG_4285.jpg","contentUrl":"https:\/\/automotiverevista.pt\/wp-content\/uploads\/2025\/10\/IMG_4285.jpg","width":1500,"height":1000,"caption":"Rodrigo Abreu, respons\u00e1vel oficina Souselas"},{"@type":"BreadcrumbList","@id":"https:\/\/automotiverevista.pt\/index.php\/2025\/10\/07\/sodicentro-novas-instalacoes-mercedes-benz-pesados-em-souselas\/#breadcrumb","itemListElement":[{"@type":"ListItem","position":1,"name":"Home","item":"https:\/\/automotiverevista.pt\/"},{"@type":"ListItem","position":2,"name":"Sodicentro \u2013 novas instala\u00e7\u00f5es Mercedes-Benz pesados em Souselas"}]},{"@type":"WebSite","@id":"https:\/\/automotiverevista.pt\/#website","url":"https:\/\/automotiverevista.pt\/","name":"Revista Automotive","description":"Revista Automotive Portugal","publisher":{"@id":"https:\/\/automotiverevista.pt\/#organization"},"potentialAction":[{"@type":"SearchAction","target":{"@type":"EntryPoint","urlTemplate":"https:\/\/automotiverevista.pt\/?s={search_term_string}"},"query-input":{"@type":"PropertyValueSpecification","valueRequired":true,"valueName":"search_term_string"}}],"inLanguage":"pt-PT"},{"@type":"Organization","@id":"https:\/\/automotiverevista.pt\/#organization","name":"Revista Automotive Portugal","url":"https:\/\/automotiverevista.pt\/","logo":{"@type":"ImageObject","inLanguage":"pt-PT","@id":"https:\/\/automotiverevista.pt\/#\/schema\/logo\/image\/","url":"https:\/\/automotiverevista.pt\/wp-content\/uploads\/2022\/07\/Logo-Automotive-2021_500-1.jpg","contentUrl":"https:\/\/automotiverevista.pt\/wp-content\/uploads\/2022\/07\/Logo-Automotive-2021_500-1.jpg","width":500,"height":160,"caption":"Revista Automotive Portugal"},"image":{"@id":"https:\/\/automotiverevista.pt\/#\/schema\/logo\/image\/"},"sameAs":["https:\/\/linkedin.com\/in\/automotiverevista"]},{"@type":"Person","@id":"https:\/\/automotiverevista.pt\/#\/schema\/person\/1265858bc8c78a0f969de814da8be281","name":"adminNovo","image":{"@type":"ImageObject","inLanguage":"pt-PT","@id":"https:\/\/secure.gravatar.com\/avatar\/c606c1288dcc11eb4c709aa5136fdb962583c410f5c23c0b7bf6917c542be355?s=96&d=mm&r=g","url":"https:\/\/secure.gravatar.com\/avatar\/c606c1288dcc11eb4c709aa5136fdb962583c410f5c23c0b7bf6917c542be355?s=96&d=mm&r=g","contentUrl":"https:\/\/secure.gravatar.com\/avatar\/c606c1288dcc11eb4c709aa5136fdb962583c410f5c23c0b7bf6917c542be355?s=96&d=mm&r=g","caption":"adminNovo"},"sameAs":["https:\/\/automotiverevista.pt"],"url":"https:\/\/automotiverevista.pt\/index.php\/author\/adminnovo\/"}]}},"_links":{"self":[{"href":"https:\/\/automotiverevista.pt\/index.php\/wp-json\/wp\/v2\/posts\/11130","targetHints":{"allow":["GET"]}}],"collection":[{"href":"https:\/\/automotiverevista.pt\/index.php\/wp-json\/wp\/v2\/posts"}],"about":[{"href":"https:\/\/automotiverevista.pt\/index.php\/wp-json\/wp\/v2\/types\/post"}],"author":[{"embeddable":true,"href":"https:\/\/automotiverevista.pt\/index.php\/wp-json\/wp\/v2\/users\/1"}],"replies":[{"embeddable":true,"href":"https:\/\/automotiverevista.pt\/index.php\/wp-json\/wp\/v2\/comments?post=11130"}],"version-history":[{"count":2,"href":"https:\/\/automotiverevista.pt\/index.php\/wp-json\/wp\/v2\/posts\/11130\/revisions"}],"predecessor-version":[{"id":11140,"href":"https:\/\/automotiverevista.pt\/index.php\/wp-json\/wp\/v2\/posts\/11130\/revisions\/11140"}],"wp:featuredmedia":[{"embeddable":true,"href":"https:\/\/automotiverevista.pt\/index.php\/wp-json\/wp\/v2\/media\/11131"}],"wp:attachment":[{"href":"https:\/\/automotiverevista.pt\/index.php\/wp-json\/wp\/v2\/media?parent=11130"}],"wp:term":[{"taxonomy":"category","embeddable":true,"href":"https:\/\/automotiverevista.pt\/index.php\/wp-json\/wp\/v2\/categories?post=11130"},{"taxonomy":"post_tag","embeddable":true,"href":"https:\/\/automotiverevista.pt\/index.php\/wp-json\/wp\/v2\/tags?post=11130"}],"curies":[{"name":"wp","href":"https:\/\/api.w.org\/{rel}","templated":true}]}}