{"id":11158,"date":"2025-10-09T06:06:00","date_gmt":"2025-10-09T06:06:00","guid":{"rendered":"https:\/\/automotiverevista.pt\/?p=11158"},"modified":"2025-10-05T20:08:30","modified_gmt":"2025-10-05T20:08:30","slug":"scania-pos-venda-de-portugal-no-topo-da-europa","status":"publish","type":"post","link":"https:\/\/automotiverevista.pt\/index.php\/2025\/10\/09\/scania-pos-venda-de-portugal-no-topo-da-europa\/","title":{"rendered":"Scania: p\u00f3s-venda de Portugal no topo da Europa"},"content":{"rendered":"\n<p>A&nbsp;<strong>equipa<\/strong>&nbsp;<strong>Vialonga<\/strong>, representante de Portugal na competi\u00e7\u00e3o europeia do Scania Top Team 2025, concluiu a sua participa\u00e7\u00e3o na final realizada em Trento com uma atua\u00e7\u00e3o destacada que reflete o elevado n\u00edvel de profissionalismo e compromisso dos servi\u00e7os t\u00e9cnicos da Scania no nosso pa\u00eds.<\/p>\n\n\n\n<p>&nbsp;O seu desempenho foi motivo de orgulho para a Scania Ib\u00e9rica, demonstrando mais uma vez que&nbsp;<strong>o talento, a forma\u00e7\u00e3o cont\u00ednua e o trabalho em equipa s\u00e3o pilares fundamentais<\/strong>&nbsp;na rede de concession\u00e1rios.<\/p>\n\n\n\n<p>Este ano, as equipas foram compostas por 3 mec\u00e2nicos\/as, 1 assessor\/a de pe\u00e7as, 1 assessor\/a de servi\u00e7os e um\/a chefe de oficina respons\u00e1vel pela coordena\u00e7\u00e3o do trabalho da equipa. Cada pessoa foi essencial para o bom funcionamento do grupo, desempenhando o seu papel de acordo com os processos definidos.<\/p>\n\n\n\n<p>Durante a competi\u00e7\u00e3o, as equipas enfrentaram desafios t\u00e9cnicos complexos e situa\u00e7\u00f5es reais que colocaram \u00e0 prova os seus conhecimentos, compet\u00eancias e capacidade de colabora\u00e7\u00e3o. A equipa Vialonga superou com sucesso v\u00e1rias das provas, demonstrando prepara\u00e7\u00e3o e esp\u00edrito competitivo.<\/p>\n\n\n\n<figure class=\"wp-block-image size-large is-resized\"><img decoding=\"async\" width=\"1024\" height=\"682\" src=\"https:\/\/automotiverevista.pt\/wp-content\/uploads\/2025\/10\/np-bancada-1024x682.jpeg\" alt=\"\" class=\"wp-image-11161\" style=\"width:689px;height:auto\" srcset=\"https:\/\/automotiverevista.pt\/wp-content\/uploads\/2025\/10\/np-bancada-1024x682.jpeg 1024w, https:\/\/automotiverevista.pt\/wp-content\/uploads\/2025\/10\/np-bancada-300x200.jpeg 300w, https:\/\/automotiverevista.pt\/wp-content\/uploads\/2025\/10\/np-bancada-768x512.jpeg 768w, https:\/\/automotiverevista.pt\/wp-content\/uploads\/2025\/10\/np-bancada-1536x1023.jpeg 1536w, https:\/\/automotiverevista.pt\/wp-content\/uploads\/2025\/10\/np-bancada-750x500.jpeg 750w, https:\/\/automotiverevista.pt\/wp-content\/uploads\/2025\/10\/np-bancada-1140x759.jpeg 1140w, https:\/\/automotiverevista.pt\/wp-content\/uploads\/2025\/10\/np-bancada.jpeg 1920w\" sizes=\"(max-width: 1024px) 100vw, 1024px\" \/><\/figure>\n","protected":false},"excerpt":{"rendered":"<p>A&nbsp;equipa&nbsp;Vialonga, representante de Portugal na competi\u00e7\u00e3o europeia do Scania Top Team 2025, concluiu a sua participa\u00e7\u00e3o na final realizada em Trento com uma atua\u00e7\u00e3o destacada que reflete o elevado n\u00edvel de profissionalismo e compromisso dos servi\u00e7os t\u00e9cnicos da Scania no nosso pa\u00eds. &nbsp;O seu desempenho foi motivo de orgulho para a Scania Ib\u00e9rica, demonstrando mais [&hellip;]<\/p>\n","protected":false},"author":1,"featured_media":11159,"comment_status":"closed","ping_status":"open","sticky":false,"template":"","format":"standard","meta":{"jnews-multi-image_gallery":[],"jnews_single_post":{"format":"standard"},"jnews_primary_category":[],"footnotes":""},"categories":[25],"tags":[],"class_list":["post-11158","post","type-post","status-publish","format-standard","has-post-thumbnail","hentry","category-pesados-e-maquinas"],"yoast_head":"<!-- This site is optimized with the Yoast SEO Premium plugin v27.2 (Yoast SEO v27.5) - https:\/\/yoast.com\/product\/yoast-seo-premium-wordpress\/ -->\n<title>Scania: p\u00f3s-venda de Portugal no topo da Europa - Revista Automotive<\/title>\n<meta name=\"robots\" content=\"index, follow, max-snippet:-1, max-image-preview:large, max-video-preview:-1\" \/>\n<link rel=\"canonical\" href=\"https:\/\/automotiverevista.pt\/index.php\/2025\/10\/09\/scania-pos-venda-de-portugal-no-topo-da-europa\/\" \/>\n<meta property=\"og:locale\" content=\"pt_PT\" \/>\n<meta property=\"og:type\" content=\"article\" \/>\n<meta property=\"og:title\" content=\"Scania: p\u00f3s-venda de Portugal no topo da Europa\" \/>\n<meta property=\"og:description\" content=\"A&nbsp;equipa&nbsp;Vialonga, representante de Portugal na competi\u00e7\u00e3o europeia do Scania Top Team 2025, concluiu a sua participa\u00e7\u00e3o na final realizada em Trento com uma atua\u00e7\u00e3o destacada que reflete o elevado n\u00edvel de profissionalismo e compromisso dos servi\u00e7os t\u00e9cnicos da Scania no nosso pa\u00eds. &nbsp;O seu desempenho foi motivo de orgulho para a Scania Ib\u00e9rica, demonstrando mais [&hellip;]\" \/>\n<meta property=\"og:url\" content=\"https:\/\/automotiverevista.pt\/index.php\/2025\/10\/09\/scania-pos-venda-de-portugal-no-topo-da-europa\/\" \/>\n<meta property=\"og:site_name\" content=\"Revista Automotive\" \/>\n<meta property=\"article:published_time\" content=\"2025-10-09T06:06:00+00:00\" \/>\n<meta property=\"og:image\" content=\"https:\/\/automotiverevista.pt\/wp-content\/uploads\/2025\/10\/top-team-eur5.jpeg\" \/>\n\t<meta property=\"og:image:width\" content=\"1663\" \/>\n\t<meta property=\"og:image:height\" content=\"1109\" \/>\n\t<meta property=\"og:image:type\" content=\"image\/jpeg\" \/>\n<meta name=\"author\" content=\"adminNovo\" \/>\n<meta name=\"twitter:card\" content=\"summary_large_image\" \/>\n<meta name=\"twitter:label1\" content=\"Escrito por\" \/>\n\t<meta name=\"twitter:data1\" content=\"adminNovo\" \/>\n\t<meta name=\"twitter:label2\" content=\"Tempo estimado de leitura\" \/>\n\t<meta name=\"twitter:data2\" content=\"2 minutos\" \/>\n<script type=\"application\/ld+json\" class=\"yoast-schema-graph\">{\"@context\":\"https:\\\/\\\/schema.org\",\"@graph\":[{\"@type\":\"Article\",\"@id\":\"https:\\\/\\\/automotiverevista.pt\\\/index.php\\\/2025\\\/10\\\/09\\\/scania-pos-venda-de-portugal-no-topo-da-europa\\\/#article\",\"isPartOf\":{\"@id\":\"https:\\\/\\\/automotiverevista.pt\\\/index.php\\\/2025\\\/10\\\/09\\\/scania-pos-venda-de-portugal-no-topo-da-europa\\\/\"},\"author\":{\"name\":\"adminNovo\",\"@id\":\"https:\\\/\\\/automotiverevista.pt\\\/#\\\/schema\\\/person\\\/1265858bc8c78a0f969de814da8be281\"},\"headline\":\"Scania: p\u00f3s-venda de Portugal no topo da Europa\",\"datePublished\":\"2025-10-09T06:06:00+00:00\",\"mainEntityOfPage\":{\"@id\":\"https:\\\/\\\/automotiverevista.pt\\\/index.php\\\/2025\\\/10\\\/09\\\/scania-pos-venda-de-portugal-no-topo-da-europa\\\/\"},\"wordCount\":202,\"publisher\":{\"@id\":\"https:\\\/\\\/automotiverevista.pt\\\/#organization\"},\"image\":{\"@id\":\"https:\\\/\\\/automotiverevista.pt\\\/index.php\\\/2025\\\/10\\\/09\\\/scania-pos-venda-de-portugal-no-topo-da-europa\\\/#primaryimage\"},\"thumbnailUrl\":\"https:\\\/\\\/automotiverevista.pt\\\/wp-content\\\/uploads\\\/2025\\\/10\\\/top-team-eur5.jpeg\",\"articleSection\":[\"Pesados e M\u00e1quinas\"],\"inLanguage\":\"pt-PT\"},{\"@type\":\"WebPage\",\"@id\":\"https:\\\/\\\/automotiverevista.pt\\\/index.php\\\/2025\\\/10\\\/09\\\/scania-pos-venda-de-portugal-no-topo-da-europa\\\/\",\"url\":\"https:\\\/\\\/automotiverevista.pt\\\/index.php\\\/2025\\\/10\\\/09\\\/scania-pos-venda-de-portugal-no-topo-da-europa\\\/\",\"name\":\"Scania: p\u00f3s-venda de Portugal no topo da Europa - Revista Automotive\",\"isPartOf\":{\"@id\":\"https:\\\/\\\/automotiverevista.pt\\\/#website\"},\"primaryImageOfPage\":{\"@id\":\"https:\\\/\\\/automotiverevista.pt\\\/index.php\\\/2025\\\/10\\\/09\\\/scania-pos-venda-de-portugal-no-topo-da-europa\\\/#primaryimage\"},\"image\":{\"@id\":\"https:\\\/\\\/automotiverevista.pt\\\/index.php\\\/2025\\\/10\\\/09\\\/scania-pos-venda-de-portugal-no-topo-da-europa\\\/#primaryimage\"},\"thumbnailUrl\":\"https:\\\/\\\/automotiverevista.pt\\\/wp-content\\\/uploads\\\/2025\\\/10\\\/top-team-eur5.jpeg\",\"datePublished\":\"2025-10-09T06:06:00+00:00\",\"breadcrumb\":{\"@id\":\"https:\\\/\\\/automotiverevista.pt\\\/index.php\\\/2025\\\/10\\\/09\\\/scania-pos-venda-de-portugal-no-topo-da-europa\\\/#breadcrumb\"},\"inLanguage\":\"pt-PT\",\"potentialAction\":[{\"@type\":\"ReadAction\",\"target\":[\"https:\\\/\\\/automotiverevista.pt\\\/index.php\\\/2025\\\/10\\\/09\\\/scania-pos-venda-de-portugal-no-topo-da-europa\\\/\"]}]},{\"@type\":\"ImageObject\",\"inLanguage\":\"pt-PT\",\"@id\":\"https:\\\/\\\/automotiverevista.pt\\\/index.php\\\/2025\\\/10\\\/09\\\/scania-pos-venda-de-portugal-no-topo-da-europa\\\/#primaryimage\",\"url\":\"https:\\\/\\\/automotiverevista.pt\\\/wp-content\\\/uploads\\\/2025\\\/10\\\/top-team-eur5.jpeg\",\"contentUrl\":\"https:\\\/\\\/automotiverevista.pt\\\/wp-content\\\/uploads\\\/2025\\\/10\\\/top-team-eur5.jpeg\",\"width\":1663,\"height\":1109},{\"@type\":\"BreadcrumbList\",\"@id\":\"https:\\\/\\\/automotiverevista.pt\\\/index.php\\\/2025\\\/10\\\/09\\\/scania-pos-venda-de-portugal-no-topo-da-europa\\\/#breadcrumb\",\"itemListElement\":[{\"@type\":\"ListItem\",\"position\":1,\"name\":\"Home\",\"item\":\"https:\\\/\\\/automotiverevista.pt\\\/\"},{\"@type\":\"ListItem\",\"position\":2,\"name\":\"Scania: p\u00f3s-venda de Portugal no topo da Europa\"}]},{\"@type\":\"WebSite\",\"@id\":\"https:\\\/\\\/automotiverevista.pt\\\/#website\",\"url\":\"https:\\\/\\\/automotiverevista.pt\\\/\",\"name\":\"Revista Automotive\",\"description\":\"Revista Automotive Portugal\",\"publisher\":{\"@id\":\"https:\\\/\\\/automotiverevista.pt\\\/#organization\"},\"potentialAction\":[{\"@type\":\"SearchAction\",\"target\":{\"@type\":\"EntryPoint\",\"urlTemplate\":\"https:\\\/\\\/automotiverevista.pt\\\/?s={search_term_string}\"},\"query-input\":{\"@type\":\"PropertyValueSpecification\",\"valueRequired\":true,\"valueName\":\"search_term_string\"}}],\"inLanguage\":\"pt-PT\"},{\"@type\":\"Organization\",\"@id\":\"https:\\\/\\\/automotiverevista.pt\\\/#organization\",\"name\":\"Revista Automotive Portugal\",\"url\":\"https:\\\/\\\/automotiverevista.pt\\\/\",\"logo\":{\"@type\":\"ImageObject\",\"inLanguage\":\"pt-PT\",\"@id\":\"https:\\\/\\\/automotiverevista.pt\\\/#\\\/schema\\\/logo\\\/image\\\/\",\"url\":\"https:\\\/\\\/automotiverevista.pt\\\/wp-content\\\/uploads\\\/2022\\\/07\\\/Logo-Automotive-2021_500-1.jpg\",\"contentUrl\":\"https:\\\/\\\/automotiverevista.pt\\\/wp-content\\\/uploads\\\/2022\\\/07\\\/Logo-Automotive-2021_500-1.jpg\",\"width\":500,\"height\":160,\"caption\":\"Revista Automotive Portugal\"},\"image\":{\"@id\":\"https:\\\/\\\/automotiverevista.pt\\\/#\\\/schema\\\/logo\\\/image\\\/\"},\"sameAs\":[\"https:\\\/\\\/linkedin.com\\\/in\\\/automotiverevista\"]},{\"@type\":\"Person\",\"@id\":\"https:\\\/\\\/automotiverevista.pt\\\/#\\\/schema\\\/person\\\/1265858bc8c78a0f969de814da8be281\",\"name\":\"adminNovo\",\"image\":{\"@type\":\"ImageObject\",\"inLanguage\":\"pt-PT\",\"@id\":\"https:\\\/\\\/secure.gravatar.com\\\/avatar\\\/c606c1288dcc11eb4c709aa5136fdb962583c410f5c23c0b7bf6917c542be355?s=96&d=mm&r=g\",\"url\":\"https:\\\/\\\/secure.gravatar.com\\\/avatar\\\/c606c1288dcc11eb4c709aa5136fdb962583c410f5c23c0b7bf6917c542be355?s=96&d=mm&r=g\",\"contentUrl\":\"https:\\\/\\\/secure.gravatar.com\\\/avatar\\\/c606c1288dcc11eb4c709aa5136fdb962583c410f5c23c0b7bf6917c542be355?s=96&d=mm&r=g\",\"caption\":\"adminNovo\"},\"sameAs\":[\"https:\\\/\\\/automotiverevista.pt\"],\"url\":\"https:\\\/\\\/automotiverevista.pt\\\/index.php\\\/author\\\/adminnovo\\\/\"}]}<\/script>\n<!-- \/ Yoast SEO Premium plugin. -->","yoast_head_json":{"title":"Scania: p\u00f3s-venda de Portugal no topo da Europa - Revista Automotive","robots":{"index":"index","follow":"follow","max-snippet":"max-snippet:-1","max-image-preview":"max-image-preview:large","max-video-preview":"max-video-preview:-1"},"canonical":"https:\/\/automotiverevista.pt\/index.php\/2025\/10\/09\/scania-pos-venda-de-portugal-no-topo-da-europa\/","og_locale":"pt_PT","og_type":"article","og_title":"Scania: p\u00f3s-venda de Portugal no topo da Europa","og_description":"A&nbsp;equipa&nbsp;Vialonga, representante de Portugal na competi\u00e7\u00e3o europeia do Scania Top Team 2025, concluiu a sua participa\u00e7\u00e3o na final realizada em Trento com uma atua\u00e7\u00e3o destacada que reflete o elevado n\u00edvel de profissionalismo e compromisso dos servi\u00e7os t\u00e9cnicos da Scania no nosso pa\u00eds. &nbsp;O seu desempenho foi motivo de orgulho para a Scania Ib\u00e9rica, demonstrando mais [&hellip;]","og_url":"https:\/\/automotiverevista.pt\/index.php\/2025\/10\/09\/scania-pos-venda-de-portugal-no-topo-da-europa\/","og_site_name":"Revista Automotive","article_published_time":"2025-10-09T06:06:00+00:00","og_image":[{"width":1663,"height":1109,"url":"https:\/\/automotiverevista.pt\/wp-content\/uploads\/2025\/10\/top-team-eur5.jpeg","type":"image\/jpeg"}],"author":"adminNovo","twitter_card":"summary_large_image","twitter_misc":{"Escrito por":"adminNovo","Tempo estimado de leitura":"2 minutos"},"schema":{"@context":"https:\/\/schema.org","@graph":[{"@type":"Article","@id":"https:\/\/automotiverevista.pt\/index.php\/2025\/10\/09\/scania-pos-venda-de-portugal-no-topo-da-europa\/#article","isPartOf":{"@id":"https:\/\/automotiverevista.pt\/index.php\/2025\/10\/09\/scania-pos-venda-de-portugal-no-topo-da-europa\/"},"author":{"name":"adminNovo","@id":"https:\/\/automotiverevista.pt\/#\/schema\/person\/1265858bc8c78a0f969de814da8be281"},"headline":"Scania: p\u00f3s-venda de Portugal no topo da Europa","datePublished":"2025-10-09T06:06:00+00:00","mainEntityOfPage":{"@id":"https:\/\/automotiverevista.pt\/index.php\/2025\/10\/09\/scania-pos-venda-de-portugal-no-topo-da-europa\/"},"wordCount":202,"publisher":{"@id":"https:\/\/automotiverevista.pt\/#organization"},"image":{"@id":"https:\/\/automotiverevista.pt\/index.php\/2025\/10\/09\/scania-pos-venda-de-portugal-no-topo-da-europa\/#primaryimage"},"thumbnailUrl":"https:\/\/automotiverevista.pt\/wp-content\/uploads\/2025\/10\/top-team-eur5.jpeg","articleSection":["Pesados e M\u00e1quinas"],"inLanguage":"pt-PT"},{"@type":"WebPage","@id":"https:\/\/automotiverevista.pt\/index.php\/2025\/10\/09\/scania-pos-venda-de-portugal-no-topo-da-europa\/","url":"https:\/\/automotiverevista.pt\/index.php\/2025\/10\/09\/scania-pos-venda-de-portugal-no-topo-da-europa\/","name":"Scania: p\u00f3s-venda de Portugal no topo da Europa - Revista Automotive","isPartOf":{"@id":"https:\/\/automotiverevista.pt\/#website"},"primaryImageOfPage":{"@id":"https:\/\/automotiverevista.pt\/index.php\/2025\/10\/09\/scania-pos-venda-de-portugal-no-topo-da-europa\/#primaryimage"},"image":{"@id":"https:\/\/automotiverevista.pt\/index.php\/2025\/10\/09\/scania-pos-venda-de-portugal-no-topo-da-europa\/#primaryimage"},"thumbnailUrl":"https:\/\/automotiverevista.pt\/wp-content\/uploads\/2025\/10\/top-team-eur5.jpeg","datePublished":"2025-10-09T06:06:00+00:00","breadcrumb":{"@id":"https:\/\/automotiverevista.pt\/index.php\/2025\/10\/09\/scania-pos-venda-de-portugal-no-topo-da-europa\/#breadcrumb"},"inLanguage":"pt-PT","potentialAction":[{"@type":"ReadAction","target":["https:\/\/automotiverevista.pt\/index.php\/2025\/10\/09\/scania-pos-venda-de-portugal-no-topo-da-europa\/"]}]},{"@type":"ImageObject","inLanguage":"pt-PT","@id":"https:\/\/automotiverevista.pt\/index.php\/2025\/10\/09\/scania-pos-venda-de-portugal-no-topo-da-europa\/#primaryimage","url":"https:\/\/automotiverevista.pt\/wp-content\/uploads\/2025\/10\/top-team-eur5.jpeg","contentUrl":"https:\/\/automotiverevista.pt\/wp-content\/uploads\/2025\/10\/top-team-eur5.jpeg","width":1663,"height":1109},{"@type":"BreadcrumbList","@id":"https:\/\/automotiverevista.pt\/index.php\/2025\/10\/09\/scania-pos-venda-de-portugal-no-topo-da-europa\/#breadcrumb","itemListElement":[{"@type":"ListItem","position":1,"name":"Home","item":"https:\/\/automotiverevista.pt\/"},{"@type":"ListItem","position":2,"name":"Scania: p\u00f3s-venda de Portugal no topo da Europa"}]},{"@type":"WebSite","@id":"https:\/\/automotiverevista.pt\/#website","url":"https:\/\/automotiverevista.pt\/","name":"Revista Automotive","description":"Revista Automotive Portugal","publisher":{"@id":"https:\/\/automotiverevista.pt\/#organization"},"potentialAction":[{"@type":"SearchAction","target":{"@type":"EntryPoint","urlTemplate":"https:\/\/automotiverevista.pt\/?s={search_term_string}"},"query-input":{"@type":"PropertyValueSpecification","valueRequired":true,"valueName":"search_term_string"}}],"inLanguage":"pt-PT"},{"@type":"Organization","@id":"https:\/\/automotiverevista.pt\/#organization","name":"Revista Automotive Portugal","url":"https:\/\/automotiverevista.pt\/","logo":{"@type":"ImageObject","inLanguage":"pt-PT","@id":"https:\/\/automotiverevista.pt\/#\/schema\/logo\/image\/","url":"https:\/\/automotiverevista.pt\/wp-content\/uploads\/2022\/07\/Logo-Automotive-2021_500-1.jpg","contentUrl":"https:\/\/automotiverevista.pt\/wp-content\/uploads\/2022\/07\/Logo-Automotive-2021_500-1.jpg","width":500,"height":160,"caption":"Revista Automotive Portugal"},"image":{"@id":"https:\/\/automotiverevista.pt\/#\/schema\/logo\/image\/"},"sameAs":["https:\/\/linkedin.com\/in\/automotiverevista"]},{"@type":"Person","@id":"https:\/\/automotiverevista.pt\/#\/schema\/person\/1265858bc8c78a0f969de814da8be281","name":"adminNovo","image":{"@type":"ImageObject","inLanguage":"pt-PT","@id":"https:\/\/secure.gravatar.com\/avatar\/c606c1288dcc11eb4c709aa5136fdb962583c410f5c23c0b7bf6917c542be355?s=96&d=mm&r=g","url":"https:\/\/secure.gravatar.com\/avatar\/c606c1288dcc11eb4c709aa5136fdb962583c410f5c23c0b7bf6917c542be355?s=96&d=mm&r=g","contentUrl":"https:\/\/secure.gravatar.com\/avatar\/c606c1288dcc11eb4c709aa5136fdb962583c410f5c23c0b7bf6917c542be355?s=96&d=mm&r=g","caption":"adminNovo"},"sameAs":["https:\/\/automotiverevista.pt"],"url":"https:\/\/automotiverevista.pt\/index.php\/author\/adminnovo\/"}]}},"_links":{"self":[{"href":"https:\/\/automotiverevista.pt\/index.php\/wp-json\/wp\/v2\/posts\/11158","targetHints":{"allow":["GET"]}}],"collection":[{"href":"https:\/\/automotiverevista.pt\/index.php\/wp-json\/wp\/v2\/posts"}],"about":[{"href":"https:\/\/automotiverevista.pt\/index.php\/wp-json\/wp\/v2\/types\/post"}],"author":[{"embeddable":true,"href":"https:\/\/automotiverevista.pt\/index.php\/wp-json\/wp\/v2\/users\/1"}],"replies":[{"embeddable":true,"href":"https:\/\/automotiverevista.pt\/index.php\/wp-json\/wp\/v2\/comments?post=11158"}],"version-history":[{"count":2,"href":"https:\/\/automotiverevista.pt\/index.php\/wp-json\/wp\/v2\/posts\/11158\/revisions"}],"predecessor-version":[{"id":11162,"href":"https:\/\/automotiverevista.pt\/index.php\/wp-json\/wp\/v2\/posts\/11158\/revisions\/11162"}],"wp:featuredmedia":[{"embeddable":true,"href":"https:\/\/automotiverevista.pt\/index.php\/wp-json\/wp\/v2\/media\/11159"}],"wp:attachment":[{"href":"https:\/\/automotiverevista.pt\/index.php\/wp-json\/wp\/v2\/media?parent=11158"}],"wp:term":[{"taxonomy":"category","embeddable":true,"href":"https:\/\/automotiverevista.pt\/index.php\/wp-json\/wp\/v2\/categories?post=11158"},{"taxonomy":"post_tag","embeddable":true,"href":"https:\/\/automotiverevista.pt\/index.php\/wp-json\/wp\/v2\/tags?post=11158"}],"curies":[{"name":"wp","href":"https:\/\/api.w.org\/{rel}","templated":true}]}}