{"id":11388,"date":"2025-11-19T06:09:00","date_gmt":"2025-11-19T06:09:00","guid":{"rendered":"https:\/\/automotiverevista.pt\/?p=11388"},"modified":"2025-11-09T18:49:45","modified_gmt":"2025-11-09T18:49:45","slug":"beiracar-estrategica-nos-servicos-de-pos-venda-daf-em-portugal","status":"publish","type":"post","link":"https:\/\/automotiverevista.pt\/index.php\/2025\/11\/19\/beiracar-estrategica-nos-servicos-de-pos-venda-daf-em-portugal\/","title":{"rendered":"Beiracar estrat\u00e9gica nos servi\u00e7os de p\u00f3s-venda DAF em Portugal"},"content":{"rendered":"\n<p>Com localiza\u00e7\u00e3o privilegiada no Parque Industrial de Coimbr\u00f5es, num dos principais acessos \u00e0 cidade de Viseu, a Beiracar nasce como empresa familiar sendo formada em 1980.<\/p>\n\n\n\n<p>Ao longo dos anos, especializou-se na comercializa\u00e7\u00e3o e assist\u00eancia de ve\u00edculos da marca DAF, desde sempre atuando nos distritos de Viseu, Guarda e Castelo Branco, importante tri\u00e2ngulo geoestrat\u00e9gico na rota das exporta\u00e7\u00f5es nacionais e por onde circulam milhares de cami\u00f5es com destino a Espanha e demais pa\u00edses da Europa.<\/p>\n\n\n<div class=\"wp-block-image\">\n<figure class=\"aligncenter size-large is-resized\"><img decoding=\"async\" width=\"1024\" height=\"768\" src=\"https:\/\/automotiverevista.pt\/wp-content\/uploads\/2025\/11\/20251003_120607-1024x768.jpg\" alt=\"\" class=\"wp-image-11391\" style=\"width:849px;height:auto\" srcset=\"https:\/\/automotiverevista.pt\/wp-content\/uploads\/2025\/11\/20251003_120607-1024x768.jpg 1024w, https:\/\/automotiverevista.pt\/wp-content\/uploads\/2025\/11\/20251003_120607-300x225.jpg 300w, https:\/\/automotiverevista.pt\/wp-content\/uploads\/2025\/11\/20251003_120607-768x576.jpg 768w, https:\/\/automotiverevista.pt\/wp-content\/uploads\/2025\/11\/20251003_120607-750x563.jpg 750w, https:\/\/automotiverevista.pt\/wp-content\/uploads\/2025\/11\/20251003_120607-1140x855.jpg 1140w, https:\/\/automotiverevista.pt\/wp-content\/uploads\/2025\/11\/20251003_120607.jpg 1500w\" sizes=\"(max-width: 1024px) 100vw, 1024px\" \/><figcaption class=\"wp-element-caption\">Rodrigo Pinheiro (filho) e Carlos Pinheiro (pai)<\/figcaption><\/figure>\n<\/div>\n\n\n<p><strong>Rodrigo Pinheiro<\/strong>, adjunto da administra\u00e7\u00e3o da empresa, entrevistado pela Revista Automotive, fala sobre as origens da Beiracar e descreve o atual momento das atividades do p\u00f3s-venda, num ano que fica marcado pelo in\u00edcio da representa\u00e7\u00e3o exclusiva da centen\u00e1ria marca de cami\u00f5es TATRA em Portugal, com a nova gera\u00e7\u00e3o da gama Phoenix que apresent\u00e1mos em edi\u00e7\u00f5es anteriores.<\/p>\n\n\n\n<p>\u201cA Beiracar nasceu h\u00e1 45 anos, numa antiga instala\u00e7\u00e3o aqui em Viseu, pelas m\u00e3os do meu pai, <strong>Carlos Pinheiro<\/strong>, para ser a empresa prestadora de servi\u00e7os de repara\u00e7\u00e3o e manuten\u00e7\u00e3o dos cami\u00f5es de uma transportadora que, naquela altura, pertencia ao meu av\u00f4. Fa\u00e7o parte da terceira gera\u00e7\u00e3o de uma fam\u00edlia que sempre esteve ligada ao setor de transportes e assist\u00eancia a ve\u00edculos pesados.<\/p>\n\n\n\n<p><strong>Neg\u00f3cios DAF<\/strong><\/p>\n\n\n\n<figure class=\"wp-block-image size-large\"><img decoding=\"async\" width=\"1024\" height=\"394\" src=\"https:\/\/automotiverevista.pt\/wp-content\/uploads\/2025\/11\/image-1-1024x394.png\" alt=\"\" class=\"wp-image-11397\" srcset=\"https:\/\/automotiverevista.pt\/wp-content\/uploads\/2025\/11\/image-1-1024x394.png 1024w, https:\/\/automotiverevista.pt\/wp-content\/uploads\/2025\/11\/image-1-300x115.png 300w, https:\/\/automotiverevista.pt\/wp-content\/uploads\/2025\/11\/image-1-768x295.png 768w, https:\/\/automotiverevista.pt\/wp-content\/uploads\/2025\/11\/image-1-750x288.png 750w, https:\/\/automotiverevista.pt\/wp-content\/uploads\/2025\/11\/image-1-1140x438.png 1140w, https:\/\/automotiverevista.pt\/wp-content\/uploads\/2025\/11\/image-1.png 1313w\" sizes=\"(max-width: 1024px) 100vw, 1024px\" \/><\/figure>\n\n\n\n<p>Com o passar dos anos, a Beiracar cresceu e tamb\u00e9m passou a realizar servi\u00e7os de repara\u00e7\u00e3o e manuten\u00e7\u00e3o para outras transportadoras. No decurso deste tempo, o meu pai tamb\u00e9m se dedicou \u00e0 importa\u00e7\u00e3o independente de cami\u00f5es da marca DAF at\u00e9 que a antiga Evicar (que naquela \u00e9poca detinha a representa\u00e7\u00e3o da marca no nosso pa\u00eds) prop\u00f4s-lhe uma sociedade. Durou pouco tempo e acabou por desfazer-se com a pr\u00f3pria fal\u00eancia do grupo Evicar em Portugal.<\/p>\n\n\n\n<p>Desfeita a antiga sociedade, a nossa empresa seguiu em frente sozinha e com novas ambi\u00e7\u00f5es. Procurou dinamizar novos neg\u00f3cios, conseguiu conquistar novos clientes e cresceu, at\u00e9 chegar na posi\u00e7\u00e3o em que nos encontramos atualmente. Somos uma empresa s\u00f3lida, robusta, com uma gest\u00e3o moderna e orientada pelos valores de honestidade, integridade, coragem e responsabilidade, princ\u00edpios que nos orgulhamos de manter e que fazemos quest\u00e3o de divulgar.<\/p>\n\n\n\n<p><strong>Estrutura e abrang\u00eancia<\/strong><\/p>\n\n\n<div class=\"wp-block-image\">\n<figure class=\"aligncenter size-large\"><img decoding=\"async\" width=\"1024\" height=\"394\" src=\"https:\/\/automotiverevista.pt\/wp-content\/uploads\/2025\/11\/20251003_114824-1-1024x394.jpg\" alt=\"\" class=\"wp-image-11398\" srcset=\"https:\/\/automotiverevista.pt\/wp-content\/uploads\/2025\/11\/20251003_114824-1-1024x394.jpg 1024w, https:\/\/automotiverevista.pt\/wp-content\/uploads\/2025\/11\/20251003_114824-1-300x115.jpg 300w, https:\/\/automotiverevista.pt\/wp-content\/uploads\/2025\/11\/20251003_114824-1-768x295.jpg 768w, https:\/\/automotiverevista.pt\/wp-content\/uploads\/2025\/11\/20251003_114824-1-1536x590.jpg 1536w, https:\/\/automotiverevista.pt\/wp-content\/uploads\/2025\/11\/20251003_114824-1-2048x787.jpg 2048w, https:\/\/automotiverevista.pt\/wp-content\/uploads\/2025\/11\/20251003_114824-1-750x288.jpg 750w, https:\/\/automotiverevista.pt\/wp-content\/uploads\/2025\/11\/20251003_114824-1-1140x438.jpg 1140w\" sizes=\"(max-width: 1024px) 100vw, 1024px\" \/><\/figure>\n<\/div>\n\n\n<p>Temos instala\u00e7\u00f5es pr\u00f3prias e modernas edificadas num terreno com 19 mil mts2, com uma \u00e1rea coberta com cerca de 8 mil mts2. Dispomos de uma ampla oficina totalmente equipada para realizar todo o tipo de repara\u00e7\u00f5es de motores, inclu\u00eddo de outras marcas de cami\u00f5es, bem como de parte el\u00e9trica. Temos tamb\u00e9m uma unidade pr\u00f3pria para os servi\u00e7os de chapa e pintura, onde dispomos de uma cabina de grandes dimens\u00f5es para acolher ve\u00edculos pesados.<\/p>\n\n\n\n<p>Sendo a Beiracar um concession\u00e1rio e reparador oficial da marca de cami\u00f5es DAF, os nossos servi\u00e7os de p\u00f3s-venda asseguram um elevado n\u00edvel de qualidade na manuten\u00e7\u00e3o, repara\u00e7\u00e3o, assist\u00eancia, aconselhamento e vendas de pe\u00e7as e acess\u00f3rios da marca. A excel\u00eancia dos nossos servi\u00e7os e a reputa\u00e7\u00e3o que conquist\u00e1mos no mercado nacional, tamb\u00e9m tem por base a longa experi\u00eancia e compet\u00eancia t\u00e9cnica da nossa equipa, formada por 34 profissionais de diversas \u00e1reas, a quem proporcionamos regularmente forma\u00e7\u00f5es junto \u00e0 marca, para ampliarem os conhecimentos e a compet\u00eancia t\u00e9cnica.<\/p>\n\n\n\n<p>Trabalhamos para diversas transportadoras de grandes dimens\u00f5es localizadas nas tr\u00eas regi\u00f5es que comp\u00f5em a nossa \u00e1rea geogr\u00e1fica e que, em conjunto, re\u00fanem uma expressiva frota de cami\u00f5es da marca DAF. Seja por via dos contratos de manuten\u00e7\u00e3o, ou por via da rela\u00e7\u00e3o de proximidade e confian\u00e7a, estas frotas utilizam regularmente as nossas oficinas para a repara\u00e7\u00e3o dos seus ve\u00edculos, incluindo os semirreboques, pois tamb\u00e9m temos compet\u00eancia t\u00e9cnica para interven\u00e7\u00f5es nestes equipamentos, onde somos reparadores autorizados da marca Schmitz Cargobull.<\/p>\n\n\n\n<p><strong>Servi\u00e7os fora de portas<\/strong><\/p>\n\n\n<div class=\"wp-block-image\">\n<figure class=\"aligncenter size-large is-resized\"><img decoding=\"async\" width=\"1024\" height=\"768\" src=\"https:\/\/automotiverevista.pt\/wp-content\/uploads\/2025\/11\/20251003_115405-1-1024x768.jpg\" alt=\"\" class=\"wp-image-11399\" style=\"width:927px;height:auto\" srcset=\"https:\/\/automotiverevista.pt\/wp-content\/uploads\/2025\/11\/20251003_115405-1-1024x768.jpg 1024w, https:\/\/automotiverevista.pt\/wp-content\/uploads\/2025\/11\/20251003_115405-1-300x225.jpg 300w, https:\/\/automotiverevista.pt\/wp-content\/uploads\/2025\/11\/20251003_115405-1-768x576.jpg 768w, https:\/\/automotiverevista.pt\/wp-content\/uploads\/2025\/11\/20251003_115405-1-750x563.jpg 750w, https:\/\/automotiverevista.pt\/wp-content\/uploads\/2025\/11\/20251003_115405-1-1140x855.jpg 1140w, https:\/\/automotiverevista.pt\/wp-content\/uploads\/2025\/11\/20251003_115405-1.jpg 1500w\" sizes=\"(max-width: 1024px) 100vw, 1024px\" \/><\/figure>\n<\/div>\n\n\n<p>Dentro da grande \u00e1rea que \u00e9 o p\u00f3s-venda, a Beiracar tamb\u00e9m assegura o servi\u00e7o de assist\u00eancia em estrada aos clientes da marca atrav\u00e9s do DAF National Truck Service (NTS), um servi\u00e7o que est\u00e1 dispon\u00edvel 24 horas por dia e 7 dias por semana, podendo ser acionado atrav\u00e9s de um n\u00famero de telefone espec\u00edfico. Parte do nosso servi\u00e7o oficinas est\u00e1 afeto \u00e0 assist\u00eancia em estrada do cliente DAF, sendo muito comum prestarmos servi\u00e7os de assist\u00eancia em estrada com as nossas viaturas, sobretudo para cami\u00f5es de transportadoras internacionais que percorrem rotas em nossas regi\u00f5es.<\/p>\n\n\n\n<p>Tendo em conta que o parque circulante de cami\u00f5es DAF em Portugal \u00e9 bastante expressivo, \u00e9 preciso garantir uma assist\u00eancia r\u00e1pida e eficiente aos clientes da marca, independente do tamanho e da idade da frota. Neste sentido, tamb\u00e9m comercializamos pe\u00e7as originais DAF, bem como pe\u00e7as da marca pr\u00f3pria TRP, destinadas a todas as marcas de cami\u00f5es e semirreboques, com campanhas muito exclusivas, denominada \u201cEm Boa Forma\u201d, que tem se revelado um sucesso a cada nova edi\u00e7\u00e3o.<\/p>\n\n\n\n<p><strong>Embaixadores da marca<\/strong><\/p>\n\n\n<div class=\"wp-block-image\">\n<figure class=\"alignleft size-large is-resized\"><img decoding=\"async\" width=\"1024\" height=\"768\" src=\"https:\/\/automotiverevista.pt\/wp-content\/uploads\/2025\/11\/20251003_122707-1024x768.jpg\" alt=\"\" class=\"wp-image-11393\" style=\"width:252px;height:auto\" srcset=\"https:\/\/automotiverevista.pt\/wp-content\/uploads\/2025\/11\/20251003_122707-1024x768.jpg 1024w, https:\/\/automotiverevista.pt\/wp-content\/uploads\/2025\/11\/20251003_122707-300x225.jpg 300w, https:\/\/automotiverevista.pt\/wp-content\/uploads\/2025\/11\/20251003_122707-768x576.jpg 768w, https:\/\/automotiverevista.pt\/wp-content\/uploads\/2025\/11\/20251003_122707-750x563.jpg 750w, https:\/\/automotiverevista.pt\/wp-content\/uploads\/2025\/11\/20251003_122707-1140x855.jpg 1140w, https:\/\/automotiverevista.pt\/wp-content\/uploads\/2025\/11\/20251003_122707.jpg 1500w\" sizes=\"(max-width: 1024px) 100vw, 1024px\" \/><figcaption class=\"wp-element-caption\"><sub>Jo\u00e3o Nunes, chefe de oficina (\u00e0 esq.),<br>com Carlos Almeida, diretor de servi\u00e7os<\/sub><\/figcaption><\/figure>\n<\/div>\n\n\n<p>Para al\u00e9m da nossa ampla e bem equipada oficina e dos servi\u00e7os t\u00e9cnicos associados a esta \u00e1rea de neg\u00f3cio, a Beiracar orgulha-se de ter uma din\u00e2mica loja de pe\u00e7as, que atende ao cliente oficinal de ve\u00edculos pesados, gra\u00e7as ao nosso amplo stock de pe\u00e7as, acess\u00f3rios e lubrificantes da marca DAF. Tal permite-nos assegurar uma boa cobertura geogr\u00e1fica para os distritos de Viseu, Guarda e Castelo Branco, onde existem muitas transportadoras com oficinas pr\u00f3prias que s\u00e3o nossos clientes de longa data.<\/p>\n\n\n\n<p>A Beiracar tamb\u00e9m comercializa cami\u00f5es novos e usados da marca DAF na nossa zona de interven\u00e7\u00e3o. Com grande sentido de responsabilidade, tamb\u00e9m estamos a dinamizar a imagem da marca junto \u00e0s empresas transportadoras que estavam algo distante da DAF e a restabelecer novas rela\u00e7\u00f5es.<\/p>\n\n\n\n<p>Somos, de certa forma, embaixadores locais da marca. Estamos a recuperar importantes clientes frotistas e a fidelizar a rela\u00e7\u00e3o com os atuais clientes com a DAF, quer seja pela nossa forma transparente de se relacionar com os empres\u00e1rios deste setor, quer seja pela qualidade, solidez e reputa\u00e7\u00e3o dos nossos servi\u00e7os de assist\u00eancia t\u00e9cnica\u201d, destacou Rodrigo Pinheiro.<\/p>\n\n\n<div class=\"wp-block-image\">\n<figure class=\"aligncenter size-large\"><img decoding=\"async\" width=\"1024\" height=\"768\" src=\"https:\/\/automotiverevista.pt\/wp-content\/uploads\/2025\/11\/20251003_114430-1024x768.jpg\" alt=\"\" class=\"wp-image-11392\" srcset=\"https:\/\/automotiverevista.pt\/wp-content\/uploads\/2025\/11\/20251003_114430-1024x768.jpg 1024w, https:\/\/automotiverevista.pt\/wp-content\/uploads\/2025\/11\/20251003_114430-300x225.jpg 300w, https:\/\/automotiverevista.pt\/wp-content\/uploads\/2025\/11\/20251003_114430-768x576.jpg 768w, https:\/\/automotiverevista.pt\/wp-content\/uploads\/2025\/11\/20251003_114430-750x563.jpg 750w, https:\/\/automotiverevista.pt\/wp-content\/uploads\/2025\/11\/20251003_114430-1140x855.jpg 1140w, https:\/\/automotiverevista.pt\/wp-content\/uploads\/2025\/11\/20251003_114430.jpg 1500w\" sizes=\"(max-width: 1024px) 100vw, 1024px\" \/><\/figure>\n<\/div>","protected":false},"excerpt":{"rendered":"<p>Com localiza\u00e7\u00e3o privilegiada no Parque Industrial de Coimbr\u00f5es, num dos principais acessos \u00e0 cidade de Viseu, a Beiracar nasce como empresa familiar sendo formada em 1980. Ao longo dos anos, especializou-se na comercializa\u00e7\u00e3o e assist\u00eancia de ve\u00edculos da marca DAF, desde sempre atuando nos distritos de Viseu, Guarda e Castelo Branco, importante tri\u00e2ngulo geoestrat\u00e9gico na [&hellip;]<\/p>\n","protected":false},"author":4,"featured_media":11389,"comment_status":"closed","ping_status":"open","sticky":false,"template":"","format":"standard","meta":{"jnews-multi-image_gallery":[],"jnews_single_post":{"format":"standard"},"jnews_primary_category":[],"footnotes":""},"categories":[23,25,21],"tags":[],"class_list":["post-11388","post","type-post","status-publish","format-standard","has-post-thumbnail","hentry","category-frotas","category-pesados-e-maquinas","category-pos-venda"],"yoast_head":"<!-- This site is optimized with the Yoast SEO Premium plugin v27.5 (Yoast SEO v27.5) - https:\/\/yoast.com\/product\/yoast-seo-premium-wordpress\/ -->\n<title>Beiracar estrat\u00e9gica nos servi\u00e7os de p\u00f3s-venda DAF em Portugal - Revista Automotive<\/title>\n<meta name=\"description\" content=\"Com localiza\u00e7\u00e3o privilegiada no Parque Industrial de Coimbr\u00f5es, num dos principais acessos \u00e0 cidade de Viseu, a Beiracar nasce como empresa fa\" \/>\n<meta name=\"robots\" content=\"index, follow, max-snippet:-1, max-image-preview:large, max-video-preview:-1\" \/>\n<link rel=\"canonical\" href=\"https:\/\/automotiverevista.pt\/index.php\/2025\/11\/19\/beiracar-estrategica-nos-servicos-de-pos-venda-daf-em-portugal\/\" \/>\n<meta property=\"og:locale\" content=\"pt_PT\" \/>\n<meta property=\"og:type\" content=\"article\" \/>\n<meta property=\"og:title\" content=\"Beiracar estrat\u00e9gica nos servi\u00e7os de p\u00f3s-venda DAF em Portugal\" \/>\n<meta property=\"og:description\" content=\"Com localiza\u00e7\u00e3o privilegiada no Parque Industrial de Coimbr\u00f5es, num dos principais acessos \u00e0 cidade de Viseu, a Beiracar nasce como empresa fa\" \/>\n<meta property=\"og:url\" content=\"https:\/\/automotiverevista.pt\/index.php\/2025\/11\/19\/beiracar-estrategica-nos-servicos-de-pos-venda-daf-em-portugal\/\" \/>\n<meta property=\"og:site_name\" content=\"Revista Automotive\" \/>\n<meta property=\"article:published_time\" content=\"2025-11-19T06:09:00+00:00\" \/>\n<meta property=\"og:image\" content=\"https:\/\/automotiverevista.pt\/wp-content\/uploads\/2025\/11\/20251003_114042.jpg\" \/>\n\t<meta property=\"og:image:width\" content=\"1500\" \/>\n\t<meta property=\"og:image:height\" content=\"1125\" \/>\n\t<meta property=\"og:image:type\" content=\"image\/jpeg\" \/>\n<meta name=\"author\" content=\"Fatima Silva\" \/>\n<meta name=\"twitter:card\" content=\"summary_large_image\" \/>\n<meta name=\"twitter:label1\" content=\"Escrito por\" \/>\n\t<meta name=\"twitter:data1\" content=\"Fatima Silva\" \/>\n\t<meta name=\"twitter:label2\" content=\"Tempo estimado de leitura\" \/>\n\t<meta name=\"twitter:data2\" content=\"7 minutos\" \/>\n<script type=\"application\/ld+json\" class=\"yoast-schema-graph\">{\"@context\":\"https:\\\/\\\/schema.org\",\"@graph\":[{\"@type\":\"Article\",\"@id\":\"https:\\\/\\\/automotiverevista.pt\\\/index.php\\\/2025\\\/11\\\/19\\\/beiracar-estrategica-nos-servicos-de-pos-venda-daf-em-portugal\\\/#article\",\"isPartOf\":{\"@id\":\"https:\\\/\\\/automotiverevista.pt\\\/index.php\\\/2025\\\/11\\\/19\\\/beiracar-estrategica-nos-servicos-de-pos-venda-daf-em-portugal\\\/\"},\"author\":{\"name\":\"Fatima Silva\",\"@id\":\"https:\\\/\\\/automotiverevista.pt\\\/#\\\/schema\\\/person\\\/1e95eb12553b8edd256acb00fe6dad4b\"},\"headline\":\"Beiracar estrat\u00e9gica nos servi\u00e7os de p\u00f3s-venda DAF em Portugal\",\"datePublished\":\"2025-11-19T06:09:00+00:00\",\"mainEntityOfPage\":{\"@id\":\"https:\\\/\\\/automotiverevista.pt\\\/index.php\\\/2025\\\/11\\\/19\\\/beiracar-estrategica-nos-servicos-de-pos-venda-daf-em-portugal\\\/\"},\"wordCount\":1099,\"publisher\":{\"@id\":\"https:\\\/\\\/automotiverevista.pt\\\/#organization\"},\"image\":{\"@id\":\"https:\\\/\\\/automotiverevista.pt\\\/index.php\\\/2025\\\/11\\\/19\\\/beiracar-estrategica-nos-servicos-de-pos-venda-daf-em-portugal\\\/#primaryimage\"},\"thumbnailUrl\":\"https:\\\/\\\/automotiverevista.pt\\\/wp-content\\\/uploads\\\/2025\\\/11\\\/20251003_114042.jpg\",\"articleSection\":[\"Frotas\",\"Pesados e M\u00e1quinas\",\"P\u00f3s-Venda\"],\"inLanguage\":\"pt-PT\"},{\"@type\":\"WebPage\",\"@id\":\"https:\\\/\\\/automotiverevista.pt\\\/index.php\\\/2025\\\/11\\\/19\\\/beiracar-estrategica-nos-servicos-de-pos-venda-daf-em-portugal\\\/\",\"url\":\"https:\\\/\\\/automotiverevista.pt\\\/index.php\\\/2025\\\/11\\\/19\\\/beiracar-estrategica-nos-servicos-de-pos-venda-daf-em-portugal\\\/\",\"name\":\"Beiracar estrat\u00e9gica nos servi\u00e7os de p\u00f3s-venda DAF em Portugal - Revista Automotive\",\"isPartOf\":{\"@id\":\"https:\\\/\\\/automotiverevista.pt\\\/#website\"},\"primaryImageOfPage\":{\"@id\":\"https:\\\/\\\/automotiverevista.pt\\\/index.php\\\/2025\\\/11\\\/19\\\/beiracar-estrategica-nos-servicos-de-pos-venda-daf-em-portugal\\\/#primaryimage\"},\"image\":{\"@id\":\"https:\\\/\\\/automotiverevista.pt\\\/index.php\\\/2025\\\/11\\\/19\\\/beiracar-estrategica-nos-servicos-de-pos-venda-daf-em-portugal\\\/#primaryimage\"},\"thumbnailUrl\":\"https:\\\/\\\/automotiverevista.pt\\\/wp-content\\\/uploads\\\/2025\\\/11\\\/20251003_114042.jpg\",\"datePublished\":\"2025-11-19T06:09:00+00:00\",\"description\":\"Com localiza\u00e7\u00e3o privilegiada no Parque Industrial de Coimbr\u00f5es, num dos principais acessos \u00e0 cidade de Viseu, a Beiracar nasce como empresa fa\",\"breadcrumb\":{\"@id\":\"https:\\\/\\\/automotiverevista.pt\\\/index.php\\\/2025\\\/11\\\/19\\\/beiracar-estrategica-nos-servicos-de-pos-venda-daf-em-portugal\\\/#breadcrumb\"},\"inLanguage\":\"pt-PT\",\"potentialAction\":[{\"@type\":\"ReadAction\",\"target\":[\"https:\\\/\\\/automotiverevista.pt\\\/index.php\\\/2025\\\/11\\\/19\\\/beiracar-estrategica-nos-servicos-de-pos-venda-daf-em-portugal\\\/\"]}]},{\"@type\":\"ImageObject\",\"inLanguage\":\"pt-PT\",\"@id\":\"https:\\\/\\\/automotiverevista.pt\\\/index.php\\\/2025\\\/11\\\/19\\\/beiracar-estrategica-nos-servicos-de-pos-venda-daf-em-portugal\\\/#primaryimage\",\"url\":\"https:\\\/\\\/automotiverevista.pt\\\/wp-content\\\/uploads\\\/2025\\\/11\\\/20251003_114042.jpg\",\"contentUrl\":\"https:\\\/\\\/automotiverevista.pt\\\/wp-content\\\/uploads\\\/2025\\\/11\\\/20251003_114042.jpg\",\"width\":1500,\"height\":1125},{\"@type\":\"BreadcrumbList\",\"@id\":\"https:\\\/\\\/automotiverevista.pt\\\/index.php\\\/2025\\\/11\\\/19\\\/beiracar-estrategica-nos-servicos-de-pos-venda-daf-em-portugal\\\/#breadcrumb\",\"itemListElement\":[{\"@type\":\"ListItem\",\"position\":1,\"name\":\"Home\",\"item\":\"https:\\\/\\\/automotiverevista.pt\\\/\"},{\"@type\":\"ListItem\",\"position\":2,\"name\":\"Beiracar estrat\u00e9gica nos servi\u00e7os de p\u00f3s-venda DAF em Portugal\"}]},{\"@type\":\"WebSite\",\"@id\":\"https:\\\/\\\/automotiverevista.pt\\\/#website\",\"url\":\"https:\\\/\\\/automotiverevista.pt\\\/\",\"name\":\"Revista Automotive\",\"description\":\"Revista Automotive Portugal\",\"publisher\":{\"@id\":\"https:\\\/\\\/automotiverevista.pt\\\/#organization\"},\"potentialAction\":[{\"@type\":\"SearchAction\",\"target\":{\"@type\":\"EntryPoint\",\"urlTemplate\":\"https:\\\/\\\/automotiverevista.pt\\\/?s={search_term_string}\"},\"query-input\":{\"@type\":\"PropertyValueSpecification\",\"valueRequired\":true,\"valueName\":\"search_term_string\"}}],\"inLanguage\":\"pt-PT\"},{\"@type\":\"Organization\",\"@id\":\"https:\\\/\\\/automotiverevista.pt\\\/#organization\",\"name\":\"Revista Automotive Portugal\",\"url\":\"https:\\\/\\\/automotiverevista.pt\\\/\",\"logo\":{\"@type\":\"ImageObject\",\"inLanguage\":\"pt-PT\",\"@id\":\"https:\\\/\\\/automotiverevista.pt\\\/#\\\/schema\\\/logo\\\/image\\\/\",\"url\":\"https:\\\/\\\/automotiverevista.pt\\\/wp-content\\\/uploads\\\/2022\\\/07\\\/Logo-Automotive-2021_500-1.jpg\",\"contentUrl\":\"https:\\\/\\\/automotiverevista.pt\\\/wp-content\\\/uploads\\\/2022\\\/07\\\/Logo-Automotive-2021_500-1.jpg\",\"width\":500,\"height\":160,\"caption\":\"Revista Automotive Portugal\"},\"image\":{\"@id\":\"https:\\\/\\\/automotiverevista.pt\\\/#\\\/schema\\\/logo\\\/image\\\/\"},\"sameAs\":[\"https:\\\/\\\/linkedin.com\\\/in\\\/automotiverevista\"]},{\"@type\":\"Person\",\"@id\":\"https:\\\/\\\/automotiverevista.pt\\\/#\\\/schema\\\/person\\\/1e95eb12553b8edd256acb00fe6dad4b\",\"name\":\"Fatima Silva\",\"image\":{\"@type\":\"ImageObject\",\"inLanguage\":\"pt-PT\",\"@id\":\"https:\\\/\\\/secure.gravatar.com\\\/avatar\\\/4b4a955a9c1b66708ab0dd3bd6181ac1f650299d893bd337a28482f7f19c8511?s=96&d=mm&r=g\",\"url\":\"https:\\\/\\\/secure.gravatar.com\\\/avatar\\\/4b4a955a9c1b66708ab0dd3bd6181ac1f650299d893bd337a28482f7f19c8511?s=96&d=mm&r=g\",\"contentUrl\":\"https:\\\/\\\/secure.gravatar.com\\\/avatar\\\/4b4a955a9c1b66708ab0dd3bd6181ac1f650299d893bd337a28482f7f19c8511?s=96&d=mm&r=g\",\"caption\":\"Fatima Silva\"},\"url\":\"https:\\\/\\\/automotiverevista.pt\\\/index.php\\\/author\\\/fgasparsilva\\\/\"}]}<\/script>\n<!-- \/ Yoast SEO Premium plugin. -->","yoast_head_json":{"title":"Beiracar estrat\u00e9gica nos servi\u00e7os de p\u00f3s-venda DAF em Portugal - Revista Automotive","description":"Com localiza\u00e7\u00e3o privilegiada no Parque Industrial de Coimbr\u00f5es, num dos principais acessos \u00e0 cidade de Viseu, a Beiracar nasce como empresa fa","robots":{"index":"index","follow":"follow","max-snippet":"max-snippet:-1","max-image-preview":"max-image-preview:large","max-video-preview":"max-video-preview:-1"},"canonical":"https:\/\/automotiverevista.pt\/index.php\/2025\/11\/19\/beiracar-estrategica-nos-servicos-de-pos-venda-daf-em-portugal\/","og_locale":"pt_PT","og_type":"article","og_title":"Beiracar estrat\u00e9gica nos servi\u00e7os de p\u00f3s-venda DAF em Portugal","og_description":"Com localiza\u00e7\u00e3o privilegiada no Parque Industrial de Coimbr\u00f5es, num dos principais acessos \u00e0 cidade de Viseu, a Beiracar nasce como empresa fa","og_url":"https:\/\/automotiverevista.pt\/index.php\/2025\/11\/19\/beiracar-estrategica-nos-servicos-de-pos-venda-daf-em-portugal\/","og_site_name":"Revista Automotive","article_published_time":"2025-11-19T06:09:00+00:00","og_image":[{"width":1500,"height":1125,"url":"https:\/\/automotiverevista.pt\/wp-content\/uploads\/2025\/11\/20251003_114042.jpg","type":"image\/jpeg"}],"author":"Fatima Silva","twitter_card":"summary_large_image","twitter_misc":{"Escrito por":"Fatima Silva","Tempo estimado de leitura":"7 minutos"},"schema":{"@context":"https:\/\/schema.org","@graph":[{"@type":"Article","@id":"https:\/\/automotiverevista.pt\/index.php\/2025\/11\/19\/beiracar-estrategica-nos-servicos-de-pos-venda-daf-em-portugal\/#article","isPartOf":{"@id":"https:\/\/automotiverevista.pt\/index.php\/2025\/11\/19\/beiracar-estrategica-nos-servicos-de-pos-venda-daf-em-portugal\/"},"author":{"name":"Fatima Silva","@id":"https:\/\/automotiverevista.pt\/#\/schema\/person\/1e95eb12553b8edd256acb00fe6dad4b"},"headline":"Beiracar estrat\u00e9gica nos servi\u00e7os de p\u00f3s-venda DAF em Portugal","datePublished":"2025-11-19T06:09:00+00:00","mainEntityOfPage":{"@id":"https:\/\/automotiverevista.pt\/index.php\/2025\/11\/19\/beiracar-estrategica-nos-servicos-de-pos-venda-daf-em-portugal\/"},"wordCount":1099,"publisher":{"@id":"https:\/\/automotiverevista.pt\/#organization"},"image":{"@id":"https:\/\/automotiverevista.pt\/index.php\/2025\/11\/19\/beiracar-estrategica-nos-servicos-de-pos-venda-daf-em-portugal\/#primaryimage"},"thumbnailUrl":"https:\/\/automotiverevista.pt\/wp-content\/uploads\/2025\/11\/20251003_114042.jpg","articleSection":["Frotas","Pesados e M\u00e1quinas","P\u00f3s-Venda"],"inLanguage":"pt-PT"},{"@type":"WebPage","@id":"https:\/\/automotiverevista.pt\/index.php\/2025\/11\/19\/beiracar-estrategica-nos-servicos-de-pos-venda-daf-em-portugal\/","url":"https:\/\/automotiverevista.pt\/index.php\/2025\/11\/19\/beiracar-estrategica-nos-servicos-de-pos-venda-daf-em-portugal\/","name":"Beiracar estrat\u00e9gica nos servi\u00e7os de p\u00f3s-venda DAF em Portugal - Revista Automotive","isPartOf":{"@id":"https:\/\/automotiverevista.pt\/#website"},"primaryImageOfPage":{"@id":"https:\/\/automotiverevista.pt\/index.php\/2025\/11\/19\/beiracar-estrategica-nos-servicos-de-pos-venda-daf-em-portugal\/#primaryimage"},"image":{"@id":"https:\/\/automotiverevista.pt\/index.php\/2025\/11\/19\/beiracar-estrategica-nos-servicos-de-pos-venda-daf-em-portugal\/#primaryimage"},"thumbnailUrl":"https:\/\/automotiverevista.pt\/wp-content\/uploads\/2025\/11\/20251003_114042.jpg","datePublished":"2025-11-19T06:09:00+00:00","description":"Com localiza\u00e7\u00e3o privilegiada no Parque Industrial de Coimbr\u00f5es, num dos principais acessos \u00e0 cidade de Viseu, a Beiracar nasce como empresa fa","breadcrumb":{"@id":"https:\/\/automotiverevista.pt\/index.php\/2025\/11\/19\/beiracar-estrategica-nos-servicos-de-pos-venda-daf-em-portugal\/#breadcrumb"},"inLanguage":"pt-PT","potentialAction":[{"@type":"ReadAction","target":["https:\/\/automotiverevista.pt\/index.php\/2025\/11\/19\/beiracar-estrategica-nos-servicos-de-pos-venda-daf-em-portugal\/"]}]},{"@type":"ImageObject","inLanguage":"pt-PT","@id":"https:\/\/automotiverevista.pt\/index.php\/2025\/11\/19\/beiracar-estrategica-nos-servicos-de-pos-venda-daf-em-portugal\/#primaryimage","url":"https:\/\/automotiverevista.pt\/wp-content\/uploads\/2025\/11\/20251003_114042.jpg","contentUrl":"https:\/\/automotiverevista.pt\/wp-content\/uploads\/2025\/11\/20251003_114042.jpg","width":1500,"height":1125},{"@type":"BreadcrumbList","@id":"https:\/\/automotiverevista.pt\/index.php\/2025\/11\/19\/beiracar-estrategica-nos-servicos-de-pos-venda-daf-em-portugal\/#breadcrumb","itemListElement":[{"@type":"ListItem","position":1,"name":"Home","item":"https:\/\/automotiverevista.pt\/"},{"@type":"ListItem","position":2,"name":"Beiracar estrat\u00e9gica nos servi\u00e7os de p\u00f3s-venda DAF em Portugal"}]},{"@type":"WebSite","@id":"https:\/\/automotiverevista.pt\/#website","url":"https:\/\/automotiverevista.pt\/","name":"Revista Automotive","description":"Revista Automotive Portugal","publisher":{"@id":"https:\/\/automotiverevista.pt\/#organization"},"potentialAction":[{"@type":"SearchAction","target":{"@type":"EntryPoint","urlTemplate":"https:\/\/automotiverevista.pt\/?s={search_term_string}"},"query-input":{"@type":"PropertyValueSpecification","valueRequired":true,"valueName":"search_term_string"}}],"inLanguage":"pt-PT"},{"@type":"Organization","@id":"https:\/\/automotiverevista.pt\/#organization","name":"Revista Automotive Portugal","url":"https:\/\/automotiverevista.pt\/","logo":{"@type":"ImageObject","inLanguage":"pt-PT","@id":"https:\/\/automotiverevista.pt\/#\/schema\/logo\/image\/","url":"https:\/\/automotiverevista.pt\/wp-content\/uploads\/2022\/07\/Logo-Automotive-2021_500-1.jpg","contentUrl":"https:\/\/automotiverevista.pt\/wp-content\/uploads\/2022\/07\/Logo-Automotive-2021_500-1.jpg","width":500,"height":160,"caption":"Revista Automotive Portugal"},"image":{"@id":"https:\/\/automotiverevista.pt\/#\/schema\/logo\/image\/"},"sameAs":["https:\/\/linkedin.com\/in\/automotiverevista"]},{"@type":"Person","@id":"https:\/\/automotiverevista.pt\/#\/schema\/person\/1e95eb12553b8edd256acb00fe6dad4b","name":"Fatima Silva","image":{"@type":"ImageObject","inLanguage":"pt-PT","@id":"https:\/\/secure.gravatar.com\/avatar\/4b4a955a9c1b66708ab0dd3bd6181ac1f650299d893bd337a28482f7f19c8511?s=96&d=mm&r=g","url":"https:\/\/secure.gravatar.com\/avatar\/4b4a955a9c1b66708ab0dd3bd6181ac1f650299d893bd337a28482f7f19c8511?s=96&d=mm&r=g","contentUrl":"https:\/\/secure.gravatar.com\/avatar\/4b4a955a9c1b66708ab0dd3bd6181ac1f650299d893bd337a28482f7f19c8511?s=96&d=mm&r=g","caption":"Fatima Silva"},"url":"https:\/\/automotiverevista.pt\/index.php\/author\/fgasparsilva\/"}]}},"_links":{"self":[{"href":"https:\/\/automotiverevista.pt\/index.php\/wp-json\/wp\/v2\/posts\/11388","targetHints":{"allow":["GET"]}}],"collection":[{"href":"https:\/\/automotiverevista.pt\/index.php\/wp-json\/wp\/v2\/posts"}],"about":[{"href":"https:\/\/automotiverevista.pt\/index.php\/wp-json\/wp\/v2\/types\/post"}],"author":[{"embeddable":true,"href":"https:\/\/automotiverevista.pt\/index.php\/wp-json\/wp\/v2\/users\/4"}],"replies":[{"embeddable":true,"href":"https:\/\/automotiverevista.pt\/index.php\/wp-json\/wp\/v2\/comments?post=11388"}],"version-history":[{"count":2,"href":"https:\/\/automotiverevista.pt\/index.php\/wp-json\/wp\/v2\/posts\/11388\/revisions"}],"predecessor-version":[{"id":11400,"href":"https:\/\/automotiverevista.pt\/index.php\/wp-json\/wp\/v2\/posts\/11388\/revisions\/11400"}],"wp:featuredmedia":[{"embeddable":true,"href":"https:\/\/automotiverevista.pt\/index.php\/wp-json\/wp\/v2\/media\/11389"}],"wp:attachment":[{"href":"https:\/\/automotiverevista.pt\/index.php\/wp-json\/wp\/v2\/media?parent=11388"}],"wp:term":[{"taxonomy":"category","embeddable":true,"href":"https:\/\/automotiverevista.pt\/index.php\/wp-json\/wp\/v2\/categories?post=11388"},{"taxonomy":"post_tag","embeddable":true,"href":"https:\/\/automotiverevista.pt\/index.php\/wp-json\/wp\/v2\/tags?post=11388"}],"curies":[{"name":"wp","href":"https:\/\/api.w.org\/{rel}","templated":true}]}}