{"id":11452,"date":"2025-11-06T08:03:09","date_gmt":"2025-11-06T08:03:09","guid":{"rendered":"https:\/\/automotiverevista.pt\/?p=11452"},"modified":"2025-11-06T08:03:12","modified_gmt":"2025-11-06T08:03:12","slug":"equip-auto-resumo","status":"publish","type":"post","link":"https:\/\/automotiverevista.pt\/index.php\/2025\/11\/06\/equip-auto-resumo\/","title":{"rendered":"Equip Auto &#8211; Resumo"},"content":{"rendered":"\n<p>No sal\u00e3o Equip Auto Paris a remanufactura e os carros el\u00e9tricos estiveram em destaque nos diversos stands, onde os expositores procuraram apresentar as melhores solu\u00e7\u00f5es, em complemento \u00e0s novidades apresentadas no setor do p\u00f3s-venda em geral.<\/p>\n\n\n\n<p>Nas solu\u00e7\u00f5es para carros el\u00e9tricos, destacaram-se os produtos e equipamentos vocacionados para a preven\u00e7\u00e3o, interven\u00e7\u00e3o e at\u00e9 resgate de inc\u00eandios em carros el\u00e9tricos. Outro dos destaques do sal\u00e3o, foi a iniciativa do Jeep Willys, onde os participantes tiveram uma competi\u00e7\u00e3o de montar os Jeep Willys. Originalmente feitos para a guerra, estes jipes eram distribu\u00eddos pelos campos de batalha em kits completos, engenhosamente acondicionados em caixas, cabendo aos soldados a tarefa de mont\u00e1-los.<\/p>\n\n\n\n<p>Outra das atra\u00e7\u00f5es do sal\u00e3o foi a exposi\u00e7\u00e3o de carros novos, dando a conhecer uma amostra representativa dos modelos mais vendidos em Fran\u00e7a. Estes modelos brevemente ir\u00e3o come\u00e7ar a afluir \u00e0s oficinas para servi\u00e7os de manuten\u00e7\u00e3o, ou at\u00e9 de repara\u00e7\u00e3o. A Automotive, na qualidade de media partner do Equip Auto Paris, far\u00e1 o resumo de alguns expositores que se destacaram na edi\u00e7\u00e3o deste ano.<\/p>\n\n\n\n<p>O sal\u00e3o Equip Auto Paris celebrou o seu 50.\u00ba anivers\u00e1rio, tendo ocorrido de 14 a 18 de outubro no espa\u00e7o Paris Expo Porte de Versailles, em Fran\u00e7a. Com 55% dos expositores provenientes de 35 pa\u00edses estrangeiros e 48% das empresas a participar pela primeira vez, o Equip Auto Paris confirmou o seu relevo na regi\u00e3o, acolhendo tamb\u00e9m 18% de visitantes vindos de 118 pa\u00edses estrangeiros.<\/p>\n\n\n<div class=\"wp-block-image\">\n<figure class=\"aligncenter size-large is-resized\"><img decoding=\"async\" width=\"1024\" height=\"663\" src=\"https:\/\/automotiverevista.pt\/wp-content\/uploads\/2025\/11\/22-1024x663.jpg\" alt=\"\" class=\"wp-image-11455\" style=\"width:1041px;height:auto\" srcset=\"https:\/\/automotiverevista.pt\/wp-content\/uploads\/2025\/11\/22-1024x663.jpg 1024w, https:\/\/automotiverevista.pt\/wp-content\/uploads\/2025\/11\/22-300x194.jpg 300w, https:\/\/automotiverevista.pt\/wp-content\/uploads\/2025\/11\/22-768x498.jpg 768w, https:\/\/automotiverevista.pt\/wp-content\/uploads\/2025\/11\/22-750x486.jpg 750w, https:\/\/automotiverevista.pt\/wp-content\/uploads\/2025\/11\/22-1140x739.jpg 1140w, https:\/\/automotiverevista.pt\/wp-content\/uploads\/2025\/11\/22.jpg 1400w\" sizes=\"(max-width: 1024px) 100vw, 1024px\" \/><figcaption class=\"wp-element-caption\">Competi\u00e7\u00e3o contra-rel\u00f3gio para a montagem do Jeep Willys<\/figcaption><\/figure>\n<\/div>","protected":false},"excerpt":{"rendered":"<p>No sal\u00e3o Equip Auto Paris a remanufactura e os carros el\u00e9tricos estiveram em destaque nos diversos stands, onde os expositores procuraram apresentar as melhores solu\u00e7\u00f5es, em complemento \u00e0s novidades apresentadas no setor do p\u00f3s-venda em geral. Nas solu\u00e7\u00f5es para carros el\u00e9tricos, destacaram-se os produtos e equipamentos vocacionados para a preven\u00e7\u00e3o, interven\u00e7\u00e3o e at\u00e9 resgate de [&hellip;]<\/p>\n","protected":false},"author":4,"featured_media":11453,"comment_status":"closed","ping_status":"open","sticky":false,"template":"","format":"standard","meta":{"jnews-multi-image_gallery":[],"jnews_single_post":{"format":"standard"},"jnews_primary_category":[],"footnotes":""},"categories":[23,21],"tags":[],"class_list":["post-11452","post","type-post","status-publish","format-standard","has-post-thumbnail","hentry","category-frotas","category-pos-venda"],"yoast_head":"<!-- This site is optimized with the Yoast SEO Premium plugin v27.5 (Yoast SEO v27.5) - https:\/\/yoast.com\/product\/yoast-seo-premium-wordpress\/ -->\n<title>Equip Auto - Resumo - Revista Automotive<\/title>\n<meta name=\"description\" content=\"No sal\u00e3o Equip Auto Paris a remanufactura e os carros el\u00e9tricos estiveram em destaque nos diversos stands, onde os expositores procuraram\" \/>\n<meta name=\"robots\" content=\"index, follow, max-snippet:-1, max-image-preview:large, max-video-preview:-1\" \/>\n<link rel=\"canonical\" href=\"https:\/\/automotiverevista.pt\/index.php\/2025\/11\/06\/equip-auto-resumo\/\" \/>\n<meta property=\"og:locale\" content=\"pt_PT\" \/>\n<meta property=\"og:type\" content=\"article\" \/>\n<meta property=\"og:title\" content=\"Equip Auto - Resumo\" \/>\n<meta property=\"og:description\" content=\"No sal\u00e3o Equip Auto Paris a remanufactura e os carros el\u00e9tricos estiveram em destaque nos diversos stands, onde os expositores procuraram\" \/>\n<meta property=\"og:url\" content=\"https:\/\/automotiverevista.pt\/index.php\/2025\/11\/06\/equip-auto-resumo\/\" \/>\n<meta property=\"og:site_name\" content=\"Revista Automotive\" \/>\n<meta property=\"article:published_time\" content=\"2025-11-06T08:03:09+00:00\" \/>\n<meta property=\"article:modified_time\" content=\"2025-11-06T08:03:12+00:00\" \/>\n<meta property=\"og:image\" content=\"https:\/\/automotiverevista.pt\/wp-content\/uploads\/2025\/11\/e-8.jpg\" \/>\n\t<meta property=\"og:image:width\" content=\"1500\" \/>\n\t<meta property=\"og:image:height\" content=\"1000\" \/>\n\t<meta property=\"og:image:type\" content=\"image\/jpeg\" \/>\n<meta name=\"author\" content=\"Fatima Silva\" \/>\n<meta name=\"twitter:card\" content=\"summary_large_image\" \/>\n<meta name=\"twitter:label1\" content=\"Escrito por\" \/>\n\t<meta name=\"twitter:data1\" content=\"Fatima Silva\" \/>\n\t<meta name=\"twitter:label2\" content=\"Tempo estimado de leitura\" \/>\n\t<meta name=\"twitter:data2\" content=\"2 minutos\" \/>\n<script type=\"application\/ld+json\" class=\"yoast-schema-graph\">{\"@context\":\"https:\\\/\\\/schema.org\",\"@graph\":[{\"@type\":\"Article\",\"@id\":\"https:\\\/\\\/automotiverevista.pt\\\/index.php\\\/2025\\\/11\\\/06\\\/equip-auto-resumo\\\/#article\",\"isPartOf\":{\"@id\":\"https:\\\/\\\/automotiverevista.pt\\\/index.php\\\/2025\\\/11\\\/06\\\/equip-auto-resumo\\\/\"},\"author\":{\"name\":\"Fatima Silva\",\"@id\":\"https:\\\/\\\/automotiverevista.pt\\\/#\\\/schema\\\/person\\\/1e95eb12553b8edd256acb00fe6dad4b\"},\"headline\":\"Equip Auto &#8211; Resumo\",\"datePublished\":\"2025-11-06T08:03:09+00:00\",\"dateModified\":\"2025-11-06T08:03:12+00:00\",\"mainEntityOfPage\":{\"@id\":\"https:\\\/\\\/automotiverevista.pt\\\/index.php\\\/2025\\\/11\\\/06\\\/equip-auto-resumo\\\/\"},\"wordCount\":275,\"publisher\":{\"@id\":\"https:\\\/\\\/automotiverevista.pt\\\/#organization\"},\"image\":{\"@id\":\"https:\\\/\\\/automotiverevista.pt\\\/index.php\\\/2025\\\/11\\\/06\\\/equip-auto-resumo\\\/#primaryimage\"},\"thumbnailUrl\":\"https:\\\/\\\/automotiverevista.pt\\\/wp-content\\\/uploads\\\/2025\\\/11\\\/e-8.jpg\",\"articleSection\":[\"Frotas\",\"P\u00f3s-Venda\"],\"inLanguage\":\"pt-PT\"},{\"@type\":\"WebPage\",\"@id\":\"https:\\\/\\\/automotiverevista.pt\\\/index.php\\\/2025\\\/11\\\/06\\\/equip-auto-resumo\\\/\",\"url\":\"https:\\\/\\\/automotiverevista.pt\\\/index.php\\\/2025\\\/11\\\/06\\\/equip-auto-resumo\\\/\",\"name\":\"Equip Auto - Resumo - Revista Automotive\",\"isPartOf\":{\"@id\":\"https:\\\/\\\/automotiverevista.pt\\\/#website\"},\"primaryImageOfPage\":{\"@id\":\"https:\\\/\\\/automotiverevista.pt\\\/index.php\\\/2025\\\/11\\\/06\\\/equip-auto-resumo\\\/#primaryimage\"},\"image\":{\"@id\":\"https:\\\/\\\/automotiverevista.pt\\\/index.php\\\/2025\\\/11\\\/06\\\/equip-auto-resumo\\\/#primaryimage\"},\"thumbnailUrl\":\"https:\\\/\\\/automotiverevista.pt\\\/wp-content\\\/uploads\\\/2025\\\/11\\\/e-8.jpg\",\"datePublished\":\"2025-11-06T08:03:09+00:00\",\"dateModified\":\"2025-11-06T08:03:12+00:00\",\"description\":\"No sal\u00e3o Equip Auto Paris a remanufactura e os carros el\u00e9tricos estiveram em destaque nos diversos stands, onde os expositores procuraram\",\"breadcrumb\":{\"@id\":\"https:\\\/\\\/automotiverevista.pt\\\/index.php\\\/2025\\\/11\\\/06\\\/equip-auto-resumo\\\/#breadcrumb\"},\"inLanguage\":\"pt-PT\",\"potentialAction\":[{\"@type\":\"ReadAction\",\"target\":[\"https:\\\/\\\/automotiverevista.pt\\\/index.php\\\/2025\\\/11\\\/06\\\/equip-auto-resumo\\\/\"]}]},{\"@type\":\"ImageObject\",\"inLanguage\":\"pt-PT\",\"@id\":\"https:\\\/\\\/automotiverevista.pt\\\/index.php\\\/2025\\\/11\\\/06\\\/equip-auto-resumo\\\/#primaryimage\",\"url\":\"https:\\\/\\\/automotiverevista.pt\\\/wp-content\\\/uploads\\\/2025\\\/11\\\/e-8.jpg\",\"contentUrl\":\"https:\\\/\\\/automotiverevista.pt\\\/wp-content\\\/uploads\\\/2025\\\/11\\\/e-8.jpg\",\"width\":1500,\"height\":1000},{\"@type\":\"BreadcrumbList\",\"@id\":\"https:\\\/\\\/automotiverevista.pt\\\/index.php\\\/2025\\\/11\\\/06\\\/equip-auto-resumo\\\/#breadcrumb\",\"itemListElement\":[{\"@type\":\"ListItem\",\"position\":1,\"name\":\"Home\",\"item\":\"https:\\\/\\\/automotiverevista.pt\\\/\"},{\"@type\":\"ListItem\",\"position\":2,\"name\":\"Equip Auto &#8211; Resumo\"}]},{\"@type\":\"WebSite\",\"@id\":\"https:\\\/\\\/automotiverevista.pt\\\/#website\",\"url\":\"https:\\\/\\\/automotiverevista.pt\\\/\",\"name\":\"Revista Automotive\",\"description\":\"Revista Automotive Portugal\",\"publisher\":{\"@id\":\"https:\\\/\\\/automotiverevista.pt\\\/#organization\"},\"potentialAction\":[{\"@type\":\"SearchAction\",\"target\":{\"@type\":\"EntryPoint\",\"urlTemplate\":\"https:\\\/\\\/automotiverevista.pt\\\/?s={search_term_string}\"},\"query-input\":{\"@type\":\"PropertyValueSpecification\",\"valueRequired\":true,\"valueName\":\"search_term_string\"}}],\"inLanguage\":\"pt-PT\"},{\"@type\":\"Organization\",\"@id\":\"https:\\\/\\\/automotiverevista.pt\\\/#organization\",\"name\":\"Revista Automotive Portugal\",\"url\":\"https:\\\/\\\/automotiverevista.pt\\\/\",\"logo\":{\"@type\":\"ImageObject\",\"inLanguage\":\"pt-PT\",\"@id\":\"https:\\\/\\\/automotiverevista.pt\\\/#\\\/schema\\\/logo\\\/image\\\/\",\"url\":\"https:\\\/\\\/automotiverevista.pt\\\/wp-content\\\/uploads\\\/2022\\\/07\\\/Logo-Automotive-2021_500-1.jpg\",\"contentUrl\":\"https:\\\/\\\/automotiverevista.pt\\\/wp-content\\\/uploads\\\/2022\\\/07\\\/Logo-Automotive-2021_500-1.jpg\",\"width\":500,\"height\":160,\"caption\":\"Revista Automotive Portugal\"},\"image\":{\"@id\":\"https:\\\/\\\/automotiverevista.pt\\\/#\\\/schema\\\/logo\\\/image\\\/\"},\"sameAs\":[\"https:\\\/\\\/linkedin.com\\\/in\\\/automotiverevista\"]},{\"@type\":\"Person\",\"@id\":\"https:\\\/\\\/automotiverevista.pt\\\/#\\\/schema\\\/person\\\/1e95eb12553b8edd256acb00fe6dad4b\",\"name\":\"Fatima Silva\",\"image\":{\"@type\":\"ImageObject\",\"inLanguage\":\"pt-PT\",\"@id\":\"https:\\\/\\\/secure.gravatar.com\\\/avatar\\\/4b4a955a9c1b66708ab0dd3bd6181ac1f650299d893bd337a28482f7f19c8511?s=96&d=mm&r=g\",\"url\":\"https:\\\/\\\/secure.gravatar.com\\\/avatar\\\/4b4a955a9c1b66708ab0dd3bd6181ac1f650299d893bd337a28482f7f19c8511?s=96&d=mm&r=g\",\"contentUrl\":\"https:\\\/\\\/secure.gravatar.com\\\/avatar\\\/4b4a955a9c1b66708ab0dd3bd6181ac1f650299d893bd337a28482f7f19c8511?s=96&d=mm&r=g\",\"caption\":\"Fatima Silva\"},\"url\":\"https:\\\/\\\/automotiverevista.pt\\\/index.php\\\/author\\\/fgasparsilva\\\/\"}]}<\/script>\n<!-- \/ Yoast SEO Premium plugin. -->","yoast_head_json":{"title":"Equip Auto - Resumo - Revista Automotive","description":"No sal\u00e3o Equip Auto Paris a remanufactura e os carros el\u00e9tricos estiveram em destaque nos diversos stands, onde os expositores procuraram","robots":{"index":"index","follow":"follow","max-snippet":"max-snippet:-1","max-image-preview":"max-image-preview:large","max-video-preview":"max-video-preview:-1"},"canonical":"https:\/\/automotiverevista.pt\/index.php\/2025\/11\/06\/equip-auto-resumo\/","og_locale":"pt_PT","og_type":"article","og_title":"Equip Auto - Resumo","og_description":"No sal\u00e3o Equip Auto Paris a remanufactura e os carros el\u00e9tricos estiveram em destaque nos diversos stands, onde os expositores procuraram","og_url":"https:\/\/automotiverevista.pt\/index.php\/2025\/11\/06\/equip-auto-resumo\/","og_site_name":"Revista Automotive","article_published_time":"2025-11-06T08:03:09+00:00","article_modified_time":"2025-11-06T08:03:12+00:00","og_image":[{"width":1500,"height":1000,"url":"https:\/\/automotiverevista.pt\/wp-content\/uploads\/2025\/11\/e-8.jpg","type":"image\/jpeg"}],"author":"Fatima Silva","twitter_card":"summary_large_image","twitter_misc":{"Escrito por":"Fatima Silva","Tempo estimado de leitura":"2 minutos"},"schema":{"@context":"https:\/\/schema.org","@graph":[{"@type":"Article","@id":"https:\/\/automotiverevista.pt\/index.php\/2025\/11\/06\/equip-auto-resumo\/#article","isPartOf":{"@id":"https:\/\/automotiverevista.pt\/index.php\/2025\/11\/06\/equip-auto-resumo\/"},"author":{"name":"Fatima Silva","@id":"https:\/\/automotiverevista.pt\/#\/schema\/person\/1e95eb12553b8edd256acb00fe6dad4b"},"headline":"Equip Auto &#8211; Resumo","datePublished":"2025-11-06T08:03:09+00:00","dateModified":"2025-11-06T08:03:12+00:00","mainEntityOfPage":{"@id":"https:\/\/automotiverevista.pt\/index.php\/2025\/11\/06\/equip-auto-resumo\/"},"wordCount":275,"publisher":{"@id":"https:\/\/automotiverevista.pt\/#organization"},"image":{"@id":"https:\/\/automotiverevista.pt\/index.php\/2025\/11\/06\/equip-auto-resumo\/#primaryimage"},"thumbnailUrl":"https:\/\/automotiverevista.pt\/wp-content\/uploads\/2025\/11\/e-8.jpg","articleSection":["Frotas","P\u00f3s-Venda"],"inLanguage":"pt-PT"},{"@type":"WebPage","@id":"https:\/\/automotiverevista.pt\/index.php\/2025\/11\/06\/equip-auto-resumo\/","url":"https:\/\/automotiverevista.pt\/index.php\/2025\/11\/06\/equip-auto-resumo\/","name":"Equip Auto - Resumo - Revista Automotive","isPartOf":{"@id":"https:\/\/automotiverevista.pt\/#website"},"primaryImageOfPage":{"@id":"https:\/\/automotiverevista.pt\/index.php\/2025\/11\/06\/equip-auto-resumo\/#primaryimage"},"image":{"@id":"https:\/\/automotiverevista.pt\/index.php\/2025\/11\/06\/equip-auto-resumo\/#primaryimage"},"thumbnailUrl":"https:\/\/automotiverevista.pt\/wp-content\/uploads\/2025\/11\/e-8.jpg","datePublished":"2025-11-06T08:03:09+00:00","dateModified":"2025-11-06T08:03:12+00:00","description":"No sal\u00e3o Equip Auto Paris a remanufactura e os carros el\u00e9tricos estiveram em destaque nos diversos stands, onde os expositores procuraram","breadcrumb":{"@id":"https:\/\/automotiverevista.pt\/index.php\/2025\/11\/06\/equip-auto-resumo\/#breadcrumb"},"inLanguage":"pt-PT","potentialAction":[{"@type":"ReadAction","target":["https:\/\/automotiverevista.pt\/index.php\/2025\/11\/06\/equip-auto-resumo\/"]}]},{"@type":"ImageObject","inLanguage":"pt-PT","@id":"https:\/\/automotiverevista.pt\/index.php\/2025\/11\/06\/equip-auto-resumo\/#primaryimage","url":"https:\/\/automotiverevista.pt\/wp-content\/uploads\/2025\/11\/e-8.jpg","contentUrl":"https:\/\/automotiverevista.pt\/wp-content\/uploads\/2025\/11\/e-8.jpg","width":1500,"height":1000},{"@type":"BreadcrumbList","@id":"https:\/\/automotiverevista.pt\/index.php\/2025\/11\/06\/equip-auto-resumo\/#breadcrumb","itemListElement":[{"@type":"ListItem","position":1,"name":"Home","item":"https:\/\/automotiverevista.pt\/"},{"@type":"ListItem","position":2,"name":"Equip Auto &#8211; Resumo"}]},{"@type":"WebSite","@id":"https:\/\/automotiverevista.pt\/#website","url":"https:\/\/automotiverevista.pt\/","name":"Revista Automotive","description":"Revista Automotive Portugal","publisher":{"@id":"https:\/\/automotiverevista.pt\/#organization"},"potentialAction":[{"@type":"SearchAction","target":{"@type":"EntryPoint","urlTemplate":"https:\/\/automotiverevista.pt\/?s={search_term_string}"},"query-input":{"@type":"PropertyValueSpecification","valueRequired":true,"valueName":"search_term_string"}}],"inLanguage":"pt-PT"},{"@type":"Organization","@id":"https:\/\/automotiverevista.pt\/#organization","name":"Revista Automotive Portugal","url":"https:\/\/automotiverevista.pt\/","logo":{"@type":"ImageObject","inLanguage":"pt-PT","@id":"https:\/\/automotiverevista.pt\/#\/schema\/logo\/image\/","url":"https:\/\/automotiverevista.pt\/wp-content\/uploads\/2022\/07\/Logo-Automotive-2021_500-1.jpg","contentUrl":"https:\/\/automotiverevista.pt\/wp-content\/uploads\/2022\/07\/Logo-Automotive-2021_500-1.jpg","width":500,"height":160,"caption":"Revista Automotive Portugal"},"image":{"@id":"https:\/\/automotiverevista.pt\/#\/schema\/logo\/image\/"},"sameAs":["https:\/\/linkedin.com\/in\/automotiverevista"]},{"@type":"Person","@id":"https:\/\/automotiverevista.pt\/#\/schema\/person\/1e95eb12553b8edd256acb00fe6dad4b","name":"Fatima Silva","image":{"@type":"ImageObject","inLanguage":"pt-PT","@id":"https:\/\/secure.gravatar.com\/avatar\/4b4a955a9c1b66708ab0dd3bd6181ac1f650299d893bd337a28482f7f19c8511?s=96&d=mm&r=g","url":"https:\/\/secure.gravatar.com\/avatar\/4b4a955a9c1b66708ab0dd3bd6181ac1f650299d893bd337a28482f7f19c8511?s=96&d=mm&r=g","contentUrl":"https:\/\/secure.gravatar.com\/avatar\/4b4a955a9c1b66708ab0dd3bd6181ac1f650299d893bd337a28482f7f19c8511?s=96&d=mm&r=g","caption":"Fatima Silva"},"url":"https:\/\/automotiverevista.pt\/index.php\/author\/fgasparsilva\/"}]}},"_links":{"self":[{"href":"https:\/\/automotiverevista.pt\/index.php\/wp-json\/wp\/v2\/posts\/11452","targetHints":{"allow":["GET"]}}],"collection":[{"href":"https:\/\/automotiverevista.pt\/index.php\/wp-json\/wp\/v2\/posts"}],"about":[{"href":"https:\/\/automotiverevista.pt\/index.php\/wp-json\/wp\/v2\/types\/post"}],"author":[{"embeddable":true,"href":"https:\/\/automotiverevista.pt\/index.php\/wp-json\/wp\/v2\/users\/4"}],"replies":[{"embeddable":true,"href":"https:\/\/automotiverevista.pt\/index.php\/wp-json\/wp\/v2\/comments?post=11452"}],"version-history":[{"count":3,"href":"https:\/\/automotiverevista.pt\/index.php\/wp-json\/wp\/v2\/posts\/11452\/revisions"}],"predecessor-version":[{"id":11459,"href":"https:\/\/automotiverevista.pt\/index.php\/wp-json\/wp\/v2\/posts\/11452\/revisions\/11459"}],"wp:featuredmedia":[{"embeddable":true,"href":"https:\/\/automotiverevista.pt\/index.php\/wp-json\/wp\/v2\/media\/11453"}],"wp:attachment":[{"href":"https:\/\/automotiverevista.pt\/index.php\/wp-json\/wp\/v2\/media?parent=11452"}],"wp:term":[{"taxonomy":"category","embeddable":true,"href":"https:\/\/automotiverevista.pt\/index.php\/wp-json\/wp\/v2\/categories?post=11452"},{"taxonomy":"post_tag","embeddable":true,"href":"https:\/\/automotiverevista.pt\/index.php\/wp-json\/wp\/v2\/tags?post=11452"}],"curies":[{"name":"wp","href":"https:\/\/api.w.org\/{rel}","templated":true}]}}