{"id":11463,"date":"2025-11-07T12:46:00","date_gmt":"2025-11-07T12:46:00","guid":{"rendered":"https:\/\/automotiverevista.pt\/?p=11463"},"modified":"2025-11-06T08:04:32","modified_gmt":"2025-11-06T08:04:32","slug":"valeo-remanufaturados-em-destaque-na-equip-auto","status":"publish","type":"post","link":"https:\/\/automotiverevista.pt\/index.php\/2025\/11\/07\/valeo-remanufaturados-em-destaque-na-equip-auto\/","title":{"rendered":"Valeo \u2013 remanufaturados em destaque na Equip Auto"},"content":{"rendered":"\n<p>A Valeo conquistou Pr\u00e9mio Internacional de Inova\u00e7\u00e3o Autom\u00f3vel EQUIP AUTO Paris 2025 pela sua embraiagem dupla h\u00famida remanufaturada, um reconhecimento atribu\u00eddo \u00e0 marca pelo seu avan\u00e7o nas transmiss\u00f5es sustent\u00e1veis, tendo em conta que a Valeo remanufatura a embraiagem dupla h\u00famida DQ250, atualmente instalada em mais de 5 milh\u00f5es de ve\u00edculos na Europa.<\/p>\n\n\n<div class=\"wp-block-image\">\n<figure class=\"alignleft size-large is-resized\"><img decoding=\"async\" width=\"768\" height=\"1024\" src=\"https:\/\/automotiverevista.pt\/wp-content\/uploads\/2025\/11\/1761116927356-768x1024.jpg\" alt=\"\" class=\"wp-image-11465\" style=\"width:259px;height:auto\" srcset=\"https:\/\/automotiverevista.pt\/wp-content\/uploads\/2025\/11\/1761116927356-768x1024.jpg 768w, https:\/\/automotiverevista.pt\/wp-content\/uploads\/2025\/11\/1761116927356-225x300.jpg 225w, https:\/\/automotiverevista.pt\/wp-content\/uploads\/2025\/11\/1761116927356-750x1000.jpg 750w, https:\/\/automotiverevista.pt\/wp-content\/uploads\/2025\/11\/1761116927356.jpg 844w\" sizes=\"(max-width: 768px) 100vw, 768px\" \/><\/figure>\n<\/div>\n\n\n<p>O pr\u00e9mio foi atribu\u00eddo na categoria &#8220;pe\u00e7as, equipamentos e componentes para o mercado de reposi\u00e7\u00e3o&#8221;, e refor\u00e7a a posi\u00e7\u00e3o da Valeo no setor das transmiss\u00f5es, bem como o seu compromisso com a economia circular para o mercado de pe\u00e7as de substitui\u00e7\u00e3o. O DQ250 estar\u00e1 dispon\u00edvel em toda a Europa j\u00e1 final de novembro de 2025.<\/p>\n\n\n\n<p>Atualmente a Valeo j\u00e1 disponibiliza um milh\u00e3o de produtos remanufaturados por ano e tenciona duplicar este n\u00famero para at\u00e9 2030 e expandir o portef\u00f3lio para al\u00e9m das pe\u00e7as tradicionais, incluindo componentes eletr\u00f3nicos e de alta tens\u00e3o.<\/p>\n\n\n\n<p>Na foto, Godefroy Cappoen, General Manager Independent Aftermarket South-West Europe Valeo Service, com a solu\u00e7\u00e3o Ineez, os cabos de carregamento da Valeo para carros el\u00e9tricos, sendo compat\u00edveis com todos os modelos de viaturas e de carregadores el\u00e9tricos na Europa.<\/p>\n\n\n\n<p>A Valeo quer tornar os produtos com qualidade de equipamento original acess\u00edveis, mantendo a repara\u00e7\u00e3o como uma op\u00e7\u00e3o vi\u00e1vel para todos os ve\u00edculos, independentemente da sua idade ou complexidade.<\/p>\n\n\n\n<p>A substitui\u00e7\u00e3o de uma embraiagem dupla h\u00famida costuma ser dispendiosa \u2014 mais de 600\u20ac, excluindo m\u00e3o-de-obra por exemplo \u2014 em ve\u00edculos que, por vezes, s\u00e3o antigos e cujos propriet\u00e1rios enfrentam restri\u00e7\u00f5es or\u00e7amentais. Eliminar uma pe\u00e7a devido a um \u00fanico componente defeituoso n\u00e3o \u00e9 sustent\u00e1vel nem respons\u00e1vel. Ao reutilizar materiais, a remanufatura\u00e7\u00e3o ajuda a limitar a extra\u00e7\u00e3o de recursos e a reduzir o desperd\u00edcio industrial. Hoje, os produtos remanufaturados da marca Valeo incorporam, em m\u00e9dia, at\u00e9 80% de materiais reutilizados.<\/p>\n\n\n<div class=\"wp-block-image\">\n<figure class=\"aligncenter size-large is-resized\"><img decoding=\"async\" width=\"1024\" height=\"683\" src=\"https:\/\/automotiverevista.pt\/wp-content\/uploads\/2025\/11\/560672486_1238018051696351_2559725837782296173_n-1024x683.jpg\" alt=\"\" class=\"wp-image-11466\" style=\"width:778px;height:auto\" srcset=\"https:\/\/automotiverevista.pt\/wp-content\/uploads\/2025\/11\/560672486_1238018051696351_2559725837782296173_n-1024x683.jpg 1024w, https:\/\/automotiverevista.pt\/wp-content\/uploads\/2025\/11\/560672486_1238018051696351_2559725837782296173_n-300x200.jpg 300w, https:\/\/automotiverevista.pt\/wp-content\/uploads\/2025\/11\/560672486_1238018051696351_2559725837782296173_n-768x512.jpg 768w, https:\/\/automotiverevista.pt\/wp-content\/uploads\/2025\/11\/560672486_1238018051696351_2559725837782296173_n-750x500.jpg 750w, https:\/\/automotiverevista.pt\/wp-content\/uploads\/2025\/11\/560672486_1238018051696351_2559725837782296173_n-1140x760.jpg 1140w, https:\/\/automotiverevista.pt\/wp-content\/uploads\/2025\/11\/560672486_1238018051696351_2559725837782296173_n.jpg 1500w\" sizes=\"(max-width: 1024px) 100vw, 1024px\" \/><\/figure>\n<\/div>","protected":false},"excerpt":{"rendered":"<p>A Valeo conquistou Pr\u00e9mio Internacional de Inova\u00e7\u00e3o Autom\u00f3vel EQUIP AUTO Paris 2025 pela sua embraiagem dupla h\u00famida remanufaturada, um reconhecimento atribu\u00eddo \u00e0 marca pelo seu avan\u00e7o nas transmiss\u00f5es sustent\u00e1veis, tendo em conta que a Valeo remanufatura a embraiagem dupla h\u00famida DQ250, atualmente instalada em mais de 5 milh\u00f5es de ve\u00edculos na Europa. O pr\u00e9mio foi [&hellip;]<\/p>\n","protected":false},"author":4,"featured_media":11464,"comment_status":"closed","ping_status":"open","sticky":false,"template":"","format":"standard","meta":{"jnews-multi-image_gallery":[],"jnews_single_post":{"format":"standard"},"jnews_primary_category":[],"footnotes":""},"categories":[21],"tags":[],"class_list":["post-11463","post","type-post","status-publish","format-standard","has-post-thumbnail","hentry","category-pos-venda"],"yoast_head":"<!-- This site is optimized with the Yoast SEO Premium plugin v27.5 (Yoast SEO v27.5) - https:\/\/yoast.com\/product\/yoast-seo-premium-wordpress\/ -->\n<title>Valeo \u2013 remanufaturados em destaque na Equip Auto - Revista Automotive<\/title>\n<meta name=\"description\" content=\"A Valeo conquistou Pr\u00e9mio Internacional de Inova\u00e7\u00e3o Autom\u00f3vel EQUIP AUTO Paris 2025 pela sua embraiagem dupla h\u00famida remanufaturada, um reconh\" \/>\n<meta name=\"robots\" content=\"index, follow, max-snippet:-1, max-image-preview:large, max-video-preview:-1\" \/>\n<link rel=\"canonical\" href=\"https:\/\/automotiverevista.pt\/index.php\/2025\/11\/07\/valeo-remanufaturados-em-destaque-na-equip-auto\/\" \/>\n<meta property=\"og:locale\" content=\"pt_PT\" \/>\n<meta property=\"og:type\" content=\"article\" \/>\n<meta property=\"og:title\" content=\"Valeo \u2013 remanufaturados em destaque na Equip Auto\" \/>\n<meta property=\"og:description\" content=\"A Valeo conquistou Pr\u00e9mio Internacional de Inova\u00e7\u00e3o Autom\u00f3vel EQUIP AUTO Paris 2025 pela sua embraiagem dupla h\u00famida remanufaturada, um reconh\" \/>\n<meta property=\"og:url\" content=\"https:\/\/automotiverevista.pt\/index.php\/2025\/11\/07\/valeo-remanufaturados-em-destaque-na-equip-auto\/\" \/>\n<meta property=\"og:site_name\" content=\"Revista Automotive\" \/>\n<meta property=\"article:published_time\" content=\"2025-11-07T12:46:00+00:00\" \/>\n<meta property=\"og:image\" content=\"https:\/\/automotiverevista.pt\/wp-content\/uploads\/2025\/11\/559903559_1238018088363014_6643383167439313257_n.jpg\" \/>\n\t<meta property=\"og:image:width\" content=\"1500\" \/>\n\t<meta property=\"og:image:height\" content=\"1000\" \/>\n\t<meta property=\"og:image:type\" content=\"image\/jpeg\" \/>\n<meta name=\"author\" content=\"Fatima Silva\" \/>\n<meta name=\"twitter:card\" content=\"summary_large_image\" \/>\n<meta name=\"twitter:label1\" content=\"Escrito por\" \/>\n\t<meta name=\"twitter:data1\" content=\"Fatima Silva\" \/>\n\t<meta name=\"twitter:label2\" content=\"Tempo estimado de leitura\" \/>\n\t<meta name=\"twitter:data2\" content=\"3 minutos\" \/>\n<script type=\"application\/ld+json\" class=\"yoast-schema-graph\">{\"@context\":\"https:\\\/\\\/schema.org\",\"@graph\":[{\"@type\":\"Article\",\"@id\":\"https:\\\/\\\/automotiverevista.pt\\\/index.php\\\/2025\\\/11\\\/07\\\/valeo-remanufaturados-em-destaque-na-equip-auto\\\/#article\",\"isPartOf\":{\"@id\":\"https:\\\/\\\/automotiverevista.pt\\\/index.php\\\/2025\\\/11\\\/07\\\/valeo-remanufaturados-em-destaque-na-equip-auto\\\/\"},\"author\":{\"name\":\"Fatima Silva\",\"@id\":\"https:\\\/\\\/automotiverevista.pt\\\/#\\\/schema\\\/person\\\/1e95eb12553b8edd256acb00fe6dad4b\"},\"headline\":\"Valeo \u2013 remanufaturados em destaque na Equip Auto\",\"datePublished\":\"2025-11-07T12:46:00+00:00\",\"mainEntityOfPage\":{\"@id\":\"https:\\\/\\\/automotiverevista.pt\\\/index.php\\\/2025\\\/11\\\/07\\\/valeo-remanufaturados-em-destaque-na-equip-auto\\\/\"},\"wordCount\":340,\"publisher\":{\"@id\":\"https:\\\/\\\/automotiverevista.pt\\\/#organization\"},\"image\":{\"@id\":\"https:\\\/\\\/automotiverevista.pt\\\/index.php\\\/2025\\\/11\\\/07\\\/valeo-remanufaturados-em-destaque-na-equip-auto\\\/#primaryimage\"},\"thumbnailUrl\":\"https:\\\/\\\/automotiverevista.pt\\\/wp-content\\\/uploads\\\/2025\\\/11\\\/559903559_1238018088363014_6643383167439313257_n.jpg\",\"articleSection\":[\"P\u00f3s-Venda\"],\"inLanguage\":\"pt-PT\"},{\"@type\":\"WebPage\",\"@id\":\"https:\\\/\\\/automotiverevista.pt\\\/index.php\\\/2025\\\/11\\\/07\\\/valeo-remanufaturados-em-destaque-na-equip-auto\\\/\",\"url\":\"https:\\\/\\\/automotiverevista.pt\\\/index.php\\\/2025\\\/11\\\/07\\\/valeo-remanufaturados-em-destaque-na-equip-auto\\\/\",\"name\":\"Valeo \u2013 remanufaturados em destaque na Equip Auto - Revista Automotive\",\"isPartOf\":{\"@id\":\"https:\\\/\\\/automotiverevista.pt\\\/#website\"},\"primaryImageOfPage\":{\"@id\":\"https:\\\/\\\/automotiverevista.pt\\\/index.php\\\/2025\\\/11\\\/07\\\/valeo-remanufaturados-em-destaque-na-equip-auto\\\/#primaryimage\"},\"image\":{\"@id\":\"https:\\\/\\\/automotiverevista.pt\\\/index.php\\\/2025\\\/11\\\/07\\\/valeo-remanufaturados-em-destaque-na-equip-auto\\\/#primaryimage\"},\"thumbnailUrl\":\"https:\\\/\\\/automotiverevista.pt\\\/wp-content\\\/uploads\\\/2025\\\/11\\\/559903559_1238018088363014_6643383167439313257_n.jpg\",\"datePublished\":\"2025-11-07T12:46:00+00:00\",\"description\":\"A Valeo conquistou Pr\u00e9mio Internacional de Inova\u00e7\u00e3o Autom\u00f3vel EQUIP AUTO Paris 2025 pela sua embraiagem dupla h\u00famida remanufaturada, um reconh\",\"breadcrumb\":{\"@id\":\"https:\\\/\\\/automotiverevista.pt\\\/index.php\\\/2025\\\/11\\\/07\\\/valeo-remanufaturados-em-destaque-na-equip-auto\\\/#breadcrumb\"},\"inLanguage\":\"pt-PT\",\"potentialAction\":[{\"@type\":\"ReadAction\",\"target\":[\"https:\\\/\\\/automotiverevista.pt\\\/index.php\\\/2025\\\/11\\\/07\\\/valeo-remanufaturados-em-destaque-na-equip-auto\\\/\"]}]},{\"@type\":\"ImageObject\",\"inLanguage\":\"pt-PT\",\"@id\":\"https:\\\/\\\/automotiverevista.pt\\\/index.php\\\/2025\\\/11\\\/07\\\/valeo-remanufaturados-em-destaque-na-equip-auto\\\/#primaryimage\",\"url\":\"https:\\\/\\\/automotiverevista.pt\\\/wp-content\\\/uploads\\\/2025\\\/11\\\/559903559_1238018088363014_6643383167439313257_n.jpg\",\"contentUrl\":\"https:\\\/\\\/automotiverevista.pt\\\/wp-content\\\/uploads\\\/2025\\\/11\\\/559903559_1238018088363014_6643383167439313257_n.jpg\",\"width\":1500,\"height\":1000},{\"@type\":\"BreadcrumbList\",\"@id\":\"https:\\\/\\\/automotiverevista.pt\\\/index.php\\\/2025\\\/11\\\/07\\\/valeo-remanufaturados-em-destaque-na-equip-auto\\\/#breadcrumb\",\"itemListElement\":[{\"@type\":\"ListItem\",\"position\":1,\"name\":\"Home\",\"item\":\"https:\\\/\\\/automotiverevista.pt\\\/\"},{\"@type\":\"ListItem\",\"position\":2,\"name\":\"Valeo \u2013 remanufaturados em destaque na Equip Auto\"}]},{\"@type\":\"WebSite\",\"@id\":\"https:\\\/\\\/automotiverevista.pt\\\/#website\",\"url\":\"https:\\\/\\\/automotiverevista.pt\\\/\",\"name\":\"Revista Automotive\",\"description\":\"Revista Automotive Portugal\",\"publisher\":{\"@id\":\"https:\\\/\\\/automotiverevista.pt\\\/#organization\"},\"potentialAction\":[{\"@type\":\"SearchAction\",\"target\":{\"@type\":\"EntryPoint\",\"urlTemplate\":\"https:\\\/\\\/automotiverevista.pt\\\/?s={search_term_string}\"},\"query-input\":{\"@type\":\"PropertyValueSpecification\",\"valueRequired\":true,\"valueName\":\"search_term_string\"}}],\"inLanguage\":\"pt-PT\"},{\"@type\":\"Organization\",\"@id\":\"https:\\\/\\\/automotiverevista.pt\\\/#organization\",\"name\":\"Revista Automotive Portugal\",\"url\":\"https:\\\/\\\/automotiverevista.pt\\\/\",\"logo\":{\"@type\":\"ImageObject\",\"inLanguage\":\"pt-PT\",\"@id\":\"https:\\\/\\\/automotiverevista.pt\\\/#\\\/schema\\\/logo\\\/image\\\/\",\"url\":\"https:\\\/\\\/automotiverevista.pt\\\/wp-content\\\/uploads\\\/2022\\\/07\\\/Logo-Automotive-2021_500-1.jpg\",\"contentUrl\":\"https:\\\/\\\/automotiverevista.pt\\\/wp-content\\\/uploads\\\/2022\\\/07\\\/Logo-Automotive-2021_500-1.jpg\",\"width\":500,\"height\":160,\"caption\":\"Revista Automotive Portugal\"},\"image\":{\"@id\":\"https:\\\/\\\/automotiverevista.pt\\\/#\\\/schema\\\/logo\\\/image\\\/\"},\"sameAs\":[\"https:\\\/\\\/linkedin.com\\\/in\\\/automotiverevista\"]},{\"@type\":\"Person\",\"@id\":\"https:\\\/\\\/automotiverevista.pt\\\/#\\\/schema\\\/person\\\/1e95eb12553b8edd256acb00fe6dad4b\",\"name\":\"Fatima Silva\",\"image\":{\"@type\":\"ImageObject\",\"inLanguage\":\"pt-PT\",\"@id\":\"https:\\\/\\\/secure.gravatar.com\\\/avatar\\\/4b4a955a9c1b66708ab0dd3bd6181ac1f650299d893bd337a28482f7f19c8511?s=96&d=mm&r=g\",\"url\":\"https:\\\/\\\/secure.gravatar.com\\\/avatar\\\/4b4a955a9c1b66708ab0dd3bd6181ac1f650299d893bd337a28482f7f19c8511?s=96&d=mm&r=g\",\"contentUrl\":\"https:\\\/\\\/secure.gravatar.com\\\/avatar\\\/4b4a955a9c1b66708ab0dd3bd6181ac1f650299d893bd337a28482f7f19c8511?s=96&d=mm&r=g\",\"caption\":\"Fatima Silva\"},\"url\":\"https:\\\/\\\/automotiverevista.pt\\\/index.php\\\/author\\\/fgasparsilva\\\/\"}]}<\/script>\n<!-- \/ Yoast SEO Premium plugin. -->","yoast_head_json":{"title":"Valeo \u2013 remanufaturados em destaque na Equip Auto - Revista Automotive","description":"A Valeo conquistou Pr\u00e9mio Internacional de Inova\u00e7\u00e3o Autom\u00f3vel EQUIP AUTO Paris 2025 pela sua embraiagem dupla h\u00famida remanufaturada, um reconh","robots":{"index":"index","follow":"follow","max-snippet":"max-snippet:-1","max-image-preview":"max-image-preview:large","max-video-preview":"max-video-preview:-1"},"canonical":"https:\/\/automotiverevista.pt\/index.php\/2025\/11\/07\/valeo-remanufaturados-em-destaque-na-equip-auto\/","og_locale":"pt_PT","og_type":"article","og_title":"Valeo \u2013 remanufaturados em destaque na Equip Auto","og_description":"A Valeo conquistou Pr\u00e9mio Internacional de Inova\u00e7\u00e3o Autom\u00f3vel EQUIP AUTO Paris 2025 pela sua embraiagem dupla h\u00famida remanufaturada, um reconh","og_url":"https:\/\/automotiverevista.pt\/index.php\/2025\/11\/07\/valeo-remanufaturados-em-destaque-na-equip-auto\/","og_site_name":"Revista Automotive","article_published_time":"2025-11-07T12:46:00+00:00","og_image":[{"width":1500,"height":1000,"url":"https:\/\/automotiverevista.pt\/wp-content\/uploads\/2025\/11\/559903559_1238018088363014_6643383167439313257_n.jpg","type":"image\/jpeg"}],"author":"Fatima Silva","twitter_card":"summary_large_image","twitter_misc":{"Escrito por":"Fatima Silva","Tempo estimado de leitura":"3 minutos"},"schema":{"@context":"https:\/\/schema.org","@graph":[{"@type":"Article","@id":"https:\/\/automotiverevista.pt\/index.php\/2025\/11\/07\/valeo-remanufaturados-em-destaque-na-equip-auto\/#article","isPartOf":{"@id":"https:\/\/automotiverevista.pt\/index.php\/2025\/11\/07\/valeo-remanufaturados-em-destaque-na-equip-auto\/"},"author":{"name":"Fatima Silva","@id":"https:\/\/automotiverevista.pt\/#\/schema\/person\/1e95eb12553b8edd256acb00fe6dad4b"},"headline":"Valeo \u2013 remanufaturados em destaque na Equip Auto","datePublished":"2025-11-07T12:46:00+00:00","mainEntityOfPage":{"@id":"https:\/\/automotiverevista.pt\/index.php\/2025\/11\/07\/valeo-remanufaturados-em-destaque-na-equip-auto\/"},"wordCount":340,"publisher":{"@id":"https:\/\/automotiverevista.pt\/#organization"},"image":{"@id":"https:\/\/automotiverevista.pt\/index.php\/2025\/11\/07\/valeo-remanufaturados-em-destaque-na-equip-auto\/#primaryimage"},"thumbnailUrl":"https:\/\/automotiverevista.pt\/wp-content\/uploads\/2025\/11\/559903559_1238018088363014_6643383167439313257_n.jpg","articleSection":["P\u00f3s-Venda"],"inLanguage":"pt-PT"},{"@type":"WebPage","@id":"https:\/\/automotiverevista.pt\/index.php\/2025\/11\/07\/valeo-remanufaturados-em-destaque-na-equip-auto\/","url":"https:\/\/automotiverevista.pt\/index.php\/2025\/11\/07\/valeo-remanufaturados-em-destaque-na-equip-auto\/","name":"Valeo \u2013 remanufaturados em destaque na Equip Auto - Revista Automotive","isPartOf":{"@id":"https:\/\/automotiverevista.pt\/#website"},"primaryImageOfPage":{"@id":"https:\/\/automotiverevista.pt\/index.php\/2025\/11\/07\/valeo-remanufaturados-em-destaque-na-equip-auto\/#primaryimage"},"image":{"@id":"https:\/\/automotiverevista.pt\/index.php\/2025\/11\/07\/valeo-remanufaturados-em-destaque-na-equip-auto\/#primaryimage"},"thumbnailUrl":"https:\/\/automotiverevista.pt\/wp-content\/uploads\/2025\/11\/559903559_1238018088363014_6643383167439313257_n.jpg","datePublished":"2025-11-07T12:46:00+00:00","description":"A Valeo conquistou Pr\u00e9mio Internacional de Inova\u00e7\u00e3o Autom\u00f3vel EQUIP AUTO Paris 2025 pela sua embraiagem dupla h\u00famida remanufaturada, um reconh","breadcrumb":{"@id":"https:\/\/automotiverevista.pt\/index.php\/2025\/11\/07\/valeo-remanufaturados-em-destaque-na-equip-auto\/#breadcrumb"},"inLanguage":"pt-PT","potentialAction":[{"@type":"ReadAction","target":["https:\/\/automotiverevista.pt\/index.php\/2025\/11\/07\/valeo-remanufaturados-em-destaque-na-equip-auto\/"]}]},{"@type":"ImageObject","inLanguage":"pt-PT","@id":"https:\/\/automotiverevista.pt\/index.php\/2025\/11\/07\/valeo-remanufaturados-em-destaque-na-equip-auto\/#primaryimage","url":"https:\/\/automotiverevista.pt\/wp-content\/uploads\/2025\/11\/559903559_1238018088363014_6643383167439313257_n.jpg","contentUrl":"https:\/\/automotiverevista.pt\/wp-content\/uploads\/2025\/11\/559903559_1238018088363014_6643383167439313257_n.jpg","width":1500,"height":1000},{"@type":"BreadcrumbList","@id":"https:\/\/automotiverevista.pt\/index.php\/2025\/11\/07\/valeo-remanufaturados-em-destaque-na-equip-auto\/#breadcrumb","itemListElement":[{"@type":"ListItem","position":1,"name":"Home","item":"https:\/\/automotiverevista.pt\/"},{"@type":"ListItem","position":2,"name":"Valeo \u2013 remanufaturados em destaque na Equip Auto"}]},{"@type":"WebSite","@id":"https:\/\/automotiverevista.pt\/#website","url":"https:\/\/automotiverevista.pt\/","name":"Revista Automotive","description":"Revista Automotive Portugal","publisher":{"@id":"https:\/\/automotiverevista.pt\/#organization"},"potentialAction":[{"@type":"SearchAction","target":{"@type":"EntryPoint","urlTemplate":"https:\/\/automotiverevista.pt\/?s={search_term_string}"},"query-input":{"@type":"PropertyValueSpecification","valueRequired":true,"valueName":"search_term_string"}}],"inLanguage":"pt-PT"},{"@type":"Organization","@id":"https:\/\/automotiverevista.pt\/#organization","name":"Revista Automotive Portugal","url":"https:\/\/automotiverevista.pt\/","logo":{"@type":"ImageObject","inLanguage":"pt-PT","@id":"https:\/\/automotiverevista.pt\/#\/schema\/logo\/image\/","url":"https:\/\/automotiverevista.pt\/wp-content\/uploads\/2022\/07\/Logo-Automotive-2021_500-1.jpg","contentUrl":"https:\/\/automotiverevista.pt\/wp-content\/uploads\/2022\/07\/Logo-Automotive-2021_500-1.jpg","width":500,"height":160,"caption":"Revista Automotive Portugal"},"image":{"@id":"https:\/\/automotiverevista.pt\/#\/schema\/logo\/image\/"},"sameAs":["https:\/\/linkedin.com\/in\/automotiverevista"]},{"@type":"Person","@id":"https:\/\/automotiverevista.pt\/#\/schema\/person\/1e95eb12553b8edd256acb00fe6dad4b","name":"Fatima Silva","image":{"@type":"ImageObject","inLanguage":"pt-PT","@id":"https:\/\/secure.gravatar.com\/avatar\/4b4a955a9c1b66708ab0dd3bd6181ac1f650299d893bd337a28482f7f19c8511?s=96&d=mm&r=g","url":"https:\/\/secure.gravatar.com\/avatar\/4b4a955a9c1b66708ab0dd3bd6181ac1f650299d893bd337a28482f7f19c8511?s=96&d=mm&r=g","contentUrl":"https:\/\/secure.gravatar.com\/avatar\/4b4a955a9c1b66708ab0dd3bd6181ac1f650299d893bd337a28482f7f19c8511?s=96&d=mm&r=g","caption":"Fatima Silva"},"url":"https:\/\/automotiverevista.pt\/index.php\/author\/fgasparsilva\/"}]}},"_links":{"self":[{"href":"https:\/\/automotiverevista.pt\/index.php\/wp-json\/wp\/v2\/posts\/11463","targetHints":{"allow":["GET"]}}],"collection":[{"href":"https:\/\/automotiverevista.pt\/index.php\/wp-json\/wp\/v2\/posts"}],"about":[{"href":"https:\/\/automotiverevista.pt\/index.php\/wp-json\/wp\/v2\/types\/post"}],"author":[{"embeddable":true,"href":"https:\/\/automotiverevista.pt\/index.php\/wp-json\/wp\/v2\/users\/4"}],"replies":[{"embeddable":true,"href":"https:\/\/automotiverevista.pt\/index.php\/wp-json\/wp\/v2\/comments?post=11463"}],"version-history":[{"count":1,"href":"https:\/\/automotiverevista.pt\/index.php\/wp-json\/wp\/v2\/posts\/11463\/revisions"}],"predecessor-version":[{"id":11467,"href":"https:\/\/automotiverevista.pt\/index.php\/wp-json\/wp\/v2\/posts\/11463\/revisions\/11467"}],"wp:featuredmedia":[{"embeddable":true,"href":"https:\/\/automotiverevista.pt\/index.php\/wp-json\/wp\/v2\/media\/11464"}],"wp:attachment":[{"href":"https:\/\/automotiverevista.pt\/index.php\/wp-json\/wp\/v2\/media?parent=11463"}],"wp:term":[{"taxonomy":"category","embeddable":true,"href":"https:\/\/automotiverevista.pt\/index.php\/wp-json\/wp\/v2\/categories?post=11463"},{"taxonomy":"post_tag","embeddable":true,"href":"https:\/\/automotiverevista.pt\/index.php\/wp-json\/wp\/v2\/tags?post=11463"}],"curies":[{"name":"wp","href":"https:\/\/api.w.org\/{rel}","templated":true}]}}