{"id":11468,"date":"2025-11-11T06:59:00","date_gmt":"2025-11-11T06:59:00","guid":{"rendered":"https:\/\/automotiverevista.pt\/?p=11468"},"modified":"2025-11-09T18:30:56","modified_gmt":"2025-11-09T18:30:56","slug":"europart-leiria-peca-chave-na-estrategia-nacional","status":"publish","type":"post","link":"https:\/\/automotiverevista.pt\/index.php\/2025\/11\/11\/europart-leiria-peca-chave-na-estrategia-nacional\/","title":{"rendered":"Europart Leiria \u2013 pe\u00e7a chave na estrat\u00e9gia nacional"},"content":{"rendered":"\n<p>Com 4 unidades em Portugal, a Europart conta no nosso pa\u00eds com um historial no mercado de reposi\u00e7\u00e3o de pe\u00e7as para ve\u00edculos pesados, sob os comandos de Heitor Manuel Santos, diretor geral da empresa. Para al\u00e9m de comercializar pe\u00e7as de refer\u00eancia internacional, a Europart tamb\u00e9m conta com uma gama de artigos de marca pr\u00f3pria e de um amplo leque de equipamentos e acess\u00f3rios oficinais.<\/p>\n\n\n\n<p>Presente em Portugal h\u00e1 mais de 25 anos, a Europart tem est\u00e1 presente num mercado de pe\u00e7as de reposi\u00e7\u00e3o muito competitivo, onde as transforma\u00e7\u00f5es t\u00eam vindo acentuar-se a diversos n\u00edveis, exigindo das suas lideran\u00e7as uma gest\u00e3o mais eficiente, moderna e din\u00e2mica, capaz de tomar decis\u00f5es locais e investir em projetos que proporcionem o expect\u00e1vel retorno nas vendas e boa notoriedade \u00e0 empresa.<\/p>\n\n\n<div class=\"wp-block-image\">\n<figure class=\"alignleft size-large is-resized\"><img decoding=\"async\" width=\"768\" height=\"1024\" src=\"https:\/\/automotiverevista.pt\/wp-content\/uploads\/2025\/11\/20251002_160117-1-768x1024.jpg\" alt=\"\" class=\"wp-image-11476\" style=\"width:223px;height:auto\" srcset=\"https:\/\/automotiverevista.pt\/wp-content\/uploads\/2025\/11\/20251002_160117-1-768x1024.jpg 768w, https:\/\/automotiverevista.pt\/wp-content\/uploads\/2025\/11\/20251002_160117-1-225x300.jpg 225w, https:\/\/automotiverevista.pt\/wp-content\/uploads\/2025\/11\/20251002_160117-1-750x1000.jpg 750w, https:\/\/automotiverevista.pt\/wp-content\/uploads\/2025\/11\/20251002_160117-1.jpg 844w\" sizes=\"(max-width: 768px) 100vw, 768px\" \/><\/figure>\n<\/div>\n\n\n<p><strong>Experi\u00eancia<\/strong><\/p>\n\n\n\n<p>Pe\u00e7a chave na estrat\u00e9gia nacional de crescimento da Europart no nosso pa\u00eds, a loja de Leiria, est\u00e1 localizada numa \u00e1rea privilegiada da zona industrial. A unidade de Leiria construiu uma boa reputa\u00e7\u00e3o regional, assente num trabalho dedicado da sua equipa que tem \u00e0 frente <strong>Agostinho Marques<\/strong>, um profissional com grande experi\u00eancia no mercado de reposi\u00e7\u00e3o de pe\u00e7as para ve\u00edculos pesados, integrando h\u00e1 v\u00e1rios anos a Europart de Leiria.<\/p>\n\n\n\n<p>Apesar do atual espa\u00e7o em Leiria estar em funcionamento h\u00e1 cerca de 5 anos, a presen\u00e7a da Europart naquela regi\u00e3o j\u00e1 conta com cerca de 15 anos, quando iniciou as suas atividades em outras instala\u00e7\u00f5es que, com o passar do tempo, deram lugar a uma moderna unidade com uma ampla loja de pe\u00e7as, armaz\u00e9m de pe\u00e7as, estacionamento, espa\u00e7os pr\u00f3prios para carga e descarga, bem como salas de forma\u00e7\u00e3o.<\/p>\n\n\n\n<p><\/p>\n\n\n\n<p><strong>Estrutura e equipa<\/strong><\/p>\n\n\n\n<p>Tendo em conta que a regi\u00e3o de Leiria concentra uma grande quantidade de transportadoras e um tecido empresarial din\u00e2mico, a Europart Leiria tem trabalhado para explorar todo o potencial log\u00edstico desta regi\u00e3o e acompanhar o crescimento do parque circulante de cami\u00f5es. Tem fidelizado, atrav\u00e9s de um bom servi\u00e7o e um diversificado stock de pelas, uma clientela formada por renomadas empresas de transportes e diversas oficinas de repara\u00e7\u00e3o de ve\u00edculos pesados de mercadorias.<\/p>\n\n\n\n<div class=\"wp-block-columns is-layout-flex wp-container-core-columns-is-layout-9d6595d7 wp-block-columns-is-layout-flex\">\n<div class=\"wp-block-column is-layout-flow wp-block-column-is-layout-flow\" style=\"flex-basis:50%\"><div class=\"wp-block-image\">\n<figure class=\"aligncenter size-large\"><img decoding=\"async\" width=\"1024\" height=\"768\" src=\"https:\/\/automotiverevista.pt\/wp-content\/uploads\/2025\/11\/20251002_160011-1024x768.jpg\" alt=\"\" class=\"wp-image-11473\" srcset=\"https:\/\/automotiverevista.pt\/wp-content\/uploads\/2025\/11\/20251002_160011-1024x768.jpg 1024w, https:\/\/automotiverevista.pt\/wp-content\/uploads\/2025\/11\/20251002_160011-300x225.jpg 300w, https:\/\/automotiverevista.pt\/wp-content\/uploads\/2025\/11\/20251002_160011-768x576.jpg 768w, https:\/\/automotiverevista.pt\/wp-content\/uploads\/2025\/11\/20251002_160011-750x563.jpg 750w, https:\/\/automotiverevista.pt\/wp-content\/uploads\/2025\/11\/20251002_160011-1140x855.jpg 1140w, https:\/\/automotiverevista.pt\/wp-content\/uploads\/2025\/11\/20251002_160011.jpg 1500w\" sizes=\"(max-width: 1024px) 100vw, 1024px\" \/><\/figure>\n<\/div><\/div>\n\n\n\n<div class=\"wp-block-column is-layout-flow wp-block-column-is-layout-flow\" style=\"flex-basis:50%\">\n<figure class=\"wp-block-image size-large\"><img decoding=\"async\" width=\"1024\" height=\"768\" src=\"https:\/\/automotiverevista.pt\/wp-content\/uploads\/2025\/11\/20251002_155440-1-1024x768.jpg\" alt=\"\" class=\"wp-image-11475\" srcset=\"https:\/\/automotiverevista.pt\/wp-content\/uploads\/2025\/11\/20251002_155440-1-1024x768.jpg 1024w, https:\/\/automotiverevista.pt\/wp-content\/uploads\/2025\/11\/20251002_155440-1-300x225.jpg 300w, https:\/\/automotiverevista.pt\/wp-content\/uploads\/2025\/11\/20251002_155440-1-768x576.jpg 768w, https:\/\/automotiverevista.pt\/wp-content\/uploads\/2025\/11\/20251002_155440-1-750x563.jpg 750w, https:\/\/automotiverevista.pt\/wp-content\/uploads\/2025\/11\/20251002_155440-1-1140x855.jpg 1140w, https:\/\/automotiverevista.pt\/wp-content\/uploads\/2025\/11\/20251002_155440-1.jpg 1500w\" sizes=\"(max-width: 1024px) 100vw, 1024px\" \/><\/figure>\n<\/div>\n<\/div>\n\n\n\n<p>O seu stock de pe\u00e7as de reposi\u00e7\u00e3o \u00e9 bem diversificado, com diversas refer\u00eancias de pe\u00e7as, componentes e lubrificantes para ve\u00edculos comerciais tais como cami\u00f5es, reboques e autocarros. A sua experiente equipa procura dar o melhor suporte t\u00e9cnico-comercial, no sentido de proporcionar um atendimento de qualidade: seja para o cliente de balc\u00e3o, cliente transportador ou cliente oficinal, com resultados operacionais positivos ao longo dos anos, mesmo em per\u00edodo de pandemia.<\/p>\n\n\n\n<p>A equipa da Europart de Leiria procura trabalhar em sintonia com a gest\u00e3o e supervis\u00e3o emanadas do seu diretor geral, Heitor Santos, e tem bem presente que a concorr\u00eancia na regi\u00e3o est\u00e1 a aumentar, assim como os desafios deste neg\u00f3cio onde o cliente, mais exigente e mais profissional, sabe que ter\u00e1 sempre o poder de escolha nas suas m\u00e3os. Na imagem, <strong>Agostinho Marques<\/strong> (ao centro), ladeado por <strong>Ricardo Ferreira <\/strong>(\u00e0 esq.) e por <strong>Ant\u00f3nio Fi\u00faza<\/strong>. De referir que a Europart Leiria integra a rede nacional de distribui\u00e7\u00e3o gratuita dos exemplares da Revista Automotive em Portugal.<\/p>\n\n\n<div class=\"wp-block-image\">\n<figure class=\"aligncenter size-large is-resized\"><img decoding=\"async\" width=\"1024\" height=\"768\" src=\"https:\/\/automotiverevista.pt\/wp-content\/uploads\/2025\/11\/20251002_160826-1024x768.jpg\" alt=\"\" class=\"wp-image-11470\" style=\"width:688px;height:auto\" srcset=\"https:\/\/automotiverevista.pt\/wp-content\/uploads\/2025\/11\/20251002_160826-1024x768.jpg 1024w, https:\/\/automotiverevista.pt\/wp-content\/uploads\/2025\/11\/20251002_160826-300x225.jpg 300w, https:\/\/automotiverevista.pt\/wp-content\/uploads\/2025\/11\/20251002_160826-768x576.jpg 768w, https:\/\/automotiverevista.pt\/wp-content\/uploads\/2025\/11\/20251002_160826-750x563.jpg 750w, https:\/\/automotiverevista.pt\/wp-content\/uploads\/2025\/11\/20251002_160826-1140x855.jpg 1140w, https:\/\/automotiverevista.pt\/wp-content\/uploads\/2025\/11\/20251002_160826.jpg 1500w\" sizes=\"(max-width: 1024px) 100vw, 1024px\" \/><\/figure>\n<\/div>","protected":false},"excerpt":{"rendered":"<p>Com 4 unidades em Portugal, a Europart conta no nosso pa\u00eds com um historial no mercado de reposi\u00e7\u00e3o de pe\u00e7as para ve\u00edculos pesados, sob os comandos de Heitor Manuel Santos, diretor geral da empresa. Para al\u00e9m de comercializar pe\u00e7as de refer\u00eancia internacional, a Europart tamb\u00e9m conta com uma gama de artigos de marca pr\u00f3pria e [&hellip;]<\/p>\n","protected":false},"author":4,"featured_media":11469,"comment_status":"closed","ping_status":"open","sticky":false,"template":"","format":"standard","meta":{"jnews-multi-image_gallery":[],"jnews_single_post":{"format":"standard"},"jnews_primary_category":[],"footnotes":""},"categories":[21],"tags":[],"class_list":["post-11468","post","type-post","status-publish","format-standard","has-post-thumbnail","hentry","category-pos-venda"],"yoast_head":"<!-- This site is optimized with the Yoast SEO Premium plugin v27.5 (Yoast SEO v27.5) - https:\/\/yoast.com\/product\/yoast-seo-premium-wordpress\/ -->\n<title>Europart Leiria \u2013 pe\u00e7a chave na estrat\u00e9gia nacional - Revista Automotive<\/title>\n<meta name=\"description\" content=\"Com 4 unidades em Portugal, a Europart conta no nosso pa\u00eds com um historial no mercado de reposi\u00e7\u00e3o de pe\u00e7as para ve\u00edculos pesados, sob os com\" \/>\n<meta name=\"robots\" content=\"index, follow, max-snippet:-1, max-image-preview:large, max-video-preview:-1\" \/>\n<link rel=\"canonical\" href=\"https:\/\/automotiverevista.pt\/index.php\/2025\/11\/11\/europart-leiria-peca-chave-na-estrategia-nacional\/\" \/>\n<meta property=\"og:locale\" content=\"pt_PT\" \/>\n<meta property=\"og:type\" content=\"article\" \/>\n<meta property=\"og:title\" content=\"Europart Leiria \u2013 pe\u00e7a chave na estrat\u00e9gia nacional\" \/>\n<meta property=\"og:description\" content=\"Com 4 unidades em Portugal, a Europart conta no nosso pa\u00eds com um historial no mercado de reposi\u00e7\u00e3o de pe\u00e7as para ve\u00edculos pesados, sob os com\" \/>\n<meta property=\"og:url\" content=\"https:\/\/automotiverevista.pt\/index.php\/2025\/11\/11\/europart-leiria-peca-chave-na-estrategia-nacional\/\" \/>\n<meta property=\"og:site_name\" content=\"Revista Automotive\" \/>\n<meta property=\"article:published_time\" content=\"2025-11-11T06:59:00+00:00\" \/>\n<meta property=\"og:image\" content=\"https:\/\/automotiverevista.pt\/wp-content\/uploads\/2025\/11\/20251002_161201.jpg\" \/>\n\t<meta property=\"og:image:width\" content=\"1500\" \/>\n\t<meta property=\"og:image:height\" content=\"1125\" \/>\n\t<meta property=\"og:image:type\" content=\"image\/jpeg\" \/>\n<meta name=\"author\" content=\"Fatima Silva\" \/>\n<meta name=\"twitter:card\" content=\"summary_large_image\" \/>\n<meta name=\"twitter:label1\" content=\"Escrito por\" \/>\n\t<meta name=\"twitter:data1\" content=\"Fatima Silva\" \/>\n\t<meta name=\"twitter:label2\" content=\"Tempo estimado de leitura\" \/>\n\t<meta name=\"twitter:data2\" content=\"4 minutos\" \/>\n<script type=\"application\/ld+json\" class=\"yoast-schema-graph\">{\"@context\":\"https:\\\/\\\/schema.org\",\"@graph\":[{\"@type\":\"Article\",\"@id\":\"https:\\\/\\\/automotiverevista.pt\\\/index.php\\\/2025\\\/11\\\/11\\\/europart-leiria-peca-chave-na-estrategia-nacional\\\/#article\",\"isPartOf\":{\"@id\":\"https:\\\/\\\/automotiverevista.pt\\\/index.php\\\/2025\\\/11\\\/11\\\/europart-leiria-peca-chave-na-estrategia-nacional\\\/\"},\"author\":{\"name\":\"Fatima Silva\",\"@id\":\"https:\\\/\\\/automotiverevista.pt\\\/#\\\/schema\\\/person\\\/1e95eb12553b8edd256acb00fe6dad4b\"},\"headline\":\"Europart Leiria \u2013 pe\u00e7a chave na estrat\u00e9gia nacional\",\"datePublished\":\"2025-11-11T06:59:00+00:00\",\"mainEntityOfPage\":{\"@id\":\"https:\\\/\\\/automotiverevista.pt\\\/index.php\\\/2025\\\/11\\\/11\\\/europart-leiria-peca-chave-na-estrategia-nacional\\\/\"},\"wordCount\":570,\"publisher\":{\"@id\":\"https:\\\/\\\/automotiverevista.pt\\\/#organization\"},\"image\":{\"@id\":\"https:\\\/\\\/automotiverevista.pt\\\/index.php\\\/2025\\\/11\\\/11\\\/europart-leiria-peca-chave-na-estrategia-nacional\\\/#primaryimage\"},\"thumbnailUrl\":\"https:\\\/\\\/automotiverevista.pt\\\/wp-content\\\/uploads\\\/2025\\\/11\\\/20251002_161201.jpg\",\"articleSection\":[\"P\u00f3s-Venda\"],\"inLanguage\":\"pt-PT\"},{\"@type\":\"WebPage\",\"@id\":\"https:\\\/\\\/automotiverevista.pt\\\/index.php\\\/2025\\\/11\\\/11\\\/europart-leiria-peca-chave-na-estrategia-nacional\\\/\",\"url\":\"https:\\\/\\\/automotiverevista.pt\\\/index.php\\\/2025\\\/11\\\/11\\\/europart-leiria-peca-chave-na-estrategia-nacional\\\/\",\"name\":\"Europart Leiria \u2013 pe\u00e7a chave na estrat\u00e9gia nacional - Revista Automotive\",\"isPartOf\":{\"@id\":\"https:\\\/\\\/automotiverevista.pt\\\/#website\"},\"primaryImageOfPage\":{\"@id\":\"https:\\\/\\\/automotiverevista.pt\\\/index.php\\\/2025\\\/11\\\/11\\\/europart-leiria-peca-chave-na-estrategia-nacional\\\/#primaryimage\"},\"image\":{\"@id\":\"https:\\\/\\\/automotiverevista.pt\\\/index.php\\\/2025\\\/11\\\/11\\\/europart-leiria-peca-chave-na-estrategia-nacional\\\/#primaryimage\"},\"thumbnailUrl\":\"https:\\\/\\\/automotiverevista.pt\\\/wp-content\\\/uploads\\\/2025\\\/11\\\/20251002_161201.jpg\",\"datePublished\":\"2025-11-11T06:59:00+00:00\",\"description\":\"Com 4 unidades em Portugal, a Europart conta no nosso pa\u00eds com um historial no mercado de reposi\u00e7\u00e3o de pe\u00e7as para ve\u00edculos pesados, sob os com\",\"breadcrumb\":{\"@id\":\"https:\\\/\\\/automotiverevista.pt\\\/index.php\\\/2025\\\/11\\\/11\\\/europart-leiria-peca-chave-na-estrategia-nacional\\\/#breadcrumb\"},\"inLanguage\":\"pt-PT\",\"potentialAction\":[{\"@type\":\"ReadAction\",\"target\":[\"https:\\\/\\\/automotiverevista.pt\\\/index.php\\\/2025\\\/11\\\/11\\\/europart-leiria-peca-chave-na-estrategia-nacional\\\/\"]}]},{\"@type\":\"ImageObject\",\"inLanguage\":\"pt-PT\",\"@id\":\"https:\\\/\\\/automotiverevista.pt\\\/index.php\\\/2025\\\/11\\\/11\\\/europart-leiria-peca-chave-na-estrategia-nacional\\\/#primaryimage\",\"url\":\"https:\\\/\\\/automotiverevista.pt\\\/wp-content\\\/uploads\\\/2025\\\/11\\\/20251002_161201.jpg\",\"contentUrl\":\"https:\\\/\\\/automotiverevista.pt\\\/wp-content\\\/uploads\\\/2025\\\/11\\\/20251002_161201.jpg\",\"width\":1500,\"height\":1125},{\"@type\":\"BreadcrumbList\",\"@id\":\"https:\\\/\\\/automotiverevista.pt\\\/index.php\\\/2025\\\/11\\\/11\\\/europart-leiria-peca-chave-na-estrategia-nacional\\\/#breadcrumb\",\"itemListElement\":[{\"@type\":\"ListItem\",\"position\":1,\"name\":\"Home\",\"item\":\"https:\\\/\\\/automotiverevista.pt\\\/\"},{\"@type\":\"ListItem\",\"position\":2,\"name\":\"Europart Leiria \u2013 pe\u00e7a chave na estrat\u00e9gia nacional\"}]},{\"@type\":\"WebSite\",\"@id\":\"https:\\\/\\\/automotiverevista.pt\\\/#website\",\"url\":\"https:\\\/\\\/automotiverevista.pt\\\/\",\"name\":\"Revista Automotive\",\"description\":\"Revista Automotive Portugal\",\"publisher\":{\"@id\":\"https:\\\/\\\/automotiverevista.pt\\\/#organization\"},\"potentialAction\":[{\"@type\":\"SearchAction\",\"target\":{\"@type\":\"EntryPoint\",\"urlTemplate\":\"https:\\\/\\\/automotiverevista.pt\\\/?s={search_term_string}\"},\"query-input\":{\"@type\":\"PropertyValueSpecification\",\"valueRequired\":true,\"valueName\":\"search_term_string\"}}],\"inLanguage\":\"pt-PT\"},{\"@type\":\"Organization\",\"@id\":\"https:\\\/\\\/automotiverevista.pt\\\/#organization\",\"name\":\"Revista Automotive Portugal\",\"url\":\"https:\\\/\\\/automotiverevista.pt\\\/\",\"logo\":{\"@type\":\"ImageObject\",\"inLanguage\":\"pt-PT\",\"@id\":\"https:\\\/\\\/automotiverevista.pt\\\/#\\\/schema\\\/logo\\\/image\\\/\",\"url\":\"https:\\\/\\\/automotiverevista.pt\\\/wp-content\\\/uploads\\\/2022\\\/07\\\/Logo-Automotive-2021_500-1.jpg\",\"contentUrl\":\"https:\\\/\\\/automotiverevista.pt\\\/wp-content\\\/uploads\\\/2022\\\/07\\\/Logo-Automotive-2021_500-1.jpg\",\"width\":500,\"height\":160,\"caption\":\"Revista Automotive Portugal\"},\"image\":{\"@id\":\"https:\\\/\\\/automotiverevista.pt\\\/#\\\/schema\\\/logo\\\/image\\\/\"},\"sameAs\":[\"https:\\\/\\\/linkedin.com\\\/in\\\/automotiverevista\"]},{\"@type\":\"Person\",\"@id\":\"https:\\\/\\\/automotiverevista.pt\\\/#\\\/schema\\\/person\\\/1e95eb12553b8edd256acb00fe6dad4b\",\"name\":\"Fatima Silva\",\"image\":{\"@type\":\"ImageObject\",\"inLanguage\":\"pt-PT\",\"@id\":\"https:\\\/\\\/secure.gravatar.com\\\/avatar\\\/4b4a955a9c1b66708ab0dd3bd6181ac1f650299d893bd337a28482f7f19c8511?s=96&d=mm&r=g\",\"url\":\"https:\\\/\\\/secure.gravatar.com\\\/avatar\\\/4b4a955a9c1b66708ab0dd3bd6181ac1f650299d893bd337a28482f7f19c8511?s=96&d=mm&r=g\",\"contentUrl\":\"https:\\\/\\\/secure.gravatar.com\\\/avatar\\\/4b4a955a9c1b66708ab0dd3bd6181ac1f650299d893bd337a28482f7f19c8511?s=96&d=mm&r=g\",\"caption\":\"Fatima Silva\"},\"url\":\"https:\\\/\\\/automotiverevista.pt\\\/index.php\\\/author\\\/fgasparsilva\\\/\"}]}<\/script>\n<!-- \/ Yoast SEO Premium plugin. -->","yoast_head_json":{"title":"Europart Leiria \u2013 pe\u00e7a chave na estrat\u00e9gia nacional - Revista Automotive","description":"Com 4 unidades em Portugal, a Europart conta no nosso pa\u00eds com um historial no mercado de reposi\u00e7\u00e3o de pe\u00e7as para ve\u00edculos pesados, sob os com","robots":{"index":"index","follow":"follow","max-snippet":"max-snippet:-1","max-image-preview":"max-image-preview:large","max-video-preview":"max-video-preview:-1"},"canonical":"https:\/\/automotiverevista.pt\/index.php\/2025\/11\/11\/europart-leiria-peca-chave-na-estrategia-nacional\/","og_locale":"pt_PT","og_type":"article","og_title":"Europart Leiria \u2013 pe\u00e7a chave na estrat\u00e9gia nacional","og_description":"Com 4 unidades em Portugal, a Europart conta no nosso pa\u00eds com um historial no mercado de reposi\u00e7\u00e3o de pe\u00e7as para ve\u00edculos pesados, sob os com","og_url":"https:\/\/automotiverevista.pt\/index.php\/2025\/11\/11\/europart-leiria-peca-chave-na-estrategia-nacional\/","og_site_name":"Revista Automotive","article_published_time":"2025-11-11T06:59:00+00:00","og_image":[{"width":1500,"height":1125,"url":"https:\/\/automotiverevista.pt\/wp-content\/uploads\/2025\/11\/20251002_161201.jpg","type":"image\/jpeg"}],"author":"Fatima Silva","twitter_card":"summary_large_image","twitter_misc":{"Escrito por":"Fatima Silva","Tempo estimado de leitura":"4 minutos"},"schema":{"@context":"https:\/\/schema.org","@graph":[{"@type":"Article","@id":"https:\/\/automotiverevista.pt\/index.php\/2025\/11\/11\/europart-leiria-peca-chave-na-estrategia-nacional\/#article","isPartOf":{"@id":"https:\/\/automotiverevista.pt\/index.php\/2025\/11\/11\/europart-leiria-peca-chave-na-estrategia-nacional\/"},"author":{"name":"Fatima Silva","@id":"https:\/\/automotiverevista.pt\/#\/schema\/person\/1e95eb12553b8edd256acb00fe6dad4b"},"headline":"Europart Leiria \u2013 pe\u00e7a chave na estrat\u00e9gia nacional","datePublished":"2025-11-11T06:59:00+00:00","mainEntityOfPage":{"@id":"https:\/\/automotiverevista.pt\/index.php\/2025\/11\/11\/europart-leiria-peca-chave-na-estrategia-nacional\/"},"wordCount":570,"publisher":{"@id":"https:\/\/automotiverevista.pt\/#organization"},"image":{"@id":"https:\/\/automotiverevista.pt\/index.php\/2025\/11\/11\/europart-leiria-peca-chave-na-estrategia-nacional\/#primaryimage"},"thumbnailUrl":"https:\/\/automotiverevista.pt\/wp-content\/uploads\/2025\/11\/20251002_161201.jpg","articleSection":["P\u00f3s-Venda"],"inLanguage":"pt-PT"},{"@type":"WebPage","@id":"https:\/\/automotiverevista.pt\/index.php\/2025\/11\/11\/europart-leiria-peca-chave-na-estrategia-nacional\/","url":"https:\/\/automotiverevista.pt\/index.php\/2025\/11\/11\/europart-leiria-peca-chave-na-estrategia-nacional\/","name":"Europart Leiria \u2013 pe\u00e7a chave na estrat\u00e9gia nacional - Revista Automotive","isPartOf":{"@id":"https:\/\/automotiverevista.pt\/#website"},"primaryImageOfPage":{"@id":"https:\/\/automotiverevista.pt\/index.php\/2025\/11\/11\/europart-leiria-peca-chave-na-estrategia-nacional\/#primaryimage"},"image":{"@id":"https:\/\/automotiverevista.pt\/index.php\/2025\/11\/11\/europart-leiria-peca-chave-na-estrategia-nacional\/#primaryimage"},"thumbnailUrl":"https:\/\/automotiverevista.pt\/wp-content\/uploads\/2025\/11\/20251002_161201.jpg","datePublished":"2025-11-11T06:59:00+00:00","description":"Com 4 unidades em Portugal, a Europart conta no nosso pa\u00eds com um historial no mercado de reposi\u00e7\u00e3o de pe\u00e7as para ve\u00edculos pesados, sob os com","breadcrumb":{"@id":"https:\/\/automotiverevista.pt\/index.php\/2025\/11\/11\/europart-leiria-peca-chave-na-estrategia-nacional\/#breadcrumb"},"inLanguage":"pt-PT","potentialAction":[{"@type":"ReadAction","target":["https:\/\/automotiverevista.pt\/index.php\/2025\/11\/11\/europart-leiria-peca-chave-na-estrategia-nacional\/"]}]},{"@type":"ImageObject","inLanguage":"pt-PT","@id":"https:\/\/automotiverevista.pt\/index.php\/2025\/11\/11\/europart-leiria-peca-chave-na-estrategia-nacional\/#primaryimage","url":"https:\/\/automotiverevista.pt\/wp-content\/uploads\/2025\/11\/20251002_161201.jpg","contentUrl":"https:\/\/automotiverevista.pt\/wp-content\/uploads\/2025\/11\/20251002_161201.jpg","width":1500,"height":1125},{"@type":"BreadcrumbList","@id":"https:\/\/automotiverevista.pt\/index.php\/2025\/11\/11\/europart-leiria-peca-chave-na-estrategia-nacional\/#breadcrumb","itemListElement":[{"@type":"ListItem","position":1,"name":"Home","item":"https:\/\/automotiverevista.pt\/"},{"@type":"ListItem","position":2,"name":"Europart Leiria \u2013 pe\u00e7a chave na estrat\u00e9gia nacional"}]},{"@type":"WebSite","@id":"https:\/\/automotiverevista.pt\/#website","url":"https:\/\/automotiverevista.pt\/","name":"Revista Automotive","description":"Revista Automotive Portugal","publisher":{"@id":"https:\/\/automotiverevista.pt\/#organization"},"potentialAction":[{"@type":"SearchAction","target":{"@type":"EntryPoint","urlTemplate":"https:\/\/automotiverevista.pt\/?s={search_term_string}"},"query-input":{"@type":"PropertyValueSpecification","valueRequired":true,"valueName":"search_term_string"}}],"inLanguage":"pt-PT"},{"@type":"Organization","@id":"https:\/\/automotiverevista.pt\/#organization","name":"Revista Automotive Portugal","url":"https:\/\/automotiverevista.pt\/","logo":{"@type":"ImageObject","inLanguage":"pt-PT","@id":"https:\/\/automotiverevista.pt\/#\/schema\/logo\/image\/","url":"https:\/\/automotiverevista.pt\/wp-content\/uploads\/2022\/07\/Logo-Automotive-2021_500-1.jpg","contentUrl":"https:\/\/automotiverevista.pt\/wp-content\/uploads\/2022\/07\/Logo-Automotive-2021_500-1.jpg","width":500,"height":160,"caption":"Revista Automotive Portugal"},"image":{"@id":"https:\/\/automotiverevista.pt\/#\/schema\/logo\/image\/"},"sameAs":["https:\/\/linkedin.com\/in\/automotiverevista"]},{"@type":"Person","@id":"https:\/\/automotiverevista.pt\/#\/schema\/person\/1e95eb12553b8edd256acb00fe6dad4b","name":"Fatima Silva","image":{"@type":"ImageObject","inLanguage":"pt-PT","@id":"https:\/\/secure.gravatar.com\/avatar\/4b4a955a9c1b66708ab0dd3bd6181ac1f650299d893bd337a28482f7f19c8511?s=96&d=mm&r=g","url":"https:\/\/secure.gravatar.com\/avatar\/4b4a955a9c1b66708ab0dd3bd6181ac1f650299d893bd337a28482f7f19c8511?s=96&d=mm&r=g","contentUrl":"https:\/\/secure.gravatar.com\/avatar\/4b4a955a9c1b66708ab0dd3bd6181ac1f650299d893bd337a28482f7f19c8511?s=96&d=mm&r=g","caption":"Fatima Silva"},"url":"https:\/\/automotiverevista.pt\/index.php\/author\/fgasparsilva\/"}]}},"_links":{"self":[{"href":"https:\/\/automotiverevista.pt\/index.php\/wp-json\/wp\/v2\/posts\/11468","targetHints":{"allow":["GET"]}}],"collection":[{"href":"https:\/\/automotiverevista.pt\/index.php\/wp-json\/wp\/v2\/posts"}],"about":[{"href":"https:\/\/automotiverevista.pt\/index.php\/wp-json\/wp\/v2\/types\/post"}],"author":[{"embeddable":true,"href":"https:\/\/automotiverevista.pt\/index.php\/wp-json\/wp\/v2\/users\/4"}],"replies":[{"embeddable":true,"href":"https:\/\/automotiverevista.pt\/index.php\/wp-json\/wp\/v2\/comments?post=11468"}],"version-history":[{"count":1,"href":"https:\/\/automotiverevista.pt\/index.php\/wp-json\/wp\/v2\/posts\/11468\/revisions"}],"predecessor-version":[{"id":11477,"href":"https:\/\/automotiverevista.pt\/index.php\/wp-json\/wp\/v2\/posts\/11468\/revisions\/11477"}],"wp:featuredmedia":[{"embeddable":true,"href":"https:\/\/automotiverevista.pt\/index.php\/wp-json\/wp\/v2\/media\/11469"}],"wp:attachment":[{"href":"https:\/\/automotiverevista.pt\/index.php\/wp-json\/wp\/v2\/media?parent=11468"}],"wp:term":[{"taxonomy":"category","embeddable":true,"href":"https:\/\/automotiverevista.pt\/index.php\/wp-json\/wp\/v2\/categories?post=11468"},{"taxonomy":"post_tag","embeddable":true,"href":"https:\/\/automotiverevista.pt\/index.php\/wp-json\/wp\/v2\/tags?post=11468"}],"curies":[{"name":"wp","href":"https:\/\/api.w.org\/{rel}","templated":true}]}}