{"id":11513,"date":"2025-11-10T11:44:00","date_gmt":"2025-11-10T11:44:00","guid":{"rendered":"https:\/\/automotiverevista.pt\/?p=11513"},"modified":"2025-11-09T18:30:00","modified_gmt":"2025-11-09T18:30:00","slug":"niterra-destacou-gama-de-sensores-ntk","status":"publish","type":"post","link":"https:\/\/automotiverevista.pt\/index.php\/2025\/11\/10\/niterra-destacou-gama-de-sensores-ntk\/","title":{"rendered":"Niterra destacou gama de sensores NTK"},"content":{"rendered":"\n<p>Na 50\u00aa edi\u00e7\u00e3o do sal\u00e3o Equip Auto a Niterra enfatizou a sua gama de produtos da marca <strong>NTK<\/strong>. Especialista mundial em sensores, a gama de produtos NTK esteve em destaque, bem como os demais produtos da marca <strong>NGK<\/strong>. Os visitantes do stand da Niterra tiveram assim a oportunidade conhecer as novidades, evolu\u00e7\u00f5es e aplicabilidades das duas gamas, atrav\u00e9s de orienta\u00e7\u00f5es disponibilizadas por t\u00e9cnicos da empresa.<\/p>\n\n\n<div class=\"wp-block-image\">\n<figure class=\"aligncenter size-large is-resized\"><img decoding=\"async\" width=\"1024\" height=\"767\" src=\"https:\/\/automotiverevista.pt\/wp-content\/uploads\/2025\/11\/1760599188844-1024x767.jpg\" alt=\"\" class=\"wp-image-11517\" style=\"width:943px;height:auto\" srcset=\"https:\/\/automotiverevista.pt\/wp-content\/uploads\/2025\/11\/1760599188844-1024x767.jpg 1024w, https:\/\/automotiverevista.pt\/wp-content\/uploads\/2025\/11\/1760599188844-300x225.jpg 300w, https:\/\/automotiverevista.pt\/wp-content\/uploads\/2025\/11\/1760599188844-768x575.jpg 768w, https:\/\/automotiverevista.pt\/wp-content\/uploads\/2025\/11\/1760599188844-750x562.jpg 750w, https:\/\/automotiverevista.pt\/wp-content\/uploads\/2025\/11\/1760599188844-1140x853.jpg 1140w, https:\/\/automotiverevista.pt\/wp-content\/uploads\/2025\/11\/1760599188844.jpg 1500w\" sizes=\"(max-width: 1024px) 100vw, 1024px\" \/><\/figure>\n<\/div>\n\n\n<p>Destaque tamb\u00e9m para as velas de igni\u00e7\u00e3o, velas de incandesc\u00eancia, bobinas de igni\u00e7\u00e3o e cablagens de alta tens\u00e3o, bem como velas de igni\u00e7\u00e3o em metais preciosos, nas quais a Niterra tem vindo a concentrar os seus esfor\u00e7os neste ano. Esta ampla gama reflete a capacidade de inova\u00e7\u00e3o do fabricante japon\u00eas, em prol da qualidade, seguran\u00e7a e desempenho. O evento tamb\u00e9m serviu para a Niterra Fran\u00e7a apresentar o seu cat\u00e1logo de velas de igni\u00e7\u00e3o e velas de incandesc\u00eancia.<\/p>\n\n\n\n<p>No tocante \u00e0 marca NTK, a linha completa de sensores esteve em exposi\u00e7\u00e3o, com sondas lambda, sensores de temperatura, sensores de press\u00e3o, medidores de caudal de ar, sensores de rota\u00e7\u00e3o e posi\u00e7\u00e3o do motor, v\u00e1lvulas EGR e sensores de gases de escape e press\u00e3o diferencial. Na imagem, <strong>David Bassas<\/strong> (ao centro), Director Western Europe da Niterra, com membros da sua equipa.<\/p>\n\n\n<div class=\"wp-block-image\">\n<figure class=\"aligncenter size-large is-resized\"><img decoding=\"async\" width=\"1024\" height=\"558\" src=\"https:\/\/automotiverevista.pt\/wp-content\/uploads\/2025\/11\/image-6-1024x558.png\" alt=\"\" class=\"wp-image-11516\" style=\"width:631px;height:auto\" srcset=\"https:\/\/automotiverevista.pt\/wp-content\/uploads\/2025\/11\/image-6-1024x558.png 1024w, https:\/\/automotiverevista.pt\/wp-content\/uploads\/2025\/11\/image-6-300x164.png 300w, https:\/\/automotiverevista.pt\/wp-content\/uploads\/2025\/11\/image-6-768x419.png 768w, https:\/\/automotiverevista.pt\/wp-content\/uploads\/2025\/11\/image-6-750x409.png 750w, https:\/\/automotiverevista.pt\/wp-content\/uploads\/2025\/11\/image-6-1140x621.png 1140w, https:\/\/automotiverevista.pt\/wp-content\/uploads\/2025\/11\/image-6.png 1275w\" sizes=\"(max-width: 1024px) 100vw, 1024px\" \/><\/figure>\n<\/div>","protected":false},"excerpt":{"rendered":"<p>Na 50\u00aa edi\u00e7\u00e3o do sal\u00e3o Equip Auto a Niterra enfatizou a sua gama de produtos da marca NTK. Especialista mundial em sensores, a gama de produtos NTK esteve em destaque, bem como os demais produtos da marca NGK. Os visitantes do stand da Niterra tiveram assim a oportunidade conhecer as novidades, evolu\u00e7\u00f5es e aplicabilidades das [&hellip;]<\/p>\n","protected":false},"author":4,"featured_media":11514,"comment_status":"closed","ping_status":"open","sticky":false,"template":"","format":"standard","meta":{"jnews-multi-image_gallery":[],"jnews_single_post":{"format":"standard"},"jnews_primary_category":[],"footnotes":""},"categories":[21],"tags":[],"class_list":["post-11513","post","type-post","status-publish","format-standard","has-post-thumbnail","hentry","category-pos-venda"],"yoast_head":"<!-- This site is optimized with the Yoast SEO Premium plugin v27.5 (Yoast SEO v27.5) - https:\/\/yoast.com\/product\/yoast-seo-premium-wordpress\/ -->\n<title>Niterra destacou gama de sensores NTK - Revista Automotive<\/title>\n<meta name=\"description\" content=\"Na 50\u00aa edi\u00e7\u00e3o do sal\u00e3o Equip Auto a Niterra enfatizou a sua gama de produtos da marca NTK. Especialista mundial em sensores, a gama de produto\" \/>\n<meta name=\"robots\" content=\"index, follow, max-snippet:-1, max-image-preview:large, max-video-preview:-1\" \/>\n<link rel=\"canonical\" href=\"https:\/\/automotiverevista.pt\/index.php\/2025\/11\/10\/niterra-destacou-gama-de-sensores-ntk\/\" \/>\n<meta property=\"og:locale\" content=\"pt_PT\" \/>\n<meta property=\"og:type\" content=\"article\" \/>\n<meta property=\"og:title\" content=\"Niterra destacou gama de sensores NTK\" \/>\n<meta property=\"og:description\" content=\"Na 50\u00aa edi\u00e7\u00e3o do sal\u00e3o Equip Auto a Niterra enfatizou a sua gama de produtos da marca NTK. Especialista mundial em sensores, a gama de produto\" \/>\n<meta property=\"og:url\" content=\"https:\/\/automotiverevista.pt\/index.php\/2025\/11\/10\/niterra-destacou-gama-de-sensores-ntk\/\" \/>\n<meta property=\"og:site_name\" content=\"Revista Automotive\" \/>\n<meta property=\"article:published_time\" content=\"2025-11-10T11:44:00+00:00\" \/>\n<meta property=\"og:image\" content=\"https:\/\/automotiverevista.pt\/wp-content\/uploads\/2025\/11\/e-16.jpg\" \/>\n\t<meta property=\"og:image:width\" content=\"1500\" \/>\n\t<meta property=\"og:image:height\" content=\"1000\" \/>\n\t<meta property=\"og:image:type\" content=\"image\/jpeg\" \/>\n<meta name=\"author\" content=\"Fatima Silva\" \/>\n<meta name=\"twitter:card\" content=\"summary_large_image\" \/>\n<meta name=\"twitter:label1\" content=\"Escrito por\" \/>\n\t<meta name=\"twitter:data1\" content=\"Fatima Silva\" \/>\n\t<meta name=\"twitter:label2\" content=\"Tempo estimado de leitura\" \/>\n\t<meta name=\"twitter:data2\" content=\"2 minutos\" \/>\n<script type=\"application\/ld+json\" class=\"yoast-schema-graph\">{\"@context\":\"https:\\\/\\\/schema.org\",\"@graph\":[{\"@type\":\"Article\",\"@id\":\"https:\\\/\\\/automotiverevista.pt\\\/index.php\\\/2025\\\/11\\\/10\\\/niterra-destacou-gama-de-sensores-ntk\\\/#article\",\"isPartOf\":{\"@id\":\"https:\\\/\\\/automotiverevista.pt\\\/index.php\\\/2025\\\/11\\\/10\\\/niterra-destacou-gama-de-sensores-ntk\\\/\"},\"author\":{\"name\":\"Fatima Silva\",\"@id\":\"https:\\\/\\\/automotiverevista.pt\\\/#\\\/schema\\\/person\\\/1e95eb12553b8edd256acb00fe6dad4b\"},\"headline\":\"Niterra destacou gama de sensores NTK\",\"datePublished\":\"2025-11-10T11:44:00+00:00\",\"mainEntityOfPage\":{\"@id\":\"https:\\\/\\\/automotiverevista.pt\\\/index.php\\\/2025\\\/11\\\/10\\\/niterra-destacou-gama-de-sensores-ntk\\\/\"},\"wordCount\":234,\"publisher\":{\"@id\":\"https:\\\/\\\/automotiverevista.pt\\\/#organization\"},\"image\":{\"@id\":\"https:\\\/\\\/automotiverevista.pt\\\/index.php\\\/2025\\\/11\\\/10\\\/niterra-destacou-gama-de-sensores-ntk\\\/#primaryimage\"},\"thumbnailUrl\":\"https:\\\/\\\/automotiverevista.pt\\\/wp-content\\\/uploads\\\/2025\\\/11\\\/e-16.jpg\",\"articleSection\":[\"P\u00f3s-Venda\"],\"inLanguage\":\"pt-PT\"},{\"@type\":\"WebPage\",\"@id\":\"https:\\\/\\\/automotiverevista.pt\\\/index.php\\\/2025\\\/11\\\/10\\\/niterra-destacou-gama-de-sensores-ntk\\\/\",\"url\":\"https:\\\/\\\/automotiverevista.pt\\\/index.php\\\/2025\\\/11\\\/10\\\/niterra-destacou-gama-de-sensores-ntk\\\/\",\"name\":\"Niterra destacou gama de sensores NTK - Revista Automotive\",\"isPartOf\":{\"@id\":\"https:\\\/\\\/automotiverevista.pt\\\/#website\"},\"primaryImageOfPage\":{\"@id\":\"https:\\\/\\\/automotiverevista.pt\\\/index.php\\\/2025\\\/11\\\/10\\\/niterra-destacou-gama-de-sensores-ntk\\\/#primaryimage\"},\"image\":{\"@id\":\"https:\\\/\\\/automotiverevista.pt\\\/index.php\\\/2025\\\/11\\\/10\\\/niterra-destacou-gama-de-sensores-ntk\\\/#primaryimage\"},\"thumbnailUrl\":\"https:\\\/\\\/automotiverevista.pt\\\/wp-content\\\/uploads\\\/2025\\\/11\\\/e-16.jpg\",\"datePublished\":\"2025-11-10T11:44:00+00:00\",\"description\":\"Na 50\u00aa edi\u00e7\u00e3o do sal\u00e3o Equip Auto a Niterra enfatizou a sua gama de produtos da marca NTK. Especialista mundial em sensores, a gama de produto\",\"breadcrumb\":{\"@id\":\"https:\\\/\\\/automotiverevista.pt\\\/index.php\\\/2025\\\/11\\\/10\\\/niterra-destacou-gama-de-sensores-ntk\\\/#breadcrumb\"},\"inLanguage\":\"pt-PT\",\"potentialAction\":[{\"@type\":\"ReadAction\",\"target\":[\"https:\\\/\\\/automotiverevista.pt\\\/index.php\\\/2025\\\/11\\\/10\\\/niterra-destacou-gama-de-sensores-ntk\\\/\"]}]},{\"@type\":\"ImageObject\",\"inLanguage\":\"pt-PT\",\"@id\":\"https:\\\/\\\/automotiverevista.pt\\\/index.php\\\/2025\\\/11\\\/10\\\/niterra-destacou-gama-de-sensores-ntk\\\/#primaryimage\",\"url\":\"https:\\\/\\\/automotiverevista.pt\\\/wp-content\\\/uploads\\\/2025\\\/11\\\/e-16.jpg\",\"contentUrl\":\"https:\\\/\\\/automotiverevista.pt\\\/wp-content\\\/uploads\\\/2025\\\/11\\\/e-16.jpg\",\"width\":1500,\"height\":1000},{\"@type\":\"BreadcrumbList\",\"@id\":\"https:\\\/\\\/automotiverevista.pt\\\/index.php\\\/2025\\\/11\\\/10\\\/niterra-destacou-gama-de-sensores-ntk\\\/#breadcrumb\",\"itemListElement\":[{\"@type\":\"ListItem\",\"position\":1,\"name\":\"Home\",\"item\":\"https:\\\/\\\/automotiverevista.pt\\\/\"},{\"@type\":\"ListItem\",\"position\":2,\"name\":\"Niterra destacou gama de sensores NTK\"}]},{\"@type\":\"WebSite\",\"@id\":\"https:\\\/\\\/automotiverevista.pt\\\/#website\",\"url\":\"https:\\\/\\\/automotiverevista.pt\\\/\",\"name\":\"Revista Automotive\",\"description\":\"Revista Automotive Portugal\",\"publisher\":{\"@id\":\"https:\\\/\\\/automotiverevista.pt\\\/#organization\"},\"potentialAction\":[{\"@type\":\"SearchAction\",\"target\":{\"@type\":\"EntryPoint\",\"urlTemplate\":\"https:\\\/\\\/automotiverevista.pt\\\/?s={search_term_string}\"},\"query-input\":{\"@type\":\"PropertyValueSpecification\",\"valueRequired\":true,\"valueName\":\"search_term_string\"}}],\"inLanguage\":\"pt-PT\"},{\"@type\":\"Organization\",\"@id\":\"https:\\\/\\\/automotiverevista.pt\\\/#organization\",\"name\":\"Revista Automotive Portugal\",\"url\":\"https:\\\/\\\/automotiverevista.pt\\\/\",\"logo\":{\"@type\":\"ImageObject\",\"inLanguage\":\"pt-PT\",\"@id\":\"https:\\\/\\\/automotiverevista.pt\\\/#\\\/schema\\\/logo\\\/image\\\/\",\"url\":\"https:\\\/\\\/automotiverevista.pt\\\/wp-content\\\/uploads\\\/2022\\\/07\\\/Logo-Automotive-2021_500-1.jpg\",\"contentUrl\":\"https:\\\/\\\/automotiverevista.pt\\\/wp-content\\\/uploads\\\/2022\\\/07\\\/Logo-Automotive-2021_500-1.jpg\",\"width\":500,\"height\":160,\"caption\":\"Revista Automotive Portugal\"},\"image\":{\"@id\":\"https:\\\/\\\/automotiverevista.pt\\\/#\\\/schema\\\/logo\\\/image\\\/\"},\"sameAs\":[\"https:\\\/\\\/linkedin.com\\\/in\\\/automotiverevista\"]},{\"@type\":\"Person\",\"@id\":\"https:\\\/\\\/automotiverevista.pt\\\/#\\\/schema\\\/person\\\/1e95eb12553b8edd256acb00fe6dad4b\",\"name\":\"Fatima Silva\",\"image\":{\"@type\":\"ImageObject\",\"inLanguage\":\"pt-PT\",\"@id\":\"https:\\\/\\\/secure.gravatar.com\\\/avatar\\\/4b4a955a9c1b66708ab0dd3bd6181ac1f650299d893bd337a28482f7f19c8511?s=96&d=mm&r=g\",\"url\":\"https:\\\/\\\/secure.gravatar.com\\\/avatar\\\/4b4a955a9c1b66708ab0dd3bd6181ac1f650299d893bd337a28482f7f19c8511?s=96&d=mm&r=g\",\"contentUrl\":\"https:\\\/\\\/secure.gravatar.com\\\/avatar\\\/4b4a955a9c1b66708ab0dd3bd6181ac1f650299d893bd337a28482f7f19c8511?s=96&d=mm&r=g\",\"caption\":\"Fatima Silva\"},\"url\":\"https:\\\/\\\/automotiverevista.pt\\\/index.php\\\/author\\\/fgasparsilva\\\/\"}]}<\/script>\n<!-- \/ Yoast SEO Premium plugin. -->","yoast_head_json":{"title":"Niterra destacou gama de sensores NTK - Revista Automotive","description":"Na 50\u00aa edi\u00e7\u00e3o do sal\u00e3o Equip Auto a Niterra enfatizou a sua gama de produtos da marca NTK. Especialista mundial em sensores, a gama de produto","robots":{"index":"index","follow":"follow","max-snippet":"max-snippet:-1","max-image-preview":"max-image-preview:large","max-video-preview":"max-video-preview:-1"},"canonical":"https:\/\/automotiverevista.pt\/index.php\/2025\/11\/10\/niterra-destacou-gama-de-sensores-ntk\/","og_locale":"pt_PT","og_type":"article","og_title":"Niterra destacou gama de sensores NTK","og_description":"Na 50\u00aa edi\u00e7\u00e3o do sal\u00e3o Equip Auto a Niterra enfatizou a sua gama de produtos da marca NTK. Especialista mundial em sensores, a gama de produto","og_url":"https:\/\/automotiverevista.pt\/index.php\/2025\/11\/10\/niterra-destacou-gama-de-sensores-ntk\/","og_site_name":"Revista Automotive","article_published_time":"2025-11-10T11:44:00+00:00","og_image":[{"width":1500,"height":1000,"url":"https:\/\/automotiverevista.pt\/wp-content\/uploads\/2025\/11\/e-16.jpg","type":"image\/jpeg"}],"author":"Fatima Silva","twitter_card":"summary_large_image","twitter_misc":{"Escrito por":"Fatima Silva","Tempo estimado de leitura":"2 minutos"},"schema":{"@context":"https:\/\/schema.org","@graph":[{"@type":"Article","@id":"https:\/\/automotiverevista.pt\/index.php\/2025\/11\/10\/niterra-destacou-gama-de-sensores-ntk\/#article","isPartOf":{"@id":"https:\/\/automotiverevista.pt\/index.php\/2025\/11\/10\/niterra-destacou-gama-de-sensores-ntk\/"},"author":{"name":"Fatima Silva","@id":"https:\/\/automotiverevista.pt\/#\/schema\/person\/1e95eb12553b8edd256acb00fe6dad4b"},"headline":"Niterra destacou gama de sensores NTK","datePublished":"2025-11-10T11:44:00+00:00","mainEntityOfPage":{"@id":"https:\/\/automotiverevista.pt\/index.php\/2025\/11\/10\/niterra-destacou-gama-de-sensores-ntk\/"},"wordCount":234,"publisher":{"@id":"https:\/\/automotiverevista.pt\/#organization"},"image":{"@id":"https:\/\/automotiverevista.pt\/index.php\/2025\/11\/10\/niterra-destacou-gama-de-sensores-ntk\/#primaryimage"},"thumbnailUrl":"https:\/\/automotiverevista.pt\/wp-content\/uploads\/2025\/11\/e-16.jpg","articleSection":["P\u00f3s-Venda"],"inLanguage":"pt-PT"},{"@type":"WebPage","@id":"https:\/\/automotiverevista.pt\/index.php\/2025\/11\/10\/niterra-destacou-gama-de-sensores-ntk\/","url":"https:\/\/automotiverevista.pt\/index.php\/2025\/11\/10\/niterra-destacou-gama-de-sensores-ntk\/","name":"Niterra destacou gama de sensores NTK - Revista Automotive","isPartOf":{"@id":"https:\/\/automotiverevista.pt\/#website"},"primaryImageOfPage":{"@id":"https:\/\/automotiverevista.pt\/index.php\/2025\/11\/10\/niterra-destacou-gama-de-sensores-ntk\/#primaryimage"},"image":{"@id":"https:\/\/automotiverevista.pt\/index.php\/2025\/11\/10\/niterra-destacou-gama-de-sensores-ntk\/#primaryimage"},"thumbnailUrl":"https:\/\/automotiverevista.pt\/wp-content\/uploads\/2025\/11\/e-16.jpg","datePublished":"2025-11-10T11:44:00+00:00","description":"Na 50\u00aa edi\u00e7\u00e3o do sal\u00e3o Equip Auto a Niterra enfatizou a sua gama de produtos da marca NTK. Especialista mundial em sensores, a gama de produto","breadcrumb":{"@id":"https:\/\/automotiverevista.pt\/index.php\/2025\/11\/10\/niterra-destacou-gama-de-sensores-ntk\/#breadcrumb"},"inLanguage":"pt-PT","potentialAction":[{"@type":"ReadAction","target":["https:\/\/automotiverevista.pt\/index.php\/2025\/11\/10\/niterra-destacou-gama-de-sensores-ntk\/"]}]},{"@type":"ImageObject","inLanguage":"pt-PT","@id":"https:\/\/automotiverevista.pt\/index.php\/2025\/11\/10\/niterra-destacou-gama-de-sensores-ntk\/#primaryimage","url":"https:\/\/automotiverevista.pt\/wp-content\/uploads\/2025\/11\/e-16.jpg","contentUrl":"https:\/\/automotiverevista.pt\/wp-content\/uploads\/2025\/11\/e-16.jpg","width":1500,"height":1000},{"@type":"BreadcrumbList","@id":"https:\/\/automotiverevista.pt\/index.php\/2025\/11\/10\/niterra-destacou-gama-de-sensores-ntk\/#breadcrumb","itemListElement":[{"@type":"ListItem","position":1,"name":"Home","item":"https:\/\/automotiverevista.pt\/"},{"@type":"ListItem","position":2,"name":"Niterra destacou gama de sensores NTK"}]},{"@type":"WebSite","@id":"https:\/\/automotiverevista.pt\/#website","url":"https:\/\/automotiverevista.pt\/","name":"Revista Automotive","description":"Revista Automotive Portugal","publisher":{"@id":"https:\/\/automotiverevista.pt\/#organization"},"potentialAction":[{"@type":"SearchAction","target":{"@type":"EntryPoint","urlTemplate":"https:\/\/automotiverevista.pt\/?s={search_term_string}"},"query-input":{"@type":"PropertyValueSpecification","valueRequired":true,"valueName":"search_term_string"}}],"inLanguage":"pt-PT"},{"@type":"Organization","@id":"https:\/\/automotiverevista.pt\/#organization","name":"Revista Automotive Portugal","url":"https:\/\/automotiverevista.pt\/","logo":{"@type":"ImageObject","inLanguage":"pt-PT","@id":"https:\/\/automotiverevista.pt\/#\/schema\/logo\/image\/","url":"https:\/\/automotiverevista.pt\/wp-content\/uploads\/2022\/07\/Logo-Automotive-2021_500-1.jpg","contentUrl":"https:\/\/automotiverevista.pt\/wp-content\/uploads\/2022\/07\/Logo-Automotive-2021_500-1.jpg","width":500,"height":160,"caption":"Revista Automotive Portugal"},"image":{"@id":"https:\/\/automotiverevista.pt\/#\/schema\/logo\/image\/"},"sameAs":["https:\/\/linkedin.com\/in\/automotiverevista"]},{"@type":"Person","@id":"https:\/\/automotiverevista.pt\/#\/schema\/person\/1e95eb12553b8edd256acb00fe6dad4b","name":"Fatima Silva","image":{"@type":"ImageObject","inLanguage":"pt-PT","@id":"https:\/\/secure.gravatar.com\/avatar\/4b4a955a9c1b66708ab0dd3bd6181ac1f650299d893bd337a28482f7f19c8511?s=96&d=mm&r=g","url":"https:\/\/secure.gravatar.com\/avatar\/4b4a955a9c1b66708ab0dd3bd6181ac1f650299d893bd337a28482f7f19c8511?s=96&d=mm&r=g","contentUrl":"https:\/\/secure.gravatar.com\/avatar\/4b4a955a9c1b66708ab0dd3bd6181ac1f650299d893bd337a28482f7f19c8511?s=96&d=mm&r=g","caption":"Fatima Silva"},"url":"https:\/\/automotiverevista.pt\/index.php\/author\/fgasparsilva\/"}]}},"_links":{"self":[{"href":"https:\/\/automotiverevista.pt\/index.php\/wp-json\/wp\/v2\/posts\/11513","targetHints":{"allow":["GET"]}}],"collection":[{"href":"https:\/\/automotiverevista.pt\/index.php\/wp-json\/wp\/v2\/posts"}],"about":[{"href":"https:\/\/automotiverevista.pt\/index.php\/wp-json\/wp\/v2\/types\/post"}],"author":[{"embeddable":true,"href":"https:\/\/automotiverevista.pt\/index.php\/wp-json\/wp\/v2\/users\/4"}],"replies":[{"embeddable":true,"href":"https:\/\/automotiverevista.pt\/index.php\/wp-json\/wp\/v2\/comments?post=11513"}],"version-history":[{"count":1,"href":"https:\/\/automotiverevista.pt\/index.php\/wp-json\/wp\/v2\/posts\/11513\/revisions"}],"predecessor-version":[{"id":11518,"href":"https:\/\/automotiverevista.pt\/index.php\/wp-json\/wp\/v2\/posts\/11513\/revisions\/11518"}],"wp:featuredmedia":[{"embeddable":true,"href":"https:\/\/automotiverevista.pt\/index.php\/wp-json\/wp\/v2\/media\/11514"}],"wp:attachment":[{"href":"https:\/\/automotiverevista.pt\/index.php\/wp-json\/wp\/v2\/media?parent=11513"}],"wp:term":[{"taxonomy":"category","embeddable":true,"href":"https:\/\/automotiverevista.pt\/index.php\/wp-json\/wp\/v2\/categories?post=11513"},{"taxonomy":"post_tag","embeddable":true,"href":"https:\/\/automotiverevista.pt\/index.php\/wp-json\/wp\/v2\/tags?post=11513"}],"curies":[{"name":"wp","href":"https:\/\/api.w.org\/{rel}","templated":true}]}}