{"id":11556,"date":"2025-11-20T13:49:00","date_gmt":"2025-11-20T13:49:00","guid":{"rendered":"https:\/\/automotiverevista.pt\/?p=11556"},"modified":"2025-11-09T18:51:46","modified_gmt":"2025-11-09T18:51:46","slug":"kogel-humbaur-e-man-juntas-no-setor-da-construcao-civil","status":"publish","type":"post","link":"https:\/\/automotiverevista.pt\/index.php\/2025\/11\/20\/kogel-humbaur-e-man-juntas-no-setor-da-construcao-civil\/","title":{"rendered":"K\u00f6gel, Humbaur e MAN juntas no setor da constru\u00e7\u00e3o civil"},"content":{"rendered":"\n<p>Cerca de 200 participantes de mais de 60 empresas do sector da constru\u00e7\u00e3o civil e obras p\u00fablicas reuniram-se numa pedreira de agregados em Gersthofen, perto de Augsburgo (Alemanha), para conduzir e testar ve\u00edculos da MAN em condi\u00e7\u00f5es reais, equipados com semirreboques, K\u00f6gel e carro\u00e7arias da Humbaur.<\/p>\n\n\n<div class=\"wp-block-image\">\n<figure class=\"aligncenter size-full\"><img decoding=\"async\" width=\"919\" height=\"471\" src=\"https:\/\/automotiverevista.pt\/wp-content\/uploads\/2025\/11\/image-10.png\" alt=\"\" class=\"wp-image-11558\" srcset=\"https:\/\/automotiverevista.pt\/wp-content\/uploads\/2025\/11\/image-10.png 919w, https:\/\/automotiverevista.pt\/wp-content\/uploads\/2025\/11\/image-10-300x154.png 300w, https:\/\/automotiverevista.pt\/wp-content\/uploads\/2025\/11\/image-10-768x394.png 768w, https:\/\/automotiverevista.pt\/wp-content\/uploads\/2025\/11\/image-10-750x384.png 750w\" sizes=\"(max-width: 919px) 100vw, 919px\" \/><\/figure>\n<\/div>\n\n\n<p>Os participantes viveram um dia diferente de test-drives e discuss\u00f5es t\u00e9cnicas com os especialistas dos organizadores. V\u00e1rias combina\u00e7\u00f5es de ve\u00edculos estavam dispon\u00edveis para testes com o objetivo de real\u00e7ar as solu\u00e7\u00f5es de constru\u00e7\u00e3o e transporte destas empresas alem\u00e3s.<\/p>\n\n\n\n<p>Apesar de ser mais conhecida pelos semirreboques de lona e isot\u00e9rmicos, a K\u00f6gel pretende aumentar a sua express\u00e3o no segmento da constru\u00e7\u00e3o, atrav\u00e9s de uma expans\u00e3o da sua clientela na Europa.<\/p>\n\n\n<div class=\"wp-block-image\">\n<figure class=\"aligncenter size-large is-resized\"><img decoding=\"async\" width=\"1024\" height=\"1024\" src=\"https:\/\/automotiverevista.pt\/wp-content\/uploads\/2025\/11\/arg-1024x1024.jpg\" alt=\"\" class=\"wp-image-11559\" style=\"width:719px;height:auto\" srcset=\"https:\/\/automotiverevista.pt\/wp-content\/uploads\/2025\/11\/arg-1024x1024.jpg 1024w, https:\/\/automotiverevista.pt\/wp-content\/uploads\/2025\/11\/arg-300x300.jpg 300w, https:\/\/automotiverevista.pt\/wp-content\/uploads\/2025\/11\/arg-150x150.jpg 150w, https:\/\/automotiverevista.pt\/wp-content\/uploads\/2025\/11\/arg-768x768.jpg 768w, https:\/\/automotiverevista.pt\/wp-content\/uploads\/2025\/11\/arg-75x75.jpg 75w, https:\/\/automotiverevista.pt\/wp-content\/uploads\/2025\/11\/arg-350x350.jpg 350w, https:\/\/automotiverevista.pt\/wp-content\/uploads\/2025\/11\/arg-750x750.jpg 750w, https:\/\/automotiverevista.pt\/wp-content\/uploads\/2025\/11\/arg.jpg 1125w\" sizes=\"(max-width: 1024px) 100vw, 1024px\" \/><\/figure>\n<\/div>","protected":false},"excerpt":{"rendered":"<p>Cerca de 200 participantes de mais de 60 empresas do sector da constru\u00e7\u00e3o civil e obras p\u00fablicas reuniram-se numa pedreira de agregados em Gersthofen, perto de Augsburgo (Alemanha), para conduzir e testar ve\u00edculos da MAN em condi\u00e7\u00f5es reais, equipados com semirreboques, K\u00f6gel e carro\u00e7arias da Humbaur. Os participantes viveram um dia diferente de test-drives e [&hellip;]<\/p>\n","protected":false},"author":4,"featured_media":11557,"comment_status":"closed","ping_status":"open","sticky":false,"template":"","format":"standard","meta":{"jnews-multi-image_gallery":[],"jnews_single_post":{"format":"standard"},"jnews_primary_category":[],"footnotes":""},"categories":[25],"tags":[],"class_list":["post-11556","post","type-post","status-publish","format-standard","has-post-thumbnail","hentry","category-pesados-e-maquinas"],"yoast_head":"<!-- This site is optimized with the Yoast SEO Premium plugin v27.2 (Yoast SEO v27.5) - https:\/\/yoast.com\/product\/yoast-seo-premium-wordpress\/ -->\n<title>K\u00f6gel, Humbaur e MAN juntas no setor da constru\u00e7\u00e3o civil - Revista Automotive<\/title>\n<meta name=\"description\" content=\"Cerca de 200 participantes de mais de 60 empresas do sector da constru\u00e7\u00e3o civil e obras p\u00fablicas reuniram-se numa pedreira de agregados em\" \/>\n<meta name=\"robots\" content=\"index, follow, max-snippet:-1, max-image-preview:large, max-video-preview:-1\" \/>\n<link rel=\"canonical\" href=\"https:\/\/automotiverevista.pt\/index.php\/2025\/11\/20\/kogel-humbaur-e-man-juntas-no-setor-da-construcao-civil\/\" \/>\n<meta property=\"og:locale\" content=\"pt_PT\" \/>\n<meta property=\"og:type\" content=\"article\" \/>\n<meta property=\"og:title\" content=\"K\u00f6gel, Humbaur e MAN juntas no setor da constru\u00e7\u00e3o civil\" \/>\n<meta property=\"og:description\" content=\"Cerca de 200 participantes de mais de 60 empresas do sector da constru\u00e7\u00e3o civil e obras p\u00fablicas reuniram-se numa pedreira de agregados em\" \/>\n<meta property=\"og:url\" content=\"https:\/\/automotiverevista.pt\/index.php\/2025\/11\/20\/kogel-humbaur-e-man-juntas-no-setor-da-construcao-civil\/\" \/>\n<meta property=\"og:site_name\" content=\"Revista Automotive\" \/>\n<meta property=\"article:published_time\" content=\"2025-11-20T13:49:00+00:00\" \/>\n<meta property=\"og:image\" content=\"https:\/\/automotiverevista.pt\/wp-content\/uploads\/2025\/11\/sethstrh.jpg\" \/>\n\t<meta property=\"og:image:width\" content=\"1125\" \/>\n\t<meta property=\"og:image:height\" content=\"1125\" \/>\n\t<meta property=\"og:image:type\" content=\"image\/jpeg\" \/>\n<meta name=\"author\" content=\"Fatima Silva\" \/>\n<meta name=\"twitter:card\" content=\"summary_large_image\" \/>\n<meta name=\"twitter:label1\" content=\"Escrito por\" \/>\n\t<meta name=\"twitter:data1\" content=\"Fatima Silva\" \/>\n\t<meta name=\"twitter:label2\" content=\"Tempo estimado de leitura\" \/>\n\t<meta name=\"twitter:data2\" content=\"2 minutos\" \/>\n<script type=\"application\/ld+json\" class=\"yoast-schema-graph\">{\"@context\":\"https:\\\/\\\/schema.org\",\"@graph\":[{\"@type\":\"Article\",\"@id\":\"https:\\\/\\\/automotiverevista.pt\\\/index.php\\\/2025\\\/11\\\/20\\\/kogel-humbaur-e-man-juntas-no-setor-da-construcao-civil\\\/#article\",\"isPartOf\":{\"@id\":\"https:\\\/\\\/automotiverevista.pt\\\/index.php\\\/2025\\\/11\\\/20\\\/kogel-humbaur-e-man-juntas-no-setor-da-construcao-civil\\\/\"},\"author\":{\"name\":\"Fatima Silva\",\"@id\":\"https:\\\/\\\/automotiverevista.pt\\\/#\\\/schema\\\/person\\\/1e95eb12553b8edd256acb00fe6dad4b\"},\"headline\":\"K\u00f6gel, Humbaur e MAN juntas no setor da constru\u00e7\u00e3o civil\",\"datePublished\":\"2025-11-20T13:49:00+00:00\",\"mainEntityOfPage\":{\"@id\":\"https:\\\/\\\/automotiverevista.pt\\\/index.php\\\/2025\\\/11\\\/20\\\/kogel-humbaur-e-man-juntas-no-setor-da-construcao-civil\\\/\"},\"wordCount\":147,\"publisher\":{\"@id\":\"https:\\\/\\\/automotiverevista.pt\\\/#organization\"},\"image\":{\"@id\":\"https:\\\/\\\/automotiverevista.pt\\\/index.php\\\/2025\\\/11\\\/20\\\/kogel-humbaur-e-man-juntas-no-setor-da-construcao-civil\\\/#primaryimage\"},\"thumbnailUrl\":\"https:\\\/\\\/automotiverevista.pt\\\/wp-content\\\/uploads\\\/2025\\\/11\\\/sethstrh.jpg\",\"articleSection\":[\"Pesados e M\u00e1quinas\"],\"inLanguage\":\"pt-PT\"},{\"@type\":\"WebPage\",\"@id\":\"https:\\\/\\\/automotiverevista.pt\\\/index.php\\\/2025\\\/11\\\/20\\\/kogel-humbaur-e-man-juntas-no-setor-da-construcao-civil\\\/\",\"url\":\"https:\\\/\\\/automotiverevista.pt\\\/index.php\\\/2025\\\/11\\\/20\\\/kogel-humbaur-e-man-juntas-no-setor-da-construcao-civil\\\/\",\"name\":\"K\u00f6gel, Humbaur e MAN juntas no setor da constru\u00e7\u00e3o civil - Revista Automotive\",\"isPartOf\":{\"@id\":\"https:\\\/\\\/automotiverevista.pt\\\/#website\"},\"primaryImageOfPage\":{\"@id\":\"https:\\\/\\\/automotiverevista.pt\\\/index.php\\\/2025\\\/11\\\/20\\\/kogel-humbaur-e-man-juntas-no-setor-da-construcao-civil\\\/#primaryimage\"},\"image\":{\"@id\":\"https:\\\/\\\/automotiverevista.pt\\\/index.php\\\/2025\\\/11\\\/20\\\/kogel-humbaur-e-man-juntas-no-setor-da-construcao-civil\\\/#primaryimage\"},\"thumbnailUrl\":\"https:\\\/\\\/automotiverevista.pt\\\/wp-content\\\/uploads\\\/2025\\\/11\\\/sethstrh.jpg\",\"datePublished\":\"2025-11-20T13:49:00+00:00\",\"description\":\"Cerca de 200 participantes de mais de 60 empresas do sector da constru\u00e7\u00e3o civil e obras p\u00fablicas reuniram-se numa pedreira de agregados em\",\"breadcrumb\":{\"@id\":\"https:\\\/\\\/automotiverevista.pt\\\/index.php\\\/2025\\\/11\\\/20\\\/kogel-humbaur-e-man-juntas-no-setor-da-construcao-civil\\\/#breadcrumb\"},\"inLanguage\":\"pt-PT\",\"potentialAction\":[{\"@type\":\"ReadAction\",\"target\":[\"https:\\\/\\\/automotiverevista.pt\\\/index.php\\\/2025\\\/11\\\/20\\\/kogel-humbaur-e-man-juntas-no-setor-da-construcao-civil\\\/\"]}]},{\"@type\":\"ImageObject\",\"inLanguage\":\"pt-PT\",\"@id\":\"https:\\\/\\\/automotiverevista.pt\\\/index.php\\\/2025\\\/11\\\/20\\\/kogel-humbaur-e-man-juntas-no-setor-da-construcao-civil\\\/#primaryimage\",\"url\":\"https:\\\/\\\/automotiverevista.pt\\\/wp-content\\\/uploads\\\/2025\\\/11\\\/sethstrh.jpg\",\"contentUrl\":\"https:\\\/\\\/automotiverevista.pt\\\/wp-content\\\/uploads\\\/2025\\\/11\\\/sethstrh.jpg\",\"width\":1125,\"height\":1125},{\"@type\":\"BreadcrumbList\",\"@id\":\"https:\\\/\\\/automotiverevista.pt\\\/index.php\\\/2025\\\/11\\\/20\\\/kogel-humbaur-e-man-juntas-no-setor-da-construcao-civil\\\/#breadcrumb\",\"itemListElement\":[{\"@type\":\"ListItem\",\"position\":1,\"name\":\"Home\",\"item\":\"https:\\\/\\\/automotiverevista.pt\\\/\"},{\"@type\":\"ListItem\",\"position\":2,\"name\":\"K\u00f6gel, Humbaur e MAN juntas no setor da constru\u00e7\u00e3o civil\"}]},{\"@type\":\"WebSite\",\"@id\":\"https:\\\/\\\/automotiverevista.pt\\\/#website\",\"url\":\"https:\\\/\\\/automotiverevista.pt\\\/\",\"name\":\"Revista Automotive\",\"description\":\"Revista Automotive Portugal\",\"publisher\":{\"@id\":\"https:\\\/\\\/automotiverevista.pt\\\/#organization\"},\"potentialAction\":[{\"@type\":\"SearchAction\",\"target\":{\"@type\":\"EntryPoint\",\"urlTemplate\":\"https:\\\/\\\/automotiverevista.pt\\\/?s={search_term_string}\"},\"query-input\":{\"@type\":\"PropertyValueSpecification\",\"valueRequired\":true,\"valueName\":\"search_term_string\"}}],\"inLanguage\":\"pt-PT\"},{\"@type\":\"Organization\",\"@id\":\"https:\\\/\\\/automotiverevista.pt\\\/#organization\",\"name\":\"Revista Automotive Portugal\",\"url\":\"https:\\\/\\\/automotiverevista.pt\\\/\",\"logo\":{\"@type\":\"ImageObject\",\"inLanguage\":\"pt-PT\",\"@id\":\"https:\\\/\\\/automotiverevista.pt\\\/#\\\/schema\\\/logo\\\/image\\\/\",\"url\":\"https:\\\/\\\/automotiverevista.pt\\\/wp-content\\\/uploads\\\/2022\\\/07\\\/Logo-Automotive-2021_500-1.jpg\",\"contentUrl\":\"https:\\\/\\\/automotiverevista.pt\\\/wp-content\\\/uploads\\\/2022\\\/07\\\/Logo-Automotive-2021_500-1.jpg\",\"width\":500,\"height\":160,\"caption\":\"Revista Automotive Portugal\"},\"image\":{\"@id\":\"https:\\\/\\\/automotiverevista.pt\\\/#\\\/schema\\\/logo\\\/image\\\/\"},\"sameAs\":[\"https:\\\/\\\/linkedin.com\\\/in\\\/automotiverevista\"]},{\"@type\":\"Person\",\"@id\":\"https:\\\/\\\/automotiverevista.pt\\\/#\\\/schema\\\/person\\\/1e95eb12553b8edd256acb00fe6dad4b\",\"name\":\"Fatima Silva\",\"image\":{\"@type\":\"ImageObject\",\"inLanguage\":\"pt-PT\",\"@id\":\"https:\\\/\\\/secure.gravatar.com\\\/avatar\\\/4b4a955a9c1b66708ab0dd3bd6181ac1f650299d893bd337a28482f7f19c8511?s=96&d=mm&r=g\",\"url\":\"https:\\\/\\\/secure.gravatar.com\\\/avatar\\\/4b4a955a9c1b66708ab0dd3bd6181ac1f650299d893bd337a28482f7f19c8511?s=96&d=mm&r=g\",\"contentUrl\":\"https:\\\/\\\/secure.gravatar.com\\\/avatar\\\/4b4a955a9c1b66708ab0dd3bd6181ac1f650299d893bd337a28482f7f19c8511?s=96&d=mm&r=g\",\"caption\":\"Fatima Silva\"},\"url\":\"https:\\\/\\\/automotiverevista.pt\\\/index.php\\\/author\\\/fgasparsilva\\\/\"}]}<\/script>\n<!-- \/ Yoast SEO Premium plugin. -->","yoast_head_json":{"title":"K\u00f6gel, Humbaur e MAN juntas no setor da constru\u00e7\u00e3o civil - Revista Automotive","description":"Cerca de 200 participantes de mais de 60 empresas do sector da constru\u00e7\u00e3o civil e obras p\u00fablicas reuniram-se numa pedreira de agregados em","robots":{"index":"index","follow":"follow","max-snippet":"max-snippet:-1","max-image-preview":"max-image-preview:large","max-video-preview":"max-video-preview:-1"},"canonical":"https:\/\/automotiverevista.pt\/index.php\/2025\/11\/20\/kogel-humbaur-e-man-juntas-no-setor-da-construcao-civil\/","og_locale":"pt_PT","og_type":"article","og_title":"K\u00f6gel, Humbaur e MAN juntas no setor da constru\u00e7\u00e3o civil","og_description":"Cerca de 200 participantes de mais de 60 empresas do sector da constru\u00e7\u00e3o civil e obras p\u00fablicas reuniram-se numa pedreira de agregados em","og_url":"https:\/\/automotiverevista.pt\/index.php\/2025\/11\/20\/kogel-humbaur-e-man-juntas-no-setor-da-construcao-civil\/","og_site_name":"Revista Automotive","article_published_time":"2025-11-20T13:49:00+00:00","og_image":[{"width":1125,"height":1125,"url":"https:\/\/automotiverevista.pt\/wp-content\/uploads\/2025\/11\/sethstrh.jpg","type":"image\/jpeg"}],"author":"Fatima Silva","twitter_card":"summary_large_image","twitter_misc":{"Escrito por":"Fatima Silva","Tempo estimado de leitura":"2 minutos"},"schema":{"@context":"https:\/\/schema.org","@graph":[{"@type":"Article","@id":"https:\/\/automotiverevista.pt\/index.php\/2025\/11\/20\/kogel-humbaur-e-man-juntas-no-setor-da-construcao-civil\/#article","isPartOf":{"@id":"https:\/\/automotiverevista.pt\/index.php\/2025\/11\/20\/kogel-humbaur-e-man-juntas-no-setor-da-construcao-civil\/"},"author":{"name":"Fatima Silva","@id":"https:\/\/automotiverevista.pt\/#\/schema\/person\/1e95eb12553b8edd256acb00fe6dad4b"},"headline":"K\u00f6gel, Humbaur e MAN juntas no setor da constru\u00e7\u00e3o civil","datePublished":"2025-11-20T13:49:00+00:00","mainEntityOfPage":{"@id":"https:\/\/automotiverevista.pt\/index.php\/2025\/11\/20\/kogel-humbaur-e-man-juntas-no-setor-da-construcao-civil\/"},"wordCount":147,"publisher":{"@id":"https:\/\/automotiverevista.pt\/#organization"},"image":{"@id":"https:\/\/automotiverevista.pt\/index.php\/2025\/11\/20\/kogel-humbaur-e-man-juntas-no-setor-da-construcao-civil\/#primaryimage"},"thumbnailUrl":"https:\/\/automotiverevista.pt\/wp-content\/uploads\/2025\/11\/sethstrh.jpg","articleSection":["Pesados e M\u00e1quinas"],"inLanguage":"pt-PT"},{"@type":"WebPage","@id":"https:\/\/automotiverevista.pt\/index.php\/2025\/11\/20\/kogel-humbaur-e-man-juntas-no-setor-da-construcao-civil\/","url":"https:\/\/automotiverevista.pt\/index.php\/2025\/11\/20\/kogel-humbaur-e-man-juntas-no-setor-da-construcao-civil\/","name":"K\u00f6gel, Humbaur e MAN juntas no setor da constru\u00e7\u00e3o civil - Revista Automotive","isPartOf":{"@id":"https:\/\/automotiverevista.pt\/#website"},"primaryImageOfPage":{"@id":"https:\/\/automotiverevista.pt\/index.php\/2025\/11\/20\/kogel-humbaur-e-man-juntas-no-setor-da-construcao-civil\/#primaryimage"},"image":{"@id":"https:\/\/automotiverevista.pt\/index.php\/2025\/11\/20\/kogel-humbaur-e-man-juntas-no-setor-da-construcao-civil\/#primaryimage"},"thumbnailUrl":"https:\/\/automotiverevista.pt\/wp-content\/uploads\/2025\/11\/sethstrh.jpg","datePublished":"2025-11-20T13:49:00+00:00","description":"Cerca de 200 participantes de mais de 60 empresas do sector da constru\u00e7\u00e3o civil e obras p\u00fablicas reuniram-se numa pedreira de agregados em","breadcrumb":{"@id":"https:\/\/automotiverevista.pt\/index.php\/2025\/11\/20\/kogel-humbaur-e-man-juntas-no-setor-da-construcao-civil\/#breadcrumb"},"inLanguage":"pt-PT","potentialAction":[{"@type":"ReadAction","target":["https:\/\/automotiverevista.pt\/index.php\/2025\/11\/20\/kogel-humbaur-e-man-juntas-no-setor-da-construcao-civil\/"]}]},{"@type":"ImageObject","inLanguage":"pt-PT","@id":"https:\/\/automotiverevista.pt\/index.php\/2025\/11\/20\/kogel-humbaur-e-man-juntas-no-setor-da-construcao-civil\/#primaryimage","url":"https:\/\/automotiverevista.pt\/wp-content\/uploads\/2025\/11\/sethstrh.jpg","contentUrl":"https:\/\/automotiverevista.pt\/wp-content\/uploads\/2025\/11\/sethstrh.jpg","width":1125,"height":1125},{"@type":"BreadcrumbList","@id":"https:\/\/automotiverevista.pt\/index.php\/2025\/11\/20\/kogel-humbaur-e-man-juntas-no-setor-da-construcao-civil\/#breadcrumb","itemListElement":[{"@type":"ListItem","position":1,"name":"Home","item":"https:\/\/automotiverevista.pt\/"},{"@type":"ListItem","position":2,"name":"K\u00f6gel, Humbaur e MAN juntas no setor da constru\u00e7\u00e3o civil"}]},{"@type":"WebSite","@id":"https:\/\/automotiverevista.pt\/#website","url":"https:\/\/automotiverevista.pt\/","name":"Revista Automotive","description":"Revista Automotive Portugal","publisher":{"@id":"https:\/\/automotiverevista.pt\/#organization"},"potentialAction":[{"@type":"SearchAction","target":{"@type":"EntryPoint","urlTemplate":"https:\/\/automotiverevista.pt\/?s={search_term_string}"},"query-input":{"@type":"PropertyValueSpecification","valueRequired":true,"valueName":"search_term_string"}}],"inLanguage":"pt-PT"},{"@type":"Organization","@id":"https:\/\/automotiverevista.pt\/#organization","name":"Revista Automotive Portugal","url":"https:\/\/automotiverevista.pt\/","logo":{"@type":"ImageObject","inLanguage":"pt-PT","@id":"https:\/\/automotiverevista.pt\/#\/schema\/logo\/image\/","url":"https:\/\/automotiverevista.pt\/wp-content\/uploads\/2022\/07\/Logo-Automotive-2021_500-1.jpg","contentUrl":"https:\/\/automotiverevista.pt\/wp-content\/uploads\/2022\/07\/Logo-Automotive-2021_500-1.jpg","width":500,"height":160,"caption":"Revista Automotive Portugal"},"image":{"@id":"https:\/\/automotiverevista.pt\/#\/schema\/logo\/image\/"},"sameAs":["https:\/\/linkedin.com\/in\/automotiverevista"]},{"@type":"Person","@id":"https:\/\/automotiverevista.pt\/#\/schema\/person\/1e95eb12553b8edd256acb00fe6dad4b","name":"Fatima Silva","image":{"@type":"ImageObject","inLanguage":"pt-PT","@id":"https:\/\/secure.gravatar.com\/avatar\/4b4a955a9c1b66708ab0dd3bd6181ac1f650299d893bd337a28482f7f19c8511?s=96&d=mm&r=g","url":"https:\/\/secure.gravatar.com\/avatar\/4b4a955a9c1b66708ab0dd3bd6181ac1f650299d893bd337a28482f7f19c8511?s=96&d=mm&r=g","contentUrl":"https:\/\/secure.gravatar.com\/avatar\/4b4a955a9c1b66708ab0dd3bd6181ac1f650299d893bd337a28482f7f19c8511?s=96&d=mm&r=g","caption":"Fatima Silva"},"url":"https:\/\/automotiverevista.pt\/index.php\/author\/fgasparsilva\/"}]}},"_links":{"self":[{"href":"https:\/\/automotiverevista.pt\/index.php\/wp-json\/wp\/v2\/posts\/11556","targetHints":{"allow":["GET"]}}],"collection":[{"href":"https:\/\/automotiverevista.pt\/index.php\/wp-json\/wp\/v2\/posts"}],"about":[{"href":"https:\/\/automotiverevista.pt\/index.php\/wp-json\/wp\/v2\/types\/post"}],"author":[{"embeddable":true,"href":"https:\/\/automotiverevista.pt\/index.php\/wp-json\/wp\/v2\/users\/4"}],"replies":[{"embeddable":true,"href":"https:\/\/automotiverevista.pt\/index.php\/wp-json\/wp\/v2\/comments?post=11556"}],"version-history":[{"count":1,"href":"https:\/\/automotiverevista.pt\/index.php\/wp-json\/wp\/v2\/posts\/11556\/revisions"}],"predecessor-version":[{"id":11560,"href":"https:\/\/automotiverevista.pt\/index.php\/wp-json\/wp\/v2\/posts\/11556\/revisions\/11560"}],"wp:featuredmedia":[{"embeddable":true,"href":"https:\/\/automotiverevista.pt\/index.php\/wp-json\/wp\/v2\/media\/11557"}],"wp:attachment":[{"href":"https:\/\/automotiverevista.pt\/index.php\/wp-json\/wp\/v2\/media?parent=11556"}],"wp:term":[{"taxonomy":"category","embeddable":true,"href":"https:\/\/automotiverevista.pt\/index.php\/wp-json\/wp\/v2\/categories?post=11556"},{"taxonomy":"post_tag","embeddable":true,"href":"https:\/\/automotiverevista.pt\/index.php\/wp-json\/wp\/v2\/tags?post=11556"}],"curies":[{"name":"wp","href":"https:\/\/api.w.org\/{rel}","templated":true}]}}