{"id":11607,"date":"2025-11-17T12:52:00","date_gmt":"2025-11-17T12:52:00","guid":{"rendered":"https:\/\/automotiverevista.pt\/?p=11607"},"modified":"2025-11-09T18:48:46","modified_gmt":"2025-11-09T18:48:46","slug":"setor-de-maquinaria-aproveita-ambiente-favoravel","status":"publish","type":"post","link":"https:\/\/automotiverevista.pt\/index.php\/2025\/11\/17\/setor-de-maquinaria-aproveita-ambiente-favoravel\/","title":{"rendered":"Setor de maquinaria aproveita ambiente favor\u00e1vel"},"content":{"rendered":"\n<p>O setor das m\u00e1quinas vive bons momentos comerciais, fruto de um mercado nacional em ascens\u00e3o bem como o crescimento da procura nos mercados africanos. Aproveitando o ambiente favor\u00e1vel, v\u00e1rios importadores dinamizaram eventos recentemente com os seus clientes.<\/p>\n\n\n\n<p>A Tracto-Lena realizou pela terceira vez o seu Hyundai Challenge, onde os manobradores t\u00eam a oportunidade de testarem as suas habilidades nas m\u00e1quinas Hyundai, nas instala\u00e7\u00f5es da Tracto-Lena em Leiria. O evento tamb\u00e9m serviu para apresentar novidades de outras marcas representadas pela Tracto-Lena.<\/p>\n\n\n\n<p>A Ascendum organizou, na sua unidade de neg\u00f3cio do Porto, o evento \u201cAscendum Experience \u2013 Constru\u00edmos o Futuro. Hoje.\u201d, focado no setor da constru\u00e7\u00e3o e obras p\u00fablicas. A iniciativa reuniu mais de 300 clientes num dia dedicado a apresentar, de forma estruturada e pr\u00f3xima, as solu\u00e7\u00f5es e servi\u00e7os que, na vis\u00e3o da Ascendum, est\u00e3o a moldar o futuro do setor.<\/p>\n\n\n\n<p>Representando Portugal nas finais europeias do Global Operator Challenge (GOC EMEA) da Caterpillar, esteve Jos\u00e9 Oliveira. Este evento teve lugar no Demonstration and Learning Centre da Caterpillar em M\u00e1laga (Espanha). O GOC EMEA&nbsp; foi ganho por Gunter Dewit da B\u00e9lgica, que ir\u00e1 participar nas finais mundiais do GOC em Las Vegas, nos Estados Unidos da Am\u00e9rica.<\/p>\n\n\n\n<figure class=\"wp-block-gallery has-nested-images columns-default is-cropped wp-block-gallery-1 is-layout-flex wp-block-gallery-is-layout-flex\">\n<figure class=\"wp-block-image size-large\"><img decoding=\"async\" width=\"1024\" height=\"576\" data-id=\"11608\" src=\"https:\/\/automotiverevista.pt\/wp-content\/uploads\/2025\/11\/AE_Estacao-Volvo-1024x576.jpg\" alt=\"\" class=\"wp-image-11608\" srcset=\"https:\/\/automotiverevista.pt\/wp-content\/uploads\/2025\/11\/AE_Estacao-Volvo-1024x576.jpg 1024w, https:\/\/automotiverevista.pt\/wp-content\/uploads\/2025\/11\/AE_Estacao-Volvo-300x169.jpg 300w, https:\/\/automotiverevista.pt\/wp-content\/uploads\/2025\/11\/AE_Estacao-Volvo-768x432.jpg 768w, https:\/\/automotiverevista.pt\/wp-content\/uploads\/2025\/11\/AE_Estacao-Volvo-750x422.jpg 750w, https:\/\/automotiverevista.pt\/wp-content\/uploads\/2025\/11\/AE_Estacao-Volvo-1140x641.jpg 1140w, https:\/\/automotiverevista.pt\/wp-content\/uploads\/2025\/11\/AE_Estacao-Volvo.jpg 1500w\" sizes=\"(max-width: 1024px) 100vw, 1024px\" \/><\/figure>\n\n\n\n<figure class=\"wp-block-image size-large\"><img decoding=\"async\" width=\"1024\" height=\"683\" data-id=\"11609\" src=\"https:\/\/automotiverevista.pt\/wp-content\/uploads\/2025\/11\/g-1024x683.jpg\" alt=\"\" class=\"wp-image-11609\" srcset=\"https:\/\/automotiverevista.pt\/wp-content\/uploads\/2025\/11\/g-1024x683.jpg 1024w, https:\/\/automotiverevista.pt\/wp-content\/uploads\/2025\/11\/g-300x200.jpg 300w, https:\/\/automotiverevista.pt\/wp-content\/uploads\/2025\/11\/g-768x513.jpg 768w, https:\/\/automotiverevista.pt\/wp-content\/uploads\/2025\/11\/g-750x501.jpg 750w, https:\/\/automotiverevista.pt\/wp-content\/uploads\/2025\/11\/g-1140x761.jpg 1140w, https:\/\/automotiverevista.pt\/wp-content\/uploads\/2025\/11\/g.jpg 1500w\" sizes=\"(max-width: 1024px) 100vw, 1024px\" \/><\/figure>\n\n\n\n<figure class=\"wp-block-image size-large\"><img decoding=\"async\" width=\"1024\" height=\"537\" data-id=\"11610\" src=\"https:\/\/automotiverevista.pt\/wp-content\/uploads\/2025\/11\/STET-1024x537.jpg\" alt=\"\" class=\"wp-image-11610\" srcset=\"https:\/\/automotiverevista.pt\/wp-content\/uploads\/2025\/11\/STET-1024x537.jpg 1024w, https:\/\/automotiverevista.pt\/wp-content\/uploads\/2025\/11\/STET-300x157.jpg 300w, https:\/\/automotiverevista.pt\/wp-content\/uploads\/2025\/11\/STET-768x403.jpg 768w, https:\/\/automotiverevista.pt\/wp-content\/uploads\/2025\/11\/STET-750x394.jpg 750w, https:\/\/automotiverevista.pt\/wp-content\/uploads\/2025\/11\/STET-1140x598.jpg 1140w, https:\/\/automotiverevista.pt\/wp-content\/uploads\/2025\/11\/STET.jpg 1500w\" sizes=\"(max-width: 1024px) 100vw, 1024px\" \/><\/figure>\n<\/figure>\n","protected":false},"excerpt":{"rendered":"<p>O setor das m\u00e1quinas vive bons momentos comerciais, fruto de um mercado nacional em ascens\u00e3o bem como o crescimento da procura nos mercados africanos. Aproveitando o ambiente favor\u00e1vel, v\u00e1rios importadores dinamizaram eventos recentemente com os seus clientes. A Tracto-Lena realizou pela terceira vez o seu Hyundai Challenge, onde os manobradores t\u00eam a oportunidade de testarem [&hellip;]<\/p>\n","protected":false},"author":4,"featured_media":11615,"comment_status":"closed","ping_status":"open","sticky":false,"template":"","format":"standard","meta":{"jnews-multi-image_gallery":[],"jnews_single_post":{"format":"standard"},"jnews_primary_category":[],"footnotes":""},"categories":[25],"tags":[],"class_list":["post-11607","post","type-post","status-publish","format-standard","has-post-thumbnail","hentry","category-pesados-e-maquinas"],"yoast_head":"<!-- This site is optimized with the Yoast SEO Premium plugin v27.5 (Yoast SEO v27.5) - https:\/\/yoast.com\/product\/yoast-seo-premium-wordpress\/ -->\n<title>Setor de maquinaria aproveita ambiente favor\u00e1vel - Revista Automotive<\/title>\n<meta name=\"description\" content=\"O setor das m\u00e1quinas vive bons momentos comerciais, fruto de um mercado nacional em ascens\u00e3o bem como o crescimento da procura nos mercados af\" \/>\n<meta name=\"robots\" content=\"index, follow, max-snippet:-1, max-image-preview:large, max-video-preview:-1\" \/>\n<link rel=\"canonical\" href=\"https:\/\/automotiverevista.pt\/index.php\/2025\/11\/17\/setor-de-maquinaria-aproveita-ambiente-favoravel\/\" \/>\n<meta property=\"og:locale\" content=\"pt_PT\" \/>\n<meta property=\"og:type\" content=\"article\" \/>\n<meta property=\"og:title\" content=\"Setor de maquinaria aproveita ambiente favor\u00e1vel\" \/>\n<meta property=\"og:description\" content=\"O setor das m\u00e1quinas vive bons momentos comerciais, fruto de um mercado nacional em ascens\u00e3o bem como o crescimento da procura nos mercados af\" \/>\n<meta property=\"og:url\" content=\"https:\/\/automotiverevista.pt\/index.php\/2025\/11\/17\/setor-de-maquinaria-aproveita-ambiente-favoravel\/\" \/>\n<meta property=\"og:site_name\" content=\"Revista Automotive\" \/>\n<meta property=\"article:published_time\" content=\"2025-11-17T12:52:00+00:00\" \/>\n<meta property=\"og:image\" content=\"https:\/\/automotiverevista.pt\/wp-content\/uploads\/2025\/11\/22-1.jpg\" \/>\n\t<meta property=\"og:image:width\" content=\"1400\" \/>\n\t<meta property=\"og:image:height\" content=\"933\" \/>\n\t<meta property=\"og:image:type\" content=\"image\/jpeg\" \/>\n<meta name=\"author\" content=\"Fatima Silva\" \/>\n<meta name=\"twitter:card\" content=\"summary_large_image\" \/>\n<meta name=\"twitter:label1\" content=\"Escrito por\" \/>\n\t<meta name=\"twitter:data1\" content=\"Fatima Silva\" \/>\n\t<meta name=\"twitter:label2\" content=\"Tempo estimado de leitura\" \/>\n\t<meta name=\"twitter:data2\" content=\"2 minutos\" \/>\n<script type=\"application\/ld+json\" class=\"yoast-schema-graph\">{\"@context\":\"https:\\\/\\\/schema.org\",\"@graph\":[{\"@type\":\"Article\",\"@id\":\"https:\\\/\\\/automotiverevista.pt\\\/index.php\\\/2025\\\/11\\\/17\\\/setor-de-maquinaria-aproveita-ambiente-favoravel\\\/#article\",\"isPartOf\":{\"@id\":\"https:\\\/\\\/automotiverevista.pt\\\/index.php\\\/2025\\\/11\\\/17\\\/setor-de-maquinaria-aproveita-ambiente-favoravel\\\/\"},\"author\":{\"name\":\"Fatima Silva\",\"@id\":\"https:\\\/\\\/automotiverevista.pt\\\/#\\\/schema\\\/person\\\/1e95eb12553b8edd256acb00fe6dad4b\"},\"headline\":\"Setor de maquinaria aproveita ambiente favor\u00e1vel\",\"datePublished\":\"2025-11-17T12:52:00+00:00\",\"mainEntityOfPage\":{\"@id\":\"https:\\\/\\\/automotiverevista.pt\\\/index.php\\\/2025\\\/11\\\/17\\\/setor-de-maquinaria-aproveita-ambiente-favoravel\\\/\"},\"wordCount\":222,\"publisher\":{\"@id\":\"https:\\\/\\\/automotiverevista.pt\\\/#organization\"},\"image\":{\"@id\":\"https:\\\/\\\/automotiverevista.pt\\\/index.php\\\/2025\\\/11\\\/17\\\/setor-de-maquinaria-aproveita-ambiente-favoravel\\\/#primaryimage\"},\"thumbnailUrl\":\"https:\\\/\\\/automotiverevista.pt\\\/wp-content\\\/uploads\\\/2025\\\/11\\\/22-1.jpg\",\"articleSection\":[\"Pesados e M\u00e1quinas\"],\"inLanguage\":\"pt-PT\"},{\"@type\":\"WebPage\",\"@id\":\"https:\\\/\\\/automotiverevista.pt\\\/index.php\\\/2025\\\/11\\\/17\\\/setor-de-maquinaria-aproveita-ambiente-favoravel\\\/\",\"url\":\"https:\\\/\\\/automotiverevista.pt\\\/index.php\\\/2025\\\/11\\\/17\\\/setor-de-maquinaria-aproveita-ambiente-favoravel\\\/\",\"name\":\"Setor de maquinaria aproveita ambiente favor\u00e1vel - Revista Automotive\",\"isPartOf\":{\"@id\":\"https:\\\/\\\/automotiverevista.pt\\\/#website\"},\"primaryImageOfPage\":{\"@id\":\"https:\\\/\\\/automotiverevista.pt\\\/index.php\\\/2025\\\/11\\\/17\\\/setor-de-maquinaria-aproveita-ambiente-favoravel\\\/#primaryimage\"},\"image\":{\"@id\":\"https:\\\/\\\/automotiverevista.pt\\\/index.php\\\/2025\\\/11\\\/17\\\/setor-de-maquinaria-aproveita-ambiente-favoravel\\\/#primaryimage\"},\"thumbnailUrl\":\"https:\\\/\\\/automotiverevista.pt\\\/wp-content\\\/uploads\\\/2025\\\/11\\\/22-1.jpg\",\"datePublished\":\"2025-11-17T12:52:00+00:00\",\"description\":\"O setor das m\u00e1quinas vive bons momentos comerciais, fruto de um mercado nacional em ascens\u00e3o bem como o crescimento da procura nos mercados af\",\"breadcrumb\":{\"@id\":\"https:\\\/\\\/automotiverevista.pt\\\/index.php\\\/2025\\\/11\\\/17\\\/setor-de-maquinaria-aproveita-ambiente-favoravel\\\/#breadcrumb\"},\"inLanguage\":\"pt-PT\",\"potentialAction\":[{\"@type\":\"ReadAction\",\"target\":[\"https:\\\/\\\/automotiverevista.pt\\\/index.php\\\/2025\\\/11\\\/17\\\/setor-de-maquinaria-aproveita-ambiente-favoravel\\\/\"]}]},{\"@type\":\"ImageObject\",\"inLanguage\":\"pt-PT\",\"@id\":\"https:\\\/\\\/automotiverevista.pt\\\/index.php\\\/2025\\\/11\\\/17\\\/setor-de-maquinaria-aproveita-ambiente-favoravel\\\/#primaryimage\",\"url\":\"https:\\\/\\\/automotiverevista.pt\\\/wp-content\\\/uploads\\\/2025\\\/11\\\/22-1.jpg\",\"contentUrl\":\"https:\\\/\\\/automotiverevista.pt\\\/wp-content\\\/uploads\\\/2025\\\/11\\\/22-1.jpg\",\"width\":1400,\"height\":933},{\"@type\":\"BreadcrumbList\",\"@id\":\"https:\\\/\\\/automotiverevista.pt\\\/index.php\\\/2025\\\/11\\\/17\\\/setor-de-maquinaria-aproveita-ambiente-favoravel\\\/#breadcrumb\",\"itemListElement\":[{\"@type\":\"ListItem\",\"position\":1,\"name\":\"Home\",\"item\":\"https:\\\/\\\/automotiverevista.pt\\\/\"},{\"@type\":\"ListItem\",\"position\":2,\"name\":\"Setor de maquinaria aproveita ambiente favor\u00e1vel\"}]},{\"@type\":\"WebSite\",\"@id\":\"https:\\\/\\\/automotiverevista.pt\\\/#website\",\"url\":\"https:\\\/\\\/automotiverevista.pt\\\/\",\"name\":\"Revista Automotive\",\"description\":\"Revista Automotive Portugal\",\"publisher\":{\"@id\":\"https:\\\/\\\/automotiverevista.pt\\\/#organization\"},\"potentialAction\":[{\"@type\":\"SearchAction\",\"target\":{\"@type\":\"EntryPoint\",\"urlTemplate\":\"https:\\\/\\\/automotiverevista.pt\\\/?s={search_term_string}\"},\"query-input\":{\"@type\":\"PropertyValueSpecification\",\"valueRequired\":true,\"valueName\":\"search_term_string\"}}],\"inLanguage\":\"pt-PT\"},{\"@type\":\"Organization\",\"@id\":\"https:\\\/\\\/automotiverevista.pt\\\/#organization\",\"name\":\"Revista Automotive Portugal\",\"url\":\"https:\\\/\\\/automotiverevista.pt\\\/\",\"logo\":{\"@type\":\"ImageObject\",\"inLanguage\":\"pt-PT\",\"@id\":\"https:\\\/\\\/automotiverevista.pt\\\/#\\\/schema\\\/logo\\\/image\\\/\",\"url\":\"https:\\\/\\\/automotiverevista.pt\\\/wp-content\\\/uploads\\\/2022\\\/07\\\/Logo-Automotive-2021_500-1.jpg\",\"contentUrl\":\"https:\\\/\\\/automotiverevista.pt\\\/wp-content\\\/uploads\\\/2022\\\/07\\\/Logo-Automotive-2021_500-1.jpg\",\"width\":500,\"height\":160,\"caption\":\"Revista Automotive Portugal\"},\"image\":{\"@id\":\"https:\\\/\\\/automotiverevista.pt\\\/#\\\/schema\\\/logo\\\/image\\\/\"},\"sameAs\":[\"https:\\\/\\\/linkedin.com\\\/in\\\/automotiverevista\"]},{\"@type\":\"Person\",\"@id\":\"https:\\\/\\\/automotiverevista.pt\\\/#\\\/schema\\\/person\\\/1e95eb12553b8edd256acb00fe6dad4b\",\"name\":\"Fatima Silva\",\"image\":{\"@type\":\"ImageObject\",\"inLanguage\":\"pt-PT\",\"@id\":\"https:\\\/\\\/secure.gravatar.com\\\/avatar\\\/4b4a955a9c1b66708ab0dd3bd6181ac1f650299d893bd337a28482f7f19c8511?s=96&d=mm&r=g\",\"url\":\"https:\\\/\\\/secure.gravatar.com\\\/avatar\\\/4b4a955a9c1b66708ab0dd3bd6181ac1f650299d893bd337a28482f7f19c8511?s=96&d=mm&r=g\",\"contentUrl\":\"https:\\\/\\\/secure.gravatar.com\\\/avatar\\\/4b4a955a9c1b66708ab0dd3bd6181ac1f650299d893bd337a28482f7f19c8511?s=96&d=mm&r=g\",\"caption\":\"Fatima Silva\"},\"url\":\"https:\\\/\\\/automotiverevista.pt\\\/index.php\\\/author\\\/fgasparsilva\\\/\"}]}<\/script>\n<!-- \/ Yoast SEO Premium plugin. -->","yoast_head_json":{"title":"Setor de maquinaria aproveita ambiente favor\u00e1vel - Revista Automotive","description":"O setor das m\u00e1quinas vive bons momentos comerciais, fruto de um mercado nacional em ascens\u00e3o bem como o crescimento da procura nos mercados af","robots":{"index":"index","follow":"follow","max-snippet":"max-snippet:-1","max-image-preview":"max-image-preview:large","max-video-preview":"max-video-preview:-1"},"canonical":"https:\/\/automotiverevista.pt\/index.php\/2025\/11\/17\/setor-de-maquinaria-aproveita-ambiente-favoravel\/","og_locale":"pt_PT","og_type":"article","og_title":"Setor de maquinaria aproveita ambiente favor\u00e1vel","og_description":"O setor das m\u00e1quinas vive bons momentos comerciais, fruto de um mercado nacional em ascens\u00e3o bem como o crescimento da procura nos mercados af","og_url":"https:\/\/automotiverevista.pt\/index.php\/2025\/11\/17\/setor-de-maquinaria-aproveita-ambiente-favoravel\/","og_site_name":"Revista Automotive","article_published_time":"2025-11-17T12:52:00+00:00","og_image":[{"width":1400,"height":933,"url":"https:\/\/automotiverevista.pt\/wp-content\/uploads\/2025\/11\/22-1.jpg","type":"image\/jpeg"}],"author":"Fatima Silva","twitter_card":"summary_large_image","twitter_misc":{"Escrito por":"Fatima Silva","Tempo estimado de leitura":"2 minutos"},"schema":{"@context":"https:\/\/schema.org","@graph":[{"@type":"Article","@id":"https:\/\/automotiverevista.pt\/index.php\/2025\/11\/17\/setor-de-maquinaria-aproveita-ambiente-favoravel\/#article","isPartOf":{"@id":"https:\/\/automotiverevista.pt\/index.php\/2025\/11\/17\/setor-de-maquinaria-aproveita-ambiente-favoravel\/"},"author":{"name":"Fatima Silva","@id":"https:\/\/automotiverevista.pt\/#\/schema\/person\/1e95eb12553b8edd256acb00fe6dad4b"},"headline":"Setor de maquinaria aproveita ambiente favor\u00e1vel","datePublished":"2025-11-17T12:52:00+00:00","mainEntityOfPage":{"@id":"https:\/\/automotiverevista.pt\/index.php\/2025\/11\/17\/setor-de-maquinaria-aproveita-ambiente-favoravel\/"},"wordCount":222,"publisher":{"@id":"https:\/\/automotiverevista.pt\/#organization"},"image":{"@id":"https:\/\/automotiverevista.pt\/index.php\/2025\/11\/17\/setor-de-maquinaria-aproveita-ambiente-favoravel\/#primaryimage"},"thumbnailUrl":"https:\/\/automotiverevista.pt\/wp-content\/uploads\/2025\/11\/22-1.jpg","articleSection":["Pesados e M\u00e1quinas"],"inLanguage":"pt-PT"},{"@type":"WebPage","@id":"https:\/\/automotiverevista.pt\/index.php\/2025\/11\/17\/setor-de-maquinaria-aproveita-ambiente-favoravel\/","url":"https:\/\/automotiverevista.pt\/index.php\/2025\/11\/17\/setor-de-maquinaria-aproveita-ambiente-favoravel\/","name":"Setor de maquinaria aproveita ambiente favor\u00e1vel - Revista Automotive","isPartOf":{"@id":"https:\/\/automotiverevista.pt\/#website"},"primaryImageOfPage":{"@id":"https:\/\/automotiverevista.pt\/index.php\/2025\/11\/17\/setor-de-maquinaria-aproveita-ambiente-favoravel\/#primaryimage"},"image":{"@id":"https:\/\/automotiverevista.pt\/index.php\/2025\/11\/17\/setor-de-maquinaria-aproveita-ambiente-favoravel\/#primaryimage"},"thumbnailUrl":"https:\/\/automotiverevista.pt\/wp-content\/uploads\/2025\/11\/22-1.jpg","datePublished":"2025-11-17T12:52:00+00:00","description":"O setor das m\u00e1quinas vive bons momentos comerciais, fruto de um mercado nacional em ascens\u00e3o bem como o crescimento da procura nos mercados af","breadcrumb":{"@id":"https:\/\/automotiverevista.pt\/index.php\/2025\/11\/17\/setor-de-maquinaria-aproveita-ambiente-favoravel\/#breadcrumb"},"inLanguage":"pt-PT","potentialAction":[{"@type":"ReadAction","target":["https:\/\/automotiverevista.pt\/index.php\/2025\/11\/17\/setor-de-maquinaria-aproveita-ambiente-favoravel\/"]}]},{"@type":"ImageObject","inLanguage":"pt-PT","@id":"https:\/\/automotiverevista.pt\/index.php\/2025\/11\/17\/setor-de-maquinaria-aproveita-ambiente-favoravel\/#primaryimage","url":"https:\/\/automotiverevista.pt\/wp-content\/uploads\/2025\/11\/22-1.jpg","contentUrl":"https:\/\/automotiverevista.pt\/wp-content\/uploads\/2025\/11\/22-1.jpg","width":1400,"height":933},{"@type":"BreadcrumbList","@id":"https:\/\/automotiverevista.pt\/index.php\/2025\/11\/17\/setor-de-maquinaria-aproveita-ambiente-favoravel\/#breadcrumb","itemListElement":[{"@type":"ListItem","position":1,"name":"Home","item":"https:\/\/automotiverevista.pt\/"},{"@type":"ListItem","position":2,"name":"Setor de maquinaria aproveita ambiente favor\u00e1vel"}]},{"@type":"WebSite","@id":"https:\/\/automotiverevista.pt\/#website","url":"https:\/\/automotiverevista.pt\/","name":"Revista Automotive","description":"Revista Automotive Portugal","publisher":{"@id":"https:\/\/automotiverevista.pt\/#organization"},"potentialAction":[{"@type":"SearchAction","target":{"@type":"EntryPoint","urlTemplate":"https:\/\/automotiverevista.pt\/?s={search_term_string}"},"query-input":{"@type":"PropertyValueSpecification","valueRequired":true,"valueName":"search_term_string"}}],"inLanguage":"pt-PT"},{"@type":"Organization","@id":"https:\/\/automotiverevista.pt\/#organization","name":"Revista Automotive Portugal","url":"https:\/\/automotiverevista.pt\/","logo":{"@type":"ImageObject","inLanguage":"pt-PT","@id":"https:\/\/automotiverevista.pt\/#\/schema\/logo\/image\/","url":"https:\/\/automotiverevista.pt\/wp-content\/uploads\/2022\/07\/Logo-Automotive-2021_500-1.jpg","contentUrl":"https:\/\/automotiverevista.pt\/wp-content\/uploads\/2022\/07\/Logo-Automotive-2021_500-1.jpg","width":500,"height":160,"caption":"Revista Automotive Portugal"},"image":{"@id":"https:\/\/automotiverevista.pt\/#\/schema\/logo\/image\/"},"sameAs":["https:\/\/linkedin.com\/in\/automotiverevista"]},{"@type":"Person","@id":"https:\/\/automotiverevista.pt\/#\/schema\/person\/1e95eb12553b8edd256acb00fe6dad4b","name":"Fatima Silva","image":{"@type":"ImageObject","inLanguage":"pt-PT","@id":"https:\/\/secure.gravatar.com\/avatar\/4b4a955a9c1b66708ab0dd3bd6181ac1f650299d893bd337a28482f7f19c8511?s=96&d=mm&r=g","url":"https:\/\/secure.gravatar.com\/avatar\/4b4a955a9c1b66708ab0dd3bd6181ac1f650299d893bd337a28482f7f19c8511?s=96&d=mm&r=g","contentUrl":"https:\/\/secure.gravatar.com\/avatar\/4b4a955a9c1b66708ab0dd3bd6181ac1f650299d893bd337a28482f7f19c8511?s=96&d=mm&r=g","caption":"Fatima Silva"},"url":"https:\/\/automotiverevista.pt\/index.php\/author\/fgasparsilva\/"}]}},"_links":{"self":[{"href":"https:\/\/automotiverevista.pt\/index.php\/wp-json\/wp\/v2\/posts\/11607","targetHints":{"allow":["GET"]}}],"collection":[{"href":"https:\/\/automotiverevista.pt\/index.php\/wp-json\/wp\/v2\/posts"}],"about":[{"href":"https:\/\/automotiverevista.pt\/index.php\/wp-json\/wp\/v2\/types\/post"}],"author":[{"embeddable":true,"href":"https:\/\/automotiverevista.pt\/index.php\/wp-json\/wp\/v2\/users\/4"}],"replies":[{"embeddable":true,"href":"https:\/\/automotiverevista.pt\/index.php\/wp-json\/wp\/v2\/comments?post=11607"}],"version-history":[{"count":1,"href":"https:\/\/automotiverevista.pt\/index.php\/wp-json\/wp\/v2\/posts\/11607\/revisions"}],"predecessor-version":[{"id":11612,"href":"https:\/\/automotiverevista.pt\/index.php\/wp-json\/wp\/v2\/posts\/11607\/revisions\/11612"}],"wp:featuredmedia":[{"embeddable":true,"href":"https:\/\/automotiverevista.pt\/index.php\/wp-json\/wp\/v2\/media\/11615"}],"wp:attachment":[{"href":"https:\/\/automotiverevista.pt\/index.php\/wp-json\/wp\/v2\/media?parent=11607"}],"wp:term":[{"taxonomy":"category","embeddable":true,"href":"https:\/\/automotiverevista.pt\/index.php\/wp-json\/wp\/v2\/categories?post=11607"},{"taxonomy":"post_tag","embeddable":true,"href":"https:\/\/automotiverevista.pt\/index.php\/wp-json\/wp\/v2\/tags?post=11607"}],"curies":[{"name":"wp","href":"https:\/\/api.w.org\/{rel}","templated":true}]}}