{"id":11616,"date":"2025-11-13T09:53:25","date_gmt":"2025-11-13T09:53:25","guid":{"rendered":"https:\/\/automotiverevista.pt\/?p=11616"},"modified":"2025-11-13T09:53:51","modified_gmt":"2025-11-13T09:53:51","slug":"cerimonia-da-9a-edicao-dos-premios-fleet-service-automotive","status":"publish","type":"post","link":"https:\/\/automotiverevista.pt\/index.php\/2025\/11\/13\/cerimonia-da-9a-edicao-dos-premios-fleet-service-automotive\/","title":{"rendered":"Cerim\u00f3nia da\u00a09\u00aa edi\u00e7\u00e3o dos Pr\u00e9mios Fleet &amp; Service\u00a0Automotive"},"content":{"rendered":"\n<p>Hoje \u00e9 o dia da cerim\u00f3nia da\u00a0<strong>9\u00aa edi\u00e7\u00e3o dos <a href=\"https:\/\/automotiverevista.pt\/index.php\/eventos\/\">Pr\u00e9mios Fleet &amp; Service\u00a0Automotive<\/a>,\u00a0<\/strong>que ir\u00e1 contar com a presen\u00e7a de convidados nacionais e internacionais.<\/p>\n\n\n\n<p>Os pr\u00e9mios entregues anualmente pela&nbsp;<strong>Revista Automotive<\/strong>, visam reconhecer as empresas, entidades, servi\u00e7os e respetivos profissionais pela excel\u00eancia e m\u00e9rito das suas atividades nas \u00e1reas que acompanhamos, divulgamos e informamos de forma isenta mensalmente.<\/p>\n\n\n\n<p>A Revista Automotive realiza desde 2017 uma distin\u00e7\u00e3o anual, que visa reconhecer as empresas, produtos, servi\u00e7os e profissionais pela excel\u00eancia e m\u00e9rito das suas atividades nas \u00e1reas das <a href=\"https:\/\/www.youtube.com\/c\/AutomotiveRevista\/videos\">Frotas, P\u00f3s-Venda e Pesado<\/a>s.<\/p>\n\n\n\n<p>A atribui\u00e7\u00e3o dos\u00a0<strong>Pr\u00e9mios <\/strong><a href=\"https:\/\/automotiverevista.pt\/index.php\/eventos\/\"><strong>Fleet&amp;Service Automotive<\/strong>\u00a0<\/a>\u00a9 \u00e9 baseada em crit\u00e9rios internos da Revista, bem como na ausculta\u00e7\u00e3o de diferentes profissionais intervenientes do mercado (stakeholders) ao longo do ano civil.<\/p>\n\n\n\n<p>Assim sendo, os pr\u00e9mios n\u00e3o carecem de inscri\u00e7\u00e3o nem de qualquer formalidade, n\u00e3o h\u00e1 lugar a pagamento, joia ou outro tipo de suporte financeiro. Garante-se assim a isen\u00e7\u00e3o da distin\u00e7\u00e3o e a abrang\u00eancia a todos os intervenientes do mercado automotivo.<\/p>\n","protected":false},"excerpt":{"rendered":"<p>Hoje \u00e9 o dia da cerim\u00f3nia da\u00a09\u00aa edi\u00e7\u00e3o dos Pr\u00e9mios Fleet &amp; Service\u00a0Automotive,\u00a0que ir\u00e1 contar com a presen\u00e7a de convidados nacionais e internacionais. Os pr\u00e9mios entregues anualmente pela&nbsp;Revista Automotive, visam reconhecer as empresas, entidades, servi\u00e7os e respetivos profissionais pela excel\u00eancia e m\u00e9rito das suas atividades nas \u00e1reas que acompanhamos, divulgamos e informamos de forma isenta [&hellip;]<\/p>\n","protected":false},"author":1,"featured_media":11617,"comment_status":"closed","ping_status":"open","sticky":false,"template":"","format":"standard","meta":{"jnews-multi-image_gallery":[],"jnews_single_post":{"format":"standard"},"jnews_primary_category":[],"footnotes":""},"categories":[23],"tags":[],"class_list":["post-11616","post","type-post","status-publish","format-standard","has-post-thumbnail","hentry","category-frotas"],"yoast_head":"<!-- This site is optimized with the Yoast SEO Premium plugin v27.5 (Yoast SEO v27.5) - https:\/\/yoast.com\/product\/yoast-seo-premium-wordpress\/ -->\n<title>Cerim\u00f3nia da\u00a09\u00aa edi\u00e7\u00e3o dos Pr\u00e9mios Fleet &amp; Service\u00a0Automotive - Revista Automotive<\/title>\n<meta name=\"robots\" content=\"index, follow, max-snippet:-1, max-image-preview:large, max-video-preview:-1\" \/>\n<link rel=\"canonical\" href=\"https:\/\/automotiverevista.pt\/index.php\/2025\/11\/13\/cerimonia-da-9a-edicao-dos-premios-fleet-service-automotive\/\" \/>\n<meta property=\"og:locale\" content=\"pt_PT\" \/>\n<meta property=\"og:type\" content=\"article\" \/>\n<meta property=\"og:title\" content=\"Cerim\u00f3nia da\u00a09\u00aa edi\u00e7\u00e3o dos Pr\u00e9mios Fleet &amp; Service\u00a0Automotive\" \/>\n<meta property=\"og:description\" content=\"Hoje \u00e9 o dia da cerim\u00f3nia da\u00a09\u00aa edi\u00e7\u00e3o dos Pr\u00e9mios Fleet &amp; Service\u00a0Automotive,\u00a0que ir\u00e1 contar com a presen\u00e7a de convidados nacionais e internacionais. Os pr\u00e9mios entregues anualmente pela&nbsp;Revista Automotive, visam reconhecer as empresas, entidades, servi\u00e7os e respetivos profissionais pela excel\u00eancia e m\u00e9rito das suas atividades nas \u00e1reas que acompanhamos, divulgamos e informamos de forma isenta [&hellip;]\" \/>\n<meta property=\"og:url\" content=\"https:\/\/automotiverevista.pt\/index.php\/2025\/11\/13\/cerimonia-da-9a-edicao-dos-premios-fleet-service-automotive\/\" \/>\n<meta property=\"og:site_name\" content=\"Revista Automotive\" \/>\n<meta property=\"article:published_time\" content=\"2025-11-13T09:53:25+00:00\" \/>\n<meta property=\"article:modified_time\" content=\"2025-11-13T09:53:51+00:00\" \/>\n<meta property=\"og:image\" content=\"https:\/\/automotiverevista.pt\/wp-content\/uploads\/2025\/11\/LogoNoticiaSite2-scaled.jpg\" \/>\n\t<meta property=\"og:image:width\" content=\"2560\" \/>\n\t<meta property=\"og:image:height\" content=\"1186\" \/>\n\t<meta property=\"og:image:type\" content=\"image\/jpeg\" \/>\n<meta name=\"author\" content=\"adminNovo\" \/>\n<meta name=\"twitter:card\" content=\"summary_large_image\" \/>\n<meta name=\"twitter:label1\" content=\"Escrito por\" \/>\n\t<meta name=\"twitter:data1\" content=\"adminNovo\" \/>\n\t<meta name=\"twitter:label2\" content=\"Tempo estimado de leitura\" \/>\n\t<meta name=\"twitter:data2\" content=\"2 minutos\" \/>\n<script type=\"application\/ld+json\" class=\"yoast-schema-graph\">{\"@context\":\"https:\\\/\\\/schema.org\",\"@graph\":[{\"@type\":\"Article\",\"@id\":\"https:\\\/\\\/automotiverevista.pt\\\/index.php\\\/2025\\\/11\\\/13\\\/cerimonia-da-9a-edicao-dos-premios-fleet-service-automotive\\\/#article\",\"isPartOf\":{\"@id\":\"https:\\\/\\\/automotiverevista.pt\\\/index.php\\\/2025\\\/11\\\/13\\\/cerimonia-da-9a-edicao-dos-premios-fleet-service-automotive\\\/\"},\"author\":{\"name\":\"adminNovo\",\"@id\":\"https:\\\/\\\/automotiverevista.pt\\\/#\\\/schema\\\/person\\\/1265858bc8c78a0f969de814da8be281\"},\"headline\":\"Cerim\u00f3nia da\u00a09\u00aa edi\u00e7\u00e3o dos Pr\u00e9mios Fleet &amp; Service\u00a0Automotive\",\"datePublished\":\"2025-11-13T09:53:25+00:00\",\"dateModified\":\"2025-11-13T09:53:51+00:00\",\"mainEntityOfPage\":{\"@id\":\"https:\\\/\\\/automotiverevista.pt\\\/index.php\\\/2025\\\/11\\\/13\\\/cerimonia-da-9a-edicao-dos-premios-fleet-service-automotive\\\/\"},\"wordCount\":196,\"publisher\":{\"@id\":\"https:\\\/\\\/automotiverevista.pt\\\/#organization\"},\"image\":{\"@id\":\"https:\\\/\\\/automotiverevista.pt\\\/index.php\\\/2025\\\/11\\\/13\\\/cerimonia-da-9a-edicao-dos-premios-fleet-service-automotive\\\/#primaryimage\"},\"thumbnailUrl\":\"https:\\\/\\\/automotiverevista.pt\\\/wp-content\\\/uploads\\\/2025\\\/11\\\/LogoNoticiaSite2-scaled.jpg\",\"articleSection\":[\"Frotas\"],\"inLanguage\":\"pt-PT\"},{\"@type\":\"WebPage\",\"@id\":\"https:\\\/\\\/automotiverevista.pt\\\/index.php\\\/2025\\\/11\\\/13\\\/cerimonia-da-9a-edicao-dos-premios-fleet-service-automotive\\\/\",\"url\":\"https:\\\/\\\/automotiverevista.pt\\\/index.php\\\/2025\\\/11\\\/13\\\/cerimonia-da-9a-edicao-dos-premios-fleet-service-automotive\\\/\",\"name\":\"Cerim\u00f3nia da\u00a09\u00aa edi\u00e7\u00e3o dos Pr\u00e9mios Fleet &amp; Service\u00a0Automotive - Revista Automotive\",\"isPartOf\":{\"@id\":\"https:\\\/\\\/automotiverevista.pt\\\/#website\"},\"primaryImageOfPage\":{\"@id\":\"https:\\\/\\\/automotiverevista.pt\\\/index.php\\\/2025\\\/11\\\/13\\\/cerimonia-da-9a-edicao-dos-premios-fleet-service-automotive\\\/#primaryimage\"},\"image\":{\"@id\":\"https:\\\/\\\/automotiverevista.pt\\\/index.php\\\/2025\\\/11\\\/13\\\/cerimonia-da-9a-edicao-dos-premios-fleet-service-automotive\\\/#primaryimage\"},\"thumbnailUrl\":\"https:\\\/\\\/automotiverevista.pt\\\/wp-content\\\/uploads\\\/2025\\\/11\\\/LogoNoticiaSite2-scaled.jpg\",\"datePublished\":\"2025-11-13T09:53:25+00:00\",\"dateModified\":\"2025-11-13T09:53:51+00:00\",\"breadcrumb\":{\"@id\":\"https:\\\/\\\/automotiverevista.pt\\\/index.php\\\/2025\\\/11\\\/13\\\/cerimonia-da-9a-edicao-dos-premios-fleet-service-automotive\\\/#breadcrumb\"},\"inLanguage\":\"pt-PT\",\"potentialAction\":[{\"@type\":\"ReadAction\",\"target\":[\"https:\\\/\\\/automotiverevista.pt\\\/index.php\\\/2025\\\/11\\\/13\\\/cerimonia-da-9a-edicao-dos-premios-fleet-service-automotive\\\/\"]}]},{\"@type\":\"ImageObject\",\"inLanguage\":\"pt-PT\",\"@id\":\"https:\\\/\\\/automotiverevista.pt\\\/index.php\\\/2025\\\/11\\\/13\\\/cerimonia-da-9a-edicao-dos-premios-fleet-service-automotive\\\/#primaryimage\",\"url\":\"https:\\\/\\\/automotiverevista.pt\\\/wp-content\\\/uploads\\\/2025\\\/11\\\/LogoNoticiaSite2-scaled.jpg\",\"contentUrl\":\"https:\\\/\\\/automotiverevista.pt\\\/wp-content\\\/uploads\\\/2025\\\/11\\\/LogoNoticiaSite2-scaled.jpg\",\"width\":2560,\"height\":1186},{\"@type\":\"BreadcrumbList\",\"@id\":\"https:\\\/\\\/automotiverevista.pt\\\/index.php\\\/2025\\\/11\\\/13\\\/cerimonia-da-9a-edicao-dos-premios-fleet-service-automotive\\\/#breadcrumb\",\"itemListElement\":[{\"@type\":\"ListItem\",\"position\":1,\"name\":\"Home\",\"item\":\"https:\\\/\\\/automotiverevista.pt\\\/\"},{\"@type\":\"ListItem\",\"position\":2,\"name\":\"Cerim\u00f3nia da\u00a09\u00aa edi\u00e7\u00e3o dos Pr\u00e9mios Fleet &amp; Service\u00a0Automotive\"}]},{\"@type\":\"WebSite\",\"@id\":\"https:\\\/\\\/automotiverevista.pt\\\/#website\",\"url\":\"https:\\\/\\\/automotiverevista.pt\\\/\",\"name\":\"Revista Automotive\",\"description\":\"Revista Automotive Portugal\",\"publisher\":{\"@id\":\"https:\\\/\\\/automotiverevista.pt\\\/#organization\"},\"potentialAction\":[{\"@type\":\"SearchAction\",\"target\":{\"@type\":\"EntryPoint\",\"urlTemplate\":\"https:\\\/\\\/automotiverevista.pt\\\/?s={search_term_string}\"},\"query-input\":{\"@type\":\"PropertyValueSpecification\",\"valueRequired\":true,\"valueName\":\"search_term_string\"}}],\"inLanguage\":\"pt-PT\"},{\"@type\":\"Organization\",\"@id\":\"https:\\\/\\\/automotiverevista.pt\\\/#organization\",\"name\":\"Revista Automotive Portugal\",\"url\":\"https:\\\/\\\/automotiverevista.pt\\\/\",\"logo\":{\"@type\":\"ImageObject\",\"inLanguage\":\"pt-PT\",\"@id\":\"https:\\\/\\\/automotiverevista.pt\\\/#\\\/schema\\\/logo\\\/image\\\/\",\"url\":\"https:\\\/\\\/automotiverevista.pt\\\/wp-content\\\/uploads\\\/2022\\\/07\\\/Logo-Automotive-2021_500-1.jpg\",\"contentUrl\":\"https:\\\/\\\/automotiverevista.pt\\\/wp-content\\\/uploads\\\/2022\\\/07\\\/Logo-Automotive-2021_500-1.jpg\",\"width\":500,\"height\":160,\"caption\":\"Revista Automotive Portugal\"},\"image\":{\"@id\":\"https:\\\/\\\/automotiverevista.pt\\\/#\\\/schema\\\/logo\\\/image\\\/\"},\"sameAs\":[\"https:\\\/\\\/linkedin.com\\\/in\\\/automotiverevista\"]},{\"@type\":\"Person\",\"@id\":\"https:\\\/\\\/automotiverevista.pt\\\/#\\\/schema\\\/person\\\/1265858bc8c78a0f969de814da8be281\",\"name\":\"adminNovo\",\"image\":{\"@type\":\"ImageObject\",\"inLanguage\":\"pt-PT\",\"@id\":\"https:\\\/\\\/secure.gravatar.com\\\/avatar\\\/c606c1288dcc11eb4c709aa5136fdb962583c410f5c23c0b7bf6917c542be355?s=96&d=mm&r=g\",\"url\":\"https:\\\/\\\/secure.gravatar.com\\\/avatar\\\/c606c1288dcc11eb4c709aa5136fdb962583c410f5c23c0b7bf6917c542be355?s=96&d=mm&r=g\",\"contentUrl\":\"https:\\\/\\\/secure.gravatar.com\\\/avatar\\\/c606c1288dcc11eb4c709aa5136fdb962583c410f5c23c0b7bf6917c542be355?s=96&d=mm&r=g\",\"caption\":\"adminNovo\"},\"sameAs\":[\"https:\\\/\\\/automotiverevista.pt\"],\"url\":\"https:\\\/\\\/automotiverevista.pt\\\/index.php\\\/author\\\/adminnovo\\\/\"}]}<\/script>\n<!-- \/ Yoast SEO Premium plugin. -->","yoast_head_json":{"title":"Cerim\u00f3nia da\u00a09\u00aa edi\u00e7\u00e3o dos Pr\u00e9mios Fleet &amp; Service\u00a0Automotive - Revista Automotive","robots":{"index":"index","follow":"follow","max-snippet":"max-snippet:-1","max-image-preview":"max-image-preview:large","max-video-preview":"max-video-preview:-1"},"canonical":"https:\/\/automotiverevista.pt\/index.php\/2025\/11\/13\/cerimonia-da-9a-edicao-dos-premios-fleet-service-automotive\/","og_locale":"pt_PT","og_type":"article","og_title":"Cerim\u00f3nia da\u00a09\u00aa edi\u00e7\u00e3o dos Pr\u00e9mios Fleet &amp; Service\u00a0Automotive","og_description":"Hoje \u00e9 o dia da cerim\u00f3nia da\u00a09\u00aa edi\u00e7\u00e3o dos Pr\u00e9mios Fleet &amp; Service\u00a0Automotive,\u00a0que ir\u00e1 contar com a presen\u00e7a de convidados nacionais e internacionais. Os pr\u00e9mios entregues anualmente pela&nbsp;Revista Automotive, visam reconhecer as empresas, entidades, servi\u00e7os e respetivos profissionais pela excel\u00eancia e m\u00e9rito das suas atividades nas \u00e1reas que acompanhamos, divulgamos e informamos de forma isenta [&hellip;]","og_url":"https:\/\/automotiverevista.pt\/index.php\/2025\/11\/13\/cerimonia-da-9a-edicao-dos-premios-fleet-service-automotive\/","og_site_name":"Revista Automotive","article_published_time":"2025-11-13T09:53:25+00:00","article_modified_time":"2025-11-13T09:53:51+00:00","og_image":[{"width":2560,"height":1186,"url":"https:\/\/automotiverevista.pt\/wp-content\/uploads\/2025\/11\/LogoNoticiaSite2-scaled.jpg","type":"image\/jpeg"}],"author":"adminNovo","twitter_card":"summary_large_image","twitter_misc":{"Escrito por":"adminNovo","Tempo estimado de leitura":"2 minutos"},"schema":{"@context":"https:\/\/schema.org","@graph":[{"@type":"Article","@id":"https:\/\/automotiverevista.pt\/index.php\/2025\/11\/13\/cerimonia-da-9a-edicao-dos-premios-fleet-service-automotive\/#article","isPartOf":{"@id":"https:\/\/automotiverevista.pt\/index.php\/2025\/11\/13\/cerimonia-da-9a-edicao-dos-premios-fleet-service-automotive\/"},"author":{"name":"adminNovo","@id":"https:\/\/automotiverevista.pt\/#\/schema\/person\/1265858bc8c78a0f969de814da8be281"},"headline":"Cerim\u00f3nia da\u00a09\u00aa edi\u00e7\u00e3o dos Pr\u00e9mios Fleet &amp; Service\u00a0Automotive","datePublished":"2025-11-13T09:53:25+00:00","dateModified":"2025-11-13T09:53:51+00:00","mainEntityOfPage":{"@id":"https:\/\/automotiverevista.pt\/index.php\/2025\/11\/13\/cerimonia-da-9a-edicao-dos-premios-fleet-service-automotive\/"},"wordCount":196,"publisher":{"@id":"https:\/\/automotiverevista.pt\/#organization"},"image":{"@id":"https:\/\/automotiverevista.pt\/index.php\/2025\/11\/13\/cerimonia-da-9a-edicao-dos-premios-fleet-service-automotive\/#primaryimage"},"thumbnailUrl":"https:\/\/automotiverevista.pt\/wp-content\/uploads\/2025\/11\/LogoNoticiaSite2-scaled.jpg","articleSection":["Frotas"],"inLanguage":"pt-PT"},{"@type":"WebPage","@id":"https:\/\/automotiverevista.pt\/index.php\/2025\/11\/13\/cerimonia-da-9a-edicao-dos-premios-fleet-service-automotive\/","url":"https:\/\/automotiverevista.pt\/index.php\/2025\/11\/13\/cerimonia-da-9a-edicao-dos-premios-fleet-service-automotive\/","name":"Cerim\u00f3nia da\u00a09\u00aa edi\u00e7\u00e3o dos Pr\u00e9mios Fleet &amp; Service\u00a0Automotive - Revista Automotive","isPartOf":{"@id":"https:\/\/automotiverevista.pt\/#website"},"primaryImageOfPage":{"@id":"https:\/\/automotiverevista.pt\/index.php\/2025\/11\/13\/cerimonia-da-9a-edicao-dos-premios-fleet-service-automotive\/#primaryimage"},"image":{"@id":"https:\/\/automotiverevista.pt\/index.php\/2025\/11\/13\/cerimonia-da-9a-edicao-dos-premios-fleet-service-automotive\/#primaryimage"},"thumbnailUrl":"https:\/\/automotiverevista.pt\/wp-content\/uploads\/2025\/11\/LogoNoticiaSite2-scaled.jpg","datePublished":"2025-11-13T09:53:25+00:00","dateModified":"2025-11-13T09:53:51+00:00","breadcrumb":{"@id":"https:\/\/automotiverevista.pt\/index.php\/2025\/11\/13\/cerimonia-da-9a-edicao-dos-premios-fleet-service-automotive\/#breadcrumb"},"inLanguage":"pt-PT","potentialAction":[{"@type":"ReadAction","target":["https:\/\/automotiverevista.pt\/index.php\/2025\/11\/13\/cerimonia-da-9a-edicao-dos-premios-fleet-service-automotive\/"]}]},{"@type":"ImageObject","inLanguage":"pt-PT","@id":"https:\/\/automotiverevista.pt\/index.php\/2025\/11\/13\/cerimonia-da-9a-edicao-dos-premios-fleet-service-automotive\/#primaryimage","url":"https:\/\/automotiverevista.pt\/wp-content\/uploads\/2025\/11\/LogoNoticiaSite2-scaled.jpg","contentUrl":"https:\/\/automotiverevista.pt\/wp-content\/uploads\/2025\/11\/LogoNoticiaSite2-scaled.jpg","width":2560,"height":1186},{"@type":"BreadcrumbList","@id":"https:\/\/automotiverevista.pt\/index.php\/2025\/11\/13\/cerimonia-da-9a-edicao-dos-premios-fleet-service-automotive\/#breadcrumb","itemListElement":[{"@type":"ListItem","position":1,"name":"Home","item":"https:\/\/automotiverevista.pt\/"},{"@type":"ListItem","position":2,"name":"Cerim\u00f3nia da\u00a09\u00aa edi\u00e7\u00e3o dos Pr\u00e9mios Fleet &amp; Service\u00a0Automotive"}]},{"@type":"WebSite","@id":"https:\/\/automotiverevista.pt\/#website","url":"https:\/\/automotiverevista.pt\/","name":"Revista Automotive","description":"Revista Automotive Portugal","publisher":{"@id":"https:\/\/automotiverevista.pt\/#organization"},"potentialAction":[{"@type":"SearchAction","target":{"@type":"EntryPoint","urlTemplate":"https:\/\/automotiverevista.pt\/?s={search_term_string}"},"query-input":{"@type":"PropertyValueSpecification","valueRequired":true,"valueName":"search_term_string"}}],"inLanguage":"pt-PT"},{"@type":"Organization","@id":"https:\/\/automotiverevista.pt\/#organization","name":"Revista Automotive Portugal","url":"https:\/\/automotiverevista.pt\/","logo":{"@type":"ImageObject","inLanguage":"pt-PT","@id":"https:\/\/automotiverevista.pt\/#\/schema\/logo\/image\/","url":"https:\/\/automotiverevista.pt\/wp-content\/uploads\/2022\/07\/Logo-Automotive-2021_500-1.jpg","contentUrl":"https:\/\/automotiverevista.pt\/wp-content\/uploads\/2022\/07\/Logo-Automotive-2021_500-1.jpg","width":500,"height":160,"caption":"Revista Automotive Portugal"},"image":{"@id":"https:\/\/automotiverevista.pt\/#\/schema\/logo\/image\/"},"sameAs":["https:\/\/linkedin.com\/in\/automotiverevista"]},{"@type":"Person","@id":"https:\/\/automotiverevista.pt\/#\/schema\/person\/1265858bc8c78a0f969de814da8be281","name":"adminNovo","image":{"@type":"ImageObject","inLanguage":"pt-PT","@id":"https:\/\/secure.gravatar.com\/avatar\/c606c1288dcc11eb4c709aa5136fdb962583c410f5c23c0b7bf6917c542be355?s=96&d=mm&r=g","url":"https:\/\/secure.gravatar.com\/avatar\/c606c1288dcc11eb4c709aa5136fdb962583c410f5c23c0b7bf6917c542be355?s=96&d=mm&r=g","contentUrl":"https:\/\/secure.gravatar.com\/avatar\/c606c1288dcc11eb4c709aa5136fdb962583c410f5c23c0b7bf6917c542be355?s=96&d=mm&r=g","caption":"adminNovo"},"sameAs":["https:\/\/automotiverevista.pt"],"url":"https:\/\/automotiverevista.pt\/index.php\/author\/adminnovo\/"}]}},"_links":{"self":[{"href":"https:\/\/automotiverevista.pt\/index.php\/wp-json\/wp\/v2\/posts\/11616","targetHints":{"allow":["GET"]}}],"collection":[{"href":"https:\/\/automotiverevista.pt\/index.php\/wp-json\/wp\/v2\/posts"}],"about":[{"href":"https:\/\/automotiverevista.pt\/index.php\/wp-json\/wp\/v2\/types\/post"}],"author":[{"embeddable":true,"href":"https:\/\/automotiverevista.pt\/index.php\/wp-json\/wp\/v2\/users\/1"}],"replies":[{"embeddable":true,"href":"https:\/\/automotiverevista.pt\/index.php\/wp-json\/wp\/v2\/comments?post=11616"}],"version-history":[{"count":3,"href":"https:\/\/automotiverevista.pt\/index.php\/wp-json\/wp\/v2\/posts\/11616\/revisions"}],"predecessor-version":[{"id":11620,"href":"https:\/\/automotiverevista.pt\/index.php\/wp-json\/wp\/v2\/posts\/11616\/revisions\/11620"}],"wp:featuredmedia":[{"embeddable":true,"href":"https:\/\/automotiverevista.pt\/index.php\/wp-json\/wp\/v2\/media\/11617"}],"wp:attachment":[{"href":"https:\/\/automotiverevista.pt\/index.php\/wp-json\/wp\/v2\/media?parent=11616"}],"wp:term":[{"taxonomy":"category","embeddable":true,"href":"https:\/\/automotiverevista.pt\/index.php\/wp-json\/wp\/v2\/categories?post=11616"},{"taxonomy":"post_tag","embeddable":true,"href":"https:\/\/automotiverevista.pt\/index.php\/wp-json\/wp\/v2\/tags?post=11616"}],"curies":[{"name":"wp","href":"https:\/\/api.w.org\/{rel}","templated":true}]}}