{"id":11622,"date":"2025-11-14T10:17:32","date_gmt":"2025-11-14T10:17:32","guid":{"rendered":"https:\/\/automotiverevista.pt\/?p=11622"},"modified":"2025-11-14T10:17:33","modified_gmt":"2025-11-14T10:17:33","slug":"concluida-a-9a-edicao-dos-premios-fleet-service-realizada-pela-revista-automotive","status":"publish","type":"post","link":"https:\/\/automotiverevista.pt\/index.php\/2025\/11\/14\/concluida-a-9a-edicao-dos-premios-fleet-service-realizada-pela-revista-automotive\/","title":{"rendered":"Conclu\u00edda a 9\u00aa edi\u00e7\u00e3o dos Pr\u00e9mios Fleet &amp; Service realizada pela Revista Automotive"},"content":{"rendered":"\n<p>A entrega dos <strong>Pr\u00e9mios Fleet &amp; Service 2025 <\/strong>teve lugar no Vila Gal\u00e9 Sintra, num exclusivo jantar que reuniu os principais intervenientes no setor automotive em v\u00e1rias \u00e1reas, com presen\u00e7as de premiados nacionais e internacionais.<\/p>\n\n\n\n<p>Os pr\u00e9mios Fleet &amp; Service anualmente entregues pela Revista Automotive, visam reconhecer as empresas, entidades, produtos, servi\u00e7os e profissionais pela excel\u00eancia e m\u00e9rito das suas atividades nas \u00e1reas das Frotas, P\u00f3s-Venda, Pesados e M\u00e1quinas.<\/p>\n\n\n\n<p>No jantar de ontem, reuniram-se as principais empresas do setor e que a Revista Automotive durante estes 13 anos, duma forma abrangente e alargada tem vindo a divulgar, nomeadamente: Carros, Furg\u00f5es, Cami\u00f5es, Semirreboques, M\u00e1quinas, Fabricantes, Entidades Gestoras, Distribuidores, Redes Oficinais, Lojas de venda direta ao p\u00fablico, Frotas de ligeiros, Frotas de pesados, Transportadoras e em sequ\u00eancia e consequ\u00eancia o setor do p\u00f3s-venda.<\/p>\n\n\n\n<p>Na edi\u00e7\u00e3o deste m\u00eas de novembro, a Revista Automotive apresentar\u00e1 os vencedores nas diferentes categorias.<\/p>\n","protected":false},"excerpt":{"rendered":"<p>A entrega dos Pr\u00e9mios Fleet &amp; Service 2025 teve lugar no Vila Gal\u00e9 Sintra, num exclusivo jantar que reuniu os principais intervenientes no setor automotive em v\u00e1rias \u00e1reas, com presen\u00e7as de premiados nacionais e internacionais. Os pr\u00e9mios Fleet &amp; Service anualmente entregues pela Revista Automotive, visam reconhecer as empresas, entidades, produtos, servi\u00e7os e profissionais pela [&hellip;]<\/p>\n","protected":false},"author":1,"featured_media":11623,"comment_status":"closed","ping_status":"open","sticky":false,"template":"","format":"standard","meta":{"jnews-multi-image_gallery":[],"jnews_single_post":{"format":"standard"},"jnews_primary_category":[],"footnotes":""},"categories":[23,25,21],"tags":[],"class_list":["post-11622","post","type-post","status-publish","format-standard","has-post-thumbnail","hentry","category-frotas","category-pesados-e-maquinas","category-pos-venda"],"yoast_head":"<!-- This site is optimized with the Yoast SEO Premium plugin v27.2 (Yoast SEO v27.5) - https:\/\/yoast.com\/product\/yoast-seo-premium-wordpress\/ -->\n<title>Conclu\u00edda a 9\u00aa edi\u00e7\u00e3o dos Pr\u00e9mios Fleet &amp; Service realizada pela Revista Automotive - Revista Automotive<\/title>\n<meta name=\"description\" content=\"A entrega dos Pr\u00e9mios Fleet &amp; Service teve lugar no Vila Gal\u00e9 Sintra, num exclusivo jantar que reuniu os principais no setor automotive\" \/>\n<meta name=\"robots\" content=\"index, follow, max-snippet:-1, max-image-preview:large, max-video-preview:-1\" \/>\n<link rel=\"canonical\" href=\"https:\/\/automotiverevista.pt\/index.php\/2025\/11\/14\/concluida-a-9a-edicao-dos-premios-fleet-service-realizada-pela-revista-automotive\/\" \/>\n<meta property=\"og:locale\" content=\"pt_PT\" \/>\n<meta property=\"og:type\" content=\"article\" \/>\n<meta property=\"og:title\" content=\"Conclu\u00edda a 9\u00aa edi\u00e7\u00e3o dos Pr\u00e9mios Fleet &amp; Service realizada pela Revista Automotive\" \/>\n<meta property=\"og:description\" content=\"A entrega dos Pr\u00e9mios Fleet &amp; Service teve lugar no Vila Gal\u00e9 Sintra, num exclusivo jantar que reuniu os principais no setor automotive\" \/>\n<meta property=\"og:url\" content=\"https:\/\/automotiverevista.pt\/index.php\/2025\/11\/14\/concluida-a-9a-edicao-dos-premios-fleet-service-realizada-pela-revista-automotive\/\" \/>\n<meta property=\"og:site_name\" content=\"Revista Automotive\" \/>\n<meta property=\"article:published_time\" content=\"2025-11-14T10:17:32+00:00\" \/>\n<meta property=\"article:modified_time\" content=\"2025-11-14T10:17:33+00:00\" \/>\n<meta property=\"og:image\" content=\"https:\/\/automotiverevista.pt\/wp-content\/uploads\/2025\/11\/IMG_5798_low.jpg\" \/>\n\t<meta property=\"og:image:width\" content=\"1200\" \/>\n\t<meta property=\"og:image:height\" content=\"800\" \/>\n\t<meta property=\"og:image:type\" content=\"image\/jpeg\" \/>\n<meta name=\"author\" content=\"adminNovo\" \/>\n<meta name=\"twitter:card\" content=\"summary_large_image\" \/>\n<meta name=\"twitter:label1\" content=\"Escrito por\" \/>\n\t<meta name=\"twitter:data1\" content=\"adminNovo\" \/>\n\t<meta name=\"twitter:label2\" content=\"Tempo estimado de leitura\" \/>\n\t<meta name=\"twitter:data2\" content=\"1 minuto\" \/>\n<script type=\"application\/ld+json\" class=\"yoast-schema-graph\">{\"@context\":\"https:\\\/\\\/schema.org\",\"@graph\":[{\"@type\":\"Article\",\"@id\":\"https:\\\/\\\/automotiverevista.pt\\\/index.php\\\/2025\\\/11\\\/14\\\/concluida-a-9a-edicao-dos-premios-fleet-service-realizada-pela-revista-automotive\\\/#article\",\"isPartOf\":{\"@id\":\"https:\\\/\\\/automotiverevista.pt\\\/index.php\\\/2025\\\/11\\\/14\\\/concluida-a-9a-edicao-dos-premios-fleet-service-realizada-pela-revista-automotive\\\/\"},\"author\":{\"name\":\"adminNovo\",\"@id\":\"https:\\\/\\\/automotiverevista.pt\\\/#\\\/schema\\\/person\\\/1265858bc8c78a0f969de814da8be281\"},\"headline\":\"Conclu\u00edda a 9\u00aa edi\u00e7\u00e3o dos Pr\u00e9mios Fleet &amp; Service realizada pela Revista Automotive\",\"datePublished\":\"2025-11-14T10:17:32+00:00\",\"dateModified\":\"2025-11-14T10:17:33+00:00\",\"mainEntityOfPage\":{\"@id\":\"https:\\\/\\\/automotiverevista.pt\\\/index.php\\\/2025\\\/11\\\/14\\\/concluida-a-9a-edicao-dos-premios-fleet-service-realizada-pela-revista-automotive\\\/\"},\"wordCount\":177,\"publisher\":{\"@id\":\"https:\\\/\\\/automotiverevista.pt\\\/#organization\"},\"image\":{\"@id\":\"https:\\\/\\\/automotiverevista.pt\\\/index.php\\\/2025\\\/11\\\/14\\\/concluida-a-9a-edicao-dos-premios-fleet-service-realizada-pela-revista-automotive\\\/#primaryimage\"},\"thumbnailUrl\":\"https:\\\/\\\/automotiverevista.pt\\\/wp-content\\\/uploads\\\/2025\\\/11\\\/IMG_5798_low.jpg\",\"articleSection\":[\"Frotas\",\"Pesados e M\u00e1quinas\",\"P\u00f3s-Venda\"],\"inLanguage\":\"pt-PT\"},{\"@type\":\"WebPage\",\"@id\":\"https:\\\/\\\/automotiverevista.pt\\\/index.php\\\/2025\\\/11\\\/14\\\/concluida-a-9a-edicao-dos-premios-fleet-service-realizada-pela-revista-automotive\\\/\",\"url\":\"https:\\\/\\\/automotiverevista.pt\\\/index.php\\\/2025\\\/11\\\/14\\\/concluida-a-9a-edicao-dos-premios-fleet-service-realizada-pela-revista-automotive\\\/\",\"name\":\"Conclu\u00edda a 9\u00aa edi\u00e7\u00e3o dos Pr\u00e9mios Fleet &amp; Service realizada pela Revista Automotive - Revista Automotive\",\"isPartOf\":{\"@id\":\"https:\\\/\\\/automotiverevista.pt\\\/#website\"},\"primaryImageOfPage\":{\"@id\":\"https:\\\/\\\/automotiverevista.pt\\\/index.php\\\/2025\\\/11\\\/14\\\/concluida-a-9a-edicao-dos-premios-fleet-service-realizada-pela-revista-automotive\\\/#primaryimage\"},\"image\":{\"@id\":\"https:\\\/\\\/automotiverevista.pt\\\/index.php\\\/2025\\\/11\\\/14\\\/concluida-a-9a-edicao-dos-premios-fleet-service-realizada-pela-revista-automotive\\\/#primaryimage\"},\"thumbnailUrl\":\"https:\\\/\\\/automotiverevista.pt\\\/wp-content\\\/uploads\\\/2025\\\/11\\\/IMG_5798_low.jpg\",\"datePublished\":\"2025-11-14T10:17:32+00:00\",\"dateModified\":\"2025-11-14T10:17:33+00:00\",\"description\":\"A entrega dos Pr\u00e9mios Fleet & Service teve lugar no Vila Gal\u00e9 Sintra, num exclusivo jantar que reuniu os principais no setor automotive\",\"breadcrumb\":{\"@id\":\"https:\\\/\\\/automotiverevista.pt\\\/index.php\\\/2025\\\/11\\\/14\\\/concluida-a-9a-edicao-dos-premios-fleet-service-realizada-pela-revista-automotive\\\/#breadcrumb\"},\"inLanguage\":\"pt-PT\",\"potentialAction\":[{\"@type\":\"ReadAction\",\"target\":[\"https:\\\/\\\/automotiverevista.pt\\\/index.php\\\/2025\\\/11\\\/14\\\/concluida-a-9a-edicao-dos-premios-fleet-service-realizada-pela-revista-automotive\\\/\"]}]},{\"@type\":\"ImageObject\",\"inLanguage\":\"pt-PT\",\"@id\":\"https:\\\/\\\/automotiverevista.pt\\\/index.php\\\/2025\\\/11\\\/14\\\/concluida-a-9a-edicao-dos-premios-fleet-service-realizada-pela-revista-automotive\\\/#primaryimage\",\"url\":\"https:\\\/\\\/automotiverevista.pt\\\/wp-content\\\/uploads\\\/2025\\\/11\\\/IMG_5798_low.jpg\",\"contentUrl\":\"https:\\\/\\\/automotiverevista.pt\\\/wp-content\\\/uploads\\\/2025\\\/11\\\/IMG_5798_low.jpg\",\"width\":1200,\"height\":800},{\"@type\":\"BreadcrumbList\",\"@id\":\"https:\\\/\\\/automotiverevista.pt\\\/index.php\\\/2025\\\/11\\\/14\\\/concluida-a-9a-edicao-dos-premios-fleet-service-realizada-pela-revista-automotive\\\/#breadcrumb\",\"itemListElement\":[{\"@type\":\"ListItem\",\"position\":1,\"name\":\"Home\",\"item\":\"https:\\\/\\\/automotiverevista.pt\\\/\"},{\"@type\":\"ListItem\",\"position\":2,\"name\":\"Conclu\u00edda a 9\u00aa edi\u00e7\u00e3o dos Pr\u00e9mios Fleet &amp; Service realizada pela Revista Automotive\"}]},{\"@type\":\"WebSite\",\"@id\":\"https:\\\/\\\/automotiverevista.pt\\\/#website\",\"url\":\"https:\\\/\\\/automotiverevista.pt\\\/\",\"name\":\"Revista Automotive\",\"description\":\"Revista Automotive Portugal\",\"publisher\":{\"@id\":\"https:\\\/\\\/automotiverevista.pt\\\/#organization\"},\"potentialAction\":[{\"@type\":\"SearchAction\",\"target\":{\"@type\":\"EntryPoint\",\"urlTemplate\":\"https:\\\/\\\/automotiverevista.pt\\\/?s={search_term_string}\"},\"query-input\":{\"@type\":\"PropertyValueSpecification\",\"valueRequired\":true,\"valueName\":\"search_term_string\"}}],\"inLanguage\":\"pt-PT\"},{\"@type\":\"Organization\",\"@id\":\"https:\\\/\\\/automotiverevista.pt\\\/#organization\",\"name\":\"Revista Automotive Portugal\",\"url\":\"https:\\\/\\\/automotiverevista.pt\\\/\",\"logo\":{\"@type\":\"ImageObject\",\"inLanguage\":\"pt-PT\",\"@id\":\"https:\\\/\\\/automotiverevista.pt\\\/#\\\/schema\\\/logo\\\/image\\\/\",\"url\":\"https:\\\/\\\/automotiverevista.pt\\\/wp-content\\\/uploads\\\/2022\\\/07\\\/Logo-Automotive-2021_500-1.jpg\",\"contentUrl\":\"https:\\\/\\\/automotiverevista.pt\\\/wp-content\\\/uploads\\\/2022\\\/07\\\/Logo-Automotive-2021_500-1.jpg\",\"width\":500,\"height\":160,\"caption\":\"Revista Automotive Portugal\"},\"image\":{\"@id\":\"https:\\\/\\\/automotiverevista.pt\\\/#\\\/schema\\\/logo\\\/image\\\/\"},\"sameAs\":[\"https:\\\/\\\/linkedin.com\\\/in\\\/automotiverevista\"]},{\"@type\":\"Person\",\"@id\":\"https:\\\/\\\/automotiverevista.pt\\\/#\\\/schema\\\/person\\\/1265858bc8c78a0f969de814da8be281\",\"name\":\"adminNovo\",\"image\":{\"@type\":\"ImageObject\",\"inLanguage\":\"pt-PT\",\"@id\":\"https:\\\/\\\/secure.gravatar.com\\\/avatar\\\/c606c1288dcc11eb4c709aa5136fdb962583c410f5c23c0b7bf6917c542be355?s=96&d=mm&r=g\",\"url\":\"https:\\\/\\\/secure.gravatar.com\\\/avatar\\\/c606c1288dcc11eb4c709aa5136fdb962583c410f5c23c0b7bf6917c542be355?s=96&d=mm&r=g\",\"contentUrl\":\"https:\\\/\\\/secure.gravatar.com\\\/avatar\\\/c606c1288dcc11eb4c709aa5136fdb962583c410f5c23c0b7bf6917c542be355?s=96&d=mm&r=g\",\"caption\":\"adminNovo\"},\"sameAs\":[\"https:\\\/\\\/automotiverevista.pt\"],\"url\":\"https:\\\/\\\/automotiverevista.pt\\\/index.php\\\/author\\\/adminnovo\\\/\"}]}<\/script>\n<!-- \/ Yoast SEO Premium plugin. -->","yoast_head_json":{"title":"Conclu\u00edda a 9\u00aa edi\u00e7\u00e3o dos Pr\u00e9mios Fleet &amp; Service realizada pela Revista Automotive - Revista Automotive","description":"A entrega dos Pr\u00e9mios Fleet & Service teve lugar no Vila Gal\u00e9 Sintra, num exclusivo jantar que reuniu os principais no setor automotive","robots":{"index":"index","follow":"follow","max-snippet":"max-snippet:-1","max-image-preview":"max-image-preview:large","max-video-preview":"max-video-preview:-1"},"canonical":"https:\/\/automotiverevista.pt\/index.php\/2025\/11\/14\/concluida-a-9a-edicao-dos-premios-fleet-service-realizada-pela-revista-automotive\/","og_locale":"pt_PT","og_type":"article","og_title":"Conclu\u00edda a 9\u00aa edi\u00e7\u00e3o dos Pr\u00e9mios Fleet &amp; Service realizada pela Revista Automotive","og_description":"A entrega dos Pr\u00e9mios Fleet & Service teve lugar no Vila Gal\u00e9 Sintra, num exclusivo jantar que reuniu os principais no setor automotive","og_url":"https:\/\/automotiverevista.pt\/index.php\/2025\/11\/14\/concluida-a-9a-edicao-dos-premios-fleet-service-realizada-pela-revista-automotive\/","og_site_name":"Revista Automotive","article_published_time":"2025-11-14T10:17:32+00:00","article_modified_time":"2025-11-14T10:17:33+00:00","og_image":[{"width":1200,"height":800,"url":"https:\/\/automotiverevista.pt\/wp-content\/uploads\/2025\/11\/IMG_5798_low.jpg","type":"image\/jpeg"}],"author":"adminNovo","twitter_card":"summary_large_image","twitter_misc":{"Escrito por":"adminNovo","Tempo estimado de leitura":"1 minuto"},"schema":{"@context":"https:\/\/schema.org","@graph":[{"@type":"Article","@id":"https:\/\/automotiverevista.pt\/index.php\/2025\/11\/14\/concluida-a-9a-edicao-dos-premios-fleet-service-realizada-pela-revista-automotive\/#article","isPartOf":{"@id":"https:\/\/automotiverevista.pt\/index.php\/2025\/11\/14\/concluida-a-9a-edicao-dos-premios-fleet-service-realizada-pela-revista-automotive\/"},"author":{"name":"adminNovo","@id":"https:\/\/automotiverevista.pt\/#\/schema\/person\/1265858bc8c78a0f969de814da8be281"},"headline":"Conclu\u00edda a 9\u00aa edi\u00e7\u00e3o dos Pr\u00e9mios Fleet &amp; Service realizada pela Revista Automotive","datePublished":"2025-11-14T10:17:32+00:00","dateModified":"2025-11-14T10:17:33+00:00","mainEntityOfPage":{"@id":"https:\/\/automotiverevista.pt\/index.php\/2025\/11\/14\/concluida-a-9a-edicao-dos-premios-fleet-service-realizada-pela-revista-automotive\/"},"wordCount":177,"publisher":{"@id":"https:\/\/automotiverevista.pt\/#organization"},"image":{"@id":"https:\/\/automotiverevista.pt\/index.php\/2025\/11\/14\/concluida-a-9a-edicao-dos-premios-fleet-service-realizada-pela-revista-automotive\/#primaryimage"},"thumbnailUrl":"https:\/\/automotiverevista.pt\/wp-content\/uploads\/2025\/11\/IMG_5798_low.jpg","articleSection":["Frotas","Pesados e M\u00e1quinas","P\u00f3s-Venda"],"inLanguage":"pt-PT"},{"@type":"WebPage","@id":"https:\/\/automotiverevista.pt\/index.php\/2025\/11\/14\/concluida-a-9a-edicao-dos-premios-fleet-service-realizada-pela-revista-automotive\/","url":"https:\/\/automotiverevista.pt\/index.php\/2025\/11\/14\/concluida-a-9a-edicao-dos-premios-fleet-service-realizada-pela-revista-automotive\/","name":"Conclu\u00edda a 9\u00aa edi\u00e7\u00e3o dos Pr\u00e9mios Fleet &amp; Service realizada pela Revista Automotive - Revista Automotive","isPartOf":{"@id":"https:\/\/automotiverevista.pt\/#website"},"primaryImageOfPage":{"@id":"https:\/\/automotiverevista.pt\/index.php\/2025\/11\/14\/concluida-a-9a-edicao-dos-premios-fleet-service-realizada-pela-revista-automotive\/#primaryimage"},"image":{"@id":"https:\/\/automotiverevista.pt\/index.php\/2025\/11\/14\/concluida-a-9a-edicao-dos-premios-fleet-service-realizada-pela-revista-automotive\/#primaryimage"},"thumbnailUrl":"https:\/\/automotiverevista.pt\/wp-content\/uploads\/2025\/11\/IMG_5798_low.jpg","datePublished":"2025-11-14T10:17:32+00:00","dateModified":"2025-11-14T10:17:33+00:00","description":"A entrega dos Pr\u00e9mios Fleet & Service teve lugar no Vila Gal\u00e9 Sintra, num exclusivo jantar que reuniu os principais no setor automotive","breadcrumb":{"@id":"https:\/\/automotiverevista.pt\/index.php\/2025\/11\/14\/concluida-a-9a-edicao-dos-premios-fleet-service-realizada-pela-revista-automotive\/#breadcrumb"},"inLanguage":"pt-PT","potentialAction":[{"@type":"ReadAction","target":["https:\/\/automotiverevista.pt\/index.php\/2025\/11\/14\/concluida-a-9a-edicao-dos-premios-fleet-service-realizada-pela-revista-automotive\/"]}]},{"@type":"ImageObject","inLanguage":"pt-PT","@id":"https:\/\/automotiverevista.pt\/index.php\/2025\/11\/14\/concluida-a-9a-edicao-dos-premios-fleet-service-realizada-pela-revista-automotive\/#primaryimage","url":"https:\/\/automotiverevista.pt\/wp-content\/uploads\/2025\/11\/IMG_5798_low.jpg","contentUrl":"https:\/\/automotiverevista.pt\/wp-content\/uploads\/2025\/11\/IMG_5798_low.jpg","width":1200,"height":800},{"@type":"BreadcrumbList","@id":"https:\/\/automotiverevista.pt\/index.php\/2025\/11\/14\/concluida-a-9a-edicao-dos-premios-fleet-service-realizada-pela-revista-automotive\/#breadcrumb","itemListElement":[{"@type":"ListItem","position":1,"name":"Home","item":"https:\/\/automotiverevista.pt\/"},{"@type":"ListItem","position":2,"name":"Conclu\u00edda a 9\u00aa edi\u00e7\u00e3o dos Pr\u00e9mios Fleet &amp; Service realizada pela Revista Automotive"}]},{"@type":"WebSite","@id":"https:\/\/automotiverevista.pt\/#website","url":"https:\/\/automotiverevista.pt\/","name":"Revista Automotive","description":"Revista Automotive Portugal","publisher":{"@id":"https:\/\/automotiverevista.pt\/#organization"},"potentialAction":[{"@type":"SearchAction","target":{"@type":"EntryPoint","urlTemplate":"https:\/\/automotiverevista.pt\/?s={search_term_string}"},"query-input":{"@type":"PropertyValueSpecification","valueRequired":true,"valueName":"search_term_string"}}],"inLanguage":"pt-PT"},{"@type":"Organization","@id":"https:\/\/automotiverevista.pt\/#organization","name":"Revista Automotive Portugal","url":"https:\/\/automotiverevista.pt\/","logo":{"@type":"ImageObject","inLanguage":"pt-PT","@id":"https:\/\/automotiverevista.pt\/#\/schema\/logo\/image\/","url":"https:\/\/automotiverevista.pt\/wp-content\/uploads\/2022\/07\/Logo-Automotive-2021_500-1.jpg","contentUrl":"https:\/\/automotiverevista.pt\/wp-content\/uploads\/2022\/07\/Logo-Automotive-2021_500-1.jpg","width":500,"height":160,"caption":"Revista Automotive Portugal"},"image":{"@id":"https:\/\/automotiverevista.pt\/#\/schema\/logo\/image\/"},"sameAs":["https:\/\/linkedin.com\/in\/automotiverevista"]},{"@type":"Person","@id":"https:\/\/automotiverevista.pt\/#\/schema\/person\/1265858bc8c78a0f969de814da8be281","name":"adminNovo","image":{"@type":"ImageObject","inLanguage":"pt-PT","@id":"https:\/\/secure.gravatar.com\/avatar\/c606c1288dcc11eb4c709aa5136fdb962583c410f5c23c0b7bf6917c542be355?s=96&d=mm&r=g","url":"https:\/\/secure.gravatar.com\/avatar\/c606c1288dcc11eb4c709aa5136fdb962583c410f5c23c0b7bf6917c542be355?s=96&d=mm&r=g","contentUrl":"https:\/\/secure.gravatar.com\/avatar\/c606c1288dcc11eb4c709aa5136fdb962583c410f5c23c0b7bf6917c542be355?s=96&d=mm&r=g","caption":"adminNovo"},"sameAs":["https:\/\/automotiverevista.pt"],"url":"https:\/\/automotiverevista.pt\/index.php\/author\/adminnovo\/"}]}},"_links":{"self":[{"href":"https:\/\/automotiverevista.pt\/index.php\/wp-json\/wp\/v2\/posts\/11622","targetHints":{"allow":["GET"]}}],"collection":[{"href":"https:\/\/automotiverevista.pt\/index.php\/wp-json\/wp\/v2\/posts"}],"about":[{"href":"https:\/\/automotiverevista.pt\/index.php\/wp-json\/wp\/v2\/types\/post"}],"author":[{"embeddable":true,"href":"https:\/\/automotiverevista.pt\/index.php\/wp-json\/wp\/v2\/users\/1"}],"replies":[{"embeddable":true,"href":"https:\/\/automotiverevista.pt\/index.php\/wp-json\/wp\/v2\/comments?post=11622"}],"version-history":[{"count":1,"href":"https:\/\/automotiverevista.pt\/index.php\/wp-json\/wp\/v2\/posts\/11622\/revisions"}],"predecessor-version":[{"id":11624,"href":"https:\/\/automotiverevista.pt\/index.php\/wp-json\/wp\/v2\/posts\/11622\/revisions\/11624"}],"wp:featuredmedia":[{"embeddable":true,"href":"https:\/\/automotiverevista.pt\/index.php\/wp-json\/wp\/v2\/media\/11623"}],"wp:attachment":[{"href":"https:\/\/automotiverevista.pt\/index.php\/wp-json\/wp\/v2\/media?parent=11622"}],"wp:term":[{"taxonomy":"category","embeddable":true,"href":"https:\/\/automotiverevista.pt\/index.php\/wp-json\/wp\/v2\/categories?post=11622"},{"taxonomy":"post_tag","embeddable":true,"href":"https:\/\/automotiverevista.pt\/index.php\/wp-json\/wp\/v2\/tags?post=11622"}],"curies":[{"name":"wp","href":"https:\/\/api.w.org\/{rel}","templated":true}]}}