{"id":11718,"date":"2026-01-04T06:36:00","date_gmt":"2026-01-04T06:36:00","guid":{"rendered":"https:\/\/automotiverevista.pt\/?p=11718"},"modified":"2025-12-30T11:00:59","modified_gmt":"2025-12-30T11:00:59","slug":"autoengenhocas-conquista-premio-oficina-independente-2025","status":"publish","type":"post","link":"https:\/\/automotiverevista.pt\/index.php\/2026\/01\/04\/autoengenhocas-conquista-premio-oficina-independente-2025\/","title":{"rendered":"Autoengenhocas conquista Pr\u00e9mio Oficina Independente 2025"},"content":{"rendered":"\n<p>A empresa <strong>Autoengenhocas<\/strong>, foi distinguida com o <strong>Pr\u00e9mio Oficina Independente 2025, na 9\u00aa edi\u00e7\u00e3o dos Pr\u00e9mios Fleet &amp; Service <\/strong>realizada pela Revista Automotive.<\/p>\n\n\n\n<p><strong>Pr\u00e9mio Oficina Independente<\/strong> foi atribu\u00eddo pela Revista Automotive \u00e0 <strong>Autoengenhocas<\/strong> pela excel\u00eancia nos servi\u00e7os de manuten\u00e7\u00e3o e repara\u00e7\u00e3o de ve\u00edculos pesados em Portugal.<\/p>\n\n\n\n<p>Reconhecida como oficina multimarca, tem grande experi\u00eancia no funcionamento e manuten\u00e7\u00e3o de cada tipologia de ve\u00edculo; acompanha as evolu\u00e7\u00f5es tecnol\u00f3gicas, bem como a legisla\u00e7\u00e3o vigente e as solu\u00e7\u00f5es de gest\u00e3o oficinal.<\/p>\n\n\n\n<p>Os seus t\u00e9cnicos realizam com elevado grau de profissionalismo a manuten\u00e7\u00e3o e repara\u00e7\u00e3o de ligeiros de passageiros; ligeiros de mercadorias; pesados de mercadorias (r\u00edgidos e unidades tratoras); pesados de passageiros; tratores agr\u00edcolas e m\u00e1quinas de constru\u00e7\u00e3o civil; superestruturas de cami\u00f5es, caixas de carga isot\u00e9rmicas, gruas, basculantes e semirreboques.<\/p>\n\n\n\n<p>Pela confian\u00e7a e servi\u00e7os prestados, a empresa tem uma abrang\u00eancia de norte a sul do pa\u00eds, sendo que a tipologia dos seus clientes vai desde o particular com apenas uma viatura, at\u00e9 as autarquias com uma variedade muito alargada de equipamentos, bem como as frotas em geral.<\/p>\n\n\n\n<p>Al\u00e9m da qualidade das instala\u00e7\u00f5es, o cliente encontra na Autoengenhocas uma equipa competente, experiente e preparada para as mais variadas tipologias de interven\u00e7\u00f5es, desde uma retroescavadora, um autocarro de 15 metros, um carro citadino, um cami\u00e3o com cisterna, at\u00e9 intervencionar um cami\u00e3o el\u00e9trico, ou simplesmente reparar a lona de um semirreboque.<\/p>\n","protected":false},"excerpt":{"rendered":"<p>A empresa Autoengenhocas, foi distinguida com o Pr\u00e9mio Oficina Independente 2025, na 9\u00aa edi\u00e7\u00e3o dos Pr\u00e9mios Fleet &amp; Service realizada pela Revista Automotive. Pr\u00e9mio Oficina Independente foi atribu\u00eddo pela Revista Automotive \u00e0 Autoengenhocas pela excel\u00eancia nos servi\u00e7os de manuten\u00e7\u00e3o e repara\u00e7\u00e3o de ve\u00edculos pesados em Portugal. Reconhecida como oficina multimarca, tem grande experi\u00eancia no funcionamento [&hellip;]<\/p>\n","protected":false},"author":4,"featured_media":11721,"comment_status":"closed","ping_status":"open","sticky":false,"template":"","format":"standard","meta":{"jnews-multi-image_gallery":[],"jnews_single_post":{"format":"standard"},"jnews_primary_category":[],"footnotes":""},"categories":[29,25,21],"tags":[],"class_list":["post-11718","post","type-post","status-publish","format-standard","has-post-thumbnail","hentry","category-eventos","category-pesados-e-maquinas","category-pos-venda"],"yoast_head":"<!-- This site is optimized with the Yoast SEO Premium plugin v27.5 (Yoast SEO v27.5) - https:\/\/yoast.com\/product\/yoast-seo-premium-wordpress\/ -->\n<title>Autoengenhocas conquista Pr\u00e9mio Oficina Independente 2025 - Revista Automotive<\/title>\n<meta name=\"description\" content=\"A empresa Autoengenhocas, foi distinguida com o Pr\u00e9mio Oficina Independente 2025, na 9\u00aa edi\u00e7\u00e3o dos Pr\u00e9mios Fleet &amp; Service realizada pela Rev\" \/>\n<meta name=\"robots\" content=\"index, follow, max-snippet:-1, max-image-preview:large, max-video-preview:-1\" \/>\n<link rel=\"canonical\" href=\"https:\/\/automotiverevista.pt\/index.php\/2026\/01\/04\/autoengenhocas-conquista-premio-oficina-independente-2025\/\" \/>\n<meta property=\"og:locale\" content=\"pt_PT\" \/>\n<meta property=\"og:type\" content=\"article\" \/>\n<meta property=\"og:title\" content=\"Autoengenhocas conquista Pr\u00e9mio Oficina Independente 2025\" \/>\n<meta property=\"og:description\" content=\"A empresa Autoengenhocas, foi distinguida com o Pr\u00e9mio Oficina Independente 2025, na 9\u00aa edi\u00e7\u00e3o dos Pr\u00e9mios Fleet &amp; Service realizada pela Rev\" \/>\n<meta property=\"og:url\" content=\"https:\/\/automotiverevista.pt\/index.php\/2026\/01\/04\/autoengenhocas-conquista-premio-oficina-independente-2025\/\" \/>\n<meta property=\"og:site_name\" content=\"Revista Automotive\" \/>\n<meta property=\"article:published_time\" content=\"2026-01-04T06:36:00+00:00\" \/>\n<meta property=\"og:image\" content=\"https:\/\/automotiverevista.pt\/wp-content\/uploads\/2025\/12\/Sem-Titulo.jpg\" \/>\n\t<meta property=\"og:image:width\" content=\"1313\" \/>\n\t<meta property=\"og:image:height\" content=\"983\" \/>\n\t<meta property=\"og:image:type\" content=\"image\/jpeg\" \/>\n<meta name=\"author\" content=\"Fatima Silva\" \/>\n<meta name=\"twitter:card\" content=\"summary_large_image\" \/>\n<meta name=\"twitter:label1\" content=\"Escrito por\" \/>\n\t<meta name=\"twitter:data1\" content=\"Fatima Silva\" \/>\n\t<meta name=\"twitter:label2\" content=\"Tempo estimado de leitura\" \/>\n\t<meta name=\"twitter:data2\" content=\"2 minutos\" \/>\n<script type=\"application\/ld+json\" class=\"yoast-schema-graph\">{\"@context\":\"https:\\\/\\\/schema.org\",\"@graph\":[{\"@type\":\"Article\",\"@id\":\"https:\\\/\\\/automotiverevista.pt\\\/index.php\\\/2026\\\/01\\\/04\\\/autoengenhocas-conquista-premio-oficina-independente-2025\\\/#article\",\"isPartOf\":{\"@id\":\"https:\\\/\\\/automotiverevista.pt\\\/index.php\\\/2026\\\/01\\\/04\\\/autoengenhocas-conquista-premio-oficina-independente-2025\\\/\"},\"author\":{\"name\":\"Fatima Silva\",\"@id\":\"https:\\\/\\\/automotiverevista.pt\\\/#\\\/schema\\\/person\\\/1e95eb12553b8edd256acb00fe6dad4b\"},\"headline\":\"Autoengenhocas conquista Pr\u00e9mio Oficina Independente 2025\",\"datePublished\":\"2026-01-04T06:36:00+00:00\",\"mainEntityOfPage\":{\"@id\":\"https:\\\/\\\/automotiverevista.pt\\\/index.php\\\/2026\\\/01\\\/04\\\/autoengenhocas-conquista-premio-oficina-independente-2025\\\/\"},\"wordCount\":262,\"publisher\":{\"@id\":\"https:\\\/\\\/automotiverevista.pt\\\/#organization\"},\"image\":{\"@id\":\"https:\\\/\\\/automotiverevista.pt\\\/index.php\\\/2026\\\/01\\\/04\\\/autoengenhocas-conquista-premio-oficina-independente-2025\\\/#primaryimage\"},\"thumbnailUrl\":\"https:\\\/\\\/automotiverevista.pt\\\/wp-content\\\/uploads\\\/2025\\\/12\\\/Sem-Titulo.jpg\",\"articleSection\":[\"Eventos\",\"Pesados e M\u00e1quinas\",\"P\u00f3s-Venda\"],\"inLanguage\":\"pt-PT\"},{\"@type\":\"WebPage\",\"@id\":\"https:\\\/\\\/automotiverevista.pt\\\/index.php\\\/2026\\\/01\\\/04\\\/autoengenhocas-conquista-premio-oficina-independente-2025\\\/\",\"url\":\"https:\\\/\\\/automotiverevista.pt\\\/index.php\\\/2026\\\/01\\\/04\\\/autoengenhocas-conquista-premio-oficina-independente-2025\\\/\",\"name\":\"Autoengenhocas conquista Pr\u00e9mio Oficina Independente 2025 - Revista Automotive\",\"isPartOf\":{\"@id\":\"https:\\\/\\\/automotiverevista.pt\\\/#website\"},\"primaryImageOfPage\":{\"@id\":\"https:\\\/\\\/automotiverevista.pt\\\/index.php\\\/2026\\\/01\\\/04\\\/autoengenhocas-conquista-premio-oficina-independente-2025\\\/#primaryimage\"},\"image\":{\"@id\":\"https:\\\/\\\/automotiverevista.pt\\\/index.php\\\/2026\\\/01\\\/04\\\/autoengenhocas-conquista-premio-oficina-independente-2025\\\/#primaryimage\"},\"thumbnailUrl\":\"https:\\\/\\\/automotiverevista.pt\\\/wp-content\\\/uploads\\\/2025\\\/12\\\/Sem-Titulo.jpg\",\"datePublished\":\"2026-01-04T06:36:00+00:00\",\"description\":\"A empresa Autoengenhocas, foi distinguida com o Pr\u00e9mio Oficina Independente 2025, na 9\u00aa edi\u00e7\u00e3o dos Pr\u00e9mios Fleet & Service realizada pela Rev\",\"breadcrumb\":{\"@id\":\"https:\\\/\\\/automotiverevista.pt\\\/index.php\\\/2026\\\/01\\\/04\\\/autoengenhocas-conquista-premio-oficina-independente-2025\\\/#breadcrumb\"},\"inLanguage\":\"pt-PT\",\"potentialAction\":[{\"@type\":\"ReadAction\",\"target\":[\"https:\\\/\\\/automotiverevista.pt\\\/index.php\\\/2026\\\/01\\\/04\\\/autoengenhocas-conquista-premio-oficina-independente-2025\\\/\"]}]},{\"@type\":\"ImageObject\",\"inLanguage\":\"pt-PT\",\"@id\":\"https:\\\/\\\/automotiverevista.pt\\\/index.php\\\/2026\\\/01\\\/04\\\/autoengenhocas-conquista-premio-oficina-independente-2025\\\/#primaryimage\",\"url\":\"https:\\\/\\\/automotiverevista.pt\\\/wp-content\\\/uploads\\\/2025\\\/12\\\/Sem-Titulo.jpg\",\"contentUrl\":\"https:\\\/\\\/automotiverevista.pt\\\/wp-content\\\/uploads\\\/2025\\\/12\\\/Sem-Titulo.jpg\",\"width\":1313,\"height\":983,\"caption\":\"Ana Luisa Costa, da Administra\u00e7\u00e3o e Marketing da Coperol, entregou o pr\u00e9mio da Revista Automotive \u00e0 equipa da Autoengenhocas. Da esquerda para a direita, Jos\u00e9 In\u00e1cio, s\u00f3cio da Autoengenhocas; Manuel Matias, s\u00f3cio da Autoengenhocas, Ana Lu\u00edsa Costa, da Administra\u00e7\u00e3o e Marketing da Coperol; e Afonso Rodrigues, s\u00f3cio da Autoengenhocas.\"},{\"@type\":\"BreadcrumbList\",\"@id\":\"https:\\\/\\\/automotiverevista.pt\\\/index.php\\\/2026\\\/01\\\/04\\\/autoengenhocas-conquista-premio-oficina-independente-2025\\\/#breadcrumb\",\"itemListElement\":[{\"@type\":\"ListItem\",\"position\":1,\"name\":\"Home\",\"item\":\"https:\\\/\\\/automotiverevista.pt\\\/\"},{\"@type\":\"ListItem\",\"position\":2,\"name\":\"Autoengenhocas conquista Pr\u00e9mio Oficina Independente 2025\"}]},{\"@type\":\"WebSite\",\"@id\":\"https:\\\/\\\/automotiverevista.pt\\\/#website\",\"url\":\"https:\\\/\\\/automotiverevista.pt\\\/\",\"name\":\"Revista Automotive\",\"description\":\"Revista Automotive Portugal\",\"publisher\":{\"@id\":\"https:\\\/\\\/automotiverevista.pt\\\/#organization\"},\"potentialAction\":[{\"@type\":\"SearchAction\",\"target\":{\"@type\":\"EntryPoint\",\"urlTemplate\":\"https:\\\/\\\/automotiverevista.pt\\\/?s={search_term_string}\"},\"query-input\":{\"@type\":\"PropertyValueSpecification\",\"valueRequired\":true,\"valueName\":\"search_term_string\"}}],\"inLanguage\":\"pt-PT\"},{\"@type\":\"Organization\",\"@id\":\"https:\\\/\\\/automotiverevista.pt\\\/#organization\",\"name\":\"Revista Automotive Portugal\",\"url\":\"https:\\\/\\\/automotiverevista.pt\\\/\",\"logo\":{\"@type\":\"ImageObject\",\"inLanguage\":\"pt-PT\",\"@id\":\"https:\\\/\\\/automotiverevista.pt\\\/#\\\/schema\\\/logo\\\/image\\\/\",\"url\":\"https:\\\/\\\/automotiverevista.pt\\\/wp-content\\\/uploads\\\/2022\\\/07\\\/Logo-Automotive-2021_500-1.jpg\",\"contentUrl\":\"https:\\\/\\\/automotiverevista.pt\\\/wp-content\\\/uploads\\\/2022\\\/07\\\/Logo-Automotive-2021_500-1.jpg\",\"width\":500,\"height\":160,\"caption\":\"Revista Automotive Portugal\"},\"image\":{\"@id\":\"https:\\\/\\\/automotiverevista.pt\\\/#\\\/schema\\\/logo\\\/image\\\/\"},\"sameAs\":[\"https:\\\/\\\/linkedin.com\\\/in\\\/automotiverevista\"]},{\"@type\":\"Person\",\"@id\":\"https:\\\/\\\/automotiverevista.pt\\\/#\\\/schema\\\/person\\\/1e95eb12553b8edd256acb00fe6dad4b\",\"name\":\"Fatima Silva\",\"image\":{\"@type\":\"ImageObject\",\"inLanguage\":\"pt-PT\",\"@id\":\"https:\\\/\\\/secure.gravatar.com\\\/avatar\\\/4b4a955a9c1b66708ab0dd3bd6181ac1f650299d893bd337a28482f7f19c8511?s=96&d=mm&r=g\",\"url\":\"https:\\\/\\\/secure.gravatar.com\\\/avatar\\\/4b4a955a9c1b66708ab0dd3bd6181ac1f650299d893bd337a28482f7f19c8511?s=96&d=mm&r=g\",\"contentUrl\":\"https:\\\/\\\/secure.gravatar.com\\\/avatar\\\/4b4a955a9c1b66708ab0dd3bd6181ac1f650299d893bd337a28482f7f19c8511?s=96&d=mm&r=g\",\"caption\":\"Fatima Silva\"},\"url\":\"https:\\\/\\\/automotiverevista.pt\\\/index.php\\\/author\\\/fgasparsilva\\\/\"}]}<\/script>\n<!-- \/ Yoast SEO Premium plugin. -->","yoast_head_json":{"title":"Autoengenhocas conquista Pr\u00e9mio Oficina Independente 2025 - Revista Automotive","description":"A empresa Autoengenhocas, foi distinguida com o Pr\u00e9mio Oficina Independente 2025, na 9\u00aa edi\u00e7\u00e3o dos Pr\u00e9mios Fleet & Service realizada pela Rev","robots":{"index":"index","follow":"follow","max-snippet":"max-snippet:-1","max-image-preview":"max-image-preview:large","max-video-preview":"max-video-preview:-1"},"canonical":"https:\/\/automotiverevista.pt\/index.php\/2026\/01\/04\/autoengenhocas-conquista-premio-oficina-independente-2025\/","og_locale":"pt_PT","og_type":"article","og_title":"Autoengenhocas conquista Pr\u00e9mio Oficina Independente 2025","og_description":"A empresa Autoengenhocas, foi distinguida com o Pr\u00e9mio Oficina Independente 2025, na 9\u00aa edi\u00e7\u00e3o dos Pr\u00e9mios Fleet & Service realizada pela Rev","og_url":"https:\/\/automotiverevista.pt\/index.php\/2026\/01\/04\/autoengenhocas-conquista-premio-oficina-independente-2025\/","og_site_name":"Revista Automotive","article_published_time":"2026-01-04T06:36:00+00:00","og_image":[{"width":1313,"height":983,"url":"https:\/\/automotiverevista.pt\/wp-content\/uploads\/2025\/12\/Sem-Titulo.jpg","type":"image\/jpeg"}],"author":"Fatima Silva","twitter_card":"summary_large_image","twitter_misc":{"Escrito por":"Fatima Silva","Tempo estimado de leitura":"2 minutos"},"schema":{"@context":"https:\/\/schema.org","@graph":[{"@type":"Article","@id":"https:\/\/automotiverevista.pt\/index.php\/2026\/01\/04\/autoengenhocas-conquista-premio-oficina-independente-2025\/#article","isPartOf":{"@id":"https:\/\/automotiverevista.pt\/index.php\/2026\/01\/04\/autoengenhocas-conquista-premio-oficina-independente-2025\/"},"author":{"name":"Fatima Silva","@id":"https:\/\/automotiverevista.pt\/#\/schema\/person\/1e95eb12553b8edd256acb00fe6dad4b"},"headline":"Autoengenhocas conquista Pr\u00e9mio Oficina Independente 2025","datePublished":"2026-01-04T06:36:00+00:00","mainEntityOfPage":{"@id":"https:\/\/automotiverevista.pt\/index.php\/2026\/01\/04\/autoengenhocas-conquista-premio-oficina-independente-2025\/"},"wordCount":262,"publisher":{"@id":"https:\/\/automotiverevista.pt\/#organization"},"image":{"@id":"https:\/\/automotiverevista.pt\/index.php\/2026\/01\/04\/autoengenhocas-conquista-premio-oficina-independente-2025\/#primaryimage"},"thumbnailUrl":"https:\/\/automotiverevista.pt\/wp-content\/uploads\/2025\/12\/Sem-Titulo.jpg","articleSection":["Eventos","Pesados e M\u00e1quinas","P\u00f3s-Venda"],"inLanguage":"pt-PT"},{"@type":"WebPage","@id":"https:\/\/automotiverevista.pt\/index.php\/2026\/01\/04\/autoengenhocas-conquista-premio-oficina-independente-2025\/","url":"https:\/\/automotiverevista.pt\/index.php\/2026\/01\/04\/autoengenhocas-conquista-premio-oficina-independente-2025\/","name":"Autoengenhocas conquista Pr\u00e9mio Oficina Independente 2025 - Revista Automotive","isPartOf":{"@id":"https:\/\/automotiverevista.pt\/#website"},"primaryImageOfPage":{"@id":"https:\/\/automotiverevista.pt\/index.php\/2026\/01\/04\/autoengenhocas-conquista-premio-oficina-independente-2025\/#primaryimage"},"image":{"@id":"https:\/\/automotiverevista.pt\/index.php\/2026\/01\/04\/autoengenhocas-conquista-premio-oficina-independente-2025\/#primaryimage"},"thumbnailUrl":"https:\/\/automotiverevista.pt\/wp-content\/uploads\/2025\/12\/Sem-Titulo.jpg","datePublished":"2026-01-04T06:36:00+00:00","description":"A empresa Autoengenhocas, foi distinguida com o Pr\u00e9mio Oficina Independente 2025, na 9\u00aa edi\u00e7\u00e3o dos Pr\u00e9mios Fleet & Service realizada pela Rev","breadcrumb":{"@id":"https:\/\/automotiverevista.pt\/index.php\/2026\/01\/04\/autoengenhocas-conquista-premio-oficina-independente-2025\/#breadcrumb"},"inLanguage":"pt-PT","potentialAction":[{"@type":"ReadAction","target":["https:\/\/automotiverevista.pt\/index.php\/2026\/01\/04\/autoengenhocas-conquista-premio-oficina-independente-2025\/"]}]},{"@type":"ImageObject","inLanguage":"pt-PT","@id":"https:\/\/automotiverevista.pt\/index.php\/2026\/01\/04\/autoengenhocas-conquista-premio-oficina-independente-2025\/#primaryimage","url":"https:\/\/automotiverevista.pt\/wp-content\/uploads\/2025\/12\/Sem-Titulo.jpg","contentUrl":"https:\/\/automotiverevista.pt\/wp-content\/uploads\/2025\/12\/Sem-Titulo.jpg","width":1313,"height":983,"caption":"Ana Luisa Costa, da Administra\u00e7\u00e3o e Marketing da Coperol, entregou o pr\u00e9mio da Revista Automotive \u00e0 equipa da Autoengenhocas. Da esquerda para a direita, Jos\u00e9 In\u00e1cio, s\u00f3cio da Autoengenhocas; Manuel Matias, s\u00f3cio da Autoengenhocas, Ana Lu\u00edsa Costa, da Administra\u00e7\u00e3o e Marketing da Coperol; e Afonso Rodrigues, s\u00f3cio da Autoengenhocas."},{"@type":"BreadcrumbList","@id":"https:\/\/automotiverevista.pt\/index.php\/2026\/01\/04\/autoengenhocas-conquista-premio-oficina-independente-2025\/#breadcrumb","itemListElement":[{"@type":"ListItem","position":1,"name":"Home","item":"https:\/\/automotiverevista.pt\/"},{"@type":"ListItem","position":2,"name":"Autoengenhocas conquista Pr\u00e9mio Oficina Independente 2025"}]},{"@type":"WebSite","@id":"https:\/\/automotiverevista.pt\/#website","url":"https:\/\/automotiverevista.pt\/","name":"Revista Automotive","description":"Revista Automotive Portugal","publisher":{"@id":"https:\/\/automotiverevista.pt\/#organization"},"potentialAction":[{"@type":"SearchAction","target":{"@type":"EntryPoint","urlTemplate":"https:\/\/automotiverevista.pt\/?s={search_term_string}"},"query-input":{"@type":"PropertyValueSpecification","valueRequired":true,"valueName":"search_term_string"}}],"inLanguage":"pt-PT"},{"@type":"Organization","@id":"https:\/\/automotiverevista.pt\/#organization","name":"Revista Automotive Portugal","url":"https:\/\/automotiverevista.pt\/","logo":{"@type":"ImageObject","inLanguage":"pt-PT","@id":"https:\/\/automotiverevista.pt\/#\/schema\/logo\/image\/","url":"https:\/\/automotiverevista.pt\/wp-content\/uploads\/2022\/07\/Logo-Automotive-2021_500-1.jpg","contentUrl":"https:\/\/automotiverevista.pt\/wp-content\/uploads\/2022\/07\/Logo-Automotive-2021_500-1.jpg","width":500,"height":160,"caption":"Revista Automotive Portugal"},"image":{"@id":"https:\/\/automotiverevista.pt\/#\/schema\/logo\/image\/"},"sameAs":["https:\/\/linkedin.com\/in\/automotiverevista"]},{"@type":"Person","@id":"https:\/\/automotiverevista.pt\/#\/schema\/person\/1e95eb12553b8edd256acb00fe6dad4b","name":"Fatima Silva","image":{"@type":"ImageObject","inLanguage":"pt-PT","@id":"https:\/\/secure.gravatar.com\/avatar\/4b4a955a9c1b66708ab0dd3bd6181ac1f650299d893bd337a28482f7f19c8511?s=96&d=mm&r=g","url":"https:\/\/secure.gravatar.com\/avatar\/4b4a955a9c1b66708ab0dd3bd6181ac1f650299d893bd337a28482f7f19c8511?s=96&d=mm&r=g","contentUrl":"https:\/\/secure.gravatar.com\/avatar\/4b4a955a9c1b66708ab0dd3bd6181ac1f650299d893bd337a28482f7f19c8511?s=96&d=mm&r=g","caption":"Fatima Silva"},"url":"https:\/\/automotiverevista.pt\/index.php\/author\/fgasparsilva\/"}]}},"_links":{"self":[{"href":"https:\/\/automotiverevista.pt\/index.php\/wp-json\/wp\/v2\/posts\/11718","targetHints":{"allow":["GET"]}}],"collection":[{"href":"https:\/\/automotiverevista.pt\/index.php\/wp-json\/wp\/v2\/posts"}],"about":[{"href":"https:\/\/automotiverevista.pt\/index.php\/wp-json\/wp\/v2\/types\/post"}],"author":[{"embeddable":true,"href":"https:\/\/automotiverevista.pt\/index.php\/wp-json\/wp\/v2\/users\/4"}],"replies":[{"embeddable":true,"href":"https:\/\/automotiverevista.pt\/index.php\/wp-json\/wp\/v2\/comments?post=11718"}],"version-history":[{"count":1,"href":"https:\/\/automotiverevista.pt\/index.php\/wp-json\/wp\/v2\/posts\/11718\/revisions"}],"predecessor-version":[{"id":11720,"href":"https:\/\/automotiverevista.pt\/index.php\/wp-json\/wp\/v2\/posts\/11718\/revisions\/11720"}],"wp:featuredmedia":[{"embeddable":true,"href":"https:\/\/automotiverevista.pt\/index.php\/wp-json\/wp\/v2\/media\/11721"}],"wp:attachment":[{"href":"https:\/\/automotiverevista.pt\/index.php\/wp-json\/wp\/v2\/media?parent=11718"}],"wp:term":[{"taxonomy":"category","embeddable":true,"href":"https:\/\/automotiverevista.pt\/index.php\/wp-json\/wp\/v2\/categories?post=11718"},{"taxonomy":"post_tag","embeddable":true,"href":"https:\/\/automotiverevista.pt\/index.php\/wp-json\/wp\/v2\/tags?post=11718"}],"curies":[{"name":"wp","href":"https:\/\/api.w.org\/{rel}","templated":true}]}}