{"id":11725,"date":"2026-01-08T14:35:00","date_gmt":"2026-01-08T14:35:00","guid":{"rendered":"https:\/\/automotiverevista.pt\/?p=11725"},"modified":"2026-01-06T21:01:41","modified_gmt":"2026-01-06T21:01:41","slug":"bauma-vence-premio-salao-internacional-2025","status":"publish","type":"post","link":"https:\/\/automotiverevista.pt\/index.php\/2026\/01\/08\/bauma-vence-premio-salao-internacional-2025\/","title":{"rendered":"BAUMA vence Pr\u00e9mio Sal\u00e3o Internacional 2025"},"content":{"rendered":"\n<p>O <strong>Pr\u00e9mio Sal\u00e3o Internacional<\/strong> foi atribu\u00eddo pela Revista Automotive Portugal ao sal\u00e3o BAUMA 2025 realizado em Munique (Alemanha), pela sua import\u00e2ncia e abrang\u00eancia no setor de m\u00e1quinas, dimens\u00e3o, capacidade de organiza\u00e7\u00e3o, comunica\u00e7\u00e3o e qualidade proporcionada aos visitantes, expositores e media.<\/p>\n\n\n\n<p>Na foto, <strong>T\u00e2nia Mutert de Barros<\/strong>, administradora da Mundifeiras (representante oficial da Feira de Munique em Portugal), recebe o Pr\u00e9mio de Eduardo Gaspar, diretor da Revista Automotive.<\/p>\n\n\n\n<p>BAUMA soube receber condignamente os seus mais de meio milh\u00e3o de visitantes, num ambiente muito amplo e seguro, sempre limpo, e com um eficiente servi\u00e7o de transportes desde o aeroporto de Munique at\u00e9 ao recinto da exposi\u00e7\u00e3o. Um sal\u00e3o cativante que conseguiu atrair tr\u00eas gera\u00e7\u00f5es: av\u00f3s, filhos e netos; imbu\u00eddos do maior prazer em poder ver de perto uma multitude e variedade de equipamentos para todos os trabalhos e ocasi\u00f5es.<\/p>\n\n\n\n<p>Dentre os 3600 expositores internacionais, 15 eram portugueses refletindo um aumento de 40% em rela\u00e7\u00e3o \u00e0 edi\u00e7\u00e3o anterior. Esta presen\u00e7a t\u00e3o significativa, comprova que h\u00e1 empresas portuguesas com capacidade, potencial e din\u00e2mica para realiza\u00e7\u00e3o de bons e promissores neg\u00f3cios. Meio milh\u00e3o de visitantes tamb\u00e9m \u00e9 reflexo de qualidade, at\u00e9 porque, o p\u00fablico visitante n\u00e3o estava \u00e0 procura de brindes, mas sim de informa\u00e7\u00f5es, novos equipamentos, solu\u00e7\u00f5es mais eficientes e acima de tudo, dinamizar contatos e neg\u00f3cios.&nbsp;<\/p>\n\n\n\n<p>BAUMA tem uma excelente rela\u00e7\u00e3o com os expositores, imprensa, fornecedores e com os visitantes em geral. Disp\u00f5e de uma equipa s\u00f3lida, din\u00e2mica, experiente, comunicativa e motivada, sempre pr\u00f3xima do expositor. Tamb\u00e9m conta com uma representa\u00e7\u00e3o em Portuga, que incentiva as empresas a investirem em eventos de qualidade e com resultados mensur\u00e1veis.<\/p>\n\n\n<div class=\"wp-block-image\">\n<figure class=\"aligncenter size-large is-resized\"><img decoding=\"async\" width=\"1024\" height=\"683\" src=\"https:\/\/automotiverevista.pt\/wp-content\/uploads\/2025\/12\/IMG_2940-1024x683.jpg\" alt=\"\" class=\"wp-image-11727\" style=\"width:966px;height:auto\" srcset=\"https:\/\/automotiverevista.pt\/wp-content\/uploads\/2025\/12\/IMG_2940-1024x683.jpg 1024w, https:\/\/automotiverevista.pt\/wp-content\/uploads\/2025\/12\/IMG_2940-300x200.jpg 300w, https:\/\/automotiverevista.pt\/wp-content\/uploads\/2025\/12\/IMG_2940-768x512.jpg 768w, https:\/\/automotiverevista.pt\/wp-content\/uploads\/2025\/12\/IMG_2940-750x500.jpg 750w, https:\/\/automotiverevista.pt\/wp-content\/uploads\/2025\/12\/IMG_2940-1140x760.jpg 1140w, https:\/\/automotiverevista.pt\/wp-content\/uploads\/2025\/12\/IMG_2940.jpg 1500w\" sizes=\"(max-width: 1024px) 100vw, 1024px\" \/><\/figure>\n<\/div>","protected":false},"excerpt":{"rendered":"<p>O Pr\u00e9mio Sal\u00e3o Internacional foi atribu\u00eddo pela Revista Automotive Portugal ao sal\u00e3o BAUMA 2025 realizado em Munique (Alemanha), pela sua import\u00e2ncia e abrang\u00eancia no setor de m\u00e1quinas, dimens\u00e3o, capacidade de organiza\u00e7\u00e3o, comunica\u00e7\u00e3o e qualidade proporcionada aos visitantes, expositores e media. Na foto, T\u00e2nia Mutert de Barros, administradora da Mundifeiras (representante oficial da Feira de Munique [&hellip;]<\/p>\n","protected":false},"author":4,"featured_media":11961,"comment_status":"closed","ping_status":"open","sticky":false,"template":"","format":"standard","meta":{"jnews-multi-image_gallery":[],"jnews_single_post":{"format":"standard"},"jnews_primary_category":[],"footnotes":""},"categories":[29,23,25],"tags":[],"class_list":["post-11725","post","type-post","status-publish","format-standard","has-post-thumbnail","hentry","category-eventos","category-frotas","category-pesados-e-maquinas"],"yoast_head":"<!-- This site is optimized with the Yoast SEO Premium plugin v27.5 (Yoast SEO v27.5) - https:\/\/yoast.com\/product\/yoast-seo-premium-wordpress\/ -->\n<title>BAUMA vence Pr\u00e9mio Sal\u00e3o Internacional 2025 - Revista Automotive<\/title>\n<meta name=\"robots\" content=\"index, follow, max-snippet:-1, max-image-preview:large, max-video-preview:-1\" \/>\n<link rel=\"canonical\" href=\"https:\/\/automotiverevista.pt\/index.php\/2026\/01\/08\/bauma-vence-premio-salao-internacional-2025\/\" \/>\n<meta property=\"og:locale\" content=\"pt_PT\" \/>\n<meta property=\"og:type\" content=\"article\" \/>\n<meta property=\"og:title\" content=\"BAUMA vence Pr\u00e9mio Sal\u00e3o Internacional 2025\" \/>\n<meta property=\"og:description\" content=\"O Pr\u00e9mio Sal\u00e3o Internacional foi atribu\u00eddo pela Revista Automotive Portugal ao sal\u00e3o BAUMA 2025 realizado em Munique (Alemanha), pela sua import\u00e2ncia e abrang\u00eancia no setor de m\u00e1quinas, dimens\u00e3o, capacidade de organiza\u00e7\u00e3o, comunica\u00e7\u00e3o e qualidade proporcionada aos visitantes, expositores e media. Na foto, T\u00e2nia Mutert de Barros, administradora da Mundifeiras (representante oficial da Feira de Munique [&hellip;]\" \/>\n<meta property=\"og:url\" content=\"https:\/\/automotiverevista.pt\/index.php\/2026\/01\/08\/bauma-vence-premio-salao-internacional-2025\/\" \/>\n<meta property=\"og:site_name\" content=\"Revista Automotive\" \/>\n<meta property=\"article:published_time\" content=\"2026-01-08T14:35:00+00:00\" \/>\n<meta property=\"og:image\" content=\"https:\/\/automotiverevista.pt\/wp-content\/uploads\/2025\/12\/IMG_5809_low.jpg\" \/>\n\t<meta property=\"og:image:width\" content=\"1200\" \/>\n\t<meta property=\"og:image:height\" content=\"800\" \/>\n\t<meta property=\"og:image:type\" content=\"image\/jpeg\" \/>\n<meta name=\"author\" content=\"Fatima Silva\" \/>\n<meta name=\"twitter:card\" content=\"summary_large_image\" \/>\n<meta name=\"twitter:label1\" content=\"Escrito por\" \/>\n\t<meta name=\"twitter:data1\" content=\"Fatima Silva\" \/>\n\t<meta name=\"twitter:label2\" content=\"Tempo estimado de leitura\" \/>\n\t<meta name=\"twitter:data2\" content=\"2 minutos\" \/>\n<script type=\"application\/ld+json\" class=\"yoast-schema-graph\">{\"@context\":\"https:\\\/\\\/schema.org\",\"@graph\":[{\"@type\":\"Article\",\"@id\":\"https:\\\/\\\/automotiverevista.pt\\\/index.php\\\/2026\\\/01\\\/08\\\/bauma-vence-premio-salao-internacional-2025\\\/#article\",\"isPartOf\":{\"@id\":\"https:\\\/\\\/automotiverevista.pt\\\/index.php\\\/2026\\\/01\\\/08\\\/bauma-vence-premio-salao-internacional-2025\\\/\"},\"author\":{\"name\":\"Fatima Silva\",\"@id\":\"https:\\\/\\\/automotiverevista.pt\\\/#\\\/schema\\\/person\\\/1e95eb12553b8edd256acb00fe6dad4b\"},\"headline\":\"BAUMA vence Pr\u00e9mio Sal\u00e3o Internacional 2025\",\"datePublished\":\"2026-01-08T14:35:00+00:00\",\"mainEntityOfPage\":{\"@id\":\"https:\\\/\\\/automotiverevista.pt\\\/index.php\\\/2026\\\/01\\\/08\\\/bauma-vence-premio-salao-internacional-2025\\\/\"},\"wordCount\":308,\"publisher\":{\"@id\":\"https:\\\/\\\/automotiverevista.pt\\\/#organization\"},\"image\":{\"@id\":\"https:\\\/\\\/automotiverevista.pt\\\/index.php\\\/2026\\\/01\\\/08\\\/bauma-vence-premio-salao-internacional-2025\\\/#primaryimage\"},\"thumbnailUrl\":\"https:\\\/\\\/automotiverevista.pt\\\/wp-content\\\/uploads\\\/2025\\\/12\\\/IMG_5809_low.jpg\",\"articleSection\":[\"Eventos\",\"Frotas\",\"Pesados e M\u00e1quinas\"],\"inLanguage\":\"pt-PT\"},{\"@type\":\"WebPage\",\"@id\":\"https:\\\/\\\/automotiverevista.pt\\\/index.php\\\/2026\\\/01\\\/08\\\/bauma-vence-premio-salao-internacional-2025\\\/\",\"url\":\"https:\\\/\\\/automotiverevista.pt\\\/index.php\\\/2026\\\/01\\\/08\\\/bauma-vence-premio-salao-internacional-2025\\\/\",\"name\":\"BAUMA vence Pr\u00e9mio Sal\u00e3o Internacional 2025 - Revista Automotive\",\"isPartOf\":{\"@id\":\"https:\\\/\\\/automotiverevista.pt\\\/#website\"},\"primaryImageOfPage\":{\"@id\":\"https:\\\/\\\/automotiverevista.pt\\\/index.php\\\/2026\\\/01\\\/08\\\/bauma-vence-premio-salao-internacional-2025\\\/#primaryimage\"},\"image\":{\"@id\":\"https:\\\/\\\/automotiverevista.pt\\\/index.php\\\/2026\\\/01\\\/08\\\/bauma-vence-premio-salao-internacional-2025\\\/#primaryimage\"},\"thumbnailUrl\":\"https:\\\/\\\/automotiverevista.pt\\\/wp-content\\\/uploads\\\/2025\\\/12\\\/IMG_5809_low.jpg\",\"datePublished\":\"2026-01-08T14:35:00+00:00\",\"breadcrumb\":{\"@id\":\"https:\\\/\\\/automotiverevista.pt\\\/index.php\\\/2026\\\/01\\\/08\\\/bauma-vence-premio-salao-internacional-2025\\\/#breadcrumb\"},\"inLanguage\":\"pt-PT\",\"potentialAction\":[{\"@type\":\"ReadAction\",\"target\":[\"https:\\\/\\\/automotiverevista.pt\\\/index.php\\\/2026\\\/01\\\/08\\\/bauma-vence-premio-salao-internacional-2025\\\/\"]}]},{\"@type\":\"ImageObject\",\"inLanguage\":\"pt-PT\",\"@id\":\"https:\\\/\\\/automotiverevista.pt\\\/index.php\\\/2026\\\/01\\\/08\\\/bauma-vence-premio-salao-internacional-2025\\\/#primaryimage\",\"url\":\"https:\\\/\\\/automotiverevista.pt\\\/wp-content\\\/uploads\\\/2025\\\/12\\\/IMG_5809_low.jpg\",\"contentUrl\":\"https:\\\/\\\/automotiverevista.pt\\\/wp-content\\\/uploads\\\/2025\\\/12\\\/IMG_5809_low.jpg\",\"width\":1200,\"height\":800},{\"@type\":\"BreadcrumbList\",\"@id\":\"https:\\\/\\\/automotiverevista.pt\\\/index.php\\\/2026\\\/01\\\/08\\\/bauma-vence-premio-salao-internacional-2025\\\/#breadcrumb\",\"itemListElement\":[{\"@type\":\"ListItem\",\"position\":1,\"name\":\"Home\",\"item\":\"https:\\\/\\\/automotiverevista.pt\\\/\"},{\"@type\":\"ListItem\",\"position\":2,\"name\":\"BAUMA vence Pr\u00e9mio Sal\u00e3o Internacional 2025\"}]},{\"@type\":\"WebSite\",\"@id\":\"https:\\\/\\\/automotiverevista.pt\\\/#website\",\"url\":\"https:\\\/\\\/automotiverevista.pt\\\/\",\"name\":\"Revista Automotive\",\"description\":\"Revista Automotive Portugal\",\"publisher\":{\"@id\":\"https:\\\/\\\/automotiverevista.pt\\\/#organization\"},\"potentialAction\":[{\"@type\":\"SearchAction\",\"target\":{\"@type\":\"EntryPoint\",\"urlTemplate\":\"https:\\\/\\\/automotiverevista.pt\\\/?s={search_term_string}\"},\"query-input\":{\"@type\":\"PropertyValueSpecification\",\"valueRequired\":true,\"valueName\":\"search_term_string\"}}],\"inLanguage\":\"pt-PT\"},{\"@type\":\"Organization\",\"@id\":\"https:\\\/\\\/automotiverevista.pt\\\/#organization\",\"name\":\"Revista Automotive Portugal\",\"url\":\"https:\\\/\\\/automotiverevista.pt\\\/\",\"logo\":{\"@type\":\"ImageObject\",\"inLanguage\":\"pt-PT\",\"@id\":\"https:\\\/\\\/automotiverevista.pt\\\/#\\\/schema\\\/logo\\\/image\\\/\",\"url\":\"https:\\\/\\\/automotiverevista.pt\\\/wp-content\\\/uploads\\\/2022\\\/07\\\/Logo-Automotive-2021_500-1.jpg\",\"contentUrl\":\"https:\\\/\\\/automotiverevista.pt\\\/wp-content\\\/uploads\\\/2022\\\/07\\\/Logo-Automotive-2021_500-1.jpg\",\"width\":500,\"height\":160,\"caption\":\"Revista Automotive Portugal\"},\"image\":{\"@id\":\"https:\\\/\\\/automotiverevista.pt\\\/#\\\/schema\\\/logo\\\/image\\\/\"},\"sameAs\":[\"https:\\\/\\\/linkedin.com\\\/in\\\/automotiverevista\"]},{\"@type\":\"Person\",\"@id\":\"https:\\\/\\\/automotiverevista.pt\\\/#\\\/schema\\\/person\\\/1e95eb12553b8edd256acb00fe6dad4b\",\"name\":\"Fatima Silva\",\"image\":{\"@type\":\"ImageObject\",\"inLanguage\":\"pt-PT\",\"@id\":\"https:\\\/\\\/secure.gravatar.com\\\/avatar\\\/4b4a955a9c1b66708ab0dd3bd6181ac1f650299d893bd337a28482f7f19c8511?s=96&d=mm&r=g\",\"url\":\"https:\\\/\\\/secure.gravatar.com\\\/avatar\\\/4b4a955a9c1b66708ab0dd3bd6181ac1f650299d893bd337a28482f7f19c8511?s=96&d=mm&r=g\",\"contentUrl\":\"https:\\\/\\\/secure.gravatar.com\\\/avatar\\\/4b4a955a9c1b66708ab0dd3bd6181ac1f650299d893bd337a28482f7f19c8511?s=96&d=mm&r=g\",\"caption\":\"Fatima Silva\"},\"url\":\"https:\\\/\\\/automotiverevista.pt\\\/index.php\\\/author\\\/fgasparsilva\\\/\"}]}<\/script>\n<!-- \/ Yoast SEO Premium plugin. -->","yoast_head_json":{"title":"BAUMA vence Pr\u00e9mio Sal\u00e3o Internacional 2025 - Revista Automotive","robots":{"index":"index","follow":"follow","max-snippet":"max-snippet:-1","max-image-preview":"max-image-preview:large","max-video-preview":"max-video-preview:-1"},"canonical":"https:\/\/automotiverevista.pt\/index.php\/2026\/01\/08\/bauma-vence-premio-salao-internacional-2025\/","og_locale":"pt_PT","og_type":"article","og_title":"BAUMA vence Pr\u00e9mio Sal\u00e3o Internacional 2025","og_description":"O Pr\u00e9mio Sal\u00e3o Internacional foi atribu\u00eddo pela Revista Automotive Portugal ao sal\u00e3o BAUMA 2025 realizado em Munique (Alemanha), pela sua import\u00e2ncia e abrang\u00eancia no setor de m\u00e1quinas, dimens\u00e3o, capacidade de organiza\u00e7\u00e3o, comunica\u00e7\u00e3o e qualidade proporcionada aos visitantes, expositores e media. Na foto, T\u00e2nia Mutert de Barros, administradora da Mundifeiras (representante oficial da Feira de Munique [&hellip;]","og_url":"https:\/\/automotiverevista.pt\/index.php\/2026\/01\/08\/bauma-vence-premio-salao-internacional-2025\/","og_site_name":"Revista Automotive","article_published_time":"2026-01-08T14:35:00+00:00","og_image":[{"width":1200,"height":800,"url":"https:\/\/automotiverevista.pt\/wp-content\/uploads\/2025\/12\/IMG_5809_low.jpg","type":"image\/jpeg"}],"author":"Fatima Silva","twitter_card":"summary_large_image","twitter_misc":{"Escrito por":"Fatima Silva","Tempo estimado de leitura":"2 minutos"},"schema":{"@context":"https:\/\/schema.org","@graph":[{"@type":"Article","@id":"https:\/\/automotiverevista.pt\/index.php\/2026\/01\/08\/bauma-vence-premio-salao-internacional-2025\/#article","isPartOf":{"@id":"https:\/\/automotiverevista.pt\/index.php\/2026\/01\/08\/bauma-vence-premio-salao-internacional-2025\/"},"author":{"name":"Fatima Silva","@id":"https:\/\/automotiverevista.pt\/#\/schema\/person\/1e95eb12553b8edd256acb00fe6dad4b"},"headline":"BAUMA vence Pr\u00e9mio Sal\u00e3o Internacional 2025","datePublished":"2026-01-08T14:35:00+00:00","mainEntityOfPage":{"@id":"https:\/\/automotiverevista.pt\/index.php\/2026\/01\/08\/bauma-vence-premio-salao-internacional-2025\/"},"wordCount":308,"publisher":{"@id":"https:\/\/automotiverevista.pt\/#organization"},"image":{"@id":"https:\/\/automotiverevista.pt\/index.php\/2026\/01\/08\/bauma-vence-premio-salao-internacional-2025\/#primaryimage"},"thumbnailUrl":"https:\/\/automotiverevista.pt\/wp-content\/uploads\/2025\/12\/IMG_5809_low.jpg","articleSection":["Eventos","Frotas","Pesados e M\u00e1quinas"],"inLanguage":"pt-PT"},{"@type":"WebPage","@id":"https:\/\/automotiverevista.pt\/index.php\/2026\/01\/08\/bauma-vence-premio-salao-internacional-2025\/","url":"https:\/\/automotiverevista.pt\/index.php\/2026\/01\/08\/bauma-vence-premio-salao-internacional-2025\/","name":"BAUMA vence Pr\u00e9mio Sal\u00e3o Internacional 2025 - Revista Automotive","isPartOf":{"@id":"https:\/\/automotiverevista.pt\/#website"},"primaryImageOfPage":{"@id":"https:\/\/automotiverevista.pt\/index.php\/2026\/01\/08\/bauma-vence-premio-salao-internacional-2025\/#primaryimage"},"image":{"@id":"https:\/\/automotiverevista.pt\/index.php\/2026\/01\/08\/bauma-vence-premio-salao-internacional-2025\/#primaryimage"},"thumbnailUrl":"https:\/\/automotiverevista.pt\/wp-content\/uploads\/2025\/12\/IMG_5809_low.jpg","datePublished":"2026-01-08T14:35:00+00:00","breadcrumb":{"@id":"https:\/\/automotiverevista.pt\/index.php\/2026\/01\/08\/bauma-vence-premio-salao-internacional-2025\/#breadcrumb"},"inLanguage":"pt-PT","potentialAction":[{"@type":"ReadAction","target":["https:\/\/automotiverevista.pt\/index.php\/2026\/01\/08\/bauma-vence-premio-salao-internacional-2025\/"]}]},{"@type":"ImageObject","inLanguage":"pt-PT","@id":"https:\/\/automotiverevista.pt\/index.php\/2026\/01\/08\/bauma-vence-premio-salao-internacional-2025\/#primaryimage","url":"https:\/\/automotiverevista.pt\/wp-content\/uploads\/2025\/12\/IMG_5809_low.jpg","contentUrl":"https:\/\/automotiverevista.pt\/wp-content\/uploads\/2025\/12\/IMG_5809_low.jpg","width":1200,"height":800},{"@type":"BreadcrumbList","@id":"https:\/\/automotiverevista.pt\/index.php\/2026\/01\/08\/bauma-vence-premio-salao-internacional-2025\/#breadcrumb","itemListElement":[{"@type":"ListItem","position":1,"name":"Home","item":"https:\/\/automotiverevista.pt\/"},{"@type":"ListItem","position":2,"name":"BAUMA vence Pr\u00e9mio Sal\u00e3o Internacional 2025"}]},{"@type":"WebSite","@id":"https:\/\/automotiverevista.pt\/#website","url":"https:\/\/automotiverevista.pt\/","name":"Revista Automotive","description":"Revista Automotive Portugal","publisher":{"@id":"https:\/\/automotiverevista.pt\/#organization"},"potentialAction":[{"@type":"SearchAction","target":{"@type":"EntryPoint","urlTemplate":"https:\/\/automotiverevista.pt\/?s={search_term_string}"},"query-input":{"@type":"PropertyValueSpecification","valueRequired":true,"valueName":"search_term_string"}}],"inLanguage":"pt-PT"},{"@type":"Organization","@id":"https:\/\/automotiverevista.pt\/#organization","name":"Revista Automotive Portugal","url":"https:\/\/automotiverevista.pt\/","logo":{"@type":"ImageObject","inLanguage":"pt-PT","@id":"https:\/\/automotiverevista.pt\/#\/schema\/logo\/image\/","url":"https:\/\/automotiverevista.pt\/wp-content\/uploads\/2022\/07\/Logo-Automotive-2021_500-1.jpg","contentUrl":"https:\/\/automotiverevista.pt\/wp-content\/uploads\/2022\/07\/Logo-Automotive-2021_500-1.jpg","width":500,"height":160,"caption":"Revista Automotive Portugal"},"image":{"@id":"https:\/\/automotiverevista.pt\/#\/schema\/logo\/image\/"},"sameAs":["https:\/\/linkedin.com\/in\/automotiverevista"]},{"@type":"Person","@id":"https:\/\/automotiverevista.pt\/#\/schema\/person\/1e95eb12553b8edd256acb00fe6dad4b","name":"Fatima Silva","image":{"@type":"ImageObject","inLanguage":"pt-PT","@id":"https:\/\/secure.gravatar.com\/avatar\/4b4a955a9c1b66708ab0dd3bd6181ac1f650299d893bd337a28482f7f19c8511?s=96&d=mm&r=g","url":"https:\/\/secure.gravatar.com\/avatar\/4b4a955a9c1b66708ab0dd3bd6181ac1f650299d893bd337a28482f7f19c8511?s=96&d=mm&r=g","contentUrl":"https:\/\/secure.gravatar.com\/avatar\/4b4a955a9c1b66708ab0dd3bd6181ac1f650299d893bd337a28482f7f19c8511?s=96&d=mm&r=g","caption":"Fatima Silva"},"url":"https:\/\/automotiverevista.pt\/index.php\/author\/fgasparsilva\/"}]}},"_links":{"self":[{"href":"https:\/\/automotiverevista.pt\/index.php\/wp-json\/wp\/v2\/posts\/11725","targetHints":{"allow":["GET"]}}],"collection":[{"href":"https:\/\/automotiverevista.pt\/index.php\/wp-json\/wp\/v2\/posts"}],"about":[{"href":"https:\/\/automotiverevista.pt\/index.php\/wp-json\/wp\/v2\/types\/post"}],"author":[{"embeddable":true,"href":"https:\/\/automotiverevista.pt\/index.php\/wp-json\/wp\/v2\/users\/4"}],"replies":[{"embeddable":true,"href":"https:\/\/automotiverevista.pt\/index.php\/wp-json\/wp\/v2\/comments?post=11725"}],"version-history":[{"count":2,"href":"https:\/\/automotiverevista.pt\/index.php\/wp-json\/wp\/v2\/posts\/11725\/revisions"}],"predecessor-version":[{"id":11963,"href":"https:\/\/automotiverevista.pt\/index.php\/wp-json\/wp\/v2\/posts\/11725\/revisions\/11963"}],"wp:featuredmedia":[{"embeddable":true,"href":"https:\/\/automotiverevista.pt\/index.php\/wp-json\/wp\/v2\/media\/11961"}],"wp:attachment":[{"href":"https:\/\/automotiverevista.pt\/index.php\/wp-json\/wp\/v2\/media?parent=11725"}],"wp:term":[{"taxonomy":"category","embeddable":true,"href":"https:\/\/automotiverevista.pt\/index.php\/wp-json\/wp\/v2\/categories?post=11725"},{"taxonomy":"post_tag","embeddable":true,"href":"https:\/\/automotiverevista.pt\/index.php\/wp-json\/wp\/v2\/tags?post=11725"}],"curies":[{"name":"wp","href":"https:\/\/api.w.org\/{rel}","templated":true}]}}