{"id":11734,"date":"2025-12-24T12:16:58","date_gmt":"2025-12-24T12:16:58","guid":{"rendered":"https:\/\/automotiverevista.pt\/?p=11734"},"modified":"2025-12-23T10:22:26","modified_gmt":"2025-12-23T10:22:26","slug":"francisco-oliveira-vence-premio-novas-liderancas-2025","status":"publish","type":"post","link":"https:\/\/automotiverevista.pt\/index.php\/2025\/12\/24\/francisco-oliveira-vence-premio-novas-liderancas-2025\/","title":{"rendered":"Francisco Oliveira vence Pr\u00e9mio Novas Lideran\u00e7as 2025"},"content":{"rendered":"\n<p>O <strong>Pr\u00e9mio Novas Lideran\u00e7as<\/strong> foi atribu\u00eddo pela Revista Automotive a <strong>Francisco Oliveira<\/strong> pelo exemplo de lideran\u00e7a e gest\u00e3o empresarial no setor das m\u00e1quinas e equipamentos.<\/p>\n\n\n\n<p>A Cimertex \u00e9 uma empresa com mais de meio s\u00e9culo de presen\u00e7a no mercado onde conta com um hist\u00f3rico relevante, tendo superado grandes desafios. Assim, demonstrar lideran\u00e7a nos novos destinos a partir de um ponto t\u00e3o alto e longo, \u00e9 uma miss\u00e3o desafiadora e de grande responsabilidade institucional e profissional que Francisco Oliveira tem vindo a desempenhar.<\/p>\n\n\n\n<p>Na sua gest\u00e3o, tem procurado dar continuidade a uma cultura de administra\u00e7\u00e3o empresarial de sucesso, que n\u00e3o se restringe apenas ao funcionamento da sua empresa, mas tamb\u00e9m \u00e0 componente ambiental, econ\u00f3mica e social, nos diversos mercados.<\/p>\n\n\n\n<p>Nem sempre \u00e9 poss\u00edvel \u00e0s novas lideran\u00e7as otimizar as opera\u00e7\u00f5es internas da empresa para melhorar continuamente os resultados, pois a mudan\u00e7a traz receios que estagnam. Mas Francisco Oliveira tem conseguido encontrar consensos e apoios, internos e externos.<\/p>\n\n\n\n<p>A participa\u00e7\u00e3o em decis\u00f5es estrat\u00e9gicas e a coordena\u00e7\u00e3o de atividades em diversas \u00e1reas, tem-lhe permitido motivar as equipas e os seus clientes, acrescentando valor empresarial, enquanto acompanha a sa\u00fade financeira e a sustentabilidade do neg\u00f3cio.<\/p>\n\n\n<div class=\"wp-block-image\">\n<figure class=\"aligncenter size-large is-resized\"><img decoding=\"async\" width=\"1024\" height=\"683\" src=\"https:\/\/automotiverevista.pt\/wp-content\/uploads\/2025\/12\/IMG_3840-1024x683.jpg\" alt=\"\" class=\"wp-image-11736\" style=\"width:835px;height:auto\" srcset=\"https:\/\/automotiverevista.pt\/wp-content\/uploads\/2025\/12\/IMG_3840-1024x683.jpg 1024w, https:\/\/automotiverevista.pt\/wp-content\/uploads\/2025\/12\/IMG_3840-300x200.jpg 300w, https:\/\/automotiverevista.pt\/wp-content\/uploads\/2025\/12\/IMG_3840-768x512.jpg 768w, https:\/\/automotiverevista.pt\/wp-content\/uploads\/2025\/12\/IMG_3840-750x500.jpg 750w, https:\/\/automotiverevista.pt\/wp-content\/uploads\/2025\/12\/IMG_3840-1140x760.jpg 1140w, https:\/\/automotiverevista.pt\/wp-content\/uploads\/2025\/12\/IMG_3840.jpg 1500w\" sizes=\"(max-width: 1024px) 100vw, 1024px\" \/><\/figure>\n<\/div>","protected":false},"excerpt":{"rendered":"<p>O Pr\u00e9mio Novas Lideran\u00e7as foi atribu\u00eddo pela Revista Automotive a Francisco Oliveira pelo exemplo de lideran\u00e7a e gest\u00e3o empresarial no setor das m\u00e1quinas e equipamentos. A Cimertex \u00e9 uma empresa com mais de meio s\u00e9culo de presen\u00e7a no mercado onde conta com um hist\u00f3rico relevante, tendo superado grandes desafios. Assim, demonstrar lideran\u00e7a nos novos destinos [&hellip;]<\/p>\n","protected":false},"author":4,"featured_media":11735,"comment_status":"closed","ping_status":"open","sticky":false,"template":"","format":"standard","meta":{"jnews-multi-image_gallery":[],"jnews_single_post":{"format":"standard"},"jnews_primary_category":[],"footnotes":""},"categories":[29,25],"tags":[],"class_list":["post-11734","post","type-post","status-publish","format-standard","has-post-thumbnail","hentry","category-eventos","category-pesados-e-maquinas"],"yoast_head":"<!-- This site is optimized with the Yoast SEO Premium plugin v27.5 (Yoast SEO v27.5) - https:\/\/yoast.com\/product\/yoast-seo-premium-wordpress\/ -->\n<title>Francisco Oliveira vence Pr\u00e9mio Novas Lideran\u00e7as 2025 - Revista Automotive<\/title>\n<meta name=\"description\" content=\"Francisco Oliveira, da Administra\u00e7\u00e3o da Cimertex, foi distinguido com o Pr\u00e9mio Novas Lideran\u00e7as 2025, na 9\u00aa edi\u00e7\u00e3o dos Pr\u00e9mios Fleet &amp; Servic\" \/>\n<meta name=\"robots\" content=\"index, follow, max-snippet:-1, max-image-preview:large, max-video-preview:-1\" \/>\n<link rel=\"canonical\" href=\"https:\/\/automotiverevista.pt\/index.php\/2025\/12\/24\/francisco-oliveira-vence-premio-novas-liderancas-2025\/\" \/>\n<meta property=\"og:locale\" content=\"pt_PT\" \/>\n<meta property=\"og:type\" content=\"article\" \/>\n<meta property=\"og:title\" content=\"Francisco Oliveira vence Pr\u00e9mio Novas Lideran\u00e7as 2025\" \/>\n<meta property=\"og:description\" content=\"Francisco Oliveira, da Administra\u00e7\u00e3o da Cimertex, foi distinguido com o Pr\u00e9mio Novas Lideran\u00e7as 2025, na 9\u00aa edi\u00e7\u00e3o dos Pr\u00e9mios Fleet &amp; Servic\" \/>\n<meta property=\"og:url\" content=\"https:\/\/automotiverevista.pt\/index.php\/2025\/12\/24\/francisco-oliveira-vence-premio-novas-liderancas-2025\/\" \/>\n<meta property=\"og:site_name\" content=\"Revista Automotive\" \/>\n<meta property=\"article:published_time\" content=\"2025-12-24T12:16:58+00:00\" \/>\n<meta property=\"og:image\" content=\"https:\/\/automotiverevista.pt\/wp-content\/uploads\/2025\/12\/Sem-Titulo-2.jpg\" \/>\n\t<meta property=\"og:image:width\" content=\"1269\" \/>\n\t<meta property=\"og:image:height\" content=\"964\" \/>\n\t<meta property=\"og:image:type\" content=\"image\/jpeg\" \/>\n<meta name=\"author\" content=\"Fatima Silva\" \/>\n<meta name=\"twitter:card\" content=\"summary_large_image\" \/>\n<meta name=\"twitter:label1\" content=\"Escrito por\" \/>\n\t<meta name=\"twitter:data1\" content=\"Fatima Silva\" \/>\n\t<meta name=\"twitter:label2\" content=\"Tempo estimado de leitura\" \/>\n\t<meta name=\"twitter:data2\" content=\"2 minutos\" \/>\n<script type=\"application\/ld+json\" class=\"yoast-schema-graph\">{\"@context\":\"https:\\\/\\\/schema.org\",\"@graph\":[{\"@type\":\"Article\",\"@id\":\"https:\\\/\\\/automotiverevista.pt\\\/index.php\\\/2025\\\/12\\\/24\\\/francisco-oliveira-vence-premio-novas-liderancas-2025\\\/#article\",\"isPartOf\":{\"@id\":\"https:\\\/\\\/automotiverevista.pt\\\/index.php\\\/2025\\\/12\\\/24\\\/francisco-oliveira-vence-premio-novas-liderancas-2025\\\/\"},\"author\":{\"name\":\"Fatima Silva\",\"@id\":\"https:\\\/\\\/automotiverevista.pt\\\/#\\\/schema\\\/person\\\/1e95eb12553b8edd256acb00fe6dad4b\"},\"headline\":\"Francisco Oliveira vence Pr\u00e9mio Novas Lideran\u00e7as 2025\",\"datePublished\":\"2025-12-24T12:16:58+00:00\",\"mainEntityOfPage\":{\"@id\":\"https:\\\/\\\/automotiverevista.pt\\\/index.php\\\/2025\\\/12\\\/24\\\/francisco-oliveira-vence-premio-novas-liderancas-2025\\\/\"},\"wordCount\":221,\"publisher\":{\"@id\":\"https:\\\/\\\/automotiverevista.pt\\\/#organization\"},\"image\":{\"@id\":\"https:\\\/\\\/automotiverevista.pt\\\/index.php\\\/2025\\\/12\\\/24\\\/francisco-oliveira-vence-premio-novas-liderancas-2025\\\/#primaryimage\"},\"thumbnailUrl\":\"https:\\\/\\\/automotiverevista.pt\\\/wp-content\\\/uploads\\\/2025\\\/12\\\/Sem-Titulo-2.jpg\",\"articleSection\":[\"Eventos\",\"Pesados e M\u00e1quinas\"],\"inLanguage\":\"pt-PT\"},{\"@type\":\"WebPage\",\"@id\":\"https:\\\/\\\/automotiverevista.pt\\\/index.php\\\/2025\\\/12\\\/24\\\/francisco-oliveira-vence-premio-novas-liderancas-2025\\\/\",\"url\":\"https:\\\/\\\/automotiverevista.pt\\\/index.php\\\/2025\\\/12\\\/24\\\/francisco-oliveira-vence-premio-novas-liderancas-2025\\\/\",\"name\":\"Francisco Oliveira vence Pr\u00e9mio Novas Lideran\u00e7as 2025 - Revista Automotive\",\"isPartOf\":{\"@id\":\"https:\\\/\\\/automotiverevista.pt\\\/#website\"},\"primaryImageOfPage\":{\"@id\":\"https:\\\/\\\/automotiverevista.pt\\\/index.php\\\/2025\\\/12\\\/24\\\/francisco-oliveira-vence-premio-novas-liderancas-2025\\\/#primaryimage\"},\"image\":{\"@id\":\"https:\\\/\\\/automotiverevista.pt\\\/index.php\\\/2025\\\/12\\\/24\\\/francisco-oliveira-vence-premio-novas-liderancas-2025\\\/#primaryimage\"},\"thumbnailUrl\":\"https:\\\/\\\/automotiverevista.pt\\\/wp-content\\\/uploads\\\/2025\\\/12\\\/Sem-Titulo-2.jpg\",\"datePublished\":\"2025-12-24T12:16:58+00:00\",\"description\":\"Francisco Oliveira, da Administra\u00e7\u00e3o da Cimertex, foi distinguido com o Pr\u00e9mio Novas Lideran\u00e7as 2025, na 9\u00aa edi\u00e7\u00e3o dos Pr\u00e9mios Fleet & Servic\",\"breadcrumb\":{\"@id\":\"https:\\\/\\\/automotiverevista.pt\\\/index.php\\\/2025\\\/12\\\/24\\\/francisco-oliveira-vence-premio-novas-liderancas-2025\\\/#breadcrumb\"},\"inLanguage\":\"pt-PT\",\"potentialAction\":[{\"@type\":\"ReadAction\",\"target\":[\"https:\\\/\\\/automotiverevista.pt\\\/index.php\\\/2025\\\/12\\\/24\\\/francisco-oliveira-vence-premio-novas-liderancas-2025\\\/\"]}]},{\"@type\":\"ImageObject\",\"inLanguage\":\"pt-PT\",\"@id\":\"https:\\\/\\\/automotiverevista.pt\\\/index.php\\\/2025\\\/12\\\/24\\\/francisco-oliveira-vence-premio-novas-liderancas-2025\\\/#primaryimage\",\"url\":\"https:\\\/\\\/automotiverevista.pt\\\/wp-content\\\/uploads\\\/2025\\\/12\\\/Sem-Titulo-2.jpg\",\"contentUrl\":\"https:\\\/\\\/automotiverevista.pt\\\/wp-content\\\/uploads\\\/2025\\\/12\\\/Sem-Titulo-2.jpg\",\"width\":1269,\"height\":964,\"caption\":\"Clim\u00e9nia Silva (\u00e0 dir.), diretora geral da Valorpneu entregou o pr\u00e9mio da Revista Automotive a Francisco Oliveira, da Administra\u00e7\u00e3o da Cimertex.\"},{\"@type\":\"BreadcrumbList\",\"@id\":\"https:\\\/\\\/automotiverevista.pt\\\/index.php\\\/2025\\\/12\\\/24\\\/francisco-oliveira-vence-premio-novas-liderancas-2025\\\/#breadcrumb\",\"itemListElement\":[{\"@type\":\"ListItem\",\"position\":1,\"name\":\"Home\",\"item\":\"https:\\\/\\\/automotiverevista.pt\\\/\"},{\"@type\":\"ListItem\",\"position\":2,\"name\":\"Francisco Oliveira vence Pr\u00e9mio Novas Lideran\u00e7as 2025\"}]},{\"@type\":\"WebSite\",\"@id\":\"https:\\\/\\\/automotiverevista.pt\\\/#website\",\"url\":\"https:\\\/\\\/automotiverevista.pt\\\/\",\"name\":\"Revista Automotive\",\"description\":\"Revista Automotive Portugal\",\"publisher\":{\"@id\":\"https:\\\/\\\/automotiverevista.pt\\\/#organization\"},\"potentialAction\":[{\"@type\":\"SearchAction\",\"target\":{\"@type\":\"EntryPoint\",\"urlTemplate\":\"https:\\\/\\\/automotiverevista.pt\\\/?s={search_term_string}\"},\"query-input\":{\"@type\":\"PropertyValueSpecification\",\"valueRequired\":true,\"valueName\":\"search_term_string\"}}],\"inLanguage\":\"pt-PT\"},{\"@type\":\"Organization\",\"@id\":\"https:\\\/\\\/automotiverevista.pt\\\/#organization\",\"name\":\"Revista Automotive Portugal\",\"url\":\"https:\\\/\\\/automotiverevista.pt\\\/\",\"logo\":{\"@type\":\"ImageObject\",\"inLanguage\":\"pt-PT\",\"@id\":\"https:\\\/\\\/automotiverevista.pt\\\/#\\\/schema\\\/logo\\\/image\\\/\",\"url\":\"https:\\\/\\\/automotiverevista.pt\\\/wp-content\\\/uploads\\\/2022\\\/07\\\/Logo-Automotive-2021_500-1.jpg\",\"contentUrl\":\"https:\\\/\\\/automotiverevista.pt\\\/wp-content\\\/uploads\\\/2022\\\/07\\\/Logo-Automotive-2021_500-1.jpg\",\"width\":500,\"height\":160,\"caption\":\"Revista Automotive Portugal\"},\"image\":{\"@id\":\"https:\\\/\\\/automotiverevista.pt\\\/#\\\/schema\\\/logo\\\/image\\\/\"},\"sameAs\":[\"https:\\\/\\\/linkedin.com\\\/in\\\/automotiverevista\"]},{\"@type\":\"Person\",\"@id\":\"https:\\\/\\\/automotiverevista.pt\\\/#\\\/schema\\\/person\\\/1e95eb12553b8edd256acb00fe6dad4b\",\"name\":\"Fatima Silva\",\"image\":{\"@type\":\"ImageObject\",\"inLanguage\":\"pt-PT\",\"@id\":\"https:\\\/\\\/secure.gravatar.com\\\/avatar\\\/4b4a955a9c1b66708ab0dd3bd6181ac1f650299d893bd337a28482f7f19c8511?s=96&d=mm&r=g\",\"url\":\"https:\\\/\\\/secure.gravatar.com\\\/avatar\\\/4b4a955a9c1b66708ab0dd3bd6181ac1f650299d893bd337a28482f7f19c8511?s=96&d=mm&r=g\",\"contentUrl\":\"https:\\\/\\\/secure.gravatar.com\\\/avatar\\\/4b4a955a9c1b66708ab0dd3bd6181ac1f650299d893bd337a28482f7f19c8511?s=96&d=mm&r=g\",\"caption\":\"Fatima Silva\"},\"url\":\"https:\\\/\\\/automotiverevista.pt\\\/index.php\\\/author\\\/fgasparsilva\\\/\"}]}<\/script>\n<!-- \/ Yoast SEO Premium plugin. -->","yoast_head_json":{"title":"Francisco Oliveira vence Pr\u00e9mio Novas Lideran\u00e7as 2025 - Revista Automotive","description":"Francisco Oliveira, da Administra\u00e7\u00e3o da Cimertex, foi distinguido com o Pr\u00e9mio Novas Lideran\u00e7as 2025, na 9\u00aa edi\u00e7\u00e3o dos Pr\u00e9mios Fleet & Servic","robots":{"index":"index","follow":"follow","max-snippet":"max-snippet:-1","max-image-preview":"max-image-preview:large","max-video-preview":"max-video-preview:-1"},"canonical":"https:\/\/automotiverevista.pt\/index.php\/2025\/12\/24\/francisco-oliveira-vence-premio-novas-liderancas-2025\/","og_locale":"pt_PT","og_type":"article","og_title":"Francisco Oliveira vence Pr\u00e9mio Novas Lideran\u00e7as 2025","og_description":"Francisco Oliveira, da Administra\u00e7\u00e3o da Cimertex, foi distinguido com o Pr\u00e9mio Novas Lideran\u00e7as 2025, na 9\u00aa edi\u00e7\u00e3o dos Pr\u00e9mios Fleet & Servic","og_url":"https:\/\/automotiverevista.pt\/index.php\/2025\/12\/24\/francisco-oliveira-vence-premio-novas-liderancas-2025\/","og_site_name":"Revista Automotive","article_published_time":"2025-12-24T12:16:58+00:00","og_image":[{"width":1269,"height":964,"url":"https:\/\/automotiverevista.pt\/wp-content\/uploads\/2025\/12\/Sem-Titulo-2.jpg","type":"image\/jpeg"}],"author":"Fatima Silva","twitter_card":"summary_large_image","twitter_misc":{"Escrito por":"Fatima Silva","Tempo estimado de leitura":"2 minutos"},"schema":{"@context":"https:\/\/schema.org","@graph":[{"@type":"Article","@id":"https:\/\/automotiverevista.pt\/index.php\/2025\/12\/24\/francisco-oliveira-vence-premio-novas-liderancas-2025\/#article","isPartOf":{"@id":"https:\/\/automotiverevista.pt\/index.php\/2025\/12\/24\/francisco-oliveira-vence-premio-novas-liderancas-2025\/"},"author":{"name":"Fatima Silva","@id":"https:\/\/automotiverevista.pt\/#\/schema\/person\/1e95eb12553b8edd256acb00fe6dad4b"},"headline":"Francisco Oliveira vence Pr\u00e9mio Novas Lideran\u00e7as 2025","datePublished":"2025-12-24T12:16:58+00:00","mainEntityOfPage":{"@id":"https:\/\/automotiverevista.pt\/index.php\/2025\/12\/24\/francisco-oliveira-vence-premio-novas-liderancas-2025\/"},"wordCount":221,"publisher":{"@id":"https:\/\/automotiverevista.pt\/#organization"},"image":{"@id":"https:\/\/automotiverevista.pt\/index.php\/2025\/12\/24\/francisco-oliveira-vence-premio-novas-liderancas-2025\/#primaryimage"},"thumbnailUrl":"https:\/\/automotiverevista.pt\/wp-content\/uploads\/2025\/12\/Sem-Titulo-2.jpg","articleSection":["Eventos","Pesados e M\u00e1quinas"],"inLanguage":"pt-PT"},{"@type":"WebPage","@id":"https:\/\/automotiverevista.pt\/index.php\/2025\/12\/24\/francisco-oliveira-vence-premio-novas-liderancas-2025\/","url":"https:\/\/automotiverevista.pt\/index.php\/2025\/12\/24\/francisco-oliveira-vence-premio-novas-liderancas-2025\/","name":"Francisco Oliveira vence Pr\u00e9mio Novas Lideran\u00e7as 2025 - Revista Automotive","isPartOf":{"@id":"https:\/\/automotiverevista.pt\/#website"},"primaryImageOfPage":{"@id":"https:\/\/automotiverevista.pt\/index.php\/2025\/12\/24\/francisco-oliveira-vence-premio-novas-liderancas-2025\/#primaryimage"},"image":{"@id":"https:\/\/automotiverevista.pt\/index.php\/2025\/12\/24\/francisco-oliveira-vence-premio-novas-liderancas-2025\/#primaryimage"},"thumbnailUrl":"https:\/\/automotiverevista.pt\/wp-content\/uploads\/2025\/12\/Sem-Titulo-2.jpg","datePublished":"2025-12-24T12:16:58+00:00","description":"Francisco Oliveira, da Administra\u00e7\u00e3o da Cimertex, foi distinguido com o Pr\u00e9mio Novas Lideran\u00e7as 2025, na 9\u00aa edi\u00e7\u00e3o dos Pr\u00e9mios Fleet & Servic","breadcrumb":{"@id":"https:\/\/automotiverevista.pt\/index.php\/2025\/12\/24\/francisco-oliveira-vence-premio-novas-liderancas-2025\/#breadcrumb"},"inLanguage":"pt-PT","potentialAction":[{"@type":"ReadAction","target":["https:\/\/automotiverevista.pt\/index.php\/2025\/12\/24\/francisco-oliveira-vence-premio-novas-liderancas-2025\/"]}]},{"@type":"ImageObject","inLanguage":"pt-PT","@id":"https:\/\/automotiverevista.pt\/index.php\/2025\/12\/24\/francisco-oliveira-vence-premio-novas-liderancas-2025\/#primaryimage","url":"https:\/\/automotiverevista.pt\/wp-content\/uploads\/2025\/12\/Sem-Titulo-2.jpg","contentUrl":"https:\/\/automotiverevista.pt\/wp-content\/uploads\/2025\/12\/Sem-Titulo-2.jpg","width":1269,"height":964,"caption":"Clim\u00e9nia Silva (\u00e0 dir.), diretora geral da Valorpneu entregou o pr\u00e9mio da Revista Automotive a Francisco Oliveira, da Administra\u00e7\u00e3o da Cimertex."},{"@type":"BreadcrumbList","@id":"https:\/\/automotiverevista.pt\/index.php\/2025\/12\/24\/francisco-oliveira-vence-premio-novas-liderancas-2025\/#breadcrumb","itemListElement":[{"@type":"ListItem","position":1,"name":"Home","item":"https:\/\/automotiverevista.pt\/"},{"@type":"ListItem","position":2,"name":"Francisco Oliveira vence Pr\u00e9mio Novas Lideran\u00e7as 2025"}]},{"@type":"WebSite","@id":"https:\/\/automotiverevista.pt\/#website","url":"https:\/\/automotiverevista.pt\/","name":"Revista Automotive","description":"Revista Automotive Portugal","publisher":{"@id":"https:\/\/automotiverevista.pt\/#organization"},"potentialAction":[{"@type":"SearchAction","target":{"@type":"EntryPoint","urlTemplate":"https:\/\/automotiverevista.pt\/?s={search_term_string}"},"query-input":{"@type":"PropertyValueSpecification","valueRequired":true,"valueName":"search_term_string"}}],"inLanguage":"pt-PT"},{"@type":"Organization","@id":"https:\/\/automotiverevista.pt\/#organization","name":"Revista Automotive Portugal","url":"https:\/\/automotiverevista.pt\/","logo":{"@type":"ImageObject","inLanguage":"pt-PT","@id":"https:\/\/automotiverevista.pt\/#\/schema\/logo\/image\/","url":"https:\/\/automotiverevista.pt\/wp-content\/uploads\/2022\/07\/Logo-Automotive-2021_500-1.jpg","contentUrl":"https:\/\/automotiverevista.pt\/wp-content\/uploads\/2022\/07\/Logo-Automotive-2021_500-1.jpg","width":500,"height":160,"caption":"Revista Automotive Portugal"},"image":{"@id":"https:\/\/automotiverevista.pt\/#\/schema\/logo\/image\/"},"sameAs":["https:\/\/linkedin.com\/in\/automotiverevista"]},{"@type":"Person","@id":"https:\/\/automotiverevista.pt\/#\/schema\/person\/1e95eb12553b8edd256acb00fe6dad4b","name":"Fatima Silva","image":{"@type":"ImageObject","inLanguage":"pt-PT","@id":"https:\/\/secure.gravatar.com\/avatar\/4b4a955a9c1b66708ab0dd3bd6181ac1f650299d893bd337a28482f7f19c8511?s=96&d=mm&r=g","url":"https:\/\/secure.gravatar.com\/avatar\/4b4a955a9c1b66708ab0dd3bd6181ac1f650299d893bd337a28482f7f19c8511?s=96&d=mm&r=g","contentUrl":"https:\/\/secure.gravatar.com\/avatar\/4b4a955a9c1b66708ab0dd3bd6181ac1f650299d893bd337a28482f7f19c8511?s=96&d=mm&r=g","caption":"Fatima Silva"},"url":"https:\/\/automotiverevista.pt\/index.php\/author\/fgasparsilva\/"}]}},"_links":{"self":[{"href":"https:\/\/automotiverevista.pt\/index.php\/wp-json\/wp\/v2\/posts\/11734","targetHints":{"allow":["GET"]}}],"collection":[{"href":"https:\/\/automotiverevista.pt\/index.php\/wp-json\/wp\/v2\/posts"}],"about":[{"href":"https:\/\/automotiverevista.pt\/index.php\/wp-json\/wp\/v2\/types\/post"}],"author":[{"embeddable":true,"href":"https:\/\/automotiverevista.pt\/index.php\/wp-json\/wp\/v2\/users\/4"}],"replies":[{"embeddable":true,"href":"https:\/\/automotiverevista.pt\/index.php\/wp-json\/wp\/v2\/comments?post=11734"}],"version-history":[{"count":2,"href":"https:\/\/automotiverevista.pt\/index.php\/wp-json\/wp\/v2\/posts\/11734\/revisions"}],"predecessor-version":[{"id":11738,"href":"https:\/\/automotiverevista.pt\/index.php\/wp-json\/wp\/v2\/posts\/11734\/revisions\/11738"}],"wp:featuredmedia":[{"embeddable":true,"href":"https:\/\/automotiverevista.pt\/index.php\/wp-json\/wp\/v2\/media\/11735"}],"wp:attachment":[{"href":"https:\/\/automotiverevista.pt\/index.php\/wp-json\/wp\/v2\/media?parent=11734"}],"wp:term":[{"taxonomy":"category","embeddable":true,"href":"https:\/\/automotiverevista.pt\/index.php\/wp-json\/wp\/v2\/categories?post=11734"},{"taxonomy":"post_tag","embeddable":true,"href":"https:\/\/automotiverevista.pt\/index.php\/wp-json\/wp\/v2\/tags?post=11734"}],"curies":[{"name":"wp","href":"https:\/\/api.w.org\/{rel}","templated":true}]}}