{"id":11744,"date":"2025-12-30T11:01:17","date_gmt":"2025-12-30T11:01:17","guid":{"rendered":"https:\/\/automotiverevista.pt\/?p=11744"},"modified":"2025-12-30T11:01:19","modified_gmt":"2025-12-30T11:01:19","slug":"egmais-conquista-premio-ambiente-2025","status":"publish","type":"post","link":"https:\/\/automotiverevista.pt\/index.php\/2025\/12\/30\/egmais-conquista-premio-ambiente-2025\/","title":{"rendered":"EGMais conquista Pr\u00e9mio Ambiente 2025"},"content":{"rendered":"\n<p>A entidade gestora <strong>EGMais, <\/strong>foi distinguida com o <strong>Pr\u00e9mio Ambiente 2025, na 9\u00aa edi\u00e7\u00e3o dos Pr\u00e9mios Fleet &amp; Service <\/strong>realizada pela Revista Automotive.<\/p>\n\n\n\n<p>O <strong>Pr\u00e9mio Ambiente <\/strong>foi atribu\u00eddo pela Revista Automotive \u00e0 <strong>EGMais <\/strong>pela valoriza\u00e7\u00e3o na gest\u00e3o de baterias para ve\u00edculos autom\u00f3veis e seu contributo para o setor da reciclagem, em Portugal.<\/p>\n\n\n\n<p>As baterias s\u00e3o essenciais para o processo de descarboniza\u00e7\u00e3o ambiental e, com a acelera\u00e7\u00e3o da mobilidade el\u00e9trica e de modos de transporte sem emiss\u00f5es, invariavelmente a utiliza\u00e7\u00e3o de baterias aumentar\u00e1. Em consequ\u00eancia, urgem metas de reciclagem muito ambiciosas em linha com as diretrizes para a recupera\u00e7\u00e3o de mat\u00e9rias-primas cr\u00edticas numa l\u00f3gica de redu\u00e7\u00e3o da depend\u00eancia de pa\u00edses terceiros. \u00c9 importante reciclar mais e melhor.<\/p>\n\n\n\n<p>O investimento na recolha e na reciclagem s\u00e3o um importante contributo para o ambiente e para as comunidades; por isso a EGMais procura informar, formar, divulgar e difundir. Essa miss\u00e3o que tamb\u00e9m deve e precisa ser partilhada pelos \u00f3rg\u00e3os governamentais, cuja responsabilidade principal recai-lhe sobre os ombros, pois visam contribuir para os objetivos do Pacto Ecol\u00f3gico, alinhado com o Plano de A\u00e7\u00e3o para a Economia Circular e o Plano Or\u00e7amental Nacional.<\/p>\n\n\n\n<p>&nbsp;A EGMais tem investido, porque sabe que as metas s\u00f3 ser\u00e3o atingidas se todos os intervenientes da cadeia de valor forem envolvidos e responsabilizados, e executem com qualidade, lisura, honestidade, transpar\u00eancia e imparcialidade o seu trabalho.<\/p>\n","protected":false},"excerpt":{"rendered":"<p>A entidade gestora EGMais, foi distinguida com o Pr\u00e9mio Ambiente 2025, na 9\u00aa edi\u00e7\u00e3o dos Pr\u00e9mios Fleet &amp; Service realizada pela Revista Automotive. O Pr\u00e9mio Ambiente foi atribu\u00eddo pela Revista Automotive \u00e0 EGMais pela valoriza\u00e7\u00e3o na gest\u00e3o de baterias para ve\u00edculos autom\u00f3veis e seu contributo para o setor da reciclagem, em Portugal. As baterias s\u00e3o [&hellip;]<\/p>\n","protected":false},"author":4,"featured_media":11745,"comment_status":"closed","ping_status":"open","sticky":false,"template":"","format":"standard","meta":{"jnews-multi-image_gallery":[],"jnews_single_post":{"format":"standard"},"jnews_primary_category":[],"footnotes":""},"categories":[29,21],"tags":[],"class_list":["post-11744","post","type-post","status-publish","format-standard","has-post-thumbnail","hentry","category-eventos","category-pos-venda"],"yoast_head":"<!-- This site is optimized with the Yoast SEO Premium plugin v27.5 (Yoast SEO v27.5) - https:\/\/yoast.com\/product\/yoast-seo-premium-wordpress\/ -->\n<title>EGMais conquista Pr\u00e9mio Ambiente 2025 - Revista Automotive<\/title>\n<meta name=\"description\" content=\"A entidade gestora EGMais, foi distinguida com o Pr\u00e9mio Ambiente 2025, na 9\u00aa edi\u00e7\u00e3o dos Pr\u00e9mios Fleet &amp; Service realizada pela Revista Automo\" \/>\n<meta name=\"robots\" content=\"index, follow, max-snippet:-1, max-image-preview:large, max-video-preview:-1\" \/>\n<link rel=\"canonical\" href=\"https:\/\/automotiverevista.pt\/index.php\/2025\/12\/30\/egmais-conquista-premio-ambiente-2025\/\" \/>\n<meta property=\"og:locale\" content=\"pt_PT\" \/>\n<meta property=\"og:type\" content=\"article\" \/>\n<meta property=\"og:title\" content=\"EGMais conquista Pr\u00e9mio Ambiente 2025\" \/>\n<meta property=\"og:description\" content=\"A entidade gestora EGMais, foi distinguida com o Pr\u00e9mio Ambiente 2025, na 9\u00aa edi\u00e7\u00e3o dos Pr\u00e9mios Fleet &amp; Service realizada pela Revista Automo\" \/>\n<meta property=\"og:url\" content=\"https:\/\/automotiverevista.pt\/index.php\/2025\/12\/30\/egmais-conquista-premio-ambiente-2025\/\" \/>\n<meta property=\"og:site_name\" content=\"Revista Automotive\" \/>\n<meta property=\"article:published_time\" content=\"2025-12-30T11:01:17+00:00\" \/>\n<meta property=\"article:modified_time\" content=\"2025-12-30T11:01:19+00:00\" \/>\n<meta property=\"og:image\" content=\"https:\/\/automotiverevista.pt\/wp-content\/uploads\/2025\/12\/IMG_57471.jpg\" \/>\n\t<meta property=\"og:image:width\" content=\"1432\" \/>\n\t<meta property=\"og:image:height\" content=\"1000\" \/>\n\t<meta property=\"og:image:type\" content=\"image\/jpeg\" \/>\n<meta name=\"author\" content=\"Fatima Silva\" \/>\n<meta name=\"twitter:card\" content=\"summary_large_image\" \/>\n<meta name=\"twitter:label1\" content=\"Escrito por\" \/>\n\t<meta name=\"twitter:data1\" content=\"Fatima Silva\" \/>\n\t<meta name=\"twitter:label2\" content=\"Tempo estimado de leitura\" \/>\n\t<meta name=\"twitter:data2\" content=\"2 minutos\" \/>\n<script type=\"application\/ld+json\" class=\"yoast-schema-graph\">{\"@context\":\"https:\\\/\\\/schema.org\",\"@graph\":[{\"@type\":\"Article\",\"@id\":\"https:\\\/\\\/automotiverevista.pt\\\/index.php\\\/2025\\\/12\\\/30\\\/egmais-conquista-premio-ambiente-2025\\\/#article\",\"isPartOf\":{\"@id\":\"https:\\\/\\\/automotiverevista.pt\\\/index.php\\\/2025\\\/12\\\/30\\\/egmais-conquista-premio-ambiente-2025\\\/\"},\"author\":{\"name\":\"Fatima Silva\",\"@id\":\"https:\\\/\\\/automotiverevista.pt\\\/#\\\/schema\\\/person\\\/1e95eb12553b8edd256acb00fe6dad4b\"},\"headline\":\"EGMais conquista Pr\u00e9mio Ambiente 2025\",\"datePublished\":\"2025-12-30T11:01:17+00:00\",\"dateModified\":\"2025-12-30T11:01:19+00:00\",\"mainEntityOfPage\":{\"@id\":\"https:\\\/\\\/automotiverevista.pt\\\/index.php\\\/2025\\\/12\\\/30\\\/egmais-conquista-premio-ambiente-2025\\\/\"},\"wordCount\":257,\"publisher\":{\"@id\":\"https:\\\/\\\/automotiverevista.pt\\\/#organization\"},\"image\":{\"@id\":\"https:\\\/\\\/automotiverevista.pt\\\/index.php\\\/2025\\\/12\\\/30\\\/egmais-conquista-premio-ambiente-2025\\\/#primaryimage\"},\"thumbnailUrl\":\"https:\\\/\\\/automotiverevista.pt\\\/wp-content\\\/uploads\\\/2025\\\/12\\\/IMG_57471.jpg\",\"articleSection\":[\"Eventos\",\"P\u00f3s-Venda\"],\"inLanguage\":\"pt-PT\"},{\"@type\":\"WebPage\",\"@id\":\"https:\\\/\\\/automotiverevista.pt\\\/index.php\\\/2025\\\/12\\\/30\\\/egmais-conquista-premio-ambiente-2025\\\/\",\"url\":\"https:\\\/\\\/automotiverevista.pt\\\/index.php\\\/2025\\\/12\\\/30\\\/egmais-conquista-premio-ambiente-2025\\\/\",\"name\":\"EGMais conquista Pr\u00e9mio Ambiente 2025 - Revista Automotive\",\"isPartOf\":{\"@id\":\"https:\\\/\\\/automotiverevista.pt\\\/#website\"},\"primaryImageOfPage\":{\"@id\":\"https:\\\/\\\/automotiverevista.pt\\\/index.php\\\/2025\\\/12\\\/30\\\/egmais-conquista-premio-ambiente-2025\\\/#primaryimage\"},\"image\":{\"@id\":\"https:\\\/\\\/automotiverevista.pt\\\/index.php\\\/2025\\\/12\\\/30\\\/egmais-conquista-premio-ambiente-2025\\\/#primaryimage\"},\"thumbnailUrl\":\"https:\\\/\\\/automotiverevista.pt\\\/wp-content\\\/uploads\\\/2025\\\/12\\\/IMG_57471.jpg\",\"datePublished\":\"2025-12-30T11:01:17+00:00\",\"dateModified\":\"2025-12-30T11:01:19+00:00\",\"description\":\"A entidade gestora EGMais, foi distinguida com o Pr\u00e9mio Ambiente 2025, na 9\u00aa edi\u00e7\u00e3o dos Pr\u00e9mios Fleet & Service realizada pela Revista Automo\",\"breadcrumb\":{\"@id\":\"https:\\\/\\\/automotiverevista.pt\\\/index.php\\\/2025\\\/12\\\/30\\\/egmais-conquista-premio-ambiente-2025\\\/#breadcrumb\"},\"inLanguage\":\"pt-PT\",\"potentialAction\":[{\"@type\":\"ReadAction\",\"target\":[\"https:\\\/\\\/automotiverevista.pt\\\/index.php\\\/2025\\\/12\\\/30\\\/egmais-conquista-premio-ambiente-2025\\\/\"]}]},{\"@type\":\"ImageObject\",\"inLanguage\":\"pt-PT\",\"@id\":\"https:\\\/\\\/automotiverevista.pt\\\/index.php\\\/2025\\\/12\\\/30\\\/egmais-conquista-premio-ambiente-2025\\\/#primaryimage\",\"url\":\"https:\\\/\\\/automotiverevista.pt\\\/wp-content\\\/uploads\\\/2025\\\/12\\\/IMG_57471.jpg\",\"contentUrl\":\"https:\\\/\\\/automotiverevista.pt\\\/wp-content\\\/uploads\\\/2025\\\/12\\\/IMG_57471.jpg\",\"width\":1432,\"height\":1000,\"caption\":\"Jos\u00e9 Miguel (\u00e0 esq.), coordenador lojas sul da Sofrapa entregou o pr\u00e9mio da Revista Automotive a Rui Cabral, diretor geral e Carla Castanheira, engenheira do ambiente, ambos da EGMais\"},{\"@type\":\"BreadcrumbList\",\"@id\":\"https:\\\/\\\/automotiverevista.pt\\\/index.php\\\/2025\\\/12\\\/30\\\/egmais-conquista-premio-ambiente-2025\\\/#breadcrumb\",\"itemListElement\":[{\"@type\":\"ListItem\",\"position\":1,\"name\":\"Home\",\"item\":\"https:\\\/\\\/automotiverevista.pt\\\/\"},{\"@type\":\"ListItem\",\"position\":2,\"name\":\"EGMais conquista Pr\u00e9mio Ambiente 2025\"}]},{\"@type\":\"WebSite\",\"@id\":\"https:\\\/\\\/automotiverevista.pt\\\/#website\",\"url\":\"https:\\\/\\\/automotiverevista.pt\\\/\",\"name\":\"Revista Automotive\",\"description\":\"Revista Automotive Portugal\",\"publisher\":{\"@id\":\"https:\\\/\\\/automotiverevista.pt\\\/#organization\"},\"potentialAction\":[{\"@type\":\"SearchAction\",\"target\":{\"@type\":\"EntryPoint\",\"urlTemplate\":\"https:\\\/\\\/automotiverevista.pt\\\/?s={search_term_string}\"},\"query-input\":{\"@type\":\"PropertyValueSpecification\",\"valueRequired\":true,\"valueName\":\"search_term_string\"}}],\"inLanguage\":\"pt-PT\"},{\"@type\":\"Organization\",\"@id\":\"https:\\\/\\\/automotiverevista.pt\\\/#organization\",\"name\":\"Revista Automotive Portugal\",\"url\":\"https:\\\/\\\/automotiverevista.pt\\\/\",\"logo\":{\"@type\":\"ImageObject\",\"inLanguage\":\"pt-PT\",\"@id\":\"https:\\\/\\\/automotiverevista.pt\\\/#\\\/schema\\\/logo\\\/image\\\/\",\"url\":\"https:\\\/\\\/automotiverevista.pt\\\/wp-content\\\/uploads\\\/2022\\\/07\\\/Logo-Automotive-2021_500-1.jpg\",\"contentUrl\":\"https:\\\/\\\/automotiverevista.pt\\\/wp-content\\\/uploads\\\/2022\\\/07\\\/Logo-Automotive-2021_500-1.jpg\",\"width\":500,\"height\":160,\"caption\":\"Revista Automotive Portugal\"},\"image\":{\"@id\":\"https:\\\/\\\/automotiverevista.pt\\\/#\\\/schema\\\/logo\\\/image\\\/\"},\"sameAs\":[\"https:\\\/\\\/linkedin.com\\\/in\\\/automotiverevista\"]},{\"@type\":\"Person\",\"@id\":\"https:\\\/\\\/automotiverevista.pt\\\/#\\\/schema\\\/person\\\/1e95eb12553b8edd256acb00fe6dad4b\",\"name\":\"Fatima Silva\",\"image\":{\"@type\":\"ImageObject\",\"inLanguage\":\"pt-PT\",\"@id\":\"https:\\\/\\\/secure.gravatar.com\\\/avatar\\\/4b4a955a9c1b66708ab0dd3bd6181ac1f650299d893bd337a28482f7f19c8511?s=96&d=mm&r=g\",\"url\":\"https:\\\/\\\/secure.gravatar.com\\\/avatar\\\/4b4a955a9c1b66708ab0dd3bd6181ac1f650299d893bd337a28482f7f19c8511?s=96&d=mm&r=g\",\"contentUrl\":\"https:\\\/\\\/secure.gravatar.com\\\/avatar\\\/4b4a955a9c1b66708ab0dd3bd6181ac1f650299d893bd337a28482f7f19c8511?s=96&d=mm&r=g\",\"caption\":\"Fatima Silva\"},\"url\":\"https:\\\/\\\/automotiverevista.pt\\\/index.php\\\/author\\\/fgasparsilva\\\/\"}]}<\/script>\n<!-- \/ Yoast SEO Premium plugin. -->","yoast_head_json":{"title":"EGMais conquista Pr\u00e9mio Ambiente 2025 - Revista Automotive","description":"A entidade gestora EGMais, foi distinguida com o Pr\u00e9mio Ambiente 2025, na 9\u00aa edi\u00e7\u00e3o dos Pr\u00e9mios Fleet & Service realizada pela Revista Automo","robots":{"index":"index","follow":"follow","max-snippet":"max-snippet:-1","max-image-preview":"max-image-preview:large","max-video-preview":"max-video-preview:-1"},"canonical":"https:\/\/automotiverevista.pt\/index.php\/2025\/12\/30\/egmais-conquista-premio-ambiente-2025\/","og_locale":"pt_PT","og_type":"article","og_title":"EGMais conquista Pr\u00e9mio Ambiente 2025","og_description":"A entidade gestora EGMais, foi distinguida com o Pr\u00e9mio Ambiente 2025, na 9\u00aa edi\u00e7\u00e3o dos Pr\u00e9mios Fleet & Service realizada pela Revista Automo","og_url":"https:\/\/automotiverevista.pt\/index.php\/2025\/12\/30\/egmais-conquista-premio-ambiente-2025\/","og_site_name":"Revista Automotive","article_published_time":"2025-12-30T11:01:17+00:00","article_modified_time":"2025-12-30T11:01:19+00:00","og_image":[{"width":1432,"height":1000,"url":"https:\/\/automotiverevista.pt\/wp-content\/uploads\/2025\/12\/IMG_57471.jpg","type":"image\/jpeg"}],"author":"Fatima Silva","twitter_card":"summary_large_image","twitter_misc":{"Escrito por":"Fatima Silva","Tempo estimado de leitura":"2 minutos"},"schema":{"@context":"https:\/\/schema.org","@graph":[{"@type":"Article","@id":"https:\/\/automotiverevista.pt\/index.php\/2025\/12\/30\/egmais-conquista-premio-ambiente-2025\/#article","isPartOf":{"@id":"https:\/\/automotiverevista.pt\/index.php\/2025\/12\/30\/egmais-conquista-premio-ambiente-2025\/"},"author":{"name":"Fatima Silva","@id":"https:\/\/automotiverevista.pt\/#\/schema\/person\/1e95eb12553b8edd256acb00fe6dad4b"},"headline":"EGMais conquista Pr\u00e9mio Ambiente 2025","datePublished":"2025-12-30T11:01:17+00:00","dateModified":"2025-12-30T11:01:19+00:00","mainEntityOfPage":{"@id":"https:\/\/automotiverevista.pt\/index.php\/2025\/12\/30\/egmais-conquista-premio-ambiente-2025\/"},"wordCount":257,"publisher":{"@id":"https:\/\/automotiverevista.pt\/#organization"},"image":{"@id":"https:\/\/automotiverevista.pt\/index.php\/2025\/12\/30\/egmais-conquista-premio-ambiente-2025\/#primaryimage"},"thumbnailUrl":"https:\/\/automotiverevista.pt\/wp-content\/uploads\/2025\/12\/IMG_57471.jpg","articleSection":["Eventos","P\u00f3s-Venda"],"inLanguage":"pt-PT"},{"@type":"WebPage","@id":"https:\/\/automotiverevista.pt\/index.php\/2025\/12\/30\/egmais-conquista-premio-ambiente-2025\/","url":"https:\/\/automotiverevista.pt\/index.php\/2025\/12\/30\/egmais-conquista-premio-ambiente-2025\/","name":"EGMais conquista Pr\u00e9mio Ambiente 2025 - Revista Automotive","isPartOf":{"@id":"https:\/\/automotiverevista.pt\/#website"},"primaryImageOfPage":{"@id":"https:\/\/automotiverevista.pt\/index.php\/2025\/12\/30\/egmais-conquista-premio-ambiente-2025\/#primaryimage"},"image":{"@id":"https:\/\/automotiverevista.pt\/index.php\/2025\/12\/30\/egmais-conquista-premio-ambiente-2025\/#primaryimage"},"thumbnailUrl":"https:\/\/automotiverevista.pt\/wp-content\/uploads\/2025\/12\/IMG_57471.jpg","datePublished":"2025-12-30T11:01:17+00:00","dateModified":"2025-12-30T11:01:19+00:00","description":"A entidade gestora EGMais, foi distinguida com o Pr\u00e9mio Ambiente 2025, na 9\u00aa edi\u00e7\u00e3o dos Pr\u00e9mios Fleet & Service realizada pela Revista Automo","breadcrumb":{"@id":"https:\/\/automotiverevista.pt\/index.php\/2025\/12\/30\/egmais-conquista-premio-ambiente-2025\/#breadcrumb"},"inLanguage":"pt-PT","potentialAction":[{"@type":"ReadAction","target":["https:\/\/automotiverevista.pt\/index.php\/2025\/12\/30\/egmais-conquista-premio-ambiente-2025\/"]}]},{"@type":"ImageObject","inLanguage":"pt-PT","@id":"https:\/\/automotiverevista.pt\/index.php\/2025\/12\/30\/egmais-conquista-premio-ambiente-2025\/#primaryimage","url":"https:\/\/automotiverevista.pt\/wp-content\/uploads\/2025\/12\/IMG_57471.jpg","contentUrl":"https:\/\/automotiverevista.pt\/wp-content\/uploads\/2025\/12\/IMG_57471.jpg","width":1432,"height":1000,"caption":"Jos\u00e9 Miguel (\u00e0 esq.), coordenador lojas sul da Sofrapa entregou o pr\u00e9mio da Revista Automotive a Rui Cabral, diretor geral e Carla Castanheira, engenheira do ambiente, ambos da EGMais"},{"@type":"BreadcrumbList","@id":"https:\/\/automotiverevista.pt\/index.php\/2025\/12\/30\/egmais-conquista-premio-ambiente-2025\/#breadcrumb","itemListElement":[{"@type":"ListItem","position":1,"name":"Home","item":"https:\/\/automotiverevista.pt\/"},{"@type":"ListItem","position":2,"name":"EGMais conquista Pr\u00e9mio Ambiente 2025"}]},{"@type":"WebSite","@id":"https:\/\/automotiverevista.pt\/#website","url":"https:\/\/automotiverevista.pt\/","name":"Revista Automotive","description":"Revista Automotive Portugal","publisher":{"@id":"https:\/\/automotiverevista.pt\/#organization"},"potentialAction":[{"@type":"SearchAction","target":{"@type":"EntryPoint","urlTemplate":"https:\/\/automotiverevista.pt\/?s={search_term_string}"},"query-input":{"@type":"PropertyValueSpecification","valueRequired":true,"valueName":"search_term_string"}}],"inLanguage":"pt-PT"},{"@type":"Organization","@id":"https:\/\/automotiverevista.pt\/#organization","name":"Revista Automotive Portugal","url":"https:\/\/automotiverevista.pt\/","logo":{"@type":"ImageObject","inLanguage":"pt-PT","@id":"https:\/\/automotiverevista.pt\/#\/schema\/logo\/image\/","url":"https:\/\/automotiverevista.pt\/wp-content\/uploads\/2022\/07\/Logo-Automotive-2021_500-1.jpg","contentUrl":"https:\/\/automotiverevista.pt\/wp-content\/uploads\/2022\/07\/Logo-Automotive-2021_500-1.jpg","width":500,"height":160,"caption":"Revista Automotive Portugal"},"image":{"@id":"https:\/\/automotiverevista.pt\/#\/schema\/logo\/image\/"},"sameAs":["https:\/\/linkedin.com\/in\/automotiverevista"]},{"@type":"Person","@id":"https:\/\/automotiverevista.pt\/#\/schema\/person\/1e95eb12553b8edd256acb00fe6dad4b","name":"Fatima Silva","image":{"@type":"ImageObject","inLanguage":"pt-PT","@id":"https:\/\/secure.gravatar.com\/avatar\/4b4a955a9c1b66708ab0dd3bd6181ac1f650299d893bd337a28482f7f19c8511?s=96&d=mm&r=g","url":"https:\/\/secure.gravatar.com\/avatar\/4b4a955a9c1b66708ab0dd3bd6181ac1f650299d893bd337a28482f7f19c8511?s=96&d=mm&r=g","contentUrl":"https:\/\/secure.gravatar.com\/avatar\/4b4a955a9c1b66708ab0dd3bd6181ac1f650299d893bd337a28482f7f19c8511?s=96&d=mm&r=g","caption":"Fatima Silva"},"url":"https:\/\/automotiverevista.pt\/index.php\/author\/fgasparsilva\/"}]}},"_links":{"self":[{"href":"https:\/\/automotiverevista.pt\/index.php\/wp-json\/wp\/v2\/posts\/11744","targetHints":{"allow":["GET"]}}],"collection":[{"href":"https:\/\/automotiverevista.pt\/index.php\/wp-json\/wp\/v2\/posts"}],"about":[{"href":"https:\/\/automotiverevista.pt\/index.php\/wp-json\/wp\/v2\/types\/post"}],"author":[{"embeddable":true,"href":"https:\/\/automotiverevista.pt\/index.php\/wp-json\/wp\/v2\/users\/4"}],"replies":[{"embeddable":true,"href":"https:\/\/automotiverevista.pt\/index.php\/wp-json\/wp\/v2\/comments?post=11744"}],"version-history":[{"count":1,"href":"https:\/\/automotiverevista.pt\/index.php\/wp-json\/wp\/v2\/posts\/11744\/revisions"}],"predecessor-version":[{"id":11746,"href":"https:\/\/automotiverevista.pt\/index.php\/wp-json\/wp\/v2\/posts\/11744\/revisions\/11746"}],"wp:featuredmedia":[{"embeddable":true,"href":"https:\/\/automotiverevista.pt\/index.php\/wp-json\/wp\/v2\/media\/11745"}],"wp:attachment":[{"href":"https:\/\/automotiverevista.pt\/index.php\/wp-json\/wp\/v2\/media?parent=11744"}],"wp:term":[{"taxonomy":"category","embeddable":true,"href":"https:\/\/automotiverevista.pt\/index.php\/wp-json\/wp\/v2\/categories?post=11744"},{"taxonomy":"post_tag","embeddable":true,"href":"https:\/\/automotiverevista.pt\/index.php\/wp-json\/wp\/v2\/tags?post=11744"}],"curies":[{"name":"wp","href":"https:\/\/api.w.org\/{rel}","templated":true}]}}