{"id":11751,"date":"2025-12-24T06:20:00","date_gmt":"2025-12-24T06:20:00","guid":{"rendered":"https:\/\/automotiverevista.pt\/?p=11751"},"modified":"2025-12-23T10:22:15","modified_gmt":"2025-12-23T10:22:15","slug":"galp-conquista-premio-imagem-empresarial-2025","status":"publish","type":"post","link":"https:\/\/automotiverevista.pt\/index.php\/2025\/12\/24\/galp-conquista-premio-imagem-empresarial-2025\/","title":{"rendered":"Galp conquista Pr\u00e9mio Imagem Empresarial 2025"},"content":{"rendered":"\n<p>O <strong>Pr\u00e9mio Imagem Empresarial<\/strong> foi atribu\u00eddo pela Revista Automotive \u00e0 empresa <strong>Galp<\/strong> pela renova\u00e7\u00e3o da imagem corporativa, contribuindo para um visual mais atrativo, alegre, atual e promotor de boas energias.<\/p>\n\n\n\n<p>A Galp lan\u00e7ou uma nova imagem corporativa, num momento em que outras empresas do setor petrol\u00edfero e das energias tamb\u00e9m o fizeram. Por\u00e9m, a Galp demonstrou uma melhor adequa\u00e7\u00e3o da imagem aos suportes f\u00edsicos (lubrificantes, esta\u00e7\u00f5es de servi\u00e7o, entre outros), bem como uma maior capacidade de comunicar os seus valores atrav\u00e9s desta nova imagem.<\/p>\n\n\n\n<p>Esta reformula\u00e7\u00e3o de imagem empresarial procura refletir uma empresa moderna e competitiva, com valores e condutas ajustadas \u00e0 sua responsabilidade ambiental, social e econ\u00f3mica. A recente renova\u00e7\u00e3o das esta\u00e7\u00f5es de servi\u00e7os, tem incrementado positivamente a perce\u00e7\u00e3o dos clientes, funcion\u00e1rios, fornecedores e do p\u00fablico em geral.<\/p>\n\n\n\n<p>A imagem empresarial \u00e9 um ativo que sustenta a perce\u00e7\u00e3o da qualidade dos produtos e servi\u00e7os oferecidos, cria confian\u00e7a externa e motiva\u00e7\u00e3o interna. Pelo que a atribui\u00e7\u00e3o desse pr\u00e9mio visa reconhecer o investimento da Galp junto ao p\u00fablico e aos seus parceiros.<\/p>\n\n\n<div class=\"wp-block-image\">\n<figure class=\"aligncenter size-large is-resized\"><img decoding=\"async\" width=\"1024\" height=\"682\" src=\"https:\/\/automotiverevista.pt\/wp-content\/uploads\/2025\/12\/1759499884540-1024x682.jpg\" alt=\"\" class=\"wp-image-11753\" style=\"width:803px;height:auto\" srcset=\"https:\/\/automotiverevista.pt\/wp-content\/uploads\/2025\/12\/1759499884540-1024x682.jpg 1024w, https:\/\/automotiverevista.pt\/wp-content\/uploads\/2025\/12\/1759499884540-300x200.jpg 300w, https:\/\/automotiverevista.pt\/wp-content\/uploads\/2025\/12\/1759499884540-768x511.jpg 768w, https:\/\/automotiverevista.pt\/wp-content\/uploads\/2025\/12\/1759499884540-750x500.jpg 750w, https:\/\/automotiverevista.pt\/wp-content\/uploads\/2025\/12\/1759499884540-1140x759.jpg 1140w, https:\/\/automotiverevista.pt\/wp-content\/uploads\/2025\/12\/1759499884540.jpg 1500w\" sizes=\"(max-width: 1024px) 100vw, 1024px\" \/><\/figure>\n<\/div>","protected":false},"excerpt":{"rendered":"<p>O Pr\u00e9mio Imagem Empresarial foi atribu\u00eddo pela Revista Automotive \u00e0 empresa Galp pela renova\u00e7\u00e3o da imagem corporativa, contribuindo para um visual mais atrativo, alegre, atual e promotor de boas energias. A Galp lan\u00e7ou uma nova imagem corporativa, num momento em que outras empresas do setor petrol\u00edfero e das energias tamb\u00e9m o fizeram. Por\u00e9m, a Galp [&hellip;]<\/p>\n","protected":false},"author":4,"featured_media":11752,"comment_status":"closed","ping_status":"open","sticky":false,"template":"","format":"standard","meta":{"jnews-multi-image_gallery":[],"jnews_single_post":{"format":"standard"},"jnews_primary_category":[],"footnotes":""},"categories":[29,23,21],"tags":[],"class_list":["post-11751","post","type-post","status-publish","format-standard","has-post-thumbnail","hentry","category-eventos","category-frotas","category-pos-venda"],"yoast_head":"<!-- This site is optimized with the Yoast SEO Premium plugin v27.5 (Yoast SEO v27.5) - https:\/\/yoast.com\/product\/yoast-seo-premium-wordpress\/ -->\n<title>Galp conquista Pr\u00e9mio Imagem Empresarial 2025 - Revista Automotive<\/title>\n<meta name=\"description\" content=\"O Pr\u00e9mio Imagem Empresarial foi atribu\u00eddo pela Revista Automotive \u00e0 empresa Galp pela renova\u00e7\u00e3o da imagem corporativa, contribuindo para um\" \/>\n<meta name=\"robots\" content=\"index, follow, max-snippet:-1, max-image-preview:large, max-video-preview:-1\" \/>\n<link rel=\"canonical\" href=\"https:\/\/automotiverevista.pt\/index.php\/2025\/12\/24\/galp-conquista-premio-imagem-empresarial-2025\/\" \/>\n<meta property=\"og:locale\" content=\"pt_PT\" \/>\n<meta property=\"og:type\" content=\"article\" \/>\n<meta property=\"og:title\" content=\"Galp conquista Pr\u00e9mio Imagem Empresarial 2025\" \/>\n<meta property=\"og:description\" content=\"O Pr\u00e9mio Imagem Empresarial foi atribu\u00eddo pela Revista Automotive \u00e0 empresa Galp pela renova\u00e7\u00e3o da imagem corporativa, contribuindo para um\" \/>\n<meta property=\"og:url\" content=\"https:\/\/automotiverevista.pt\/index.php\/2025\/12\/24\/galp-conquista-premio-imagem-empresarial-2025\/\" \/>\n<meta property=\"og:site_name\" content=\"Revista Automotive\" \/>\n<meta property=\"article:published_time\" content=\"2025-12-24T06:20:00+00:00\" \/>\n<meta property=\"og:image\" content=\"https:\/\/automotiverevista.pt\/wp-content\/uploads\/2025\/12\/IMG_5761.jpg\" \/>\n\t<meta property=\"og:image:width\" content=\"1500\" \/>\n\t<meta property=\"og:image:height\" content=\"1000\" \/>\n\t<meta property=\"og:image:type\" content=\"image\/jpeg\" \/>\n<meta name=\"author\" content=\"Fatima Silva\" \/>\n<meta name=\"twitter:card\" content=\"summary_large_image\" \/>\n<meta name=\"twitter:label1\" content=\"Escrito por\" \/>\n\t<meta name=\"twitter:data1\" content=\"Fatima Silva\" \/>\n\t<meta name=\"twitter:label2\" content=\"Tempo estimado de leitura\" \/>\n\t<meta name=\"twitter:data2\" content=\"2 minutos\" \/>\n<script type=\"application\/ld+json\" class=\"yoast-schema-graph\">{\"@context\":\"https:\\\/\\\/schema.org\",\"@graph\":[{\"@type\":\"Article\",\"@id\":\"https:\\\/\\\/automotiverevista.pt\\\/index.php\\\/2025\\\/12\\\/24\\\/galp-conquista-premio-imagem-empresarial-2025\\\/#article\",\"isPartOf\":{\"@id\":\"https:\\\/\\\/automotiverevista.pt\\\/index.php\\\/2025\\\/12\\\/24\\\/galp-conquista-premio-imagem-empresarial-2025\\\/\"},\"author\":{\"name\":\"Fatima Silva\",\"@id\":\"https:\\\/\\\/automotiverevista.pt\\\/#\\\/schema\\\/person\\\/1e95eb12553b8edd256acb00fe6dad4b\"},\"headline\":\"Galp conquista Pr\u00e9mio Imagem Empresarial 2025\",\"datePublished\":\"2025-12-24T06:20:00+00:00\",\"mainEntityOfPage\":{\"@id\":\"https:\\\/\\\/automotiverevista.pt\\\/index.php\\\/2025\\\/12\\\/24\\\/galp-conquista-premio-imagem-empresarial-2025\\\/\"},\"wordCount\":201,\"publisher\":{\"@id\":\"https:\\\/\\\/automotiverevista.pt\\\/#organization\"},\"image\":{\"@id\":\"https:\\\/\\\/automotiverevista.pt\\\/index.php\\\/2025\\\/12\\\/24\\\/galp-conquista-premio-imagem-empresarial-2025\\\/#primaryimage\"},\"thumbnailUrl\":\"https:\\\/\\\/automotiverevista.pt\\\/wp-content\\\/uploads\\\/2025\\\/12\\\/IMG_5761.jpg\",\"articleSection\":[\"Eventos\",\"Frotas\",\"P\u00f3s-Venda\"],\"inLanguage\":\"pt-PT\"},{\"@type\":\"WebPage\",\"@id\":\"https:\\\/\\\/automotiverevista.pt\\\/index.php\\\/2025\\\/12\\\/24\\\/galp-conquista-premio-imagem-empresarial-2025\\\/\",\"url\":\"https:\\\/\\\/automotiverevista.pt\\\/index.php\\\/2025\\\/12\\\/24\\\/galp-conquista-premio-imagem-empresarial-2025\\\/\",\"name\":\"Galp conquista Pr\u00e9mio Imagem Empresarial 2025 - Revista Automotive\",\"isPartOf\":{\"@id\":\"https:\\\/\\\/automotiverevista.pt\\\/#website\"},\"primaryImageOfPage\":{\"@id\":\"https:\\\/\\\/automotiverevista.pt\\\/index.php\\\/2025\\\/12\\\/24\\\/galp-conquista-premio-imagem-empresarial-2025\\\/#primaryimage\"},\"image\":{\"@id\":\"https:\\\/\\\/automotiverevista.pt\\\/index.php\\\/2025\\\/12\\\/24\\\/galp-conquista-premio-imagem-empresarial-2025\\\/#primaryimage\"},\"thumbnailUrl\":\"https:\\\/\\\/automotiverevista.pt\\\/wp-content\\\/uploads\\\/2025\\\/12\\\/IMG_5761.jpg\",\"datePublished\":\"2025-12-24T06:20:00+00:00\",\"description\":\"O Pr\u00e9mio Imagem Empresarial foi atribu\u00eddo pela Revista Automotive \u00e0 empresa Galp pela renova\u00e7\u00e3o da imagem corporativa, contribuindo para um\",\"breadcrumb\":{\"@id\":\"https:\\\/\\\/automotiverevista.pt\\\/index.php\\\/2025\\\/12\\\/24\\\/galp-conquista-premio-imagem-empresarial-2025\\\/#breadcrumb\"},\"inLanguage\":\"pt-PT\",\"potentialAction\":[{\"@type\":\"ReadAction\",\"target\":[\"https:\\\/\\\/automotiverevista.pt\\\/index.php\\\/2025\\\/12\\\/24\\\/galp-conquista-premio-imagem-empresarial-2025\\\/\"]}]},{\"@type\":\"ImageObject\",\"inLanguage\":\"pt-PT\",\"@id\":\"https:\\\/\\\/automotiverevista.pt\\\/index.php\\\/2025\\\/12\\\/24\\\/galp-conquista-premio-imagem-empresarial-2025\\\/#primaryimage\",\"url\":\"https:\\\/\\\/automotiverevista.pt\\\/wp-content\\\/uploads\\\/2025\\\/12\\\/IMG_5761.jpg\",\"contentUrl\":\"https:\\\/\\\/automotiverevista.pt\\\/wp-content\\\/uploads\\\/2025\\\/12\\\/IMG_5761.jpg\",\"width\":1500,\"height\":1000,\"caption\":\"Ricardo Miranda (\u00e0 esq.) diretor comercial da Revista Automotive, entregou o pr\u00e9mio a Raquel Pinto, Respons\u00e1vel Ib\u00e9rica do Desenvolvimento de Produto de Cart\u00f5es Frota na Galp.\"},{\"@type\":\"BreadcrumbList\",\"@id\":\"https:\\\/\\\/automotiverevista.pt\\\/index.php\\\/2025\\\/12\\\/24\\\/galp-conquista-premio-imagem-empresarial-2025\\\/#breadcrumb\",\"itemListElement\":[{\"@type\":\"ListItem\",\"position\":1,\"name\":\"Home\",\"item\":\"https:\\\/\\\/automotiverevista.pt\\\/\"},{\"@type\":\"ListItem\",\"position\":2,\"name\":\"Galp conquista Pr\u00e9mio Imagem Empresarial 2025\"}]},{\"@type\":\"WebSite\",\"@id\":\"https:\\\/\\\/automotiverevista.pt\\\/#website\",\"url\":\"https:\\\/\\\/automotiverevista.pt\\\/\",\"name\":\"Revista Automotive\",\"description\":\"Revista Automotive Portugal\",\"publisher\":{\"@id\":\"https:\\\/\\\/automotiverevista.pt\\\/#organization\"},\"potentialAction\":[{\"@type\":\"SearchAction\",\"target\":{\"@type\":\"EntryPoint\",\"urlTemplate\":\"https:\\\/\\\/automotiverevista.pt\\\/?s={search_term_string}\"},\"query-input\":{\"@type\":\"PropertyValueSpecification\",\"valueRequired\":true,\"valueName\":\"search_term_string\"}}],\"inLanguage\":\"pt-PT\"},{\"@type\":\"Organization\",\"@id\":\"https:\\\/\\\/automotiverevista.pt\\\/#organization\",\"name\":\"Revista Automotive Portugal\",\"url\":\"https:\\\/\\\/automotiverevista.pt\\\/\",\"logo\":{\"@type\":\"ImageObject\",\"inLanguage\":\"pt-PT\",\"@id\":\"https:\\\/\\\/automotiverevista.pt\\\/#\\\/schema\\\/logo\\\/image\\\/\",\"url\":\"https:\\\/\\\/automotiverevista.pt\\\/wp-content\\\/uploads\\\/2022\\\/07\\\/Logo-Automotive-2021_500-1.jpg\",\"contentUrl\":\"https:\\\/\\\/automotiverevista.pt\\\/wp-content\\\/uploads\\\/2022\\\/07\\\/Logo-Automotive-2021_500-1.jpg\",\"width\":500,\"height\":160,\"caption\":\"Revista Automotive Portugal\"},\"image\":{\"@id\":\"https:\\\/\\\/automotiverevista.pt\\\/#\\\/schema\\\/logo\\\/image\\\/\"},\"sameAs\":[\"https:\\\/\\\/linkedin.com\\\/in\\\/automotiverevista\"]},{\"@type\":\"Person\",\"@id\":\"https:\\\/\\\/automotiverevista.pt\\\/#\\\/schema\\\/person\\\/1e95eb12553b8edd256acb00fe6dad4b\",\"name\":\"Fatima Silva\",\"image\":{\"@type\":\"ImageObject\",\"inLanguage\":\"pt-PT\",\"@id\":\"https:\\\/\\\/secure.gravatar.com\\\/avatar\\\/4b4a955a9c1b66708ab0dd3bd6181ac1f650299d893bd337a28482f7f19c8511?s=96&d=mm&r=g\",\"url\":\"https:\\\/\\\/secure.gravatar.com\\\/avatar\\\/4b4a955a9c1b66708ab0dd3bd6181ac1f650299d893bd337a28482f7f19c8511?s=96&d=mm&r=g\",\"contentUrl\":\"https:\\\/\\\/secure.gravatar.com\\\/avatar\\\/4b4a955a9c1b66708ab0dd3bd6181ac1f650299d893bd337a28482f7f19c8511?s=96&d=mm&r=g\",\"caption\":\"Fatima Silva\"},\"url\":\"https:\\\/\\\/automotiverevista.pt\\\/index.php\\\/author\\\/fgasparsilva\\\/\"}]}<\/script>\n<!-- \/ Yoast SEO Premium plugin. -->","yoast_head_json":{"title":"Galp conquista Pr\u00e9mio Imagem Empresarial 2025 - Revista Automotive","description":"O Pr\u00e9mio Imagem Empresarial foi atribu\u00eddo pela Revista Automotive \u00e0 empresa Galp pela renova\u00e7\u00e3o da imagem corporativa, contribuindo para um","robots":{"index":"index","follow":"follow","max-snippet":"max-snippet:-1","max-image-preview":"max-image-preview:large","max-video-preview":"max-video-preview:-1"},"canonical":"https:\/\/automotiverevista.pt\/index.php\/2025\/12\/24\/galp-conquista-premio-imagem-empresarial-2025\/","og_locale":"pt_PT","og_type":"article","og_title":"Galp conquista Pr\u00e9mio Imagem Empresarial 2025","og_description":"O Pr\u00e9mio Imagem Empresarial foi atribu\u00eddo pela Revista Automotive \u00e0 empresa Galp pela renova\u00e7\u00e3o da imagem corporativa, contribuindo para um","og_url":"https:\/\/automotiverevista.pt\/index.php\/2025\/12\/24\/galp-conquista-premio-imagem-empresarial-2025\/","og_site_name":"Revista Automotive","article_published_time":"2025-12-24T06:20:00+00:00","og_image":[{"width":1500,"height":1000,"url":"https:\/\/automotiverevista.pt\/wp-content\/uploads\/2025\/12\/IMG_5761.jpg","type":"image\/jpeg"}],"author":"Fatima Silva","twitter_card":"summary_large_image","twitter_misc":{"Escrito por":"Fatima Silva","Tempo estimado de leitura":"2 minutos"},"schema":{"@context":"https:\/\/schema.org","@graph":[{"@type":"Article","@id":"https:\/\/automotiverevista.pt\/index.php\/2025\/12\/24\/galp-conquista-premio-imagem-empresarial-2025\/#article","isPartOf":{"@id":"https:\/\/automotiverevista.pt\/index.php\/2025\/12\/24\/galp-conquista-premio-imagem-empresarial-2025\/"},"author":{"name":"Fatima Silva","@id":"https:\/\/automotiverevista.pt\/#\/schema\/person\/1e95eb12553b8edd256acb00fe6dad4b"},"headline":"Galp conquista Pr\u00e9mio Imagem Empresarial 2025","datePublished":"2025-12-24T06:20:00+00:00","mainEntityOfPage":{"@id":"https:\/\/automotiverevista.pt\/index.php\/2025\/12\/24\/galp-conquista-premio-imagem-empresarial-2025\/"},"wordCount":201,"publisher":{"@id":"https:\/\/automotiverevista.pt\/#organization"},"image":{"@id":"https:\/\/automotiverevista.pt\/index.php\/2025\/12\/24\/galp-conquista-premio-imagem-empresarial-2025\/#primaryimage"},"thumbnailUrl":"https:\/\/automotiverevista.pt\/wp-content\/uploads\/2025\/12\/IMG_5761.jpg","articleSection":["Eventos","Frotas","P\u00f3s-Venda"],"inLanguage":"pt-PT"},{"@type":"WebPage","@id":"https:\/\/automotiverevista.pt\/index.php\/2025\/12\/24\/galp-conquista-premio-imagem-empresarial-2025\/","url":"https:\/\/automotiverevista.pt\/index.php\/2025\/12\/24\/galp-conquista-premio-imagem-empresarial-2025\/","name":"Galp conquista Pr\u00e9mio Imagem Empresarial 2025 - Revista Automotive","isPartOf":{"@id":"https:\/\/automotiverevista.pt\/#website"},"primaryImageOfPage":{"@id":"https:\/\/automotiverevista.pt\/index.php\/2025\/12\/24\/galp-conquista-premio-imagem-empresarial-2025\/#primaryimage"},"image":{"@id":"https:\/\/automotiverevista.pt\/index.php\/2025\/12\/24\/galp-conquista-premio-imagem-empresarial-2025\/#primaryimage"},"thumbnailUrl":"https:\/\/automotiverevista.pt\/wp-content\/uploads\/2025\/12\/IMG_5761.jpg","datePublished":"2025-12-24T06:20:00+00:00","description":"O Pr\u00e9mio Imagem Empresarial foi atribu\u00eddo pela Revista Automotive \u00e0 empresa Galp pela renova\u00e7\u00e3o da imagem corporativa, contribuindo para um","breadcrumb":{"@id":"https:\/\/automotiverevista.pt\/index.php\/2025\/12\/24\/galp-conquista-premio-imagem-empresarial-2025\/#breadcrumb"},"inLanguage":"pt-PT","potentialAction":[{"@type":"ReadAction","target":["https:\/\/automotiverevista.pt\/index.php\/2025\/12\/24\/galp-conquista-premio-imagem-empresarial-2025\/"]}]},{"@type":"ImageObject","inLanguage":"pt-PT","@id":"https:\/\/automotiverevista.pt\/index.php\/2025\/12\/24\/galp-conquista-premio-imagem-empresarial-2025\/#primaryimage","url":"https:\/\/automotiverevista.pt\/wp-content\/uploads\/2025\/12\/IMG_5761.jpg","contentUrl":"https:\/\/automotiverevista.pt\/wp-content\/uploads\/2025\/12\/IMG_5761.jpg","width":1500,"height":1000,"caption":"Ricardo Miranda (\u00e0 esq.) diretor comercial da Revista Automotive, entregou o pr\u00e9mio a Raquel Pinto, Respons\u00e1vel Ib\u00e9rica do Desenvolvimento de Produto de Cart\u00f5es Frota na Galp."},{"@type":"BreadcrumbList","@id":"https:\/\/automotiverevista.pt\/index.php\/2025\/12\/24\/galp-conquista-premio-imagem-empresarial-2025\/#breadcrumb","itemListElement":[{"@type":"ListItem","position":1,"name":"Home","item":"https:\/\/automotiverevista.pt\/"},{"@type":"ListItem","position":2,"name":"Galp conquista Pr\u00e9mio Imagem Empresarial 2025"}]},{"@type":"WebSite","@id":"https:\/\/automotiverevista.pt\/#website","url":"https:\/\/automotiverevista.pt\/","name":"Revista Automotive","description":"Revista Automotive Portugal","publisher":{"@id":"https:\/\/automotiverevista.pt\/#organization"},"potentialAction":[{"@type":"SearchAction","target":{"@type":"EntryPoint","urlTemplate":"https:\/\/automotiverevista.pt\/?s={search_term_string}"},"query-input":{"@type":"PropertyValueSpecification","valueRequired":true,"valueName":"search_term_string"}}],"inLanguage":"pt-PT"},{"@type":"Organization","@id":"https:\/\/automotiverevista.pt\/#organization","name":"Revista Automotive Portugal","url":"https:\/\/automotiverevista.pt\/","logo":{"@type":"ImageObject","inLanguage":"pt-PT","@id":"https:\/\/automotiverevista.pt\/#\/schema\/logo\/image\/","url":"https:\/\/automotiverevista.pt\/wp-content\/uploads\/2022\/07\/Logo-Automotive-2021_500-1.jpg","contentUrl":"https:\/\/automotiverevista.pt\/wp-content\/uploads\/2022\/07\/Logo-Automotive-2021_500-1.jpg","width":500,"height":160,"caption":"Revista Automotive Portugal"},"image":{"@id":"https:\/\/automotiverevista.pt\/#\/schema\/logo\/image\/"},"sameAs":["https:\/\/linkedin.com\/in\/automotiverevista"]},{"@type":"Person","@id":"https:\/\/automotiverevista.pt\/#\/schema\/person\/1e95eb12553b8edd256acb00fe6dad4b","name":"Fatima Silva","image":{"@type":"ImageObject","inLanguage":"pt-PT","@id":"https:\/\/secure.gravatar.com\/avatar\/4b4a955a9c1b66708ab0dd3bd6181ac1f650299d893bd337a28482f7f19c8511?s=96&d=mm&r=g","url":"https:\/\/secure.gravatar.com\/avatar\/4b4a955a9c1b66708ab0dd3bd6181ac1f650299d893bd337a28482f7f19c8511?s=96&d=mm&r=g","contentUrl":"https:\/\/secure.gravatar.com\/avatar\/4b4a955a9c1b66708ab0dd3bd6181ac1f650299d893bd337a28482f7f19c8511?s=96&d=mm&r=g","caption":"Fatima Silva"},"url":"https:\/\/automotiverevista.pt\/index.php\/author\/fgasparsilva\/"}]}},"_links":{"self":[{"href":"https:\/\/automotiverevista.pt\/index.php\/wp-json\/wp\/v2\/posts\/11751","targetHints":{"allow":["GET"]}}],"collection":[{"href":"https:\/\/automotiverevista.pt\/index.php\/wp-json\/wp\/v2\/posts"}],"about":[{"href":"https:\/\/automotiverevista.pt\/index.php\/wp-json\/wp\/v2\/types\/post"}],"author":[{"embeddable":true,"href":"https:\/\/automotiverevista.pt\/index.php\/wp-json\/wp\/v2\/users\/4"}],"replies":[{"embeddable":true,"href":"https:\/\/automotiverevista.pt\/index.php\/wp-json\/wp\/v2\/comments?post=11751"}],"version-history":[{"count":1,"href":"https:\/\/automotiverevista.pt\/index.php\/wp-json\/wp\/v2\/posts\/11751\/revisions"}],"predecessor-version":[{"id":11754,"href":"https:\/\/automotiverevista.pt\/index.php\/wp-json\/wp\/v2\/posts\/11751\/revisions\/11754"}],"wp:featuredmedia":[{"embeddable":true,"href":"https:\/\/automotiverevista.pt\/index.php\/wp-json\/wp\/v2\/media\/11752"}],"wp:attachment":[{"href":"https:\/\/automotiverevista.pt\/index.php\/wp-json\/wp\/v2\/media?parent=11751"}],"wp:term":[{"taxonomy":"category","embeddable":true,"href":"https:\/\/automotiverevista.pt\/index.php\/wp-json\/wp\/v2\/categories?post=11751"},{"taxonomy":"post_tag","embeddable":true,"href":"https:\/\/automotiverevista.pt\/index.php\/wp-json\/wp\/v2\/tags?post=11751"}],"curies":[{"name":"wp","href":"https:\/\/api.w.org\/{rel}","templated":true}]}}