{"id":11759,"date":"2026-01-02T14:41:20","date_gmt":"2026-01-02T14:41:20","guid":{"rendered":"https:\/\/automotiverevista.pt\/?p=11759"},"modified":"2025-12-30T10:59:01","modified_gmt":"2025-12-30T10:59:01","slug":"global-parts-vence-premio-distribuicao-pecas-para-pesados-2025","status":"publish","type":"post","link":"https:\/\/automotiverevista.pt\/index.php\/2026\/01\/02\/global-parts-vence-premio-distribuicao-pecas-para-pesados-2025\/","title":{"rendered":"Global Parts vence Pr\u00e9mio Distribui\u00e7\u00e3o Pe\u00e7as para Pesados 2025"},"content":{"rendered":"\n<p>O <strong>Pr\u00e9mio Distribui\u00e7\u00e3o Pe\u00e7as para Pesados<\/strong> foi atribu\u00eddo pela Revista Automotive <strong>na 9\u00aa edi\u00e7\u00e3o dos Pr\u00e9mios Fleet &amp; Service <\/strong>\u00e0 empresa <strong>Global Parts Portugal<\/strong> pela expans\u00e3o, portf\u00f3lio, atendimento e log\u00edstica no setor de pesados em Portugal.<\/p>\n\n\n\n<p>A Global Parts fez um investimento significativo na expans\u00e3o da atividade com a nova sede, loja e armaz\u00e9m no Carregado. Em consequ\u00eancia, melhorou o acolhimento aos clientes e condi\u00e7\u00f5es laborais adequadas para os funcion\u00e1rios.<\/p>\n\n\n\n<p>Com maior implementa\u00e7\u00e3o no mercado nacional e com estrat\u00e9gias vocacionadas para clientes oficinais e para os frotistas; dinamiza um portf\u00f3lio de produtos, pe\u00e7as e equipamentos com marcas de qualidade premium, contribuindo positivamente para a redu\u00e7\u00e3o das avarias, paragens e repara\u00e7\u00f5es.<\/p>\n\n\n\n<p>A estrat\u00e9gia da Global Parts tamb\u00e9m permite que os clientes (oficinas e transportadoras) se beneficiem de condi\u00e7\u00f5es comerciais mais atrativas, possibilitando \u00e0s oficinas aumentarem a sua competitividade e, aos transportadores, maior qualidade (melhores pe\u00e7as para os cami\u00f5es) nas opera\u00e7\u00f5es dos transportadores em geral.<\/p>\n\n\n<div class=\"wp-block-image\">\n<figure class=\"aligncenter size-large is-resized\"><img decoding=\"async\" width=\"1024\" height=\"768\" src=\"https:\/\/automotiverevista.pt\/wp-content\/uploads\/2025\/12\/20250520_111918-1024x768.jpg\" alt=\"\" class=\"wp-image-11761\" style=\"width:857px;height:auto\" srcset=\"https:\/\/automotiverevista.pt\/wp-content\/uploads\/2025\/12\/20250520_111918-1024x768.jpg 1024w, https:\/\/automotiverevista.pt\/wp-content\/uploads\/2025\/12\/20250520_111918-300x225.jpg 300w, https:\/\/automotiverevista.pt\/wp-content\/uploads\/2025\/12\/20250520_111918-768x576.jpg 768w, https:\/\/automotiverevista.pt\/wp-content\/uploads\/2025\/12\/20250520_111918-750x563.jpg 750w, https:\/\/automotiverevista.pt\/wp-content\/uploads\/2025\/12\/20250520_111918-1140x855.jpg 1140w, https:\/\/automotiverevista.pt\/wp-content\/uploads\/2025\/12\/20250520_111918.jpg 1500w\" sizes=\"(max-width: 1024px) 100vw, 1024px\" \/><figcaption class=\"wp-element-caption\">Manuel Fonseca, \u00e0 esq. e Miguel Valentim, gerentes da Global Parts<\/figcaption><\/figure>\n<\/div>","protected":false},"excerpt":{"rendered":"<p>O Pr\u00e9mio Distribui\u00e7\u00e3o Pe\u00e7as para Pesados foi atribu\u00eddo pela Revista Automotive na 9\u00aa edi\u00e7\u00e3o dos Pr\u00e9mios Fleet &amp; Service \u00e0 empresa Global Parts Portugal pela expans\u00e3o, portf\u00f3lio, atendimento e log\u00edstica no setor de pesados em Portugal. A Global Parts fez um investimento significativo na expans\u00e3o da atividade com a nova sede, loja e armaz\u00e9m no [&hellip;]<\/p>\n","protected":false},"author":4,"featured_media":11760,"comment_status":"closed","ping_status":"open","sticky":false,"template":"","format":"standard","meta":{"jnews-multi-image_gallery":[],"jnews_single_post":{"format":"standard"},"jnews_primary_category":[],"footnotes":""},"categories":[29,25,21],"tags":[],"class_list":["post-11759","post","type-post","status-publish","format-standard","has-post-thumbnail","hentry","category-eventos","category-pesados-e-maquinas","category-pos-venda"],"yoast_head":"<!-- This site is optimized with the Yoast SEO Premium plugin v27.2 (Yoast SEO v27.5) - https:\/\/yoast.com\/product\/yoast-seo-premium-wordpress\/ -->\n<title>Global Parts vence Pr\u00e9mio Distribui\u00e7\u00e3o Pe\u00e7as para Pesados 2025 - Revista Automotive<\/title>\n<meta name=\"description\" content=\"O Pr\u00e9mio Distribui\u00e7\u00e3o Pe\u00e7as para Pesados foi atribu\u00eddo pela Revista Automotive \u00e0 empresa Global Parts Portugal pela expans\u00e3o, portf\u00f3lio, aten\" \/>\n<meta name=\"robots\" content=\"index, follow, max-snippet:-1, max-image-preview:large, max-video-preview:-1\" \/>\n<link rel=\"canonical\" href=\"https:\/\/automotiverevista.pt\/index.php\/2026\/01\/02\/global-parts-vence-premio-distribuicao-pecas-para-pesados-2025\/\" \/>\n<meta property=\"og:locale\" content=\"pt_PT\" \/>\n<meta property=\"og:type\" content=\"article\" \/>\n<meta property=\"og:title\" content=\"Global Parts vence Pr\u00e9mio Distribui\u00e7\u00e3o Pe\u00e7as para Pesados 2025\" \/>\n<meta property=\"og:description\" content=\"O Pr\u00e9mio Distribui\u00e7\u00e3o Pe\u00e7as para Pesados foi atribu\u00eddo pela Revista Automotive \u00e0 empresa Global Parts Portugal pela expans\u00e3o, portf\u00f3lio, aten\" \/>\n<meta property=\"og:url\" content=\"https:\/\/automotiverevista.pt\/index.php\/2026\/01\/02\/global-parts-vence-premio-distribuicao-pecas-para-pesados-2025\/\" \/>\n<meta property=\"og:site_name\" content=\"Revista Automotive\" \/>\n<meta property=\"article:published_time\" content=\"2026-01-02T14:41:20+00:00\" \/>\n<meta property=\"og:image\" content=\"https:\/\/automotiverevista.pt\/wp-content\/uploads\/2025\/12\/IMG_5739.jpg\" \/>\n\t<meta property=\"og:image:width\" content=\"1500\" \/>\n\t<meta property=\"og:image:height\" content=\"1000\" \/>\n\t<meta property=\"og:image:type\" content=\"image\/jpeg\" \/>\n<meta name=\"author\" content=\"Fatima Silva\" \/>\n<meta name=\"twitter:card\" content=\"summary_large_image\" \/>\n<meta name=\"twitter:label1\" content=\"Escrito por\" \/>\n\t<meta name=\"twitter:data1\" content=\"Fatima Silva\" \/>\n\t<meta name=\"twitter:label2\" content=\"Tempo estimado de leitura\" \/>\n\t<meta name=\"twitter:data2\" content=\"2 minutos\" \/>\n<script type=\"application\/ld+json\" class=\"yoast-schema-graph\">{\"@context\":\"https:\\\/\\\/schema.org\",\"@graph\":[{\"@type\":\"Article\",\"@id\":\"https:\\\/\\\/automotiverevista.pt\\\/index.php\\\/2026\\\/01\\\/02\\\/global-parts-vence-premio-distribuicao-pecas-para-pesados-2025\\\/#article\",\"isPartOf\":{\"@id\":\"https:\\\/\\\/automotiverevista.pt\\\/index.php\\\/2026\\\/01\\\/02\\\/global-parts-vence-premio-distribuicao-pecas-para-pesados-2025\\\/\"},\"author\":{\"name\":\"Fatima Silva\",\"@id\":\"https:\\\/\\\/automotiverevista.pt\\\/#\\\/schema\\\/person\\\/1e95eb12553b8edd256acb00fe6dad4b\"},\"headline\":\"Global Parts vence Pr\u00e9mio Distribui\u00e7\u00e3o Pe\u00e7as para Pesados 2025\",\"datePublished\":\"2026-01-02T14:41:20+00:00\",\"mainEntityOfPage\":{\"@id\":\"https:\\\/\\\/automotiverevista.pt\\\/index.php\\\/2026\\\/01\\\/02\\\/global-parts-vence-premio-distribuicao-pecas-para-pesados-2025\\\/\"},\"wordCount\":198,\"publisher\":{\"@id\":\"https:\\\/\\\/automotiverevista.pt\\\/#organization\"},\"image\":{\"@id\":\"https:\\\/\\\/automotiverevista.pt\\\/index.php\\\/2026\\\/01\\\/02\\\/global-parts-vence-premio-distribuicao-pecas-para-pesados-2025\\\/#primaryimage\"},\"thumbnailUrl\":\"https:\\\/\\\/automotiverevista.pt\\\/wp-content\\\/uploads\\\/2025\\\/12\\\/IMG_5739.jpg\",\"articleSection\":[\"Eventos\",\"Pesados e M\u00e1quinas\",\"P\u00f3s-Venda\"],\"inLanguage\":\"pt-PT\"},{\"@type\":\"WebPage\",\"@id\":\"https:\\\/\\\/automotiverevista.pt\\\/index.php\\\/2026\\\/01\\\/02\\\/global-parts-vence-premio-distribuicao-pecas-para-pesados-2025\\\/\",\"url\":\"https:\\\/\\\/automotiverevista.pt\\\/index.php\\\/2026\\\/01\\\/02\\\/global-parts-vence-premio-distribuicao-pecas-para-pesados-2025\\\/\",\"name\":\"Global Parts vence Pr\u00e9mio Distribui\u00e7\u00e3o Pe\u00e7as para Pesados 2025 - Revista Automotive\",\"isPartOf\":{\"@id\":\"https:\\\/\\\/automotiverevista.pt\\\/#website\"},\"primaryImageOfPage\":{\"@id\":\"https:\\\/\\\/automotiverevista.pt\\\/index.php\\\/2026\\\/01\\\/02\\\/global-parts-vence-premio-distribuicao-pecas-para-pesados-2025\\\/#primaryimage\"},\"image\":{\"@id\":\"https:\\\/\\\/automotiverevista.pt\\\/index.php\\\/2026\\\/01\\\/02\\\/global-parts-vence-premio-distribuicao-pecas-para-pesados-2025\\\/#primaryimage\"},\"thumbnailUrl\":\"https:\\\/\\\/automotiverevista.pt\\\/wp-content\\\/uploads\\\/2025\\\/12\\\/IMG_5739.jpg\",\"datePublished\":\"2026-01-02T14:41:20+00:00\",\"description\":\"O Pr\u00e9mio Distribui\u00e7\u00e3o Pe\u00e7as para Pesados foi atribu\u00eddo pela Revista Automotive \u00e0 empresa Global Parts Portugal pela expans\u00e3o, portf\u00f3lio, aten\",\"breadcrumb\":{\"@id\":\"https:\\\/\\\/automotiverevista.pt\\\/index.php\\\/2026\\\/01\\\/02\\\/global-parts-vence-premio-distribuicao-pecas-para-pesados-2025\\\/#breadcrumb\"},\"inLanguage\":\"pt-PT\",\"potentialAction\":[{\"@type\":\"ReadAction\",\"target\":[\"https:\\\/\\\/automotiverevista.pt\\\/index.php\\\/2026\\\/01\\\/02\\\/global-parts-vence-premio-distribuicao-pecas-para-pesados-2025\\\/\"]}]},{\"@type\":\"ImageObject\",\"inLanguage\":\"pt-PT\",\"@id\":\"https:\\\/\\\/automotiverevista.pt\\\/index.php\\\/2026\\\/01\\\/02\\\/global-parts-vence-premio-distribuicao-pecas-para-pesados-2025\\\/#primaryimage\",\"url\":\"https:\\\/\\\/automotiverevista.pt\\\/wp-content\\\/uploads\\\/2025\\\/12\\\/IMG_5739.jpg\",\"contentUrl\":\"https:\\\/\\\/automotiverevista.pt\\\/wp-content\\\/uploads\\\/2025\\\/12\\\/IMG_5739.jpg\",\"width\":1500,\"height\":1000,\"caption\":\"Am\u00edlcar Nascimento (\u00e0 esq.) Key Account &amp; Marketing Manager da Exide Technologies, entregou o pr\u00e9mio da Revista Automotive a Miguel Valentim, Gerente da Global Parts.\"},{\"@type\":\"BreadcrumbList\",\"@id\":\"https:\\\/\\\/automotiverevista.pt\\\/index.php\\\/2026\\\/01\\\/02\\\/global-parts-vence-premio-distribuicao-pecas-para-pesados-2025\\\/#breadcrumb\",\"itemListElement\":[{\"@type\":\"ListItem\",\"position\":1,\"name\":\"Home\",\"item\":\"https:\\\/\\\/automotiverevista.pt\\\/\"},{\"@type\":\"ListItem\",\"position\":2,\"name\":\"Global Parts vence Pr\u00e9mio Distribui\u00e7\u00e3o Pe\u00e7as para Pesados 2025\"}]},{\"@type\":\"WebSite\",\"@id\":\"https:\\\/\\\/automotiverevista.pt\\\/#website\",\"url\":\"https:\\\/\\\/automotiverevista.pt\\\/\",\"name\":\"Revista Automotive\",\"description\":\"Revista Automotive Portugal\",\"publisher\":{\"@id\":\"https:\\\/\\\/automotiverevista.pt\\\/#organization\"},\"potentialAction\":[{\"@type\":\"SearchAction\",\"target\":{\"@type\":\"EntryPoint\",\"urlTemplate\":\"https:\\\/\\\/automotiverevista.pt\\\/?s={search_term_string}\"},\"query-input\":{\"@type\":\"PropertyValueSpecification\",\"valueRequired\":true,\"valueName\":\"search_term_string\"}}],\"inLanguage\":\"pt-PT\"},{\"@type\":\"Organization\",\"@id\":\"https:\\\/\\\/automotiverevista.pt\\\/#organization\",\"name\":\"Revista Automotive Portugal\",\"url\":\"https:\\\/\\\/automotiverevista.pt\\\/\",\"logo\":{\"@type\":\"ImageObject\",\"inLanguage\":\"pt-PT\",\"@id\":\"https:\\\/\\\/automotiverevista.pt\\\/#\\\/schema\\\/logo\\\/image\\\/\",\"url\":\"https:\\\/\\\/automotiverevista.pt\\\/wp-content\\\/uploads\\\/2022\\\/07\\\/Logo-Automotive-2021_500-1.jpg\",\"contentUrl\":\"https:\\\/\\\/automotiverevista.pt\\\/wp-content\\\/uploads\\\/2022\\\/07\\\/Logo-Automotive-2021_500-1.jpg\",\"width\":500,\"height\":160,\"caption\":\"Revista Automotive Portugal\"},\"image\":{\"@id\":\"https:\\\/\\\/automotiverevista.pt\\\/#\\\/schema\\\/logo\\\/image\\\/\"},\"sameAs\":[\"https:\\\/\\\/linkedin.com\\\/in\\\/automotiverevista\"]},{\"@type\":\"Person\",\"@id\":\"https:\\\/\\\/automotiverevista.pt\\\/#\\\/schema\\\/person\\\/1e95eb12553b8edd256acb00fe6dad4b\",\"name\":\"Fatima Silva\",\"image\":{\"@type\":\"ImageObject\",\"inLanguage\":\"pt-PT\",\"@id\":\"https:\\\/\\\/secure.gravatar.com\\\/avatar\\\/4b4a955a9c1b66708ab0dd3bd6181ac1f650299d893bd337a28482f7f19c8511?s=96&d=mm&r=g\",\"url\":\"https:\\\/\\\/secure.gravatar.com\\\/avatar\\\/4b4a955a9c1b66708ab0dd3bd6181ac1f650299d893bd337a28482f7f19c8511?s=96&d=mm&r=g\",\"contentUrl\":\"https:\\\/\\\/secure.gravatar.com\\\/avatar\\\/4b4a955a9c1b66708ab0dd3bd6181ac1f650299d893bd337a28482f7f19c8511?s=96&d=mm&r=g\",\"caption\":\"Fatima Silva\"},\"url\":\"https:\\\/\\\/automotiverevista.pt\\\/index.php\\\/author\\\/fgasparsilva\\\/\"}]}<\/script>\n<!-- \/ Yoast SEO Premium plugin. -->","yoast_head_json":{"title":"Global Parts vence Pr\u00e9mio Distribui\u00e7\u00e3o Pe\u00e7as para Pesados 2025 - Revista Automotive","description":"O Pr\u00e9mio Distribui\u00e7\u00e3o Pe\u00e7as para Pesados foi atribu\u00eddo pela Revista Automotive \u00e0 empresa Global Parts Portugal pela expans\u00e3o, portf\u00f3lio, aten","robots":{"index":"index","follow":"follow","max-snippet":"max-snippet:-1","max-image-preview":"max-image-preview:large","max-video-preview":"max-video-preview:-1"},"canonical":"https:\/\/automotiverevista.pt\/index.php\/2026\/01\/02\/global-parts-vence-premio-distribuicao-pecas-para-pesados-2025\/","og_locale":"pt_PT","og_type":"article","og_title":"Global Parts vence Pr\u00e9mio Distribui\u00e7\u00e3o Pe\u00e7as para Pesados 2025","og_description":"O Pr\u00e9mio Distribui\u00e7\u00e3o Pe\u00e7as para Pesados foi atribu\u00eddo pela Revista Automotive \u00e0 empresa Global Parts Portugal pela expans\u00e3o, portf\u00f3lio, aten","og_url":"https:\/\/automotiverevista.pt\/index.php\/2026\/01\/02\/global-parts-vence-premio-distribuicao-pecas-para-pesados-2025\/","og_site_name":"Revista Automotive","article_published_time":"2026-01-02T14:41:20+00:00","og_image":[{"width":1500,"height":1000,"url":"https:\/\/automotiverevista.pt\/wp-content\/uploads\/2025\/12\/IMG_5739.jpg","type":"image\/jpeg"}],"author":"Fatima Silva","twitter_card":"summary_large_image","twitter_misc":{"Escrito por":"Fatima Silva","Tempo estimado de leitura":"2 minutos"},"schema":{"@context":"https:\/\/schema.org","@graph":[{"@type":"Article","@id":"https:\/\/automotiverevista.pt\/index.php\/2026\/01\/02\/global-parts-vence-premio-distribuicao-pecas-para-pesados-2025\/#article","isPartOf":{"@id":"https:\/\/automotiverevista.pt\/index.php\/2026\/01\/02\/global-parts-vence-premio-distribuicao-pecas-para-pesados-2025\/"},"author":{"name":"Fatima Silva","@id":"https:\/\/automotiverevista.pt\/#\/schema\/person\/1e95eb12553b8edd256acb00fe6dad4b"},"headline":"Global Parts vence Pr\u00e9mio Distribui\u00e7\u00e3o Pe\u00e7as para Pesados 2025","datePublished":"2026-01-02T14:41:20+00:00","mainEntityOfPage":{"@id":"https:\/\/automotiverevista.pt\/index.php\/2026\/01\/02\/global-parts-vence-premio-distribuicao-pecas-para-pesados-2025\/"},"wordCount":198,"publisher":{"@id":"https:\/\/automotiverevista.pt\/#organization"},"image":{"@id":"https:\/\/automotiverevista.pt\/index.php\/2026\/01\/02\/global-parts-vence-premio-distribuicao-pecas-para-pesados-2025\/#primaryimage"},"thumbnailUrl":"https:\/\/automotiverevista.pt\/wp-content\/uploads\/2025\/12\/IMG_5739.jpg","articleSection":["Eventos","Pesados e M\u00e1quinas","P\u00f3s-Venda"],"inLanguage":"pt-PT"},{"@type":"WebPage","@id":"https:\/\/automotiverevista.pt\/index.php\/2026\/01\/02\/global-parts-vence-premio-distribuicao-pecas-para-pesados-2025\/","url":"https:\/\/automotiverevista.pt\/index.php\/2026\/01\/02\/global-parts-vence-premio-distribuicao-pecas-para-pesados-2025\/","name":"Global Parts vence Pr\u00e9mio Distribui\u00e7\u00e3o Pe\u00e7as para Pesados 2025 - Revista Automotive","isPartOf":{"@id":"https:\/\/automotiverevista.pt\/#website"},"primaryImageOfPage":{"@id":"https:\/\/automotiverevista.pt\/index.php\/2026\/01\/02\/global-parts-vence-premio-distribuicao-pecas-para-pesados-2025\/#primaryimage"},"image":{"@id":"https:\/\/automotiverevista.pt\/index.php\/2026\/01\/02\/global-parts-vence-premio-distribuicao-pecas-para-pesados-2025\/#primaryimage"},"thumbnailUrl":"https:\/\/automotiverevista.pt\/wp-content\/uploads\/2025\/12\/IMG_5739.jpg","datePublished":"2026-01-02T14:41:20+00:00","description":"O Pr\u00e9mio Distribui\u00e7\u00e3o Pe\u00e7as para Pesados foi atribu\u00eddo pela Revista Automotive \u00e0 empresa Global Parts Portugal pela expans\u00e3o, portf\u00f3lio, aten","breadcrumb":{"@id":"https:\/\/automotiverevista.pt\/index.php\/2026\/01\/02\/global-parts-vence-premio-distribuicao-pecas-para-pesados-2025\/#breadcrumb"},"inLanguage":"pt-PT","potentialAction":[{"@type":"ReadAction","target":["https:\/\/automotiverevista.pt\/index.php\/2026\/01\/02\/global-parts-vence-premio-distribuicao-pecas-para-pesados-2025\/"]}]},{"@type":"ImageObject","inLanguage":"pt-PT","@id":"https:\/\/automotiverevista.pt\/index.php\/2026\/01\/02\/global-parts-vence-premio-distribuicao-pecas-para-pesados-2025\/#primaryimage","url":"https:\/\/automotiverevista.pt\/wp-content\/uploads\/2025\/12\/IMG_5739.jpg","contentUrl":"https:\/\/automotiverevista.pt\/wp-content\/uploads\/2025\/12\/IMG_5739.jpg","width":1500,"height":1000,"caption":"Am\u00edlcar Nascimento (\u00e0 esq.) Key Account &amp; Marketing Manager da Exide Technologies, entregou o pr\u00e9mio da Revista Automotive a Miguel Valentim, Gerente da Global Parts."},{"@type":"BreadcrumbList","@id":"https:\/\/automotiverevista.pt\/index.php\/2026\/01\/02\/global-parts-vence-premio-distribuicao-pecas-para-pesados-2025\/#breadcrumb","itemListElement":[{"@type":"ListItem","position":1,"name":"Home","item":"https:\/\/automotiverevista.pt\/"},{"@type":"ListItem","position":2,"name":"Global Parts vence Pr\u00e9mio Distribui\u00e7\u00e3o Pe\u00e7as para Pesados 2025"}]},{"@type":"WebSite","@id":"https:\/\/automotiverevista.pt\/#website","url":"https:\/\/automotiverevista.pt\/","name":"Revista Automotive","description":"Revista Automotive Portugal","publisher":{"@id":"https:\/\/automotiverevista.pt\/#organization"},"potentialAction":[{"@type":"SearchAction","target":{"@type":"EntryPoint","urlTemplate":"https:\/\/automotiverevista.pt\/?s={search_term_string}"},"query-input":{"@type":"PropertyValueSpecification","valueRequired":true,"valueName":"search_term_string"}}],"inLanguage":"pt-PT"},{"@type":"Organization","@id":"https:\/\/automotiverevista.pt\/#organization","name":"Revista Automotive Portugal","url":"https:\/\/automotiverevista.pt\/","logo":{"@type":"ImageObject","inLanguage":"pt-PT","@id":"https:\/\/automotiverevista.pt\/#\/schema\/logo\/image\/","url":"https:\/\/automotiverevista.pt\/wp-content\/uploads\/2022\/07\/Logo-Automotive-2021_500-1.jpg","contentUrl":"https:\/\/automotiverevista.pt\/wp-content\/uploads\/2022\/07\/Logo-Automotive-2021_500-1.jpg","width":500,"height":160,"caption":"Revista Automotive Portugal"},"image":{"@id":"https:\/\/automotiverevista.pt\/#\/schema\/logo\/image\/"},"sameAs":["https:\/\/linkedin.com\/in\/automotiverevista"]},{"@type":"Person","@id":"https:\/\/automotiverevista.pt\/#\/schema\/person\/1e95eb12553b8edd256acb00fe6dad4b","name":"Fatima Silva","image":{"@type":"ImageObject","inLanguage":"pt-PT","@id":"https:\/\/secure.gravatar.com\/avatar\/4b4a955a9c1b66708ab0dd3bd6181ac1f650299d893bd337a28482f7f19c8511?s=96&d=mm&r=g","url":"https:\/\/secure.gravatar.com\/avatar\/4b4a955a9c1b66708ab0dd3bd6181ac1f650299d893bd337a28482f7f19c8511?s=96&d=mm&r=g","contentUrl":"https:\/\/secure.gravatar.com\/avatar\/4b4a955a9c1b66708ab0dd3bd6181ac1f650299d893bd337a28482f7f19c8511?s=96&d=mm&r=g","caption":"Fatima Silva"},"url":"https:\/\/automotiverevista.pt\/index.php\/author\/fgasparsilva\/"}]}},"_links":{"self":[{"href":"https:\/\/automotiverevista.pt\/index.php\/wp-json\/wp\/v2\/posts\/11759","targetHints":{"allow":["GET"]}}],"collection":[{"href":"https:\/\/automotiverevista.pt\/index.php\/wp-json\/wp\/v2\/posts"}],"about":[{"href":"https:\/\/automotiverevista.pt\/index.php\/wp-json\/wp\/v2\/types\/post"}],"author":[{"embeddable":true,"href":"https:\/\/automotiverevista.pt\/index.php\/wp-json\/wp\/v2\/users\/4"}],"replies":[{"embeddable":true,"href":"https:\/\/automotiverevista.pt\/index.php\/wp-json\/wp\/v2\/comments?post=11759"}],"version-history":[{"count":1,"href":"https:\/\/automotiverevista.pt\/index.php\/wp-json\/wp\/v2\/posts\/11759\/revisions"}],"predecessor-version":[{"id":11762,"href":"https:\/\/automotiverevista.pt\/index.php\/wp-json\/wp\/v2\/posts\/11759\/revisions\/11762"}],"wp:featuredmedia":[{"embeddable":true,"href":"https:\/\/automotiverevista.pt\/index.php\/wp-json\/wp\/v2\/media\/11760"}],"wp:attachment":[{"href":"https:\/\/automotiverevista.pt\/index.php\/wp-json\/wp\/v2\/media?parent=11759"}],"wp:term":[{"taxonomy":"category","embeddable":true,"href":"https:\/\/automotiverevista.pt\/index.php\/wp-json\/wp\/v2\/categories?post=11759"},{"taxonomy":"post_tag","embeddable":true,"href":"https:\/\/automotiverevista.pt\/index.php\/wp-json\/wp\/v2\/tags?post=11759"}],"curies":[{"name":"wp","href":"https:\/\/api.w.org\/{rel}","templated":true}]}}