{"id":11772,"date":"2025-12-29T12:10:00","date_gmt":"2025-12-29T12:10:00","guid":{"rendered":"https:\/\/automotiverevista.pt\/?p=11772"},"modified":"2025-12-25T15:00:20","modified_gmt":"2025-12-25T15:00:20","slug":"grupo-martins-distinguido-com-o-premio-revelacao-2025","status":"publish","type":"post","link":"https:\/\/automotiverevista.pt\/index.php\/2025\/12\/29\/grupo-martins-distinguido-com-o-premio-revelacao-2025\/","title":{"rendered":"Grupo Martins distinguido com o Pr\u00e9mio Revela\u00e7\u00e3o 2025"},"content":{"rendered":"\n<p>O <strong>Pr\u00e9mio Revela\u00e7\u00e3o<\/strong> foi atribu\u00eddo pela Revista Automotive, <strong>na 9\u00aa edi\u00e7\u00e3o dos Pr\u00e9mios Fleet &amp; Service<\/strong>, ao <strong>Grupo Martins<\/strong> pela sua din\u00e2mica na \u00e1rea dos lubrificantes, servi\u00e7os de mobilidade, expans\u00e3o da rede e \u00e1reas de servi\u00e7o.<\/p>\n\n\n\n<p>Tendo iniciado as suas atividades na distribui\u00e7\u00e3o de lubrificantes porta a porta em 1988, o <strong>Grupo Martins<\/strong> tem sido um exemplo de crescimento e dinamiza\u00e7\u00e3o no setor de energia e servi\u00e7os em Portugal e, tamb\u00e9m, est\u00e1 presente al\u00e9m-fronteiras.<\/p>\n\n\n\n<p>O <strong>Grupo Martins<\/strong> tornou-se uma refer\u00eancia nacional na distribui\u00e7\u00e3o de produtos da Castrol e, sobretudo, na comercializa\u00e7\u00e3o dos combust\u00edveis da BP, atrav\u00e9s de uma rede composta por 34 \u00e1reas e esta\u00e7\u00f5es de servi\u00e7o, posicionadas no norte e centro de Portugal.<\/p>\n\n\n\n<p>Com uma grande din\u00e2mica na \u00e1rea das energias e servi\u00e7os de mobilidade,&nbsp;refletida no trabalho t\u00e9cnico-comercial di\u00e1rio de proximidade, assegura o atendimento aos diversos clientes e canais de neg\u00f3cio em diferentes regi\u00f5es bem diversificadas.<\/p>\n\n\n\n<p>Nos anos mais recentes, expandiu os seus neg\u00f3cios para Espanha, tendo uma unidade em Santiago de Compostela, com uma equipa dedicada e com armaz\u00e9ns pr\u00f3prios. O Grupo, de gest\u00e3o familiar, disponibiliza uma ampla diversidade de lubrificantes para autom\u00f3veis ligeiros, comerciais ligeiros, autom\u00f3veis cl\u00e1ssicos, ve\u00edculos pesados (cami\u00f5es e autocarros), motos, e m\u00e1quinas de constru\u00e7\u00e3o e equipamentos. Conta com uma frota pr\u00f3pria que garante rapidez, qualidade e seguran\u00e7a na entrega; minimizando os atrasos, as falhas ou desvios de mercadorias.<\/p>\n\n\n\n<p>Destaca-se pela comercializa\u00e7\u00e3o de produtos de qualidade, homologados, com uma log\u00edstica confi\u00e1vel atrav\u00e9s de investimento em frota pr\u00f3pria, e um atendimento t\u00e9cnico comercial que d\u00e1 suporte permanente e confi\u00e1vel aos clientes profissionais.&nbsp;<\/p>\n","protected":false},"excerpt":{"rendered":"<p>O Pr\u00e9mio Revela\u00e7\u00e3o foi atribu\u00eddo pela Revista Automotive, na 9\u00aa edi\u00e7\u00e3o dos Pr\u00e9mios Fleet &amp; Service, ao Grupo Martins pela sua din\u00e2mica na \u00e1rea dos lubrificantes, servi\u00e7os de mobilidade, expans\u00e3o da rede e \u00e1reas de servi\u00e7o. Tendo iniciado as suas atividades na distribui\u00e7\u00e3o de lubrificantes porta a porta em 1988, o Grupo Martins tem sido [&hellip;]<\/p>\n","protected":false},"author":4,"featured_media":11773,"comment_status":"closed","ping_status":"open","sticky":false,"template":"","format":"standard","meta":{"jnews-multi-image_gallery":[],"jnews_single_post":{"format":"standard"},"jnews_primary_category":[],"footnotes":""},"categories":[29,23,21],"tags":[],"class_list":["post-11772","post","type-post","status-publish","format-standard","has-post-thumbnail","hentry","category-eventos","category-frotas","category-pos-venda"],"yoast_head":"<!-- This site is optimized with the Yoast SEO Premium plugin v27.2 (Yoast SEO v27.5) - https:\/\/yoast.com\/product\/yoast-seo-premium-wordpress\/ -->\n<title>Grupo Martins distinguido com o Pr\u00e9mio Revela\u00e7\u00e3o 2025 - Revista Automotive<\/title>\n<meta name=\"description\" content=\"O Pr\u00e9mio Revela\u00e7\u00e3o foi atribu\u00eddo pela Revista Automotive, na 9\u00aa edi\u00e7\u00e3o dos Pr\u00e9mios Fleet &amp; Service, ao Grupo Martins pela sua din\u00e2mica na \u00e1re\" \/>\n<meta name=\"robots\" content=\"index, follow, max-snippet:-1, max-image-preview:large, max-video-preview:-1\" \/>\n<link rel=\"canonical\" href=\"https:\/\/automotiverevista.pt\/index.php\/2025\/12\/29\/grupo-martins-distinguido-com-o-premio-revelacao-2025\/\" \/>\n<meta property=\"og:locale\" content=\"pt_PT\" \/>\n<meta property=\"og:type\" content=\"article\" \/>\n<meta property=\"og:title\" content=\"Grupo Martins distinguido com o Pr\u00e9mio Revela\u00e7\u00e3o 2025\" \/>\n<meta property=\"og:description\" content=\"O Pr\u00e9mio Revela\u00e7\u00e3o foi atribu\u00eddo pela Revista Automotive, na 9\u00aa edi\u00e7\u00e3o dos Pr\u00e9mios Fleet &amp; Service, ao Grupo Martins pela sua din\u00e2mica na \u00e1re\" \/>\n<meta property=\"og:url\" content=\"https:\/\/automotiverevista.pt\/index.php\/2025\/12\/29\/grupo-martins-distinguido-com-o-premio-revelacao-2025\/\" \/>\n<meta property=\"og:site_name\" content=\"Revista Automotive\" \/>\n<meta property=\"article:published_time\" content=\"2025-12-29T12:10:00+00:00\" \/>\n<meta property=\"og:image\" content=\"https:\/\/automotiverevista.pt\/wp-content\/uploads\/2025\/12\/IMG_5765.jpg\" \/>\n\t<meta property=\"og:image:width\" content=\"1500\" \/>\n\t<meta property=\"og:image:height\" content=\"1000\" \/>\n\t<meta property=\"og:image:type\" content=\"image\/jpeg\" \/>\n<meta name=\"author\" content=\"Fatima Silva\" \/>\n<meta name=\"twitter:card\" content=\"summary_large_image\" \/>\n<meta name=\"twitter:label1\" content=\"Escrito por\" \/>\n\t<meta name=\"twitter:data1\" content=\"Fatima Silva\" \/>\n\t<meta name=\"twitter:label2\" content=\"Tempo estimado de leitura\" \/>\n\t<meta name=\"twitter:data2\" content=\"2 minutos\" \/>\n<script type=\"application\/ld+json\" class=\"yoast-schema-graph\">{\"@context\":\"https:\\\/\\\/schema.org\",\"@graph\":[{\"@type\":\"Article\",\"@id\":\"https:\\\/\\\/automotiverevista.pt\\\/index.php\\\/2025\\\/12\\\/29\\\/grupo-martins-distinguido-com-o-premio-revelacao-2025\\\/#article\",\"isPartOf\":{\"@id\":\"https:\\\/\\\/automotiverevista.pt\\\/index.php\\\/2025\\\/12\\\/29\\\/grupo-martins-distinguido-com-o-premio-revelacao-2025\\\/\"},\"author\":{\"name\":\"Fatima Silva\",\"@id\":\"https:\\\/\\\/automotiverevista.pt\\\/#\\\/schema\\\/person\\\/1e95eb12553b8edd256acb00fe6dad4b\"},\"headline\":\"Grupo Martins distinguido com o Pr\u00e9mio Revela\u00e7\u00e3o 2025\",\"datePublished\":\"2025-12-29T12:10:00+00:00\",\"mainEntityOfPage\":{\"@id\":\"https:\\\/\\\/automotiverevista.pt\\\/index.php\\\/2025\\\/12\\\/29\\\/grupo-martins-distinguido-com-o-premio-revelacao-2025\\\/\"},\"wordCount\":312,\"publisher\":{\"@id\":\"https:\\\/\\\/automotiverevista.pt\\\/#organization\"},\"image\":{\"@id\":\"https:\\\/\\\/automotiverevista.pt\\\/index.php\\\/2025\\\/12\\\/29\\\/grupo-martins-distinguido-com-o-premio-revelacao-2025\\\/#primaryimage\"},\"thumbnailUrl\":\"https:\\\/\\\/automotiverevista.pt\\\/wp-content\\\/uploads\\\/2025\\\/12\\\/IMG_5765.jpg\",\"articleSection\":[\"Eventos\",\"Frotas\",\"P\u00f3s-Venda\"],\"inLanguage\":\"pt-PT\"},{\"@type\":\"WebPage\",\"@id\":\"https:\\\/\\\/automotiverevista.pt\\\/index.php\\\/2025\\\/12\\\/29\\\/grupo-martins-distinguido-com-o-premio-revelacao-2025\\\/\",\"url\":\"https:\\\/\\\/automotiverevista.pt\\\/index.php\\\/2025\\\/12\\\/29\\\/grupo-martins-distinguido-com-o-premio-revelacao-2025\\\/\",\"name\":\"Grupo Martins distinguido com o Pr\u00e9mio Revela\u00e7\u00e3o 2025 - Revista Automotive\",\"isPartOf\":{\"@id\":\"https:\\\/\\\/automotiverevista.pt\\\/#website\"},\"primaryImageOfPage\":{\"@id\":\"https:\\\/\\\/automotiverevista.pt\\\/index.php\\\/2025\\\/12\\\/29\\\/grupo-martins-distinguido-com-o-premio-revelacao-2025\\\/#primaryimage\"},\"image\":{\"@id\":\"https:\\\/\\\/automotiverevista.pt\\\/index.php\\\/2025\\\/12\\\/29\\\/grupo-martins-distinguido-com-o-premio-revelacao-2025\\\/#primaryimage\"},\"thumbnailUrl\":\"https:\\\/\\\/automotiverevista.pt\\\/wp-content\\\/uploads\\\/2025\\\/12\\\/IMG_5765.jpg\",\"datePublished\":\"2025-12-29T12:10:00+00:00\",\"description\":\"O Pr\u00e9mio Revela\u00e7\u00e3o foi atribu\u00eddo pela Revista Automotive, na 9\u00aa edi\u00e7\u00e3o dos Pr\u00e9mios Fleet & Service, ao Grupo Martins pela sua din\u00e2mica na \u00e1re\",\"breadcrumb\":{\"@id\":\"https:\\\/\\\/automotiverevista.pt\\\/index.php\\\/2025\\\/12\\\/29\\\/grupo-martins-distinguido-com-o-premio-revelacao-2025\\\/#breadcrumb\"},\"inLanguage\":\"pt-PT\",\"potentialAction\":[{\"@type\":\"ReadAction\",\"target\":[\"https:\\\/\\\/automotiverevista.pt\\\/index.php\\\/2025\\\/12\\\/29\\\/grupo-martins-distinguido-com-o-premio-revelacao-2025\\\/\"]}]},{\"@type\":\"ImageObject\",\"inLanguage\":\"pt-PT\",\"@id\":\"https:\\\/\\\/automotiverevista.pt\\\/index.php\\\/2025\\\/12\\\/29\\\/grupo-martins-distinguido-com-o-premio-revelacao-2025\\\/#primaryimage\",\"url\":\"https:\\\/\\\/automotiverevista.pt\\\/wp-content\\\/uploads\\\/2025\\\/12\\\/IMG_5765.jpg\",\"contentUrl\":\"https:\\\/\\\/automotiverevista.pt\\\/wp-content\\\/uploads\\\/2025\\\/12\\\/IMG_5765.jpg\",\"width\":1500,\"height\":1000,\"caption\":\"Ricardo Miranda (\u00e0 esq.) Diretor Comercial da Revista Automotive entregou o pr\u00e9mio a Filipe Martins, CEO do Grupo Martins e Filipe Brand\u00e3o Diretor Comercial na Martins &amp; Couto.\"},{\"@type\":\"BreadcrumbList\",\"@id\":\"https:\\\/\\\/automotiverevista.pt\\\/index.php\\\/2025\\\/12\\\/29\\\/grupo-martins-distinguido-com-o-premio-revelacao-2025\\\/#breadcrumb\",\"itemListElement\":[{\"@type\":\"ListItem\",\"position\":1,\"name\":\"Home\",\"item\":\"https:\\\/\\\/automotiverevista.pt\\\/\"},{\"@type\":\"ListItem\",\"position\":2,\"name\":\"Grupo Martins distinguido com o Pr\u00e9mio Revela\u00e7\u00e3o 2025\"}]},{\"@type\":\"WebSite\",\"@id\":\"https:\\\/\\\/automotiverevista.pt\\\/#website\",\"url\":\"https:\\\/\\\/automotiverevista.pt\\\/\",\"name\":\"Revista Automotive\",\"description\":\"Revista Automotive Portugal\",\"publisher\":{\"@id\":\"https:\\\/\\\/automotiverevista.pt\\\/#organization\"},\"potentialAction\":[{\"@type\":\"SearchAction\",\"target\":{\"@type\":\"EntryPoint\",\"urlTemplate\":\"https:\\\/\\\/automotiverevista.pt\\\/?s={search_term_string}\"},\"query-input\":{\"@type\":\"PropertyValueSpecification\",\"valueRequired\":true,\"valueName\":\"search_term_string\"}}],\"inLanguage\":\"pt-PT\"},{\"@type\":\"Organization\",\"@id\":\"https:\\\/\\\/automotiverevista.pt\\\/#organization\",\"name\":\"Revista Automotive Portugal\",\"url\":\"https:\\\/\\\/automotiverevista.pt\\\/\",\"logo\":{\"@type\":\"ImageObject\",\"inLanguage\":\"pt-PT\",\"@id\":\"https:\\\/\\\/automotiverevista.pt\\\/#\\\/schema\\\/logo\\\/image\\\/\",\"url\":\"https:\\\/\\\/automotiverevista.pt\\\/wp-content\\\/uploads\\\/2022\\\/07\\\/Logo-Automotive-2021_500-1.jpg\",\"contentUrl\":\"https:\\\/\\\/automotiverevista.pt\\\/wp-content\\\/uploads\\\/2022\\\/07\\\/Logo-Automotive-2021_500-1.jpg\",\"width\":500,\"height\":160,\"caption\":\"Revista Automotive Portugal\"},\"image\":{\"@id\":\"https:\\\/\\\/automotiverevista.pt\\\/#\\\/schema\\\/logo\\\/image\\\/\"},\"sameAs\":[\"https:\\\/\\\/linkedin.com\\\/in\\\/automotiverevista\"]},{\"@type\":\"Person\",\"@id\":\"https:\\\/\\\/automotiverevista.pt\\\/#\\\/schema\\\/person\\\/1e95eb12553b8edd256acb00fe6dad4b\",\"name\":\"Fatima Silva\",\"image\":{\"@type\":\"ImageObject\",\"inLanguage\":\"pt-PT\",\"@id\":\"https:\\\/\\\/secure.gravatar.com\\\/avatar\\\/4b4a955a9c1b66708ab0dd3bd6181ac1f650299d893bd337a28482f7f19c8511?s=96&d=mm&r=g\",\"url\":\"https:\\\/\\\/secure.gravatar.com\\\/avatar\\\/4b4a955a9c1b66708ab0dd3bd6181ac1f650299d893bd337a28482f7f19c8511?s=96&d=mm&r=g\",\"contentUrl\":\"https:\\\/\\\/secure.gravatar.com\\\/avatar\\\/4b4a955a9c1b66708ab0dd3bd6181ac1f650299d893bd337a28482f7f19c8511?s=96&d=mm&r=g\",\"caption\":\"Fatima Silva\"},\"url\":\"https:\\\/\\\/automotiverevista.pt\\\/index.php\\\/author\\\/fgasparsilva\\\/\"}]}<\/script>\n<!-- \/ Yoast SEO Premium plugin. -->","yoast_head_json":{"title":"Grupo Martins distinguido com o Pr\u00e9mio Revela\u00e7\u00e3o 2025 - Revista Automotive","description":"O Pr\u00e9mio Revela\u00e7\u00e3o foi atribu\u00eddo pela Revista Automotive, na 9\u00aa edi\u00e7\u00e3o dos Pr\u00e9mios Fleet & Service, ao Grupo Martins pela sua din\u00e2mica na \u00e1re","robots":{"index":"index","follow":"follow","max-snippet":"max-snippet:-1","max-image-preview":"max-image-preview:large","max-video-preview":"max-video-preview:-1"},"canonical":"https:\/\/automotiverevista.pt\/index.php\/2025\/12\/29\/grupo-martins-distinguido-com-o-premio-revelacao-2025\/","og_locale":"pt_PT","og_type":"article","og_title":"Grupo Martins distinguido com o Pr\u00e9mio Revela\u00e7\u00e3o 2025","og_description":"O Pr\u00e9mio Revela\u00e7\u00e3o foi atribu\u00eddo pela Revista Automotive, na 9\u00aa edi\u00e7\u00e3o dos Pr\u00e9mios Fleet & Service, ao Grupo Martins pela sua din\u00e2mica na \u00e1re","og_url":"https:\/\/automotiverevista.pt\/index.php\/2025\/12\/29\/grupo-martins-distinguido-com-o-premio-revelacao-2025\/","og_site_name":"Revista Automotive","article_published_time":"2025-12-29T12:10:00+00:00","og_image":[{"width":1500,"height":1000,"url":"https:\/\/automotiverevista.pt\/wp-content\/uploads\/2025\/12\/IMG_5765.jpg","type":"image\/jpeg"}],"author":"Fatima Silva","twitter_card":"summary_large_image","twitter_misc":{"Escrito por":"Fatima Silva","Tempo estimado de leitura":"2 minutos"},"schema":{"@context":"https:\/\/schema.org","@graph":[{"@type":"Article","@id":"https:\/\/automotiverevista.pt\/index.php\/2025\/12\/29\/grupo-martins-distinguido-com-o-premio-revelacao-2025\/#article","isPartOf":{"@id":"https:\/\/automotiverevista.pt\/index.php\/2025\/12\/29\/grupo-martins-distinguido-com-o-premio-revelacao-2025\/"},"author":{"name":"Fatima Silva","@id":"https:\/\/automotiverevista.pt\/#\/schema\/person\/1e95eb12553b8edd256acb00fe6dad4b"},"headline":"Grupo Martins distinguido com o Pr\u00e9mio Revela\u00e7\u00e3o 2025","datePublished":"2025-12-29T12:10:00+00:00","mainEntityOfPage":{"@id":"https:\/\/automotiverevista.pt\/index.php\/2025\/12\/29\/grupo-martins-distinguido-com-o-premio-revelacao-2025\/"},"wordCount":312,"publisher":{"@id":"https:\/\/automotiverevista.pt\/#organization"},"image":{"@id":"https:\/\/automotiverevista.pt\/index.php\/2025\/12\/29\/grupo-martins-distinguido-com-o-premio-revelacao-2025\/#primaryimage"},"thumbnailUrl":"https:\/\/automotiverevista.pt\/wp-content\/uploads\/2025\/12\/IMG_5765.jpg","articleSection":["Eventos","Frotas","P\u00f3s-Venda"],"inLanguage":"pt-PT"},{"@type":"WebPage","@id":"https:\/\/automotiverevista.pt\/index.php\/2025\/12\/29\/grupo-martins-distinguido-com-o-premio-revelacao-2025\/","url":"https:\/\/automotiverevista.pt\/index.php\/2025\/12\/29\/grupo-martins-distinguido-com-o-premio-revelacao-2025\/","name":"Grupo Martins distinguido com o Pr\u00e9mio Revela\u00e7\u00e3o 2025 - Revista Automotive","isPartOf":{"@id":"https:\/\/automotiverevista.pt\/#website"},"primaryImageOfPage":{"@id":"https:\/\/automotiverevista.pt\/index.php\/2025\/12\/29\/grupo-martins-distinguido-com-o-premio-revelacao-2025\/#primaryimage"},"image":{"@id":"https:\/\/automotiverevista.pt\/index.php\/2025\/12\/29\/grupo-martins-distinguido-com-o-premio-revelacao-2025\/#primaryimage"},"thumbnailUrl":"https:\/\/automotiverevista.pt\/wp-content\/uploads\/2025\/12\/IMG_5765.jpg","datePublished":"2025-12-29T12:10:00+00:00","description":"O Pr\u00e9mio Revela\u00e7\u00e3o foi atribu\u00eddo pela Revista Automotive, na 9\u00aa edi\u00e7\u00e3o dos Pr\u00e9mios Fleet & Service, ao Grupo Martins pela sua din\u00e2mica na \u00e1re","breadcrumb":{"@id":"https:\/\/automotiverevista.pt\/index.php\/2025\/12\/29\/grupo-martins-distinguido-com-o-premio-revelacao-2025\/#breadcrumb"},"inLanguage":"pt-PT","potentialAction":[{"@type":"ReadAction","target":["https:\/\/automotiverevista.pt\/index.php\/2025\/12\/29\/grupo-martins-distinguido-com-o-premio-revelacao-2025\/"]}]},{"@type":"ImageObject","inLanguage":"pt-PT","@id":"https:\/\/automotiverevista.pt\/index.php\/2025\/12\/29\/grupo-martins-distinguido-com-o-premio-revelacao-2025\/#primaryimage","url":"https:\/\/automotiverevista.pt\/wp-content\/uploads\/2025\/12\/IMG_5765.jpg","contentUrl":"https:\/\/automotiverevista.pt\/wp-content\/uploads\/2025\/12\/IMG_5765.jpg","width":1500,"height":1000,"caption":"Ricardo Miranda (\u00e0 esq.) Diretor Comercial da Revista Automotive entregou o pr\u00e9mio a Filipe Martins, CEO do Grupo Martins e Filipe Brand\u00e3o Diretor Comercial na Martins &amp; Couto."},{"@type":"BreadcrumbList","@id":"https:\/\/automotiverevista.pt\/index.php\/2025\/12\/29\/grupo-martins-distinguido-com-o-premio-revelacao-2025\/#breadcrumb","itemListElement":[{"@type":"ListItem","position":1,"name":"Home","item":"https:\/\/automotiverevista.pt\/"},{"@type":"ListItem","position":2,"name":"Grupo Martins distinguido com o Pr\u00e9mio Revela\u00e7\u00e3o 2025"}]},{"@type":"WebSite","@id":"https:\/\/automotiverevista.pt\/#website","url":"https:\/\/automotiverevista.pt\/","name":"Revista Automotive","description":"Revista Automotive Portugal","publisher":{"@id":"https:\/\/automotiverevista.pt\/#organization"},"potentialAction":[{"@type":"SearchAction","target":{"@type":"EntryPoint","urlTemplate":"https:\/\/automotiverevista.pt\/?s={search_term_string}"},"query-input":{"@type":"PropertyValueSpecification","valueRequired":true,"valueName":"search_term_string"}}],"inLanguage":"pt-PT"},{"@type":"Organization","@id":"https:\/\/automotiverevista.pt\/#organization","name":"Revista Automotive Portugal","url":"https:\/\/automotiverevista.pt\/","logo":{"@type":"ImageObject","inLanguage":"pt-PT","@id":"https:\/\/automotiverevista.pt\/#\/schema\/logo\/image\/","url":"https:\/\/automotiverevista.pt\/wp-content\/uploads\/2022\/07\/Logo-Automotive-2021_500-1.jpg","contentUrl":"https:\/\/automotiverevista.pt\/wp-content\/uploads\/2022\/07\/Logo-Automotive-2021_500-1.jpg","width":500,"height":160,"caption":"Revista Automotive Portugal"},"image":{"@id":"https:\/\/automotiverevista.pt\/#\/schema\/logo\/image\/"},"sameAs":["https:\/\/linkedin.com\/in\/automotiverevista"]},{"@type":"Person","@id":"https:\/\/automotiverevista.pt\/#\/schema\/person\/1e95eb12553b8edd256acb00fe6dad4b","name":"Fatima Silva","image":{"@type":"ImageObject","inLanguage":"pt-PT","@id":"https:\/\/secure.gravatar.com\/avatar\/4b4a955a9c1b66708ab0dd3bd6181ac1f650299d893bd337a28482f7f19c8511?s=96&d=mm&r=g","url":"https:\/\/secure.gravatar.com\/avatar\/4b4a955a9c1b66708ab0dd3bd6181ac1f650299d893bd337a28482f7f19c8511?s=96&d=mm&r=g","contentUrl":"https:\/\/secure.gravatar.com\/avatar\/4b4a955a9c1b66708ab0dd3bd6181ac1f650299d893bd337a28482f7f19c8511?s=96&d=mm&r=g","caption":"Fatima Silva"},"url":"https:\/\/automotiverevista.pt\/index.php\/author\/fgasparsilva\/"}]}},"_links":{"self":[{"href":"https:\/\/automotiverevista.pt\/index.php\/wp-json\/wp\/v2\/posts\/11772","targetHints":{"allow":["GET"]}}],"collection":[{"href":"https:\/\/automotiverevista.pt\/index.php\/wp-json\/wp\/v2\/posts"}],"about":[{"href":"https:\/\/automotiverevista.pt\/index.php\/wp-json\/wp\/v2\/types\/post"}],"author":[{"embeddable":true,"href":"https:\/\/automotiverevista.pt\/index.php\/wp-json\/wp\/v2\/users\/4"}],"replies":[{"embeddable":true,"href":"https:\/\/automotiverevista.pt\/index.php\/wp-json\/wp\/v2\/comments?post=11772"}],"version-history":[{"count":1,"href":"https:\/\/automotiverevista.pt\/index.php\/wp-json\/wp\/v2\/posts\/11772\/revisions"}],"predecessor-version":[{"id":11774,"href":"https:\/\/automotiverevista.pt\/index.php\/wp-json\/wp\/v2\/posts\/11772\/revisions\/11774"}],"wp:featuredmedia":[{"embeddable":true,"href":"https:\/\/automotiverevista.pt\/index.php\/wp-json\/wp\/v2\/media\/11773"}],"wp:attachment":[{"href":"https:\/\/automotiverevista.pt\/index.php\/wp-json\/wp\/v2\/media?parent=11772"}],"wp:term":[{"taxonomy":"category","embeddable":true,"href":"https:\/\/automotiverevista.pt\/index.php\/wp-json\/wp\/v2\/categories?post=11772"},{"taxonomy":"post_tag","embeddable":true,"href":"https:\/\/automotiverevista.pt\/index.php\/wp-json\/wp\/v2\/tags?post=11772"}],"curies":[{"name":"wp","href":"https:\/\/api.w.org\/{rel}","templated":true}]}}