{"id":11781,"date":"2025-12-29T06:36:00","date_gmt":"2025-12-29T06:36:00","guid":{"rendered":"https:\/\/automotiverevista.pt\/?p=11781"},"modified":"2025-12-25T15:00:13","modified_gmt":"2025-12-25T15:00:13","slug":"man-truck-bus-portugal-vence-premio-rede-pesados-2025","status":"publish","type":"post","link":"https:\/\/automotiverevista.pt\/index.php\/2025\/12\/29\/man-truck-bus-portugal-vence-premio-rede-pesados-2025\/","title":{"rendered":"MAN Truck &amp; Bus Portugal vence Pr\u00e9mio Rede Pesados 2025"},"content":{"rendered":"\n<p>O <strong>Pr\u00e9mio Rede de Pesados<\/strong> foi atribu\u00eddo pela Revista Automotive \u00e0 <strong>MAN Truck &amp; Bus Portugal<\/strong> pelo acompanhamento, din\u00e2mica, e qualidade dos servi\u00e7os prestados \u00e0s frotas, <strong>na 9\u00aa edi\u00e7\u00e3o dos Pr\u00e9mios Fleet &amp; Service<\/strong>.<\/p>\n\n\n\n<p>Mais do que pontos de manuten\u00e7\u00e3o, a <strong>Rede de Pesados<\/strong> <strong>MAN Truck &amp; Bus Portugal<\/strong> s\u00e3o centros de compet\u00eancia t\u00e9cnica, equipados com as melhores tecnologias e equipas profissionais qualificadas, formadas segundo os elevados padr\u00f5es da marca.<\/p>\n\n\n\n<p>Como a gama da MAN em Portugal vai desde cami\u00f5es novos e usados, aos autocarros urbanos, interurbanos, bem como autocarros de m\u00e9dio e longo curso; e ainda os ve\u00edculos comerciais ligeiros, a sua rede de servi\u00e7os t\u00e9cnicos de manuten\u00e7\u00e3o e repara\u00e7\u00e3o tem que obrigatoriamente abranger toda essa gama t\u00e3o diversificada e variada de produtos.<\/p>\n\n\n\n<p>A rede de assist\u00eancia MAN em Portugal, dispon\u00edvel tamb\u00e9m para a marca de autocarros NEOPLAN, \u00e9 composta por mais de 10 pontos de assist\u00eancia. Desenvolvida ao longo de mais de 30 anos de experi\u00eancia no setor p\u00f3s-venda, distingue-se pelo atendimento personalizado e pela disponibilidade cont\u00ednua atrav\u00e9s do servi\u00e7o de assist\u00eancia 24 horas.<\/p>\n\n\n\n<p>Os clientes, das pequenas, m\u00e9dias e grandes empresas, revelam-se satisfeitos com a rede, especialmente pela abrang\u00eancia dos servi\u00e7os prestados, pela aten\u00e7\u00e3o que acompanha as vendas e, tamb\u00e9m, pela comunica\u00e7\u00e3o ativa e atualizada. Valorizam a proximidade que rede de assist\u00eancia MAN disp\u00f5e em Portugal, com boa cobertura geogr\u00e1fica, bem como as suas instala\u00e7\u00f5es, ajustadas \u00e0s necessidades dos frotistas nos servi\u00e7os de p\u00f3s-venda.<\/p>\n","protected":false},"excerpt":{"rendered":"<p>O Pr\u00e9mio Rede de Pesados foi atribu\u00eddo pela Revista Automotive \u00e0 MAN Truck &amp; Bus Portugal pelo acompanhamento, din\u00e2mica, e qualidade dos servi\u00e7os prestados \u00e0s frotas, na 9\u00aa edi\u00e7\u00e3o dos Pr\u00e9mios Fleet &amp; Service. Mais do que pontos de manuten\u00e7\u00e3o, a Rede de Pesados MAN Truck &amp; Bus Portugal s\u00e3o centros de compet\u00eancia t\u00e9cnica, equipados [&hellip;]<\/p>\n","protected":false},"author":4,"featured_media":11782,"comment_status":"closed","ping_status":"open","sticky":false,"template":"","format":"standard","meta":{"jnews-multi-image_gallery":[],"jnews_single_post":{"format":"standard"},"jnews_primary_category":[],"footnotes":""},"categories":[29,23,25,21],"tags":[],"class_list":["post-11781","post","type-post","status-publish","format-standard","has-post-thumbnail","hentry","category-eventos","category-frotas","category-pesados-e-maquinas","category-pos-venda"],"yoast_head":"<!-- This site is optimized with the Yoast SEO Premium plugin v27.2 (Yoast SEO v27.5) - https:\/\/yoast.com\/product\/yoast-seo-premium-wordpress\/ -->\n<title>MAN Truck &amp; Bus Portugal vence Pr\u00e9mio Rede Pesados 2025 - Revista Automotive<\/title>\n<meta name=\"description\" content=\"O Pr\u00e9mio Rede de Pesados foi atribu\u00eddo pela Revista Automotive \u00e0 MAN Truck &amp; Bus Portugal pelo acompanhamento, din\u00e2mica, e qualidade dos serv\" \/>\n<meta name=\"robots\" content=\"index, follow, max-snippet:-1, max-image-preview:large, max-video-preview:-1\" \/>\n<link rel=\"canonical\" href=\"https:\/\/automotiverevista.pt\/index.php\/2025\/12\/29\/man-truck-bus-portugal-vence-premio-rede-pesados-2025\/\" \/>\n<meta property=\"og:locale\" content=\"pt_PT\" \/>\n<meta property=\"og:type\" content=\"article\" \/>\n<meta property=\"og:title\" content=\"MAN Truck &amp; Bus Portugal vence Pr\u00e9mio Rede Pesados 2025\" \/>\n<meta property=\"og:description\" content=\"O Pr\u00e9mio Rede de Pesados foi atribu\u00eddo pela Revista Automotive \u00e0 MAN Truck &amp; Bus Portugal pelo acompanhamento, din\u00e2mica, e qualidade dos serv\" \/>\n<meta property=\"og:url\" content=\"https:\/\/automotiverevista.pt\/index.php\/2025\/12\/29\/man-truck-bus-portugal-vence-premio-rede-pesados-2025\/\" \/>\n<meta property=\"og:site_name\" content=\"Revista Automotive\" \/>\n<meta property=\"article:published_time\" content=\"2025-12-29T06:36:00+00:00\" \/>\n<meta property=\"og:image\" content=\"https:\/\/automotiverevista.pt\/wp-content\/uploads\/2025\/12\/Sem-Titulo-4.jpg\" \/>\n\t<meta property=\"og:image:width\" content=\"1340\" \/>\n\t<meta property=\"og:image:height\" content=\"978\" \/>\n\t<meta property=\"og:image:type\" content=\"image\/jpeg\" \/>\n<meta name=\"author\" content=\"Fatima Silva\" \/>\n<meta name=\"twitter:card\" content=\"summary_large_image\" \/>\n<meta name=\"twitter:label1\" content=\"Escrito por\" \/>\n\t<meta name=\"twitter:data1\" content=\"Fatima Silva\" \/>\n\t<meta name=\"twitter:label2\" content=\"Tempo estimado de leitura\" \/>\n\t<meta name=\"twitter:data2\" content=\"2 minutos\" \/>\n<script type=\"application\/ld+json\" class=\"yoast-schema-graph\">{\"@context\":\"https:\\\/\\\/schema.org\",\"@graph\":[{\"@type\":\"Article\",\"@id\":\"https:\\\/\\\/automotiverevista.pt\\\/index.php\\\/2025\\\/12\\\/29\\\/man-truck-bus-portugal-vence-premio-rede-pesados-2025\\\/#article\",\"isPartOf\":{\"@id\":\"https:\\\/\\\/automotiverevista.pt\\\/index.php\\\/2025\\\/12\\\/29\\\/man-truck-bus-portugal-vence-premio-rede-pesados-2025\\\/\"},\"author\":{\"name\":\"Fatima Silva\",\"@id\":\"https:\\\/\\\/automotiverevista.pt\\\/#\\\/schema\\\/person\\\/1e95eb12553b8edd256acb00fe6dad4b\"},\"headline\":\"MAN Truck &amp; Bus Portugal vence Pr\u00e9mio Rede Pesados 2025\",\"datePublished\":\"2025-12-29T06:36:00+00:00\",\"mainEntityOfPage\":{\"@id\":\"https:\\\/\\\/automotiverevista.pt\\\/index.php\\\/2025\\\/12\\\/29\\\/man-truck-bus-portugal-vence-premio-rede-pesados-2025\\\/\"},\"wordCount\":282,\"publisher\":{\"@id\":\"https:\\\/\\\/automotiverevista.pt\\\/#organization\"},\"image\":{\"@id\":\"https:\\\/\\\/automotiverevista.pt\\\/index.php\\\/2025\\\/12\\\/29\\\/man-truck-bus-portugal-vence-premio-rede-pesados-2025\\\/#primaryimage\"},\"thumbnailUrl\":\"https:\\\/\\\/automotiverevista.pt\\\/wp-content\\\/uploads\\\/2025\\\/12\\\/Sem-Titulo-4.jpg\",\"articleSection\":[\"Eventos\",\"Frotas\",\"Pesados e M\u00e1quinas\",\"P\u00f3s-Venda\"],\"inLanguage\":\"pt-PT\"},{\"@type\":\"WebPage\",\"@id\":\"https:\\\/\\\/automotiverevista.pt\\\/index.php\\\/2025\\\/12\\\/29\\\/man-truck-bus-portugal-vence-premio-rede-pesados-2025\\\/\",\"url\":\"https:\\\/\\\/automotiverevista.pt\\\/index.php\\\/2025\\\/12\\\/29\\\/man-truck-bus-portugal-vence-premio-rede-pesados-2025\\\/\",\"name\":\"MAN Truck &amp; Bus Portugal vence Pr\u00e9mio Rede Pesados 2025 - Revista Automotive\",\"isPartOf\":{\"@id\":\"https:\\\/\\\/automotiverevista.pt\\\/#website\"},\"primaryImageOfPage\":{\"@id\":\"https:\\\/\\\/automotiverevista.pt\\\/index.php\\\/2025\\\/12\\\/29\\\/man-truck-bus-portugal-vence-premio-rede-pesados-2025\\\/#primaryimage\"},\"image\":{\"@id\":\"https:\\\/\\\/automotiverevista.pt\\\/index.php\\\/2025\\\/12\\\/29\\\/man-truck-bus-portugal-vence-premio-rede-pesados-2025\\\/#primaryimage\"},\"thumbnailUrl\":\"https:\\\/\\\/automotiverevista.pt\\\/wp-content\\\/uploads\\\/2025\\\/12\\\/Sem-Titulo-4.jpg\",\"datePublished\":\"2025-12-29T06:36:00+00:00\",\"description\":\"O Pr\u00e9mio Rede de Pesados foi atribu\u00eddo pela Revista Automotive \u00e0 MAN Truck & Bus Portugal pelo acompanhamento, din\u00e2mica, e qualidade dos serv\",\"breadcrumb\":{\"@id\":\"https:\\\/\\\/automotiverevista.pt\\\/index.php\\\/2025\\\/12\\\/29\\\/man-truck-bus-portugal-vence-premio-rede-pesados-2025\\\/#breadcrumb\"},\"inLanguage\":\"pt-PT\",\"potentialAction\":[{\"@type\":\"ReadAction\",\"target\":[\"https:\\\/\\\/automotiverevista.pt\\\/index.php\\\/2025\\\/12\\\/29\\\/man-truck-bus-portugal-vence-premio-rede-pesados-2025\\\/\"]}]},{\"@type\":\"ImageObject\",\"inLanguage\":\"pt-PT\",\"@id\":\"https:\\\/\\\/automotiverevista.pt\\\/index.php\\\/2025\\\/12\\\/29\\\/man-truck-bus-portugal-vence-premio-rede-pesados-2025\\\/#primaryimage\",\"url\":\"https:\\\/\\\/automotiverevista.pt\\\/wp-content\\\/uploads\\\/2025\\\/12\\\/Sem-Titulo-4.jpg\",\"contentUrl\":\"https:\\\/\\\/automotiverevista.pt\\\/wp-content\\\/uploads\\\/2025\\\/12\\\/Sem-Titulo-4.jpg\",\"width\":1340,\"height\":978,\"caption\":\"Ricardo Diniz (\u00e0 esq.), Global Offer Development Manager - Air BP | Board Member da BP Portugal SA, entregou o pr\u00e9mio da Revista Automotive a David Carlos, Managing Director da MAN Truck &amp; Bus Portugal\"},{\"@type\":\"BreadcrumbList\",\"@id\":\"https:\\\/\\\/automotiverevista.pt\\\/index.php\\\/2025\\\/12\\\/29\\\/man-truck-bus-portugal-vence-premio-rede-pesados-2025\\\/#breadcrumb\",\"itemListElement\":[{\"@type\":\"ListItem\",\"position\":1,\"name\":\"Home\",\"item\":\"https:\\\/\\\/automotiverevista.pt\\\/\"},{\"@type\":\"ListItem\",\"position\":2,\"name\":\"MAN Truck &amp; Bus Portugal vence Pr\u00e9mio Rede Pesados 2025\"}]},{\"@type\":\"WebSite\",\"@id\":\"https:\\\/\\\/automotiverevista.pt\\\/#website\",\"url\":\"https:\\\/\\\/automotiverevista.pt\\\/\",\"name\":\"Revista Automotive\",\"description\":\"Revista Automotive Portugal\",\"publisher\":{\"@id\":\"https:\\\/\\\/automotiverevista.pt\\\/#organization\"},\"potentialAction\":[{\"@type\":\"SearchAction\",\"target\":{\"@type\":\"EntryPoint\",\"urlTemplate\":\"https:\\\/\\\/automotiverevista.pt\\\/?s={search_term_string}\"},\"query-input\":{\"@type\":\"PropertyValueSpecification\",\"valueRequired\":true,\"valueName\":\"search_term_string\"}}],\"inLanguage\":\"pt-PT\"},{\"@type\":\"Organization\",\"@id\":\"https:\\\/\\\/automotiverevista.pt\\\/#organization\",\"name\":\"Revista Automotive Portugal\",\"url\":\"https:\\\/\\\/automotiverevista.pt\\\/\",\"logo\":{\"@type\":\"ImageObject\",\"inLanguage\":\"pt-PT\",\"@id\":\"https:\\\/\\\/automotiverevista.pt\\\/#\\\/schema\\\/logo\\\/image\\\/\",\"url\":\"https:\\\/\\\/automotiverevista.pt\\\/wp-content\\\/uploads\\\/2022\\\/07\\\/Logo-Automotive-2021_500-1.jpg\",\"contentUrl\":\"https:\\\/\\\/automotiverevista.pt\\\/wp-content\\\/uploads\\\/2022\\\/07\\\/Logo-Automotive-2021_500-1.jpg\",\"width\":500,\"height\":160,\"caption\":\"Revista Automotive Portugal\"},\"image\":{\"@id\":\"https:\\\/\\\/automotiverevista.pt\\\/#\\\/schema\\\/logo\\\/image\\\/\"},\"sameAs\":[\"https:\\\/\\\/linkedin.com\\\/in\\\/automotiverevista\"]},{\"@type\":\"Person\",\"@id\":\"https:\\\/\\\/automotiverevista.pt\\\/#\\\/schema\\\/person\\\/1e95eb12553b8edd256acb00fe6dad4b\",\"name\":\"Fatima Silva\",\"image\":{\"@type\":\"ImageObject\",\"inLanguage\":\"pt-PT\",\"@id\":\"https:\\\/\\\/secure.gravatar.com\\\/avatar\\\/4b4a955a9c1b66708ab0dd3bd6181ac1f650299d893bd337a28482f7f19c8511?s=96&d=mm&r=g\",\"url\":\"https:\\\/\\\/secure.gravatar.com\\\/avatar\\\/4b4a955a9c1b66708ab0dd3bd6181ac1f650299d893bd337a28482f7f19c8511?s=96&d=mm&r=g\",\"contentUrl\":\"https:\\\/\\\/secure.gravatar.com\\\/avatar\\\/4b4a955a9c1b66708ab0dd3bd6181ac1f650299d893bd337a28482f7f19c8511?s=96&d=mm&r=g\",\"caption\":\"Fatima Silva\"},\"url\":\"https:\\\/\\\/automotiverevista.pt\\\/index.php\\\/author\\\/fgasparsilva\\\/\"}]}<\/script>\n<!-- \/ Yoast SEO Premium plugin. -->","yoast_head_json":{"title":"MAN Truck &amp; Bus Portugal vence Pr\u00e9mio Rede Pesados 2025 - Revista Automotive","description":"O Pr\u00e9mio Rede de Pesados foi atribu\u00eddo pela Revista Automotive \u00e0 MAN Truck & Bus Portugal pelo acompanhamento, din\u00e2mica, e qualidade dos serv","robots":{"index":"index","follow":"follow","max-snippet":"max-snippet:-1","max-image-preview":"max-image-preview:large","max-video-preview":"max-video-preview:-1"},"canonical":"https:\/\/automotiverevista.pt\/index.php\/2025\/12\/29\/man-truck-bus-portugal-vence-premio-rede-pesados-2025\/","og_locale":"pt_PT","og_type":"article","og_title":"MAN Truck &amp; Bus Portugal vence Pr\u00e9mio Rede Pesados 2025","og_description":"O Pr\u00e9mio Rede de Pesados foi atribu\u00eddo pela Revista Automotive \u00e0 MAN Truck & Bus Portugal pelo acompanhamento, din\u00e2mica, e qualidade dos serv","og_url":"https:\/\/automotiverevista.pt\/index.php\/2025\/12\/29\/man-truck-bus-portugal-vence-premio-rede-pesados-2025\/","og_site_name":"Revista Automotive","article_published_time":"2025-12-29T06:36:00+00:00","og_image":[{"width":1340,"height":978,"url":"https:\/\/automotiverevista.pt\/wp-content\/uploads\/2025\/12\/Sem-Titulo-4.jpg","type":"image\/jpeg"}],"author":"Fatima Silva","twitter_card":"summary_large_image","twitter_misc":{"Escrito por":"Fatima Silva","Tempo estimado de leitura":"2 minutos"},"schema":{"@context":"https:\/\/schema.org","@graph":[{"@type":"Article","@id":"https:\/\/automotiverevista.pt\/index.php\/2025\/12\/29\/man-truck-bus-portugal-vence-premio-rede-pesados-2025\/#article","isPartOf":{"@id":"https:\/\/automotiverevista.pt\/index.php\/2025\/12\/29\/man-truck-bus-portugal-vence-premio-rede-pesados-2025\/"},"author":{"name":"Fatima Silva","@id":"https:\/\/automotiverevista.pt\/#\/schema\/person\/1e95eb12553b8edd256acb00fe6dad4b"},"headline":"MAN Truck &amp; Bus Portugal vence Pr\u00e9mio Rede Pesados 2025","datePublished":"2025-12-29T06:36:00+00:00","mainEntityOfPage":{"@id":"https:\/\/automotiverevista.pt\/index.php\/2025\/12\/29\/man-truck-bus-portugal-vence-premio-rede-pesados-2025\/"},"wordCount":282,"publisher":{"@id":"https:\/\/automotiverevista.pt\/#organization"},"image":{"@id":"https:\/\/automotiverevista.pt\/index.php\/2025\/12\/29\/man-truck-bus-portugal-vence-premio-rede-pesados-2025\/#primaryimage"},"thumbnailUrl":"https:\/\/automotiverevista.pt\/wp-content\/uploads\/2025\/12\/Sem-Titulo-4.jpg","articleSection":["Eventos","Frotas","Pesados e M\u00e1quinas","P\u00f3s-Venda"],"inLanguage":"pt-PT"},{"@type":"WebPage","@id":"https:\/\/automotiverevista.pt\/index.php\/2025\/12\/29\/man-truck-bus-portugal-vence-premio-rede-pesados-2025\/","url":"https:\/\/automotiverevista.pt\/index.php\/2025\/12\/29\/man-truck-bus-portugal-vence-premio-rede-pesados-2025\/","name":"MAN Truck &amp; Bus Portugal vence Pr\u00e9mio Rede Pesados 2025 - Revista Automotive","isPartOf":{"@id":"https:\/\/automotiverevista.pt\/#website"},"primaryImageOfPage":{"@id":"https:\/\/automotiverevista.pt\/index.php\/2025\/12\/29\/man-truck-bus-portugal-vence-premio-rede-pesados-2025\/#primaryimage"},"image":{"@id":"https:\/\/automotiverevista.pt\/index.php\/2025\/12\/29\/man-truck-bus-portugal-vence-premio-rede-pesados-2025\/#primaryimage"},"thumbnailUrl":"https:\/\/automotiverevista.pt\/wp-content\/uploads\/2025\/12\/Sem-Titulo-4.jpg","datePublished":"2025-12-29T06:36:00+00:00","description":"O Pr\u00e9mio Rede de Pesados foi atribu\u00eddo pela Revista Automotive \u00e0 MAN Truck & Bus Portugal pelo acompanhamento, din\u00e2mica, e qualidade dos serv","breadcrumb":{"@id":"https:\/\/automotiverevista.pt\/index.php\/2025\/12\/29\/man-truck-bus-portugal-vence-premio-rede-pesados-2025\/#breadcrumb"},"inLanguage":"pt-PT","potentialAction":[{"@type":"ReadAction","target":["https:\/\/automotiverevista.pt\/index.php\/2025\/12\/29\/man-truck-bus-portugal-vence-premio-rede-pesados-2025\/"]}]},{"@type":"ImageObject","inLanguage":"pt-PT","@id":"https:\/\/automotiverevista.pt\/index.php\/2025\/12\/29\/man-truck-bus-portugal-vence-premio-rede-pesados-2025\/#primaryimage","url":"https:\/\/automotiverevista.pt\/wp-content\/uploads\/2025\/12\/Sem-Titulo-4.jpg","contentUrl":"https:\/\/automotiverevista.pt\/wp-content\/uploads\/2025\/12\/Sem-Titulo-4.jpg","width":1340,"height":978,"caption":"Ricardo Diniz (\u00e0 esq.), Global Offer Development Manager - Air BP | Board Member da BP Portugal SA, entregou o pr\u00e9mio da Revista Automotive a David Carlos, Managing Director da MAN Truck &amp; Bus Portugal"},{"@type":"BreadcrumbList","@id":"https:\/\/automotiverevista.pt\/index.php\/2025\/12\/29\/man-truck-bus-portugal-vence-premio-rede-pesados-2025\/#breadcrumb","itemListElement":[{"@type":"ListItem","position":1,"name":"Home","item":"https:\/\/automotiverevista.pt\/"},{"@type":"ListItem","position":2,"name":"MAN Truck &amp; Bus Portugal vence Pr\u00e9mio Rede Pesados 2025"}]},{"@type":"WebSite","@id":"https:\/\/automotiverevista.pt\/#website","url":"https:\/\/automotiverevista.pt\/","name":"Revista Automotive","description":"Revista Automotive Portugal","publisher":{"@id":"https:\/\/automotiverevista.pt\/#organization"},"potentialAction":[{"@type":"SearchAction","target":{"@type":"EntryPoint","urlTemplate":"https:\/\/automotiverevista.pt\/?s={search_term_string}"},"query-input":{"@type":"PropertyValueSpecification","valueRequired":true,"valueName":"search_term_string"}}],"inLanguage":"pt-PT"},{"@type":"Organization","@id":"https:\/\/automotiverevista.pt\/#organization","name":"Revista Automotive Portugal","url":"https:\/\/automotiverevista.pt\/","logo":{"@type":"ImageObject","inLanguage":"pt-PT","@id":"https:\/\/automotiverevista.pt\/#\/schema\/logo\/image\/","url":"https:\/\/automotiverevista.pt\/wp-content\/uploads\/2022\/07\/Logo-Automotive-2021_500-1.jpg","contentUrl":"https:\/\/automotiverevista.pt\/wp-content\/uploads\/2022\/07\/Logo-Automotive-2021_500-1.jpg","width":500,"height":160,"caption":"Revista Automotive Portugal"},"image":{"@id":"https:\/\/automotiverevista.pt\/#\/schema\/logo\/image\/"},"sameAs":["https:\/\/linkedin.com\/in\/automotiverevista"]},{"@type":"Person","@id":"https:\/\/automotiverevista.pt\/#\/schema\/person\/1e95eb12553b8edd256acb00fe6dad4b","name":"Fatima Silva","image":{"@type":"ImageObject","inLanguage":"pt-PT","@id":"https:\/\/secure.gravatar.com\/avatar\/4b4a955a9c1b66708ab0dd3bd6181ac1f650299d893bd337a28482f7f19c8511?s=96&d=mm&r=g","url":"https:\/\/secure.gravatar.com\/avatar\/4b4a955a9c1b66708ab0dd3bd6181ac1f650299d893bd337a28482f7f19c8511?s=96&d=mm&r=g","contentUrl":"https:\/\/secure.gravatar.com\/avatar\/4b4a955a9c1b66708ab0dd3bd6181ac1f650299d893bd337a28482f7f19c8511?s=96&d=mm&r=g","caption":"Fatima Silva"},"url":"https:\/\/automotiverevista.pt\/index.php\/author\/fgasparsilva\/"}]}},"_links":{"self":[{"href":"https:\/\/automotiverevista.pt\/index.php\/wp-json\/wp\/v2\/posts\/11781","targetHints":{"allow":["GET"]}}],"collection":[{"href":"https:\/\/automotiverevista.pt\/index.php\/wp-json\/wp\/v2\/posts"}],"about":[{"href":"https:\/\/automotiverevista.pt\/index.php\/wp-json\/wp\/v2\/types\/post"}],"author":[{"embeddable":true,"href":"https:\/\/automotiverevista.pt\/index.php\/wp-json\/wp\/v2\/users\/4"}],"replies":[{"embeddable":true,"href":"https:\/\/automotiverevista.pt\/index.php\/wp-json\/wp\/v2\/comments?post=11781"}],"version-history":[{"count":1,"href":"https:\/\/automotiverevista.pt\/index.php\/wp-json\/wp\/v2\/posts\/11781\/revisions"}],"predecessor-version":[{"id":11783,"href":"https:\/\/automotiverevista.pt\/index.php\/wp-json\/wp\/v2\/posts\/11781\/revisions\/11783"}],"wp:featuredmedia":[{"embeddable":true,"href":"https:\/\/automotiverevista.pt\/index.php\/wp-json\/wp\/v2\/media\/11782"}],"wp:attachment":[{"href":"https:\/\/automotiverevista.pt\/index.php\/wp-json\/wp\/v2\/media?parent=11781"}],"wp:term":[{"taxonomy":"category","embeddable":true,"href":"https:\/\/automotiverevista.pt\/index.php\/wp-json\/wp\/v2\/categories?post=11781"},{"taxonomy":"post_tag","embeddable":true,"href":"https:\/\/automotiverevista.pt\/index.php\/wp-json\/wp\/v2\/tags?post=11781"}],"curies":[{"name":"wp","href":"https:\/\/api.w.org\/{rel}","templated":true}]}}