{"id":11820,"date":"2025-12-23T10:20:57","date_gmt":"2025-12-23T10:20:57","guid":{"rendered":"https:\/\/automotiverevista.pt\/?p=11820"},"modified":"2025-12-23T10:20:58","modified_gmt":"2025-12-23T10:20:58","slug":"valeo-service-conquista-premio-remanufatura-de-pecas-2025","status":"publish","type":"post","link":"https:\/\/automotiverevista.pt\/index.php\/2025\/12\/23\/valeo-service-conquista-premio-remanufatura-de-pecas-2025\/","title":{"rendered":"VALEO Service conquista Pr\u00e9mio Remanufatura de Pe\u00e7as 2025"},"content":{"rendered":"\n<p>A <strong>VALEO Service, <\/strong>foi distinguida com o <strong>Pr\u00e9mio Remanufatura de Pe\u00e7as 2025, na 9\u00aa edi\u00e7\u00e3o dos Pr\u00e9mios Fleet &amp; Service <\/strong>realizada pela Revista Automotive. O<strong> <\/strong>Pr\u00e9mio<strong> <\/strong>foi atribu\u00eddo \u00e0 <strong>VALEO Service<\/strong> pela valoriza\u00e7\u00e3o da economia circular, investindo na remanufatura qualitativa de pe\u00e7as e componentes para o setor autom\u00f3vel.<\/p>\n\n\n\n<p>Remanufaturar \u00e9 um&nbsp;processo industrial estruturado onde um produto usado \u00e9 totalmente desmontado, inspecionado, limpo, restaurado, remontado e testado, visando assegurar que a sua qualidade e desempenho voltem a ser iguais ou superiores aos de um produto novo.<\/p>\n\n\n\n<p>A <strong>VALEO Service<\/strong>, fabricante de pe\u00e7as e equipamentos para autom\u00f3veis de passageiros e ve\u00edculos industriais para as marcas autom\u00f3veis de todo o mundo, criou um ecossistema de pe\u00e7as remanufaturadas na Europa, que privilegiam a economia circular e a sustentabilidade dos ve\u00edculos do atual parque circulante.<\/p>\n\n\n\n<p>Potenciadora de neg\u00f3cios para as oficinas, disponibiliza uma alternativa mais econ\u00f3mica e de qualidade \u00e0s pe\u00e7as, inclusive de diferentes marcas, porque requalifica-as; seja no aprimoramento do restauro; seja na substitui\u00e7\u00e3o por componentes novos com menor pegada de CO<sup>2<\/sup>.<\/p>\n\n\n\n<p>Este investimento da <strong>VALEO Service<\/strong> na sustentabilidade contribui para a redu\u00e7\u00e3o do desperd\u00edcio, do consumo de mat\u00e9ria-prima e de energia. A sua longa experi\u00eancia na produ\u00e7\u00e3o de 1\u00ba equipamento garante que o produto remanufaturado tem a qualidade e o desempenho semelhantes ou superiores aos de um produto novo, incluindo a garantia.<\/p>\n\n\n<div class=\"wp-block-image\">\n<figure class=\"aligncenter size-large is-resized\"><img decoding=\"async\" width=\"1500\" height=\"843\" src=\"https:\/\/automotiverevista.pt\/wp-content\/uploads\/2025\/12\/C3201520228IMG0047_BD-edited.jpg\" alt=\"\" class=\"wp-image-11824\" style=\"aspect-ratio:1.7793742591328712;width:496px;height:auto\" srcset=\"https:\/\/automotiverevista.pt\/wp-content\/uploads\/2025\/12\/C3201520228IMG0047_BD-edited.jpg 1500w, https:\/\/automotiverevista.pt\/wp-content\/uploads\/2025\/12\/C3201520228IMG0047_BD-edited-300x169.jpg 300w, https:\/\/automotiverevista.pt\/wp-content\/uploads\/2025\/12\/C3201520228IMG0047_BD-edited-1024x575.jpg 1024w, https:\/\/automotiverevista.pt\/wp-content\/uploads\/2025\/12\/C3201520228IMG0047_BD-edited-768x432.jpg 768w, https:\/\/automotiverevista.pt\/wp-content\/uploads\/2025\/12\/C3201520228IMG0047_BD-edited-750x422.jpg 750w, https:\/\/automotiverevista.pt\/wp-content\/uploads\/2025\/12\/C3201520228IMG0047_BD-edited-1140x641.jpg 1140w\" sizes=\"(max-width: 1500px) 100vw, 1500px\" \/><\/figure>\n<\/div>","protected":false},"excerpt":{"rendered":"<p>A VALEO Service, foi distinguida com o Pr\u00e9mio Remanufatura de Pe\u00e7as 2025, na 9\u00aa edi\u00e7\u00e3o dos Pr\u00e9mios Fleet &amp; Service realizada pela Revista Automotive. O Pr\u00e9mio foi atribu\u00eddo \u00e0 VALEO Service pela valoriza\u00e7\u00e3o da economia circular, investindo na remanufatura qualitativa de pe\u00e7as e componentes para o setor autom\u00f3vel. Remanufaturar \u00e9 um&nbsp;processo industrial estruturado onde um [&hellip;]<\/p>\n","protected":false},"author":4,"featured_media":11821,"comment_status":"closed","ping_status":"open","sticky":false,"template":"","format":"standard","meta":{"jnews-multi-image_gallery":[],"jnews_single_post":{"format":"standard"},"jnews_primary_category":[],"footnotes":""},"categories":[29,21],"tags":[],"class_list":["post-11820","post","type-post","status-publish","format-standard","has-post-thumbnail","hentry","category-eventos","category-pos-venda"],"yoast_head":"<!-- This site is optimized with the Yoast SEO Premium plugin v27.5 (Yoast SEO v27.5) - https:\/\/yoast.com\/product\/yoast-seo-premium-wordpress\/ -->\n<title>VALEO Service conquista Pr\u00e9mio Remanufatura de Pe\u00e7as 2025 - Revista Automotive<\/title>\n<meta name=\"description\" content=\"A VALEO Service, foi distinguida com o Pr\u00e9mio Remanufatura de Pe\u00e7as 2025, na 9\u00aa edi\u00e7\u00e3o dos Pr\u00e9mios Fleet &amp; Service realizada pela Revista Aut\" \/>\n<meta name=\"robots\" content=\"index, follow, max-snippet:-1, max-image-preview:large, max-video-preview:-1\" \/>\n<link rel=\"canonical\" href=\"https:\/\/automotiverevista.pt\/index.php\/2025\/12\/23\/valeo-service-conquista-premio-remanufatura-de-pecas-2025\/\" \/>\n<meta property=\"og:locale\" content=\"pt_PT\" \/>\n<meta property=\"og:type\" content=\"article\" \/>\n<meta property=\"og:title\" content=\"VALEO Service conquista Pr\u00e9mio Remanufatura de Pe\u00e7as 2025\" \/>\n<meta property=\"og:description\" content=\"A VALEO Service, foi distinguida com o Pr\u00e9mio Remanufatura de Pe\u00e7as 2025, na 9\u00aa edi\u00e7\u00e3o dos Pr\u00e9mios Fleet &amp; Service realizada pela Revista Aut\" \/>\n<meta property=\"og:url\" content=\"https:\/\/automotiverevista.pt\/index.php\/2025\/12\/23\/valeo-service-conquista-premio-remanufatura-de-pecas-2025\/\" \/>\n<meta property=\"og:site_name\" content=\"Revista Automotive\" \/>\n<meta property=\"article:published_time\" content=\"2025-12-23T10:20:57+00:00\" \/>\n<meta property=\"article:modified_time\" content=\"2025-12-23T10:20:58+00:00\" \/>\n<meta property=\"og:image\" content=\"https:\/\/automotiverevista.pt\/wp-content\/uploads\/2025\/12\/IMG_5769.jpg\" \/>\n\t<meta property=\"og:image:width\" content=\"1500\" \/>\n\t<meta property=\"og:image:height\" content=\"1000\" \/>\n\t<meta property=\"og:image:type\" content=\"image\/jpeg\" \/>\n<meta name=\"author\" content=\"Fatima Silva\" \/>\n<meta name=\"twitter:card\" content=\"summary_large_image\" \/>\n<meta name=\"twitter:label1\" content=\"Escrito por\" \/>\n\t<meta name=\"twitter:data1\" content=\"Fatima Silva\" \/>\n\t<meta name=\"twitter:label2\" content=\"Tempo estimado de leitura\" \/>\n\t<meta name=\"twitter:data2\" content=\"2 minutos\" \/>\n<script type=\"application\/ld+json\" class=\"yoast-schema-graph\">{\"@context\":\"https:\\\/\\\/schema.org\",\"@graph\":[{\"@type\":\"Article\",\"@id\":\"https:\\\/\\\/automotiverevista.pt\\\/index.php\\\/2025\\\/12\\\/23\\\/valeo-service-conquista-premio-remanufatura-de-pecas-2025\\\/#article\",\"isPartOf\":{\"@id\":\"https:\\\/\\\/automotiverevista.pt\\\/index.php\\\/2025\\\/12\\\/23\\\/valeo-service-conquista-premio-remanufatura-de-pecas-2025\\\/\"},\"author\":{\"name\":\"Fatima Silva\",\"@id\":\"https:\\\/\\\/automotiverevista.pt\\\/#\\\/schema\\\/person\\\/1e95eb12553b8edd256acb00fe6dad4b\"},\"headline\":\"VALEO Service conquista Pr\u00e9mio Remanufatura de Pe\u00e7as 2025\",\"datePublished\":\"2025-12-23T10:20:57+00:00\",\"dateModified\":\"2025-12-23T10:20:58+00:00\",\"mainEntityOfPage\":{\"@id\":\"https:\\\/\\\/automotiverevista.pt\\\/index.php\\\/2025\\\/12\\\/23\\\/valeo-service-conquista-premio-remanufatura-de-pecas-2025\\\/\"},\"wordCount\":248,\"publisher\":{\"@id\":\"https:\\\/\\\/automotiverevista.pt\\\/#organization\"},\"image\":{\"@id\":\"https:\\\/\\\/automotiverevista.pt\\\/index.php\\\/2025\\\/12\\\/23\\\/valeo-service-conquista-premio-remanufatura-de-pecas-2025\\\/#primaryimage\"},\"thumbnailUrl\":\"https:\\\/\\\/automotiverevista.pt\\\/wp-content\\\/uploads\\\/2025\\\/12\\\/IMG_5769.jpg\",\"articleSection\":[\"Eventos\",\"P\u00f3s-Venda\"],\"inLanguage\":\"pt-PT\"},{\"@type\":\"WebPage\",\"@id\":\"https:\\\/\\\/automotiverevista.pt\\\/index.php\\\/2025\\\/12\\\/23\\\/valeo-service-conquista-premio-remanufatura-de-pecas-2025\\\/\",\"url\":\"https:\\\/\\\/automotiverevista.pt\\\/index.php\\\/2025\\\/12\\\/23\\\/valeo-service-conquista-premio-remanufatura-de-pecas-2025\\\/\",\"name\":\"VALEO Service conquista Pr\u00e9mio Remanufatura de Pe\u00e7as 2025 - Revista Automotive\",\"isPartOf\":{\"@id\":\"https:\\\/\\\/automotiverevista.pt\\\/#website\"},\"primaryImageOfPage\":{\"@id\":\"https:\\\/\\\/automotiverevista.pt\\\/index.php\\\/2025\\\/12\\\/23\\\/valeo-service-conquista-premio-remanufatura-de-pecas-2025\\\/#primaryimage\"},\"image\":{\"@id\":\"https:\\\/\\\/automotiverevista.pt\\\/index.php\\\/2025\\\/12\\\/23\\\/valeo-service-conquista-premio-remanufatura-de-pecas-2025\\\/#primaryimage\"},\"thumbnailUrl\":\"https:\\\/\\\/automotiverevista.pt\\\/wp-content\\\/uploads\\\/2025\\\/12\\\/IMG_5769.jpg\",\"datePublished\":\"2025-12-23T10:20:57+00:00\",\"dateModified\":\"2025-12-23T10:20:58+00:00\",\"description\":\"A VALEO Service, foi distinguida com o Pr\u00e9mio Remanufatura de Pe\u00e7as 2025, na 9\u00aa edi\u00e7\u00e3o dos Pr\u00e9mios Fleet & Service realizada pela Revista Aut\",\"breadcrumb\":{\"@id\":\"https:\\\/\\\/automotiverevista.pt\\\/index.php\\\/2025\\\/12\\\/23\\\/valeo-service-conquista-premio-remanufatura-de-pecas-2025\\\/#breadcrumb\"},\"inLanguage\":\"pt-PT\",\"potentialAction\":[{\"@type\":\"ReadAction\",\"target\":[\"https:\\\/\\\/automotiverevista.pt\\\/index.php\\\/2025\\\/12\\\/23\\\/valeo-service-conquista-premio-remanufatura-de-pecas-2025\\\/\"]}]},{\"@type\":\"ImageObject\",\"inLanguage\":\"pt-PT\",\"@id\":\"https:\\\/\\\/automotiverevista.pt\\\/index.php\\\/2025\\\/12\\\/23\\\/valeo-service-conquista-premio-remanufatura-de-pecas-2025\\\/#primaryimage\",\"url\":\"https:\\\/\\\/automotiverevista.pt\\\/wp-content\\\/uploads\\\/2025\\\/12\\\/IMG_5769.jpg\",\"contentUrl\":\"https:\\\/\\\/automotiverevista.pt\\\/wp-content\\\/uploads\\\/2025\\\/12\\\/IMG_5769.jpg\",\"width\":1500,\"height\":1000,\"caption\":\"Ricardo Miranda (\u00e0 esq.) Diretor da Revista Automotive, entregou o pr\u00e9mio a Patrick Gravel, Country Manager Iberia da Valeo Service Espa\u00f1a.\"},{\"@type\":\"BreadcrumbList\",\"@id\":\"https:\\\/\\\/automotiverevista.pt\\\/index.php\\\/2025\\\/12\\\/23\\\/valeo-service-conquista-premio-remanufatura-de-pecas-2025\\\/#breadcrumb\",\"itemListElement\":[{\"@type\":\"ListItem\",\"position\":1,\"name\":\"Home\",\"item\":\"https:\\\/\\\/automotiverevista.pt\\\/\"},{\"@type\":\"ListItem\",\"position\":2,\"name\":\"VALEO Service conquista Pr\u00e9mio Remanufatura de Pe\u00e7as 2025\"}]},{\"@type\":\"WebSite\",\"@id\":\"https:\\\/\\\/automotiverevista.pt\\\/#website\",\"url\":\"https:\\\/\\\/automotiverevista.pt\\\/\",\"name\":\"Revista Automotive\",\"description\":\"Revista Automotive Portugal\",\"publisher\":{\"@id\":\"https:\\\/\\\/automotiverevista.pt\\\/#organization\"},\"potentialAction\":[{\"@type\":\"SearchAction\",\"target\":{\"@type\":\"EntryPoint\",\"urlTemplate\":\"https:\\\/\\\/automotiverevista.pt\\\/?s={search_term_string}\"},\"query-input\":{\"@type\":\"PropertyValueSpecification\",\"valueRequired\":true,\"valueName\":\"search_term_string\"}}],\"inLanguage\":\"pt-PT\"},{\"@type\":\"Organization\",\"@id\":\"https:\\\/\\\/automotiverevista.pt\\\/#organization\",\"name\":\"Revista Automotive Portugal\",\"url\":\"https:\\\/\\\/automotiverevista.pt\\\/\",\"logo\":{\"@type\":\"ImageObject\",\"inLanguage\":\"pt-PT\",\"@id\":\"https:\\\/\\\/automotiverevista.pt\\\/#\\\/schema\\\/logo\\\/image\\\/\",\"url\":\"https:\\\/\\\/automotiverevista.pt\\\/wp-content\\\/uploads\\\/2022\\\/07\\\/Logo-Automotive-2021_500-1.jpg\",\"contentUrl\":\"https:\\\/\\\/automotiverevista.pt\\\/wp-content\\\/uploads\\\/2022\\\/07\\\/Logo-Automotive-2021_500-1.jpg\",\"width\":500,\"height\":160,\"caption\":\"Revista Automotive Portugal\"},\"image\":{\"@id\":\"https:\\\/\\\/automotiverevista.pt\\\/#\\\/schema\\\/logo\\\/image\\\/\"},\"sameAs\":[\"https:\\\/\\\/linkedin.com\\\/in\\\/automotiverevista\"]},{\"@type\":\"Person\",\"@id\":\"https:\\\/\\\/automotiverevista.pt\\\/#\\\/schema\\\/person\\\/1e95eb12553b8edd256acb00fe6dad4b\",\"name\":\"Fatima Silva\",\"image\":{\"@type\":\"ImageObject\",\"inLanguage\":\"pt-PT\",\"@id\":\"https:\\\/\\\/secure.gravatar.com\\\/avatar\\\/4b4a955a9c1b66708ab0dd3bd6181ac1f650299d893bd337a28482f7f19c8511?s=96&d=mm&r=g\",\"url\":\"https:\\\/\\\/secure.gravatar.com\\\/avatar\\\/4b4a955a9c1b66708ab0dd3bd6181ac1f650299d893bd337a28482f7f19c8511?s=96&d=mm&r=g\",\"contentUrl\":\"https:\\\/\\\/secure.gravatar.com\\\/avatar\\\/4b4a955a9c1b66708ab0dd3bd6181ac1f650299d893bd337a28482f7f19c8511?s=96&d=mm&r=g\",\"caption\":\"Fatima Silva\"},\"url\":\"https:\\\/\\\/automotiverevista.pt\\\/index.php\\\/author\\\/fgasparsilva\\\/\"}]}<\/script>\n<!-- \/ Yoast SEO Premium plugin. -->","yoast_head_json":{"title":"VALEO Service conquista Pr\u00e9mio Remanufatura de Pe\u00e7as 2025 - Revista Automotive","description":"A VALEO Service, foi distinguida com o Pr\u00e9mio Remanufatura de Pe\u00e7as 2025, na 9\u00aa edi\u00e7\u00e3o dos Pr\u00e9mios Fleet & Service realizada pela Revista Aut","robots":{"index":"index","follow":"follow","max-snippet":"max-snippet:-1","max-image-preview":"max-image-preview:large","max-video-preview":"max-video-preview:-1"},"canonical":"https:\/\/automotiverevista.pt\/index.php\/2025\/12\/23\/valeo-service-conquista-premio-remanufatura-de-pecas-2025\/","og_locale":"pt_PT","og_type":"article","og_title":"VALEO Service conquista Pr\u00e9mio Remanufatura de Pe\u00e7as 2025","og_description":"A VALEO Service, foi distinguida com o Pr\u00e9mio Remanufatura de Pe\u00e7as 2025, na 9\u00aa edi\u00e7\u00e3o dos Pr\u00e9mios Fleet & Service realizada pela Revista Aut","og_url":"https:\/\/automotiverevista.pt\/index.php\/2025\/12\/23\/valeo-service-conquista-premio-remanufatura-de-pecas-2025\/","og_site_name":"Revista Automotive","article_published_time":"2025-12-23T10:20:57+00:00","article_modified_time":"2025-12-23T10:20:58+00:00","og_image":[{"width":1500,"height":1000,"url":"https:\/\/automotiverevista.pt\/wp-content\/uploads\/2025\/12\/IMG_5769.jpg","type":"image\/jpeg"}],"author":"Fatima Silva","twitter_card":"summary_large_image","twitter_misc":{"Escrito por":"Fatima Silva","Tempo estimado de leitura":"2 minutos"},"schema":{"@context":"https:\/\/schema.org","@graph":[{"@type":"Article","@id":"https:\/\/automotiverevista.pt\/index.php\/2025\/12\/23\/valeo-service-conquista-premio-remanufatura-de-pecas-2025\/#article","isPartOf":{"@id":"https:\/\/automotiverevista.pt\/index.php\/2025\/12\/23\/valeo-service-conquista-premio-remanufatura-de-pecas-2025\/"},"author":{"name":"Fatima Silva","@id":"https:\/\/automotiverevista.pt\/#\/schema\/person\/1e95eb12553b8edd256acb00fe6dad4b"},"headline":"VALEO Service conquista Pr\u00e9mio Remanufatura de Pe\u00e7as 2025","datePublished":"2025-12-23T10:20:57+00:00","dateModified":"2025-12-23T10:20:58+00:00","mainEntityOfPage":{"@id":"https:\/\/automotiverevista.pt\/index.php\/2025\/12\/23\/valeo-service-conquista-premio-remanufatura-de-pecas-2025\/"},"wordCount":248,"publisher":{"@id":"https:\/\/automotiverevista.pt\/#organization"},"image":{"@id":"https:\/\/automotiverevista.pt\/index.php\/2025\/12\/23\/valeo-service-conquista-premio-remanufatura-de-pecas-2025\/#primaryimage"},"thumbnailUrl":"https:\/\/automotiverevista.pt\/wp-content\/uploads\/2025\/12\/IMG_5769.jpg","articleSection":["Eventos","P\u00f3s-Venda"],"inLanguage":"pt-PT"},{"@type":"WebPage","@id":"https:\/\/automotiverevista.pt\/index.php\/2025\/12\/23\/valeo-service-conquista-premio-remanufatura-de-pecas-2025\/","url":"https:\/\/automotiverevista.pt\/index.php\/2025\/12\/23\/valeo-service-conquista-premio-remanufatura-de-pecas-2025\/","name":"VALEO Service conquista Pr\u00e9mio Remanufatura de Pe\u00e7as 2025 - Revista Automotive","isPartOf":{"@id":"https:\/\/automotiverevista.pt\/#website"},"primaryImageOfPage":{"@id":"https:\/\/automotiverevista.pt\/index.php\/2025\/12\/23\/valeo-service-conquista-premio-remanufatura-de-pecas-2025\/#primaryimage"},"image":{"@id":"https:\/\/automotiverevista.pt\/index.php\/2025\/12\/23\/valeo-service-conquista-premio-remanufatura-de-pecas-2025\/#primaryimage"},"thumbnailUrl":"https:\/\/automotiverevista.pt\/wp-content\/uploads\/2025\/12\/IMG_5769.jpg","datePublished":"2025-12-23T10:20:57+00:00","dateModified":"2025-12-23T10:20:58+00:00","description":"A VALEO Service, foi distinguida com o Pr\u00e9mio Remanufatura de Pe\u00e7as 2025, na 9\u00aa edi\u00e7\u00e3o dos Pr\u00e9mios Fleet & Service realizada pela Revista Aut","breadcrumb":{"@id":"https:\/\/automotiverevista.pt\/index.php\/2025\/12\/23\/valeo-service-conquista-premio-remanufatura-de-pecas-2025\/#breadcrumb"},"inLanguage":"pt-PT","potentialAction":[{"@type":"ReadAction","target":["https:\/\/automotiverevista.pt\/index.php\/2025\/12\/23\/valeo-service-conquista-premio-remanufatura-de-pecas-2025\/"]}]},{"@type":"ImageObject","inLanguage":"pt-PT","@id":"https:\/\/automotiverevista.pt\/index.php\/2025\/12\/23\/valeo-service-conquista-premio-remanufatura-de-pecas-2025\/#primaryimage","url":"https:\/\/automotiverevista.pt\/wp-content\/uploads\/2025\/12\/IMG_5769.jpg","contentUrl":"https:\/\/automotiverevista.pt\/wp-content\/uploads\/2025\/12\/IMG_5769.jpg","width":1500,"height":1000,"caption":"Ricardo Miranda (\u00e0 esq.) Diretor da Revista Automotive, entregou o pr\u00e9mio a Patrick Gravel, Country Manager Iberia da Valeo Service Espa\u00f1a."},{"@type":"BreadcrumbList","@id":"https:\/\/automotiverevista.pt\/index.php\/2025\/12\/23\/valeo-service-conquista-premio-remanufatura-de-pecas-2025\/#breadcrumb","itemListElement":[{"@type":"ListItem","position":1,"name":"Home","item":"https:\/\/automotiverevista.pt\/"},{"@type":"ListItem","position":2,"name":"VALEO Service conquista Pr\u00e9mio Remanufatura de Pe\u00e7as 2025"}]},{"@type":"WebSite","@id":"https:\/\/automotiverevista.pt\/#website","url":"https:\/\/automotiverevista.pt\/","name":"Revista Automotive","description":"Revista Automotive Portugal","publisher":{"@id":"https:\/\/automotiverevista.pt\/#organization"},"potentialAction":[{"@type":"SearchAction","target":{"@type":"EntryPoint","urlTemplate":"https:\/\/automotiverevista.pt\/?s={search_term_string}"},"query-input":{"@type":"PropertyValueSpecification","valueRequired":true,"valueName":"search_term_string"}}],"inLanguage":"pt-PT"},{"@type":"Organization","@id":"https:\/\/automotiverevista.pt\/#organization","name":"Revista Automotive Portugal","url":"https:\/\/automotiverevista.pt\/","logo":{"@type":"ImageObject","inLanguage":"pt-PT","@id":"https:\/\/automotiverevista.pt\/#\/schema\/logo\/image\/","url":"https:\/\/automotiverevista.pt\/wp-content\/uploads\/2022\/07\/Logo-Automotive-2021_500-1.jpg","contentUrl":"https:\/\/automotiverevista.pt\/wp-content\/uploads\/2022\/07\/Logo-Automotive-2021_500-1.jpg","width":500,"height":160,"caption":"Revista Automotive Portugal"},"image":{"@id":"https:\/\/automotiverevista.pt\/#\/schema\/logo\/image\/"},"sameAs":["https:\/\/linkedin.com\/in\/automotiverevista"]},{"@type":"Person","@id":"https:\/\/automotiverevista.pt\/#\/schema\/person\/1e95eb12553b8edd256acb00fe6dad4b","name":"Fatima Silva","image":{"@type":"ImageObject","inLanguage":"pt-PT","@id":"https:\/\/secure.gravatar.com\/avatar\/4b4a955a9c1b66708ab0dd3bd6181ac1f650299d893bd337a28482f7f19c8511?s=96&d=mm&r=g","url":"https:\/\/secure.gravatar.com\/avatar\/4b4a955a9c1b66708ab0dd3bd6181ac1f650299d893bd337a28482f7f19c8511?s=96&d=mm&r=g","contentUrl":"https:\/\/secure.gravatar.com\/avatar\/4b4a955a9c1b66708ab0dd3bd6181ac1f650299d893bd337a28482f7f19c8511?s=96&d=mm&r=g","caption":"Fatima Silva"},"url":"https:\/\/automotiverevista.pt\/index.php\/author\/fgasparsilva\/"}]}},"_links":{"self":[{"href":"https:\/\/automotiverevista.pt\/index.php\/wp-json\/wp\/v2\/posts\/11820","targetHints":{"allow":["GET"]}}],"collection":[{"href":"https:\/\/automotiverevista.pt\/index.php\/wp-json\/wp\/v2\/posts"}],"about":[{"href":"https:\/\/automotiverevista.pt\/index.php\/wp-json\/wp\/v2\/types\/post"}],"author":[{"embeddable":true,"href":"https:\/\/automotiverevista.pt\/index.php\/wp-json\/wp\/v2\/users\/4"}],"replies":[{"embeddable":true,"href":"https:\/\/automotiverevista.pt\/index.php\/wp-json\/wp\/v2\/comments?post=11820"}],"version-history":[{"count":3,"href":"https:\/\/automotiverevista.pt\/index.php\/wp-json\/wp\/v2\/posts\/11820\/revisions"}],"predecessor-version":[{"id":11826,"href":"https:\/\/automotiverevista.pt\/index.php\/wp-json\/wp\/v2\/posts\/11820\/revisions\/11826"}],"wp:featuredmedia":[{"embeddable":true,"href":"https:\/\/automotiverevista.pt\/index.php\/wp-json\/wp\/v2\/media\/11821"}],"wp:attachment":[{"href":"https:\/\/automotiverevista.pt\/index.php\/wp-json\/wp\/v2\/media?parent=11820"}],"wp:term":[{"taxonomy":"category","embeddable":true,"href":"https:\/\/automotiverevista.pt\/index.php\/wp-json\/wp\/v2\/categories?post=11820"},{"taxonomy":"post_tag","embeddable":true,"href":"https:\/\/automotiverevista.pt\/index.php\/wp-json\/wp\/v2\/tags?post=11820"}],"curies":[{"name":"wp","href":"https:\/\/api.w.org\/{rel}","templated":true}]}}