{"id":11834,"date":"2025-12-16T14:03:49","date_gmt":"2025-12-16T14:03:49","guid":{"rendered":"https:\/\/automotiverevista.pt\/?p=11834"},"modified":"2025-12-16T14:03:50","modified_gmt":"2025-12-16T14:03:50","slug":"travocar-reforca-stock-de-filtros-castrol","status":"publish","type":"post","link":"https:\/\/automotiverevista.pt\/index.php\/2025\/12\/16\/travocar-reforca-stock-de-filtros-castrol\/","title":{"rendered":"Travocar refor\u00e7a stock de filtros Castrol"},"content":{"rendered":"\n<p>Na qualidade de macro distribuidora dos filtros Castrol para Portugal, a Travocar refor\u00e7ou o stock deste produto no seu armaz\u00e9m em \u00c1gueda, ampliando as refer\u00eancias de filtros de ar, de habit\u00e1culo, de \u00f3leos e de combust\u00edvel, estando ainda mais capacitada para responder \u00e0 crescente procura dos filtros Castrol no nosso pa\u00eds, dentro e fora do setor oficinal.<\/p>\n\n\n\n<p>Numa primeira fase, as vendas dos filtros Castrol estiveram direcionadas para as empresas de repara\u00e7\u00e3o autom\u00f3vel (oficinas em geral), alcan\u00e7ando bons resultados. Agora, a estrat\u00e9gica de venda da Travocar ser\u00e1 alargada para as chamadas \u201ccasas\u201d de pe\u00e7as, tendo em conta que as diferentes refer\u00eancias das fam\u00edlias de filtros Castrol j\u00e1 est\u00e3o dispon\u00edveis no TEC Doc, sendo de f\u00e1cil consulta no cat\u00e1logo europeu padr\u00e3o para marcas que atuam no setor de p\u00f3s-venda.<\/p>\n\n\n\n<p>Segundo <strong>Telmo Sim\u00f5es<\/strong> (na imagem), diretor de opera\u00e7\u00f5es da Travocar \u201co nosso stock de filtros Castrol est\u00e1 mais amplo e com mais refer\u00eancias para aplica\u00e7\u00e3o em ve\u00edculos de passageiros e, tamb\u00e9m, para aplica\u00e7\u00e3o nos ve\u00edculos comerciais ligeiros. Com embalagens pr\u00f3prias e de f\u00e1cil identifica\u00e7\u00e3o visual e digital, a gama de filtros Castrol incorpora a qualidade de uma marca mundialmente conhecida, sendo fabricados na Europa, atrav\u00e9s de rigorosos processos de controlo de qualidade, apresentando um excelente desempenho e uma elevada efici\u00eancia na filtragem\u201d, destacou.<\/p>\n\n\n<div class=\"wp-block-image\">\n<figure class=\"aligncenter size-large is-resized\"><img decoding=\"async\" width=\"1024\" height=\"683\" src=\"https:\/\/automotiverevista.pt\/wp-content\/uploads\/2025\/12\/IMG_3130-1024x683.jpg\" alt=\"\" class=\"wp-image-11836\" style=\"width:694px;height:auto\" srcset=\"https:\/\/automotiverevista.pt\/wp-content\/uploads\/2025\/12\/IMG_3130-1024x683.jpg 1024w, https:\/\/automotiverevista.pt\/wp-content\/uploads\/2025\/12\/IMG_3130-300x200.jpg 300w, https:\/\/automotiverevista.pt\/wp-content\/uploads\/2025\/12\/IMG_3130-768x512.jpg 768w, https:\/\/automotiverevista.pt\/wp-content\/uploads\/2025\/12\/IMG_3130-750x500.jpg 750w, https:\/\/automotiverevista.pt\/wp-content\/uploads\/2025\/12\/IMG_3130-1140x760.jpg 1140w, https:\/\/automotiverevista.pt\/wp-content\/uploads\/2025\/12\/IMG_3130.jpg 1500w\" sizes=\"(max-width: 1024px) 100vw, 1024px\" \/><\/figure>\n<\/div>","protected":false},"excerpt":{"rendered":"<p>Na qualidade de macro distribuidora dos filtros Castrol para Portugal, a Travocar refor\u00e7ou o stock deste produto no seu armaz\u00e9m em \u00c1gueda, ampliando as refer\u00eancias de filtros de ar, de habit\u00e1culo, de \u00f3leos e de combust\u00edvel, estando ainda mais capacitada para responder \u00e0 crescente procura dos filtros Castrol no nosso pa\u00eds, dentro e fora do [&hellip;]<\/p>\n","protected":false},"author":4,"featured_media":11839,"comment_status":"closed","ping_status":"open","sticky":false,"template":"","format":"standard","meta":{"jnews-multi-image_gallery":[],"jnews_single_post":{"format":"standard"},"jnews_primary_category":[],"footnotes":""},"categories":[21],"tags":[],"class_list":["post-11834","post","type-post","status-publish","format-standard","has-post-thumbnail","hentry","category-pos-venda"],"yoast_head":"<!-- This site is optimized with the Yoast SEO Premium plugin v27.5 (Yoast SEO v27.5) - https:\/\/yoast.com\/product\/yoast-seo-premium-wordpress\/ -->\n<title>Travocar refor\u00e7a stock de filtros Castrol - Revista Automotive<\/title>\n<meta name=\"description\" content=\"Na qualidade de macro distribuidora dos filtros Castrol para Portugal, a Travocar refor\u00e7ou o stock deste produto no seu armaz\u00e9m em \u00c1gueda,\" \/>\n<meta name=\"robots\" content=\"index, follow, max-snippet:-1, max-image-preview:large, max-video-preview:-1\" \/>\n<link rel=\"canonical\" href=\"https:\/\/automotiverevista.pt\/index.php\/2025\/12\/16\/travocar-reforca-stock-de-filtros-castrol\/\" \/>\n<meta property=\"og:locale\" content=\"pt_PT\" \/>\n<meta property=\"og:type\" content=\"article\" \/>\n<meta property=\"og:title\" content=\"Travocar refor\u00e7a stock de filtros Castrol\" \/>\n<meta property=\"og:description\" content=\"Na qualidade de macro distribuidora dos filtros Castrol para Portugal, a Travocar refor\u00e7ou o stock deste produto no seu armaz\u00e9m em \u00c1gueda,\" \/>\n<meta property=\"og:url\" content=\"https:\/\/automotiverevista.pt\/index.php\/2025\/12\/16\/travocar-reforca-stock-de-filtros-castrol\/\" \/>\n<meta property=\"og:site_name\" content=\"Revista Automotive\" \/>\n<meta property=\"article:published_time\" content=\"2025-12-16T14:03:49+00:00\" \/>\n<meta property=\"article:modified_time\" content=\"2025-12-16T14:03:50+00:00\" \/>\n<meta property=\"og:image\" content=\"https:\/\/automotiverevista.pt\/wp-content\/uploads\/2025\/12\/1-5.jpg\" \/>\n\t<meta property=\"og:image:width\" content=\"1500\" \/>\n\t<meta property=\"og:image:height\" content=\"1328\" \/>\n\t<meta property=\"og:image:type\" content=\"image\/jpeg\" \/>\n<meta name=\"author\" content=\"Fatima Silva\" \/>\n<meta name=\"twitter:card\" content=\"summary_large_image\" \/>\n<meta name=\"twitter:label1\" content=\"Escrito por\" \/>\n\t<meta name=\"twitter:data1\" content=\"Fatima Silva\" \/>\n\t<meta name=\"twitter:label2\" content=\"Tempo estimado de leitura\" \/>\n\t<meta name=\"twitter:data2\" content=\"2 minutos\" \/>\n<script type=\"application\/ld+json\" class=\"yoast-schema-graph\">{\"@context\":\"https:\\\/\\\/schema.org\",\"@graph\":[{\"@type\":\"Article\",\"@id\":\"https:\\\/\\\/automotiverevista.pt\\\/index.php\\\/2025\\\/12\\\/16\\\/travocar-reforca-stock-de-filtros-castrol\\\/#article\",\"isPartOf\":{\"@id\":\"https:\\\/\\\/automotiverevista.pt\\\/index.php\\\/2025\\\/12\\\/16\\\/travocar-reforca-stock-de-filtros-castrol\\\/\"},\"author\":{\"name\":\"Fatima Silva\",\"@id\":\"https:\\\/\\\/automotiverevista.pt\\\/#\\\/schema\\\/person\\\/1e95eb12553b8edd256acb00fe6dad4b\"},\"headline\":\"Travocar refor\u00e7a stock de filtros Castrol\",\"datePublished\":\"2025-12-16T14:03:49+00:00\",\"dateModified\":\"2025-12-16T14:03:50+00:00\",\"mainEntityOfPage\":{\"@id\":\"https:\\\/\\\/automotiverevista.pt\\\/index.php\\\/2025\\\/12\\\/16\\\/travocar-reforca-stock-de-filtros-castrol\\\/\"},\"wordCount\":249,\"publisher\":{\"@id\":\"https:\\\/\\\/automotiverevista.pt\\\/#organization\"},\"image\":{\"@id\":\"https:\\\/\\\/automotiverevista.pt\\\/index.php\\\/2025\\\/12\\\/16\\\/travocar-reforca-stock-de-filtros-castrol\\\/#primaryimage\"},\"thumbnailUrl\":\"https:\\\/\\\/automotiverevista.pt\\\/wp-content\\\/uploads\\\/2025\\\/12\\\/1-5.jpg\",\"articleSection\":[\"P\u00f3s-Venda\"],\"inLanguage\":\"pt-PT\"},{\"@type\":\"WebPage\",\"@id\":\"https:\\\/\\\/automotiverevista.pt\\\/index.php\\\/2025\\\/12\\\/16\\\/travocar-reforca-stock-de-filtros-castrol\\\/\",\"url\":\"https:\\\/\\\/automotiverevista.pt\\\/index.php\\\/2025\\\/12\\\/16\\\/travocar-reforca-stock-de-filtros-castrol\\\/\",\"name\":\"Travocar refor\u00e7a stock de filtros Castrol - Revista Automotive\",\"isPartOf\":{\"@id\":\"https:\\\/\\\/automotiverevista.pt\\\/#website\"},\"primaryImageOfPage\":{\"@id\":\"https:\\\/\\\/automotiverevista.pt\\\/index.php\\\/2025\\\/12\\\/16\\\/travocar-reforca-stock-de-filtros-castrol\\\/#primaryimage\"},\"image\":{\"@id\":\"https:\\\/\\\/automotiverevista.pt\\\/index.php\\\/2025\\\/12\\\/16\\\/travocar-reforca-stock-de-filtros-castrol\\\/#primaryimage\"},\"thumbnailUrl\":\"https:\\\/\\\/automotiverevista.pt\\\/wp-content\\\/uploads\\\/2025\\\/12\\\/1-5.jpg\",\"datePublished\":\"2025-12-16T14:03:49+00:00\",\"dateModified\":\"2025-12-16T14:03:50+00:00\",\"description\":\"Na qualidade de macro distribuidora dos filtros Castrol para Portugal, a Travocar refor\u00e7ou o stock deste produto no seu armaz\u00e9m em \u00c1gueda,\",\"breadcrumb\":{\"@id\":\"https:\\\/\\\/automotiverevista.pt\\\/index.php\\\/2025\\\/12\\\/16\\\/travocar-reforca-stock-de-filtros-castrol\\\/#breadcrumb\"},\"inLanguage\":\"pt-PT\",\"potentialAction\":[{\"@type\":\"ReadAction\",\"target\":[\"https:\\\/\\\/automotiverevista.pt\\\/index.php\\\/2025\\\/12\\\/16\\\/travocar-reforca-stock-de-filtros-castrol\\\/\"]}]},{\"@type\":\"ImageObject\",\"inLanguage\":\"pt-PT\",\"@id\":\"https:\\\/\\\/automotiverevista.pt\\\/index.php\\\/2025\\\/12\\\/16\\\/travocar-reforca-stock-de-filtros-castrol\\\/#primaryimage\",\"url\":\"https:\\\/\\\/automotiverevista.pt\\\/wp-content\\\/uploads\\\/2025\\\/12\\\/1-5.jpg\",\"contentUrl\":\"https:\\\/\\\/automotiverevista.pt\\\/wp-content\\\/uploads\\\/2025\\\/12\\\/1-5.jpg\",\"width\":1500,\"height\":1328,\"caption\":\"Telmo Sim\u00f5es, diretor de opera\u00e7\u00f5es da Travocar.\"},{\"@type\":\"BreadcrumbList\",\"@id\":\"https:\\\/\\\/automotiverevista.pt\\\/index.php\\\/2025\\\/12\\\/16\\\/travocar-reforca-stock-de-filtros-castrol\\\/#breadcrumb\",\"itemListElement\":[{\"@type\":\"ListItem\",\"position\":1,\"name\":\"Home\",\"item\":\"https:\\\/\\\/automotiverevista.pt\\\/\"},{\"@type\":\"ListItem\",\"position\":2,\"name\":\"Travocar refor\u00e7a stock de filtros Castrol\"}]},{\"@type\":\"WebSite\",\"@id\":\"https:\\\/\\\/automotiverevista.pt\\\/#website\",\"url\":\"https:\\\/\\\/automotiverevista.pt\\\/\",\"name\":\"Revista Automotive\",\"description\":\"Revista Automotive Portugal\",\"publisher\":{\"@id\":\"https:\\\/\\\/automotiverevista.pt\\\/#organization\"},\"potentialAction\":[{\"@type\":\"SearchAction\",\"target\":{\"@type\":\"EntryPoint\",\"urlTemplate\":\"https:\\\/\\\/automotiverevista.pt\\\/?s={search_term_string}\"},\"query-input\":{\"@type\":\"PropertyValueSpecification\",\"valueRequired\":true,\"valueName\":\"search_term_string\"}}],\"inLanguage\":\"pt-PT\"},{\"@type\":\"Organization\",\"@id\":\"https:\\\/\\\/automotiverevista.pt\\\/#organization\",\"name\":\"Revista Automotive Portugal\",\"url\":\"https:\\\/\\\/automotiverevista.pt\\\/\",\"logo\":{\"@type\":\"ImageObject\",\"inLanguage\":\"pt-PT\",\"@id\":\"https:\\\/\\\/automotiverevista.pt\\\/#\\\/schema\\\/logo\\\/image\\\/\",\"url\":\"https:\\\/\\\/automotiverevista.pt\\\/wp-content\\\/uploads\\\/2022\\\/07\\\/Logo-Automotive-2021_500-1.jpg\",\"contentUrl\":\"https:\\\/\\\/automotiverevista.pt\\\/wp-content\\\/uploads\\\/2022\\\/07\\\/Logo-Automotive-2021_500-1.jpg\",\"width\":500,\"height\":160,\"caption\":\"Revista Automotive Portugal\"},\"image\":{\"@id\":\"https:\\\/\\\/automotiverevista.pt\\\/#\\\/schema\\\/logo\\\/image\\\/\"},\"sameAs\":[\"https:\\\/\\\/linkedin.com\\\/in\\\/automotiverevista\"]},{\"@type\":\"Person\",\"@id\":\"https:\\\/\\\/automotiverevista.pt\\\/#\\\/schema\\\/person\\\/1e95eb12553b8edd256acb00fe6dad4b\",\"name\":\"Fatima Silva\",\"image\":{\"@type\":\"ImageObject\",\"inLanguage\":\"pt-PT\",\"@id\":\"https:\\\/\\\/secure.gravatar.com\\\/avatar\\\/4b4a955a9c1b66708ab0dd3bd6181ac1f650299d893bd337a28482f7f19c8511?s=96&d=mm&r=g\",\"url\":\"https:\\\/\\\/secure.gravatar.com\\\/avatar\\\/4b4a955a9c1b66708ab0dd3bd6181ac1f650299d893bd337a28482f7f19c8511?s=96&d=mm&r=g\",\"contentUrl\":\"https:\\\/\\\/secure.gravatar.com\\\/avatar\\\/4b4a955a9c1b66708ab0dd3bd6181ac1f650299d893bd337a28482f7f19c8511?s=96&d=mm&r=g\",\"caption\":\"Fatima Silva\"},\"url\":\"https:\\\/\\\/automotiverevista.pt\\\/index.php\\\/author\\\/fgasparsilva\\\/\"}]}<\/script>\n<!-- \/ Yoast SEO Premium plugin. -->","yoast_head_json":{"title":"Travocar refor\u00e7a stock de filtros Castrol - Revista Automotive","description":"Na qualidade de macro distribuidora dos filtros Castrol para Portugal, a Travocar refor\u00e7ou o stock deste produto no seu armaz\u00e9m em \u00c1gueda,","robots":{"index":"index","follow":"follow","max-snippet":"max-snippet:-1","max-image-preview":"max-image-preview:large","max-video-preview":"max-video-preview:-1"},"canonical":"https:\/\/automotiverevista.pt\/index.php\/2025\/12\/16\/travocar-reforca-stock-de-filtros-castrol\/","og_locale":"pt_PT","og_type":"article","og_title":"Travocar refor\u00e7a stock de filtros Castrol","og_description":"Na qualidade de macro distribuidora dos filtros Castrol para Portugal, a Travocar refor\u00e7ou o stock deste produto no seu armaz\u00e9m em \u00c1gueda,","og_url":"https:\/\/automotiverevista.pt\/index.php\/2025\/12\/16\/travocar-reforca-stock-de-filtros-castrol\/","og_site_name":"Revista Automotive","article_published_time":"2025-12-16T14:03:49+00:00","article_modified_time":"2025-12-16T14:03:50+00:00","og_image":[{"width":1500,"height":1328,"url":"https:\/\/automotiverevista.pt\/wp-content\/uploads\/2025\/12\/1-5.jpg","type":"image\/jpeg"}],"author":"Fatima Silva","twitter_card":"summary_large_image","twitter_misc":{"Escrito por":"Fatima Silva","Tempo estimado de leitura":"2 minutos"},"schema":{"@context":"https:\/\/schema.org","@graph":[{"@type":"Article","@id":"https:\/\/automotiverevista.pt\/index.php\/2025\/12\/16\/travocar-reforca-stock-de-filtros-castrol\/#article","isPartOf":{"@id":"https:\/\/automotiverevista.pt\/index.php\/2025\/12\/16\/travocar-reforca-stock-de-filtros-castrol\/"},"author":{"name":"Fatima Silva","@id":"https:\/\/automotiverevista.pt\/#\/schema\/person\/1e95eb12553b8edd256acb00fe6dad4b"},"headline":"Travocar refor\u00e7a stock de filtros Castrol","datePublished":"2025-12-16T14:03:49+00:00","dateModified":"2025-12-16T14:03:50+00:00","mainEntityOfPage":{"@id":"https:\/\/automotiverevista.pt\/index.php\/2025\/12\/16\/travocar-reforca-stock-de-filtros-castrol\/"},"wordCount":249,"publisher":{"@id":"https:\/\/automotiverevista.pt\/#organization"},"image":{"@id":"https:\/\/automotiverevista.pt\/index.php\/2025\/12\/16\/travocar-reforca-stock-de-filtros-castrol\/#primaryimage"},"thumbnailUrl":"https:\/\/automotiverevista.pt\/wp-content\/uploads\/2025\/12\/1-5.jpg","articleSection":["P\u00f3s-Venda"],"inLanguage":"pt-PT"},{"@type":"WebPage","@id":"https:\/\/automotiverevista.pt\/index.php\/2025\/12\/16\/travocar-reforca-stock-de-filtros-castrol\/","url":"https:\/\/automotiverevista.pt\/index.php\/2025\/12\/16\/travocar-reforca-stock-de-filtros-castrol\/","name":"Travocar refor\u00e7a stock de filtros Castrol - Revista Automotive","isPartOf":{"@id":"https:\/\/automotiverevista.pt\/#website"},"primaryImageOfPage":{"@id":"https:\/\/automotiverevista.pt\/index.php\/2025\/12\/16\/travocar-reforca-stock-de-filtros-castrol\/#primaryimage"},"image":{"@id":"https:\/\/automotiverevista.pt\/index.php\/2025\/12\/16\/travocar-reforca-stock-de-filtros-castrol\/#primaryimage"},"thumbnailUrl":"https:\/\/automotiverevista.pt\/wp-content\/uploads\/2025\/12\/1-5.jpg","datePublished":"2025-12-16T14:03:49+00:00","dateModified":"2025-12-16T14:03:50+00:00","description":"Na qualidade de macro distribuidora dos filtros Castrol para Portugal, a Travocar refor\u00e7ou o stock deste produto no seu armaz\u00e9m em \u00c1gueda,","breadcrumb":{"@id":"https:\/\/automotiverevista.pt\/index.php\/2025\/12\/16\/travocar-reforca-stock-de-filtros-castrol\/#breadcrumb"},"inLanguage":"pt-PT","potentialAction":[{"@type":"ReadAction","target":["https:\/\/automotiverevista.pt\/index.php\/2025\/12\/16\/travocar-reforca-stock-de-filtros-castrol\/"]}]},{"@type":"ImageObject","inLanguage":"pt-PT","@id":"https:\/\/automotiverevista.pt\/index.php\/2025\/12\/16\/travocar-reforca-stock-de-filtros-castrol\/#primaryimage","url":"https:\/\/automotiverevista.pt\/wp-content\/uploads\/2025\/12\/1-5.jpg","contentUrl":"https:\/\/automotiverevista.pt\/wp-content\/uploads\/2025\/12\/1-5.jpg","width":1500,"height":1328,"caption":"Telmo Sim\u00f5es, diretor de opera\u00e7\u00f5es da Travocar."},{"@type":"BreadcrumbList","@id":"https:\/\/automotiverevista.pt\/index.php\/2025\/12\/16\/travocar-reforca-stock-de-filtros-castrol\/#breadcrumb","itemListElement":[{"@type":"ListItem","position":1,"name":"Home","item":"https:\/\/automotiverevista.pt\/"},{"@type":"ListItem","position":2,"name":"Travocar refor\u00e7a stock de filtros Castrol"}]},{"@type":"WebSite","@id":"https:\/\/automotiverevista.pt\/#website","url":"https:\/\/automotiverevista.pt\/","name":"Revista Automotive","description":"Revista Automotive Portugal","publisher":{"@id":"https:\/\/automotiverevista.pt\/#organization"},"potentialAction":[{"@type":"SearchAction","target":{"@type":"EntryPoint","urlTemplate":"https:\/\/automotiverevista.pt\/?s={search_term_string}"},"query-input":{"@type":"PropertyValueSpecification","valueRequired":true,"valueName":"search_term_string"}}],"inLanguage":"pt-PT"},{"@type":"Organization","@id":"https:\/\/automotiverevista.pt\/#organization","name":"Revista Automotive Portugal","url":"https:\/\/automotiverevista.pt\/","logo":{"@type":"ImageObject","inLanguage":"pt-PT","@id":"https:\/\/automotiverevista.pt\/#\/schema\/logo\/image\/","url":"https:\/\/automotiverevista.pt\/wp-content\/uploads\/2022\/07\/Logo-Automotive-2021_500-1.jpg","contentUrl":"https:\/\/automotiverevista.pt\/wp-content\/uploads\/2022\/07\/Logo-Automotive-2021_500-1.jpg","width":500,"height":160,"caption":"Revista Automotive Portugal"},"image":{"@id":"https:\/\/automotiverevista.pt\/#\/schema\/logo\/image\/"},"sameAs":["https:\/\/linkedin.com\/in\/automotiverevista"]},{"@type":"Person","@id":"https:\/\/automotiverevista.pt\/#\/schema\/person\/1e95eb12553b8edd256acb00fe6dad4b","name":"Fatima Silva","image":{"@type":"ImageObject","inLanguage":"pt-PT","@id":"https:\/\/secure.gravatar.com\/avatar\/4b4a955a9c1b66708ab0dd3bd6181ac1f650299d893bd337a28482f7f19c8511?s=96&d=mm&r=g","url":"https:\/\/secure.gravatar.com\/avatar\/4b4a955a9c1b66708ab0dd3bd6181ac1f650299d893bd337a28482f7f19c8511?s=96&d=mm&r=g","contentUrl":"https:\/\/secure.gravatar.com\/avatar\/4b4a955a9c1b66708ab0dd3bd6181ac1f650299d893bd337a28482f7f19c8511?s=96&d=mm&r=g","caption":"Fatima Silva"},"url":"https:\/\/automotiverevista.pt\/index.php\/author\/fgasparsilva\/"}]}},"_links":{"self":[{"href":"https:\/\/automotiverevista.pt\/index.php\/wp-json\/wp\/v2\/posts\/11834","targetHints":{"allow":["GET"]}}],"collection":[{"href":"https:\/\/automotiverevista.pt\/index.php\/wp-json\/wp\/v2\/posts"}],"about":[{"href":"https:\/\/automotiverevista.pt\/index.php\/wp-json\/wp\/v2\/types\/post"}],"author":[{"embeddable":true,"href":"https:\/\/automotiverevista.pt\/index.php\/wp-json\/wp\/v2\/users\/4"}],"replies":[{"embeddable":true,"href":"https:\/\/automotiverevista.pt\/index.php\/wp-json\/wp\/v2\/comments?post=11834"}],"version-history":[{"count":1,"href":"https:\/\/automotiverevista.pt\/index.php\/wp-json\/wp\/v2\/posts\/11834\/revisions"}],"predecessor-version":[{"id":11837,"href":"https:\/\/automotiverevista.pt\/index.php\/wp-json\/wp\/v2\/posts\/11834\/revisions\/11837"}],"wp:featuredmedia":[{"embeddable":true,"href":"https:\/\/automotiverevista.pt\/index.php\/wp-json\/wp\/v2\/media\/11839"}],"wp:attachment":[{"href":"https:\/\/automotiverevista.pt\/index.php\/wp-json\/wp\/v2\/media?parent=11834"}],"wp:term":[{"taxonomy":"category","embeddable":true,"href":"https:\/\/automotiverevista.pt\/index.php\/wp-json\/wp\/v2\/categories?post=11834"},{"taxonomy":"post_tag","embeddable":true,"href":"https:\/\/automotiverevista.pt\/index.php\/wp-json\/wp\/v2\/tags?post=11834"}],"curies":[{"name":"wp","href":"https:\/\/api.w.org\/{rel}","templated":true}]}}