{"id":11850,"date":"2025-12-25T06:19:00","date_gmt":"2025-12-25T06:19:00","guid":{"rendered":"https:\/\/automotiverevista.pt\/?p=11850"},"modified":"2025-12-23T10:23:07","modified_gmt":"2025-12-23T10:23:07","slug":"asko-norge-testa-camiao-a-hidrogenio-da-scania","status":"publish","type":"post","link":"https:\/\/automotiverevista.pt\/index.php\/2025\/12\/25\/asko-norge-testa-camiao-a-hidrogenio-da-scania\/","title":{"rendered":"Asko Norge testa cami\u00e3o a hidrog\u00e9nio da Scania"},"content":{"rendered":"\n<p>A Scania investe na eletrifica\u00e7\u00e3o, mas continua a explorar todas as op\u00e7\u00f5es para compreender melhor todas as formas de transporte sustent\u00e1vel, como demonstra uma recente iniciativa de investiga\u00e7\u00e3o no \u00e2mbito do seu programa Pilot Partner.<\/p>\n\n\n\n<p>A Scania em parceria com a Asko Norge AS \u2013 o maior distribuidor grossista de alimentos da Noruega, que faz parte do NorgesGruppen; e garante a distribui\u00e7\u00e3o de produtos para os setores de supermercados, lojas de conveni\u00eancia e alimenta\u00e7\u00e3o institucional \u2013 est\u00e1 a testar cami\u00f5es com c\u00e9lula de combust\u00edvel a hidrog\u00e9nio em opera\u00e7\u00f5es reais, com o objetivo de avaliar o desempenho t\u00e9cnico, a viabilidade operacional e o potencial comercial.<\/p>\n\n\n<div class=\"wp-block-image\">\n<figure class=\"aligncenter size-large is-resized\"><img decoding=\"async\" width=\"1536\" height=\"864\" src=\"https:\/\/automotiverevista.pt\/wp-content\/uploads\/2025\/12\/4-edited.jpg\" alt=\"\" class=\"wp-image-11854\" style=\"width:636px;height:auto\" srcset=\"https:\/\/automotiverevista.pt\/wp-content\/uploads\/2025\/12\/4-edited.jpg 1536w, https:\/\/automotiverevista.pt\/wp-content\/uploads\/2025\/12\/4-edited-300x169.jpg 300w, https:\/\/automotiverevista.pt\/wp-content\/uploads\/2025\/12\/4-edited-1024x576.jpg 1024w, https:\/\/automotiverevista.pt\/wp-content\/uploads\/2025\/12\/4-edited-768x432.jpg 768w, https:\/\/automotiverevista.pt\/wp-content\/uploads\/2025\/12\/4-edited-750x422.jpg 750w, https:\/\/automotiverevista.pt\/wp-content\/uploads\/2025\/12\/4-edited-1140x641.jpg 1140w\" sizes=\"(max-width: 1536px) 100vw, 1536px\" \/><\/figure>\n<\/div>\n\n\n<p>Embora estes ve\u00edculos ainda n\u00e3o estejam dispon\u00edveis para encomenda, fazem parte do programa Pilot Partner da Scania, que procura avaliar a tecnologia de eletrifica\u00e7\u00e3o e outras solu\u00e7\u00f5es em condi\u00e7\u00f5es reais.<\/p>\n\n\n\n<p>O teste com ve\u00edculos a hidrog\u00e9nio contribui para a descarboniza\u00e7\u00e3o do sistema de transporte, \u00e9 uma das v\u00e1rias experi\u00eancias realizadas atrav\u00e9s do programa Pilot Partner para compreender como se comportam diferentes tipologias de energia e sistemas de propuls\u00e3o. O objetivo \u00e9 identificar as for\u00e7as e fraquezas reais que apresentam outras tecnologias e combust\u00edveis.<\/p>\n\n\n\n<figure class=\"wp-block-gallery has-nested-images columns-default is-cropped wp-block-gallery-1 is-layout-flex wp-block-gallery-is-layout-flex\">\n<figure class=\"wp-block-image size-large is-resized\"><img decoding=\"async\" width=\"820\" height=\"1024\" data-id=\"11853\" src=\"https:\/\/automotiverevista.pt\/wp-content\/uploads\/2025\/12\/888-820x1024.jpg\" alt=\"\" class=\"wp-image-11853\" style=\"width:450px;height:auto\" srcset=\"https:\/\/automotiverevista.pt\/wp-content\/uploads\/2025\/12\/888-820x1024.jpg 820w, https:\/\/automotiverevista.pt\/wp-content\/uploads\/2025\/12\/888-240x300.jpg 240w, https:\/\/automotiverevista.pt\/wp-content\/uploads\/2025\/12\/888-768x959.jpg 768w, https:\/\/automotiverevista.pt\/wp-content\/uploads\/2025\/12\/888-1229x1536.jpg 1229w, https:\/\/automotiverevista.pt\/wp-content\/uploads\/2025\/12\/888-750x937.jpg 750w, https:\/\/automotiverevista.pt\/wp-content\/uploads\/2025\/12\/888-1140x1424.jpg 1140w, https:\/\/automotiverevista.pt\/wp-content\/uploads\/2025\/12\/888.jpg 1428w\" sizes=\"(max-width: 820px) 100vw, 820px\" \/><\/figure>\n\n\n\n<figure class=\"wp-block-image size-large\"><img decoding=\"async\" width=\"819\" height=\"1024\" data-id=\"11855\" src=\"https:\/\/automotiverevista.pt\/wp-content\/uploads\/2025\/12\/77-819x1024.jpg\" alt=\"\" class=\"wp-image-11855\" srcset=\"https:\/\/automotiverevista.pt\/wp-content\/uploads\/2025\/12\/77-819x1024.jpg 819w, https:\/\/automotiverevista.pt\/wp-content\/uploads\/2025\/12\/77-240x300.jpg 240w, https:\/\/automotiverevista.pt\/wp-content\/uploads\/2025\/12\/77-768x960.jpg 768w, https:\/\/automotiverevista.pt\/wp-content\/uploads\/2025\/12\/77-1229x1536.jpg 1229w, https:\/\/automotiverevista.pt\/wp-content\/uploads\/2025\/12\/77-750x938.jpg 750w, https:\/\/automotiverevista.pt\/wp-content\/uploads\/2025\/12\/77-1140x1425.jpg 1140w, https:\/\/automotiverevista.pt\/wp-content\/uploads\/2025\/12\/77.jpg 1536w\" sizes=\"(max-width: 819px) 100vw, 819px\" \/><\/figure>\n<\/figure>\n","protected":false},"excerpt":{"rendered":"<p>A Scania investe na eletrifica\u00e7\u00e3o, mas continua a explorar todas as op\u00e7\u00f5es para compreender melhor todas as formas de transporte sustent\u00e1vel, como demonstra uma recente iniciativa de investiga\u00e7\u00e3o no \u00e2mbito do seu programa Pilot Partner. A Scania em parceria com a Asko Norge AS \u2013 o maior distribuidor grossista de alimentos da Noruega, que faz [&hellip;]<\/p>\n","protected":false},"author":4,"featured_media":11851,"comment_status":"closed","ping_status":"open","sticky":false,"template":"","format":"standard","meta":{"jnews-multi-image_gallery":[],"jnews_single_post":{"format":"standard"},"jnews_primary_category":[],"footnotes":""},"categories":[25],"tags":[],"class_list":["post-11850","post","type-post","status-publish","format-standard","has-post-thumbnail","hentry","category-pesados-e-maquinas"],"yoast_head":"<!-- This site is optimized with the Yoast SEO Premium plugin v27.5 (Yoast SEO v27.5) - https:\/\/yoast.com\/product\/yoast-seo-premium-wordpress\/ -->\n<title>Asko Norge testa cami\u00e3o a hidrog\u00e9nio da Scania - Revista Automotive<\/title>\n<meta name=\"description\" content=\"A Scania investe na eletrifica\u00e7\u00e3o, mas continua a explorar todas as op\u00e7\u00f5es para compreender melhor todas as formas de transporte sustent\u00e1vel,\" \/>\n<meta name=\"robots\" content=\"index, follow, max-snippet:-1, max-image-preview:large, max-video-preview:-1\" \/>\n<link rel=\"canonical\" href=\"https:\/\/automotiverevista.pt\/index.php\/2025\/12\/25\/asko-norge-testa-camiao-a-hidrogenio-da-scania\/\" \/>\n<meta property=\"og:locale\" content=\"pt_PT\" \/>\n<meta property=\"og:type\" content=\"article\" \/>\n<meta property=\"og:title\" content=\"Asko Norge testa cami\u00e3o a hidrog\u00e9nio da Scania\" \/>\n<meta property=\"og:description\" content=\"A Scania investe na eletrifica\u00e7\u00e3o, mas continua a explorar todas as op\u00e7\u00f5es para compreender melhor todas as formas de transporte sustent\u00e1vel,\" \/>\n<meta property=\"og:url\" content=\"https:\/\/automotiverevista.pt\/index.php\/2025\/12\/25\/asko-norge-testa-camiao-a-hidrogenio-da-scania\/\" \/>\n<meta property=\"og:site_name\" content=\"Revista Automotive\" \/>\n<meta property=\"article:published_time\" content=\"2025-12-25T06:19:00+00:00\" \/>\n<meta property=\"og:image\" content=\"https:\/\/automotiverevista.pt\/wp-content\/uploads\/2025\/12\/1-7.jpg\" \/>\n\t<meta property=\"og:image:width\" content=\"1400\" \/>\n\t<meta property=\"og:image:height\" content=\"933\" \/>\n\t<meta property=\"og:image:type\" content=\"image\/jpeg\" \/>\n<meta name=\"author\" content=\"Fatima Silva\" \/>\n<meta name=\"twitter:card\" content=\"summary_large_image\" \/>\n<meta name=\"twitter:label1\" content=\"Escrito por\" \/>\n\t<meta name=\"twitter:data1\" content=\"Fatima Silva\" \/>\n\t<meta name=\"twitter:label2\" content=\"Tempo estimado de leitura\" \/>\n\t<meta name=\"twitter:data2\" content=\"2 minutos\" \/>\n<script type=\"application\/ld+json\" class=\"yoast-schema-graph\">{\"@context\":\"https:\\\/\\\/schema.org\",\"@graph\":[{\"@type\":\"Article\",\"@id\":\"https:\\\/\\\/automotiverevista.pt\\\/index.php\\\/2025\\\/12\\\/25\\\/asko-norge-testa-camiao-a-hidrogenio-da-scania\\\/#article\",\"isPartOf\":{\"@id\":\"https:\\\/\\\/automotiverevista.pt\\\/index.php\\\/2025\\\/12\\\/25\\\/asko-norge-testa-camiao-a-hidrogenio-da-scania\\\/\"},\"author\":{\"name\":\"Fatima Silva\",\"@id\":\"https:\\\/\\\/automotiverevista.pt\\\/#\\\/schema\\\/person\\\/1e95eb12553b8edd256acb00fe6dad4b\"},\"headline\":\"Asko Norge testa cami\u00e3o a hidrog\u00e9nio da Scania\",\"datePublished\":\"2025-12-25T06:19:00+00:00\",\"mainEntityOfPage\":{\"@id\":\"https:\\\/\\\/automotiverevista.pt\\\/index.php\\\/2025\\\/12\\\/25\\\/asko-norge-testa-camiao-a-hidrogenio-da-scania\\\/\"},\"wordCount\":221,\"publisher\":{\"@id\":\"https:\\\/\\\/automotiverevista.pt\\\/#organization\"},\"image\":{\"@id\":\"https:\\\/\\\/automotiverevista.pt\\\/index.php\\\/2025\\\/12\\\/25\\\/asko-norge-testa-camiao-a-hidrogenio-da-scania\\\/#primaryimage\"},\"thumbnailUrl\":\"https:\\\/\\\/automotiverevista.pt\\\/wp-content\\\/uploads\\\/2025\\\/12\\\/1-7.jpg\",\"articleSection\":[\"Pesados e M\u00e1quinas\"],\"inLanguage\":\"pt-PT\"},{\"@type\":\"WebPage\",\"@id\":\"https:\\\/\\\/automotiverevista.pt\\\/index.php\\\/2025\\\/12\\\/25\\\/asko-norge-testa-camiao-a-hidrogenio-da-scania\\\/\",\"url\":\"https:\\\/\\\/automotiverevista.pt\\\/index.php\\\/2025\\\/12\\\/25\\\/asko-norge-testa-camiao-a-hidrogenio-da-scania\\\/\",\"name\":\"Asko Norge testa cami\u00e3o a hidrog\u00e9nio da Scania - Revista Automotive\",\"isPartOf\":{\"@id\":\"https:\\\/\\\/automotiverevista.pt\\\/#website\"},\"primaryImageOfPage\":{\"@id\":\"https:\\\/\\\/automotiverevista.pt\\\/index.php\\\/2025\\\/12\\\/25\\\/asko-norge-testa-camiao-a-hidrogenio-da-scania\\\/#primaryimage\"},\"image\":{\"@id\":\"https:\\\/\\\/automotiverevista.pt\\\/index.php\\\/2025\\\/12\\\/25\\\/asko-norge-testa-camiao-a-hidrogenio-da-scania\\\/#primaryimage\"},\"thumbnailUrl\":\"https:\\\/\\\/automotiverevista.pt\\\/wp-content\\\/uploads\\\/2025\\\/12\\\/1-7.jpg\",\"datePublished\":\"2025-12-25T06:19:00+00:00\",\"description\":\"A Scania investe na eletrifica\u00e7\u00e3o, mas continua a explorar todas as op\u00e7\u00f5es para compreender melhor todas as formas de transporte sustent\u00e1vel,\",\"breadcrumb\":{\"@id\":\"https:\\\/\\\/automotiverevista.pt\\\/index.php\\\/2025\\\/12\\\/25\\\/asko-norge-testa-camiao-a-hidrogenio-da-scania\\\/#breadcrumb\"},\"inLanguage\":\"pt-PT\",\"potentialAction\":[{\"@type\":\"ReadAction\",\"target\":[\"https:\\\/\\\/automotiverevista.pt\\\/index.php\\\/2025\\\/12\\\/25\\\/asko-norge-testa-camiao-a-hidrogenio-da-scania\\\/\"]}]},{\"@type\":\"ImageObject\",\"inLanguage\":\"pt-PT\",\"@id\":\"https:\\\/\\\/automotiverevista.pt\\\/index.php\\\/2025\\\/12\\\/25\\\/asko-norge-testa-camiao-a-hidrogenio-da-scania\\\/#primaryimage\",\"url\":\"https:\\\/\\\/automotiverevista.pt\\\/wp-content\\\/uploads\\\/2025\\\/12\\\/1-7.jpg\",\"contentUrl\":\"https:\\\/\\\/automotiverevista.pt\\\/wp-content\\\/uploads\\\/2025\\\/12\\\/1-7.jpg\",\"width\":1400,\"height\":933},{\"@type\":\"BreadcrumbList\",\"@id\":\"https:\\\/\\\/automotiverevista.pt\\\/index.php\\\/2025\\\/12\\\/25\\\/asko-norge-testa-camiao-a-hidrogenio-da-scania\\\/#breadcrumb\",\"itemListElement\":[{\"@type\":\"ListItem\",\"position\":1,\"name\":\"Home\",\"item\":\"https:\\\/\\\/automotiverevista.pt\\\/\"},{\"@type\":\"ListItem\",\"position\":2,\"name\":\"Asko Norge testa cami\u00e3o a hidrog\u00e9nio da Scania\"}]},{\"@type\":\"WebSite\",\"@id\":\"https:\\\/\\\/automotiverevista.pt\\\/#website\",\"url\":\"https:\\\/\\\/automotiverevista.pt\\\/\",\"name\":\"Revista Automotive\",\"description\":\"Revista Automotive Portugal\",\"publisher\":{\"@id\":\"https:\\\/\\\/automotiverevista.pt\\\/#organization\"},\"potentialAction\":[{\"@type\":\"SearchAction\",\"target\":{\"@type\":\"EntryPoint\",\"urlTemplate\":\"https:\\\/\\\/automotiverevista.pt\\\/?s={search_term_string}\"},\"query-input\":{\"@type\":\"PropertyValueSpecification\",\"valueRequired\":true,\"valueName\":\"search_term_string\"}}],\"inLanguage\":\"pt-PT\"},{\"@type\":\"Organization\",\"@id\":\"https:\\\/\\\/automotiverevista.pt\\\/#organization\",\"name\":\"Revista Automotive Portugal\",\"url\":\"https:\\\/\\\/automotiverevista.pt\\\/\",\"logo\":{\"@type\":\"ImageObject\",\"inLanguage\":\"pt-PT\",\"@id\":\"https:\\\/\\\/automotiverevista.pt\\\/#\\\/schema\\\/logo\\\/image\\\/\",\"url\":\"https:\\\/\\\/automotiverevista.pt\\\/wp-content\\\/uploads\\\/2022\\\/07\\\/Logo-Automotive-2021_500-1.jpg\",\"contentUrl\":\"https:\\\/\\\/automotiverevista.pt\\\/wp-content\\\/uploads\\\/2022\\\/07\\\/Logo-Automotive-2021_500-1.jpg\",\"width\":500,\"height\":160,\"caption\":\"Revista Automotive Portugal\"},\"image\":{\"@id\":\"https:\\\/\\\/automotiverevista.pt\\\/#\\\/schema\\\/logo\\\/image\\\/\"},\"sameAs\":[\"https:\\\/\\\/linkedin.com\\\/in\\\/automotiverevista\"]},{\"@type\":\"Person\",\"@id\":\"https:\\\/\\\/automotiverevista.pt\\\/#\\\/schema\\\/person\\\/1e95eb12553b8edd256acb00fe6dad4b\",\"name\":\"Fatima Silva\",\"image\":{\"@type\":\"ImageObject\",\"inLanguage\":\"pt-PT\",\"@id\":\"https:\\\/\\\/secure.gravatar.com\\\/avatar\\\/4b4a955a9c1b66708ab0dd3bd6181ac1f650299d893bd337a28482f7f19c8511?s=96&d=mm&r=g\",\"url\":\"https:\\\/\\\/secure.gravatar.com\\\/avatar\\\/4b4a955a9c1b66708ab0dd3bd6181ac1f650299d893bd337a28482f7f19c8511?s=96&d=mm&r=g\",\"contentUrl\":\"https:\\\/\\\/secure.gravatar.com\\\/avatar\\\/4b4a955a9c1b66708ab0dd3bd6181ac1f650299d893bd337a28482f7f19c8511?s=96&d=mm&r=g\",\"caption\":\"Fatima Silva\"},\"url\":\"https:\\\/\\\/automotiverevista.pt\\\/index.php\\\/author\\\/fgasparsilva\\\/\"}]}<\/script>\n<!-- \/ Yoast SEO Premium plugin. -->","yoast_head_json":{"title":"Asko Norge testa cami\u00e3o a hidrog\u00e9nio da Scania - Revista Automotive","description":"A Scania investe na eletrifica\u00e7\u00e3o, mas continua a explorar todas as op\u00e7\u00f5es para compreender melhor todas as formas de transporte sustent\u00e1vel,","robots":{"index":"index","follow":"follow","max-snippet":"max-snippet:-1","max-image-preview":"max-image-preview:large","max-video-preview":"max-video-preview:-1"},"canonical":"https:\/\/automotiverevista.pt\/index.php\/2025\/12\/25\/asko-norge-testa-camiao-a-hidrogenio-da-scania\/","og_locale":"pt_PT","og_type":"article","og_title":"Asko Norge testa cami\u00e3o a hidrog\u00e9nio da Scania","og_description":"A Scania investe na eletrifica\u00e7\u00e3o, mas continua a explorar todas as op\u00e7\u00f5es para compreender melhor todas as formas de transporte sustent\u00e1vel,","og_url":"https:\/\/automotiverevista.pt\/index.php\/2025\/12\/25\/asko-norge-testa-camiao-a-hidrogenio-da-scania\/","og_site_name":"Revista Automotive","article_published_time":"2025-12-25T06:19:00+00:00","og_image":[{"width":1400,"height":933,"url":"https:\/\/automotiverevista.pt\/wp-content\/uploads\/2025\/12\/1-7.jpg","type":"image\/jpeg"}],"author":"Fatima Silva","twitter_card":"summary_large_image","twitter_misc":{"Escrito por":"Fatima Silva","Tempo estimado de leitura":"2 minutos"},"schema":{"@context":"https:\/\/schema.org","@graph":[{"@type":"Article","@id":"https:\/\/automotiverevista.pt\/index.php\/2025\/12\/25\/asko-norge-testa-camiao-a-hidrogenio-da-scania\/#article","isPartOf":{"@id":"https:\/\/automotiverevista.pt\/index.php\/2025\/12\/25\/asko-norge-testa-camiao-a-hidrogenio-da-scania\/"},"author":{"name":"Fatima Silva","@id":"https:\/\/automotiverevista.pt\/#\/schema\/person\/1e95eb12553b8edd256acb00fe6dad4b"},"headline":"Asko Norge testa cami\u00e3o a hidrog\u00e9nio da Scania","datePublished":"2025-12-25T06:19:00+00:00","mainEntityOfPage":{"@id":"https:\/\/automotiverevista.pt\/index.php\/2025\/12\/25\/asko-norge-testa-camiao-a-hidrogenio-da-scania\/"},"wordCount":221,"publisher":{"@id":"https:\/\/automotiverevista.pt\/#organization"},"image":{"@id":"https:\/\/automotiverevista.pt\/index.php\/2025\/12\/25\/asko-norge-testa-camiao-a-hidrogenio-da-scania\/#primaryimage"},"thumbnailUrl":"https:\/\/automotiverevista.pt\/wp-content\/uploads\/2025\/12\/1-7.jpg","articleSection":["Pesados e M\u00e1quinas"],"inLanguage":"pt-PT"},{"@type":"WebPage","@id":"https:\/\/automotiverevista.pt\/index.php\/2025\/12\/25\/asko-norge-testa-camiao-a-hidrogenio-da-scania\/","url":"https:\/\/automotiverevista.pt\/index.php\/2025\/12\/25\/asko-norge-testa-camiao-a-hidrogenio-da-scania\/","name":"Asko Norge testa cami\u00e3o a hidrog\u00e9nio da Scania - Revista Automotive","isPartOf":{"@id":"https:\/\/automotiverevista.pt\/#website"},"primaryImageOfPage":{"@id":"https:\/\/automotiverevista.pt\/index.php\/2025\/12\/25\/asko-norge-testa-camiao-a-hidrogenio-da-scania\/#primaryimage"},"image":{"@id":"https:\/\/automotiverevista.pt\/index.php\/2025\/12\/25\/asko-norge-testa-camiao-a-hidrogenio-da-scania\/#primaryimage"},"thumbnailUrl":"https:\/\/automotiverevista.pt\/wp-content\/uploads\/2025\/12\/1-7.jpg","datePublished":"2025-12-25T06:19:00+00:00","description":"A Scania investe na eletrifica\u00e7\u00e3o, mas continua a explorar todas as op\u00e7\u00f5es para compreender melhor todas as formas de transporte sustent\u00e1vel,","breadcrumb":{"@id":"https:\/\/automotiverevista.pt\/index.php\/2025\/12\/25\/asko-norge-testa-camiao-a-hidrogenio-da-scania\/#breadcrumb"},"inLanguage":"pt-PT","potentialAction":[{"@type":"ReadAction","target":["https:\/\/automotiverevista.pt\/index.php\/2025\/12\/25\/asko-norge-testa-camiao-a-hidrogenio-da-scania\/"]}]},{"@type":"ImageObject","inLanguage":"pt-PT","@id":"https:\/\/automotiverevista.pt\/index.php\/2025\/12\/25\/asko-norge-testa-camiao-a-hidrogenio-da-scania\/#primaryimage","url":"https:\/\/automotiverevista.pt\/wp-content\/uploads\/2025\/12\/1-7.jpg","contentUrl":"https:\/\/automotiverevista.pt\/wp-content\/uploads\/2025\/12\/1-7.jpg","width":1400,"height":933},{"@type":"BreadcrumbList","@id":"https:\/\/automotiverevista.pt\/index.php\/2025\/12\/25\/asko-norge-testa-camiao-a-hidrogenio-da-scania\/#breadcrumb","itemListElement":[{"@type":"ListItem","position":1,"name":"Home","item":"https:\/\/automotiverevista.pt\/"},{"@type":"ListItem","position":2,"name":"Asko Norge testa cami\u00e3o a hidrog\u00e9nio da Scania"}]},{"@type":"WebSite","@id":"https:\/\/automotiverevista.pt\/#website","url":"https:\/\/automotiverevista.pt\/","name":"Revista Automotive","description":"Revista Automotive Portugal","publisher":{"@id":"https:\/\/automotiverevista.pt\/#organization"},"potentialAction":[{"@type":"SearchAction","target":{"@type":"EntryPoint","urlTemplate":"https:\/\/automotiverevista.pt\/?s={search_term_string}"},"query-input":{"@type":"PropertyValueSpecification","valueRequired":true,"valueName":"search_term_string"}}],"inLanguage":"pt-PT"},{"@type":"Organization","@id":"https:\/\/automotiverevista.pt\/#organization","name":"Revista Automotive Portugal","url":"https:\/\/automotiverevista.pt\/","logo":{"@type":"ImageObject","inLanguage":"pt-PT","@id":"https:\/\/automotiverevista.pt\/#\/schema\/logo\/image\/","url":"https:\/\/automotiverevista.pt\/wp-content\/uploads\/2022\/07\/Logo-Automotive-2021_500-1.jpg","contentUrl":"https:\/\/automotiverevista.pt\/wp-content\/uploads\/2022\/07\/Logo-Automotive-2021_500-1.jpg","width":500,"height":160,"caption":"Revista Automotive Portugal"},"image":{"@id":"https:\/\/automotiverevista.pt\/#\/schema\/logo\/image\/"},"sameAs":["https:\/\/linkedin.com\/in\/automotiverevista"]},{"@type":"Person","@id":"https:\/\/automotiverevista.pt\/#\/schema\/person\/1e95eb12553b8edd256acb00fe6dad4b","name":"Fatima Silva","image":{"@type":"ImageObject","inLanguage":"pt-PT","@id":"https:\/\/secure.gravatar.com\/avatar\/4b4a955a9c1b66708ab0dd3bd6181ac1f650299d893bd337a28482f7f19c8511?s=96&d=mm&r=g","url":"https:\/\/secure.gravatar.com\/avatar\/4b4a955a9c1b66708ab0dd3bd6181ac1f650299d893bd337a28482f7f19c8511?s=96&d=mm&r=g","contentUrl":"https:\/\/secure.gravatar.com\/avatar\/4b4a955a9c1b66708ab0dd3bd6181ac1f650299d893bd337a28482f7f19c8511?s=96&d=mm&r=g","caption":"Fatima Silva"},"url":"https:\/\/automotiverevista.pt\/index.php\/author\/fgasparsilva\/"}]}},"_links":{"self":[{"href":"https:\/\/automotiverevista.pt\/index.php\/wp-json\/wp\/v2\/posts\/11850","targetHints":{"allow":["GET"]}}],"collection":[{"href":"https:\/\/automotiverevista.pt\/index.php\/wp-json\/wp\/v2\/posts"}],"about":[{"href":"https:\/\/automotiverevista.pt\/index.php\/wp-json\/wp\/v2\/types\/post"}],"author":[{"embeddable":true,"href":"https:\/\/automotiverevista.pt\/index.php\/wp-json\/wp\/v2\/users\/4"}],"replies":[{"embeddable":true,"href":"https:\/\/automotiverevista.pt\/index.php\/wp-json\/wp\/v2\/comments?post=11850"}],"version-history":[{"count":1,"href":"https:\/\/automotiverevista.pt\/index.php\/wp-json\/wp\/v2\/posts\/11850\/revisions"}],"predecessor-version":[{"id":11856,"href":"https:\/\/automotiverevista.pt\/index.php\/wp-json\/wp\/v2\/posts\/11850\/revisions\/11856"}],"wp:featuredmedia":[{"embeddable":true,"href":"https:\/\/automotiverevista.pt\/index.php\/wp-json\/wp\/v2\/media\/11851"}],"wp:attachment":[{"href":"https:\/\/automotiverevista.pt\/index.php\/wp-json\/wp\/v2\/media?parent=11850"}],"wp:term":[{"taxonomy":"category","embeddable":true,"href":"https:\/\/automotiverevista.pt\/index.php\/wp-json\/wp\/v2\/categories?post=11850"},{"taxonomy":"post_tag","embeddable":true,"href":"https:\/\/automotiverevista.pt\/index.php\/wp-json\/wp\/v2\/tags?post=11850"}],"curies":[{"name":"wp","href":"https:\/\/api.w.org\/{rel}","templated":true}]}}