{"id":11890,"date":"2026-01-07T14:07:00","date_gmt":"2026-01-07T14:07:00","guid":{"rendered":"https:\/\/automotiverevista.pt\/?p=11890"},"modified":"2026-01-06T20:57:01","modified_gmt":"2026-01-06T20:57:01","slug":"omoda-e-jaecoo-os-reforcos-do-grupo-jap-para-frotas","status":"publish","type":"post","link":"https:\/\/automotiverevista.pt\/index.php\/2026\/01\/07\/omoda-e-jaecoo-os-reforcos-do-grupo-jap-para-frotas\/","title":{"rendered":"Omoda e Jaecoo \u2013 os refor\u00e7os do Grupo JAP para frotas"},"content":{"rendered":"\n<p>O Grupo empresarial JAP apresentou oficialmente a nova gera\u00e7\u00e3o de ve\u00edculos das marcas Omoda &amp; Jaecoo (O&amp;J), duas marcas e 5 modelos que refletem o compromisso com a inova\u00e7\u00e3o, desenho moderno e mobilidade eficiente, sob a ins\u00edgnia do construtor chin\u00eas Chery Group. Com uma gama multienerg\u00e9tica e solu\u00e7\u00f5es adaptadas a diferentes estilos de vida, estes novos modelos combinam tecnologia de ponta, conforto premium e desempenho.<\/p>\n\n\n<div class=\"wp-block-image\">\n<figure class=\"aligncenter size-large is-resized\"><img decoding=\"async\" width=\"1024\" height=\"768\" src=\"https:\/\/automotiverevista.pt\/wp-content\/uploads\/2026\/01\/20251120_182423-1024x768.jpg\" alt=\"\" class=\"wp-image-11892\" style=\"width:836px;height:auto\" srcset=\"https:\/\/automotiverevista.pt\/wp-content\/uploads\/2026\/01\/20251120_182423-1024x768.jpg 1024w, https:\/\/automotiverevista.pt\/wp-content\/uploads\/2026\/01\/20251120_182423-300x225.jpg 300w, https:\/\/automotiverevista.pt\/wp-content\/uploads\/2026\/01\/20251120_182423-768x576.jpg 768w, https:\/\/automotiverevista.pt\/wp-content\/uploads\/2026\/01\/20251120_182423-750x563.jpg 750w, https:\/\/automotiverevista.pt\/wp-content\/uploads\/2026\/01\/20251120_182423-1140x855.jpg 1140w, https:\/\/automotiverevista.pt\/wp-content\/uploads\/2026\/01\/20251120_182423.jpg 1500w\" sizes=\"(max-width: 1024px) 100vw, 1024px\" \/><\/figure>\n<\/div>\n\n\n<p>O <strong>Omoda 5<\/strong> \u00e9 o reflexo de uma gera\u00e7\u00e3o que procura sofistica\u00e7\u00e3o, tecnologia e sustentabilidade. Com um desenho jovem e desportivo \u2013 \u201cArt in Motion\u201d \u2013, este SUV el\u00e9trico posiciona-se como a escolha ideal para fam\u00edlias urbanas.<\/p>\n\n\n\n<p>Destaques para os far\u00f3is Full LED, luzes diurnas em forma de \u2018T\u2019 e grelha dianteira com design futurista; o ecr\u00e3 duplo HD curvado de 24,6\u2019\u2019 e sistema de som SONY de 8 colunas; bancos aquecidos e ventilados (dianteiros e traseiros) e volante aquecido; autonomia at\u00e9 536 km (circuito urbano) e pot\u00eancia de 204 cv (150 kW).<\/p>\n\n\n\n<p>Dispon\u00edvel nas vers\u00f5es Comfort e Premium, com pinturas bicolores e teto panor\u00e2mico el\u00e9trico. J\u00e1 o modelo topo de gama <strong>Omoda 9 PHEV<\/strong> \u00e9 a fus\u00e3o entre pot\u00eancia, sofistica\u00e7\u00e3o e inova\u00e7\u00e3o tecnol\u00f3gica. Dirigido a fam\u00edlias urbanas com idades compreendias entre os 30 a 55 anos, \u00e9 o exemplo m\u00e1ximo da filosofia \u201cBest Value for Money\u201d.<\/p>\n\n\n\n<p><strong>JAECOO 5 e 7<\/strong><\/p>\n\n\n<div class=\"wp-block-image\">\n<figure class=\"aligncenter size-large is-resized\"><img decoding=\"async\" width=\"1024\" height=\"451\" src=\"https:\/\/automotiverevista.pt\/wp-content\/uploads\/2026\/01\/1-1-1024x451.jpg\" alt=\"\" class=\"wp-image-11895\" style=\"width:861px;height:auto\" srcset=\"https:\/\/automotiverevista.pt\/wp-content\/uploads\/2026\/01\/1-1-1024x451.jpg 1024w, https:\/\/automotiverevista.pt\/wp-content\/uploads\/2026\/01\/1-1-300x132.jpg 300w, https:\/\/automotiverevista.pt\/wp-content\/uploads\/2026\/01\/1-1-768x338.jpg 768w, https:\/\/automotiverevista.pt\/wp-content\/uploads\/2026\/01\/1-1-750x330.jpg 750w, https:\/\/automotiverevista.pt\/wp-content\/uploads\/2026\/01\/1-1-1140x502.jpg 1140w, https:\/\/automotiverevista.pt\/wp-content\/uploads\/2026\/01\/1-1.jpg 1440w\" sizes=\"(max-width: 1024px) 100vw, 1024px\" \/><\/figure>\n<\/div>\n\n\n<p>Por sua vez, o modelo <strong>JAECOO 5<\/strong>, est\u00e1 mais orientado para fam\u00edlias jovens aventureiras, sendo desenhado para quem gosta de explorar o ambiente \u00e0 volta, mas sem abrir m\u00e3o do conforto e da tecnologia. O modelo combina robustez exterior com um interior sofisticado e diversas funcionalidades.<\/p>\n\n\n\n<p>Neste modelo, os destaques s\u00e3o naturalmente o seu teto panor\u00e2mico de vidro duplo de 1,45 m\u00b2 e jantes de liga leve de 18\u201d; interior com ecr\u00e3 t\u00e1til de 13,2\u2019\u2019, painel digital de 8,8\u2019\u2019 e sistema SONY 8 colunas; modos de climatiza\u00e7\u00e3o autom\u00e1tica bi-zona e carregador wireless de 50W; autonomia el\u00e9trica de 402 km e pot\u00eancia de 211 cv (155 kW), estando equipado com 19 Sistemas Avan\u00e7ados de Assist\u00eancia ao Condutor (ADAS).<\/p>\n\n\n\n<p>O <strong>JAECOO 7<\/strong>, tem um posicionamento voltado para profissionais e fam\u00edlias urbanas de esp\u00edrito tecnol\u00f3gico, sendo que o Jaecoo 7 PHEV combina robustez, tecnologia e conforto. Este modelo h\u00edbrido plug-in alia pot\u00eancia \u00e0 efici\u00eancia energ\u00e9tica. Destaques para o motor h\u00edbrido plug-in com 18,3 kWh de capacidade de bateria e autonomia el\u00e9trica at\u00e9 90 km; pot\u00eancia total de 340 cv (255 kW) e carregamento r\u00e1pido DC (30%\u201380%) em 20 minutos; interior de luxo com ecr\u00e3 multim\u00e9dia de 14,8\u2019\u2019, head-up display, para al\u00e9m de um<\/p>\n\n\n\n<p>Com estas novas cinco propostas da Omoda &amp;Jaecoo, o Grupo JAP refor\u00e7a o seu portef\u00f3lio de modelos para o setor empresarial e frotas, assente em produtos com mobilidade sustent\u00e1vel proporcionando novas op\u00e7\u00f5es de ve\u00edculos el\u00e9tricos para o mercado nacional.<\/p>\n\n\n<div class=\"wp-block-image\">\n<figure class=\"aligncenter size-large is-resized\"><img decoding=\"async\" width=\"1024\" height=\"683\" src=\"https:\/\/automotiverevista.pt\/wp-content\/uploads\/2026\/01\/ER60834-1024x683.jpg\" alt=\"\" class=\"wp-image-11894\" style=\"width:783px;height:auto\" srcset=\"https:\/\/automotiverevista.pt\/wp-content\/uploads\/2026\/01\/ER60834-1024x683.jpg 1024w, https:\/\/automotiverevista.pt\/wp-content\/uploads\/2026\/01\/ER60834-300x200.jpg 300w, https:\/\/automotiverevista.pt\/wp-content\/uploads\/2026\/01\/ER60834-768x512.jpg 768w, https:\/\/automotiverevista.pt\/wp-content\/uploads\/2026\/01\/ER60834-750x500.jpg 750w, https:\/\/automotiverevista.pt\/wp-content\/uploads\/2026\/01\/ER60834-1140x760.jpg 1140w, https:\/\/automotiverevista.pt\/wp-content\/uploads\/2026\/01\/ER60834.jpg 1500w\" sizes=\"(max-width: 1024px) 100vw, 1024px\" \/><\/figure>\n<\/div>","protected":false},"excerpt":{"rendered":"<p>O Grupo empresarial JAP apresentou oficialmente a nova gera\u00e7\u00e3o de ve\u00edculos das marcas Omoda &amp; Jaecoo (O&amp;J), duas marcas e 5 modelos que refletem o compromisso com a inova\u00e7\u00e3o, desenho moderno e mobilidade eficiente, sob a ins\u00edgnia do construtor chin\u00eas Chery Group. Com uma gama multienerg\u00e9tica e solu\u00e7\u00f5es adaptadas a diferentes estilos de vida, estes [&hellip;]<\/p>\n","protected":false},"author":4,"featured_media":11891,"comment_status":"closed","ping_status":"open","sticky":false,"template":"","format":"standard","meta":{"jnews-multi-image_gallery":[],"jnews_single_post":{"format":"standard"},"jnews_primary_category":[],"footnotes":""},"categories":[23],"tags":[],"class_list":["post-11890","post","type-post","status-publish","format-standard","has-post-thumbnail","hentry","category-frotas"],"yoast_head":"<!-- This site is optimized with the Yoast SEO Premium plugin v27.5 (Yoast SEO v27.5) - https:\/\/yoast.com\/product\/yoast-seo-premium-wordpress\/ -->\n<title>Omoda e Jaecoo \u2013 os refor\u00e7os do Grupo JAP para frotas - Revista Automotive<\/title>\n<meta name=\"description\" content=\"O Grupo empresarial JAP apresentou oficialmente a nova gera\u00e7\u00e3o de ve\u00edculos das marcas Omoda &amp; Jaecoo (O&amp;J), duas marcas e 5 modelos que reflet\" \/>\n<meta name=\"robots\" content=\"index, follow, max-snippet:-1, max-image-preview:large, max-video-preview:-1\" \/>\n<link rel=\"canonical\" href=\"https:\/\/automotiverevista.pt\/index.php\/2026\/01\/07\/omoda-e-jaecoo-os-reforcos-do-grupo-jap-para-frotas\/\" \/>\n<meta property=\"og:locale\" content=\"pt_PT\" \/>\n<meta property=\"og:type\" content=\"article\" \/>\n<meta property=\"og:title\" content=\"Omoda e Jaecoo \u2013 os refor\u00e7os do Grupo JAP para frotas\" \/>\n<meta property=\"og:description\" content=\"O Grupo empresarial JAP apresentou oficialmente a nova gera\u00e7\u00e3o de ve\u00edculos das marcas Omoda &amp; Jaecoo (O&amp;J), duas marcas e 5 modelos que reflet\" \/>\n<meta property=\"og:url\" content=\"https:\/\/automotiverevista.pt\/index.php\/2026\/01\/07\/omoda-e-jaecoo-os-reforcos-do-grupo-jap-para-frotas\/\" \/>\n<meta property=\"og:site_name\" content=\"Revista Automotive\" \/>\n<meta property=\"article:published_time\" content=\"2026-01-07T14:07:00+00:00\" \/>\n<meta property=\"og:image\" content=\"https:\/\/automotiverevista.pt\/wp-content\/uploads\/2026\/01\/ER61075.jpg\" \/>\n\t<meta property=\"og:image:width\" content=\"1500\" \/>\n\t<meta property=\"og:image:height\" content=\"1000\" \/>\n\t<meta property=\"og:image:type\" content=\"image\/jpeg\" \/>\n<meta name=\"author\" content=\"Fatima Silva\" \/>\n<meta name=\"twitter:card\" content=\"summary_large_image\" \/>\n<meta name=\"twitter:label1\" content=\"Escrito por\" \/>\n\t<meta name=\"twitter:data1\" content=\"Fatima Silva\" \/>\n\t<meta name=\"twitter:label2\" content=\"Tempo estimado de leitura\" \/>\n\t<meta name=\"twitter:data2\" content=\"4 minutos\" \/>\n<script type=\"application\/ld+json\" class=\"yoast-schema-graph\">{\"@context\":\"https:\\\/\\\/schema.org\",\"@graph\":[{\"@type\":\"Article\",\"@id\":\"https:\\\/\\\/automotiverevista.pt\\\/index.php\\\/2026\\\/01\\\/07\\\/omoda-e-jaecoo-os-reforcos-do-grupo-jap-para-frotas\\\/#article\",\"isPartOf\":{\"@id\":\"https:\\\/\\\/automotiverevista.pt\\\/index.php\\\/2026\\\/01\\\/07\\\/omoda-e-jaecoo-os-reforcos-do-grupo-jap-para-frotas\\\/\"},\"author\":{\"name\":\"Fatima Silva\",\"@id\":\"https:\\\/\\\/automotiverevista.pt\\\/#\\\/schema\\\/person\\\/1e95eb12553b8edd256acb00fe6dad4b\"},\"headline\":\"Omoda e Jaecoo \u2013 os refor\u00e7os do Grupo JAP para frotas\",\"datePublished\":\"2026-01-07T14:07:00+00:00\",\"mainEntityOfPage\":{\"@id\":\"https:\\\/\\\/automotiverevista.pt\\\/index.php\\\/2026\\\/01\\\/07\\\/omoda-e-jaecoo-os-reforcos-do-grupo-jap-para-frotas\\\/\"},\"wordCount\":485,\"publisher\":{\"@id\":\"https:\\\/\\\/automotiverevista.pt\\\/#organization\"},\"image\":{\"@id\":\"https:\\\/\\\/automotiverevista.pt\\\/index.php\\\/2026\\\/01\\\/07\\\/omoda-e-jaecoo-os-reforcos-do-grupo-jap-para-frotas\\\/#primaryimage\"},\"thumbnailUrl\":\"https:\\\/\\\/automotiverevista.pt\\\/wp-content\\\/uploads\\\/2026\\\/01\\\/ER61075.jpg\",\"articleSection\":[\"Frotas\"],\"inLanguage\":\"pt-PT\"},{\"@type\":\"WebPage\",\"@id\":\"https:\\\/\\\/automotiverevista.pt\\\/index.php\\\/2026\\\/01\\\/07\\\/omoda-e-jaecoo-os-reforcos-do-grupo-jap-para-frotas\\\/\",\"url\":\"https:\\\/\\\/automotiverevista.pt\\\/index.php\\\/2026\\\/01\\\/07\\\/omoda-e-jaecoo-os-reforcos-do-grupo-jap-para-frotas\\\/\",\"name\":\"Omoda e Jaecoo \u2013 os refor\u00e7os do Grupo JAP para frotas - Revista Automotive\",\"isPartOf\":{\"@id\":\"https:\\\/\\\/automotiverevista.pt\\\/#website\"},\"primaryImageOfPage\":{\"@id\":\"https:\\\/\\\/automotiverevista.pt\\\/index.php\\\/2026\\\/01\\\/07\\\/omoda-e-jaecoo-os-reforcos-do-grupo-jap-para-frotas\\\/#primaryimage\"},\"image\":{\"@id\":\"https:\\\/\\\/automotiverevista.pt\\\/index.php\\\/2026\\\/01\\\/07\\\/omoda-e-jaecoo-os-reforcos-do-grupo-jap-para-frotas\\\/#primaryimage\"},\"thumbnailUrl\":\"https:\\\/\\\/automotiverevista.pt\\\/wp-content\\\/uploads\\\/2026\\\/01\\\/ER61075.jpg\",\"datePublished\":\"2026-01-07T14:07:00+00:00\",\"description\":\"O Grupo empresarial JAP apresentou oficialmente a nova gera\u00e7\u00e3o de ve\u00edculos das marcas Omoda & Jaecoo (O&J), duas marcas e 5 modelos que reflet\",\"breadcrumb\":{\"@id\":\"https:\\\/\\\/automotiverevista.pt\\\/index.php\\\/2026\\\/01\\\/07\\\/omoda-e-jaecoo-os-reforcos-do-grupo-jap-para-frotas\\\/#breadcrumb\"},\"inLanguage\":\"pt-PT\",\"potentialAction\":[{\"@type\":\"ReadAction\",\"target\":[\"https:\\\/\\\/automotiverevista.pt\\\/index.php\\\/2026\\\/01\\\/07\\\/omoda-e-jaecoo-os-reforcos-do-grupo-jap-para-frotas\\\/\"]}]},{\"@type\":\"ImageObject\",\"inLanguage\":\"pt-PT\",\"@id\":\"https:\\\/\\\/automotiverevista.pt\\\/index.php\\\/2026\\\/01\\\/07\\\/omoda-e-jaecoo-os-reforcos-do-grupo-jap-para-frotas\\\/#primaryimage\",\"url\":\"https:\\\/\\\/automotiverevista.pt\\\/wp-content\\\/uploads\\\/2026\\\/01\\\/ER61075.jpg\",\"contentUrl\":\"https:\\\/\\\/automotiverevista.pt\\\/wp-content\\\/uploads\\\/2026\\\/01\\\/ER61075.jpg\",\"width\":1500,\"height\":1000},{\"@type\":\"BreadcrumbList\",\"@id\":\"https:\\\/\\\/automotiverevista.pt\\\/index.php\\\/2026\\\/01\\\/07\\\/omoda-e-jaecoo-os-reforcos-do-grupo-jap-para-frotas\\\/#breadcrumb\",\"itemListElement\":[{\"@type\":\"ListItem\",\"position\":1,\"name\":\"Home\",\"item\":\"https:\\\/\\\/automotiverevista.pt\\\/\"},{\"@type\":\"ListItem\",\"position\":2,\"name\":\"Omoda e Jaecoo \u2013 os refor\u00e7os do Grupo JAP para frotas\"}]},{\"@type\":\"WebSite\",\"@id\":\"https:\\\/\\\/automotiverevista.pt\\\/#website\",\"url\":\"https:\\\/\\\/automotiverevista.pt\\\/\",\"name\":\"Revista Automotive\",\"description\":\"Revista Automotive Portugal\",\"publisher\":{\"@id\":\"https:\\\/\\\/automotiverevista.pt\\\/#organization\"},\"potentialAction\":[{\"@type\":\"SearchAction\",\"target\":{\"@type\":\"EntryPoint\",\"urlTemplate\":\"https:\\\/\\\/automotiverevista.pt\\\/?s={search_term_string}\"},\"query-input\":{\"@type\":\"PropertyValueSpecification\",\"valueRequired\":true,\"valueName\":\"search_term_string\"}}],\"inLanguage\":\"pt-PT\"},{\"@type\":\"Organization\",\"@id\":\"https:\\\/\\\/automotiverevista.pt\\\/#organization\",\"name\":\"Revista Automotive Portugal\",\"url\":\"https:\\\/\\\/automotiverevista.pt\\\/\",\"logo\":{\"@type\":\"ImageObject\",\"inLanguage\":\"pt-PT\",\"@id\":\"https:\\\/\\\/automotiverevista.pt\\\/#\\\/schema\\\/logo\\\/image\\\/\",\"url\":\"https:\\\/\\\/automotiverevista.pt\\\/wp-content\\\/uploads\\\/2022\\\/07\\\/Logo-Automotive-2021_500-1.jpg\",\"contentUrl\":\"https:\\\/\\\/automotiverevista.pt\\\/wp-content\\\/uploads\\\/2022\\\/07\\\/Logo-Automotive-2021_500-1.jpg\",\"width\":500,\"height\":160,\"caption\":\"Revista Automotive Portugal\"},\"image\":{\"@id\":\"https:\\\/\\\/automotiverevista.pt\\\/#\\\/schema\\\/logo\\\/image\\\/\"},\"sameAs\":[\"https:\\\/\\\/linkedin.com\\\/in\\\/automotiverevista\"]},{\"@type\":\"Person\",\"@id\":\"https:\\\/\\\/automotiverevista.pt\\\/#\\\/schema\\\/person\\\/1e95eb12553b8edd256acb00fe6dad4b\",\"name\":\"Fatima Silva\",\"image\":{\"@type\":\"ImageObject\",\"inLanguage\":\"pt-PT\",\"@id\":\"https:\\\/\\\/secure.gravatar.com\\\/avatar\\\/4b4a955a9c1b66708ab0dd3bd6181ac1f650299d893bd337a28482f7f19c8511?s=96&d=mm&r=g\",\"url\":\"https:\\\/\\\/secure.gravatar.com\\\/avatar\\\/4b4a955a9c1b66708ab0dd3bd6181ac1f650299d893bd337a28482f7f19c8511?s=96&d=mm&r=g\",\"contentUrl\":\"https:\\\/\\\/secure.gravatar.com\\\/avatar\\\/4b4a955a9c1b66708ab0dd3bd6181ac1f650299d893bd337a28482f7f19c8511?s=96&d=mm&r=g\",\"caption\":\"Fatima Silva\"},\"url\":\"https:\\\/\\\/automotiverevista.pt\\\/index.php\\\/author\\\/fgasparsilva\\\/\"}]}<\/script>\n<!-- \/ Yoast SEO Premium plugin. -->","yoast_head_json":{"title":"Omoda e Jaecoo \u2013 os refor\u00e7os do Grupo JAP para frotas - Revista Automotive","description":"O Grupo empresarial JAP apresentou oficialmente a nova gera\u00e7\u00e3o de ve\u00edculos das marcas Omoda & Jaecoo (O&J), duas marcas e 5 modelos que reflet","robots":{"index":"index","follow":"follow","max-snippet":"max-snippet:-1","max-image-preview":"max-image-preview:large","max-video-preview":"max-video-preview:-1"},"canonical":"https:\/\/automotiverevista.pt\/index.php\/2026\/01\/07\/omoda-e-jaecoo-os-reforcos-do-grupo-jap-para-frotas\/","og_locale":"pt_PT","og_type":"article","og_title":"Omoda e Jaecoo \u2013 os refor\u00e7os do Grupo JAP para frotas","og_description":"O Grupo empresarial JAP apresentou oficialmente a nova gera\u00e7\u00e3o de ve\u00edculos das marcas Omoda & Jaecoo (O&J), duas marcas e 5 modelos que reflet","og_url":"https:\/\/automotiverevista.pt\/index.php\/2026\/01\/07\/omoda-e-jaecoo-os-reforcos-do-grupo-jap-para-frotas\/","og_site_name":"Revista Automotive","article_published_time":"2026-01-07T14:07:00+00:00","og_image":[{"width":1500,"height":1000,"url":"https:\/\/automotiverevista.pt\/wp-content\/uploads\/2026\/01\/ER61075.jpg","type":"image\/jpeg"}],"author":"Fatima Silva","twitter_card":"summary_large_image","twitter_misc":{"Escrito por":"Fatima Silva","Tempo estimado de leitura":"4 minutos"},"schema":{"@context":"https:\/\/schema.org","@graph":[{"@type":"Article","@id":"https:\/\/automotiverevista.pt\/index.php\/2026\/01\/07\/omoda-e-jaecoo-os-reforcos-do-grupo-jap-para-frotas\/#article","isPartOf":{"@id":"https:\/\/automotiverevista.pt\/index.php\/2026\/01\/07\/omoda-e-jaecoo-os-reforcos-do-grupo-jap-para-frotas\/"},"author":{"name":"Fatima Silva","@id":"https:\/\/automotiverevista.pt\/#\/schema\/person\/1e95eb12553b8edd256acb00fe6dad4b"},"headline":"Omoda e Jaecoo \u2013 os refor\u00e7os do Grupo JAP para frotas","datePublished":"2026-01-07T14:07:00+00:00","mainEntityOfPage":{"@id":"https:\/\/automotiverevista.pt\/index.php\/2026\/01\/07\/omoda-e-jaecoo-os-reforcos-do-grupo-jap-para-frotas\/"},"wordCount":485,"publisher":{"@id":"https:\/\/automotiverevista.pt\/#organization"},"image":{"@id":"https:\/\/automotiverevista.pt\/index.php\/2026\/01\/07\/omoda-e-jaecoo-os-reforcos-do-grupo-jap-para-frotas\/#primaryimage"},"thumbnailUrl":"https:\/\/automotiverevista.pt\/wp-content\/uploads\/2026\/01\/ER61075.jpg","articleSection":["Frotas"],"inLanguage":"pt-PT"},{"@type":"WebPage","@id":"https:\/\/automotiverevista.pt\/index.php\/2026\/01\/07\/omoda-e-jaecoo-os-reforcos-do-grupo-jap-para-frotas\/","url":"https:\/\/automotiverevista.pt\/index.php\/2026\/01\/07\/omoda-e-jaecoo-os-reforcos-do-grupo-jap-para-frotas\/","name":"Omoda e Jaecoo \u2013 os refor\u00e7os do Grupo JAP para frotas - Revista Automotive","isPartOf":{"@id":"https:\/\/automotiverevista.pt\/#website"},"primaryImageOfPage":{"@id":"https:\/\/automotiverevista.pt\/index.php\/2026\/01\/07\/omoda-e-jaecoo-os-reforcos-do-grupo-jap-para-frotas\/#primaryimage"},"image":{"@id":"https:\/\/automotiverevista.pt\/index.php\/2026\/01\/07\/omoda-e-jaecoo-os-reforcos-do-grupo-jap-para-frotas\/#primaryimage"},"thumbnailUrl":"https:\/\/automotiverevista.pt\/wp-content\/uploads\/2026\/01\/ER61075.jpg","datePublished":"2026-01-07T14:07:00+00:00","description":"O Grupo empresarial JAP apresentou oficialmente a nova gera\u00e7\u00e3o de ve\u00edculos das marcas Omoda & Jaecoo (O&J), duas marcas e 5 modelos que reflet","breadcrumb":{"@id":"https:\/\/automotiverevista.pt\/index.php\/2026\/01\/07\/omoda-e-jaecoo-os-reforcos-do-grupo-jap-para-frotas\/#breadcrumb"},"inLanguage":"pt-PT","potentialAction":[{"@type":"ReadAction","target":["https:\/\/automotiverevista.pt\/index.php\/2026\/01\/07\/omoda-e-jaecoo-os-reforcos-do-grupo-jap-para-frotas\/"]}]},{"@type":"ImageObject","inLanguage":"pt-PT","@id":"https:\/\/automotiverevista.pt\/index.php\/2026\/01\/07\/omoda-e-jaecoo-os-reforcos-do-grupo-jap-para-frotas\/#primaryimage","url":"https:\/\/automotiverevista.pt\/wp-content\/uploads\/2026\/01\/ER61075.jpg","contentUrl":"https:\/\/automotiverevista.pt\/wp-content\/uploads\/2026\/01\/ER61075.jpg","width":1500,"height":1000},{"@type":"BreadcrumbList","@id":"https:\/\/automotiverevista.pt\/index.php\/2026\/01\/07\/omoda-e-jaecoo-os-reforcos-do-grupo-jap-para-frotas\/#breadcrumb","itemListElement":[{"@type":"ListItem","position":1,"name":"Home","item":"https:\/\/automotiverevista.pt\/"},{"@type":"ListItem","position":2,"name":"Omoda e Jaecoo \u2013 os refor\u00e7os do Grupo JAP para frotas"}]},{"@type":"WebSite","@id":"https:\/\/automotiverevista.pt\/#website","url":"https:\/\/automotiverevista.pt\/","name":"Revista Automotive","description":"Revista Automotive Portugal","publisher":{"@id":"https:\/\/automotiverevista.pt\/#organization"},"potentialAction":[{"@type":"SearchAction","target":{"@type":"EntryPoint","urlTemplate":"https:\/\/automotiverevista.pt\/?s={search_term_string}"},"query-input":{"@type":"PropertyValueSpecification","valueRequired":true,"valueName":"search_term_string"}}],"inLanguage":"pt-PT"},{"@type":"Organization","@id":"https:\/\/automotiverevista.pt\/#organization","name":"Revista Automotive Portugal","url":"https:\/\/automotiverevista.pt\/","logo":{"@type":"ImageObject","inLanguage":"pt-PT","@id":"https:\/\/automotiverevista.pt\/#\/schema\/logo\/image\/","url":"https:\/\/automotiverevista.pt\/wp-content\/uploads\/2022\/07\/Logo-Automotive-2021_500-1.jpg","contentUrl":"https:\/\/automotiverevista.pt\/wp-content\/uploads\/2022\/07\/Logo-Automotive-2021_500-1.jpg","width":500,"height":160,"caption":"Revista Automotive Portugal"},"image":{"@id":"https:\/\/automotiverevista.pt\/#\/schema\/logo\/image\/"},"sameAs":["https:\/\/linkedin.com\/in\/automotiverevista"]},{"@type":"Person","@id":"https:\/\/automotiverevista.pt\/#\/schema\/person\/1e95eb12553b8edd256acb00fe6dad4b","name":"Fatima Silva","image":{"@type":"ImageObject","inLanguage":"pt-PT","@id":"https:\/\/secure.gravatar.com\/avatar\/4b4a955a9c1b66708ab0dd3bd6181ac1f650299d893bd337a28482f7f19c8511?s=96&d=mm&r=g","url":"https:\/\/secure.gravatar.com\/avatar\/4b4a955a9c1b66708ab0dd3bd6181ac1f650299d893bd337a28482f7f19c8511?s=96&d=mm&r=g","contentUrl":"https:\/\/secure.gravatar.com\/avatar\/4b4a955a9c1b66708ab0dd3bd6181ac1f650299d893bd337a28482f7f19c8511?s=96&d=mm&r=g","caption":"Fatima Silva"},"url":"https:\/\/automotiverevista.pt\/index.php\/author\/fgasparsilva\/"}]}},"_links":{"self":[{"href":"https:\/\/automotiverevista.pt\/index.php\/wp-json\/wp\/v2\/posts\/11890","targetHints":{"allow":["GET"]}}],"collection":[{"href":"https:\/\/automotiverevista.pt\/index.php\/wp-json\/wp\/v2\/posts"}],"about":[{"href":"https:\/\/automotiverevista.pt\/index.php\/wp-json\/wp\/v2\/types\/post"}],"author":[{"embeddable":true,"href":"https:\/\/automotiverevista.pt\/index.php\/wp-json\/wp\/v2\/users\/4"}],"replies":[{"embeddable":true,"href":"https:\/\/automotiverevista.pt\/index.php\/wp-json\/wp\/v2\/comments?post=11890"}],"version-history":[{"count":1,"href":"https:\/\/automotiverevista.pt\/index.php\/wp-json\/wp\/v2\/posts\/11890\/revisions"}],"predecessor-version":[{"id":11896,"href":"https:\/\/automotiverevista.pt\/index.php\/wp-json\/wp\/v2\/posts\/11890\/revisions\/11896"}],"wp:featuredmedia":[{"embeddable":true,"href":"https:\/\/automotiverevista.pt\/index.php\/wp-json\/wp\/v2\/media\/11891"}],"wp:attachment":[{"href":"https:\/\/automotiverevista.pt\/index.php\/wp-json\/wp\/v2\/media?parent=11890"}],"wp:term":[{"taxonomy":"category","embeddable":true,"href":"https:\/\/automotiverevista.pt\/index.php\/wp-json\/wp\/v2\/categories?post=11890"},{"taxonomy":"post_tag","embeddable":true,"href":"https:\/\/automotiverevista.pt\/index.php\/wp-json\/wp\/v2\/tags?post=11890"}],"curies":[{"name":"wp","href":"https:\/\/api.w.org\/{rel}","templated":true}]}}