{"id":11897,"date":"2026-01-09T14:25:00","date_gmt":"2026-01-09T14:25:00","guid":{"rendered":"https:\/\/automotiverevista.pt\/?p=11897"},"modified":"2026-01-06T21:02:48","modified_gmt":"2026-01-06T21:02:48","slug":"axalta-mechelem-o-bastiao-do-conhecimento-na-repintura-automovel","status":"publish","type":"post","link":"https:\/\/automotiverevista.pt\/index.php\/2026\/01\/09\/axalta-mechelem-o-bastiao-do-conhecimento-na-repintura-automovel\/","title":{"rendered":"Axalta Mechelem \u2013 o basti\u00e3o do conhecimento na repintura autom\u00f3vel"},"content":{"rendered":"\n<p>Enquanto a Axalta e a AkzoNobel estavam a negociar a sua fus\u00e3o, a Revista Automotive estava em Mechelem (B\u00e9lgica) para conhecer a Academia de Repintura da Axalta, a refer\u00eancia em termos de forma\u00e7\u00e3o na Europa para o grupo Axalta.<\/p>\n\n\n<div class=\"wp-block-image\">\n<figure class=\"aligncenter size-large is-resized\"><img decoding=\"async\" width=\"1024\" height=\"683\" src=\"https:\/\/automotiverevista.pt\/wp-content\/uploads\/2026\/01\/IMG_5503-1024x683.jpg\" alt=\"\" class=\"wp-image-11899\" style=\"aspect-ratio:1.499297204435421;width:816px;height:auto\" srcset=\"https:\/\/automotiverevista.pt\/wp-content\/uploads\/2026\/01\/IMG_5503-1024x683.jpg 1024w, https:\/\/automotiverevista.pt\/wp-content\/uploads\/2026\/01\/IMG_5503-300x200.jpg 300w, https:\/\/automotiverevista.pt\/wp-content\/uploads\/2026\/01\/IMG_5503-768x512.jpg 768w, https:\/\/automotiverevista.pt\/wp-content\/uploads\/2026\/01\/IMG_5503-750x500.jpg 750w, https:\/\/automotiverevista.pt\/wp-content\/uploads\/2026\/01\/IMG_5503-1140x760.jpg 1140w, https:\/\/automotiverevista.pt\/wp-content\/uploads\/2026\/01\/IMG_5503.jpg 1500w\" sizes=\"(max-width: 1024px) 100vw, 1024px\" \/><figcaption class=\"wp-element-caption\"><strong>Koen Silverans<\/strong><\/figcaption><\/figure>\n<\/div>\n\n\n<p><strong>Koen Silverans<\/strong>, <em>EMEA Premium Product Manager da Axalta<\/em>, explicou-nos na altura a import\u00e2ncia e abrang\u00eancia das atividades desta academia, no \u00e2mbito das opera\u00e7\u00f5es europeias da Axalta.<\/p>\n\n\n\n<p>\u201cAqui em Mechelem representamos todas as marcas do grupo Axalta, desde as <em>premium<\/em> (Standox, Cromax e Spies Hecker), bem como as <em>mainstream<\/em> e as <em>economy<\/em>. No entanto, a maioria das forma\u00e7\u00f5es que aqui realizamos s\u00e3o orientadas para a gama <em>premium<\/em>. Os formandos s\u00e3o provenientes de oficinas de elevada qualidade e com grande produtividade, que optam pelos sistemas <em>premium<\/em> porque sabem que t\u00eam uma forma\u00e7\u00e3o de qualidade, com produtos fi\u00e1veis, resultados produtivos e financeiros elevados. As forma\u00e7\u00f5es n\u00e3o s\u00e3o pagas, e est\u00e3o inclu\u00eddas nos servi\u00e7os de suporte aos clientes premium.<\/p>\n\n\n<div class=\"wp-block-image\">\n<figure class=\"aligncenter size-large is-resized\"><img decoding=\"async\" width=\"1024\" height=\"683\" src=\"https:\/\/automotiverevista.pt\/wp-content\/uploads\/2026\/01\/IMG_5504-1024x683.jpg\" alt=\"\" class=\"wp-image-11900\" style=\"width:837px;height:auto\" srcset=\"https:\/\/automotiverevista.pt\/wp-content\/uploads\/2026\/01\/IMG_5504-1024x683.jpg 1024w, https:\/\/automotiverevista.pt\/wp-content\/uploads\/2026\/01\/IMG_5504-300x200.jpg 300w, https:\/\/automotiverevista.pt\/wp-content\/uploads\/2026\/01\/IMG_5504-768x512.jpg 768w, https:\/\/automotiverevista.pt\/wp-content\/uploads\/2026\/01\/IMG_5504-750x500.jpg 750w, https:\/\/automotiverevista.pt\/wp-content\/uploads\/2026\/01\/IMG_5504-1140x760.jpg 1140w, https:\/\/automotiverevista.pt\/wp-content\/uploads\/2026\/01\/IMG_5504.jpg 1500w\" sizes=\"(max-width: 1024px) 100vw, 1024px\" \/><\/figure>\n<\/div>\n\n\n<p><strong>Historial de conhecimento<\/strong><\/p>\n\n\n\n<p>As forma\u00e7\u00f5es realizadas em Mechelem t\u00eam como base um conhecimento muito profundo, quer na sua aplica\u00e7\u00e3o e rentabilidade em contexto oficina, o que \u00e9 expect\u00e1vel, onde o fator diferenciador assenta na experi\u00eancia e no conhecimento t\u00e9cnico na formula\u00e7\u00e3o e fabrica\u00e7\u00e3o das tintas.<\/p>\n\n\n\n<p>As nossas instala\u00e7\u00f5es s\u00e3o modernas e bem equipadas, mas o edif\u00edcio \u00e9 de 1988, onde chegou a existir uma importante f\u00e1brica de tintas para repintura autom\u00f3vel da Axalta. A f\u00e1brica foi, entretanto, desativada, passando uma parte da produ\u00e7\u00e3o a ser feita em Wuppertal (Alemanha) e, outra parte, em Guntramsdorf (\u00c1ustria). Nestas instala\u00e7\u00f5es cheg\u00e1mos a ter um laborat\u00f3rio de pesquisa, e aqui foram desenvolvidos muitos produtos que contribu\u00edram para a boa reputa\u00e7\u00e3o da Axalta.<\/p>\n\n\n\n<p>Este conhecimento acumulado faz com que existam profissionais a frequentarem as forma\u00e7\u00f5es h\u00e1 mais de 20 anos nesta academia, pois sabem que a qualidade da nossa forma\u00e7\u00e3o \u00e9 de alto n\u00edvel. Ali\u00e1s, um grande trabalho realizado nos \u00faltimos anos foi replicar os standards de Mechelem em toda a regi\u00e3o europeia, para que todos os pa\u00edses tenham os mesmos n\u00edveis elevados de conhecimento.<\/p>\n\n\n<div class=\"wp-block-image\">\n<figure class=\"aligncenter size-large is-resized\"><img decoding=\"async\" width=\"1024\" height=\"683\" src=\"https:\/\/automotiverevista.pt\/wp-content\/uploads\/2026\/01\/IMG_5485-1024x683.jpg\" alt=\"\" class=\"wp-image-11901\" style=\"width:933px;height:auto\" srcset=\"https:\/\/automotiverevista.pt\/wp-content\/uploads\/2026\/01\/IMG_5485-1024x683.jpg 1024w, https:\/\/automotiverevista.pt\/wp-content\/uploads\/2026\/01\/IMG_5485-300x200.jpg 300w, https:\/\/automotiverevista.pt\/wp-content\/uploads\/2026\/01\/IMG_5485-768x512.jpg 768w, https:\/\/automotiverevista.pt\/wp-content\/uploads\/2026\/01\/IMG_5485-750x500.jpg 750w, https:\/\/automotiverevista.pt\/wp-content\/uploads\/2026\/01\/IMG_5485-1140x760.jpg 1140w, https:\/\/automotiverevista.pt\/wp-content\/uploads\/2026\/01\/IMG_5485.jpg 1500w\" sizes=\"(max-width: 1024px) 100vw, 1024px\" \/><\/figure>\n<\/div>\n\n\n<p><strong>Cria\u00e7\u00e3o de novas oportunidades<\/strong><\/p>\n\n\n\n<p>Al\u00e9m da forma\u00e7\u00e3o, realizamos aqui em Mechelem diversos testes aos nossos sistemas de repintura. Quando anunciamos, neste ano de 2025, a parceria com o grupo BMW para sermos a marca de tintas recomendada para repintura autom\u00f3vel, isso exigiu um trabalho de base muito amplo.<\/p>\n\n\n\n<p>Gostaria de destacar que <strong>Mikael Torfs<\/strong> , o nosso t\u00e9cnico de Mechelem teve um papel muito ativa da equipa que desenvolveu as f\u00f3rmulas e realizou todo um processo de testes e valida\u00e7\u00f5es, bem como um extenso caderno de encargos relativamente aos processos de aplica\u00e7\u00e3o, que culminaram neste grande passo que a Axalta deu. Atualmente, as embalagens de tinta para repintura autom\u00f3vel utilizadas pela BMW foram desenvolvidas por nossa equipa, sendo que estas embalagens ostentam a marca BMW.<\/p>\n\n\n\n<p>Ressalto que estas embalagens, transversais \u00e0s marcas premium da Axalta, permitem uma utiliza\u00e7\u00e3o muito mais otimizada das tintas, desde o seu stock, identifica\u00e7\u00e3o, manuseamento e, muito importante, o aproveitamento at\u00e9 \u00e0 \u00faltima gota de tinta do seu interior. Em termos de praticidade e sustentabilidade, est\u00e3o muito evolu\u00eddas face a outras marcas existentes no mercado.<\/p>\n\n\n<div class=\"wp-block-image\">\n<figure class=\"aligncenter size-large is-resized\"><img decoding=\"async\" width=\"1024\" height=\"683\" src=\"https:\/\/automotiverevista.pt\/wp-content\/uploads\/2026\/01\/Mikael-Torfs-4-1024x683.jpg\" alt=\"\" class=\"wp-image-11902\" style=\"width:885px;height:auto\" srcset=\"https:\/\/automotiverevista.pt\/wp-content\/uploads\/2026\/01\/Mikael-Torfs-4-1024x683.jpg 1024w, https:\/\/automotiverevista.pt\/wp-content\/uploads\/2026\/01\/Mikael-Torfs-4-300x200.jpg 300w, https:\/\/automotiverevista.pt\/wp-content\/uploads\/2026\/01\/Mikael-Torfs-4-768x512.jpg 768w, https:\/\/automotiverevista.pt\/wp-content\/uploads\/2026\/01\/Mikael-Torfs-4-750x500.jpg 750w, https:\/\/automotiverevista.pt\/wp-content\/uploads\/2026\/01\/Mikael-Torfs-4-1140x760.jpg 1140w, https:\/\/automotiverevista.pt\/wp-content\/uploads\/2026\/01\/Mikael-Torfs-4.jpg 1500w\" sizes=\"(max-width: 1024px) 100vw, 1024px\" \/><figcaption class=\"wp-element-caption\"> <strong>Mikael Torfs<\/strong><\/figcaption><\/figure>\n<\/div>\n\n\n<p><strong>Evolu\u00e7\u00f5es adaptadas<\/strong><\/p>\n\n\n\n<p>Al\u00e9m do desenvolvimento deste sistema completo para a BMW, a Axalta elabora produtos para cumprir com requisitos de v\u00e1rias marcas premium, como \u00e9 o caso da Mercedes-Benz ou do grupo Volkswagen, onde \u00e9 exigido que a repintura fa\u00e7a o carro retornar ao seu estado original. Existem aprova\u00e7\u00f5es t\u00e9cnicas e comerciais estabelecidas pelas marcas que s\u00e3o muito exigentes nesses requisitos.<\/p>\n\n\n\n<p>Outro exemplo tem sido o desenvolvimento de tintas que s\u00e3o compat\u00edveis com sistemas ADAS, com menos pigmentos de alum\u00ednio nas tintas e que possam interferir o m\u00ednimo com os radares ADAS.<\/p>\n\n\n\n<p><strong>Equipamentos<\/strong><\/p>\n\n\n<div class=\"wp-block-image\">\n<figure class=\"aligncenter size-large is-resized\"><img decoding=\"async\" width=\"1024\" height=\"683\" src=\"https:\/\/automotiverevista.pt\/wp-content\/uploads\/2026\/01\/IMG_5495-1024x683.jpg\" alt=\"\" class=\"wp-image-11903\" style=\"width:877px;height:auto\" srcset=\"https:\/\/automotiverevista.pt\/wp-content\/uploads\/2026\/01\/IMG_5495-1024x683.jpg 1024w, https:\/\/automotiverevista.pt\/wp-content\/uploads\/2026\/01\/IMG_5495-300x200.jpg 300w, https:\/\/automotiverevista.pt\/wp-content\/uploads\/2026\/01\/IMG_5495-768x512.jpg 768w, https:\/\/automotiverevista.pt\/wp-content\/uploads\/2026\/01\/IMG_5495-750x500.jpg 750w, https:\/\/automotiverevista.pt\/wp-content\/uploads\/2026\/01\/IMG_5495-1140x760.jpg 1140w, https:\/\/automotiverevista.pt\/wp-content\/uploads\/2026\/01\/IMG_5495.jpg 1500w\" sizes=\"(max-width: 1024px) 100vw, 1024px\" \/><\/figure>\n<\/div>\n\n\n<p>Na Axalta procuramos ser inovadores nos produtos, mas tamb\u00e9m nos equipamentos. O <strong>Irus Mix<\/strong>, por exemplo, \u00e9 um equipamento capaz de realizar os processos de mistura de forma totalmente automatizada. A sua reposi\u00e7\u00e3o \u00e9 muito simples, pois utilizamos as mesmas embalagens que comercializamos das nossas marcas premium.<\/p>\n\n\n\n<p>Com o Irus Mix, retiramos press\u00e3o do processo e tornamos o trabalho do pintor mais valorizado, podendo focar-se na execu\u00e7\u00e3o, sem desperdi\u00e7ar tempo na prepara\u00e7\u00e3o. Em conjunto com o nosso espectrofot\u00f3metro <strong>Irus Scan<\/strong>, fazemos com que dois processos do ciclo de repintura sejam conectados entre si e automatizadas: a identifica\u00e7\u00e3o da cor e a mistura. O terceiro processo, a repintura do ve\u00edculo, continuar\u00e1 a ser realizado por humanos e \u00e9 focado nele que temos desenvolvido as nossas forma\u00e7\u00f5es.<\/p>\n\n\n\n<p><strong>Adaptabilidade<\/strong><\/p>\n\n\n\n<p>Em conjunto com os nossos elevados standards, temos tamb\u00e9m flexibilidade de adaptar as forma\u00e7\u00f5es aos clientes, sejam eles mais vocacionados para frotas de ligeiros de passageiros, comerciais ligeiros ou at\u00e9 ve\u00edculos pesados.<\/p>\n\n\n\n<p>Temos forma\u00e7\u00f5es locais com base numa calendariza\u00e7\u00e3o anual e, de forma complementar, lan\u00e7\u00e1mos a <strong>Axalta Academy<\/strong> que \u00e9 uma plataforma de forma\u00e7\u00e3o online. Nessa plataforma h\u00e1 a possibilidade de se realizar uma autoforma\u00e7\u00e3o (<em>self training<\/em>) que s\u00e3o cursos interativos online, com os mesmos conte\u00fados das forma\u00e7\u00f5es presenciais, onde os gestores ou t\u00e9cnicos podem realizar consoante a sua disponibilidade.<\/p>\n\n\n\n<p>Na Axalta Academy tamb\u00e9m \u00e9 poss\u00edvel realizar forma\u00e7\u00f5es online \u00e0 medida dos clientes. Por exemplo, para uma determinada oficina que utiliza muitas tintas mate, vamos elaborar uma forma\u00e7\u00e3o espec\u00edfica para esse tipo de tintas, com as melhores pr\u00e1ticas, t\u00e9cnicas e gest\u00e3o dos processos de repintura. H\u00e1 cerca de 2 anos, realiz\u00e1mos um importante investimento num est\u00fadio de filmagem e emiss\u00e3o, para apresentamos de forma mais c\u00e9lere os novos produtos das marcas da Axalta aos nossos distribuidores e parceiros.<\/p>\n\n\n\n<p><strong>Combate \u00e0 desinforma\u00e7\u00e3o<\/strong><\/p>\n\n\n<div class=\"wp-block-image\">\n<figure class=\"aligncenter size-large is-resized\"><img decoding=\"async\" width=\"1024\" height=\"683\" src=\"https:\/\/automotiverevista.pt\/wp-content\/uploads\/2026\/01\/IMG_5474-1024x683.jpg\" alt=\"\" class=\"wp-image-11904\" style=\"aspect-ratio:1.4993035329872104;width:864px;height:auto\" srcset=\"https:\/\/automotiverevista.pt\/wp-content\/uploads\/2026\/01\/IMG_5474-1024x683.jpg 1024w, https:\/\/automotiverevista.pt\/wp-content\/uploads\/2026\/01\/IMG_5474-300x200.jpg 300w, https:\/\/automotiverevista.pt\/wp-content\/uploads\/2026\/01\/IMG_5474-768x512.jpg 768w, https:\/\/automotiverevista.pt\/wp-content\/uploads\/2026\/01\/IMG_5474-750x500.jpg 750w, https:\/\/automotiverevista.pt\/wp-content\/uploads\/2026\/01\/IMG_5474-1140x760.jpg 1140w, https:\/\/automotiverevista.pt\/wp-content\/uploads\/2026\/01\/IMG_5474.jpg 1500w\" sizes=\"(max-width: 1024px) 100vw, 1024px\" \/><\/figure>\n<\/div>\n\n\n<p>Nos \u00faltimos anos temos vindo a constatar uma prolifera\u00e7\u00e3o de conte\u00fados na internet, sobretudo de v\u00eddeos no setor da repintura, realizados por pessoas que n\u00e3o transmitem as melhores pr\u00e1ticas e, por isso, t\u00eam levado muitas oficinas ao engano. Isso deve ser combatido com conte\u00fados oficiais, onde n\u00f3s sabemos porque determinadas tintas foram desenvolvidas com certas formula\u00e7\u00f5es e para que tipologia de aplica\u00e7\u00f5es. Isto para n\u00e3o falar dos equipamentos e processos envolvidos, que devem estar em harmonia com os padr\u00f5es de qualidade da Axalta.<\/p>\n\n\n\n<p>Em termos ambientais, temos vindo a diminuir a pegada carb\u00f3nica atrav\u00e9s da utiliza\u00e7\u00e3o das plataformas online, para determinadas \u00e1reas do conhecimento, sabendo, contudo, que a forma\u00e7\u00e3o presencial neste setor \u00e9 absolutamente essencial. Esta \u00e9 uma \u00e1rea de grande tecnicidade, que exige muito da capacidade f\u00edsica dos pintores e tamb\u00e9m das suas avalia\u00e7\u00f5es das cores em contexto real.<\/p>\n\n\n\n<p>\u00c9 um setor visual que n\u00e3o pode ser substitu\u00eddo por ecr\u00e3s, onde as condi\u00e7\u00f5es dos locais contam muito no resultado dos trabalhos. Ali\u00e1s, a repintura representa cerca de 3% de todas as repara\u00e7\u00f5es autom\u00f3veis, no entanto, \u00e9 a mais vis\u00edvel para a maioria dos clientes.<\/p>\n\n\n<div class=\"wp-block-image\">\n<figure class=\"aligncenter size-large is-resized\"><img decoding=\"async\" width=\"1500\" height=\"843\" src=\"https:\/\/automotiverevista.pt\/wp-content\/uploads\/2026\/01\/IMG_5512-edited.jpg\" alt=\"\" class=\"wp-image-11908\" style=\"width:780px;height:auto\" srcset=\"https:\/\/automotiverevista.pt\/wp-content\/uploads\/2026\/01\/IMG_5512-edited.jpg 1500w, https:\/\/automotiverevista.pt\/wp-content\/uploads\/2026\/01\/IMG_5512-edited-300x169.jpg 300w, https:\/\/automotiverevista.pt\/wp-content\/uploads\/2026\/01\/IMG_5512-edited-1024x575.jpg 1024w, https:\/\/automotiverevista.pt\/wp-content\/uploads\/2026\/01\/IMG_5512-edited-768x432.jpg 768w, https:\/\/automotiverevista.pt\/wp-content\/uploads\/2026\/01\/IMG_5512-edited-750x422.jpg 750w, https:\/\/automotiverevista.pt\/wp-content\/uploads\/2026\/01\/IMG_5512-edited-1140x641.jpg 1140w\" sizes=\"(max-width: 1500px) 100vw, 1500px\" \/><\/figure>\n<\/div>\n\n\n<p><strong>Profiss\u00e3o exigente, mas motivadora<\/strong><\/p>\n\n\n\n<p>A \u00e1rea da repintura autom\u00f3vel \u00e9 exigente porque tem de combinar uma caracter\u00edstica anal\u00edtica e processual, com uma parte art\u00edstica muito forte, algo que \u00e9 \u00fanico no setor da repara\u00e7\u00e3o autom\u00f3vel. As escolas de forma\u00e7\u00e3o profissional, cada vez mais escassas, t\u00eam enfrentado muitas dificuldades em acompanhar o ritmo de inova\u00e7\u00f5es que o setor tem implementado, resultando numa m\u00e3o de obra pouco qualificada para lidar com os contextos atuais.<\/p>\n\n\n\n<p>Claro que nem tudo est\u00e1 nas escolas, tamb\u00e9m est\u00e1 nos outros intervenientes deste setor, onde sei, por experi\u00eancia, que a vontade de fazer bem feito e o conhecimento, superam muitos obst\u00e1culos. Tamb\u00e9m de nada vale existirem escolas ultramodernas, quando n\u00e3o h\u00e1 uma vontade conjunta de se progredir na profiss\u00e3o.<\/p>\n\n\n\n<p>Gostaria de finalizar com um caso exemplificativo: temos um cliente que investiu na forma\u00e7\u00e3o de uma pessoa apaixonada por carros, inicialmente padeiro de profiss\u00e3o, mas sem quaisquer conhecimentos de mec\u00e2nica ou de repintura autom\u00f3vel. Recebemos essa pessoa que demonstrou uma enorme vontade de aprender e de trabalhar na repintura autom\u00f3vel. Dedicou-se tanto, que n\u00e3o s\u00f3 conseguiu progredir nesta nova profiss\u00e3o, como atualmente est\u00e1 posicionado entre os melhores pintores a n\u00edvel europeu\u201d, concluiu Koen Silverans.<\/p>\n\n\n<div class=\"wp-block-image\">\n<figure class=\"aligncenter size-large is-resized\"><img decoding=\"async\" width=\"1500\" height=\"843\" src=\"https:\/\/automotiverevista.pt\/wp-content\/uploads\/2026\/01\/IMG_5510-edited.jpg\" alt=\"\" class=\"wp-image-11909\" style=\"width:816px;height:auto\" srcset=\"https:\/\/automotiverevista.pt\/wp-content\/uploads\/2026\/01\/IMG_5510-edited.jpg 1500w, https:\/\/automotiverevista.pt\/wp-content\/uploads\/2026\/01\/IMG_5510-edited-300x169.jpg 300w, https:\/\/automotiverevista.pt\/wp-content\/uploads\/2026\/01\/IMG_5510-edited-1024x575.jpg 1024w, https:\/\/automotiverevista.pt\/wp-content\/uploads\/2026\/01\/IMG_5510-edited-768x432.jpg 768w, https:\/\/automotiverevista.pt\/wp-content\/uploads\/2026\/01\/IMG_5510-edited-750x422.jpg 750w, https:\/\/automotiverevista.pt\/wp-content\/uploads\/2026\/01\/IMG_5510-edited-1140x641.jpg 1140w\" sizes=\"(max-width: 1500px) 100vw, 1500px\" \/><\/figure>\n<\/div>","protected":false},"excerpt":{"rendered":"<p>Enquanto a Axalta e a AkzoNobel estavam a negociar a sua fus\u00e3o, a Revista Automotive estava em Mechelem (B\u00e9lgica) para conhecer a Academia de Repintura da Axalta, a refer\u00eancia em termos de forma\u00e7\u00e3o na Europa para o grupo Axalta. Koen Silverans, EMEA Premium Product Manager da Axalta, explicou-nos na altura a import\u00e2ncia e abrang\u00eancia das [&hellip;]<\/p>\n","protected":false},"author":4,"featured_media":11898,"comment_status":"closed","ping_status":"open","sticky":false,"template":"","format":"standard","meta":{"jnews-multi-image_gallery":[],"jnews_single_post":{"format":"standard"},"jnews_primary_category":[],"footnotes":""},"categories":[21],"tags":[],"class_list":["post-11897","post","type-post","status-publish","format-standard","has-post-thumbnail","hentry","category-pos-venda"],"yoast_head":"<!-- This site is optimized with the Yoast SEO Premium plugin v27.2 (Yoast SEO v27.5) - https:\/\/yoast.com\/product\/yoast-seo-premium-wordpress\/ -->\n<title>Axalta Mechelem \u2013 o basti\u00e3o do conhecimento na repintura autom\u00f3vel - Revista Automotive<\/title>\n<meta name=\"description\" content=\"Enquanto a Axalta e a AkzoNobel estavam a negociar a sua fus\u00e3o, a Revista Automotive estava em Mechelem (B\u00e9lgica) para conhecer a Academia de\" \/>\n<meta name=\"robots\" content=\"index, follow, max-snippet:-1, max-image-preview:large, max-video-preview:-1\" \/>\n<link rel=\"canonical\" href=\"https:\/\/automotiverevista.pt\/index.php\/2026\/01\/09\/axalta-mechelem-o-bastiao-do-conhecimento-na-repintura-automovel\/\" \/>\n<meta property=\"og:locale\" content=\"pt_PT\" \/>\n<meta property=\"og:type\" content=\"article\" \/>\n<meta property=\"og:title\" content=\"Axalta Mechelem \u2013 o basti\u00e3o do conhecimento na repintura autom\u00f3vel\" \/>\n<meta property=\"og:description\" content=\"Enquanto a Axalta e a AkzoNobel estavam a negociar a sua fus\u00e3o, a Revista Automotive estava em Mechelem (B\u00e9lgica) para conhecer a Academia de\" \/>\n<meta property=\"og:url\" content=\"https:\/\/automotiverevista.pt\/index.php\/2026\/01\/09\/axalta-mechelem-o-bastiao-do-conhecimento-na-repintura-automovel\/\" \/>\n<meta property=\"og:site_name\" content=\"Revista Automotive\" \/>\n<meta property=\"article:published_time\" content=\"2026-01-09T14:25:00+00:00\" \/>\n<meta property=\"og:image\" content=\"https:\/\/automotiverevista.pt\/wp-content\/uploads\/2026\/01\/IMG_5500.jpg\" \/>\n\t<meta property=\"og:image:width\" content=\"1500\" \/>\n\t<meta property=\"og:image:height\" content=\"1000\" \/>\n\t<meta property=\"og:image:type\" content=\"image\/jpeg\" \/>\n<meta name=\"author\" content=\"Fatima Silva\" \/>\n<meta name=\"twitter:card\" content=\"summary_large_image\" \/>\n<meta name=\"twitter:label1\" content=\"Escrito por\" \/>\n\t<meta name=\"twitter:data1\" content=\"Fatima Silva\" \/>\n\t<meta name=\"twitter:label2\" content=\"Tempo estimado de leitura\" \/>\n\t<meta name=\"twitter:data2\" content=\"9 minutos\" \/>\n<script type=\"application\/ld+json\" class=\"yoast-schema-graph\">{\"@context\":\"https:\\\/\\\/schema.org\",\"@graph\":[{\"@type\":\"Article\",\"@id\":\"https:\\\/\\\/automotiverevista.pt\\\/index.php\\\/2026\\\/01\\\/09\\\/axalta-mechelem-o-bastiao-do-conhecimento-na-repintura-automovel\\\/#article\",\"isPartOf\":{\"@id\":\"https:\\\/\\\/automotiverevista.pt\\\/index.php\\\/2026\\\/01\\\/09\\\/axalta-mechelem-o-bastiao-do-conhecimento-na-repintura-automovel\\\/\"},\"author\":{\"name\":\"Fatima Silva\",\"@id\":\"https:\\\/\\\/automotiverevista.pt\\\/#\\\/schema\\\/person\\\/1e95eb12553b8edd256acb00fe6dad4b\"},\"headline\":\"Axalta Mechelem \u2013 o basti\u00e3o do conhecimento na repintura autom\u00f3vel\",\"datePublished\":\"2026-01-09T14:25:00+00:00\",\"mainEntityOfPage\":{\"@id\":\"https:\\\/\\\/automotiverevista.pt\\\/index.php\\\/2026\\\/01\\\/09\\\/axalta-mechelem-o-bastiao-do-conhecimento-na-repintura-automovel\\\/\"},\"wordCount\":1430,\"publisher\":{\"@id\":\"https:\\\/\\\/automotiverevista.pt\\\/#organization\"},\"image\":{\"@id\":\"https:\\\/\\\/automotiverevista.pt\\\/index.php\\\/2026\\\/01\\\/09\\\/axalta-mechelem-o-bastiao-do-conhecimento-na-repintura-automovel\\\/#primaryimage\"},\"thumbnailUrl\":\"https:\\\/\\\/automotiverevista.pt\\\/wp-content\\\/uploads\\\/2026\\\/01\\\/IMG_5500.jpg\",\"articleSection\":[\"P\u00f3s-Venda\"],\"inLanguage\":\"pt-PT\"},{\"@type\":\"WebPage\",\"@id\":\"https:\\\/\\\/automotiverevista.pt\\\/index.php\\\/2026\\\/01\\\/09\\\/axalta-mechelem-o-bastiao-do-conhecimento-na-repintura-automovel\\\/\",\"url\":\"https:\\\/\\\/automotiverevista.pt\\\/index.php\\\/2026\\\/01\\\/09\\\/axalta-mechelem-o-bastiao-do-conhecimento-na-repintura-automovel\\\/\",\"name\":\"Axalta Mechelem \u2013 o basti\u00e3o do conhecimento na repintura autom\u00f3vel - Revista Automotive\",\"isPartOf\":{\"@id\":\"https:\\\/\\\/automotiverevista.pt\\\/#website\"},\"primaryImageOfPage\":{\"@id\":\"https:\\\/\\\/automotiverevista.pt\\\/index.php\\\/2026\\\/01\\\/09\\\/axalta-mechelem-o-bastiao-do-conhecimento-na-repintura-automovel\\\/#primaryimage\"},\"image\":{\"@id\":\"https:\\\/\\\/automotiverevista.pt\\\/index.php\\\/2026\\\/01\\\/09\\\/axalta-mechelem-o-bastiao-do-conhecimento-na-repintura-automovel\\\/#primaryimage\"},\"thumbnailUrl\":\"https:\\\/\\\/automotiverevista.pt\\\/wp-content\\\/uploads\\\/2026\\\/01\\\/IMG_5500.jpg\",\"datePublished\":\"2026-01-09T14:25:00+00:00\",\"description\":\"Enquanto a Axalta e a AkzoNobel estavam a negociar a sua fus\u00e3o, a Revista Automotive estava em Mechelem (B\u00e9lgica) para conhecer a Academia de\",\"breadcrumb\":{\"@id\":\"https:\\\/\\\/automotiverevista.pt\\\/index.php\\\/2026\\\/01\\\/09\\\/axalta-mechelem-o-bastiao-do-conhecimento-na-repintura-automovel\\\/#breadcrumb\"},\"inLanguage\":\"pt-PT\",\"potentialAction\":[{\"@type\":\"ReadAction\",\"target\":[\"https:\\\/\\\/automotiverevista.pt\\\/index.php\\\/2026\\\/01\\\/09\\\/axalta-mechelem-o-bastiao-do-conhecimento-na-repintura-automovel\\\/\"]}]},{\"@type\":\"ImageObject\",\"inLanguage\":\"pt-PT\",\"@id\":\"https:\\\/\\\/automotiverevista.pt\\\/index.php\\\/2026\\\/01\\\/09\\\/axalta-mechelem-o-bastiao-do-conhecimento-na-repintura-automovel\\\/#primaryimage\",\"url\":\"https:\\\/\\\/automotiverevista.pt\\\/wp-content\\\/uploads\\\/2026\\\/01\\\/IMG_5500.jpg\",\"contentUrl\":\"https:\\\/\\\/automotiverevista.pt\\\/wp-content\\\/uploads\\\/2026\\\/01\\\/IMG_5500.jpg\",\"width\":1500,\"height\":1000},{\"@type\":\"BreadcrumbList\",\"@id\":\"https:\\\/\\\/automotiverevista.pt\\\/index.php\\\/2026\\\/01\\\/09\\\/axalta-mechelem-o-bastiao-do-conhecimento-na-repintura-automovel\\\/#breadcrumb\",\"itemListElement\":[{\"@type\":\"ListItem\",\"position\":1,\"name\":\"Home\",\"item\":\"https:\\\/\\\/automotiverevista.pt\\\/\"},{\"@type\":\"ListItem\",\"position\":2,\"name\":\"Axalta Mechelem \u2013 o basti\u00e3o do conhecimento na repintura autom\u00f3vel\"}]},{\"@type\":\"WebSite\",\"@id\":\"https:\\\/\\\/automotiverevista.pt\\\/#website\",\"url\":\"https:\\\/\\\/automotiverevista.pt\\\/\",\"name\":\"Revista Automotive\",\"description\":\"Revista Automotive Portugal\",\"publisher\":{\"@id\":\"https:\\\/\\\/automotiverevista.pt\\\/#organization\"},\"potentialAction\":[{\"@type\":\"SearchAction\",\"target\":{\"@type\":\"EntryPoint\",\"urlTemplate\":\"https:\\\/\\\/automotiverevista.pt\\\/?s={search_term_string}\"},\"query-input\":{\"@type\":\"PropertyValueSpecification\",\"valueRequired\":true,\"valueName\":\"search_term_string\"}}],\"inLanguage\":\"pt-PT\"},{\"@type\":\"Organization\",\"@id\":\"https:\\\/\\\/automotiverevista.pt\\\/#organization\",\"name\":\"Revista Automotive Portugal\",\"url\":\"https:\\\/\\\/automotiverevista.pt\\\/\",\"logo\":{\"@type\":\"ImageObject\",\"inLanguage\":\"pt-PT\",\"@id\":\"https:\\\/\\\/automotiverevista.pt\\\/#\\\/schema\\\/logo\\\/image\\\/\",\"url\":\"https:\\\/\\\/automotiverevista.pt\\\/wp-content\\\/uploads\\\/2022\\\/07\\\/Logo-Automotive-2021_500-1.jpg\",\"contentUrl\":\"https:\\\/\\\/automotiverevista.pt\\\/wp-content\\\/uploads\\\/2022\\\/07\\\/Logo-Automotive-2021_500-1.jpg\",\"width\":500,\"height\":160,\"caption\":\"Revista Automotive Portugal\"},\"image\":{\"@id\":\"https:\\\/\\\/automotiverevista.pt\\\/#\\\/schema\\\/logo\\\/image\\\/\"},\"sameAs\":[\"https:\\\/\\\/linkedin.com\\\/in\\\/automotiverevista\"]},{\"@type\":\"Person\",\"@id\":\"https:\\\/\\\/automotiverevista.pt\\\/#\\\/schema\\\/person\\\/1e95eb12553b8edd256acb00fe6dad4b\",\"name\":\"Fatima Silva\",\"image\":{\"@type\":\"ImageObject\",\"inLanguage\":\"pt-PT\",\"@id\":\"https:\\\/\\\/secure.gravatar.com\\\/avatar\\\/4b4a955a9c1b66708ab0dd3bd6181ac1f650299d893bd337a28482f7f19c8511?s=96&d=mm&r=g\",\"url\":\"https:\\\/\\\/secure.gravatar.com\\\/avatar\\\/4b4a955a9c1b66708ab0dd3bd6181ac1f650299d893bd337a28482f7f19c8511?s=96&d=mm&r=g\",\"contentUrl\":\"https:\\\/\\\/secure.gravatar.com\\\/avatar\\\/4b4a955a9c1b66708ab0dd3bd6181ac1f650299d893bd337a28482f7f19c8511?s=96&d=mm&r=g\",\"caption\":\"Fatima Silva\"},\"url\":\"https:\\\/\\\/automotiverevista.pt\\\/index.php\\\/author\\\/fgasparsilva\\\/\"}]}<\/script>\n<!-- \/ Yoast SEO Premium plugin. -->","yoast_head_json":{"title":"Axalta Mechelem \u2013 o basti\u00e3o do conhecimento na repintura autom\u00f3vel - Revista Automotive","description":"Enquanto a Axalta e a AkzoNobel estavam a negociar a sua fus\u00e3o, a Revista Automotive estava em Mechelem (B\u00e9lgica) para conhecer a Academia de","robots":{"index":"index","follow":"follow","max-snippet":"max-snippet:-1","max-image-preview":"max-image-preview:large","max-video-preview":"max-video-preview:-1"},"canonical":"https:\/\/automotiverevista.pt\/index.php\/2026\/01\/09\/axalta-mechelem-o-bastiao-do-conhecimento-na-repintura-automovel\/","og_locale":"pt_PT","og_type":"article","og_title":"Axalta Mechelem \u2013 o basti\u00e3o do conhecimento na repintura autom\u00f3vel","og_description":"Enquanto a Axalta e a AkzoNobel estavam a negociar a sua fus\u00e3o, a Revista Automotive estava em Mechelem (B\u00e9lgica) para conhecer a Academia de","og_url":"https:\/\/automotiverevista.pt\/index.php\/2026\/01\/09\/axalta-mechelem-o-bastiao-do-conhecimento-na-repintura-automovel\/","og_site_name":"Revista Automotive","article_published_time":"2026-01-09T14:25:00+00:00","og_image":[{"width":1500,"height":1000,"url":"https:\/\/automotiverevista.pt\/wp-content\/uploads\/2026\/01\/IMG_5500.jpg","type":"image\/jpeg"}],"author":"Fatima Silva","twitter_card":"summary_large_image","twitter_misc":{"Escrito por":"Fatima Silva","Tempo estimado de leitura":"9 minutos"},"schema":{"@context":"https:\/\/schema.org","@graph":[{"@type":"Article","@id":"https:\/\/automotiverevista.pt\/index.php\/2026\/01\/09\/axalta-mechelem-o-bastiao-do-conhecimento-na-repintura-automovel\/#article","isPartOf":{"@id":"https:\/\/automotiverevista.pt\/index.php\/2026\/01\/09\/axalta-mechelem-o-bastiao-do-conhecimento-na-repintura-automovel\/"},"author":{"name":"Fatima Silva","@id":"https:\/\/automotiverevista.pt\/#\/schema\/person\/1e95eb12553b8edd256acb00fe6dad4b"},"headline":"Axalta Mechelem \u2013 o basti\u00e3o do conhecimento na repintura autom\u00f3vel","datePublished":"2026-01-09T14:25:00+00:00","mainEntityOfPage":{"@id":"https:\/\/automotiverevista.pt\/index.php\/2026\/01\/09\/axalta-mechelem-o-bastiao-do-conhecimento-na-repintura-automovel\/"},"wordCount":1430,"publisher":{"@id":"https:\/\/automotiverevista.pt\/#organization"},"image":{"@id":"https:\/\/automotiverevista.pt\/index.php\/2026\/01\/09\/axalta-mechelem-o-bastiao-do-conhecimento-na-repintura-automovel\/#primaryimage"},"thumbnailUrl":"https:\/\/automotiverevista.pt\/wp-content\/uploads\/2026\/01\/IMG_5500.jpg","articleSection":["P\u00f3s-Venda"],"inLanguage":"pt-PT"},{"@type":"WebPage","@id":"https:\/\/automotiverevista.pt\/index.php\/2026\/01\/09\/axalta-mechelem-o-bastiao-do-conhecimento-na-repintura-automovel\/","url":"https:\/\/automotiverevista.pt\/index.php\/2026\/01\/09\/axalta-mechelem-o-bastiao-do-conhecimento-na-repintura-automovel\/","name":"Axalta Mechelem \u2013 o basti\u00e3o do conhecimento na repintura autom\u00f3vel - Revista Automotive","isPartOf":{"@id":"https:\/\/automotiverevista.pt\/#website"},"primaryImageOfPage":{"@id":"https:\/\/automotiverevista.pt\/index.php\/2026\/01\/09\/axalta-mechelem-o-bastiao-do-conhecimento-na-repintura-automovel\/#primaryimage"},"image":{"@id":"https:\/\/automotiverevista.pt\/index.php\/2026\/01\/09\/axalta-mechelem-o-bastiao-do-conhecimento-na-repintura-automovel\/#primaryimage"},"thumbnailUrl":"https:\/\/automotiverevista.pt\/wp-content\/uploads\/2026\/01\/IMG_5500.jpg","datePublished":"2026-01-09T14:25:00+00:00","description":"Enquanto a Axalta e a AkzoNobel estavam a negociar a sua fus\u00e3o, a Revista Automotive estava em Mechelem (B\u00e9lgica) para conhecer a Academia de","breadcrumb":{"@id":"https:\/\/automotiverevista.pt\/index.php\/2026\/01\/09\/axalta-mechelem-o-bastiao-do-conhecimento-na-repintura-automovel\/#breadcrumb"},"inLanguage":"pt-PT","potentialAction":[{"@type":"ReadAction","target":["https:\/\/automotiverevista.pt\/index.php\/2026\/01\/09\/axalta-mechelem-o-bastiao-do-conhecimento-na-repintura-automovel\/"]}]},{"@type":"ImageObject","inLanguage":"pt-PT","@id":"https:\/\/automotiverevista.pt\/index.php\/2026\/01\/09\/axalta-mechelem-o-bastiao-do-conhecimento-na-repintura-automovel\/#primaryimage","url":"https:\/\/automotiverevista.pt\/wp-content\/uploads\/2026\/01\/IMG_5500.jpg","contentUrl":"https:\/\/automotiverevista.pt\/wp-content\/uploads\/2026\/01\/IMG_5500.jpg","width":1500,"height":1000},{"@type":"BreadcrumbList","@id":"https:\/\/automotiverevista.pt\/index.php\/2026\/01\/09\/axalta-mechelem-o-bastiao-do-conhecimento-na-repintura-automovel\/#breadcrumb","itemListElement":[{"@type":"ListItem","position":1,"name":"Home","item":"https:\/\/automotiverevista.pt\/"},{"@type":"ListItem","position":2,"name":"Axalta Mechelem \u2013 o basti\u00e3o do conhecimento na repintura autom\u00f3vel"}]},{"@type":"WebSite","@id":"https:\/\/automotiverevista.pt\/#website","url":"https:\/\/automotiverevista.pt\/","name":"Revista Automotive","description":"Revista Automotive Portugal","publisher":{"@id":"https:\/\/automotiverevista.pt\/#organization"},"potentialAction":[{"@type":"SearchAction","target":{"@type":"EntryPoint","urlTemplate":"https:\/\/automotiverevista.pt\/?s={search_term_string}"},"query-input":{"@type":"PropertyValueSpecification","valueRequired":true,"valueName":"search_term_string"}}],"inLanguage":"pt-PT"},{"@type":"Organization","@id":"https:\/\/automotiverevista.pt\/#organization","name":"Revista Automotive Portugal","url":"https:\/\/automotiverevista.pt\/","logo":{"@type":"ImageObject","inLanguage":"pt-PT","@id":"https:\/\/automotiverevista.pt\/#\/schema\/logo\/image\/","url":"https:\/\/automotiverevista.pt\/wp-content\/uploads\/2022\/07\/Logo-Automotive-2021_500-1.jpg","contentUrl":"https:\/\/automotiverevista.pt\/wp-content\/uploads\/2022\/07\/Logo-Automotive-2021_500-1.jpg","width":500,"height":160,"caption":"Revista Automotive Portugal"},"image":{"@id":"https:\/\/automotiverevista.pt\/#\/schema\/logo\/image\/"},"sameAs":["https:\/\/linkedin.com\/in\/automotiverevista"]},{"@type":"Person","@id":"https:\/\/automotiverevista.pt\/#\/schema\/person\/1e95eb12553b8edd256acb00fe6dad4b","name":"Fatima Silva","image":{"@type":"ImageObject","inLanguage":"pt-PT","@id":"https:\/\/secure.gravatar.com\/avatar\/4b4a955a9c1b66708ab0dd3bd6181ac1f650299d893bd337a28482f7f19c8511?s=96&d=mm&r=g","url":"https:\/\/secure.gravatar.com\/avatar\/4b4a955a9c1b66708ab0dd3bd6181ac1f650299d893bd337a28482f7f19c8511?s=96&d=mm&r=g","contentUrl":"https:\/\/secure.gravatar.com\/avatar\/4b4a955a9c1b66708ab0dd3bd6181ac1f650299d893bd337a28482f7f19c8511?s=96&d=mm&r=g","caption":"Fatima Silva"},"url":"https:\/\/automotiverevista.pt\/index.php\/author\/fgasparsilva\/"}]}},"_links":{"self":[{"href":"https:\/\/automotiverevista.pt\/index.php\/wp-json\/wp\/v2\/posts\/11897","targetHints":{"allow":["GET"]}}],"collection":[{"href":"https:\/\/automotiverevista.pt\/index.php\/wp-json\/wp\/v2\/posts"}],"about":[{"href":"https:\/\/automotiverevista.pt\/index.php\/wp-json\/wp\/v2\/types\/post"}],"author":[{"embeddable":true,"href":"https:\/\/automotiverevista.pt\/index.php\/wp-json\/wp\/v2\/users\/4"}],"replies":[{"embeddable":true,"href":"https:\/\/automotiverevista.pt\/index.php\/wp-json\/wp\/v2\/comments?post=11897"}],"version-history":[{"count":2,"href":"https:\/\/automotiverevista.pt\/index.php\/wp-json\/wp\/v2\/posts\/11897\/revisions"}],"predecessor-version":[{"id":11910,"href":"https:\/\/automotiverevista.pt\/index.php\/wp-json\/wp\/v2\/posts\/11897\/revisions\/11910"}],"wp:featuredmedia":[{"embeddable":true,"href":"https:\/\/automotiverevista.pt\/index.php\/wp-json\/wp\/v2\/media\/11898"}],"wp:attachment":[{"href":"https:\/\/automotiverevista.pt\/index.php\/wp-json\/wp\/v2\/media?parent=11897"}],"wp:term":[{"taxonomy":"category","embeddable":true,"href":"https:\/\/automotiverevista.pt\/index.php\/wp-json\/wp\/v2\/categories?post=11897"},{"taxonomy":"post_tag","embeddable":true,"href":"https:\/\/automotiverevista.pt\/index.php\/wp-json\/wp\/v2\/tags?post=11897"}],"curies":[{"name":"wp","href":"https:\/\/api.w.org\/{rel}","templated":true}]}}