{"id":11955,"date":"2026-01-07T06:38:00","date_gmt":"2026-01-07T06:38:00","guid":{"rendered":"https:\/\/automotiverevista.pt\/?p=11955"},"modified":"2026-01-06T20:56:48","modified_gmt":"2026-01-06T20:56:48","slug":"kumho-tire-nova-fabrica-europeia-sera-na-polonia","status":"publish","type":"post","link":"https:\/\/automotiverevista.pt\/index.php\/2026\/01\/07\/kumho-tire-nova-fabrica-europeia-sera-na-polonia\/","title":{"rendered":"Kumho Tire \u2013 nova f\u00e1brica europeia ser\u00e1 na Pol\u00f3nia"},"content":{"rendered":"\n<p>A f\u00e1brica, localizada na cidade polaca de Opole, ser\u00e1 o primeiro centro de produ\u00e7\u00e3o europeu da Kumho e ter\u00e1 uma capacidade anual de seis milh\u00f5es de pneus quando iniciar as suas opera\u00e7\u00f5es, prevista para 2028. A nova unidade contribuir\u00e1 para a expans\u00e3o das vendas da empresa na Europa, refor\u00e7ar\u00e1 a competitividade dos produtos e consolidar\u00e1 a sua imagem de marca premium.<\/p>\n\n\n\n<p>Este futuro centro de produ\u00e7\u00e3o europeu da empresa em Opole tem in\u00edcio previsto para agosto de 2028, sujeito \u00e0 aprova\u00e7\u00e3o de investimentos e regulamentos. Na sua primeira fase, ter\u00e1 uma capacidade de produ\u00e7\u00e3o anual de seis milh\u00f5es de pneus, com expans\u00f5es graduais baseadas na procura do mercado. O investimento total est\u00e1 avaliado em 587 milh\u00f5es de d\u00f3lares.<\/p>\n\n\n\n<p><strong>Vantagens log\u00edsticas<\/strong><\/p>\n\n\n<div class=\"wp-block-image\">\n<figure class=\"alignleft size-large is-resized\"><img decoding=\"async\" width=\"1024\" height=\"683\" src=\"https:\/\/automotiverevista.pt\/wp-content\/uploads\/2026\/01\/IMG_4688-1024x683.jpg\" alt=\"\" class=\"wp-image-11958\" style=\"aspect-ratio:1.4992738523710298;width:486px;height:auto\" srcset=\"https:\/\/automotiverevista.pt\/wp-content\/uploads\/2026\/01\/IMG_4688-1024x683.jpg 1024w, https:\/\/automotiverevista.pt\/wp-content\/uploads\/2026\/01\/IMG_4688-300x200.jpg 300w, https:\/\/automotiverevista.pt\/wp-content\/uploads\/2026\/01\/IMG_4688-768x512.jpg 768w, https:\/\/automotiverevista.pt\/wp-content\/uploads\/2026\/01\/IMG_4688-750x500.jpg 750w, https:\/\/automotiverevista.pt\/wp-content\/uploads\/2026\/01\/IMG_4688-1140x760.jpg 1140w, https:\/\/automotiverevista.pt\/wp-content\/uploads\/2026\/01\/IMG_4688.jpg 1500w\" sizes=\"(max-width: 1024px) 100vw, 1024px\" \/><\/figure>\n<\/div>\n\n\n<p>Antes de escolher Opole, a Kumho considerou v\u00e1rios pa\u00edses europeus como poss\u00edveis locais para a nova f\u00e1brica (incluindo Portugal), avaliando fatores como a adequa\u00e7\u00e3o do local, o potencial de crescimento das vendas, a estabilidade do investimento, a rentabilidade e os incentivos dispon\u00edveis. Ap\u00f3s uma an\u00e1lise minuciosa das duas regi\u00f5es finalistas, a empresa optou por Opole devido \u00e0s suas vantagens log\u00edsticas, m\u00e3o-de-obra qualificada, infraestruturas competitivas, acesso est\u00e1vel ao mercado europeu e aos atrativos incentivos oferecidos pelo governo polaco.<\/p>\n\n\n\n<p>Com aproximadamente 25% do consumo global de pneus, a Europa representa um mercado de grande import\u00e2ncia estrat\u00e9gica para a Kumho, dado que as vendas europeias representaram cerca de 26,6% da sua receita total em 2024. Ao estabelecer um centro de produ\u00e7\u00e3o no continente, a Kumho ir\u00e1 garantir uma base s\u00f3lida para a expans\u00e3o das vendas, ao mesmo tempo que ir\u00e1 refor\u00e7ar o seu portef\u00f3lio de produtos de alto valor acrescentado (HVP), incluindo pneus de alto desempenho e de grande porte. A empresa espera que esta iniciativa impulsione tanto a rentabilidade como o valor da marca.<\/p>\n\n\n\n<p><strong>Import\u00e2ncia europeia<\/strong><\/p>\n\n\n\n<p>Al\u00e9m disso, a Europa representa cerca de 17% do mercado global de pneus para equipamento original (OE) e alberga importantes fabricantes de ve\u00edculos de luxo. At\u00e9 ent\u00e3o, a aus\u00eancia de uma f\u00e1brica na Europa limitava a estabilidade do fornecimento e a competitividade da Kumho Tire em termos de prazos de entrega. Com a entrada em funcionamento, a empresa espera que a nova unidade melhore significativamente a sua capacidade de resposta no mercado de equipamento original e gere novas oportunidades de colabora\u00e7\u00e3o com as principais marcas autom\u00f3veis.<\/p>\n\n\n\n<p>\u201cO mercado europeu tem uma enorme import\u00e2ncia estrat\u00e9gica na ind\u00fastria global de pneus\u201d, declarou <strong>Jung Il-Taik<\/strong>, presidente e CEO da Kumho Tire. \u201cAo estabelecer capacidades de produ\u00e7\u00e3o e fornecimento locais na Europa, a Kumho Tire ir\u00e1 refor\u00e7ar a sua competitividade no mercado, a sua capacidade de resposta local e a sua capacidade de atrair os fabricantes de ve\u00edculos europeus com a qualidade de produto pela qual a marca \u00e9 reconhecida\u201d, destacou.<\/p>\n\n\n\n<p>De referir que a Kumho Ib\u00e9rica foi recentemente distinguida pela Revista Automotive com o <strong>Pr\u00e9mio Valor<\/strong>, no \u00e2mbito da atribui\u00e7\u00e3o dos Pr\u00e9mios Fleet &amp; Service de 2025.<\/p>\n\n\n<div class=\"wp-block-image\">\n<figure class=\"aligncenter size-large is-resized\"><img decoding=\"async\" width=\"1024\" height=\"768\" src=\"https:\/\/automotiverevista.pt\/wp-content\/uploads\/2026\/01\/20220524_153526-1024x768.jpg\" alt=\"\" class=\"wp-image-11957\" style=\"width:665px;height:auto\" srcset=\"https:\/\/automotiverevista.pt\/wp-content\/uploads\/2026\/01\/20220524_153526-1024x768.jpg 1024w, https:\/\/automotiverevista.pt\/wp-content\/uploads\/2026\/01\/20220524_153526-300x225.jpg 300w, https:\/\/automotiverevista.pt\/wp-content\/uploads\/2026\/01\/20220524_153526-768x576.jpg 768w, https:\/\/automotiverevista.pt\/wp-content\/uploads\/2026\/01\/20220524_153526-750x563.jpg 750w, https:\/\/automotiverevista.pt\/wp-content\/uploads\/2026\/01\/20220524_153526-1140x855.jpg 1140w, https:\/\/automotiverevista.pt\/wp-content\/uploads\/2026\/01\/20220524_153526.jpg 1500w\" sizes=\"(max-width: 1024px) 100vw, 1024px\" \/><\/figure>\n<\/div>","protected":false},"excerpt":{"rendered":"<p>A f\u00e1brica, localizada na cidade polaca de Opole, ser\u00e1 o primeiro centro de produ\u00e7\u00e3o europeu da Kumho e ter\u00e1 uma capacidade anual de seis milh\u00f5es de pneus quando iniciar as suas opera\u00e7\u00f5es, prevista para 2028. A nova unidade contribuir\u00e1 para a expans\u00e3o das vendas da empresa na Europa, refor\u00e7ar\u00e1 a competitividade dos produtos e consolidar\u00e1 [&hellip;]<\/p>\n","protected":false},"author":4,"featured_media":11956,"comment_status":"closed","ping_status":"open","sticky":false,"template":"","format":"standard","meta":{"jnews-multi-image_gallery":[],"jnews_single_post":{"format":"standard"},"jnews_primary_category":[],"footnotes":""},"categories":[21],"tags":[],"class_list":["post-11955","post","type-post","status-publish","format-standard","has-post-thumbnail","hentry","category-pos-venda"],"yoast_head":"<!-- This site is optimized with the Yoast SEO Premium plugin v27.5 (Yoast SEO v27.5) - https:\/\/yoast.com\/product\/yoast-seo-premium-wordpress\/ -->\n<title>Kumho Tire \u2013 nova f\u00e1brica europeia ser\u00e1 na Pol\u00f3nia - Revista Automotive<\/title>\n<meta name=\"description\" content=\"A f\u00e1brica, localizada na cidade polaca de Opole, ser\u00e1 o primeiro centro de produ\u00e7\u00e3o europeu da Kumho e ter\u00e1 uma capacidade anual de seis milh\u00f5\" \/>\n<meta name=\"robots\" content=\"index, follow, max-snippet:-1, max-image-preview:large, max-video-preview:-1\" \/>\n<link rel=\"canonical\" href=\"https:\/\/automotiverevista.pt\/index.php\/2026\/01\/07\/kumho-tire-nova-fabrica-europeia-sera-na-polonia\/\" \/>\n<meta property=\"og:locale\" content=\"pt_PT\" \/>\n<meta property=\"og:type\" content=\"article\" \/>\n<meta property=\"og:title\" content=\"Kumho Tire \u2013 nova f\u00e1brica europeia ser\u00e1 na Pol\u00f3nia\" \/>\n<meta property=\"og:description\" content=\"A f\u00e1brica, localizada na cidade polaca de Opole, ser\u00e1 o primeiro centro de produ\u00e7\u00e3o europeu da Kumho e ter\u00e1 uma capacidade anual de seis milh\u00f5\" \/>\n<meta property=\"og:url\" content=\"https:\/\/automotiverevista.pt\/index.php\/2026\/01\/07\/kumho-tire-nova-fabrica-europeia-sera-na-polonia\/\" \/>\n<meta property=\"og:site_name\" content=\"Revista Automotive\" \/>\n<meta property=\"article:published_time\" content=\"2026-01-07T06:38:00+00:00\" \/>\n<meta property=\"og:image\" content=\"https:\/\/automotiverevista.pt\/wp-content\/uploads\/2026\/01\/Kuhmo-Tires-2.jpg\" \/>\n\t<meta property=\"og:image:width\" content=\"1500\" \/>\n\t<meta property=\"og:image:height\" content=\"875\" \/>\n\t<meta property=\"og:image:type\" content=\"image\/jpeg\" \/>\n<meta name=\"author\" content=\"Fatima Silva\" \/>\n<meta name=\"twitter:card\" content=\"summary_large_image\" \/>\n<meta name=\"twitter:label1\" content=\"Escrito por\" \/>\n\t<meta name=\"twitter:data1\" content=\"Fatima Silva\" \/>\n\t<meta name=\"twitter:label2\" content=\"Tempo estimado de leitura\" \/>\n\t<meta name=\"twitter:data2\" content=\"4 minutos\" \/>\n<script type=\"application\/ld+json\" class=\"yoast-schema-graph\">{\"@context\":\"https:\\\/\\\/schema.org\",\"@graph\":[{\"@type\":\"Article\",\"@id\":\"https:\\\/\\\/automotiverevista.pt\\\/index.php\\\/2026\\\/01\\\/07\\\/kumho-tire-nova-fabrica-europeia-sera-na-polonia\\\/#article\",\"isPartOf\":{\"@id\":\"https:\\\/\\\/automotiverevista.pt\\\/index.php\\\/2026\\\/01\\\/07\\\/kumho-tire-nova-fabrica-europeia-sera-na-polonia\\\/\"},\"author\":{\"name\":\"Fatima Silva\",\"@id\":\"https:\\\/\\\/automotiverevista.pt\\\/#\\\/schema\\\/person\\\/1e95eb12553b8edd256acb00fe6dad4b\"},\"headline\":\"Kumho Tire \u2013 nova f\u00e1brica europeia ser\u00e1 na Pol\u00f3nia\",\"datePublished\":\"2026-01-07T06:38:00+00:00\",\"mainEntityOfPage\":{\"@id\":\"https:\\\/\\\/automotiverevista.pt\\\/index.php\\\/2026\\\/01\\\/07\\\/kumho-tire-nova-fabrica-europeia-sera-na-polonia\\\/\"},\"wordCount\":530,\"publisher\":{\"@id\":\"https:\\\/\\\/automotiverevista.pt\\\/#organization\"},\"image\":{\"@id\":\"https:\\\/\\\/automotiverevista.pt\\\/index.php\\\/2026\\\/01\\\/07\\\/kumho-tire-nova-fabrica-europeia-sera-na-polonia\\\/#primaryimage\"},\"thumbnailUrl\":\"https:\\\/\\\/automotiverevista.pt\\\/wp-content\\\/uploads\\\/2026\\\/01\\\/Kuhmo-Tires-2.jpg\",\"articleSection\":[\"P\u00f3s-Venda\"],\"inLanguage\":\"pt-PT\"},{\"@type\":\"WebPage\",\"@id\":\"https:\\\/\\\/automotiverevista.pt\\\/index.php\\\/2026\\\/01\\\/07\\\/kumho-tire-nova-fabrica-europeia-sera-na-polonia\\\/\",\"url\":\"https:\\\/\\\/automotiverevista.pt\\\/index.php\\\/2026\\\/01\\\/07\\\/kumho-tire-nova-fabrica-europeia-sera-na-polonia\\\/\",\"name\":\"Kumho Tire \u2013 nova f\u00e1brica europeia ser\u00e1 na Pol\u00f3nia - Revista Automotive\",\"isPartOf\":{\"@id\":\"https:\\\/\\\/automotiverevista.pt\\\/#website\"},\"primaryImageOfPage\":{\"@id\":\"https:\\\/\\\/automotiverevista.pt\\\/index.php\\\/2026\\\/01\\\/07\\\/kumho-tire-nova-fabrica-europeia-sera-na-polonia\\\/#primaryimage\"},\"image\":{\"@id\":\"https:\\\/\\\/automotiverevista.pt\\\/index.php\\\/2026\\\/01\\\/07\\\/kumho-tire-nova-fabrica-europeia-sera-na-polonia\\\/#primaryimage\"},\"thumbnailUrl\":\"https:\\\/\\\/automotiverevista.pt\\\/wp-content\\\/uploads\\\/2026\\\/01\\\/Kuhmo-Tires-2.jpg\",\"datePublished\":\"2026-01-07T06:38:00+00:00\",\"description\":\"A f\u00e1brica, localizada na cidade polaca de Opole, ser\u00e1 o primeiro centro de produ\u00e7\u00e3o europeu da Kumho e ter\u00e1 uma capacidade anual de seis milh\u00f5\",\"breadcrumb\":{\"@id\":\"https:\\\/\\\/automotiverevista.pt\\\/index.php\\\/2026\\\/01\\\/07\\\/kumho-tire-nova-fabrica-europeia-sera-na-polonia\\\/#breadcrumb\"},\"inLanguage\":\"pt-PT\",\"potentialAction\":[{\"@type\":\"ReadAction\",\"target\":[\"https:\\\/\\\/automotiverevista.pt\\\/index.php\\\/2026\\\/01\\\/07\\\/kumho-tire-nova-fabrica-europeia-sera-na-polonia\\\/\"]}]},{\"@type\":\"ImageObject\",\"inLanguage\":\"pt-PT\",\"@id\":\"https:\\\/\\\/automotiverevista.pt\\\/index.php\\\/2026\\\/01\\\/07\\\/kumho-tire-nova-fabrica-europeia-sera-na-polonia\\\/#primaryimage\",\"url\":\"https:\\\/\\\/automotiverevista.pt\\\/wp-content\\\/uploads\\\/2026\\\/01\\\/Kuhmo-Tires-2.jpg\",\"contentUrl\":\"https:\\\/\\\/automotiverevista.pt\\\/wp-content\\\/uploads\\\/2026\\\/01\\\/Kuhmo-Tires-2.jpg\",\"width\":1500,\"height\":875},{\"@type\":\"BreadcrumbList\",\"@id\":\"https:\\\/\\\/automotiverevista.pt\\\/index.php\\\/2026\\\/01\\\/07\\\/kumho-tire-nova-fabrica-europeia-sera-na-polonia\\\/#breadcrumb\",\"itemListElement\":[{\"@type\":\"ListItem\",\"position\":1,\"name\":\"Home\",\"item\":\"https:\\\/\\\/automotiverevista.pt\\\/\"},{\"@type\":\"ListItem\",\"position\":2,\"name\":\"Kumho Tire \u2013 nova f\u00e1brica europeia ser\u00e1 na Pol\u00f3nia\"}]},{\"@type\":\"WebSite\",\"@id\":\"https:\\\/\\\/automotiverevista.pt\\\/#website\",\"url\":\"https:\\\/\\\/automotiverevista.pt\\\/\",\"name\":\"Revista Automotive\",\"description\":\"Revista Automotive Portugal\",\"publisher\":{\"@id\":\"https:\\\/\\\/automotiverevista.pt\\\/#organization\"},\"potentialAction\":[{\"@type\":\"SearchAction\",\"target\":{\"@type\":\"EntryPoint\",\"urlTemplate\":\"https:\\\/\\\/automotiverevista.pt\\\/?s={search_term_string}\"},\"query-input\":{\"@type\":\"PropertyValueSpecification\",\"valueRequired\":true,\"valueName\":\"search_term_string\"}}],\"inLanguage\":\"pt-PT\"},{\"@type\":\"Organization\",\"@id\":\"https:\\\/\\\/automotiverevista.pt\\\/#organization\",\"name\":\"Revista Automotive Portugal\",\"url\":\"https:\\\/\\\/automotiverevista.pt\\\/\",\"logo\":{\"@type\":\"ImageObject\",\"inLanguage\":\"pt-PT\",\"@id\":\"https:\\\/\\\/automotiverevista.pt\\\/#\\\/schema\\\/logo\\\/image\\\/\",\"url\":\"https:\\\/\\\/automotiverevista.pt\\\/wp-content\\\/uploads\\\/2022\\\/07\\\/Logo-Automotive-2021_500-1.jpg\",\"contentUrl\":\"https:\\\/\\\/automotiverevista.pt\\\/wp-content\\\/uploads\\\/2022\\\/07\\\/Logo-Automotive-2021_500-1.jpg\",\"width\":500,\"height\":160,\"caption\":\"Revista Automotive Portugal\"},\"image\":{\"@id\":\"https:\\\/\\\/automotiverevista.pt\\\/#\\\/schema\\\/logo\\\/image\\\/\"},\"sameAs\":[\"https:\\\/\\\/linkedin.com\\\/in\\\/automotiverevista\"]},{\"@type\":\"Person\",\"@id\":\"https:\\\/\\\/automotiverevista.pt\\\/#\\\/schema\\\/person\\\/1e95eb12553b8edd256acb00fe6dad4b\",\"name\":\"Fatima Silva\",\"image\":{\"@type\":\"ImageObject\",\"inLanguage\":\"pt-PT\",\"@id\":\"https:\\\/\\\/secure.gravatar.com\\\/avatar\\\/4b4a955a9c1b66708ab0dd3bd6181ac1f650299d893bd337a28482f7f19c8511?s=96&d=mm&r=g\",\"url\":\"https:\\\/\\\/secure.gravatar.com\\\/avatar\\\/4b4a955a9c1b66708ab0dd3bd6181ac1f650299d893bd337a28482f7f19c8511?s=96&d=mm&r=g\",\"contentUrl\":\"https:\\\/\\\/secure.gravatar.com\\\/avatar\\\/4b4a955a9c1b66708ab0dd3bd6181ac1f650299d893bd337a28482f7f19c8511?s=96&d=mm&r=g\",\"caption\":\"Fatima Silva\"},\"url\":\"https:\\\/\\\/automotiverevista.pt\\\/index.php\\\/author\\\/fgasparsilva\\\/\"}]}<\/script>\n<!-- \/ Yoast SEO Premium plugin. -->","yoast_head_json":{"title":"Kumho Tire \u2013 nova f\u00e1brica europeia ser\u00e1 na Pol\u00f3nia - Revista Automotive","description":"A f\u00e1brica, localizada na cidade polaca de Opole, ser\u00e1 o primeiro centro de produ\u00e7\u00e3o europeu da Kumho e ter\u00e1 uma capacidade anual de seis milh\u00f5","robots":{"index":"index","follow":"follow","max-snippet":"max-snippet:-1","max-image-preview":"max-image-preview:large","max-video-preview":"max-video-preview:-1"},"canonical":"https:\/\/automotiverevista.pt\/index.php\/2026\/01\/07\/kumho-tire-nova-fabrica-europeia-sera-na-polonia\/","og_locale":"pt_PT","og_type":"article","og_title":"Kumho Tire \u2013 nova f\u00e1brica europeia ser\u00e1 na Pol\u00f3nia","og_description":"A f\u00e1brica, localizada na cidade polaca de Opole, ser\u00e1 o primeiro centro de produ\u00e7\u00e3o europeu da Kumho e ter\u00e1 uma capacidade anual de seis milh\u00f5","og_url":"https:\/\/automotiverevista.pt\/index.php\/2026\/01\/07\/kumho-tire-nova-fabrica-europeia-sera-na-polonia\/","og_site_name":"Revista Automotive","article_published_time":"2026-01-07T06:38:00+00:00","og_image":[{"width":1500,"height":875,"url":"https:\/\/automotiverevista.pt\/wp-content\/uploads\/2026\/01\/Kuhmo-Tires-2.jpg","type":"image\/jpeg"}],"author":"Fatima Silva","twitter_card":"summary_large_image","twitter_misc":{"Escrito por":"Fatima Silva","Tempo estimado de leitura":"4 minutos"},"schema":{"@context":"https:\/\/schema.org","@graph":[{"@type":"Article","@id":"https:\/\/automotiverevista.pt\/index.php\/2026\/01\/07\/kumho-tire-nova-fabrica-europeia-sera-na-polonia\/#article","isPartOf":{"@id":"https:\/\/automotiverevista.pt\/index.php\/2026\/01\/07\/kumho-tire-nova-fabrica-europeia-sera-na-polonia\/"},"author":{"name":"Fatima Silva","@id":"https:\/\/automotiverevista.pt\/#\/schema\/person\/1e95eb12553b8edd256acb00fe6dad4b"},"headline":"Kumho Tire \u2013 nova f\u00e1brica europeia ser\u00e1 na Pol\u00f3nia","datePublished":"2026-01-07T06:38:00+00:00","mainEntityOfPage":{"@id":"https:\/\/automotiverevista.pt\/index.php\/2026\/01\/07\/kumho-tire-nova-fabrica-europeia-sera-na-polonia\/"},"wordCount":530,"publisher":{"@id":"https:\/\/automotiverevista.pt\/#organization"},"image":{"@id":"https:\/\/automotiverevista.pt\/index.php\/2026\/01\/07\/kumho-tire-nova-fabrica-europeia-sera-na-polonia\/#primaryimage"},"thumbnailUrl":"https:\/\/automotiverevista.pt\/wp-content\/uploads\/2026\/01\/Kuhmo-Tires-2.jpg","articleSection":["P\u00f3s-Venda"],"inLanguage":"pt-PT"},{"@type":"WebPage","@id":"https:\/\/automotiverevista.pt\/index.php\/2026\/01\/07\/kumho-tire-nova-fabrica-europeia-sera-na-polonia\/","url":"https:\/\/automotiverevista.pt\/index.php\/2026\/01\/07\/kumho-tire-nova-fabrica-europeia-sera-na-polonia\/","name":"Kumho Tire \u2013 nova f\u00e1brica europeia ser\u00e1 na Pol\u00f3nia - Revista Automotive","isPartOf":{"@id":"https:\/\/automotiverevista.pt\/#website"},"primaryImageOfPage":{"@id":"https:\/\/automotiverevista.pt\/index.php\/2026\/01\/07\/kumho-tire-nova-fabrica-europeia-sera-na-polonia\/#primaryimage"},"image":{"@id":"https:\/\/automotiverevista.pt\/index.php\/2026\/01\/07\/kumho-tire-nova-fabrica-europeia-sera-na-polonia\/#primaryimage"},"thumbnailUrl":"https:\/\/automotiverevista.pt\/wp-content\/uploads\/2026\/01\/Kuhmo-Tires-2.jpg","datePublished":"2026-01-07T06:38:00+00:00","description":"A f\u00e1brica, localizada na cidade polaca de Opole, ser\u00e1 o primeiro centro de produ\u00e7\u00e3o europeu da Kumho e ter\u00e1 uma capacidade anual de seis milh\u00f5","breadcrumb":{"@id":"https:\/\/automotiverevista.pt\/index.php\/2026\/01\/07\/kumho-tire-nova-fabrica-europeia-sera-na-polonia\/#breadcrumb"},"inLanguage":"pt-PT","potentialAction":[{"@type":"ReadAction","target":["https:\/\/automotiverevista.pt\/index.php\/2026\/01\/07\/kumho-tire-nova-fabrica-europeia-sera-na-polonia\/"]}]},{"@type":"ImageObject","inLanguage":"pt-PT","@id":"https:\/\/automotiverevista.pt\/index.php\/2026\/01\/07\/kumho-tire-nova-fabrica-europeia-sera-na-polonia\/#primaryimage","url":"https:\/\/automotiverevista.pt\/wp-content\/uploads\/2026\/01\/Kuhmo-Tires-2.jpg","contentUrl":"https:\/\/automotiverevista.pt\/wp-content\/uploads\/2026\/01\/Kuhmo-Tires-2.jpg","width":1500,"height":875},{"@type":"BreadcrumbList","@id":"https:\/\/automotiverevista.pt\/index.php\/2026\/01\/07\/kumho-tire-nova-fabrica-europeia-sera-na-polonia\/#breadcrumb","itemListElement":[{"@type":"ListItem","position":1,"name":"Home","item":"https:\/\/automotiverevista.pt\/"},{"@type":"ListItem","position":2,"name":"Kumho Tire \u2013 nova f\u00e1brica europeia ser\u00e1 na Pol\u00f3nia"}]},{"@type":"WebSite","@id":"https:\/\/automotiverevista.pt\/#website","url":"https:\/\/automotiverevista.pt\/","name":"Revista Automotive","description":"Revista Automotive Portugal","publisher":{"@id":"https:\/\/automotiverevista.pt\/#organization"},"potentialAction":[{"@type":"SearchAction","target":{"@type":"EntryPoint","urlTemplate":"https:\/\/automotiverevista.pt\/?s={search_term_string}"},"query-input":{"@type":"PropertyValueSpecification","valueRequired":true,"valueName":"search_term_string"}}],"inLanguage":"pt-PT"},{"@type":"Organization","@id":"https:\/\/automotiverevista.pt\/#organization","name":"Revista Automotive Portugal","url":"https:\/\/automotiverevista.pt\/","logo":{"@type":"ImageObject","inLanguage":"pt-PT","@id":"https:\/\/automotiverevista.pt\/#\/schema\/logo\/image\/","url":"https:\/\/automotiverevista.pt\/wp-content\/uploads\/2022\/07\/Logo-Automotive-2021_500-1.jpg","contentUrl":"https:\/\/automotiverevista.pt\/wp-content\/uploads\/2022\/07\/Logo-Automotive-2021_500-1.jpg","width":500,"height":160,"caption":"Revista Automotive Portugal"},"image":{"@id":"https:\/\/automotiverevista.pt\/#\/schema\/logo\/image\/"},"sameAs":["https:\/\/linkedin.com\/in\/automotiverevista"]},{"@type":"Person","@id":"https:\/\/automotiverevista.pt\/#\/schema\/person\/1e95eb12553b8edd256acb00fe6dad4b","name":"Fatima Silva","image":{"@type":"ImageObject","inLanguage":"pt-PT","@id":"https:\/\/secure.gravatar.com\/avatar\/4b4a955a9c1b66708ab0dd3bd6181ac1f650299d893bd337a28482f7f19c8511?s=96&d=mm&r=g","url":"https:\/\/secure.gravatar.com\/avatar\/4b4a955a9c1b66708ab0dd3bd6181ac1f650299d893bd337a28482f7f19c8511?s=96&d=mm&r=g","contentUrl":"https:\/\/secure.gravatar.com\/avatar\/4b4a955a9c1b66708ab0dd3bd6181ac1f650299d893bd337a28482f7f19c8511?s=96&d=mm&r=g","caption":"Fatima Silva"},"url":"https:\/\/automotiverevista.pt\/index.php\/author\/fgasparsilva\/"}]}},"_links":{"self":[{"href":"https:\/\/automotiverevista.pt\/index.php\/wp-json\/wp\/v2\/posts\/11955","targetHints":{"allow":["GET"]}}],"collection":[{"href":"https:\/\/automotiverevista.pt\/index.php\/wp-json\/wp\/v2\/posts"}],"about":[{"href":"https:\/\/automotiverevista.pt\/index.php\/wp-json\/wp\/v2\/types\/post"}],"author":[{"embeddable":true,"href":"https:\/\/automotiverevista.pt\/index.php\/wp-json\/wp\/v2\/users\/4"}],"replies":[{"embeddable":true,"href":"https:\/\/automotiverevista.pt\/index.php\/wp-json\/wp\/v2\/comments?post=11955"}],"version-history":[{"count":1,"href":"https:\/\/automotiverevista.pt\/index.php\/wp-json\/wp\/v2\/posts\/11955\/revisions"}],"predecessor-version":[{"id":11959,"href":"https:\/\/automotiverevista.pt\/index.php\/wp-json\/wp\/v2\/posts\/11955\/revisions\/11959"}],"wp:featuredmedia":[{"embeddable":true,"href":"https:\/\/automotiverevista.pt\/index.php\/wp-json\/wp\/v2\/media\/11956"}],"wp:attachment":[{"href":"https:\/\/automotiverevista.pt\/index.php\/wp-json\/wp\/v2\/media?parent=11955"}],"wp:term":[{"taxonomy":"category","embeddable":true,"href":"https:\/\/automotiverevista.pt\/index.php\/wp-json\/wp\/v2\/categories?post=11955"},{"taxonomy":"post_tag","embeddable":true,"href":"https:\/\/automotiverevista.pt\/index.php\/wp-json\/wp\/v2\/tags?post=11955"}],"curies":[{"name":"wp","href":"https:\/\/api.w.org\/{rel}","templated":true}]}}