{"id":11965,"date":"2026-01-08T16:30:00","date_gmt":"2026-01-08T16:30:00","guid":{"rendered":"https:\/\/automotiverevista.pt\/?p=11965"},"modified":"2026-01-08T14:20:16","modified_gmt":"2026-01-08T14:20:16","slug":"fusao-da-hyundai-e-develon-forma-a-hd-construction-equipment","status":"publish","type":"post","link":"https:\/\/automotiverevista.pt\/index.php\/2026\/01\/08\/fusao-da-hyundai-e-develon-forma-a-hd-construction-equipment\/","title":{"rendered":"Fus\u00e3o da Hyundai e Develon forma a HD Construction Equipment"},"content":{"rendered":"\n<p>Foi realizada a cerim\u00f3nia de lan\u00e7amento da HD Construction Equipment no seu campus de Ulsan na Coreia do Sul. O evento assinalou a conclus\u00e3o bem-sucedida de todos os procedimentos de fus\u00e3o entre as suas subsidi\u00e1rias de equipamentos de constru\u00e7\u00e3o.<\/p>\n\n\n\n<p>A fus\u00e3o das duas maiores empresas sul-coreanas de maquinaria para a constru\u00e7\u00e3o deu origem \u00e0<a href=\"https:\/\/automotiverevista.pt\/index.php\/2025\/07\/02\/hyundai-mantem-foco-no-hidrogenio\/\"> HD Construction Equipment<\/a>, a maior empresa integrada de <a href=\"https:\/\/youtu.be\/BT8HxwWd5x8?si=b1bKhNlDtCQu05kw\">maquinaria de constru\u00e7\u00e3<\/a>o do pa\u00eds. A empresa opera instala\u00e7\u00f5es de produ\u00e7\u00e3o na Coreia do Sul em Ulsan, Incheon e Gunsan, bem como em v\u00e1rias localiza\u00e7\u00f5es internacionais, incluindo a \u00cdndia, a China, o Brasil e a Noruega. Moon Jae-young (foto) foi nomeado o primeiro Presidente da empresa.<\/p>\n\n\n\n<figure class=\"wp-block-image size-full\"><img decoding=\"async\" width=\"960\" height=\"480\" src=\"https:\/\/automotiverevista.pt\/wp-content\/uploads\/2026\/01\/5.jpg\" alt=\"\" class=\"wp-image-11968\" srcset=\"https:\/\/automotiverevista.pt\/wp-content\/uploads\/2026\/01\/5.jpg 960w, https:\/\/automotiverevista.pt\/wp-content\/uploads\/2026\/01\/5-300x150.jpg 300w, https:\/\/automotiverevista.pt\/wp-content\/uploads\/2026\/01\/5-768x384.jpg 768w, https:\/\/automotiverevista.pt\/wp-content\/uploads\/2026\/01\/5-360x180.jpg 360w, https:\/\/automotiverevista.pt\/wp-content\/uploads\/2026\/01\/5-750x375.jpg 750w\" sizes=\"(max-width: 960px) 100vw, 960px\" \/><\/figure>\n\n\n\n<p>Segundo dados do setor, em 2025, a HD Construction Equipment ocupou o 14.\u00ba lugar a n\u00edvel mundial. Na cerim\u00f3nia, a empresa anunciou que ir\u00e1 concentrar-se no crescimento em todas as \u00e1reas de neg\u00f3cio, com especial enfoque no seu principal segmento de equipamentos de constru\u00e7\u00e3o, no seu <a href=\"https:\/\/automotiverevista.pt\/index.php\/2024\/07\/11\/hyundai-investe-no-hidrogenio-para-motores-de-combustao\/\">neg\u00f3cio de motores<\/a> e nos servi\u00e7os p\u00f3s-venda.<\/p>\n\n\n\n<p>Em concreto, a HD Construction Equipment pretende tirar partido das sinergias entre as suas duas marcas de equipamentos de constru\u00e7\u00e3o, HYUNDAI e <a href=\"https:\/\/youtu.be\/BT8HxwWd5x8?si=b1bKhNlDtCQu05kw\">DEVELON<\/a>, para as afirmar como marcas de topo reconhecidas a n\u00edvel global.<\/p>\n\n\n\n<p>Para o efeito, ser\u00e1 estabelecido um sistema global de produ\u00e7\u00e3o que maximize os benef\u00edcios de uma estrat\u00e9gia de dupla marca, mantendo simultaneamente uma competitividade de produ\u00e7\u00e3o de classe mundial.<\/p>\n\n\n\n<p>A HD Construction Equipment planeia tamb\u00e9m melhorar significativamente a competitividade de custos deste modelo de pr\u00f3xima gera\u00e7\u00e3o. Tal ser\u00e1 alcan\u00e7ado atrav\u00e9s da minimiza\u00e7\u00e3o de sobreposi\u00e7\u00f5es nas gamas de produtos, do foco nos produtos emblem\u00e1ticos de cada marca e da explora\u00e7\u00e3o de economias de escala em custos partilhados, como a aquisi\u00e7\u00e3o e a log\u00edstica.<\/p>\n\n\n\n<p>Tirando partido das suas redes de vendas e de assist\u00eancia p\u00f3s-venda, a empresa pretende acelerar a presen\u00e7a nos mercados. Al\u00e9m disso, planeia identificar novas oportunidades de crescimento atrav\u00e9s da expans\u00e3o do seu neg\u00f3cio de motores para setores como a produ\u00e7\u00e3o de energia, a defesa e as fontes de energia ecol\u00f3gicas, bem como do desenvolvimento da sua linha de equipamentos de constru\u00e7\u00e3o compactos para responder \u00e0s exig\u00eancias dos mercados mais avan\u00e7ados, assegurando um crescimento equilibrado.<\/p>\n","protected":false},"excerpt":{"rendered":"<p>Foi realizada a cerim\u00f3nia de lan\u00e7amento da HD Construction Equipment no seu campus de Ulsan na Coreia do Sul. O evento assinalou a conclus\u00e3o bem-sucedida de todos os procedimentos de fus\u00e3o entre as suas subsidi\u00e1rias de equipamentos de constru\u00e7\u00e3o. A fus\u00e3o das duas maiores empresas sul-coreanas de maquinaria para a constru\u00e7\u00e3o deu origem \u00e0 HD [&hellip;]<\/p>\n","protected":false},"author":1,"featured_media":11966,"comment_status":"closed","ping_status":"open","sticky":false,"template":"","format":"standard","meta":{"jnews-multi-image_gallery":[],"jnews_single_post":{"format":"standard"},"jnews_primary_category":[],"footnotes":""},"categories":[25],"tags":[],"class_list":["post-11965","post","type-post","status-publish","format-standard","has-post-thumbnail","hentry","category-pesados-e-maquinas"],"yoast_head":"<!-- This site is optimized with the Yoast SEO Premium plugin v27.5 (Yoast SEO v27.5) - https:\/\/yoast.com\/product\/yoast-seo-premium-wordpress\/ -->\n<title>Fus\u00e3o da Hyundai e Develon forma a HD Construction Equipment - Revista Automotive<\/title>\n<meta name=\"description\" content=\"Foi realizada a cerim\u00f3nia de lan\u00e7amento da HD Construction Equipment no seu campus de Ulsan na Coreia do Sul.\" \/>\n<meta name=\"robots\" content=\"index, follow, max-snippet:-1, max-image-preview:large, max-video-preview:-1\" \/>\n<link rel=\"canonical\" href=\"https:\/\/automotiverevista.pt\/index.php\/2026\/01\/08\/fusao-da-hyundai-e-develon-forma-a-hd-construction-equipment\/\" \/>\n<meta property=\"og:locale\" content=\"pt_PT\" \/>\n<meta property=\"og:type\" content=\"article\" \/>\n<meta property=\"og:title\" content=\"Fus\u00e3o da Hyundai e Develon forma a HD Construction Equipment\" \/>\n<meta property=\"og:description\" content=\"Foi realizada a cerim\u00f3nia de lan\u00e7amento da HD Construction Equipment no seu campus de Ulsan na Coreia do Sul.\" \/>\n<meta property=\"og:url\" content=\"https:\/\/automotiverevista.pt\/index.php\/2026\/01\/08\/fusao-da-hyundai-e-develon-forma-a-hd-construction-equipment\/\" \/>\n<meta property=\"og:site_name\" content=\"Revista Automotive\" \/>\n<meta property=\"article:published_time\" content=\"2026-01-08T16:30:00+00:00\" \/>\n<meta property=\"og:image\" content=\"https:\/\/automotiverevista.pt\/wp-content\/uploads\/2026\/01\/transferir.jpg\" \/>\n\t<meta property=\"og:image:width\" content=\"960\" \/>\n\t<meta property=\"og:image:height\" content=\"480\" \/>\n\t<meta property=\"og:image:type\" content=\"image\/jpeg\" \/>\n<meta name=\"author\" content=\"adminNovo\" \/>\n<meta name=\"twitter:card\" content=\"summary_large_image\" \/>\n<meta name=\"twitter:label1\" content=\"Escrito por\" \/>\n\t<meta name=\"twitter:data1\" content=\"adminNovo\" \/>\n\t<meta name=\"twitter:label2\" content=\"Tempo estimado de leitura\" \/>\n\t<meta name=\"twitter:data2\" content=\"3 minutos\" \/>\n<script type=\"application\/ld+json\" class=\"yoast-schema-graph\">{\"@context\":\"https:\\\/\\\/schema.org\",\"@graph\":[{\"@type\":\"Article\",\"@id\":\"https:\\\/\\\/automotiverevista.pt\\\/index.php\\\/2026\\\/01\\\/08\\\/fusao-da-hyundai-e-develon-forma-a-hd-construction-equipment\\\/#article\",\"isPartOf\":{\"@id\":\"https:\\\/\\\/automotiverevista.pt\\\/index.php\\\/2026\\\/01\\\/08\\\/fusao-da-hyundai-e-develon-forma-a-hd-construction-equipment\\\/\"},\"author\":{\"name\":\"adminNovo\",\"@id\":\"https:\\\/\\\/automotiverevista.pt\\\/#\\\/schema\\\/person\\\/1265858bc8c78a0f969de814da8be281\"},\"headline\":\"Fus\u00e3o da Hyundai e Develon forma a HD Construction Equipment\",\"datePublished\":\"2026-01-08T16:30:00+00:00\",\"mainEntityOfPage\":{\"@id\":\"https:\\\/\\\/automotiverevista.pt\\\/index.php\\\/2026\\\/01\\\/08\\\/fusao-da-hyundai-e-develon-forma-a-hd-construction-equipment\\\/\"},\"wordCount\":409,\"publisher\":{\"@id\":\"https:\\\/\\\/automotiverevista.pt\\\/#organization\"},\"image\":{\"@id\":\"https:\\\/\\\/automotiverevista.pt\\\/index.php\\\/2026\\\/01\\\/08\\\/fusao-da-hyundai-e-develon-forma-a-hd-construction-equipment\\\/#primaryimage\"},\"thumbnailUrl\":\"https:\\\/\\\/automotiverevista.pt\\\/wp-content\\\/uploads\\\/2026\\\/01\\\/transferir.jpg\",\"articleSection\":[\"Pesados e M\u00e1quinas\"],\"inLanguage\":\"pt-PT\"},{\"@type\":\"WebPage\",\"@id\":\"https:\\\/\\\/automotiverevista.pt\\\/index.php\\\/2026\\\/01\\\/08\\\/fusao-da-hyundai-e-develon-forma-a-hd-construction-equipment\\\/\",\"url\":\"https:\\\/\\\/automotiverevista.pt\\\/index.php\\\/2026\\\/01\\\/08\\\/fusao-da-hyundai-e-develon-forma-a-hd-construction-equipment\\\/\",\"name\":\"Fus\u00e3o da Hyundai e Develon forma a HD Construction Equipment - Revista Automotive\",\"isPartOf\":{\"@id\":\"https:\\\/\\\/automotiverevista.pt\\\/#website\"},\"primaryImageOfPage\":{\"@id\":\"https:\\\/\\\/automotiverevista.pt\\\/index.php\\\/2026\\\/01\\\/08\\\/fusao-da-hyundai-e-develon-forma-a-hd-construction-equipment\\\/#primaryimage\"},\"image\":{\"@id\":\"https:\\\/\\\/automotiverevista.pt\\\/index.php\\\/2026\\\/01\\\/08\\\/fusao-da-hyundai-e-develon-forma-a-hd-construction-equipment\\\/#primaryimage\"},\"thumbnailUrl\":\"https:\\\/\\\/automotiverevista.pt\\\/wp-content\\\/uploads\\\/2026\\\/01\\\/transferir.jpg\",\"datePublished\":\"2026-01-08T16:30:00+00:00\",\"description\":\"Foi realizada a cerim\u00f3nia de lan\u00e7amento da HD Construction Equipment no seu campus de Ulsan na Coreia do Sul.\",\"breadcrumb\":{\"@id\":\"https:\\\/\\\/automotiverevista.pt\\\/index.php\\\/2026\\\/01\\\/08\\\/fusao-da-hyundai-e-develon-forma-a-hd-construction-equipment\\\/#breadcrumb\"},\"inLanguage\":\"pt-PT\",\"potentialAction\":[{\"@type\":\"ReadAction\",\"target\":[\"https:\\\/\\\/automotiverevista.pt\\\/index.php\\\/2026\\\/01\\\/08\\\/fusao-da-hyundai-e-develon-forma-a-hd-construction-equipment\\\/\"]}]},{\"@type\":\"ImageObject\",\"inLanguage\":\"pt-PT\",\"@id\":\"https:\\\/\\\/automotiverevista.pt\\\/index.php\\\/2026\\\/01\\\/08\\\/fusao-da-hyundai-e-develon-forma-a-hd-construction-equipment\\\/#primaryimage\",\"url\":\"https:\\\/\\\/automotiverevista.pt\\\/wp-content\\\/uploads\\\/2026\\\/01\\\/transferir.jpg\",\"contentUrl\":\"https:\\\/\\\/automotiverevista.pt\\\/wp-content\\\/uploads\\\/2026\\\/01\\\/transferir.jpg\",\"width\":960,\"height\":480,\"caption\":\"Hyundai\"},{\"@type\":\"BreadcrumbList\",\"@id\":\"https:\\\/\\\/automotiverevista.pt\\\/index.php\\\/2026\\\/01\\\/08\\\/fusao-da-hyundai-e-develon-forma-a-hd-construction-equipment\\\/#breadcrumb\",\"itemListElement\":[{\"@type\":\"ListItem\",\"position\":1,\"name\":\"Home\",\"item\":\"https:\\\/\\\/automotiverevista.pt\\\/\"},{\"@type\":\"ListItem\",\"position\":2,\"name\":\"Fus\u00e3o da Hyundai e Develon forma a HD Construction Equipment\"}]},{\"@type\":\"WebSite\",\"@id\":\"https:\\\/\\\/automotiverevista.pt\\\/#website\",\"url\":\"https:\\\/\\\/automotiverevista.pt\\\/\",\"name\":\"Revista Automotive\",\"description\":\"Revista Automotive Portugal\",\"publisher\":{\"@id\":\"https:\\\/\\\/automotiverevista.pt\\\/#organization\"},\"potentialAction\":[{\"@type\":\"SearchAction\",\"target\":{\"@type\":\"EntryPoint\",\"urlTemplate\":\"https:\\\/\\\/automotiverevista.pt\\\/?s={search_term_string}\"},\"query-input\":{\"@type\":\"PropertyValueSpecification\",\"valueRequired\":true,\"valueName\":\"search_term_string\"}}],\"inLanguage\":\"pt-PT\"},{\"@type\":\"Organization\",\"@id\":\"https:\\\/\\\/automotiverevista.pt\\\/#organization\",\"name\":\"Revista Automotive Portugal\",\"url\":\"https:\\\/\\\/automotiverevista.pt\\\/\",\"logo\":{\"@type\":\"ImageObject\",\"inLanguage\":\"pt-PT\",\"@id\":\"https:\\\/\\\/automotiverevista.pt\\\/#\\\/schema\\\/logo\\\/image\\\/\",\"url\":\"https:\\\/\\\/automotiverevista.pt\\\/wp-content\\\/uploads\\\/2022\\\/07\\\/Logo-Automotive-2021_500-1.jpg\",\"contentUrl\":\"https:\\\/\\\/automotiverevista.pt\\\/wp-content\\\/uploads\\\/2022\\\/07\\\/Logo-Automotive-2021_500-1.jpg\",\"width\":500,\"height\":160,\"caption\":\"Revista Automotive Portugal\"},\"image\":{\"@id\":\"https:\\\/\\\/automotiverevista.pt\\\/#\\\/schema\\\/logo\\\/image\\\/\"},\"sameAs\":[\"https:\\\/\\\/linkedin.com\\\/in\\\/automotiverevista\"]},{\"@type\":\"Person\",\"@id\":\"https:\\\/\\\/automotiverevista.pt\\\/#\\\/schema\\\/person\\\/1265858bc8c78a0f969de814da8be281\",\"name\":\"adminNovo\",\"image\":{\"@type\":\"ImageObject\",\"inLanguage\":\"pt-PT\",\"@id\":\"https:\\\/\\\/secure.gravatar.com\\\/avatar\\\/c606c1288dcc11eb4c709aa5136fdb962583c410f5c23c0b7bf6917c542be355?s=96&d=mm&r=g\",\"url\":\"https:\\\/\\\/secure.gravatar.com\\\/avatar\\\/c606c1288dcc11eb4c709aa5136fdb962583c410f5c23c0b7bf6917c542be355?s=96&d=mm&r=g\",\"contentUrl\":\"https:\\\/\\\/secure.gravatar.com\\\/avatar\\\/c606c1288dcc11eb4c709aa5136fdb962583c410f5c23c0b7bf6917c542be355?s=96&d=mm&r=g\",\"caption\":\"adminNovo\"},\"sameAs\":[\"https:\\\/\\\/automotiverevista.pt\"],\"url\":\"https:\\\/\\\/automotiverevista.pt\\\/index.php\\\/author\\\/adminnovo\\\/\"}]}<\/script>\n<!-- \/ Yoast SEO Premium plugin. -->","yoast_head_json":{"title":"Fus\u00e3o da Hyundai e Develon forma a HD Construction Equipment - Revista Automotive","description":"Foi realizada a cerim\u00f3nia de lan\u00e7amento da HD Construction Equipment no seu campus de Ulsan na Coreia do Sul.","robots":{"index":"index","follow":"follow","max-snippet":"max-snippet:-1","max-image-preview":"max-image-preview:large","max-video-preview":"max-video-preview:-1"},"canonical":"https:\/\/automotiverevista.pt\/index.php\/2026\/01\/08\/fusao-da-hyundai-e-develon-forma-a-hd-construction-equipment\/","og_locale":"pt_PT","og_type":"article","og_title":"Fus\u00e3o da Hyundai e Develon forma a HD Construction Equipment","og_description":"Foi realizada a cerim\u00f3nia de lan\u00e7amento da HD Construction Equipment no seu campus de Ulsan na Coreia do Sul.","og_url":"https:\/\/automotiverevista.pt\/index.php\/2026\/01\/08\/fusao-da-hyundai-e-develon-forma-a-hd-construction-equipment\/","og_site_name":"Revista Automotive","article_published_time":"2026-01-08T16:30:00+00:00","og_image":[{"width":960,"height":480,"url":"https:\/\/automotiverevista.pt\/wp-content\/uploads\/2026\/01\/transferir.jpg","type":"image\/jpeg"}],"author":"adminNovo","twitter_card":"summary_large_image","twitter_misc":{"Escrito por":"adminNovo","Tempo estimado de leitura":"3 minutos"},"schema":{"@context":"https:\/\/schema.org","@graph":[{"@type":"Article","@id":"https:\/\/automotiverevista.pt\/index.php\/2026\/01\/08\/fusao-da-hyundai-e-develon-forma-a-hd-construction-equipment\/#article","isPartOf":{"@id":"https:\/\/automotiverevista.pt\/index.php\/2026\/01\/08\/fusao-da-hyundai-e-develon-forma-a-hd-construction-equipment\/"},"author":{"name":"adminNovo","@id":"https:\/\/automotiverevista.pt\/#\/schema\/person\/1265858bc8c78a0f969de814da8be281"},"headline":"Fus\u00e3o da Hyundai e Develon forma a HD Construction Equipment","datePublished":"2026-01-08T16:30:00+00:00","mainEntityOfPage":{"@id":"https:\/\/automotiverevista.pt\/index.php\/2026\/01\/08\/fusao-da-hyundai-e-develon-forma-a-hd-construction-equipment\/"},"wordCount":409,"publisher":{"@id":"https:\/\/automotiverevista.pt\/#organization"},"image":{"@id":"https:\/\/automotiverevista.pt\/index.php\/2026\/01\/08\/fusao-da-hyundai-e-develon-forma-a-hd-construction-equipment\/#primaryimage"},"thumbnailUrl":"https:\/\/automotiverevista.pt\/wp-content\/uploads\/2026\/01\/transferir.jpg","articleSection":["Pesados e M\u00e1quinas"],"inLanguage":"pt-PT"},{"@type":"WebPage","@id":"https:\/\/automotiverevista.pt\/index.php\/2026\/01\/08\/fusao-da-hyundai-e-develon-forma-a-hd-construction-equipment\/","url":"https:\/\/automotiverevista.pt\/index.php\/2026\/01\/08\/fusao-da-hyundai-e-develon-forma-a-hd-construction-equipment\/","name":"Fus\u00e3o da Hyundai e Develon forma a HD Construction Equipment - Revista Automotive","isPartOf":{"@id":"https:\/\/automotiverevista.pt\/#website"},"primaryImageOfPage":{"@id":"https:\/\/automotiverevista.pt\/index.php\/2026\/01\/08\/fusao-da-hyundai-e-develon-forma-a-hd-construction-equipment\/#primaryimage"},"image":{"@id":"https:\/\/automotiverevista.pt\/index.php\/2026\/01\/08\/fusao-da-hyundai-e-develon-forma-a-hd-construction-equipment\/#primaryimage"},"thumbnailUrl":"https:\/\/automotiverevista.pt\/wp-content\/uploads\/2026\/01\/transferir.jpg","datePublished":"2026-01-08T16:30:00+00:00","description":"Foi realizada a cerim\u00f3nia de lan\u00e7amento da HD Construction Equipment no seu campus de Ulsan na Coreia do Sul.","breadcrumb":{"@id":"https:\/\/automotiverevista.pt\/index.php\/2026\/01\/08\/fusao-da-hyundai-e-develon-forma-a-hd-construction-equipment\/#breadcrumb"},"inLanguage":"pt-PT","potentialAction":[{"@type":"ReadAction","target":["https:\/\/automotiverevista.pt\/index.php\/2026\/01\/08\/fusao-da-hyundai-e-develon-forma-a-hd-construction-equipment\/"]}]},{"@type":"ImageObject","inLanguage":"pt-PT","@id":"https:\/\/automotiverevista.pt\/index.php\/2026\/01\/08\/fusao-da-hyundai-e-develon-forma-a-hd-construction-equipment\/#primaryimage","url":"https:\/\/automotiverevista.pt\/wp-content\/uploads\/2026\/01\/transferir.jpg","contentUrl":"https:\/\/automotiverevista.pt\/wp-content\/uploads\/2026\/01\/transferir.jpg","width":960,"height":480,"caption":"Hyundai"},{"@type":"BreadcrumbList","@id":"https:\/\/automotiverevista.pt\/index.php\/2026\/01\/08\/fusao-da-hyundai-e-develon-forma-a-hd-construction-equipment\/#breadcrumb","itemListElement":[{"@type":"ListItem","position":1,"name":"Home","item":"https:\/\/automotiverevista.pt\/"},{"@type":"ListItem","position":2,"name":"Fus\u00e3o da Hyundai e Develon forma a HD Construction Equipment"}]},{"@type":"WebSite","@id":"https:\/\/automotiverevista.pt\/#website","url":"https:\/\/automotiverevista.pt\/","name":"Revista Automotive","description":"Revista Automotive Portugal","publisher":{"@id":"https:\/\/automotiverevista.pt\/#organization"},"potentialAction":[{"@type":"SearchAction","target":{"@type":"EntryPoint","urlTemplate":"https:\/\/automotiverevista.pt\/?s={search_term_string}"},"query-input":{"@type":"PropertyValueSpecification","valueRequired":true,"valueName":"search_term_string"}}],"inLanguage":"pt-PT"},{"@type":"Organization","@id":"https:\/\/automotiverevista.pt\/#organization","name":"Revista Automotive Portugal","url":"https:\/\/automotiverevista.pt\/","logo":{"@type":"ImageObject","inLanguage":"pt-PT","@id":"https:\/\/automotiverevista.pt\/#\/schema\/logo\/image\/","url":"https:\/\/automotiverevista.pt\/wp-content\/uploads\/2022\/07\/Logo-Automotive-2021_500-1.jpg","contentUrl":"https:\/\/automotiverevista.pt\/wp-content\/uploads\/2022\/07\/Logo-Automotive-2021_500-1.jpg","width":500,"height":160,"caption":"Revista Automotive Portugal"},"image":{"@id":"https:\/\/automotiverevista.pt\/#\/schema\/logo\/image\/"},"sameAs":["https:\/\/linkedin.com\/in\/automotiverevista"]},{"@type":"Person","@id":"https:\/\/automotiverevista.pt\/#\/schema\/person\/1265858bc8c78a0f969de814da8be281","name":"adminNovo","image":{"@type":"ImageObject","inLanguage":"pt-PT","@id":"https:\/\/secure.gravatar.com\/avatar\/c606c1288dcc11eb4c709aa5136fdb962583c410f5c23c0b7bf6917c542be355?s=96&d=mm&r=g","url":"https:\/\/secure.gravatar.com\/avatar\/c606c1288dcc11eb4c709aa5136fdb962583c410f5c23c0b7bf6917c542be355?s=96&d=mm&r=g","contentUrl":"https:\/\/secure.gravatar.com\/avatar\/c606c1288dcc11eb4c709aa5136fdb962583c410f5c23c0b7bf6917c542be355?s=96&d=mm&r=g","caption":"adminNovo"},"sameAs":["https:\/\/automotiverevista.pt"],"url":"https:\/\/automotiverevista.pt\/index.php\/author\/adminnovo\/"}]}},"_links":{"self":[{"href":"https:\/\/automotiverevista.pt\/index.php\/wp-json\/wp\/v2\/posts\/11965","targetHints":{"allow":["GET"]}}],"collection":[{"href":"https:\/\/automotiverevista.pt\/index.php\/wp-json\/wp\/v2\/posts"}],"about":[{"href":"https:\/\/automotiverevista.pt\/index.php\/wp-json\/wp\/v2\/types\/post"}],"author":[{"embeddable":true,"href":"https:\/\/automotiverevista.pt\/index.php\/wp-json\/wp\/v2\/users\/1"}],"replies":[{"embeddable":true,"href":"https:\/\/automotiverevista.pt\/index.php\/wp-json\/wp\/v2\/comments?post=11965"}],"version-history":[{"count":2,"href":"https:\/\/automotiverevista.pt\/index.php\/wp-json\/wp\/v2\/posts\/11965\/revisions"}],"predecessor-version":[{"id":11969,"href":"https:\/\/automotiverevista.pt\/index.php\/wp-json\/wp\/v2\/posts\/11965\/revisions\/11969"}],"wp:featuredmedia":[{"embeddable":true,"href":"https:\/\/automotiverevista.pt\/index.php\/wp-json\/wp\/v2\/media\/11966"}],"wp:attachment":[{"href":"https:\/\/automotiverevista.pt\/index.php\/wp-json\/wp\/v2\/media?parent=11965"}],"wp:term":[{"taxonomy":"category","embeddable":true,"href":"https:\/\/automotiverevista.pt\/index.php\/wp-json\/wp\/v2\/categories?post=11965"},{"taxonomy":"post_tag","embeddable":true,"href":"https:\/\/automotiverevista.pt\/index.php\/wp-json\/wp\/v2\/tags?post=11965"}],"curies":[{"name":"wp","href":"https:\/\/api.w.org\/{rel}","templated":true}]}}