{"id":12230,"date":"2026-01-29T05:40:00","date_gmt":"2026-01-29T05:40:00","guid":{"rendered":"https:\/\/automotiverevista.pt\/?p=12230"},"modified":"2026-01-28T22:43:06","modified_gmt":"2026-01-28T22:43:06","slug":"mitsubishi-eclipse-cross-eletrico-com-olhar-nas-frotas","status":"publish","type":"post","link":"https:\/\/automotiverevista.pt\/index.php\/2026\/01\/29\/mitsubishi-eclipse-cross-eletrico-com-olhar-nas-frotas\/","title":{"rendered":"Mitsubishi Eclipse Cross \u2013 el\u00e9trico com olhar nas frotas"},"content":{"rendered":"\n<p>A nova gera\u00e7\u00e3o do Eclipse Cross na vers\u00e3o 100% el\u00e9trica j\u00e1 est\u00e1 dispon\u00edvel em Portugal assente no equipamento intense. Segundo <strong>Pedro Louren\u00e7o<\/strong> , novo respons\u00e1vel da Mitsubishi em Portugal, \u201ceste SUV do segmento C, com um motor de 162 kW (220 cv ), utiliza uma bateria de 87 kWh de grande autonomia, o que lhe permite percorrer at\u00e9 625 km em ciclo combinado\u201d.<\/p>\n\n\n<div class=\"wp-block-image\">\n<figure class=\"alignleft size-full is-resized\"><img decoding=\"async\" width=\"330\" height=\"547\" src=\"https:\/\/automotiverevista.pt\/wp-content\/uploads\/2026\/01\/image-8.png\" alt=\"\" class=\"wp-image-12234\" style=\"aspect-ratio:0.603299293008641;width:163px;height:auto\" srcset=\"https:\/\/automotiverevista.pt\/wp-content\/uploads\/2026\/01\/image-8.png 330w, https:\/\/automotiverevista.pt\/wp-content\/uploads\/2026\/01\/image-8-181x300.png 181w\" sizes=\"(max-width: 330px) 100vw, 330px\" \/><figcaption class=\"wp-element-caption\"><strong>Pedro Louren\u00e7o<\/strong><\/figcaption><\/figure>\n<\/div>\n\n\n<p>A renova\u00e7\u00e3o est\u00e9tica do Eclipse Cross EV \u00e9 evidente e agrad\u00e1vel logo \u00e0 primeira vista, mas o verdadeiro olhar da Mitsubishi \u2013 representada em Portugal pela Astara \u2013 para este modelo \u00e9 aumentar as vendas dentro do segmento empresarial, ou seja, junto \u00e0s frotas. Esta \u00e9 uma tipologia de cliente e de mercado onde a marca ainda n\u00e3o tem expressividade, apesar de reunir um historial positivo no nosso pa\u00eds, pelo que ter\u00e1 de saber comunicar melhor para o setor empresarial.<\/p>\n\n\n\n<p>De referir que este modelo integra o ciclo de profunda renova\u00e7\u00e3o da gama da Mitsubishi na Europa e em Portugal ao longo dos \u00faltimos anos, que incluiu j\u00e1 os lan\u00e7amentos do Colt, ASX, do topo de gama Outlander PHEV e, mais recentemente, do Grandis.<\/p>\n\n\n\n<p>Assim, o Eclipse Cross de nova gera\u00e7\u00e3o \u00e9 o primeiro ve\u00edculo el\u00e9trico a bateria da Mitsubishi Motors desde o pioneiro i-MiEV (o primeiro ve\u00edculo el\u00e9trico do mundo de produ\u00e7\u00e3o em s\u00e9rie), assumindo um papel estrat\u00e9gico no roteiro de eletrifica\u00e7\u00e3o da marca e na afirma\u00e7\u00e3o da sua ambi\u00e7\u00e3o tecnol\u00f3gica.<\/p>\n\n\n\n<p><strong>Compatibilidade<\/strong><\/p>\n\n\n\n<p>Constru\u00eddo com base na plataforma AmpR Medium da Alian\u00e7a Renault-Nissan- Mitsubishi, destaca-se pela sua modularidade e arquitetura escal\u00e1vel para ve\u00edculos el\u00e9tricos a bateria. Tem ainda a vantagem de suportar m\u00faltiplas possibilidades de carregamento, assegurando &#8211; segundo a marca &#8211; compatibilidade com diversas infraestruturas para tornar a utiliza\u00e7\u00e3o o mais simplificada poss\u00edvel.<\/p>\n\n\n<div class=\"wp-block-image\">\n<figure class=\"alignright size-large is-resized\"><img decoding=\"async\" width=\"1024\" height=\"683\" src=\"https:\/\/automotiverevista.pt\/wp-content\/uploads\/2026\/01\/046_26MY_Eclipse_Cross_BEV_Instyle_1_1_Seat_Down_v02-1024x683.jpg\" alt=\"\" class=\"wp-image-12236\" style=\"aspect-ratio:1.4992807726556614;width:439px;height:auto\" srcset=\"https:\/\/automotiverevista.pt\/wp-content\/uploads\/2026\/01\/046_26MY_Eclipse_Cross_BEV_Instyle_1_1_Seat_Down_v02-1024x683.jpg 1024w, https:\/\/automotiverevista.pt\/wp-content\/uploads\/2026\/01\/046_26MY_Eclipse_Cross_BEV_Instyle_1_1_Seat_Down_v02-300x200.jpg 300w, https:\/\/automotiverevista.pt\/wp-content\/uploads\/2026\/01\/046_26MY_Eclipse_Cross_BEV_Instyle_1_1_Seat_Down_v02-768x512.jpg 768w, https:\/\/automotiverevista.pt\/wp-content\/uploads\/2026\/01\/046_26MY_Eclipse_Cross_BEV_Instyle_1_1_Seat_Down_v02-750x500.jpg 750w, https:\/\/automotiverevista.pt\/wp-content\/uploads\/2026\/01\/046_26MY_Eclipse_Cross_BEV_Instyle_1_1_Seat_Down_v02-1140x760.jpg 1140w, https:\/\/automotiverevista.pt\/wp-content\/uploads\/2026\/01\/046_26MY_Eclipse_Cross_BEV_Instyle_1_1_Seat_Down_v02.jpg 1500w\" sizes=\"(max-width: 1024px) 100vw, 1024px\" \/><\/figure>\n<\/div>\n\n\n<p>Com uma autonomia anunciada de 625 km em ciclo combinado ou de 819 km em ciclo urbano, o Eclipse Cross disp\u00f5e de uma bateria com arquitetura de 400V, que segundo a Mitsubishi pode ser carregada at\u00e9 aos 80% em 37 minutos, a uma capacidade m\u00e1xima de 150 kW.<\/p>\n\n\n\n<p>Embora a Automotive ainda n\u00e3o tenha efetuado o teste din\u00e2mico a este novo modelo, not\u00e1mos, na apresenta\u00e7\u00e3o est\u00e1tica realizada nas instala\u00e7\u00f5es da Astara Portugal, que este novo Eclipse Cross disp\u00f5e de um habit\u00e1culo espa\u00e7oso, bem estruturado e que utiliza bons materiais, contando ainda com um elevado n\u00edvel de digitaliza\u00e7\u00e3o, onde se destaca o sistema de infotainment com um ecr\u00e3 de 12\u201d, ladeado pelo painel instrumentos de id\u00eantica dimens\u00e3o.<\/p>\n\n\n\n<p>Atr\u00e1s, a bagageira com porta de acionamento el\u00e9trico proporciona um volume de carga de 545 litros com os bancos em posi\u00e7\u00e3o normal, que pode ser estendido at\u00e9 1670 litros com os bancos traseiros rebatidos.<\/p>\n\n\n\n<p><strong>Est\u00e9tica e seguran\u00e7a<\/strong><\/p>\n\n\n\n<p>J\u00e1 no exterior, o seu desenho \u00e9 refor\u00e7ado pela evolu\u00e7\u00e3o da dianteira Dynamic Shield da Mitsubishi e por um novo perfil, bem como como pelo seu desenho Wide Hexagon na traseira, dando-lhe um visual de SUV compacto, complementada ainda pelas jantes de liga leve de 19\u201d com acabamento maquinado em dois tons e a ilumina\u00e7\u00e3o full LED. A paleta de cores \u00e9 composta pelas op\u00e7\u00f5es Volcanic Grey, Crystal White, Sapphire Blue, Sunrise Red ou Onyx Black, que podem ser combinadas com um tejadilho na cor Onyx Black.<\/p>\n\n\n<div class=\"wp-block-image\">\n<figure class=\"alignleft size-large is-resized\"><img decoding=\"async\" width=\"1024\" height=\"768\" src=\"https:\/\/automotiverevista.pt\/wp-content\/uploads\/2026\/01\/26MY_ECLIPSE_CROSS_BEV_HERO_05-1024x768.jpg\" alt=\"\" class=\"wp-image-12235\" style=\"width:500px;height:auto\" srcset=\"https:\/\/automotiverevista.pt\/wp-content\/uploads\/2026\/01\/26MY_ECLIPSE_CROSS_BEV_HERO_05-1024x768.jpg 1024w, https:\/\/automotiverevista.pt\/wp-content\/uploads\/2026\/01\/26MY_ECLIPSE_CROSS_BEV_HERO_05-300x225.jpg 300w, https:\/\/automotiverevista.pt\/wp-content\/uploads\/2026\/01\/26MY_ECLIPSE_CROSS_BEV_HERO_05-768x576.jpg 768w, https:\/\/automotiverevista.pt\/wp-content\/uploads\/2026\/01\/26MY_ECLIPSE_CROSS_BEV_HERO_05-750x563.jpg 750w, https:\/\/automotiverevista.pt\/wp-content\/uploads\/2026\/01\/26MY_ECLIPSE_CROSS_BEV_HERO_05-1140x855.jpg 1140w, https:\/\/automotiverevista.pt\/wp-content\/uploads\/2026\/01\/26MY_ECLIPSE_CROSS_BEV_HERO_05.jpg 1500w\" sizes=\"(max-width: 1024px) 100vw, 1024px\" \/><\/figure>\n<\/div>\n\n\n<p>A Mitsubishi assume a seguran\u00e7a como uma \u00e1rea priorit\u00e1ria. Assim, o novo Eclipse Cross integra materiais de elevada absor\u00e7\u00e3o de energia na sua constru\u00e7\u00e3o e o sistema de bateria integra protocolos de seguran\u00e7a que mitigam riscos em caso de colis\u00e3o. Na ocorr\u00eancia de um embate lateral, os passageiros beneficiam de uma prote\u00e7\u00e3o acrescida pela presen\u00e7a de um airbag dianteiro central.<\/p>\n\n\n\n<p>Destaque tamb\u00e9m para a ampla variedade de sistemas avan\u00e7ados de assist\u00eancia \u00e0 condu\u00e7\u00e3o, que incluem a mais recente tecnologia de sensores da Mitsubishi, com reconhecimento de 360 graus. O novo Eclipse Cross beneficia de uma arquitetura especialmente concebida para otimizar a distribui\u00e7\u00e3o do peso, baixar o centro de gravidade e maximizar o espa\u00e7o do habit\u00e1culo.<\/p>\n\n\n\n<p>O modelo integra um grupo propulsor de alta efici\u00eancia, que inclui uma bateria montada na parte inferior e um motor el\u00e9trico instalado na dianteira, respons\u00e1vel por um elevado bin\u00e1rio a baixas rota\u00e7\u00f5es, manobrabilidade e capacidade de acelera\u00e7\u00e3o.<\/p>\n\n\n\n<p>Em termos de servi\u00e7os p\u00f3s-venda, a Mitsubishi disp\u00f5e de um historial no nosso pa\u00eds, atrav\u00e9s de uma rede de concession\u00e1rios bem implementada em todo o territ\u00f3rio nacional e com longa tradi\u00e7\u00e3o. A Astara Portugal informa que o Eclipse Cross disp\u00f5e de uma garantia alargada de 8 anos da Mitsubishi, que confere uma cobertura extra condicional de 3 anos para al\u00e9m da j\u00e1 referencial garantia de f\u00e1brica de 5 anos da marca.<\/p>\n\n\n\n<p>Com esta garantia, os clientes beneficiar\u00e3o de uma cobertura com uma dura\u00e7\u00e3o de at\u00e9 160 000 km. Um sinal de confian\u00e7a e que refor\u00e7a o compromisso da marca com a qualidade, num mercado cada vez mais competitivo e onde as frotas representam os grandes clientes de ve\u00edculos el\u00e9tricos no nosso pa\u00eds.<\/p>\n\n\n<div class=\"wp-block-image\">\n<figure class=\"aligncenter size-full\"><img decoding=\"async\" width=\"821\" height=\"411\" src=\"https:\/\/automotiverevista.pt\/wp-content\/uploads\/2026\/01\/1-10.jpg\" alt=\"\" class=\"wp-image-12233\" srcset=\"https:\/\/automotiverevista.pt\/wp-content\/uploads\/2026\/01\/1-10.jpg 821w, https:\/\/automotiverevista.pt\/wp-content\/uploads\/2026\/01\/1-10-300x150.jpg 300w, https:\/\/automotiverevista.pt\/wp-content\/uploads\/2026\/01\/1-10-768x384.jpg 768w, https:\/\/automotiverevista.pt\/wp-content\/uploads\/2026\/01\/1-10-360x180.jpg 360w, https:\/\/automotiverevista.pt\/wp-content\/uploads\/2026\/01\/1-10-750x375.jpg 750w\" sizes=\"(max-width: 821px) 100vw, 821px\" \/><\/figure>\n<\/div>","protected":false},"excerpt":{"rendered":"<p>A nova gera\u00e7\u00e3o do Eclipse Cross na vers\u00e3o 100% el\u00e9trica j\u00e1 est\u00e1 dispon\u00edvel em Portugal assente no equipamento intense. Segundo Pedro Louren\u00e7o , novo respons\u00e1vel da Mitsubishi em Portugal, \u201ceste SUV do segmento C, com um motor de 162 kW (220 cv ), utiliza uma bateria de 87 kWh de grande autonomia, o que lhe [&hellip;]<\/p>\n","protected":false},"author":4,"featured_media":12232,"comment_status":"closed","ping_status":"open","sticky":false,"template":"","format":"standard","meta":{"jnews-multi-image_gallery":[],"jnews_single_post":{"format":"standard"},"jnews_primary_category":[],"footnotes":""},"categories":[23],"tags":[],"class_list":["post-12230","post","type-post","status-publish","format-standard","has-post-thumbnail","hentry","category-frotas"],"yoast_head":"<!-- This site is optimized with the Yoast SEO Premium plugin v27.2 (Yoast SEO v27.5) - https:\/\/yoast.com\/product\/yoast-seo-premium-wordpress\/ -->\n<title>Mitsubishi Eclipse Cross \u2013 el\u00e9trico com olhar nas frotas - Revista Automotive<\/title>\n<meta name=\"description\" content=\"A nova gera\u00e7\u00e3o do Eclipse Cross na vers\u00e3o 100% el\u00e9trica j\u00e1 est\u00e1 dispon\u00edvel em Portugal assente no equipamento intense. Segundo Pedro Louren\u00e7o\" \/>\n<meta name=\"robots\" content=\"index, follow, max-snippet:-1, max-image-preview:large, max-video-preview:-1\" \/>\n<link rel=\"canonical\" href=\"https:\/\/automotiverevista.pt\/index.php\/2026\/01\/29\/mitsubishi-eclipse-cross-eletrico-com-olhar-nas-frotas\/\" \/>\n<meta property=\"og:locale\" content=\"pt_PT\" \/>\n<meta property=\"og:type\" content=\"article\" \/>\n<meta property=\"og:title\" content=\"Mitsubishi Eclipse Cross \u2013 el\u00e9trico com olhar nas frotas\" \/>\n<meta property=\"og:description\" content=\"A nova gera\u00e7\u00e3o do Eclipse Cross na vers\u00e3o 100% el\u00e9trica j\u00e1 est\u00e1 dispon\u00edvel em Portugal assente no equipamento intense. Segundo Pedro Louren\u00e7o\" \/>\n<meta property=\"og:url\" content=\"https:\/\/automotiverevista.pt\/index.php\/2026\/01\/29\/mitsubishi-eclipse-cross-eletrico-com-olhar-nas-frotas\/\" \/>\n<meta property=\"og:site_name\" content=\"Revista Automotive\" \/>\n<meta property=\"article:published_time\" content=\"2026-01-29T05:40:00+00:00\" \/>\n<meta property=\"og:image\" content=\"https:\/\/automotiverevista.pt\/wp-content\/uploads\/2026\/01\/11-1.jpg\" \/>\n\t<meta property=\"og:image:width\" content=\"911\" \/>\n\t<meta property=\"og:image:height\" content=\"295\" \/>\n\t<meta property=\"og:image:type\" content=\"image\/jpeg\" \/>\n<meta name=\"author\" content=\"Fatima Silva\" \/>\n<meta name=\"twitter:card\" content=\"summary_large_image\" \/>\n<meta name=\"twitter:label1\" content=\"Escrito por\" \/>\n\t<meta name=\"twitter:data1\" content=\"Fatima Silva\" \/>\n\t<meta name=\"twitter:label2\" content=\"Tempo estimado de leitura\" \/>\n\t<meta name=\"twitter:data2\" content=\"6 minutos\" \/>\n<script type=\"application\/ld+json\" class=\"yoast-schema-graph\">{\"@context\":\"https:\\\/\\\/schema.org\",\"@graph\":[{\"@type\":\"Article\",\"@id\":\"https:\\\/\\\/automotiverevista.pt\\\/index.php\\\/2026\\\/01\\\/29\\\/mitsubishi-eclipse-cross-eletrico-com-olhar-nas-frotas\\\/#article\",\"isPartOf\":{\"@id\":\"https:\\\/\\\/automotiverevista.pt\\\/index.php\\\/2026\\\/01\\\/29\\\/mitsubishi-eclipse-cross-eletrico-com-olhar-nas-frotas\\\/\"},\"author\":{\"name\":\"Fatima Silva\",\"@id\":\"https:\\\/\\\/automotiverevista.pt\\\/#\\\/schema\\\/person\\\/1e95eb12553b8edd256acb00fe6dad4b\"},\"headline\":\"Mitsubishi Eclipse Cross \u2013 el\u00e9trico com olhar nas frotas\",\"datePublished\":\"2026-01-29T05:40:00+00:00\",\"mainEntityOfPage\":{\"@id\":\"https:\\\/\\\/automotiverevista.pt\\\/index.php\\\/2026\\\/01\\\/29\\\/mitsubishi-eclipse-cross-eletrico-com-olhar-nas-frotas\\\/\"},\"wordCount\":878,\"publisher\":{\"@id\":\"https:\\\/\\\/automotiverevista.pt\\\/#organization\"},\"image\":{\"@id\":\"https:\\\/\\\/automotiverevista.pt\\\/index.php\\\/2026\\\/01\\\/29\\\/mitsubishi-eclipse-cross-eletrico-com-olhar-nas-frotas\\\/#primaryimage\"},\"thumbnailUrl\":\"https:\\\/\\\/automotiverevista.pt\\\/wp-content\\\/uploads\\\/2026\\\/01\\\/11-1.jpg\",\"articleSection\":[\"Frotas\"],\"inLanguage\":\"pt-PT\"},{\"@type\":\"WebPage\",\"@id\":\"https:\\\/\\\/automotiverevista.pt\\\/index.php\\\/2026\\\/01\\\/29\\\/mitsubishi-eclipse-cross-eletrico-com-olhar-nas-frotas\\\/\",\"url\":\"https:\\\/\\\/automotiverevista.pt\\\/index.php\\\/2026\\\/01\\\/29\\\/mitsubishi-eclipse-cross-eletrico-com-olhar-nas-frotas\\\/\",\"name\":\"Mitsubishi Eclipse Cross \u2013 el\u00e9trico com olhar nas frotas - Revista Automotive\",\"isPartOf\":{\"@id\":\"https:\\\/\\\/automotiverevista.pt\\\/#website\"},\"primaryImageOfPage\":{\"@id\":\"https:\\\/\\\/automotiverevista.pt\\\/index.php\\\/2026\\\/01\\\/29\\\/mitsubishi-eclipse-cross-eletrico-com-olhar-nas-frotas\\\/#primaryimage\"},\"image\":{\"@id\":\"https:\\\/\\\/automotiverevista.pt\\\/index.php\\\/2026\\\/01\\\/29\\\/mitsubishi-eclipse-cross-eletrico-com-olhar-nas-frotas\\\/#primaryimage\"},\"thumbnailUrl\":\"https:\\\/\\\/automotiverevista.pt\\\/wp-content\\\/uploads\\\/2026\\\/01\\\/11-1.jpg\",\"datePublished\":\"2026-01-29T05:40:00+00:00\",\"description\":\"A nova gera\u00e7\u00e3o do Eclipse Cross na vers\u00e3o 100% el\u00e9trica j\u00e1 est\u00e1 dispon\u00edvel em Portugal assente no equipamento intense. Segundo Pedro Louren\u00e7o\",\"breadcrumb\":{\"@id\":\"https:\\\/\\\/automotiverevista.pt\\\/index.php\\\/2026\\\/01\\\/29\\\/mitsubishi-eclipse-cross-eletrico-com-olhar-nas-frotas\\\/#breadcrumb\"},\"inLanguage\":\"pt-PT\",\"potentialAction\":[{\"@type\":\"ReadAction\",\"target\":[\"https:\\\/\\\/automotiverevista.pt\\\/index.php\\\/2026\\\/01\\\/29\\\/mitsubishi-eclipse-cross-eletrico-com-olhar-nas-frotas\\\/\"]}]},{\"@type\":\"ImageObject\",\"inLanguage\":\"pt-PT\",\"@id\":\"https:\\\/\\\/automotiverevista.pt\\\/index.php\\\/2026\\\/01\\\/29\\\/mitsubishi-eclipse-cross-eletrico-com-olhar-nas-frotas\\\/#primaryimage\",\"url\":\"https:\\\/\\\/automotiverevista.pt\\\/wp-content\\\/uploads\\\/2026\\\/01\\\/11-1.jpg\",\"contentUrl\":\"https:\\\/\\\/automotiverevista.pt\\\/wp-content\\\/uploads\\\/2026\\\/01\\\/11-1.jpg\",\"width\":911,\"height\":295},{\"@type\":\"BreadcrumbList\",\"@id\":\"https:\\\/\\\/automotiverevista.pt\\\/index.php\\\/2026\\\/01\\\/29\\\/mitsubishi-eclipse-cross-eletrico-com-olhar-nas-frotas\\\/#breadcrumb\",\"itemListElement\":[{\"@type\":\"ListItem\",\"position\":1,\"name\":\"Home\",\"item\":\"https:\\\/\\\/automotiverevista.pt\\\/\"},{\"@type\":\"ListItem\",\"position\":2,\"name\":\"Mitsubishi Eclipse Cross \u2013 el\u00e9trico com olhar nas frotas\"}]},{\"@type\":\"WebSite\",\"@id\":\"https:\\\/\\\/automotiverevista.pt\\\/#website\",\"url\":\"https:\\\/\\\/automotiverevista.pt\\\/\",\"name\":\"Revista Automotive\",\"description\":\"Revista Automotive Portugal\",\"publisher\":{\"@id\":\"https:\\\/\\\/automotiverevista.pt\\\/#organization\"},\"potentialAction\":[{\"@type\":\"SearchAction\",\"target\":{\"@type\":\"EntryPoint\",\"urlTemplate\":\"https:\\\/\\\/automotiverevista.pt\\\/?s={search_term_string}\"},\"query-input\":{\"@type\":\"PropertyValueSpecification\",\"valueRequired\":true,\"valueName\":\"search_term_string\"}}],\"inLanguage\":\"pt-PT\"},{\"@type\":\"Organization\",\"@id\":\"https:\\\/\\\/automotiverevista.pt\\\/#organization\",\"name\":\"Revista Automotive Portugal\",\"url\":\"https:\\\/\\\/automotiverevista.pt\\\/\",\"logo\":{\"@type\":\"ImageObject\",\"inLanguage\":\"pt-PT\",\"@id\":\"https:\\\/\\\/automotiverevista.pt\\\/#\\\/schema\\\/logo\\\/image\\\/\",\"url\":\"https:\\\/\\\/automotiverevista.pt\\\/wp-content\\\/uploads\\\/2022\\\/07\\\/Logo-Automotive-2021_500-1.jpg\",\"contentUrl\":\"https:\\\/\\\/automotiverevista.pt\\\/wp-content\\\/uploads\\\/2022\\\/07\\\/Logo-Automotive-2021_500-1.jpg\",\"width\":500,\"height\":160,\"caption\":\"Revista Automotive Portugal\"},\"image\":{\"@id\":\"https:\\\/\\\/automotiverevista.pt\\\/#\\\/schema\\\/logo\\\/image\\\/\"},\"sameAs\":[\"https:\\\/\\\/linkedin.com\\\/in\\\/automotiverevista\"]},{\"@type\":\"Person\",\"@id\":\"https:\\\/\\\/automotiverevista.pt\\\/#\\\/schema\\\/person\\\/1e95eb12553b8edd256acb00fe6dad4b\",\"name\":\"Fatima Silva\",\"image\":{\"@type\":\"ImageObject\",\"inLanguage\":\"pt-PT\",\"@id\":\"https:\\\/\\\/secure.gravatar.com\\\/avatar\\\/4b4a955a9c1b66708ab0dd3bd6181ac1f650299d893bd337a28482f7f19c8511?s=96&d=mm&r=g\",\"url\":\"https:\\\/\\\/secure.gravatar.com\\\/avatar\\\/4b4a955a9c1b66708ab0dd3bd6181ac1f650299d893bd337a28482f7f19c8511?s=96&d=mm&r=g\",\"contentUrl\":\"https:\\\/\\\/secure.gravatar.com\\\/avatar\\\/4b4a955a9c1b66708ab0dd3bd6181ac1f650299d893bd337a28482f7f19c8511?s=96&d=mm&r=g\",\"caption\":\"Fatima Silva\"},\"url\":\"https:\\\/\\\/automotiverevista.pt\\\/index.php\\\/author\\\/fgasparsilva\\\/\"}]}<\/script>\n<!-- \/ Yoast SEO Premium plugin. -->","yoast_head_json":{"title":"Mitsubishi Eclipse Cross \u2013 el\u00e9trico com olhar nas frotas - Revista Automotive","description":"A nova gera\u00e7\u00e3o do Eclipse Cross na vers\u00e3o 100% el\u00e9trica j\u00e1 est\u00e1 dispon\u00edvel em Portugal assente no equipamento intense. Segundo Pedro Louren\u00e7o","robots":{"index":"index","follow":"follow","max-snippet":"max-snippet:-1","max-image-preview":"max-image-preview:large","max-video-preview":"max-video-preview:-1"},"canonical":"https:\/\/automotiverevista.pt\/index.php\/2026\/01\/29\/mitsubishi-eclipse-cross-eletrico-com-olhar-nas-frotas\/","og_locale":"pt_PT","og_type":"article","og_title":"Mitsubishi Eclipse Cross \u2013 el\u00e9trico com olhar nas frotas","og_description":"A nova gera\u00e7\u00e3o do Eclipse Cross na vers\u00e3o 100% el\u00e9trica j\u00e1 est\u00e1 dispon\u00edvel em Portugal assente no equipamento intense. Segundo Pedro Louren\u00e7o","og_url":"https:\/\/automotiverevista.pt\/index.php\/2026\/01\/29\/mitsubishi-eclipse-cross-eletrico-com-olhar-nas-frotas\/","og_site_name":"Revista Automotive","article_published_time":"2026-01-29T05:40:00+00:00","og_image":[{"width":911,"height":295,"url":"https:\/\/automotiverevista.pt\/wp-content\/uploads\/2026\/01\/11-1.jpg","type":"image\/jpeg"}],"author":"Fatima Silva","twitter_card":"summary_large_image","twitter_misc":{"Escrito por":"Fatima Silva","Tempo estimado de leitura":"6 minutos"},"schema":{"@context":"https:\/\/schema.org","@graph":[{"@type":"Article","@id":"https:\/\/automotiverevista.pt\/index.php\/2026\/01\/29\/mitsubishi-eclipse-cross-eletrico-com-olhar-nas-frotas\/#article","isPartOf":{"@id":"https:\/\/automotiverevista.pt\/index.php\/2026\/01\/29\/mitsubishi-eclipse-cross-eletrico-com-olhar-nas-frotas\/"},"author":{"name":"Fatima Silva","@id":"https:\/\/automotiverevista.pt\/#\/schema\/person\/1e95eb12553b8edd256acb00fe6dad4b"},"headline":"Mitsubishi Eclipse Cross \u2013 el\u00e9trico com olhar nas frotas","datePublished":"2026-01-29T05:40:00+00:00","mainEntityOfPage":{"@id":"https:\/\/automotiverevista.pt\/index.php\/2026\/01\/29\/mitsubishi-eclipse-cross-eletrico-com-olhar-nas-frotas\/"},"wordCount":878,"publisher":{"@id":"https:\/\/automotiverevista.pt\/#organization"},"image":{"@id":"https:\/\/automotiverevista.pt\/index.php\/2026\/01\/29\/mitsubishi-eclipse-cross-eletrico-com-olhar-nas-frotas\/#primaryimage"},"thumbnailUrl":"https:\/\/automotiverevista.pt\/wp-content\/uploads\/2026\/01\/11-1.jpg","articleSection":["Frotas"],"inLanguage":"pt-PT"},{"@type":"WebPage","@id":"https:\/\/automotiverevista.pt\/index.php\/2026\/01\/29\/mitsubishi-eclipse-cross-eletrico-com-olhar-nas-frotas\/","url":"https:\/\/automotiverevista.pt\/index.php\/2026\/01\/29\/mitsubishi-eclipse-cross-eletrico-com-olhar-nas-frotas\/","name":"Mitsubishi Eclipse Cross \u2013 el\u00e9trico com olhar nas frotas - Revista Automotive","isPartOf":{"@id":"https:\/\/automotiverevista.pt\/#website"},"primaryImageOfPage":{"@id":"https:\/\/automotiverevista.pt\/index.php\/2026\/01\/29\/mitsubishi-eclipse-cross-eletrico-com-olhar-nas-frotas\/#primaryimage"},"image":{"@id":"https:\/\/automotiverevista.pt\/index.php\/2026\/01\/29\/mitsubishi-eclipse-cross-eletrico-com-olhar-nas-frotas\/#primaryimage"},"thumbnailUrl":"https:\/\/automotiverevista.pt\/wp-content\/uploads\/2026\/01\/11-1.jpg","datePublished":"2026-01-29T05:40:00+00:00","description":"A nova gera\u00e7\u00e3o do Eclipse Cross na vers\u00e3o 100% el\u00e9trica j\u00e1 est\u00e1 dispon\u00edvel em Portugal assente no equipamento intense. Segundo Pedro Louren\u00e7o","breadcrumb":{"@id":"https:\/\/automotiverevista.pt\/index.php\/2026\/01\/29\/mitsubishi-eclipse-cross-eletrico-com-olhar-nas-frotas\/#breadcrumb"},"inLanguage":"pt-PT","potentialAction":[{"@type":"ReadAction","target":["https:\/\/automotiverevista.pt\/index.php\/2026\/01\/29\/mitsubishi-eclipse-cross-eletrico-com-olhar-nas-frotas\/"]}]},{"@type":"ImageObject","inLanguage":"pt-PT","@id":"https:\/\/automotiverevista.pt\/index.php\/2026\/01\/29\/mitsubishi-eclipse-cross-eletrico-com-olhar-nas-frotas\/#primaryimage","url":"https:\/\/automotiverevista.pt\/wp-content\/uploads\/2026\/01\/11-1.jpg","contentUrl":"https:\/\/automotiverevista.pt\/wp-content\/uploads\/2026\/01\/11-1.jpg","width":911,"height":295},{"@type":"BreadcrumbList","@id":"https:\/\/automotiverevista.pt\/index.php\/2026\/01\/29\/mitsubishi-eclipse-cross-eletrico-com-olhar-nas-frotas\/#breadcrumb","itemListElement":[{"@type":"ListItem","position":1,"name":"Home","item":"https:\/\/automotiverevista.pt\/"},{"@type":"ListItem","position":2,"name":"Mitsubishi Eclipse Cross \u2013 el\u00e9trico com olhar nas frotas"}]},{"@type":"WebSite","@id":"https:\/\/automotiverevista.pt\/#website","url":"https:\/\/automotiverevista.pt\/","name":"Revista Automotive","description":"Revista Automotive Portugal","publisher":{"@id":"https:\/\/automotiverevista.pt\/#organization"},"potentialAction":[{"@type":"SearchAction","target":{"@type":"EntryPoint","urlTemplate":"https:\/\/automotiverevista.pt\/?s={search_term_string}"},"query-input":{"@type":"PropertyValueSpecification","valueRequired":true,"valueName":"search_term_string"}}],"inLanguage":"pt-PT"},{"@type":"Organization","@id":"https:\/\/automotiverevista.pt\/#organization","name":"Revista Automotive Portugal","url":"https:\/\/automotiverevista.pt\/","logo":{"@type":"ImageObject","inLanguage":"pt-PT","@id":"https:\/\/automotiverevista.pt\/#\/schema\/logo\/image\/","url":"https:\/\/automotiverevista.pt\/wp-content\/uploads\/2022\/07\/Logo-Automotive-2021_500-1.jpg","contentUrl":"https:\/\/automotiverevista.pt\/wp-content\/uploads\/2022\/07\/Logo-Automotive-2021_500-1.jpg","width":500,"height":160,"caption":"Revista Automotive Portugal"},"image":{"@id":"https:\/\/automotiverevista.pt\/#\/schema\/logo\/image\/"},"sameAs":["https:\/\/linkedin.com\/in\/automotiverevista"]},{"@type":"Person","@id":"https:\/\/automotiverevista.pt\/#\/schema\/person\/1e95eb12553b8edd256acb00fe6dad4b","name":"Fatima Silva","image":{"@type":"ImageObject","inLanguage":"pt-PT","@id":"https:\/\/secure.gravatar.com\/avatar\/4b4a955a9c1b66708ab0dd3bd6181ac1f650299d893bd337a28482f7f19c8511?s=96&d=mm&r=g","url":"https:\/\/secure.gravatar.com\/avatar\/4b4a955a9c1b66708ab0dd3bd6181ac1f650299d893bd337a28482f7f19c8511?s=96&d=mm&r=g","contentUrl":"https:\/\/secure.gravatar.com\/avatar\/4b4a955a9c1b66708ab0dd3bd6181ac1f650299d893bd337a28482f7f19c8511?s=96&d=mm&r=g","caption":"Fatima Silva"},"url":"https:\/\/automotiverevista.pt\/index.php\/author\/fgasparsilva\/"}]}},"_links":{"self":[{"href":"https:\/\/automotiverevista.pt\/index.php\/wp-json\/wp\/v2\/posts\/12230","targetHints":{"allow":["GET"]}}],"collection":[{"href":"https:\/\/automotiverevista.pt\/index.php\/wp-json\/wp\/v2\/posts"}],"about":[{"href":"https:\/\/automotiverevista.pt\/index.php\/wp-json\/wp\/v2\/types\/post"}],"author":[{"embeddable":true,"href":"https:\/\/automotiverevista.pt\/index.php\/wp-json\/wp\/v2\/users\/4"}],"replies":[{"embeddable":true,"href":"https:\/\/automotiverevista.pt\/index.php\/wp-json\/wp\/v2\/comments?post=12230"}],"version-history":[{"count":1,"href":"https:\/\/automotiverevista.pt\/index.php\/wp-json\/wp\/v2\/posts\/12230\/revisions"}],"predecessor-version":[{"id":12237,"href":"https:\/\/automotiverevista.pt\/index.php\/wp-json\/wp\/v2\/posts\/12230\/revisions\/12237"}],"wp:featuredmedia":[{"embeddable":true,"href":"https:\/\/automotiverevista.pt\/index.php\/wp-json\/wp\/v2\/media\/12232"}],"wp:attachment":[{"href":"https:\/\/automotiverevista.pt\/index.php\/wp-json\/wp\/v2\/media?parent=12230"}],"wp:term":[{"taxonomy":"category","embeddable":true,"href":"https:\/\/automotiverevista.pt\/index.php\/wp-json\/wp\/v2\/categories?post=12230"},{"taxonomy":"post_tag","embeddable":true,"href":"https:\/\/automotiverevista.pt\/index.php\/wp-json\/wp\/v2\/tags?post=12230"}],"curies":[{"name":"wp","href":"https:\/\/api.w.org\/{rel}","templated":true}]}}