{"id":12513,"date":"2026-03-09T07:38:00","date_gmt":"2026-03-09T07:38:00","guid":{"rendered":"https:\/\/automotiverevista.pt\/?p=12513"},"modified":"2026-03-01T19:12:21","modified_gmt":"2026-03-01T19:12:21","slug":"jcdecaux-portugal-frota-como-pilar-de-qualidade","status":"publish","type":"post","link":"https:\/\/automotiverevista.pt\/index.php\/2026\/03\/09\/jcdecaux-portugal-frota-como-pilar-de-qualidade\/","title":{"rendered":"JCDecaux Portugal \u2013 frota como pilar de qualidade"},"content":{"rendered":"\n<p>Tudo come\u00e7ou em 1964, quando Jean-Claude Decaux criou o conceito de mobili\u00e1rio urbano, com uma f\u00f3rmula inovadora de servi\u00e7o p\u00fablico financiado por publicidade. Lyon (Fran\u00e7a) foi a primeira cidade do mundo a viver esta revolu\u00e7\u00e3o com a instala\u00e7\u00e3o dos abrigos de passageiros. Nascia a JCDecaux e um novo formato de publicidade, os Mupis.<\/p>\n\n\n\n<p>No ano de 1972, com a expans\u00e3o dos seus neg\u00f3cios, a empresa instala o seu mobili\u00e1rio urbano na cidade de Lisboa.&nbsp; A JCDecaux Portugal torna-se assim a primeira filial num pa\u00eds de l\u00edngua n\u00e3o francesa e o 3\u00ba pa\u00eds do mundo a implementar este tipo de neg\u00f3cio.<\/p>\n\n\n<div class=\"wp-block-image\">\n<figure class=\"aligncenter size-large is-resized\"><img decoding=\"async\" width=\"1024\" height=\"683\" src=\"https:\/\/automotiverevista.pt\/wp-content\/uploads\/2026\/02\/IMG_6379-1024x683.jpg\" alt=\"\" class=\"wp-image-12515\" style=\"width:906px;height:auto\" srcset=\"https:\/\/automotiverevista.pt\/wp-content\/uploads\/2026\/02\/IMG_6379-1024x683.jpg 1024w, https:\/\/automotiverevista.pt\/wp-content\/uploads\/2026\/02\/IMG_6379-300x200.jpg 300w, https:\/\/automotiverevista.pt\/wp-content\/uploads\/2026\/02\/IMG_6379-768x512.jpg 768w, https:\/\/automotiverevista.pt\/wp-content\/uploads\/2026\/02\/IMG_6379-750x500.jpg 750w, https:\/\/automotiverevista.pt\/wp-content\/uploads\/2026\/02\/IMG_6379-1140x760.jpg 1140w, https:\/\/automotiverevista.pt\/wp-content\/uploads\/2026\/02\/IMG_6379.jpg 1500w\" sizes=\"(max-width: 1024px) 100vw, 1024px\" \/><\/figure>\n<\/div>\n\n\n<p>Fomos conhecer a sede e a estrutura operacional da JCDecaux Portugal, onde entrevist\u00e1mos <strong>Joana Charr\u00e3o<\/strong>, diretora de opera\u00e7\u00f5es e <strong>Daniela Benoliel<\/strong> <em>head of<\/em> desenvolvimento sustent\u00e1vel, ambas da JCDecaux.<\/p>\n\n\n\n<p>\u201cPara garantir a manuten\u00e7\u00e3o e opera\u00e7\u00e3o de mais de 15 mil faces de papel e mais de 1.000 ecr\u00e3s digitais, temos uma estrutura abrangente, nas principais regi\u00f5es do pa\u00eds. A nossa presen\u00e7a estende-se de norte a sul, assim como nas Regi\u00f5es Aut\u00f3nomas, com bases operacionais estrategicamente localizadas para servir n\u00e3o s\u00f3 os centros urbanos de Lisboa e Porto, mas tamb\u00e9m os 8 aeroportos, 36 centros comerciais e principais eixos rodovi\u00e1rios onde estamos presentes.<\/p>\n\n\n\n<p>Para tal, temos cerca de 170 viaturas, onde a frota faz parte de um dos nossos pilares de qualidade de servi\u00e7o. \u00a0Sempre que poss\u00edvel optamos por <a href=\"https:\/\/automotiverevista.pt\/index.php\/2025\/12\/02\/ayvens-vence-premio-gestora-de-frotas-2025\/\">solu\u00e7\u00f5es de renting<\/a> apresentadas pelos nossos parceiros externos, mas dadas as carater\u00edsticas da nossa frota, nomeadamente os v<a href=\"https:\/\/www.youtube.com\/c\/AutomotiveRevista\/videos\">e\u00edculos pesados<\/a> e especiais optamos por uma gest\u00e3o interna. Temos uma equipa de frota dedicada a encontrar as melhores solu\u00e7\u00f5es ambientais e financeiras.\u00a0<\/p>\n\n\n<div class=\"wp-block-image\">\n<figure class=\"aligncenter size-large is-resized\"><img decoding=\"async\" width=\"1024\" height=\"683\" src=\"https:\/\/automotiverevista.pt\/wp-content\/uploads\/2026\/02\/IMG_6392-1024x683.jpg\" alt=\"\" class=\"wp-image-12524\" style=\"aspect-ratio:1.499305141949573;width:855px;height:auto\" srcset=\"https:\/\/automotiverevista.pt\/wp-content\/uploads\/2026\/02\/IMG_6392-1024x683.jpg 1024w, https:\/\/automotiverevista.pt\/wp-content\/uploads\/2026\/02\/IMG_6392-300x200.jpg 300w, https:\/\/automotiverevista.pt\/wp-content\/uploads\/2026\/02\/IMG_6392-768x512.jpg 768w, https:\/\/automotiverevista.pt\/wp-content\/uploads\/2026\/02\/IMG_6392-750x500.jpg 750w, https:\/\/automotiverevista.pt\/wp-content\/uploads\/2026\/02\/IMG_6392-1140x760.jpg 1140w, https:\/\/automotiverevista.pt\/wp-content\/uploads\/2026\/02\/IMG_6392.jpg 1500w\" sizes=\"(max-width: 1024px) 100vw, 1024px\" \/><figcaption class=\"wp-element-caption\">Joana Charr\u00e3o (\u00e0 esquerda) e Daniela Benoliel (\u00e0 direita)<\/figcaption><\/figure>\n<\/div>\n\n\n<p><strong>Gest\u00e3o da frota<\/strong><\/p>\n\n\n\n<p>A nossa frota \u00e9 diversificada para responder a diferentes exig\u00eancias. Temos ve\u00edculos ligeiros de passageiros para as equipas comerciais e de gest\u00e3o; uma vasta componente de <a href=\"https:\/\/automotiverevista.pt\/index.php\/2025\/02\/03\/ayvens-veiculos-comerciais-sao-um-pilar-de-crescimento-em-portugal\/\">ve\u00edculos comerciais ligeiros, <\/a>essenciais para as equipas operacionais de manuten\u00e7\u00e3o e limpeza; e ve\u00edculos pesados ou especiais, equipados com gruas e plataformas elevat\u00f3rias para a instala\u00e7\u00e3o e manuten\u00e7\u00e3o de pain\u00e9is de grande formato e infraestruturas digitais.<\/p>\n\n\n\n<p>Trabalhamos com v\u00e1rias marcas, e sendo o setor autom\u00f3vel extraordinariamente vol\u00e1til nos pre\u00e7os que apresentam, tentamos fazer uma negocia\u00e7\u00e3o anual para que possamos garantir a qualidade, mas tamb\u00e9m os<a href=\"https:\/\/automotiverevista.pt\/index.php\/2025\/02\/07\/groupauto-expansao-do-pos-venda-sera-feito-com-as-frotas\/\"> custos financeiros<\/a> das viaturas.<\/p>\n\n\n\n<figure class=\"wp-block-gallery has-nested-images columns-default is-cropped wp-block-gallery-1 is-layout-flex wp-block-gallery-is-layout-flex\">\n<figure class=\"wp-block-image size-large is-resized\"><img decoding=\"async\" width=\"1024\" height=\"683\" data-id=\"12520\" src=\"https:\/\/automotiverevista.pt\/wp-content\/uploads\/2026\/02\/IMG_6436-1024x683.jpg\" alt=\"\" class=\"wp-image-12520\" style=\"width:441px;height:auto\" srcset=\"https:\/\/automotiverevista.pt\/wp-content\/uploads\/2026\/02\/IMG_6436-1024x683.jpg 1024w, https:\/\/automotiverevista.pt\/wp-content\/uploads\/2026\/02\/IMG_6436-300x200.jpg 300w, https:\/\/automotiverevista.pt\/wp-content\/uploads\/2026\/02\/IMG_6436-768x512.jpg 768w, https:\/\/automotiverevista.pt\/wp-content\/uploads\/2026\/02\/IMG_6436-750x500.jpg 750w, https:\/\/automotiverevista.pt\/wp-content\/uploads\/2026\/02\/IMG_6436-1140x760.jpg 1140w, https:\/\/automotiverevista.pt\/wp-content\/uploads\/2026\/02\/IMG_6436.jpg 1500w\" sizes=\"(max-width: 1024px) 100vw, 1024px\" \/><\/figure>\n\n\n\n<figure class=\"wp-block-image size-large is-resized\"><img decoding=\"async\" width=\"1024\" height=\"683\" data-id=\"12525\" src=\"https:\/\/automotiverevista.pt\/wp-content\/uploads\/2026\/02\/IMG_6425-1024x683.jpg\" alt=\"\" class=\"wp-image-12525\" style=\"width:468px;height:auto\" srcset=\"https:\/\/automotiverevista.pt\/wp-content\/uploads\/2026\/02\/IMG_6425-1024x683.jpg 1024w, https:\/\/automotiverevista.pt\/wp-content\/uploads\/2026\/02\/IMG_6425-300x200.jpg 300w, https:\/\/automotiverevista.pt\/wp-content\/uploads\/2026\/02\/IMG_6425-768x512.jpg 768w, https:\/\/automotiverevista.pt\/wp-content\/uploads\/2026\/02\/IMG_6425-750x500.jpg 750w, https:\/\/automotiverevista.pt\/wp-content\/uploads\/2026\/02\/IMG_6425-1140x760.jpg 1140w, https:\/\/automotiverevista.pt\/wp-content\/uploads\/2026\/02\/IMG_6425.jpg 1500w\" sizes=\"(max-width: 1024px) 100vw, 1024px\" \/><\/figure>\n<\/figure>\n\n\n\n<p>Privilegiamos, acima de tudo, a efici\u00eancia energ\u00e9tica, o desempenho ambiental, a autonomia, a seguran\u00e7a e a funcionalidade operacional. Como os nossos t\u00e9cnicos transportam diariamente equipamentos de trabalho, vidros e componentes eletr\u00f3nicos sens\u00edveis, o volume de carga dispon\u00edvel e a ergonomia s\u00e3o fundamentais.<\/p>\n\n\n\n<p>Das marcas autom\u00f3veis, temos tido grande abertura em trabalhar diretamente connosco, at\u00e9 porque a maior parte delas \u00e9 nossa cliente, mas dada a quantidade de marcas existente, torna-se um exerc\u00edcio de grande investimento de tempo. Por isso tentamos resumir esse processo atrav\u00e9s das locadoras, mas estas ainda t\u00eam um caminho muito grande para se tornarem competitivas.<\/p>\n\n\n<div class=\"wp-block-image\">\n<figure class=\"alignleft size-large is-resized\"><img decoding=\"async\" width=\"1024\" height=\"683\" src=\"https:\/\/automotiverevista.pt\/wp-content\/uploads\/2026\/02\/IMG_6404-1-1024x683.jpg\" alt=\"\" class=\"wp-image-12526\" style=\"aspect-ratio:1.4992769690542755;width:423px;height:auto\" srcset=\"https:\/\/automotiverevista.pt\/wp-content\/uploads\/2026\/02\/IMG_6404-1-1024x683.jpg 1024w, https:\/\/automotiverevista.pt\/wp-content\/uploads\/2026\/02\/IMG_6404-1-300x200.jpg 300w, https:\/\/automotiverevista.pt\/wp-content\/uploads\/2026\/02\/IMG_6404-1-768x512.jpg 768w, https:\/\/automotiverevista.pt\/wp-content\/uploads\/2026\/02\/IMG_6404-1-750x500.jpg 750w, https:\/\/automotiverevista.pt\/wp-content\/uploads\/2026\/02\/IMG_6404-1-1140x760.jpg 1140w, https:\/\/automotiverevista.pt\/wp-content\/uploads\/2026\/02\/IMG_6404-1.jpg 1500w\" sizes=\"(max-width: 1024px) 100vw, 1024px\" \/><\/figure>\n<\/div>\n\n\n<p>Em Portugal, as locadoras poderiam apresentar melhores propostas principalmente na gest\u00e3o de frota como um servi\u00e7o integrado, com especializa\u00e7\u00e3o nos <a href=\"https:\/\/www.youtube.com\/c\/AutomotiveRevista\/videos\">ve\u00edculos comerciais ligeiros (<\/a>VCL), bem como nas outras viaturas.<\/p>\n\n\n\n<p>Enquanto JCDecaux, realizamos o investimento no acondicionamento e prepara\u00e7\u00e3o das viaturas para a atividade, bem como no recondicionamento antes de os entregar \u00e0s locadoras. Muitos dos nossos VCL s\u00e3o transformados, tendo uma prepara\u00e7\u00e3o para transportar um sistema com \u00e1gua desmineralizada para podermos realizar a lavagem dos equipamentos. Tudo foi pensado ao pormenor depois tamb\u00e9m poderem acondicionar as ferramentas, os produtos qu\u00edmicos, e os cartazes a trocar, entre outros.<\/p>\n\n\n\n<p>A nossa for\u00e7a operacional \u00e9 parte fundamental do neg\u00f3cio: s\u00e3o as equipas que garantem que o mobili\u00e1rio est\u00e1 limpo, seguro e funcional. Embora tenhamos uma estrutura administrativa e comercial robusta para apoiar as marcas e munic\u00edpios, uma fatia muito significativa da nossa equipa \u00e9 composta por t\u00e9cnicos de montagem, manuten\u00e7\u00e3o, especialistas em afixa\u00e7\u00e3o e, mais recentemente, de t\u00e9cnicos digitais que dependem diariamente da nossa frota para cumprir a sua miss\u00e3o. Contamos atualmente com cerca de 248 colaboradores.<\/p>\n\n\n\n<p><strong>Sustentabilidade tamb\u00e9m na frota<\/strong><\/p>\n\n\n<div class=\"wp-block-image\">\n<figure class=\"aligncenter size-large is-resized\"><img decoding=\"async\" width=\"1024\" height=\"683\" src=\"https:\/\/automotiverevista.pt\/wp-content\/uploads\/2026\/02\/IMG_6416-1024x683.jpg\" alt=\"\" class=\"wp-image-12521\" style=\"width:895px;height:auto\" srcset=\"https:\/\/automotiverevista.pt\/wp-content\/uploads\/2026\/02\/IMG_6416-1024x683.jpg 1024w, https:\/\/automotiverevista.pt\/wp-content\/uploads\/2026\/02\/IMG_6416-300x200.jpg 300w, https:\/\/automotiverevista.pt\/wp-content\/uploads\/2026\/02\/IMG_6416-768x512.jpg 768w, https:\/\/automotiverevista.pt\/wp-content\/uploads\/2026\/02\/IMG_6416-750x500.jpg 750w, https:\/\/automotiverevista.pt\/wp-content\/uploads\/2026\/02\/IMG_6416-1140x760.jpg 1140w, https:\/\/automotiverevista.pt\/wp-content\/uploads\/2026\/02\/IMG_6416.jpg 1500w\" sizes=\"(max-width: 1024px) 100vw, 1024px\" \/><\/figure>\n<\/div>\n\n\n<p>A sustentabilidade est\u00e1 desde sempre no nosso ADN, alicer\u00e7ada no nosso processo de neg\u00f3cio. Em 2025, <strong>reduzimos em 13% as emiss\u00f5es da frota f<\/strong>ace a 2024. &nbsp;O nosso plano \u00e9 ambicioso: sempre que poss\u00edvel, as novas viaturas s\u00e3o h\u00edbridas ou el\u00e9tricas, sendo que neste momento 1\/3 da nossa frota \u00e9 composto por viaturas el\u00e9tricas.<\/p>\n\n\n\n<p>A transforma\u00e7\u00e3o tem vindo a ser gradual e sustentada, equilibrando as necessidades operacionais e pessoais, mas traduzindo-se numa redu\u00e7\u00e3o consistente das emiss\u00f5es. Esta transi\u00e7\u00e3o \u00e9 acompanhada pela utiliza\u00e7\u00e3o de energia 100% verde em todas as nossas instala\u00e7\u00f5es, garantindo que o carregamento da frota tem uma pegada de carbono nula.<\/p>\n\n\n\n<p>Todas as nossas viaturas operacionais s\u00e3o dotadas de sistemas GPS para monitoriza\u00e7\u00e3o e otimiza\u00e7\u00e3o de rotas e comportamentos de condu\u00e7\u00e3o, e estamos j\u00e1 a olhar para solu\u00e7\u00f5es com recurso a AI para otimizar essas rotas, alertar para consumos excessivos e necessidades de manuten\u00e7\u00e3o preventiva das nossas viaturas.<\/p>\n\n\n\n<p>Todas as rotas s\u00e3o pensadas e otimizadas de forma que as viaturas percorram, sempre que poss\u00edvel, o trajeto mais curto. A atribui\u00e7\u00e3o das viaturas \u00e9 igualmente pensada em fun\u00e7\u00e3o das rotas a percorrer.<\/p>\n\n\n\n<p>Esta otimiza\u00e7\u00e3o permite-nos alcan\u00e7ar bons resultados do ponto de vista ambiental, se olharmos para os consumos e ainda do ponto de vista da produtividade. E porque o tipo de condu\u00e7\u00e3o tamb\u00e9m tem impacto, promovemos periodicamente a\u00e7\u00f5es de sensibiliza\u00e7\u00e3o em condu\u00e7\u00e3o defensiva e eco condu\u00e7\u00e3o\u201d.<\/p>\n\n\n\n<p><strong>Aconselhamento nas campanhas<\/strong><\/p>\n\n\n\n<p><strong>Andreia Paulo,<\/strong> diretora de marketing da JCDecaux, acrescenta que \u201cpara os nossos clientes realizamos campanhas desde semanais at\u00e9 \u00e0quelas de longa dura\u00e7\u00e3o (um ano, por exemplo) onde a frota faz o acompanhamento dessas campanhas. Quando fazemos as campanhas j\u00e1 existe a expectativa de determinados resultados e depois no final da campanha fazemos o levantamento dos dados para avali\u00e1-la.<\/p>\n\n\n<div class=\"wp-block-image\">\n<figure class=\"alignleft size-full is-resized\"><img decoding=\"async\" width=\"521\" height=\"423\" src=\"https:\/\/automotiverevista.pt\/wp-content\/uploads\/2026\/02\/image-9.png\" alt=\"\" class=\"wp-image-12519\" style=\"aspect-ratio:1.2316949077556076;width:480px;height:auto\" srcset=\"https:\/\/automotiverevista.pt\/wp-content\/uploads\/2026\/02\/image-9.png 521w, https:\/\/automotiverevista.pt\/wp-content\/uploads\/2026\/02\/image-9-300x244.png 300w\" sizes=\"(max-width: 521px) 100vw, 521px\" \/><\/figure>\n<\/div>\n\n\n<p>Tamb\u00e9m fazemos a avalia\u00e7\u00e3o \u00e0 <em>priori<\/em>, no lado criativo das pe\u00e7as publicit\u00e1rias. Temos ferramentas dentro do grupo JCDecaux, para orientar as pe\u00e7as para uma comunica\u00e7\u00e3o mais eficaz, mediante o objetivo do cliente. Quando recebemos as criatividades, passamos por uma ferramenta que utiliza como base o eye-tracking, para se perceber de que maneira a aten\u00e7\u00e3o se focar\u00e1 nas v\u00e1rias \u00e1reas da pe\u00e7a criativa e comparamos com o benchmark, com base na nossa experi\u00eancia.<\/p>\n\n\n\n<p>Damos assim orienta\u00e7\u00f5es ao anunciante para melhorar a sua campanha e torn\u00e1-la mais eficaz no suporte que estar\u00e1 a comunicar, envolvida no ambiente que a rodeia. \u00c0s vezes <strong>os clientes querem transpor comunica\u00e7\u00f5es do digital para o f\u00edsico<\/strong>, mas o mundo f\u00edsico tem caracter\u00edsticas diferenciadoras e que t\u00eam de ser levadas em conta. Temos todo o interesse que a comunica\u00e7\u00e3o funcione.<\/p>\n\n\n\n<p>O mundo digital est\u00e1 a ficar saturado e por isso h\u00e1 uma necessidade natural das pessoas valorizarem aquilo que seja a experi\u00eancia do f\u00edsico, sem descurar o digital. Ali\u00e1s nas grandes tend\u00eancias dos pr\u00f3ximos tempos a viv\u00eancia f\u00edsica \u00e9 claramente uma delas. A nossa grande vantagem \u00e9 conseguirmos a articula\u00e7\u00e3o do digital no mundo f\u00edsico, ou seja, o digital out-of-home (DOOH) que traz mais valias ao mundo f\u00edsico\u201d, destacou.<\/p>\n\n\n<div class=\"wp-block-image\">\n<figure class=\"alignright size-full is-resized\"><img decoding=\"async\" width=\"911\" height=\"553\" src=\"https:\/\/automotiverevista.pt\/wp-content\/uploads\/2026\/02\/image-8.png\" alt=\"\" class=\"wp-image-12518\" style=\"aspect-ratio:1.6473936101409907;width:462px;height:auto\" srcset=\"https:\/\/automotiverevista.pt\/wp-content\/uploads\/2026\/02\/image-8.png 911w, https:\/\/automotiverevista.pt\/wp-content\/uploads\/2026\/02\/image-8-300x182.png 300w, https:\/\/automotiverevista.pt\/wp-content\/uploads\/2026\/02\/image-8-768x466.png 768w, https:\/\/automotiverevista.pt\/wp-content\/uploads\/2026\/02\/image-8-750x455.png 750w\" sizes=\"(max-width: 911px) 100vw, 911px\" \/><\/figure>\n<\/div>\n\n\n<p><strong>Altera\u00e7\u00e3o das necessidades da frota<\/strong><\/p>\n\n\n\n<p>Joana Charr\u00e3o e Daniela Benoliel, referem tamb\u00e9m que \u201co mercado da publicidade exterior (out-of home OOH) est\u00e1 a tornar-se cada vez mais digital (DOOH) com novas necessidades da frota e das equipas de assist\u00eancia t\u00e9cnica.<\/p>\n\n\n\n<p>A digitaliza\u00e7\u00e3o exige uma frota preparada para uma assist\u00eancia t\u00e9cnica mais especializada. Se antes o foco era a afixa\u00e7\u00e3o de papel, hoje transportamos componentes el\u00e9tricos e eletr\u00f3nicos de alta tecnologia. Isso requer viaturas com melhores condi\u00e7\u00f5es de carga e equipas com forma\u00e7\u00e3o t\u00e9cnica e especializada.<\/p>\n\n\n\n<p>Al\u00e9m disso, a manuten\u00e7\u00e3o remota permite-nos ser mais &#8220;cir\u00fargicos&#8221; nas desloca\u00e7\u00f5es, reduzindo o desgaste da frota e aumentando a vida \u00fatil dos equipamentos. De qualquer forma as nossas equipas sempre vigilantes carecem de viaturas confort\u00e1veis e com autonomias el\u00e9tricas que lhes permitam percorrer semanalmente centenas de kms para garantir que os compromissos assumidos com os nossos clientes s\u00e3o honrados.<\/p>\n\n\n<div class=\"wp-block-image\">\n<figure class=\"alignright size-full\"><img decoding=\"async\" width=\"379\" height=\"663\" src=\"https:\/\/automotiverevista.pt\/wp-content\/uploads\/2026\/02\/image-7.png\" alt=\"\" class=\"wp-image-12517\" srcset=\"https:\/\/automotiverevista.pt\/wp-content\/uploads\/2026\/02\/image-7.png 379w, https:\/\/automotiverevista.pt\/wp-content\/uploads\/2026\/02\/image-7-171x300.png 171w\" sizes=\"(max-width: 379px) 100vw, 379px\" \/><\/figure>\n<\/div>\n\n\n<p><strong>Desafios para os pr\u00f3ximos anos<\/strong><\/p>\n\n\n\n<p>O maior desafio \u00e9 a transi\u00e7\u00e3o energ\u00e9tica versus as infraestruturas. Embora estejamos totalmente comprometidos com a eletrifica\u00e7\u00e3o da frota, a rede de carregamento p\u00fablico e a autonomia das baterias das viaturas de mercadorias ainda precisam de evoluir.<\/p>\n\n\n\n<p>Al\u00e9m disso, a gest\u00e3o de custos operacionais face \u00e0 volatilidade da energia exige um acompanhamento constante do mercado para mantermos a nossa competitividade e o compromisso com o Net Zero at\u00e9 2050. Por isso, continuaremos a apostar numa transi\u00e7\u00e3o gradual e sustentada at\u00e9 porque a nossa hist\u00f3ria em Portugal funde-se com a pr\u00f3pria evolu\u00e7\u00e3o das cidades.<\/p>\n\n\n\n<p>Come\u00e7\u00e1mos com um conceito diferenciador do nosso fundador Jean-Claude Decaux para mudar os espa\u00e7os p\u00fablicos: o mobili\u00e1rio urbano e servi\u00e7os aos cidad\u00e3os de excel\u00eancia, financiados pela publicidade. O resultado foi uma transforma\u00e7\u00e3o profunda nestes mais de 60 anos de exist\u00eancia no mundo. Pass\u00e1mos de um operador de cartazes de papel para um &#8220;City Provider&#8221; inovador e tecnol\u00f3gico, acompanhando o ritmo de um Portugal que se modernizou.<\/p>\n\n\n\n<p>Hoje, gerimos uma rede vasta que inclui desde os tradicionais abrigos de passageiros (paragens de autocarros), que oferecem conforto di\u00e1rio a milhares de pessoas, at\u00e9 solu\u00e7\u00f5es de equipamentos digitais (DOOH), mantendo sempre o foco no design e no servi\u00e7o p\u00fablico, o que nos permite manter a nossa lideran\u00e7a.<\/p>\n\n\n\n<p>Ao celebrarmos 53 anos em Portugal, olhamos para o futuro com a mesma energia que come\u00e7amos e estamos prontos para continuar a inovar e a servir as cidades e as popula\u00e7\u00f5es portuguesas\u201d, conclu\u00edram Joana Charr\u00e3o e Daniela Benoliel.<\/p>\n","protected":false},"excerpt":{"rendered":"<p>Tudo come\u00e7ou em 1964, quando Jean-Claude Decaux criou o conceito de mobili\u00e1rio urbano, com uma f\u00f3rmula inovadora de servi\u00e7o p\u00fablico financiado por publicidade. Lyon (Fran\u00e7a) foi a primeira cidade do mundo a viver esta revolu\u00e7\u00e3o com a instala\u00e7\u00e3o dos abrigos de passageiros. Nascia a JCDecaux e um novo formato de publicidade, os Mupis. No ano [&hellip;]<\/p>\n","protected":false},"author":4,"featured_media":12514,"comment_status":"closed","ping_status":"open","sticky":false,"template":"","format":"standard","meta":{"jnews-multi-image_gallery":[],"jnews_single_post":{"format":"standard"},"jnews_primary_category":[],"footnotes":""},"categories":[23],"tags":[],"class_list":["post-12513","post","type-post","status-publish","format-standard","has-post-thumbnail","hentry","category-frotas"],"yoast_head":"<!-- This site is optimized with the Yoast SEO Premium plugin v27.2 (Yoast SEO v27.5) - https:\/\/yoast.com\/product\/yoast-seo-premium-wordpress\/ -->\n<title>JCDecaux Portugal \u2013 frota como pilar de qualidade - Revista Automotive<\/title>\n<meta name=\"description\" content=\"Tudo come\u00e7ou em 1964, quando Jean-Claude Decaux criou o conceito de mobili\u00e1rio urbano, com uma f\u00f3rmula inovadora de servi\u00e7o p\u00fablico financiad\" \/>\n<meta name=\"robots\" content=\"index, follow, max-snippet:-1, max-image-preview:large, max-video-preview:-1\" \/>\n<link rel=\"canonical\" href=\"https:\/\/automotiverevista.pt\/index.php\/2026\/03\/09\/jcdecaux-portugal-frota-como-pilar-de-qualidade\/\" \/>\n<meta property=\"og:locale\" content=\"pt_PT\" \/>\n<meta property=\"og:type\" content=\"article\" \/>\n<meta property=\"og:title\" content=\"JCDecaux Portugal \u2013 frota como pilar de qualidade\" \/>\n<meta property=\"og:description\" content=\"Tudo come\u00e7ou em 1964, quando Jean-Claude Decaux criou o conceito de mobili\u00e1rio urbano, com uma f\u00f3rmula inovadora de servi\u00e7o p\u00fablico financiad\" \/>\n<meta property=\"og:url\" content=\"https:\/\/automotiverevista.pt\/index.php\/2026\/03\/09\/jcdecaux-portugal-frota-como-pilar-de-qualidade\/\" \/>\n<meta property=\"og:site_name\" content=\"Revista Automotive\" \/>\n<meta property=\"article:published_time\" content=\"2026-03-09T07:38:00+00:00\" \/>\n<meta property=\"og:image\" content=\"https:\/\/automotiverevista.pt\/wp-content\/uploads\/2026\/02\/IMG_6424.jpg\" \/>\n\t<meta property=\"og:image:width\" content=\"1500\" \/>\n\t<meta property=\"og:image:height\" content=\"1000\" \/>\n\t<meta property=\"og:image:type\" content=\"image\/jpeg\" \/>\n<meta name=\"author\" content=\"Fatima Silva\" \/>\n<meta name=\"twitter:card\" content=\"summary_large_image\" \/>\n<meta name=\"twitter:label1\" content=\"Escrito por\" \/>\n\t<meta name=\"twitter:data1\" content=\"Fatima Silva\" \/>\n\t<meta name=\"twitter:label2\" content=\"Tempo estimado de leitura\" \/>\n\t<meta name=\"twitter:data2\" content=\"11 minutos\" \/>\n<script type=\"application\/ld+json\" class=\"yoast-schema-graph\">{\"@context\":\"https:\\\/\\\/schema.org\",\"@graph\":[{\"@type\":\"Article\",\"@id\":\"https:\\\/\\\/automotiverevista.pt\\\/index.php\\\/2026\\\/03\\\/09\\\/jcdecaux-portugal-frota-como-pilar-de-qualidade\\\/#article\",\"isPartOf\":{\"@id\":\"https:\\\/\\\/automotiverevista.pt\\\/index.php\\\/2026\\\/03\\\/09\\\/jcdecaux-portugal-frota-como-pilar-de-qualidade\\\/\"},\"author\":{\"name\":\"Fatima Silva\",\"@id\":\"https:\\\/\\\/automotiverevista.pt\\\/#\\\/schema\\\/person\\\/1e95eb12553b8edd256acb00fe6dad4b\"},\"headline\":\"JCDecaux Portugal \u2013 frota como pilar de qualidade\",\"datePublished\":\"2026-03-09T07:38:00+00:00\",\"mainEntityOfPage\":{\"@id\":\"https:\\\/\\\/automotiverevista.pt\\\/index.php\\\/2026\\\/03\\\/09\\\/jcdecaux-portugal-frota-como-pilar-de-qualidade\\\/\"},\"wordCount\":1713,\"publisher\":{\"@id\":\"https:\\\/\\\/automotiverevista.pt\\\/#organization\"},\"image\":{\"@id\":\"https:\\\/\\\/automotiverevista.pt\\\/index.php\\\/2026\\\/03\\\/09\\\/jcdecaux-portugal-frota-como-pilar-de-qualidade\\\/#primaryimage\"},\"thumbnailUrl\":\"https:\\\/\\\/automotiverevista.pt\\\/wp-content\\\/uploads\\\/2026\\\/02\\\/IMG_6424.jpg\",\"articleSection\":[\"Frotas\"],\"inLanguage\":\"pt-PT\"},{\"@type\":\"WebPage\",\"@id\":\"https:\\\/\\\/automotiverevista.pt\\\/index.php\\\/2026\\\/03\\\/09\\\/jcdecaux-portugal-frota-como-pilar-de-qualidade\\\/\",\"url\":\"https:\\\/\\\/automotiverevista.pt\\\/index.php\\\/2026\\\/03\\\/09\\\/jcdecaux-portugal-frota-como-pilar-de-qualidade\\\/\",\"name\":\"JCDecaux Portugal \u2013 frota como pilar de qualidade - Revista Automotive\",\"isPartOf\":{\"@id\":\"https:\\\/\\\/automotiverevista.pt\\\/#website\"},\"primaryImageOfPage\":{\"@id\":\"https:\\\/\\\/automotiverevista.pt\\\/index.php\\\/2026\\\/03\\\/09\\\/jcdecaux-portugal-frota-como-pilar-de-qualidade\\\/#primaryimage\"},\"image\":{\"@id\":\"https:\\\/\\\/automotiverevista.pt\\\/index.php\\\/2026\\\/03\\\/09\\\/jcdecaux-portugal-frota-como-pilar-de-qualidade\\\/#primaryimage\"},\"thumbnailUrl\":\"https:\\\/\\\/automotiverevista.pt\\\/wp-content\\\/uploads\\\/2026\\\/02\\\/IMG_6424.jpg\",\"datePublished\":\"2026-03-09T07:38:00+00:00\",\"description\":\"Tudo come\u00e7ou em 1964, quando Jean-Claude Decaux criou o conceito de mobili\u00e1rio urbano, com uma f\u00f3rmula inovadora de servi\u00e7o p\u00fablico financiad\",\"breadcrumb\":{\"@id\":\"https:\\\/\\\/automotiverevista.pt\\\/index.php\\\/2026\\\/03\\\/09\\\/jcdecaux-portugal-frota-como-pilar-de-qualidade\\\/#breadcrumb\"},\"inLanguage\":\"pt-PT\",\"potentialAction\":[{\"@type\":\"ReadAction\",\"target\":[\"https:\\\/\\\/automotiverevista.pt\\\/index.php\\\/2026\\\/03\\\/09\\\/jcdecaux-portugal-frota-como-pilar-de-qualidade\\\/\"]}]},{\"@type\":\"ImageObject\",\"inLanguage\":\"pt-PT\",\"@id\":\"https:\\\/\\\/automotiverevista.pt\\\/index.php\\\/2026\\\/03\\\/09\\\/jcdecaux-portugal-frota-como-pilar-de-qualidade\\\/#primaryimage\",\"url\":\"https:\\\/\\\/automotiverevista.pt\\\/wp-content\\\/uploads\\\/2026\\\/02\\\/IMG_6424.jpg\",\"contentUrl\":\"https:\\\/\\\/automotiverevista.pt\\\/wp-content\\\/uploads\\\/2026\\\/02\\\/IMG_6424.jpg\",\"width\":1500,\"height\":1000},{\"@type\":\"BreadcrumbList\",\"@id\":\"https:\\\/\\\/automotiverevista.pt\\\/index.php\\\/2026\\\/03\\\/09\\\/jcdecaux-portugal-frota-como-pilar-de-qualidade\\\/#breadcrumb\",\"itemListElement\":[{\"@type\":\"ListItem\",\"position\":1,\"name\":\"Home\",\"item\":\"https:\\\/\\\/automotiverevista.pt\\\/\"},{\"@type\":\"ListItem\",\"position\":2,\"name\":\"JCDecaux Portugal \u2013 frota como pilar de qualidade\"}]},{\"@type\":\"WebSite\",\"@id\":\"https:\\\/\\\/automotiverevista.pt\\\/#website\",\"url\":\"https:\\\/\\\/automotiverevista.pt\\\/\",\"name\":\"Revista Automotive\",\"description\":\"Revista Automotive Portugal\",\"publisher\":{\"@id\":\"https:\\\/\\\/automotiverevista.pt\\\/#organization\"},\"potentialAction\":[{\"@type\":\"SearchAction\",\"target\":{\"@type\":\"EntryPoint\",\"urlTemplate\":\"https:\\\/\\\/automotiverevista.pt\\\/?s={search_term_string}\"},\"query-input\":{\"@type\":\"PropertyValueSpecification\",\"valueRequired\":true,\"valueName\":\"search_term_string\"}}],\"inLanguage\":\"pt-PT\"},{\"@type\":\"Organization\",\"@id\":\"https:\\\/\\\/automotiverevista.pt\\\/#organization\",\"name\":\"Revista Automotive Portugal\",\"url\":\"https:\\\/\\\/automotiverevista.pt\\\/\",\"logo\":{\"@type\":\"ImageObject\",\"inLanguage\":\"pt-PT\",\"@id\":\"https:\\\/\\\/automotiverevista.pt\\\/#\\\/schema\\\/logo\\\/image\\\/\",\"url\":\"https:\\\/\\\/automotiverevista.pt\\\/wp-content\\\/uploads\\\/2022\\\/07\\\/Logo-Automotive-2021_500-1.jpg\",\"contentUrl\":\"https:\\\/\\\/automotiverevista.pt\\\/wp-content\\\/uploads\\\/2022\\\/07\\\/Logo-Automotive-2021_500-1.jpg\",\"width\":500,\"height\":160,\"caption\":\"Revista Automotive Portugal\"},\"image\":{\"@id\":\"https:\\\/\\\/automotiverevista.pt\\\/#\\\/schema\\\/logo\\\/image\\\/\"},\"sameAs\":[\"https:\\\/\\\/linkedin.com\\\/in\\\/automotiverevista\"]},{\"@type\":\"Person\",\"@id\":\"https:\\\/\\\/automotiverevista.pt\\\/#\\\/schema\\\/person\\\/1e95eb12553b8edd256acb00fe6dad4b\",\"name\":\"Fatima Silva\",\"image\":{\"@type\":\"ImageObject\",\"inLanguage\":\"pt-PT\",\"@id\":\"https:\\\/\\\/secure.gravatar.com\\\/avatar\\\/4b4a955a9c1b66708ab0dd3bd6181ac1f650299d893bd337a28482f7f19c8511?s=96&d=mm&r=g\",\"url\":\"https:\\\/\\\/secure.gravatar.com\\\/avatar\\\/4b4a955a9c1b66708ab0dd3bd6181ac1f650299d893bd337a28482f7f19c8511?s=96&d=mm&r=g\",\"contentUrl\":\"https:\\\/\\\/secure.gravatar.com\\\/avatar\\\/4b4a955a9c1b66708ab0dd3bd6181ac1f650299d893bd337a28482f7f19c8511?s=96&d=mm&r=g\",\"caption\":\"Fatima Silva\"},\"url\":\"https:\\\/\\\/automotiverevista.pt\\\/index.php\\\/author\\\/fgasparsilva\\\/\"}]}<\/script>\n<!-- \/ Yoast SEO Premium plugin. -->","yoast_head_json":{"title":"JCDecaux Portugal \u2013 frota como pilar de qualidade - Revista Automotive","description":"Tudo come\u00e7ou em 1964, quando Jean-Claude Decaux criou o conceito de mobili\u00e1rio urbano, com uma f\u00f3rmula inovadora de servi\u00e7o p\u00fablico financiad","robots":{"index":"index","follow":"follow","max-snippet":"max-snippet:-1","max-image-preview":"max-image-preview:large","max-video-preview":"max-video-preview:-1"},"canonical":"https:\/\/automotiverevista.pt\/index.php\/2026\/03\/09\/jcdecaux-portugal-frota-como-pilar-de-qualidade\/","og_locale":"pt_PT","og_type":"article","og_title":"JCDecaux Portugal \u2013 frota como pilar de qualidade","og_description":"Tudo come\u00e7ou em 1964, quando Jean-Claude Decaux criou o conceito de mobili\u00e1rio urbano, com uma f\u00f3rmula inovadora de servi\u00e7o p\u00fablico financiad","og_url":"https:\/\/automotiverevista.pt\/index.php\/2026\/03\/09\/jcdecaux-portugal-frota-como-pilar-de-qualidade\/","og_site_name":"Revista Automotive","article_published_time":"2026-03-09T07:38:00+00:00","og_image":[{"width":1500,"height":1000,"url":"https:\/\/automotiverevista.pt\/wp-content\/uploads\/2026\/02\/IMG_6424.jpg","type":"image\/jpeg"}],"author":"Fatima Silva","twitter_card":"summary_large_image","twitter_misc":{"Escrito por":"Fatima Silva","Tempo estimado de leitura":"11 minutos"},"schema":{"@context":"https:\/\/schema.org","@graph":[{"@type":"Article","@id":"https:\/\/automotiverevista.pt\/index.php\/2026\/03\/09\/jcdecaux-portugal-frota-como-pilar-de-qualidade\/#article","isPartOf":{"@id":"https:\/\/automotiverevista.pt\/index.php\/2026\/03\/09\/jcdecaux-portugal-frota-como-pilar-de-qualidade\/"},"author":{"name":"Fatima Silva","@id":"https:\/\/automotiverevista.pt\/#\/schema\/person\/1e95eb12553b8edd256acb00fe6dad4b"},"headline":"JCDecaux Portugal \u2013 frota como pilar de qualidade","datePublished":"2026-03-09T07:38:00+00:00","mainEntityOfPage":{"@id":"https:\/\/automotiverevista.pt\/index.php\/2026\/03\/09\/jcdecaux-portugal-frota-como-pilar-de-qualidade\/"},"wordCount":1713,"publisher":{"@id":"https:\/\/automotiverevista.pt\/#organization"},"image":{"@id":"https:\/\/automotiverevista.pt\/index.php\/2026\/03\/09\/jcdecaux-portugal-frota-como-pilar-de-qualidade\/#primaryimage"},"thumbnailUrl":"https:\/\/automotiverevista.pt\/wp-content\/uploads\/2026\/02\/IMG_6424.jpg","articleSection":["Frotas"],"inLanguage":"pt-PT"},{"@type":"WebPage","@id":"https:\/\/automotiverevista.pt\/index.php\/2026\/03\/09\/jcdecaux-portugal-frota-como-pilar-de-qualidade\/","url":"https:\/\/automotiverevista.pt\/index.php\/2026\/03\/09\/jcdecaux-portugal-frota-como-pilar-de-qualidade\/","name":"JCDecaux Portugal \u2013 frota como pilar de qualidade - Revista Automotive","isPartOf":{"@id":"https:\/\/automotiverevista.pt\/#website"},"primaryImageOfPage":{"@id":"https:\/\/automotiverevista.pt\/index.php\/2026\/03\/09\/jcdecaux-portugal-frota-como-pilar-de-qualidade\/#primaryimage"},"image":{"@id":"https:\/\/automotiverevista.pt\/index.php\/2026\/03\/09\/jcdecaux-portugal-frota-como-pilar-de-qualidade\/#primaryimage"},"thumbnailUrl":"https:\/\/automotiverevista.pt\/wp-content\/uploads\/2026\/02\/IMG_6424.jpg","datePublished":"2026-03-09T07:38:00+00:00","description":"Tudo come\u00e7ou em 1964, quando Jean-Claude Decaux criou o conceito de mobili\u00e1rio urbano, com uma f\u00f3rmula inovadora de servi\u00e7o p\u00fablico financiad","breadcrumb":{"@id":"https:\/\/automotiverevista.pt\/index.php\/2026\/03\/09\/jcdecaux-portugal-frota-como-pilar-de-qualidade\/#breadcrumb"},"inLanguage":"pt-PT","potentialAction":[{"@type":"ReadAction","target":["https:\/\/automotiverevista.pt\/index.php\/2026\/03\/09\/jcdecaux-portugal-frota-como-pilar-de-qualidade\/"]}]},{"@type":"ImageObject","inLanguage":"pt-PT","@id":"https:\/\/automotiverevista.pt\/index.php\/2026\/03\/09\/jcdecaux-portugal-frota-como-pilar-de-qualidade\/#primaryimage","url":"https:\/\/automotiverevista.pt\/wp-content\/uploads\/2026\/02\/IMG_6424.jpg","contentUrl":"https:\/\/automotiverevista.pt\/wp-content\/uploads\/2026\/02\/IMG_6424.jpg","width":1500,"height":1000},{"@type":"BreadcrumbList","@id":"https:\/\/automotiverevista.pt\/index.php\/2026\/03\/09\/jcdecaux-portugal-frota-como-pilar-de-qualidade\/#breadcrumb","itemListElement":[{"@type":"ListItem","position":1,"name":"Home","item":"https:\/\/automotiverevista.pt\/"},{"@type":"ListItem","position":2,"name":"JCDecaux Portugal \u2013 frota como pilar de qualidade"}]},{"@type":"WebSite","@id":"https:\/\/automotiverevista.pt\/#website","url":"https:\/\/automotiverevista.pt\/","name":"Revista Automotive","description":"Revista Automotive Portugal","publisher":{"@id":"https:\/\/automotiverevista.pt\/#organization"},"potentialAction":[{"@type":"SearchAction","target":{"@type":"EntryPoint","urlTemplate":"https:\/\/automotiverevista.pt\/?s={search_term_string}"},"query-input":{"@type":"PropertyValueSpecification","valueRequired":true,"valueName":"search_term_string"}}],"inLanguage":"pt-PT"},{"@type":"Organization","@id":"https:\/\/automotiverevista.pt\/#organization","name":"Revista Automotive Portugal","url":"https:\/\/automotiverevista.pt\/","logo":{"@type":"ImageObject","inLanguage":"pt-PT","@id":"https:\/\/automotiverevista.pt\/#\/schema\/logo\/image\/","url":"https:\/\/automotiverevista.pt\/wp-content\/uploads\/2022\/07\/Logo-Automotive-2021_500-1.jpg","contentUrl":"https:\/\/automotiverevista.pt\/wp-content\/uploads\/2022\/07\/Logo-Automotive-2021_500-1.jpg","width":500,"height":160,"caption":"Revista Automotive Portugal"},"image":{"@id":"https:\/\/automotiverevista.pt\/#\/schema\/logo\/image\/"},"sameAs":["https:\/\/linkedin.com\/in\/automotiverevista"]},{"@type":"Person","@id":"https:\/\/automotiverevista.pt\/#\/schema\/person\/1e95eb12553b8edd256acb00fe6dad4b","name":"Fatima Silva","image":{"@type":"ImageObject","inLanguage":"pt-PT","@id":"https:\/\/secure.gravatar.com\/avatar\/4b4a955a9c1b66708ab0dd3bd6181ac1f650299d893bd337a28482f7f19c8511?s=96&d=mm&r=g","url":"https:\/\/secure.gravatar.com\/avatar\/4b4a955a9c1b66708ab0dd3bd6181ac1f650299d893bd337a28482f7f19c8511?s=96&d=mm&r=g","contentUrl":"https:\/\/secure.gravatar.com\/avatar\/4b4a955a9c1b66708ab0dd3bd6181ac1f650299d893bd337a28482f7f19c8511?s=96&d=mm&r=g","caption":"Fatima Silva"},"url":"https:\/\/automotiverevista.pt\/index.php\/author\/fgasparsilva\/"}]}},"_links":{"self":[{"href":"https:\/\/automotiverevista.pt\/index.php\/wp-json\/wp\/v2\/posts\/12513","targetHints":{"allow":["GET"]}}],"collection":[{"href":"https:\/\/automotiverevista.pt\/index.php\/wp-json\/wp\/v2\/posts"}],"about":[{"href":"https:\/\/automotiverevista.pt\/index.php\/wp-json\/wp\/v2\/types\/post"}],"author":[{"embeddable":true,"href":"https:\/\/automotiverevista.pt\/index.php\/wp-json\/wp\/v2\/users\/4"}],"replies":[{"embeddable":true,"href":"https:\/\/automotiverevista.pt\/index.php\/wp-json\/wp\/v2\/comments?post=12513"}],"version-history":[{"count":1,"href":"https:\/\/automotiverevista.pt\/index.php\/wp-json\/wp\/v2\/posts\/12513\/revisions"}],"predecessor-version":[{"id":12527,"href":"https:\/\/automotiverevista.pt\/index.php\/wp-json\/wp\/v2\/posts\/12513\/revisions\/12527"}],"wp:featuredmedia":[{"embeddable":true,"href":"https:\/\/automotiverevista.pt\/index.php\/wp-json\/wp\/v2\/media\/12514"}],"wp:attachment":[{"href":"https:\/\/automotiverevista.pt\/index.php\/wp-json\/wp\/v2\/media?parent=12513"}],"wp:term":[{"taxonomy":"category","embeddable":true,"href":"https:\/\/automotiverevista.pt\/index.php\/wp-json\/wp\/v2\/categories?post=12513"},{"taxonomy":"post_tag","embeddable":true,"href":"https:\/\/automotiverevista.pt\/index.php\/wp-json\/wp\/v2\/tags?post=12513"}],"curies":[{"name":"wp","href":"https:\/\/api.w.org\/{rel}","templated":true}]}}